{"id":1575,"date":"2012-02-15T16:43:17","date_gmt":"2012-02-15T15:43:17","guid":{"rendered":"http:\/\/lyonbondyblog.fr\/LBB\/?p=1575"},"modified":"2013-07-25T16:46:53","modified_gmt":"2013-07-25T14:46:53","slug":"atd-quart-monde-ordiphabetisme-et-acces-a-internet","status":"publish","type":"post","link":"https:\/\/lyonbondyblog.fr\/LBB\/atd-quart-monde-ordiphabetisme-et-acces-a-internet\/","title":{"rendered":"ATD Quart monde , ordiphab\u00e8tisme et acc\u00e8s \u00e0 Internet"},"content":{"rendered":"<p><strong>De passage \u00e0 P\u00f4le Emploi, j\u2019entends un jeune homme, d\u2019une vingtaine d\u2019ann\u00e9es, demander une attestation de paiement \u00e0 la personne charg\u00e9e de l\u2019accueil. Cette derni\u00e8re, lui r\u00e9pond de se servir de l\u2019ordinateur et de l\u2019imprimante qui sont en libre-service. Toutefois, le jeune homme, un peu g\u00ean\u00e9, lui r\u00e9pond\u00a0: \u00ab\u00a0Je ne sais pas m\u2019en servir\u00a0\u00bb.<\/strong><\/p>\n<div><img decoding=\"async\" class=\"alignright\" alt=\" -- Cliquez pour voir l'image en entier\" src=\"http:\/\/yahoo.lyon.bondyblog.fr\/images\/LogoRVB_oct17_t.jpg\" border=\"0\" \/><\/div>\n<div><\/div>\n<p>La charg\u00e9e d\u2019accueil insiste\u00a0:\u00a0\u00ab\u00a0<i>C\u2019est simple, c\u2019est comme lorsque vous vous servez de Facebook ou autre\u00a0<\/i>\u00bb. Le jeune homme lui r\u00e9torque de nouveau\u00a0:\u00a0\u00ab\u00a0<i>Je ne sais pas m\u2019en servir<\/i>\u00a0\u00bb et la dame, grima\u00e7ant car croyant que le jeune se moque d\u2019elle, lui dit\u00a0:\u00a0\u00ab\u00a0<i>Comment faites-vous habituellement\u00a0?\u00a0<\/i>\u00bb, il r\u00e9pond\u00a0:\u00a0\u00ab<i> Je demande \u00e0 ma m\u00e8re<\/i>\u00a0\u00bb puis s\u2019en va.<\/p>\n<p>Je le rattrape alors, lui proposant de l\u2019aider \u00e0 le faire, mais il me r\u00e9pond\u00a0:\u00a0\u00ab\u00a0<i>Merci, mais c\u2019est bon ma m\u00e8re le fera, je suis tomb\u00e9 sur une conne\u2026\u00a0!!!<\/i>\u00a0\u00bb.<\/p>\n<p>Je venais de comprendre qu\u2019il y a des analphab\u00e8tes, mais aussi des ordiphab\u00e9tes, petit nom que je pourrais donner \u00e0 des personnes ne sachant pas se servir d\u2019un ordinateur.<\/p>\n<p>Cet \u00e9pisode me fait alors penser que se tient, le soir m\u00eame, une rencontre avec ATD quart monde organis\u00e9e par Mich\u00e8le Ferrand de l\u2019association doc-forum afin d\u2019\u00e9changer sur l\u2019exp\u00e9rience du projet Internet d\u00e9but\u00e9e il y a un an, dans le nord de la France, projet qui a \u00e9t\u00e9 financ\u00e9 \u00e0 hauteur de 80% par l\u2019Union Europ\u00e9enne, l\u2019Etat et la R\u00e9gion, le but de ce projet est de d\u00e9velopper l\u2019acc\u00e8s de populations tr\u00e8s d\u00e9favoris\u00e9es \u00e0 l\u2019information, aux services publics en ligne et \u00e0 la prise de parole sur Internet pour peser sur le d\u00e9bat local, r\u00e9gional et national.<\/p>\n<p>Ainsi, lors de cette rencontre, se pr\u00e9sente, comme faisant partie des b\u00e9n\u00e9ficiaires de ce projet, Ga\u00ebtane, 39 ans, m\u00e8re de cinq enfants et d\u00e9j\u00e0 grand-m\u00e8re, elle raconte\u00a0: \u00ab\u00a0<i>Avant, je ne savais m\u00eame pas ce qu\u2019\u00e9tait une touche d\u2019ordinateur, maintenant j\u2019ai termin\u00e9 l\u2019atelier internet et je commence la formation vid\u00e9o, je suis contente car d\u00e9sormais je peux surfer sur Facebook et surtout aider mes enfants \u00e0 faire leurs devoirs\u2026\u00a0<\/i>\u00bb Puis elle nous raconte ses d\u00e9buts \u00e0 ATD Quart Monde, via l\u2019Universit\u00e9 populaire qui est un lieu d\u2019\u00e9change, et d\u00e9plore que l\u2019acc\u00e8s \u00e0 internet par l\u2019interm\u00e9diaire de formations gratuites, voir payantes (pour un euro symbolique par exemple) soit si peu r\u00e9pandu. Elle indique aussi qu\u2019elle doit se rendre dans des cybers caf\u00e9 pour acc\u00e9der au net et que c\u2019est couteux. Toutefois, elle est ravie de nous dire qu\u2019elle peut suivre l\u2019actualit\u00e9 de sa r\u00e9gion par les diverses activit\u00e9s et conf\u00e9rences qui s\u2019y d\u00e9roulent. Elle ajoute enfin qu\u2019elle n\u2019a connu qu\u2019une seule personne qui a abandonn\u00e9 le projet, en effet, cette derni\u00e8re ne voyait aucun int\u00e9r\u00eat au projet, faute de moyens pour celle-ci de pouvoir s\u2019acheter un ordinateur.<\/p>\n<p>Puis intervient et r\u00e9agit un membre du personnel de la biblioth\u00e8que de Jean Mac\u00e9 (Lyon 7\u00e8me) en rappelant que l\u2019acc\u00e8s \u00e0 internet est gratuit dans les biblioth\u00e8ques de Lyon et que chaque personne peut y acc\u00e9der, ainsi qu\u2019aux 22 ateliers d\u2019une heure chacun pour une initiation \u00e0 internet. Enfin, une formatrice du nord ajoute\u00a0: \u00ab\u00a0I<i>l faut, au minimum, savoir lire. Nous nous adressons \u00e0 des personnalit\u00e9s diff\u00e9rentes mais tr\u00e8s souvent solidaires qui sont toutefois m\u00e9fiantes d\u00e8s lors qu\u2019il s\u2019agit d\u2019utiliser les divers services administratifs via le net (formulaires \u00e0 remplir pour la Caf, la S\u00e9curit\u00e9 Sociale etc\u2026) et elles pr\u00e9f\u00e8rent se rendre sur place pour faire leurs d\u00e9marches. Et pour pr\u00e9cision, Atd quart monde offre un module de 20 heures pour l\u2019initiation \u00e0 internet et 10 heures pour la formation vid\u00e9o<\/i>\u00a0\u00bb.<\/p>\n<p>Atd quart monde Lyon cherche actuellement \u00e0 d\u00e9velopper cette formation \u00e0 Lyon.<\/p>\n<p style=\"text-align: right;\"><span style=\"text-decoration: underline;\">Azzedine Benelkadi<\/span><\/p>\n<!-- AddThis Advanced Settings generic via filter on the_content --><!-- AddThis Share Buttons generic via filter on the_content -->","protected":false},"excerpt":{"rendered":"<p>De passage \u00e0 P\u00f4le Emploi, j\u2019entends un jeune homme, d\u2019une vingtaine d\u2019ann\u00e9es, demander une attestation de paiement \u00e0 la personne charg\u00e9e de l\u2019accueil. Cette derni\u00e8re, &hellip; <!-- AddThis Advanced Settings generic via filter on wp_trim_excerpt --><!-- AddThis Share Buttons generic via filter on wp_trim_excerpt --><\/p>\n","protected":false},"author":1,"featured_media":1578,"comment_status":"open","ping_status":"open","sticky":false,"template":"","format":"standard","meta":{"_FSMCFIC_featured_image_caption":"","_FSMCFIC_featured_image_nocaption":"","_FSMCFIC_featured_image_hide":"","footnotes":""},"categories":[4],"tags":[10,112],"class_list":["post-1575","post","type-post","status-publish","format-standard","has-post-thumbnail","hentry","category-lyon","tag-lyon-2","tag-lyon-bondy-blog"],"yoast_head":"<!-- This site is optimized with the Yoast SEO plugin v22.8 - https:\/\/yoast.com\/wordpress\/plugins\/seo\/ -->\n<title>ATD Quart monde , ordiphab\u00e8tisme et acc\u00e8s \u00e0 Internet - Lyon Bondy Blog<\/title>\n<meta name=\"robots\" content=\"index, follow, max-snippet:-1, max-image-preview:large, max-video-preview:-1\" \/>\n<link rel=\"canonical\" href=\"https:\/\/lyonbondyblog.fr\/LBB\/atd-quart-monde-ordiphabetisme-et-acces-a-internet\/\" \/>\n<meta property=\"og:locale\" content=\"fr_FR\" \/>\n<meta property=\"og:type\" content=\"article\" \/>\n<meta property=\"og:title\" content=\"ATD Quart monde , ordiphab\u00e8tisme et acc\u00e8s \u00e0 Internet - Lyon Bondy Blog\" \/>\n<meta property=\"og:description\" content=\"De passage \u00e0 P\u00f4le Emploi, j\u2019entends un jeune homme, d\u2019une vingtaine d\u2019ann\u00e9es, demander une attestation de paiement \u00e0 la personne charg\u00e9e de l\u2019accueil. Cette derni\u00e8re, &hellip;\" \/>\n<meta property=\"og:url\" content=\"https:\/\/lyonbondyblog.fr\/LBB\/atd-quart-monde-ordiphabetisme-et-acces-a-internet\/\" \/>\n<meta property=\"og:site_name\" content=\"Lyon Bondy Blog\" \/>\n<meta property=\"article:publisher\" content=\"https:\/\/www.facebook.com\/lyonbondyblog\" \/>\n<meta property=\"article:author\" content=\"https:\/\/www.facebook.com\/lyonbondyblog\" \/>\n<meta property=\"article:published_time\" content=\"2012-02-15T15:43:17+00:00\" \/>\n<meta property=\"article:modified_time\" content=\"2013-07-25T14:46:53+00:00\" \/>\n<meta property=\"og:image\" content=\"https:\/\/lyonbondyblog.fr\/LBB\/wp-content\/uploads\/2013\/07\/LogoRVB_oct17_t.jpg\" \/>\n\t<meta property=\"og:image:width\" content=\"194\" \/>\n\t<meta property=\"og:image:height\" content=\"181\" \/>\n\t<meta property=\"og:image:type\" content=\"image\/jpeg\" \/>\n<meta name=\"author\" content=\"La r\u00e9daction\" \/>\n<meta name=\"twitter:card\" content=\"summary_large_image\" \/>\n<meta name=\"twitter:creator\" content=\"@BondyBlogLyon\" \/>\n<meta name=\"twitter:site\" content=\"@bondybloglyon\" \/>\n<script type=\"application\/ld+json\" class=\"yoast-schema-graph\">{\"@context\":\"https:\/\/schema.org\",\"@graph\":[{\"@type\":\"Article\",\"@id\":\"https:\/\/lyonbondyblog.fr\/LBB\/atd-quart-monde-ordiphabetisme-et-acces-a-internet\/#article\",\"isPartOf\":{\"@id\":\"https:\/\/lyonbondyblog.fr\/LBB\/atd-quart-monde-ordiphabetisme-et-acces-a-internet\/\"},\"author\":{\"name\":\"La r\u00e9daction\",\"@id\":\"https:\/\/lyonbondyblog.fr\/LBB\/#\/schema\/person\/e45f8d27baac75072daa0be50c409b25\"},\"headline\":\"ATD Quart monde , ordiphab\u00e8tisme et acc\u00e8s \u00e0 Internet\",\"datePublished\":\"2012-02-15T15:43:17+00:00\",\"dateModified\":\"2013-07-25T14:46:53+00:00\",\"mainEntityOfPage\":{\"@id\":\"https:\/\/lyonbondyblog.fr\/LBB\/atd-quart-monde-ordiphabetisme-et-acces-a-internet\/\"},\"wordCount\":700,\"commentCount\":0,\"publisher\":{\"@id\":\"https:\/\/lyonbondyblog.fr\/LBB\/#organization\"},\"image\":{\"@id\":\"https:\/\/lyonbondyblog.fr\/LBB\/atd-quart-monde-ordiphabetisme-et-acces-a-internet\/#primaryimage\"},\"thumbnailUrl\":\"https:\/\/lyonbondyblog.fr\/LBB\/wp-content\/uploads\/2013\/07\/LogoRVB_oct17_t.jpg\",\"keywords\":[\"lyon\",\"Lyon Bondy Blog\"],\"articleSection\":[\"Lyon\"],\"inLanguage\":\"fr-FR\",\"potentialAction\":[{\"@type\":\"CommentAction\",\"name\":\"Comment\",\"target\":[\"https:\/\/lyonbondyblog.fr\/LBB\/atd-quart-monde-ordiphabetisme-et-acces-a-internet\/#respond\"]}]},{\"@type\":\"WebPage\",\"@id\":\"https:\/\/lyonbondyblog.fr\/LBB\/atd-quart-monde-ordiphabetisme-et-acces-a-internet\/\",\"url\":\"https:\/\/lyonbondyblog.fr\/LBB\/atd-quart-monde-ordiphabetisme-et-acces-a-internet\/\",\"name\":\"ATD Quart monde , ordiphab\u00e8tisme et acc\u00e8s \u00e0 Internet - Lyon Bondy Blog\",\"isPartOf\":{\"@id\":\"https:\/\/lyonbondyblog.fr\/LBB\/#website\"},\"primaryImageOfPage\":{\"@id\":\"https:\/\/lyonbondyblog.fr\/LBB\/atd-quart-monde-ordiphabetisme-et-acces-a-internet\/#primaryimage\"},\"image\":{\"@id\":\"https:\/\/lyonbondyblog.fr\/LBB\/atd-quart-monde-ordiphabetisme-et-acces-a-internet\/#primaryimage\"},\"thumbnailUrl\":\"https:\/\/lyonbondyblog.fr\/LBB\/wp-content\/uploads\/2013\/07\/LogoRVB_oct17_t.jpg\",\"datePublished\":\"2012-02-15T15:43:17+00:00\",\"dateModified\":\"2013-07-25T14:46:53+00:00\",\"inLanguage\":\"fr-FR\",\"potentialAction\":[{\"@type\":\"ReadAction\",\"target\":[\"https:\/\/lyonbondyblog.fr\/LBB\/atd-quart-monde-ordiphabetisme-et-acces-a-internet\/\"]}]},{\"@type\":\"ImageObject\",\"inLanguage\":\"fr-FR\",\"@id\":\"https:\/\/lyonbondyblog.fr\/LBB\/atd-quart-monde-ordiphabetisme-et-acces-a-internet\/#primaryimage\",\"url\":\"https:\/\/lyonbondyblog.fr\/LBB\/wp-content\/uploads\/2013\/07\/LogoRVB_oct17_t.jpg\",\"contentUrl\":\"https:\/\/lyonbondyblog.fr\/LBB\/wp-content\/uploads\/2013\/07\/LogoRVB_oct17_t.jpg\",\"width\":194,\"height\":181},{\"@type\":\"WebSite\",\"@id\":\"https:\/\/lyonbondyblog.fr\/LBB\/#website\",\"url\":\"https:\/\/lyonbondyblog.fr\/LBB\/\",\"name\":\"Lyon Bondy Blog\",\"description\":\"\",\"publisher\":{\"@id\":\"https:\/\/lyonbondyblog.fr\/LBB\/#organization\"},\"potentialAction\":[{\"@type\":\"SearchAction\",\"target\":{\"@type\":\"EntryPoint\",\"urlTemplate\":\"https:\/\/lyonbondyblog.fr\/LBB\/?s={search_term_string}\"},\"query-input\":\"required name=search_term_string\"}],\"inLanguage\":\"fr-FR\"},{\"@type\":\"Organization\",\"@id\":\"https:\/\/lyonbondyblog.fr\/LBB\/#organization\",\"name\":\"LYON BONDY BLOG\",\"url\":\"https:\/\/lyonbondyblog.fr\/LBB\/\",\"logo\":{\"@type\":\"ImageObject\",\"inLanguage\":\"fr-FR\",\"@id\":\"https:\/\/lyonbondyblog.fr\/LBB\/#\/schema\/logo\/image\/\",\"url\":\"http:\/\/lyonbondyblog.fr\/LBB\/wp-content\/uploads\/2014\/10\/logo-portable-144.png\",\"contentUrl\":\"http:\/\/lyonbondyblog.fr\/LBB\/wp-content\/uploads\/2014\/10\/logo-portable-144.png\",\"width\":144,\"height\":123,\"caption\":\"LYON BONDY BLOG\"},\"image\":{\"@id\":\"https:\/\/lyonbondyblog.fr\/LBB\/#\/schema\/logo\/image\/\"},\"sameAs\":[\"https:\/\/www.facebook.com\/lyonbondyblog\",\"https:\/\/x.com\/bondybloglyon\"]},{\"@type\":\"Person\",\"@id\":\"https:\/\/lyonbondyblog.fr\/LBB\/#\/schema\/person\/e45f8d27baac75072daa0be50c409b25\",\"name\":\"La r\u00e9daction\",\"description\":\"Cr\u00e9e en 2008, la r\u00e9daction du Lyon Bondy Blog s'applique \u00e0 proposer une information locale diff\u00e9rente et compl\u00e9mentaire des m\u00e9dias traditionnels.\",\"sameAs\":[\"https:\/\/www.facebook.com\/lyonbondyblog\",\"https:\/\/x.com\/BondyBlogLyon\"],\"url\":\"https:\/\/lyonbondyblog.fr\/LBB\/author\/admin\/\"}]}<\/script>\n<!-- \/ Yoast SEO plugin. -->","yoast_head_json":{"title":"ATD Quart monde , ordiphab\u00e8tisme et acc\u00e8s \u00e0 Internet - Lyon Bondy Blog","robots":{"index":"index","follow":"follow","max-snippet":"max-snippet:-1","max-image-preview":"max-image-preview:large","max-video-preview":"max-video-preview:-1"},"canonical":"https:\/\/lyonbondyblog.fr\/LBB\/atd-quart-monde-ordiphabetisme-et-acces-a-internet\/","og_locale":"fr_FR","og_type":"article","og_title":"ATD Quart monde , ordiphab\u00e8tisme et acc\u00e8s \u00e0 Internet - Lyon Bondy Blog","og_description":"De passage \u00e0 P\u00f4le Emploi, j\u2019entends un jeune homme, d\u2019une vingtaine d\u2019ann\u00e9es, demander une attestation de paiement \u00e0 la personne charg\u00e9e de l\u2019accueil. Cette derni\u00e8re, &hellip;","og_url":"https:\/\/lyonbondyblog.fr\/LBB\/atd-quart-monde-ordiphabetisme-et-acces-a-internet\/","og_site_name":"Lyon Bondy Blog","article_publisher":"https:\/\/www.facebook.com\/lyonbondyblog","article_author":"https:\/\/www.facebook.com\/lyonbondyblog","article_published_time":"2012-02-15T15:43:17+00:00","article_modified_time":"2013-07-25T14:46:53+00:00","og_image":[{"width":194,"height":181,"url":"https:\/\/lyonbondyblog.fr\/LBB\/wp-content\/uploads\/2013\/07\/LogoRVB_oct17_t.jpg","type":"image\/jpeg"}],"author":"La r\u00e9daction","twitter_card":"summary_large_image","twitter_creator":"@BondyBlogLyon","twitter_site":"@bondybloglyon","schema":{"@context":"https:\/\/schema.org","@graph":[{"@type":"Article","@id":"https:\/\/lyonbondyblog.fr\/LBB\/atd-quart-monde-ordiphabetisme-et-acces-a-internet\/#article","isPartOf":{"@id":"https:\/\/lyonbondyblog.fr\/LBB\/atd-quart-monde-ordiphabetisme-et-acces-a-internet\/"},"author":{"name":"La r\u00e9daction","@id":"https:\/\/lyonbondyblog.fr\/LBB\/#\/schema\/person\/e45f8d27baac75072daa0be50c409b25"},"headline":"ATD Quart monde , ordiphab\u00e8tisme et acc\u00e8s \u00e0 Internet","datePublished":"2012-02-15T15:43:17+00:00","dateModified":"2013-07-25T14:46:53+00:00","mainEntityOfPage":{"@id":"https:\/\/lyonbondyblog.fr\/LBB\/atd-quart-monde-ordiphabetisme-et-acces-a-internet\/"},"wordCount":700,"commentCount":0,"publisher":{"@id":"https:\/\/lyonbondyblog.fr\/LBB\/#organization"},"image":{"@id":"https:\/\/lyonbondyblog.fr\/LBB\/atd-quart-monde-ordiphabetisme-et-acces-a-internet\/#primaryimage"},"thumbnailUrl":"https:\/\/lyonbondyblog.fr\/LBB\/wp-content\/uploads\/2013\/07\/LogoRVB_oct17_t.jpg","keywords":["lyon","Lyon Bondy Blog"],"articleSection":["Lyon"],"inLanguage":"fr-FR","potentialAction":[{"@type":"CommentAction","name":"Comment","target":["https:\/\/lyonbondyblog.fr\/LBB\/atd-quart-monde-ordiphabetisme-et-acces-a-internet\/#respond"]}]},{"@type":"WebPage","@id":"https:\/\/lyonbondyblog.fr\/LBB\/atd-quart-monde-ordiphabetisme-et-acces-a-internet\/","url":"https:\/\/lyonbondyblog.fr\/LBB\/atd-quart-monde-ordiphabetisme-et-acces-a-internet\/","name":"ATD Quart monde , ordiphab\u00e8tisme et acc\u00e8s \u00e0 Internet - Lyon Bondy Blog","isPartOf":{"@id":"https:\/\/lyonbondyblog.fr\/LBB\/#website"},"primaryImageOfPage":{"@id":"https:\/\/lyonbondyblog.fr\/LBB\/atd-quart-monde-ordiphabetisme-et-acces-a-internet\/#primaryimage"},"image":{"@id":"https:\/\/lyonbondyblog.fr\/LBB\/atd-quart-monde-ordiphabetisme-et-acces-a-internet\/#primaryimage"},"thumbnailUrl":"https:\/\/lyonbondyblog.fr\/LBB\/wp-content\/uploads\/2013\/07\/LogoRVB_oct17_t.jpg","datePublished":"2012-02-15T15:43:17+00:00","dateModified":"2013-07-25T14:46:53+00:00","inLanguage":"fr-FR","potentialAction":[{"@type":"ReadAction","target":["https:\/\/lyonbondyblog.fr\/LBB\/atd-quart-monde-ordiphabetisme-et-acces-a-internet\/"]}]},{"@type":"ImageObject","inLanguage":"fr-FR","@id":"https:\/\/lyonbondyblog.fr\/LBB\/atd-quart-monde-ordiphabetisme-et-acces-a-internet\/#primaryimage","url":"https:\/\/lyonbondyblog.fr\/LBB\/wp-content\/uploads\/2013\/07\/LogoRVB_oct17_t.jpg","contentUrl":"https:\/\/lyonbondyblog.fr\/LBB\/wp-content\/uploads\/2013\/07\/LogoRVB_oct17_t.jpg","width":194,"height":181},{"@type":"WebSite","@id":"https:\/\/lyonbondyblog.fr\/LBB\/#website","url":"https:\/\/lyonbondyblog.fr\/LBB\/","name":"Lyon Bondy Blog","description":"","publisher":{"@id":"https:\/\/lyonbondyblog.fr\/LBB\/#organization"},"potentialAction":[{"@type":"SearchAction","target":{"@type":"EntryPoint","urlTemplate":"https:\/\/lyonbondyblog.fr\/LBB\/?s={search_term_string}"},"query-input":"required name=search_term_string"}],"inLanguage":"fr-FR"},{"@type":"Organization","@id":"https:\/\/lyonbondyblog.fr\/LBB\/#organization","name":"LYON BONDY BLOG","url":"https:\/\/lyonbondyblog.fr\/LBB\/","logo":{"@type":"ImageObject","inLanguage":"fr-FR","@id":"https:\/\/lyonbondyblog.fr\/LBB\/#\/schema\/logo\/image\/","url":"http:\/\/lyonbondyblog.fr\/LBB\/wp-content\/uploads\/2014\/10\/logo-portable-144.png","contentUrl":"http:\/\/lyonbondyblog.fr\/LBB\/wp-content\/uploads\/2014\/10\/logo-portable-144.png","width":144,"height":123,"caption":"LYON BONDY BLOG"},"image":{"@id":"https:\/\/lyonbondyblog.fr\/LBB\/#\/schema\/logo\/image\/"},"sameAs":["https:\/\/www.facebook.com\/lyonbondyblog","https:\/\/x.com\/bondybloglyon"]},{"@type":"Person","@id":"https:\/\/lyonbondyblog.fr\/LBB\/#\/schema\/person\/e45f8d27baac75072daa0be50c409b25","name":"La r\u00e9daction","description":"Cr\u00e9e en 2008, la r\u00e9daction du Lyon Bondy Blog s'applique \u00e0 proposer une information locale diff\u00e9rente et compl\u00e9mentaire des m\u00e9dias traditionnels.","sameAs":["https:\/\/www.facebook.com\/lyonbondyblog","https:\/\/x.com\/BondyBlogLyon"],"url":"https:\/\/lyonbondyblog.fr\/LBB\/author\/admin\/"}]}},"_links":{"self":[{"href":"https:\/\/lyonbondyblog.fr\/LBB\/wp-json\/wp\/v2\/posts\/1575","targetHints":{"allow":["GET"]}}],"collection":[{"href":"https:\/\/lyonbondyblog.fr\/LBB\/wp-json\/wp\/v2\/posts"}],"about":[{"href":"https:\/\/lyonbondyblog.fr\/LBB\/wp-json\/wp\/v2\/types\/post"}],"author":[{"embeddable":true,"href":"https:\/\/lyonbondyblog.fr\/LBB\/wp-json\/wp\/v2\/users\/1"}],"replies":[{"embeddable":true,"href":"https:\/\/lyonbondyblog.fr\/LBB\/wp-json\/wp\/v2\/comments?post=1575"}],"version-history":[{"count":0,"href":"https:\/\/lyonbondyblog.fr\/LBB\/wp-json\/wp\/v2\/posts\/1575\/revisions"}],"wp:featuredmedia":[{"embeddable":true,"href":"https:\/\/lyonbondyblog.fr\/LBB\/wp-json\/wp\/v2\/media\/1578"}],"wp:attachment":[{"href":"https:\/\/lyonbondyblog.fr\/LBB\/wp-json\/wp\/v2\/media?parent=1575"}],"wp:term":[{"taxonomy":"category","embeddable":true,"href":"https:\/\/lyonbondyblog.fr\/LBB\/wp-json\/wp\/v2\/categories?post=1575"},{"taxonomy":"post_tag","embeddable":true,"href":"https:\/\/lyonbondyblog.fr\/LBB\/wp-json\/wp\/v2\/tags?post=1575"}],"curies":[{"name":"wp","href":"https:\/\/api.w.org\/{rel}","templated":true}]}}