{"id":15722,"date":"2019-04-10T13:53:41","date_gmt":"2019-04-10T11:53:41","guid":{"rendered":"http:\/\/lyonbondyblog.fr\/LBB\/?p=15722"},"modified":"2019-04-10T13:54:19","modified_gmt":"2019-04-10T11:54:19","slug":"chronique-judiciaire-une-commande-qui-tourne-mal","status":"publish","type":"post","link":"https:\/\/lyonbondyblog.fr\/LBB\/chronique-judiciaire-une-commande-qui-tourne-mal\/","title":{"rendered":"Chronique judiciaire : Une commande qui tourne mal"},"content":{"rendered":"<p>C\u2019est la sixi\u00e8me affaire des comparutions imm\u00e9diates cet apr\u00e8s-midi. Il commence \u00e0 se faire tard et la salle commence \u00e0 se vider. Malgr\u00e9 tout, des avocats et des civils passent leur temps \u00e0 faire des va-et-vient incessants qui font faire \u00e0 la porte un bruit tr\u00e8s \u00e9nervant.<\/p>\n<p>&nbsp;<\/p>\n<p>Un jeune homme entre dans le box, calme, il ne laisse transpara\u00eetre aucune \u00e9motion. Loris* est un Arm\u00e9nien originaire d\u2019Azerba\u00efdjan qui vit en asile en France depuis 3 ans. Il ne parle pas fran\u00e7ais et est donc accompagn\u00e9 d\u2019une interpr\u00e8te. Aujourd\u2019hui, il est accus\u00e9 de violence, menace avec arme de poing style pistolet \u00e0 gaz, avoir entra\u00een\u00e9 une incapacit\u00e9 totale de travail de moins de six jours et destruction de bien.<\/p>\n<p>Les deux victimes, \u00c9milie* et Thibault*, sont l\u00e0, assis face \u00e0 la pr\u00e9sidente.<\/p>\n<p>&nbsp;<\/p>\n<p>On nous rappelle les faits. Dans la nuit du 5 au 6 avril dernier, \u00c9milie et Thibault passent une commande par internet pour se faire livrer un repas \u00e0 domicile. Apr\u00e8s seulement 10 minutes d\u2019attente, l\u2019impatience prend le dessus. Perdre 10 minutes \u00e0 attendre qu\u2019on leur apporte \u00e0 manger chez eux devait s\u00fbrement \u00eatre une \u00e9preuve insurmontable&#8230; Ils d\u00e9cident alors d\u2019aller dans le restaurant o\u00f9 la commande a \u00e9t\u00e9 effectu\u00e9e.<\/p>\n<p>Arriv\u00e9 sur le parking, Thibault trouve le livreur qui s\u2019av\u00e8re \u00eatre Loris. Pendant ce temps, \u00c9milie, qui travaille elle aussi en temps que livreuse, va r\u00e9cup\u00e9rer une commande dans le restaurant. Dehors, le ton monte. Thibault r\u00e9clame la commande mais Loris ne veut pas, il doit la livrer. La barri\u00e8re de la langue rend les choses encore plus compliqu\u00e9es. Les insultes fusent et Thibault perd son sang-froid. Il va dans le coffre de sa voiture, r\u00e9cup\u00e8re un vieil autoradio et le jette sur la voiture de Loris. Quelques t\u00e9moins viennent calmer les esprits et les s\u00e9parer.<\/p>\n<p>Finalement, \u00c9milie et Thibault repartent. A ce moment Loris prend une photo de leur voiture, monte dans la sienne et les poursuit. Arriv\u00e9 \u00e0 leur niveau, il prend son pistolet \u00e0 gaz et tire dans la vitre de la voiture des deux jeunes qui explose. Effray\u00e9s, \u00c9milie et Thibault se baissent, le jeune homme est bless\u00e9 par des \u00e9clats de verre. La commande d\u2019\u00c9milie livr\u00e9e, ils rentrent chez eux. Loris arrive peu de temps apr\u00e8s avec leur commande et les livre, comme si de rien n\u2019\u00e9tait.<\/p>\n<p>Sur conseil de leur avocat, les deux victimes vont au commissariat pour raconter leur m\u00e9saventure. Recherch\u00e9, Loris se rend \u00e0 la police peu de temps apr\u00e8s et reconna\u00eet les faits.<\/p>\n<p>L\u2019histoire poss\u00e8de tout de m\u00eame quelques zones obscures&#8230;<\/p>\n<p>&nbsp;<\/p>\n<p>Pour se d\u00e9fendre, Loris ne peut s\u2019emp\u00eacher de rappeler l\u2019histoire en d\u00e9tails alors m\u00eame que la pr\u00e9sidente venait de le faire. Cette derni\u00e8re commence d\u2019ailleurs \u00e0 s\u2019agacer et demande \u00e0 passer \u00e0 l\u2019essentiel. Le pr\u00e9venu s\u2019excuse aupr\u00e8s de Thibault et \u00c9milie et affirme qu\u2019il \u00ab\u00a0n\u2019avait pas l\u2019intention de les blesser\u00a0\u00bb. Il a pris peur lors de leur dispute car pour lui, Thibault \u00e9tait accompagn\u00e9 de deux hommes.<\/p>\n<p>Les victimes r\u00e9pondent aux questions de la pr\u00e9sidente en d\u00e9tails et de mani\u00e8re franche. Leur voix forte laisse deviner de l\u2019anxi\u00e9t\u00e9. D\u2019apr\u00e8s eux, ils n\u2019\u00e9taient pas accompagn\u00e9s, se sont simplement des personnes qui ont assist\u00e9 \u00e0 la sc\u00e8ne et qui sont venus les s\u00e9parer.<\/p>\n<p>&nbsp;<\/p>\n<p>Loris poss\u00e8de une mention dans son casier pour conduite d\u2019un v\u00e9hicule sans permis et quelques condamnations p\u00e9nales pour vol, conduite sans permis et refus d\u2019obtemp\u00e9rer.<\/p>\n<p>&nbsp;<\/p>\n<p>Pour la partie civile, la r\u00e9action de Loris apr\u00e8s la dispute est incompr\u00e9hensible. \u00ab\u00a0Il avait tous les \u00e9l\u00e9ments pour porter plainte. Ce n\u2019est pas une attitude raisonnable\u00a0\u00bb. L\u2019avocat demande 1500 \u20acde dommages et 1500 \u20acde plus pour l\u2019\u00e9tat d\u2019anxi\u00e9t\u00e9 qu\u2019a subi \u00c9milie.<\/p>\n<p>La procureure rappelle que les torts sont des deux c\u00f4t\u00e9s, Thibault est convoqu\u00e9 pour un rappel \u00e0 la loi pour le lancer de l\u2019autoradio sur le v\u00e9hicule de Loris. Pour elle aussi, la r\u00e9action du pr\u00e9venu \u00e9tait disproportionn\u00e9e et tout \u00e0 fait r\u00e9fl\u00e9chie. Une demande de 8 mois de prison et d\u2019interdiction de porter une arme pendant 5 ans est propos\u00e9e.<\/p>\n<p>&nbsp;<\/p>\n<p>L\u2019avocat de Loris s\u2019est ensuite lanc\u00e9 dans un plaidoyer de plus de 20 minutes, qui a fait s\u2019endormir un autre avocat qui \u00e9tait dans la salle d\u2019audience. Pour d\u00e9fendre son client, l\u2019avocat explique que l\u2019arme utilis\u00e9e par Loris n\u2019\u00e9tait pas l\u00e9tale et qu\u2019il n\u2019est pas agressif ou violent d\u2019ordinaire.<\/p>\n<p>Soudain, l\u2019audience est interrompue par la pr\u00e9sidente. En effet, une personne pr\u00e9sente au fond de la salle aurait pris une photo. Apr\u00e8s v\u00e9rification, il n\u2019en ai rien mais la pr\u00e9sidente n\u2019en revient pas. On l\u2019entend m\u00eame marmonner dans son micro \u00ab\u00a0dommage qu\u2019il n\u2019y ait pas un policier dans la salle\u00a0\u00bb. Cette intervention aura au moins permis de r\u00e9veiller l\u2019avocat endormi&#8230;<\/p>\n<p>Retournons \u00e0 nos moutons. Pour l\u2019avocat, Loris s\u2019est rendu, regrette et reconna\u00eet les faits. Les condamnations qu\u2019il a dans son casier sont \u00ab\u00a0petites\u00a0\u00bb et n\u2019ont rien \u00e0 voir avec cette affaire. Il se serait retrouv\u00e9 dans cette situation car il \u00ab\u00a0avait peur\u00a0\u00bb.<\/p>\n<p>&nbsp;<\/p>\n<p>Le pr\u00e9venu aura le dernier mot et s\u2019excusera une nouvelle fois aupr\u00e8s des victimes. Malgr\u00e9 cela, Loris sera s\u00fbrement condamn\u00e9.<\/p>\n<p>La prochaine fois, \u00c9milie et Thibault seront peut-\u00eatre plus patients&#8230;<\/p>\n<p>&nbsp;<\/p>\n<p>*Pr\u00e9noms modifi\u00e9s<\/p>\n<!-- AddThis Advanced Settings generic via filter on the_content --><!-- AddThis Share Buttons generic via filter on the_content -->","protected":false},"excerpt":{"rendered":"<p>C\u2019est la sixi\u00e8me affaire des comparutions imm\u00e9diates cet apr\u00e8s-midi. Il commence \u00e0 se faire tard et la salle commence \u00e0 se vider. Malgr\u00e9 tout, des &hellip; <!-- AddThis Advanced Settings generic via filter on wp_trim_excerpt --><!-- AddThis Share Buttons generic via filter on wp_trim_excerpt --><\/p>\n","protected":false},"author":13498,"featured_media":15273,"comment_status":"open","ping_status":"open","sticky":false,"template":"","format":"standard","meta":{"_FSMCFIC_featured_image_caption":"","_FSMCFIC_featured_image_nocaption":"","_FSMCFIC_featured_image_hide":"","footnotes":""},"categories":[965,3898,4],"tags":[],"class_list":["post-15722","post","type-post","status-publish","format-standard","has-post-thumbnail","hentry","category-chronique-judiciaire","category-justice","category-lyon"],"yoast_head":"<!-- This site is optimized with the Yoast SEO plugin v22.8 - https:\/\/yoast.com\/wordpress\/plugins\/seo\/ -->\n<title>Chronique judiciaire : Une commande qui tourne mal - Lyon Bondy Blog<\/title>\n<meta name=\"robots\" content=\"index, follow, max-snippet:-1, max-image-preview:large, max-video-preview:-1\" \/>\n<link rel=\"canonical\" href=\"https:\/\/lyonbondyblog.fr\/LBB\/chronique-judiciaire-une-commande-qui-tourne-mal\/\" \/>\n<meta property=\"og:locale\" content=\"fr_FR\" \/>\n<meta property=\"og:type\" content=\"article\" \/>\n<meta property=\"og:title\" content=\"Chronique judiciaire : Une commande qui tourne mal - Lyon Bondy Blog\" \/>\n<meta property=\"og:description\" content=\"C\u2019est la sixi\u00e8me affaire des comparutions imm\u00e9diates cet apr\u00e8s-midi. Il commence \u00e0 se faire tard et la salle commence \u00e0 se vider. Malgr\u00e9 tout, des &hellip;\" \/>\n<meta property=\"og:url\" content=\"https:\/\/lyonbondyblog.fr\/LBB\/chronique-judiciaire-une-commande-qui-tourne-mal\/\" \/>\n<meta property=\"og:site_name\" content=\"Lyon Bondy Blog\" \/>\n<meta property=\"article:publisher\" content=\"https:\/\/www.facebook.com\/lyonbondyblog\" \/>\n<meta property=\"article:published_time\" content=\"2019-04-10T11:53:41+00:00\" \/>\n<meta property=\"article:modified_time\" content=\"2019-04-10T11:54:19+00:00\" \/>\n<meta property=\"og:image\" content=\"https:\/\/lyonbondyblog.fr\/LBB\/wp-content\/uploads\/2019\/02\/justicefiction_visuel-750x420-1.jpg\" \/>\n\t<meta property=\"og:image:width\" content=\"750\" \/>\n\t<meta property=\"og:image:height\" content=\"420\" \/>\n\t<meta property=\"og:image:type\" content=\"image\/jpeg\" \/>\n<meta name=\"author\" content=\"Camille Romand\" \/>\n<meta name=\"twitter:card\" content=\"summary_large_image\" \/>\n<meta name=\"twitter:creator\" content=\"@bondybloglyon\" \/>\n<meta name=\"twitter:site\" content=\"@bondybloglyon\" \/>\n<script type=\"application\/ld+json\" class=\"yoast-schema-graph\">{\"@context\":\"https:\/\/schema.org\",\"@graph\":[{\"@type\":\"Article\",\"@id\":\"https:\/\/lyonbondyblog.fr\/LBB\/chronique-judiciaire-une-commande-qui-tourne-mal\/#article\",\"isPartOf\":{\"@id\":\"https:\/\/lyonbondyblog.fr\/LBB\/chronique-judiciaire-une-commande-qui-tourne-mal\/\"},\"author\":{\"name\":\"Camille Romand\",\"@id\":\"https:\/\/lyonbondyblog.fr\/LBB\/#\/schema\/person\/d615766ec3645915bcc8260a657aa0e7\"},\"headline\":\"Chronique judiciaire : Une commande qui tourne mal\",\"datePublished\":\"2019-04-10T11:53:41+00:00\",\"dateModified\":\"2019-04-10T11:54:19+00:00\",\"mainEntityOfPage\":{\"@id\":\"https:\/\/lyonbondyblog.fr\/LBB\/chronique-judiciaire-une-commande-qui-tourne-mal\/\"},\"wordCount\":968,\"commentCount\":0,\"publisher\":{\"@id\":\"https:\/\/lyonbondyblog.fr\/LBB\/#organization\"},\"image\":{\"@id\":\"https:\/\/lyonbondyblog.fr\/LBB\/chronique-judiciaire-une-commande-qui-tourne-mal\/#primaryimage\"},\"thumbnailUrl\":\"https:\/\/lyonbondyblog.fr\/LBB\/wp-content\/uploads\/2019\/02\/justicefiction_visuel-750x420-1.jpg\",\"articleSection\":[\"Chronique judiciaire\",\"Justice\",\"Lyon\"],\"inLanguage\":\"fr-FR\",\"potentialAction\":[{\"@type\":\"CommentAction\",\"name\":\"Comment\",\"target\":[\"https:\/\/lyonbondyblog.fr\/LBB\/chronique-judiciaire-une-commande-qui-tourne-mal\/#respond\"]}]},{\"@type\":\"WebPage\",\"@id\":\"https:\/\/lyonbondyblog.fr\/LBB\/chronique-judiciaire-une-commande-qui-tourne-mal\/\",\"url\":\"https:\/\/lyonbondyblog.fr\/LBB\/chronique-judiciaire-une-commande-qui-tourne-mal\/\",\"name\":\"Chronique judiciaire : Une commande qui tourne mal - Lyon Bondy Blog\",\"isPartOf\":{\"@id\":\"https:\/\/lyonbondyblog.fr\/LBB\/#website\"},\"primaryImageOfPage\":{\"@id\":\"https:\/\/lyonbondyblog.fr\/LBB\/chronique-judiciaire-une-commande-qui-tourne-mal\/#primaryimage\"},\"image\":{\"@id\":\"https:\/\/lyonbondyblog.fr\/LBB\/chronique-judiciaire-une-commande-qui-tourne-mal\/#primaryimage\"},\"thumbnailUrl\":\"https:\/\/lyonbondyblog.fr\/LBB\/wp-content\/uploads\/2019\/02\/justicefiction_visuel-750x420-1.jpg\",\"datePublished\":\"2019-04-10T11:53:41+00:00\",\"dateModified\":\"2019-04-10T11:54:19+00:00\",\"inLanguage\":\"fr-FR\",\"potentialAction\":[{\"@type\":\"ReadAction\",\"target\":[\"https:\/\/lyonbondyblog.fr\/LBB\/chronique-judiciaire-une-commande-qui-tourne-mal\/\"]}]},{\"@type\":\"ImageObject\",\"inLanguage\":\"fr-FR\",\"@id\":\"https:\/\/lyonbondyblog.fr\/LBB\/chronique-judiciaire-une-commande-qui-tourne-mal\/#primaryimage\",\"url\":\"https:\/\/lyonbondyblog.fr\/LBB\/wp-content\/uploads\/2019\/02\/justicefiction_visuel-750x420-1.jpg\",\"contentUrl\":\"https:\/\/lyonbondyblog.fr\/LBB\/wp-content\/uploads\/2019\/02\/justicefiction_visuel-750x420-1.jpg\",\"width\":750,\"height\":420},{\"@type\":\"WebSite\",\"@id\":\"https:\/\/lyonbondyblog.fr\/LBB\/#website\",\"url\":\"https:\/\/lyonbondyblog.fr\/LBB\/\",\"name\":\"Lyon Bondy Blog\",\"description\":\"\",\"publisher\":{\"@id\":\"https:\/\/lyonbondyblog.fr\/LBB\/#organization\"},\"potentialAction\":[{\"@type\":\"SearchAction\",\"target\":{\"@type\":\"EntryPoint\",\"urlTemplate\":\"https:\/\/lyonbondyblog.fr\/LBB\/?s={search_term_string}\"},\"query-input\":\"required name=search_term_string\"}],\"inLanguage\":\"fr-FR\"},{\"@type\":\"Organization\",\"@id\":\"https:\/\/lyonbondyblog.fr\/LBB\/#organization\",\"name\":\"LYON BONDY BLOG\",\"url\":\"https:\/\/lyonbondyblog.fr\/LBB\/\",\"logo\":{\"@type\":\"ImageObject\",\"inLanguage\":\"fr-FR\",\"@id\":\"https:\/\/lyonbondyblog.fr\/LBB\/#\/schema\/logo\/image\/\",\"url\":\"http:\/\/lyonbondyblog.fr\/LBB\/wp-content\/uploads\/2014\/10\/logo-portable-144.png\",\"contentUrl\":\"http:\/\/lyonbondyblog.fr\/LBB\/wp-content\/uploads\/2014\/10\/logo-portable-144.png\",\"width\":144,\"height\":123,\"caption\":\"LYON BONDY BLOG\"},\"image\":{\"@id\":\"https:\/\/lyonbondyblog.fr\/LBB\/#\/schema\/logo\/image\/\"},\"sameAs\":[\"https:\/\/www.facebook.com\/lyonbondyblog\",\"https:\/\/x.com\/bondybloglyon\"]},{\"@type\":\"Person\",\"@id\":\"https:\/\/lyonbondyblog.fr\/LBB\/#\/schema\/person\/d615766ec3645915bcc8260a657aa0e7\",\"name\":\"Camille Romand\",\"url\":\"https:\/\/lyonbondyblog.fr\/LBB\/author\/camille-romand\/\"}]}<\/script>\n<!-- \/ Yoast SEO plugin. -->","yoast_head_json":{"title":"Chronique judiciaire : Une commande qui tourne mal - Lyon Bondy Blog","robots":{"index":"index","follow":"follow","max-snippet":"max-snippet:-1","max-image-preview":"max-image-preview:large","max-video-preview":"max-video-preview:-1"},"canonical":"https:\/\/lyonbondyblog.fr\/LBB\/chronique-judiciaire-une-commande-qui-tourne-mal\/","og_locale":"fr_FR","og_type":"article","og_title":"Chronique judiciaire : Une commande qui tourne mal - Lyon Bondy Blog","og_description":"C\u2019est la sixi\u00e8me affaire des comparutions imm\u00e9diates cet apr\u00e8s-midi. Il commence \u00e0 se faire tard et la salle commence \u00e0 se vider. Malgr\u00e9 tout, des &hellip;","og_url":"https:\/\/lyonbondyblog.fr\/LBB\/chronique-judiciaire-une-commande-qui-tourne-mal\/","og_site_name":"Lyon Bondy Blog","article_publisher":"https:\/\/www.facebook.com\/lyonbondyblog","article_published_time":"2019-04-10T11:53:41+00:00","article_modified_time":"2019-04-10T11:54:19+00:00","og_image":[{"width":750,"height":420,"url":"https:\/\/lyonbondyblog.fr\/LBB\/wp-content\/uploads\/2019\/02\/justicefiction_visuel-750x420-1.jpg","type":"image\/jpeg"}],"author":"Camille Romand","twitter_card":"summary_large_image","twitter_creator":"@bondybloglyon","twitter_site":"@bondybloglyon","schema":{"@context":"https:\/\/schema.org","@graph":[{"@type":"Article","@id":"https:\/\/lyonbondyblog.fr\/LBB\/chronique-judiciaire-une-commande-qui-tourne-mal\/#article","isPartOf":{"@id":"https:\/\/lyonbondyblog.fr\/LBB\/chronique-judiciaire-une-commande-qui-tourne-mal\/"},"author":{"name":"Camille Romand","@id":"https:\/\/lyonbondyblog.fr\/LBB\/#\/schema\/person\/d615766ec3645915bcc8260a657aa0e7"},"headline":"Chronique judiciaire : Une commande qui tourne mal","datePublished":"2019-04-10T11:53:41+00:00","dateModified":"2019-04-10T11:54:19+00:00","mainEntityOfPage":{"@id":"https:\/\/lyonbondyblog.fr\/LBB\/chronique-judiciaire-une-commande-qui-tourne-mal\/"},"wordCount":968,"commentCount":0,"publisher":{"@id":"https:\/\/lyonbondyblog.fr\/LBB\/#organization"},"image":{"@id":"https:\/\/lyonbondyblog.fr\/LBB\/chronique-judiciaire-une-commande-qui-tourne-mal\/#primaryimage"},"thumbnailUrl":"https:\/\/lyonbondyblog.fr\/LBB\/wp-content\/uploads\/2019\/02\/justicefiction_visuel-750x420-1.jpg","articleSection":["Chronique judiciaire","Justice","Lyon"],"inLanguage":"fr-FR","potentialAction":[{"@type":"CommentAction","name":"Comment","target":["https:\/\/lyonbondyblog.fr\/LBB\/chronique-judiciaire-une-commande-qui-tourne-mal\/#respond"]}]},{"@type":"WebPage","@id":"https:\/\/lyonbondyblog.fr\/LBB\/chronique-judiciaire-une-commande-qui-tourne-mal\/","url":"https:\/\/lyonbondyblog.fr\/LBB\/chronique-judiciaire-une-commande-qui-tourne-mal\/","name":"Chronique judiciaire : Une commande qui tourne mal - Lyon Bondy Blog","isPartOf":{"@id":"https:\/\/lyonbondyblog.fr\/LBB\/#website"},"primaryImageOfPage":{"@id":"https:\/\/lyonbondyblog.fr\/LBB\/chronique-judiciaire-une-commande-qui-tourne-mal\/#primaryimage"},"image":{"@id":"https:\/\/lyonbondyblog.fr\/LBB\/chronique-judiciaire-une-commande-qui-tourne-mal\/#primaryimage"},"thumbnailUrl":"https:\/\/lyonbondyblog.fr\/LBB\/wp-content\/uploads\/2019\/02\/justicefiction_visuel-750x420-1.jpg","datePublished":"2019-04-10T11:53:41+00:00","dateModified":"2019-04-10T11:54:19+00:00","inLanguage":"fr-FR","potentialAction":[{"@type":"ReadAction","target":["https:\/\/lyonbondyblog.fr\/LBB\/chronique-judiciaire-une-commande-qui-tourne-mal\/"]}]},{"@type":"ImageObject","inLanguage":"fr-FR","@id":"https:\/\/lyonbondyblog.fr\/LBB\/chronique-judiciaire-une-commande-qui-tourne-mal\/#primaryimage","url":"https:\/\/lyonbondyblog.fr\/LBB\/wp-content\/uploads\/2019\/02\/justicefiction_visuel-750x420-1.jpg","contentUrl":"https:\/\/lyonbondyblog.fr\/LBB\/wp-content\/uploads\/2019\/02\/justicefiction_visuel-750x420-1.jpg","width":750,"height":420},{"@type":"WebSite","@id":"https:\/\/lyonbondyblog.fr\/LBB\/#website","url":"https:\/\/lyonbondyblog.fr\/LBB\/","name":"Lyon Bondy Blog","description":"","publisher":{"@id":"https:\/\/lyonbondyblog.fr\/LBB\/#organization"},"potentialAction":[{"@type":"SearchAction","target":{"@type":"EntryPoint","urlTemplate":"https:\/\/lyonbondyblog.fr\/LBB\/?s={search_term_string}"},"query-input":"required name=search_term_string"}],"inLanguage":"fr-FR"},{"@type":"Organization","@id":"https:\/\/lyonbondyblog.fr\/LBB\/#organization","name":"LYON BONDY BLOG","url":"https:\/\/lyonbondyblog.fr\/LBB\/","logo":{"@type":"ImageObject","inLanguage":"fr-FR","@id":"https:\/\/lyonbondyblog.fr\/LBB\/#\/schema\/logo\/image\/","url":"http:\/\/lyonbondyblog.fr\/LBB\/wp-content\/uploads\/2014\/10\/logo-portable-144.png","contentUrl":"http:\/\/lyonbondyblog.fr\/LBB\/wp-content\/uploads\/2014\/10\/logo-portable-144.png","width":144,"height":123,"caption":"LYON BONDY BLOG"},"image":{"@id":"https:\/\/lyonbondyblog.fr\/LBB\/#\/schema\/logo\/image\/"},"sameAs":["https:\/\/www.facebook.com\/lyonbondyblog","https:\/\/x.com\/bondybloglyon"]},{"@type":"Person","@id":"https:\/\/lyonbondyblog.fr\/LBB\/#\/schema\/person\/d615766ec3645915bcc8260a657aa0e7","name":"Camille Romand","url":"https:\/\/lyonbondyblog.fr\/LBB\/author\/camille-romand\/"}]}},"_links":{"self":[{"href":"https:\/\/lyonbondyblog.fr\/LBB\/wp-json\/wp\/v2\/posts\/15722","targetHints":{"allow":["GET"]}}],"collection":[{"href":"https:\/\/lyonbondyblog.fr\/LBB\/wp-json\/wp\/v2\/posts"}],"about":[{"href":"https:\/\/lyonbondyblog.fr\/LBB\/wp-json\/wp\/v2\/types\/post"}],"author":[{"embeddable":true,"href":"https:\/\/lyonbondyblog.fr\/LBB\/wp-json\/wp\/v2\/users\/13498"}],"replies":[{"embeddable":true,"href":"https:\/\/lyonbondyblog.fr\/LBB\/wp-json\/wp\/v2\/comments?post=15722"}],"version-history":[{"count":2,"href":"https:\/\/lyonbondyblog.fr\/LBB\/wp-json\/wp\/v2\/posts\/15722\/revisions"}],"predecessor-version":[{"id":15725,"href":"https:\/\/lyonbondyblog.fr\/LBB\/wp-json\/wp\/v2\/posts\/15722\/revisions\/15725"}],"wp:featuredmedia":[{"embeddable":true,"href":"https:\/\/lyonbondyblog.fr\/LBB\/wp-json\/wp\/v2\/media\/15273"}],"wp:attachment":[{"href":"https:\/\/lyonbondyblog.fr\/LBB\/wp-json\/wp\/v2\/media?parent=15722"}],"wp:term":[{"taxonomy":"category","embeddable":true,"href":"https:\/\/lyonbondyblog.fr\/LBB\/wp-json\/wp\/v2\/categories?post=15722"},{"taxonomy":"post_tag","embeddable":true,"href":"https:\/\/lyonbondyblog.fr\/LBB\/wp-json\/wp\/v2\/tags?post=15722"}],"curies":[{"name":"wp","href":"https:\/\/api.w.org\/{rel}","templated":true}]}}