{"id":1572,"date":"2012-01-30T16:41:39","date_gmt":"2012-01-30T15:41:39","guid":{"rendered":"http:\/\/lyonbondyblog.fr\/LBB\/?p=1572"},"modified":"2013-07-25T16:46:52","modified_gmt":"2013-07-25T14:46:52","slug":"une-plage-a-tahrir","status":"publish","type":"post","link":"https:\/\/lyonbondyblog.fr\/LBB\/une-plage-a-tahrir\/","title":{"rendered":"Une plage \u00e0 Tahrir"},"content":{"rendered":"<p><strong>Le film de Stefanova Savona nous faire revivre les instants cruciaux, crisp\u00e9s et heureux de la r\u00e9volution \u00e9gyptienne. Sous le bitume de la place Tahrir petit \u00e0 petit se d\u00e9voile une plage. Sur cette plage, des milliers de minuscules grains de sable. Des grains de sable, qui forment une foule de manifestants&#8230;<\/strong><\/p>\n<div><a title=\" -- Cliquez pour voir l'image en entier\" href=\"http:\/\/yahoo.lyon.bondyblog.fr\/images\/affiche_Tahrir_place_de_la_Liberation_2011_1.jpg\" target=\"_blank\"> <img loading=\"lazy\" decoding=\"async\" class=\"alignleft\" style=\"border: 0px none;\" alt=\" -- Cliquez pour voir l'image en entier\" src=\"http:\/\/yahoo.lyon.bondyblog.fr\/images\/affiche_Tahrir_place_de_la_Liberation_2011_1_t.jpg\" width=\"193\" height=\"258\" border=\"0\" \/> <\/a><\/div>\n<div>Place Tahrir, Le Caire. Le film d\u00e9bute au 30 janvier 2011, peupl\u00e9 de visages surpris, heureux de se voir si nombreux sur cette place. L\u2019on suit plusieurs personnages, un jeune homme arborant constamment le foulard noir et blanc du peuple palestinien, une toute jeune fille, elle porte un foulard rouge, enfin un homme, qui vient fermer ce triangle de \u2018\u2019ceux qui r\u00e9fl\u00e9chissent\u2019\u2019 sur cette place, o\u00f9 l\u2019on a voulu faire croire que le <b>chaos <\/b>r\u00e9gnait.<\/div>\n<p>Stefano Savona se charge de <b>pr\u00eater oreille<\/b> \u00e0 cette plage. Le point fort de ce film est sa musique, ces vagues lancinantes de mots, comme des petites gouttes d\u2019eau \u00e9clatantes, qui percutent l\u2019air. C\u2019est vif, entrainant, \u00e9clatant, les chants \u00e9gyptiens vous restent en t\u00eate plusieurs heures apr\u00e8s la fin du film.<\/p>\n<p>Puis il nous embarque \u00e0 l\u2019int\u00e9rieur de cette plage. Il nous noie, parmi les visages, les corps, les blessures, <b>l\u2019\u00e9cran d\u00e9borde<\/b> d\u2019humains. Des images pleines d\u2019\u00e9nergie positive, de sourires, de rencontres entre les peuples des diff\u00e9rentes villes. Car en effet, plus qu\u2019un simple r\u00e9cit de manifestations, \u2018\u2019<i>Tahrir\u2019<\/i>\u2019 propose d\u2019\u00e9couter ces \u00e9gyptiens. Leurs pr\u00e9occupations, leurs angoisses, leurs espoirs. De l\u2019homme de 62 ans effray\u00e9 par Moubarak, \u00e0 celui de 38 ans qui a pass\u00e9 trente ans \u00e0 se battre pour une situation tout juste confortable, dans le commerce des t\u00e9l\u00e9phone portables. Du vieillard si mince, au jeune en costume fringant, tous y passent. Une marr\u00e9e d\u2019hommes et de femmes, tous r\u00e9unis pour l\u2019avenir de leur pays.<\/p>\n<p>Ce film est une <b>cl\u00e9<\/b>, il ouvre la porte d\u2019un coffre que l\u2019on pouvait mal comprendre. A ceux qui s\u2019inqui\u00e8tent de la pouss\u00e9e d\u2019un Islam \u2018\u2019dur\u2019\u2019 en Egypte, certaines r\u00e9ponses se trouvent dans ce film. A ceux qui pensent que l\u2019arm\u00e9e est la seule condition \u00e0 l\u2019ordre du pays, certaines r\u00e9ponses se trouvent dans ce film. A ceux qui ne croient pas en la la\u00efcit\u00e9 dans les pays du Maghreb certaines r\u00e9ponses se trouvent dans ce film.<\/p>\n<p>Cette r\u00e9volution n\u2019est qu\u2019une premi\u00e8re <b>\u00e9tape<\/b> sur le long chemin de la d\u00e9mocratie, et c\u2019est un encouragement que l\u2019on entend dans le film, qui le porte, et qui peut \u00eatre continue \u00e0 porter les \u00e9gyptiens que je retranscris ici\u00a0: \u2018<i>\u2019Celui qui n\u2019aime pas gravir les montagne vivra toujours reclus dans les vall\u00e9es\u2019<\/i>\u2019.<\/p>\n<p>\u2018\u2019Tahrir\u2019\u2019 est bien plus qu\u2019un film, c\u2019est un appel au <b>mouvement <\/b>citoyen, \u00e0 l\u2019indignation, si mince soit elle, afin qu\u2019elle devienne action.<\/p>\n<p>Au Comoedia (Lyon 7\u00e8me) ce mardi \u00e0 21h15.<\/p>\n<p><a href=\"http:\/\/tahrir-liberationsquare.com\/index.html\">http:\/\/tahrir-liberationsquare.com\/index.html<\/a><\/p>\n<p><span style=\"text-decoration: underline;\">Journaliste : Laura Tangre<\/span><\/p>\n<!-- AddThis Advanced Settings generic via filter on the_content --><!-- AddThis Share Buttons generic via filter on the_content -->","protected":false},"excerpt":{"rendered":"<p>Le film de Stefanova Savona nous faire revivre les instants cruciaux, crisp\u00e9s et heureux de la r\u00e9volution \u00e9gyptienne. Sous le bitume de la place Tahrir &hellip; <!-- AddThis Advanced Settings generic via filter on wp_trim_excerpt --><!-- AddThis Share Buttons generic via filter on wp_trim_excerpt --><\/p>\n","protected":false},"author":1,"featured_media":1580,"comment_status":"open","ping_status":"open","sticky":false,"template":"","format":"standard","meta":{"_FSMCFIC_featured_image_caption":"","_FSMCFIC_featured_image_nocaption":"","_FSMCFIC_featured_image_hide":"","footnotes":""},"categories":[9,6],"tags":[10,112],"class_list":["post-1572","post","type-post","status-publish","format-standard","has-post-thumbnail","hentry","category-international","category-politique","tag-lyon-2","tag-lyon-bondy-blog"],"yoast_head":"<!-- This site is optimized with the Yoast SEO plugin v22.8 - https:\/\/yoast.com\/wordpress\/plugins\/seo\/ -->\n<title>Une plage \u00e0 Tahrir - Lyon Bondy Blog<\/title>\n<meta name=\"robots\" content=\"index, follow, max-snippet:-1, max-image-preview:large, max-video-preview:-1\" \/>\n<link rel=\"canonical\" href=\"https:\/\/lyonbondyblog.fr\/LBB\/une-plage-a-tahrir\/\" \/>\n<meta property=\"og:locale\" content=\"fr_FR\" \/>\n<meta property=\"og:type\" content=\"article\" \/>\n<meta property=\"og:title\" content=\"Une plage \u00e0 Tahrir - Lyon Bondy Blog\" \/>\n<meta property=\"og:description\" content=\"Le film de Stefanova Savona nous faire revivre les instants cruciaux, crisp\u00e9s et heureux de la r\u00e9volution \u00e9gyptienne. Sous le bitume de la place Tahrir &hellip;\" \/>\n<meta property=\"og:url\" content=\"https:\/\/lyonbondyblog.fr\/LBB\/une-plage-a-tahrir\/\" \/>\n<meta property=\"og:site_name\" content=\"Lyon Bondy Blog\" \/>\n<meta property=\"article:publisher\" content=\"https:\/\/www.facebook.com\/lyonbondyblog\" \/>\n<meta property=\"article:author\" content=\"https:\/\/www.facebook.com\/lyonbondyblog\" \/>\n<meta property=\"article:published_time\" content=\"2012-01-30T15:41:39+00:00\" \/>\n<meta property=\"article:modified_time\" content=\"2013-07-25T14:46:52+00:00\" \/>\n<meta property=\"og:image\" content=\"https:\/\/lyonbondyblog.fr\/LBB\/wp-content\/uploads\/2013\/07\/affiche_Tahrir_place_de_la_Liberation_2011_1_t.jpg\" \/>\n\t<meta property=\"og:image:width\" content=\"193\" \/>\n\t<meta property=\"og:image:height\" content=\"258\" \/>\n\t<meta property=\"og:image:type\" content=\"image\/jpeg\" \/>\n<meta name=\"author\" content=\"La r\u00e9daction\" \/>\n<meta name=\"twitter:card\" content=\"summary_large_image\" \/>\n<meta name=\"twitter:creator\" content=\"@BondyBlogLyon\" \/>\n<meta name=\"twitter:site\" content=\"@bondybloglyon\" \/>\n<script type=\"application\/ld+json\" class=\"yoast-schema-graph\">{\"@context\":\"https:\/\/schema.org\",\"@graph\":[{\"@type\":\"Article\",\"@id\":\"https:\/\/lyonbondyblog.fr\/LBB\/une-plage-a-tahrir\/#article\",\"isPartOf\":{\"@id\":\"https:\/\/lyonbondyblog.fr\/LBB\/une-plage-a-tahrir\/\"},\"author\":{\"name\":\"La r\u00e9daction\",\"@id\":\"https:\/\/lyonbondyblog.fr\/LBB\/#\/schema\/person\/e45f8d27baac75072daa0be50c409b25\"},\"headline\":\"Une plage \u00e0 Tahrir\",\"datePublished\":\"2012-01-30T15:41:39+00:00\",\"dateModified\":\"2013-07-25T14:46:52+00:00\",\"mainEntityOfPage\":{\"@id\":\"https:\/\/lyonbondyblog.fr\/LBB\/une-plage-a-tahrir\/\"},\"wordCount\":509,\"commentCount\":0,\"publisher\":{\"@id\":\"https:\/\/lyonbondyblog.fr\/LBB\/#organization\"},\"image\":{\"@id\":\"https:\/\/lyonbondyblog.fr\/LBB\/une-plage-a-tahrir\/#primaryimage\"},\"thumbnailUrl\":\"https:\/\/lyonbondyblog.fr\/LBB\/wp-content\/uploads\/2013\/07\/affiche_Tahrir_place_de_la_Liberation_2011_1_t.jpg\",\"keywords\":[\"lyon\",\"Lyon Bondy Blog\"],\"articleSection\":[\"International\",\"Politique\"],\"inLanguage\":\"fr-FR\",\"potentialAction\":[{\"@type\":\"CommentAction\",\"name\":\"Comment\",\"target\":[\"https:\/\/lyonbondyblog.fr\/LBB\/une-plage-a-tahrir\/#respond\"]}]},{\"@type\":\"WebPage\",\"@id\":\"https:\/\/lyonbondyblog.fr\/LBB\/une-plage-a-tahrir\/\",\"url\":\"https:\/\/lyonbondyblog.fr\/LBB\/une-plage-a-tahrir\/\",\"name\":\"Une plage \u00e0 Tahrir - Lyon Bondy Blog\",\"isPartOf\":{\"@id\":\"https:\/\/lyonbondyblog.fr\/LBB\/#website\"},\"primaryImageOfPage\":{\"@id\":\"https:\/\/lyonbondyblog.fr\/LBB\/une-plage-a-tahrir\/#primaryimage\"},\"image\":{\"@id\":\"https:\/\/lyonbondyblog.fr\/LBB\/une-plage-a-tahrir\/#primaryimage\"},\"thumbnailUrl\":\"https:\/\/lyonbondyblog.fr\/LBB\/wp-content\/uploads\/2013\/07\/affiche_Tahrir_place_de_la_Liberation_2011_1_t.jpg\",\"datePublished\":\"2012-01-30T15:41:39+00:00\",\"dateModified\":\"2013-07-25T14:46:52+00:00\",\"inLanguage\":\"fr-FR\",\"potentialAction\":[{\"@type\":\"ReadAction\",\"target\":[\"https:\/\/lyonbondyblog.fr\/LBB\/une-plage-a-tahrir\/\"]}]},{\"@type\":\"ImageObject\",\"inLanguage\":\"fr-FR\",\"@id\":\"https:\/\/lyonbondyblog.fr\/LBB\/une-plage-a-tahrir\/#primaryimage\",\"url\":\"https:\/\/lyonbondyblog.fr\/LBB\/wp-content\/uploads\/2013\/07\/affiche_Tahrir_place_de_la_Liberation_2011_1_t.jpg\",\"contentUrl\":\"https:\/\/lyonbondyblog.fr\/LBB\/wp-content\/uploads\/2013\/07\/affiche_Tahrir_place_de_la_Liberation_2011_1_t.jpg\",\"width\":193,\"height\":258},{\"@type\":\"WebSite\",\"@id\":\"https:\/\/lyonbondyblog.fr\/LBB\/#website\",\"url\":\"https:\/\/lyonbondyblog.fr\/LBB\/\",\"name\":\"Lyon Bondy Blog\",\"description\":\"\",\"publisher\":{\"@id\":\"https:\/\/lyonbondyblog.fr\/LBB\/#organization\"},\"potentialAction\":[{\"@type\":\"SearchAction\",\"target\":{\"@type\":\"EntryPoint\",\"urlTemplate\":\"https:\/\/lyonbondyblog.fr\/LBB\/?s={search_term_string}\"},\"query-input\":\"required name=search_term_string\"}],\"inLanguage\":\"fr-FR\"},{\"@type\":\"Organization\",\"@id\":\"https:\/\/lyonbondyblog.fr\/LBB\/#organization\",\"name\":\"LYON BONDY BLOG\",\"url\":\"https:\/\/lyonbondyblog.fr\/LBB\/\",\"logo\":{\"@type\":\"ImageObject\",\"inLanguage\":\"fr-FR\",\"@id\":\"https:\/\/lyonbondyblog.fr\/LBB\/#\/schema\/logo\/image\/\",\"url\":\"http:\/\/lyonbondyblog.fr\/LBB\/wp-content\/uploads\/2014\/10\/logo-portable-144.png\",\"contentUrl\":\"http:\/\/lyonbondyblog.fr\/LBB\/wp-content\/uploads\/2014\/10\/logo-portable-144.png\",\"width\":144,\"height\":123,\"caption\":\"LYON BONDY BLOG\"},\"image\":{\"@id\":\"https:\/\/lyonbondyblog.fr\/LBB\/#\/schema\/logo\/image\/\"},\"sameAs\":[\"https:\/\/www.facebook.com\/lyonbondyblog\",\"https:\/\/x.com\/bondybloglyon\"]},{\"@type\":\"Person\",\"@id\":\"https:\/\/lyonbondyblog.fr\/LBB\/#\/schema\/person\/e45f8d27baac75072daa0be50c409b25\",\"name\":\"La r\u00e9daction\",\"description\":\"Cr\u00e9e en 2008, la r\u00e9daction du Lyon Bondy Blog s'applique \u00e0 proposer une information locale diff\u00e9rente et compl\u00e9mentaire des m\u00e9dias traditionnels.\",\"sameAs\":[\"https:\/\/www.facebook.com\/lyonbondyblog\",\"https:\/\/x.com\/BondyBlogLyon\"],\"url\":\"https:\/\/lyonbondyblog.fr\/LBB\/author\/admin\/\"}]}<\/script>\n<!-- \/ Yoast SEO plugin. -->","yoast_head_json":{"title":"Une plage \u00e0 Tahrir - Lyon Bondy Blog","robots":{"index":"index","follow":"follow","max-snippet":"max-snippet:-1","max-image-preview":"max-image-preview:large","max-video-preview":"max-video-preview:-1"},"canonical":"https:\/\/lyonbondyblog.fr\/LBB\/une-plage-a-tahrir\/","og_locale":"fr_FR","og_type":"article","og_title":"Une plage \u00e0 Tahrir - Lyon Bondy Blog","og_description":"Le film de Stefanova Savona nous faire revivre les instants cruciaux, crisp\u00e9s et heureux de la r\u00e9volution \u00e9gyptienne. Sous le bitume de la place Tahrir &hellip;","og_url":"https:\/\/lyonbondyblog.fr\/LBB\/une-plage-a-tahrir\/","og_site_name":"Lyon Bondy Blog","article_publisher":"https:\/\/www.facebook.com\/lyonbondyblog","article_author":"https:\/\/www.facebook.com\/lyonbondyblog","article_published_time":"2012-01-30T15:41:39+00:00","article_modified_time":"2013-07-25T14:46:52+00:00","og_image":[{"width":193,"height":258,"url":"https:\/\/lyonbondyblog.fr\/LBB\/wp-content\/uploads\/2013\/07\/affiche_Tahrir_place_de_la_Liberation_2011_1_t.jpg","type":"image\/jpeg"}],"author":"La r\u00e9daction","twitter_card":"summary_large_image","twitter_creator":"@BondyBlogLyon","twitter_site":"@bondybloglyon","schema":{"@context":"https:\/\/schema.org","@graph":[{"@type":"Article","@id":"https:\/\/lyonbondyblog.fr\/LBB\/une-plage-a-tahrir\/#article","isPartOf":{"@id":"https:\/\/lyonbondyblog.fr\/LBB\/une-plage-a-tahrir\/"},"author":{"name":"La r\u00e9daction","@id":"https:\/\/lyonbondyblog.fr\/LBB\/#\/schema\/person\/e45f8d27baac75072daa0be50c409b25"},"headline":"Une plage \u00e0 Tahrir","datePublished":"2012-01-30T15:41:39+00:00","dateModified":"2013-07-25T14:46:52+00:00","mainEntityOfPage":{"@id":"https:\/\/lyonbondyblog.fr\/LBB\/une-plage-a-tahrir\/"},"wordCount":509,"commentCount":0,"publisher":{"@id":"https:\/\/lyonbondyblog.fr\/LBB\/#organization"},"image":{"@id":"https:\/\/lyonbondyblog.fr\/LBB\/une-plage-a-tahrir\/#primaryimage"},"thumbnailUrl":"https:\/\/lyonbondyblog.fr\/LBB\/wp-content\/uploads\/2013\/07\/affiche_Tahrir_place_de_la_Liberation_2011_1_t.jpg","keywords":["lyon","Lyon Bondy Blog"],"articleSection":["International","Politique"],"inLanguage":"fr-FR","potentialAction":[{"@type":"CommentAction","name":"Comment","target":["https:\/\/lyonbondyblog.fr\/LBB\/une-plage-a-tahrir\/#respond"]}]},{"@type":"WebPage","@id":"https:\/\/lyonbondyblog.fr\/LBB\/une-plage-a-tahrir\/","url":"https:\/\/lyonbondyblog.fr\/LBB\/une-plage-a-tahrir\/","name":"Une plage \u00e0 Tahrir - Lyon Bondy Blog","isPartOf":{"@id":"https:\/\/lyonbondyblog.fr\/LBB\/#website"},"primaryImageOfPage":{"@id":"https:\/\/lyonbondyblog.fr\/LBB\/une-plage-a-tahrir\/#primaryimage"},"image":{"@id":"https:\/\/lyonbondyblog.fr\/LBB\/une-plage-a-tahrir\/#primaryimage"},"thumbnailUrl":"https:\/\/lyonbondyblog.fr\/LBB\/wp-content\/uploads\/2013\/07\/affiche_Tahrir_place_de_la_Liberation_2011_1_t.jpg","datePublished":"2012-01-30T15:41:39+00:00","dateModified":"2013-07-25T14:46:52+00:00","inLanguage":"fr-FR","potentialAction":[{"@type":"ReadAction","target":["https:\/\/lyonbondyblog.fr\/LBB\/une-plage-a-tahrir\/"]}]},{"@type":"ImageObject","inLanguage":"fr-FR","@id":"https:\/\/lyonbondyblog.fr\/LBB\/une-plage-a-tahrir\/#primaryimage","url":"https:\/\/lyonbondyblog.fr\/LBB\/wp-content\/uploads\/2013\/07\/affiche_Tahrir_place_de_la_Liberation_2011_1_t.jpg","contentUrl":"https:\/\/lyonbondyblog.fr\/LBB\/wp-content\/uploads\/2013\/07\/affiche_Tahrir_place_de_la_Liberation_2011_1_t.jpg","width":193,"height":258},{"@type":"WebSite","@id":"https:\/\/lyonbondyblog.fr\/LBB\/#website","url":"https:\/\/lyonbondyblog.fr\/LBB\/","name":"Lyon Bondy Blog","description":"","publisher":{"@id":"https:\/\/lyonbondyblog.fr\/LBB\/#organization"},"potentialAction":[{"@type":"SearchAction","target":{"@type":"EntryPoint","urlTemplate":"https:\/\/lyonbondyblog.fr\/LBB\/?s={search_term_string}"},"query-input":"required name=search_term_string"}],"inLanguage":"fr-FR"},{"@type":"Organization","@id":"https:\/\/lyonbondyblog.fr\/LBB\/#organization","name":"LYON BONDY BLOG","url":"https:\/\/lyonbondyblog.fr\/LBB\/","logo":{"@type":"ImageObject","inLanguage":"fr-FR","@id":"https:\/\/lyonbondyblog.fr\/LBB\/#\/schema\/logo\/image\/","url":"http:\/\/lyonbondyblog.fr\/LBB\/wp-content\/uploads\/2014\/10\/logo-portable-144.png","contentUrl":"http:\/\/lyonbondyblog.fr\/LBB\/wp-content\/uploads\/2014\/10\/logo-portable-144.png","width":144,"height":123,"caption":"LYON BONDY BLOG"},"image":{"@id":"https:\/\/lyonbondyblog.fr\/LBB\/#\/schema\/logo\/image\/"},"sameAs":["https:\/\/www.facebook.com\/lyonbondyblog","https:\/\/x.com\/bondybloglyon"]},{"@type":"Person","@id":"https:\/\/lyonbondyblog.fr\/LBB\/#\/schema\/person\/e45f8d27baac75072daa0be50c409b25","name":"La r\u00e9daction","description":"Cr\u00e9e en 2008, la r\u00e9daction du Lyon Bondy Blog s'applique \u00e0 proposer une information locale diff\u00e9rente et compl\u00e9mentaire des m\u00e9dias traditionnels.","sameAs":["https:\/\/www.facebook.com\/lyonbondyblog","https:\/\/x.com\/BondyBlogLyon"],"url":"https:\/\/lyonbondyblog.fr\/LBB\/author\/admin\/"}]}},"_links":{"self":[{"href":"https:\/\/lyonbondyblog.fr\/LBB\/wp-json\/wp\/v2\/posts\/1572","targetHints":{"allow":["GET"]}}],"collection":[{"href":"https:\/\/lyonbondyblog.fr\/LBB\/wp-json\/wp\/v2\/posts"}],"about":[{"href":"https:\/\/lyonbondyblog.fr\/LBB\/wp-json\/wp\/v2\/types\/post"}],"author":[{"embeddable":true,"href":"https:\/\/lyonbondyblog.fr\/LBB\/wp-json\/wp\/v2\/users\/1"}],"replies":[{"embeddable":true,"href":"https:\/\/lyonbondyblog.fr\/LBB\/wp-json\/wp\/v2\/comments?post=1572"}],"version-history":[{"count":0,"href":"https:\/\/lyonbondyblog.fr\/LBB\/wp-json\/wp\/v2\/posts\/1572\/revisions"}],"wp:featuredmedia":[{"embeddable":true,"href":"https:\/\/lyonbondyblog.fr\/LBB\/wp-json\/wp\/v2\/media\/1580"}],"wp:attachment":[{"href":"https:\/\/lyonbondyblog.fr\/LBB\/wp-json\/wp\/v2\/media?parent=1572"}],"wp:term":[{"taxonomy":"category","embeddable":true,"href":"https:\/\/lyonbondyblog.fr\/LBB\/wp-json\/wp\/v2\/categories?post=1572"},{"taxonomy":"post_tag","embeddable":true,"href":"https:\/\/lyonbondyblog.fr\/LBB\/wp-json\/wp\/v2\/tags?post=1572"}],"curies":[{"name":"wp","href":"https:\/\/api.w.org\/{rel}","templated":true}]}}