{"id":1568,"date":"2012-02-13T16:40:20","date_gmt":"2012-02-13T15:40:20","guid":{"rendered":"http:\/\/lyonbondyblog.fr\/LBB\/?p=1568"},"modified":"2013-07-25T16:42:58","modified_gmt":"2013-07-25T14:42:58","slug":"venissieux-la-belle-sous-un-autre-regard","status":"publish","type":"post","link":"https:\/\/lyonbondyblog.fr\/LBB\/venissieux-la-belle-sous-un-autre-regard\/","title":{"rendered":"V\u00e9nissieux la Belle sous \u00ab\u00a0un autre regard\u00a0\u00bb"},"content":{"rendered":"<p><strong>Et si vous d\u00e9couvriez ou re-d\u00e9couvriez V\u00e9nissieux \u00e0 travers un livre\u00a0? C\u2019est l\u2019id\u00e9e qui est venue \u00e0 l\u2019actuel maire de la commune, Mich\u00e8le Picard. Pr\u00e9sent\u00e9 au public V\u00e9nissian en septembre dernier, l\u2019ouvrage part d\u00e9sormais \u00e0 la rencontre du public Lyonnais.<\/strong><\/p>\n<div><a title=\" -- Cliquez pour voir l'image en entier\" href=\"http:\/\/yahoo.lyon.bondyblog.fr\/images\/Livre_Venissieux_couvblog.jpg\" target=\"_blank\"> <img decoding=\"async\" alt=\" -- Cliquez pour voir l'image en entier\" src=\"http:\/\/yahoo.lyon.bondyblog.fr\/images\/Livre_Venissieux_couvblog_t.jpg\" border=\"0\" \/> <\/a><\/div>\n<div><\/div>\n<p>\u00ab\u00a0<i>C\u2019est un peu mon b\u00e9b\u00e9<\/i>\u00a0\u00bb, voil\u00e0 les premiers mots qui viennent \u00e0 la bouche de Mich\u00e8le Picard quand on \u00e9voque \u201cV\u00e9nissieux, un autre regard\u201d. Un ouvrage qui se veut avant tout un livre artistique. \u00ab<i>J\u2019avais envie de montrer V\u00e9nissieux la Belle\u00a0et non la rebelle<\/i>\u00bb, d\u00e9clare cette derni\u00e8re.<\/p>\n<p>Pour cela, elle a fait appel \u00e0 trois autres personnes\u00a0: Jean Miaille (photographe), Olivier Fischer (illustrateur) et Thierry Renard (po\u00e8te). Tous trois ont m\u00e9lang\u00e9 ainsi leur art dans le but de donner une autre image de V\u00e9nissieux. Un carnet de voyage avec pour volont\u00e9 de casser certains pr\u00e9jug\u00e9s. \u00ab<i>\u00a0Moi-m\u00eame, je suis une enfant des Minguettes et la culture dans cette ville a toujours \u00e9t\u00e9 accessible \u00e0 tous. C\u2019est pourquoi, il \u00e9tait \u00e9vident que ce troisi\u00e8me livre sur V\u00e9nissieux devait avoir une dimension artistique et non, \u00eatre un simple livre de communication\u00a0<\/i>\u00bb, d\u00e9clare Mme Picard.<\/p>\n<p>Une vraie aventure<\/p>\n<p>Un travail collectif o\u00f9 la confiance mutuelle a \u00e9t\u00e9 l\u2019un des points essentiels. \u00ab<i>Il est tr\u00e8s rare qu\u2019une municipalit\u00e9 laisse autant de libert\u00e9 aux artistes<\/i>\u00bb, confie Olivier Fischer. Pourtant, ce n\u2019\u00e9tait pas si simple comme le d\u00e9clare Thierry Renard, le po\u00e8te\u00a0: \u00ab<i>Cela reste assez complexe de m\u00e9langer le dessin, la photo et le texte. Mais c\u2019est bien de montrer cette ville sous un autre regard. L\u2019arriv\u00e9e du tram a chang\u00e9 beaucoup de choses. Elle a permis de rapprocher les gens<\/i>\u00bb.<\/p>\n<p>Durant plusieurs mois, Jean Miaille, le photographe est parti \u00e0 la rencontre de la population et \u00e0 la d\u00e9couverte des diff\u00e9rents quartiers. Pour ce dernier, non originaire de la ville, ce qui l\u2019a le plus marqu\u00e9, c\u2019est la fiert\u00e9 qu\u2019on les habitants\u00a0: \u00ab<i>Ils se reconnaissent V\u00e9nissians\u00a0!\u00a0Et il y a une certaine s\u00e9r\u00e9nit\u00e9 \u00e0 V\u00e9nissieux. Parmi les rencontres les plus marquantes que j\u2019ai pu faire, il y a la f\u00eate des Minguettes o\u00f9 on peut voir toute cette mixit\u00e9 sociale et des gens heureux souriants \u00e0 l\u2019appareil photo<\/i>\u00bb. Au total, plus de 400 photos avaient \u00e9t\u00e9 s\u00e9lectionn\u00e9es par le photographe pour l&rsquo;\u00e9dition du livre.<\/p>\n<p><a title=\"Zoom\" href=\"http:\/\/yahoo.lyon.bondyblog.fr\/images\/DSC07425__2_t.800.jpg\"><img loading=\"lazy\" decoding=\"async\" alt=\"\" src=\"http:\/\/yahoo.lyon.bondyblog.fr\/images\/DSC07425__2_t.jpg\" width=\"239\" height=\"179\" border=\"0\" \/><\/a><\/p>\n<p>\u201c<i>V\u00e9nissieux, un autre regard<\/i>\u201d \u2028de Jean Miaille, Olivier Fischer et Thierry Renard, \u00e9d. La passe du vent, 35\u00a0euros.<\/p>\n<p>Site du photographe\u00a0: <a href=\"http:\/\/www.jeanmiaille.fr\/\">http:\/\/www.jeanmiaille.fr\/<\/a><\/p>\n<!-- AddThis Advanced Settings generic via filter on the_content --><!-- AddThis Share Buttons generic via filter on the_content -->","protected":false},"excerpt":{"rendered":"<p>Et si vous d\u00e9couvriez ou re-d\u00e9couvriez V\u00e9nissieux \u00e0 travers un livre\u00a0? C\u2019est l\u2019id\u00e9e qui est venue \u00e0 l\u2019actuel maire de la commune, Mich\u00e8le Picard. Pr\u00e9sent\u00e9 &hellip; <!-- AddThis Advanced Settings generic via filter on wp_trim_excerpt --><!-- AddThis Share Buttons generic via filter on wp_trim_excerpt --><\/p>\n","protected":false},"author":1,"featured_media":1573,"comment_status":"open","ping_status":"open","sticky":false,"template":"","format":"standard","meta":{"_FSMCFIC_featured_image_caption":"","_FSMCFIC_featured_image_nocaption":"","_FSMCFIC_featured_image_hide":"","footnotes":""},"categories":[4],"tags":[10,112],"class_list":["post-1568","post","type-post","status-publish","format-standard","has-post-thumbnail","hentry","category-lyon","tag-lyon-2","tag-lyon-bondy-blog"],"yoast_head":"<!-- This site is optimized with the Yoast SEO plugin v22.8 - https:\/\/yoast.com\/wordpress\/plugins\/seo\/ -->\n<title>V\u00e9nissieux la Belle sous &quot;un autre regard&quot; - Lyon Bondy Blog<\/title>\n<meta name=\"robots\" content=\"index, follow, max-snippet:-1, max-image-preview:large, max-video-preview:-1\" \/>\n<link rel=\"canonical\" href=\"https:\/\/lyonbondyblog.fr\/LBB\/venissieux-la-belle-sous-un-autre-regard\/\" \/>\n<meta property=\"og:locale\" content=\"fr_FR\" \/>\n<meta property=\"og:type\" content=\"article\" \/>\n<meta property=\"og:title\" content=\"V\u00e9nissieux la Belle sous &quot;un autre regard&quot; - Lyon Bondy Blog\" \/>\n<meta property=\"og:description\" content=\"Et si vous d\u00e9couvriez ou re-d\u00e9couvriez V\u00e9nissieux \u00e0 travers un livre\u00a0? C\u2019est l\u2019id\u00e9e qui est venue \u00e0 l\u2019actuel maire de la commune, Mich\u00e8le Picard. Pr\u00e9sent\u00e9 &hellip;\" \/>\n<meta property=\"og:url\" content=\"https:\/\/lyonbondyblog.fr\/LBB\/venissieux-la-belle-sous-un-autre-regard\/\" \/>\n<meta property=\"og:site_name\" content=\"Lyon Bondy Blog\" \/>\n<meta property=\"article:publisher\" content=\"https:\/\/www.facebook.com\/lyonbondyblog\" \/>\n<meta property=\"article:author\" content=\"https:\/\/www.facebook.com\/lyonbondyblog\" \/>\n<meta property=\"article:published_time\" content=\"2012-02-13T15:40:20+00:00\" \/>\n<meta property=\"article:modified_time\" content=\"2013-07-25T14:42:58+00:00\" \/>\n<meta property=\"og:image\" content=\"https:\/\/lyonbondyblog.fr\/LBB\/wp-content\/uploads\/2013\/07\/Livre_Venissieux_couvblog_t.jpg\" \/>\n\t<meta property=\"og:image:width\" content=\"193\" \/>\n\t<meta property=\"og:image:height\" content=\"119\" \/>\n\t<meta property=\"og:image:type\" content=\"image\/jpeg\" \/>\n<meta name=\"author\" content=\"La r\u00e9daction\" \/>\n<meta name=\"twitter:card\" content=\"summary_large_image\" \/>\n<meta name=\"twitter:creator\" content=\"@BondyBlogLyon\" \/>\n<meta name=\"twitter:site\" content=\"@bondybloglyon\" \/>\n<script type=\"application\/ld+json\" class=\"yoast-schema-graph\">{\"@context\":\"https:\/\/schema.org\",\"@graph\":[{\"@type\":\"Article\",\"@id\":\"https:\/\/lyonbondyblog.fr\/LBB\/venissieux-la-belle-sous-un-autre-regard\/#article\",\"isPartOf\":{\"@id\":\"https:\/\/lyonbondyblog.fr\/LBB\/venissieux-la-belle-sous-un-autre-regard\/\"},\"author\":{\"name\":\"La r\u00e9daction\",\"@id\":\"https:\/\/lyonbondyblog.fr\/LBB\/#\/schema\/person\/e45f8d27baac75072daa0be50c409b25\"},\"headline\":\"V\u00e9nissieux la Belle sous \u00ab\u00a0un autre regard\u00a0\u00bb\",\"datePublished\":\"2012-02-13T15:40:20+00:00\",\"dateModified\":\"2013-07-25T14:42:58+00:00\",\"mainEntityOfPage\":{\"@id\":\"https:\/\/lyonbondyblog.fr\/LBB\/venissieux-la-belle-sous-un-autre-regard\/\"},\"wordCount\":447,\"commentCount\":0,\"publisher\":{\"@id\":\"https:\/\/lyonbondyblog.fr\/LBB\/#organization\"},\"image\":{\"@id\":\"https:\/\/lyonbondyblog.fr\/LBB\/venissieux-la-belle-sous-un-autre-regard\/#primaryimage\"},\"thumbnailUrl\":\"https:\/\/lyonbondyblog.fr\/LBB\/wp-content\/uploads\/2013\/07\/Livre_Venissieux_couvblog_t.jpg\",\"keywords\":[\"lyon\",\"Lyon Bondy Blog\"],\"articleSection\":[\"Lyon\"],\"inLanguage\":\"fr-FR\",\"potentialAction\":[{\"@type\":\"CommentAction\",\"name\":\"Comment\",\"target\":[\"https:\/\/lyonbondyblog.fr\/LBB\/venissieux-la-belle-sous-un-autre-regard\/#respond\"]}]},{\"@type\":\"WebPage\",\"@id\":\"https:\/\/lyonbondyblog.fr\/LBB\/venissieux-la-belle-sous-un-autre-regard\/\",\"url\":\"https:\/\/lyonbondyblog.fr\/LBB\/venissieux-la-belle-sous-un-autre-regard\/\",\"name\":\"V\u00e9nissieux la Belle sous \\\"un autre regard\\\" - Lyon Bondy Blog\",\"isPartOf\":{\"@id\":\"https:\/\/lyonbondyblog.fr\/LBB\/#website\"},\"primaryImageOfPage\":{\"@id\":\"https:\/\/lyonbondyblog.fr\/LBB\/venissieux-la-belle-sous-un-autre-regard\/#primaryimage\"},\"image\":{\"@id\":\"https:\/\/lyonbondyblog.fr\/LBB\/venissieux-la-belle-sous-un-autre-regard\/#primaryimage\"},\"thumbnailUrl\":\"https:\/\/lyonbondyblog.fr\/LBB\/wp-content\/uploads\/2013\/07\/Livre_Venissieux_couvblog_t.jpg\",\"datePublished\":\"2012-02-13T15:40:20+00:00\",\"dateModified\":\"2013-07-25T14:42:58+00:00\",\"inLanguage\":\"fr-FR\",\"potentialAction\":[{\"@type\":\"ReadAction\",\"target\":[\"https:\/\/lyonbondyblog.fr\/LBB\/venissieux-la-belle-sous-un-autre-regard\/\"]}]},{\"@type\":\"ImageObject\",\"inLanguage\":\"fr-FR\",\"@id\":\"https:\/\/lyonbondyblog.fr\/LBB\/venissieux-la-belle-sous-un-autre-regard\/#primaryimage\",\"url\":\"https:\/\/lyonbondyblog.fr\/LBB\/wp-content\/uploads\/2013\/07\/Livre_Venissieux_couvblog_t.jpg\",\"contentUrl\":\"https:\/\/lyonbondyblog.fr\/LBB\/wp-content\/uploads\/2013\/07\/Livre_Venissieux_couvblog_t.jpg\",\"width\":193,\"height\":119},{\"@type\":\"WebSite\",\"@id\":\"https:\/\/lyonbondyblog.fr\/LBB\/#website\",\"url\":\"https:\/\/lyonbondyblog.fr\/LBB\/\",\"name\":\"Lyon Bondy Blog\",\"description\":\"\",\"publisher\":{\"@id\":\"https:\/\/lyonbondyblog.fr\/LBB\/#organization\"},\"potentialAction\":[{\"@type\":\"SearchAction\",\"target\":{\"@type\":\"EntryPoint\",\"urlTemplate\":\"https:\/\/lyonbondyblog.fr\/LBB\/?s={search_term_string}\"},\"query-input\":\"required name=search_term_string\"}],\"inLanguage\":\"fr-FR\"},{\"@type\":\"Organization\",\"@id\":\"https:\/\/lyonbondyblog.fr\/LBB\/#organization\",\"name\":\"LYON BONDY BLOG\",\"url\":\"https:\/\/lyonbondyblog.fr\/LBB\/\",\"logo\":{\"@type\":\"ImageObject\",\"inLanguage\":\"fr-FR\",\"@id\":\"https:\/\/lyonbondyblog.fr\/LBB\/#\/schema\/logo\/image\/\",\"url\":\"http:\/\/lyonbondyblog.fr\/LBB\/wp-content\/uploads\/2014\/10\/logo-portable-144.png\",\"contentUrl\":\"http:\/\/lyonbondyblog.fr\/LBB\/wp-content\/uploads\/2014\/10\/logo-portable-144.png\",\"width\":144,\"height\":123,\"caption\":\"LYON BONDY BLOG\"},\"image\":{\"@id\":\"https:\/\/lyonbondyblog.fr\/LBB\/#\/schema\/logo\/image\/\"},\"sameAs\":[\"https:\/\/www.facebook.com\/lyonbondyblog\",\"https:\/\/x.com\/bondybloglyon\"]},{\"@type\":\"Person\",\"@id\":\"https:\/\/lyonbondyblog.fr\/LBB\/#\/schema\/person\/e45f8d27baac75072daa0be50c409b25\",\"name\":\"La r\u00e9daction\",\"description\":\"Cr\u00e9e en 2008, la r\u00e9daction du Lyon Bondy Blog s'applique \u00e0 proposer une information locale diff\u00e9rente et compl\u00e9mentaire des m\u00e9dias traditionnels.\",\"sameAs\":[\"https:\/\/www.facebook.com\/lyonbondyblog\",\"https:\/\/x.com\/BondyBlogLyon\"],\"url\":\"https:\/\/lyonbondyblog.fr\/LBB\/author\/admin\/\"}]}<\/script>\n<!-- \/ Yoast SEO plugin. -->","yoast_head_json":{"title":"V\u00e9nissieux la Belle sous \"un autre regard\" - Lyon Bondy Blog","robots":{"index":"index","follow":"follow","max-snippet":"max-snippet:-1","max-image-preview":"max-image-preview:large","max-video-preview":"max-video-preview:-1"},"canonical":"https:\/\/lyonbondyblog.fr\/LBB\/venissieux-la-belle-sous-un-autre-regard\/","og_locale":"fr_FR","og_type":"article","og_title":"V\u00e9nissieux la Belle sous \"un autre regard\" - Lyon Bondy Blog","og_description":"Et si vous d\u00e9couvriez ou re-d\u00e9couvriez V\u00e9nissieux \u00e0 travers un livre\u00a0? C\u2019est l\u2019id\u00e9e qui est venue \u00e0 l\u2019actuel maire de la commune, Mich\u00e8le Picard. Pr\u00e9sent\u00e9 &hellip;","og_url":"https:\/\/lyonbondyblog.fr\/LBB\/venissieux-la-belle-sous-un-autre-regard\/","og_site_name":"Lyon Bondy Blog","article_publisher":"https:\/\/www.facebook.com\/lyonbondyblog","article_author":"https:\/\/www.facebook.com\/lyonbondyblog","article_published_time":"2012-02-13T15:40:20+00:00","article_modified_time":"2013-07-25T14:42:58+00:00","og_image":[{"width":193,"height":119,"url":"https:\/\/lyonbondyblog.fr\/LBB\/wp-content\/uploads\/2013\/07\/Livre_Venissieux_couvblog_t.jpg","type":"image\/jpeg"}],"author":"La r\u00e9daction","twitter_card":"summary_large_image","twitter_creator":"@BondyBlogLyon","twitter_site":"@bondybloglyon","schema":{"@context":"https:\/\/schema.org","@graph":[{"@type":"Article","@id":"https:\/\/lyonbondyblog.fr\/LBB\/venissieux-la-belle-sous-un-autre-regard\/#article","isPartOf":{"@id":"https:\/\/lyonbondyblog.fr\/LBB\/venissieux-la-belle-sous-un-autre-regard\/"},"author":{"name":"La r\u00e9daction","@id":"https:\/\/lyonbondyblog.fr\/LBB\/#\/schema\/person\/e45f8d27baac75072daa0be50c409b25"},"headline":"V\u00e9nissieux la Belle sous \u00ab\u00a0un autre regard\u00a0\u00bb","datePublished":"2012-02-13T15:40:20+00:00","dateModified":"2013-07-25T14:42:58+00:00","mainEntityOfPage":{"@id":"https:\/\/lyonbondyblog.fr\/LBB\/venissieux-la-belle-sous-un-autre-regard\/"},"wordCount":447,"commentCount":0,"publisher":{"@id":"https:\/\/lyonbondyblog.fr\/LBB\/#organization"},"image":{"@id":"https:\/\/lyonbondyblog.fr\/LBB\/venissieux-la-belle-sous-un-autre-regard\/#primaryimage"},"thumbnailUrl":"https:\/\/lyonbondyblog.fr\/LBB\/wp-content\/uploads\/2013\/07\/Livre_Venissieux_couvblog_t.jpg","keywords":["lyon","Lyon Bondy Blog"],"articleSection":["Lyon"],"inLanguage":"fr-FR","potentialAction":[{"@type":"CommentAction","name":"Comment","target":["https:\/\/lyonbondyblog.fr\/LBB\/venissieux-la-belle-sous-un-autre-regard\/#respond"]}]},{"@type":"WebPage","@id":"https:\/\/lyonbondyblog.fr\/LBB\/venissieux-la-belle-sous-un-autre-regard\/","url":"https:\/\/lyonbondyblog.fr\/LBB\/venissieux-la-belle-sous-un-autre-regard\/","name":"V\u00e9nissieux la Belle sous \"un autre regard\" - Lyon Bondy Blog","isPartOf":{"@id":"https:\/\/lyonbondyblog.fr\/LBB\/#website"},"primaryImageOfPage":{"@id":"https:\/\/lyonbondyblog.fr\/LBB\/venissieux-la-belle-sous-un-autre-regard\/#primaryimage"},"image":{"@id":"https:\/\/lyonbondyblog.fr\/LBB\/venissieux-la-belle-sous-un-autre-regard\/#primaryimage"},"thumbnailUrl":"https:\/\/lyonbondyblog.fr\/LBB\/wp-content\/uploads\/2013\/07\/Livre_Venissieux_couvblog_t.jpg","datePublished":"2012-02-13T15:40:20+00:00","dateModified":"2013-07-25T14:42:58+00:00","inLanguage":"fr-FR","potentialAction":[{"@type":"ReadAction","target":["https:\/\/lyonbondyblog.fr\/LBB\/venissieux-la-belle-sous-un-autre-regard\/"]}]},{"@type":"ImageObject","inLanguage":"fr-FR","@id":"https:\/\/lyonbondyblog.fr\/LBB\/venissieux-la-belle-sous-un-autre-regard\/#primaryimage","url":"https:\/\/lyonbondyblog.fr\/LBB\/wp-content\/uploads\/2013\/07\/Livre_Venissieux_couvblog_t.jpg","contentUrl":"https:\/\/lyonbondyblog.fr\/LBB\/wp-content\/uploads\/2013\/07\/Livre_Venissieux_couvblog_t.jpg","width":193,"height":119},{"@type":"WebSite","@id":"https:\/\/lyonbondyblog.fr\/LBB\/#website","url":"https:\/\/lyonbondyblog.fr\/LBB\/","name":"Lyon Bondy Blog","description":"","publisher":{"@id":"https:\/\/lyonbondyblog.fr\/LBB\/#organization"},"potentialAction":[{"@type":"SearchAction","target":{"@type":"EntryPoint","urlTemplate":"https:\/\/lyonbondyblog.fr\/LBB\/?s={search_term_string}"},"query-input":"required name=search_term_string"}],"inLanguage":"fr-FR"},{"@type":"Organization","@id":"https:\/\/lyonbondyblog.fr\/LBB\/#organization","name":"LYON BONDY BLOG","url":"https:\/\/lyonbondyblog.fr\/LBB\/","logo":{"@type":"ImageObject","inLanguage":"fr-FR","@id":"https:\/\/lyonbondyblog.fr\/LBB\/#\/schema\/logo\/image\/","url":"http:\/\/lyonbondyblog.fr\/LBB\/wp-content\/uploads\/2014\/10\/logo-portable-144.png","contentUrl":"http:\/\/lyonbondyblog.fr\/LBB\/wp-content\/uploads\/2014\/10\/logo-portable-144.png","width":144,"height":123,"caption":"LYON BONDY BLOG"},"image":{"@id":"https:\/\/lyonbondyblog.fr\/LBB\/#\/schema\/logo\/image\/"},"sameAs":["https:\/\/www.facebook.com\/lyonbondyblog","https:\/\/x.com\/bondybloglyon"]},{"@type":"Person","@id":"https:\/\/lyonbondyblog.fr\/LBB\/#\/schema\/person\/e45f8d27baac75072daa0be50c409b25","name":"La r\u00e9daction","description":"Cr\u00e9e en 2008, la r\u00e9daction du Lyon Bondy Blog s'applique \u00e0 proposer une information locale diff\u00e9rente et compl\u00e9mentaire des m\u00e9dias traditionnels.","sameAs":["https:\/\/www.facebook.com\/lyonbondyblog","https:\/\/x.com\/BondyBlogLyon"],"url":"https:\/\/lyonbondyblog.fr\/LBB\/author\/admin\/"}]}},"_links":{"self":[{"href":"https:\/\/lyonbondyblog.fr\/LBB\/wp-json\/wp\/v2\/posts\/1568","targetHints":{"allow":["GET"]}}],"collection":[{"href":"https:\/\/lyonbondyblog.fr\/LBB\/wp-json\/wp\/v2\/posts"}],"about":[{"href":"https:\/\/lyonbondyblog.fr\/LBB\/wp-json\/wp\/v2\/types\/post"}],"author":[{"embeddable":true,"href":"https:\/\/lyonbondyblog.fr\/LBB\/wp-json\/wp\/v2\/users\/1"}],"replies":[{"embeddable":true,"href":"https:\/\/lyonbondyblog.fr\/LBB\/wp-json\/wp\/v2\/comments?post=1568"}],"version-history":[{"count":0,"href":"https:\/\/lyonbondyblog.fr\/LBB\/wp-json\/wp\/v2\/posts\/1568\/revisions"}],"wp:featuredmedia":[{"embeddable":true,"href":"https:\/\/lyonbondyblog.fr\/LBB\/wp-json\/wp\/v2\/media\/1573"}],"wp:attachment":[{"href":"https:\/\/lyonbondyblog.fr\/LBB\/wp-json\/wp\/v2\/media?parent=1568"}],"wp:term":[{"taxonomy":"category","embeddable":true,"href":"https:\/\/lyonbondyblog.fr\/LBB\/wp-json\/wp\/v2\/categories?post=1568"},{"taxonomy":"post_tag","embeddable":true,"href":"https:\/\/lyonbondyblog.fr\/LBB\/wp-json\/wp\/v2\/tags?post=1568"}],"curies":[{"name":"wp","href":"https:\/\/api.w.org\/{rel}","templated":true}]}}