{"id":15676,"date":"2019-04-03T14:19:25","date_gmt":"2019-04-03T12:19:25","guid":{"rendered":"http:\/\/lyonbondyblog.fr\/LBB\/?p=15676"},"modified":"2019-04-03T14:23:26","modified_gmt":"2019-04-03T12:23:26","slug":"lassociation-qui-veut-ouvrir-une-station-de-metro-lhiver-pour-les-sdf","status":"publish","type":"post","link":"https:\/\/lyonbondyblog.fr\/LBB\/lassociation-qui-veut-ouvrir-une-station-de-metro-lhiver-pour-les-sdf\/","title":{"rendered":"L\u2019association qui veut ouvrir une station de m\u00e9tro l\u2019hiver pour les SDF"},"content":{"rendered":"<h4>Donner la main, Don de soi est une association caritative qui vient en aide aux sans-abris. Depuis trois ans, elle souhaite ouvrir la station de m\u00e9tro Victor-Hugo pour qu\u2019ils puissent passer l\u2019hiver au chaud.<\/h4>\n<p>L\u2019association <a href=\"https:\/\/donnerlamain.fr\">Donner la main, Don de soi<\/a> organise depuis 2008 des actions pour aider les sans-abris \u00e0 Lyon. Depuis trois hivers, l\u2019organisme fait des demandes r\u00e9p\u00e9t\u00e9es \u00e0 G\u00e9rard Collomb et David Kimelfeld, maire de Lyon et pr\u00e9sident de la m\u00e9tropole, ainsi qu\u2019au Sytral afin que la station de m\u00e9tro Victor-Hugo soit ouverte aux sans-abris l\u2019hiver par grand froid.<br \/>\nLe maire de Lyon leur a r\u00e9pondu ne pas avoir le temps de les recevoir mais a confi\u00e9 leur demande \u00e0 son adjointe, Zorah Ait Maten. Cette derni\u00e8re n\u2019a toujours pas pris contact avec l\u2019association depuis un an et demi, selon l\u2019association.<br \/>\nLa pr\u00e9sidente du Sytral, Fouziya Bouzerda, leur a r\u00e9pondu vendredi dernier, apr\u00e8s trois mois et demi d\u2019attente, en les encourageant dans leurs actions. Cependant, elle aurait ajout\u00e9 ne pas pouvoir permettre l\u2019ouverture de la station Victor-Hugo la nuit \u00e0 cause de la maintenance.<\/p>\n<h4>Des difficult\u00e9s pour \u00eatre \u00e9cout\u00e9 et agir<\/h4>\n<p>Jean-Marc Roffat, pr\u00e9sident de l\u2019association, raconte une anecdote qui montre les difficult\u00e9s \u00e0 mettre en place des mesures pour les sans-abris. Il y a deux ans, suite \u00e0 une action de l\u2019association pour dormir avec des SDF, le pr\u00e9sident de Donner la main, Don de soi, avait \u00e9t\u00e9 re\u00e7u par l\u2019\u00e9quipe de G\u00e9rard Collomb. Il a fait ses demandes, a \u00e9t\u00e9 \u00e9cout\u00e9 mais est ressorti du bureau sans proposition donc sans r\u00e9elle avanc\u00e9e\u2026<br \/>\nL\u2019organisme tente aussi d\u2019alerter des d\u00e9put\u00e9s sur cette situation. Il y a deux semaines, le repr\u00e9sentant lyonnais de La R\u00e9publique en Marche, Jo\u00ebl Serafini, a particip\u00e9 \u00e0 une maraude de l\u2019association. Il a compris la demande d\u2019ouverture de la station et veut faire remonter la proposition \u00e0 G\u00e9rard Collomb et Caroline Collomb, r\u00e9f\u00e9rente LREM dans le Rh\u00f4ne. Une interview vid\u00e9o du repr\u00e9sentant a \u00e9t\u00e9 post\u00e9e sur la <a href=\"https:\/\/fr-fr.facebook.com\/donner.la.main.don.de.soi\/\">page Facebook de Donner la main, Don de soi<\/a>.<\/p>\n<p><iframe loading=\"lazy\" src=\"https:\/\/www.youtube.com\/embed\/4JkYR77Kmeo\" width=\"560\" height=\"315\" frameborder=\"0\" allowfullscreen=\"allowfullscreen\"><\/iframe><br \/>\n&nbsp;<\/p>\n<h4>Une bonne solution pour accueillir des sans-abris<\/h4>\n<p>Pour l\u2019association, une station de m\u00e9tro est un lieu id\u00e9al pour accueillir les sans-abris car il y fait chaud, il y a des cam\u00e9ras de vid\u00e9o de surveillance et deux quais s\u00e9par\u00e9s. Cela permet de mettre les femmes et les personnes fragiles sur un quai et les hommes sur l\u2019autre, pour prot\u00e9ger tout le monde.<br \/>\nDonner la main, Don de soi souhaite ouvrir la station Victor-Hugo car petite, donc facile \u00e0 s\u00e9curiser et situ\u00e9e dans la Presqu\u2019\u00eele, grand lieu de manche pour les sans-abris. Le quartier compte une centaine de sans-abris dont des femmes et des personnes \u00e2g\u00e9es.<br \/>\nJean-Marc Roffat rappelle que malgr\u00e9 les mesures de la pr\u00e9fecture pour ouvrir des gymnases et les proc\u00e9dures du 115, le num\u00e9ro d\u2019urgence pour les situations de d\u00e9tresse sociale, la situation des SDF ne s\u2019am\u00e9liore pas. L\u2019hiver, le 115 est satur\u00e9 et compte, d\u2019apr\u00e8s lui, 100% d\u2019\u00e9chec pour les appels \u00e0 l\u2019aide pour des sans-abris.<\/p>\n<p>&nbsp;<\/p>\n<!-- AddThis Advanced Settings generic via filter on the_content --><!-- AddThis Share Buttons generic via filter on the_content -->","protected":false},"excerpt":{"rendered":"<p>Donner la main, Don de soi est une association caritative qui vient en aide aux sans-abris. Depuis trois ans, elle souhaite ouvrir la station de &hellip; <!-- AddThis Advanced Settings generic via filter on wp_trim_excerpt --><!-- AddThis Share Buttons generic via filter on wp_trim_excerpt --><\/p>\n","protected":false},"author":13498,"featured_media":15677,"comment_status":"open","ping_status":"open","sticky":false,"template":"","format":"standard","meta":{"_FSMCFIC_featured_image_caption":"","_FSMCFIC_featured_image_nocaption":"","_FSMCFIC_featured_image_hide":"","footnotes":""},"categories":[6443,6189,6506],"tags":[],"class_list":["post-15676","post","type-post","status-publish","format-standard","has-post-thumbnail","hentry","category-association","category-sans-abris","category-solidarite"],"yoast_head":"<!-- This site is optimized with the Yoast SEO plugin v22.8 - https:\/\/yoast.com\/wordpress\/plugins\/seo\/ -->\n<title>L\u2019association qui veut ouvrir une station de m\u00e9tro l\u2019hiver pour les SDF - Lyon Bondy Blog<\/title>\n<meta name=\"robots\" content=\"index, follow, max-snippet:-1, max-image-preview:large, max-video-preview:-1\" \/>\n<link rel=\"canonical\" href=\"https:\/\/lyonbondyblog.fr\/LBB\/lassociation-qui-veut-ouvrir-une-station-de-metro-lhiver-pour-les-sdf\/\" \/>\n<meta property=\"og:locale\" content=\"fr_FR\" \/>\n<meta property=\"og:type\" content=\"article\" \/>\n<meta property=\"og:title\" content=\"L\u2019association qui veut ouvrir une station de m\u00e9tro l\u2019hiver pour les SDF - Lyon Bondy Blog\" \/>\n<meta property=\"og:description\" content=\"Donner la main, Don de soi est une association caritative qui vient en aide aux sans-abris. Depuis trois ans, elle souhaite ouvrir la station de &hellip;\" \/>\n<meta property=\"og:url\" content=\"https:\/\/lyonbondyblog.fr\/LBB\/lassociation-qui-veut-ouvrir-une-station-de-metro-lhiver-pour-les-sdf\/\" \/>\n<meta property=\"og:site_name\" content=\"Lyon Bondy Blog\" \/>\n<meta property=\"article:publisher\" content=\"https:\/\/www.facebook.com\/lyonbondyblog\" \/>\n<meta property=\"article:published_time\" content=\"2019-04-03T12:19:25+00:00\" \/>\n<meta property=\"article:modified_time\" content=\"2019-04-03T12:23:26+00:00\" \/>\n<meta property=\"og:image\" content=\"https:\/\/lyonbondyblog.fr\/LBB\/wp-content\/uploads\/2019\/04\/DLM-FB.jpg\" \/>\n\t<meta property=\"og:image:width\" content=\"1200\" \/>\n\t<meta property=\"og:image:height\" content=\"630\" \/>\n\t<meta property=\"og:image:type\" content=\"image\/jpeg\" \/>\n<meta name=\"author\" content=\"Camille Romand\" \/>\n<meta name=\"twitter:card\" content=\"summary_large_image\" \/>\n<meta name=\"twitter:creator\" content=\"@bondybloglyon\" \/>\n<meta name=\"twitter:site\" content=\"@bondybloglyon\" \/>\n<script type=\"application\/ld+json\" class=\"yoast-schema-graph\">{\"@context\":\"https:\/\/schema.org\",\"@graph\":[{\"@type\":\"Article\",\"@id\":\"https:\/\/lyonbondyblog.fr\/LBB\/lassociation-qui-veut-ouvrir-une-station-de-metro-lhiver-pour-les-sdf\/#article\",\"isPartOf\":{\"@id\":\"https:\/\/lyonbondyblog.fr\/LBB\/lassociation-qui-veut-ouvrir-une-station-de-metro-lhiver-pour-les-sdf\/\"},\"author\":{\"name\":\"Camille Romand\",\"@id\":\"https:\/\/lyonbondyblog.fr\/LBB\/#\/schema\/person\/d615766ec3645915bcc8260a657aa0e7\"},\"headline\":\"L\u2019association qui veut ouvrir une station de m\u00e9tro l\u2019hiver pour les SDF\",\"datePublished\":\"2019-04-03T12:19:25+00:00\",\"dateModified\":\"2019-04-03T12:23:26+00:00\",\"mainEntityOfPage\":{\"@id\":\"https:\/\/lyonbondyblog.fr\/LBB\/lassociation-qui-veut-ouvrir-une-station-de-metro-lhiver-pour-les-sdf\/\"},\"wordCount\":571,\"commentCount\":0,\"publisher\":{\"@id\":\"https:\/\/lyonbondyblog.fr\/LBB\/#organization\"},\"image\":{\"@id\":\"https:\/\/lyonbondyblog.fr\/LBB\/lassociation-qui-veut-ouvrir-une-station-de-metro-lhiver-pour-les-sdf\/#primaryimage\"},\"thumbnailUrl\":\"https:\/\/lyonbondyblog.fr\/LBB\/wp-content\/uploads\/2019\/04\/DLM-FB.jpg\",\"articleSection\":[\"Association\",\"Sans-abris\",\"Solidarit\u00e9\"],\"inLanguage\":\"fr-FR\",\"potentialAction\":[{\"@type\":\"CommentAction\",\"name\":\"Comment\",\"target\":[\"https:\/\/lyonbondyblog.fr\/LBB\/lassociation-qui-veut-ouvrir-une-station-de-metro-lhiver-pour-les-sdf\/#respond\"]}]},{\"@type\":\"WebPage\",\"@id\":\"https:\/\/lyonbondyblog.fr\/LBB\/lassociation-qui-veut-ouvrir-une-station-de-metro-lhiver-pour-les-sdf\/\",\"url\":\"https:\/\/lyonbondyblog.fr\/LBB\/lassociation-qui-veut-ouvrir-une-station-de-metro-lhiver-pour-les-sdf\/\",\"name\":\"L\u2019association qui veut ouvrir une station de m\u00e9tro l\u2019hiver pour les SDF - Lyon Bondy Blog\",\"isPartOf\":{\"@id\":\"https:\/\/lyonbondyblog.fr\/LBB\/#website\"},\"primaryImageOfPage\":{\"@id\":\"https:\/\/lyonbondyblog.fr\/LBB\/lassociation-qui-veut-ouvrir-une-station-de-metro-lhiver-pour-les-sdf\/#primaryimage\"},\"image\":{\"@id\":\"https:\/\/lyonbondyblog.fr\/LBB\/lassociation-qui-veut-ouvrir-une-station-de-metro-lhiver-pour-les-sdf\/#primaryimage\"},\"thumbnailUrl\":\"https:\/\/lyonbondyblog.fr\/LBB\/wp-content\/uploads\/2019\/04\/DLM-FB.jpg\",\"datePublished\":\"2019-04-03T12:19:25+00:00\",\"dateModified\":\"2019-04-03T12:23:26+00:00\",\"inLanguage\":\"fr-FR\",\"potentialAction\":[{\"@type\":\"ReadAction\",\"target\":[\"https:\/\/lyonbondyblog.fr\/LBB\/lassociation-qui-veut-ouvrir-une-station-de-metro-lhiver-pour-les-sdf\/\"]}]},{\"@type\":\"ImageObject\",\"inLanguage\":\"fr-FR\",\"@id\":\"https:\/\/lyonbondyblog.fr\/LBB\/lassociation-qui-veut-ouvrir-une-station-de-metro-lhiver-pour-les-sdf\/#primaryimage\",\"url\":\"https:\/\/lyonbondyblog.fr\/LBB\/wp-content\/uploads\/2019\/04\/DLM-FB.jpg\",\"contentUrl\":\"https:\/\/lyonbondyblog.fr\/LBB\/wp-content\/uploads\/2019\/04\/DLM-FB.jpg\",\"width\":1200,\"height\":630},{\"@type\":\"WebSite\",\"@id\":\"https:\/\/lyonbondyblog.fr\/LBB\/#website\",\"url\":\"https:\/\/lyonbondyblog.fr\/LBB\/\",\"name\":\"Lyon Bondy Blog\",\"description\":\"\",\"publisher\":{\"@id\":\"https:\/\/lyonbondyblog.fr\/LBB\/#organization\"},\"potentialAction\":[{\"@type\":\"SearchAction\",\"target\":{\"@type\":\"EntryPoint\",\"urlTemplate\":\"https:\/\/lyonbondyblog.fr\/LBB\/?s={search_term_string}\"},\"query-input\":\"required name=search_term_string\"}],\"inLanguage\":\"fr-FR\"},{\"@type\":\"Organization\",\"@id\":\"https:\/\/lyonbondyblog.fr\/LBB\/#organization\",\"name\":\"LYON BONDY BLOG\",\"url\":\"https:\/\/lyonbondyblog.fr\/LBB\/\",\"logo\":{\"@type\":\"ImageObject\",\"inLanguage\":\"fr-FR\",\"@id\":\"https:\/\/lyonbondyblog.fr\/LBB\/#\/schema\/logo\/image\/\",\"url\":\"http:\/\/lyonbondyblog.fr\/LBB\/wp-content\/uploads\/2014\/10\/logo-portable-144.png\",\"contentUrl\":\"http:\/\/lyonbondyblog.fr\/LBB\/wp-content\/uploads\/2014\/10\/logo-portable-144.png\",\"width\":144,\"height\":123,\"caption\":\"LYON BONDY BLOG\"},\"image\":{\"@id\":\"https:\/\/lyonbondyblog.fr\/LBB\/#\/schema\/logo\/image\/\"},\"sameAs\":[\"https:\/\/www.facebook.com\/lyonbondyblog\",\"https:\/\/x.com\/bondybloglyon\"]},{\"@type\":\"Person\",\"@id\":\"https:\/\/lyonbondyblog.fr\/LBB\/#\/schema\/person\/d615766ec3645915bcc8260a657aa0e7\",\"name\":\"Camille Romand\",\"url\":\"https:\/\/lyonbondyblog.fr\/LBB\/author\/camille-romand\/\"}]}<\/script>\n<!-- \/ Yoast SEO plugin. -->","yoast_head_json":{"title":"L\u2019association qui veut ouvrir une station de m\u00e9tro l\u2019hiver pour les SDF - Lyon Bondy Blog","robots":{"index":"index","follow":"follow","max-snippet":"max-snippet:-1","max-image-preview":"max-image-preview:large","max-video-preview":"max-video-preview:-1"},"canonical":"https:\/\/lyonbondyblog.fr\/LBB\/lassociation-qui-veut-ouvrir-une-station-de-metro-lhiver-pour-les-sdf\/","og_locale":"fr_FR","og_type":"article","og_title":"L\u2019association qui veut ouvrir une station de m\u00e9tro l\u2019hiver pour les SDF - Lyon Bondy Blog","og_description":"Donner la main, Don de soi est une association caritative qui vient en aide aux sans-abris. Depuis trois ans, elle souhaite ouvrir la station de &hellip;","og_url":"https:\/\/lyonbondyblog.fr\/LBB\/lassociation-qui-veut-ouvrir-une-station-de-metro-lhiver-pour-les-sdf\/","og_site_name":"Lyon Bondy Blog","article_publisher":"https:\/\/www.facebook.com\/lyonbondyblog","article_published_time":"2019-04-03T12:19:25+00:00","article_modified_time":"2019-04-03T12:23:26+00:00","og_image":[{"width":1200,"height":630,"url":"https:\/\/lyonbondyblog.fr\/LBB\/wp-content\/uploads\/2019\/04\/DLM-FB.jpg","type":"image\/jpeg"}],"author":"Camille Romand","twitter_card":"summary_large_image","twitter_creator":"@bondybloglyon","twitter_site":"@bondybloglyon","schema":{"@context":"https:\/\/schema.org","@graph":[{"@type":"Article","@id":"https:\/\/lyonbondyblog.fr\/LBB\/lassociation-qui-veut-ouvrir-une-station-de-metro-lhiver-pour-les-sdf\/#article","isPartOf":{"@id":"https:\/\/lyonbondyblog.fr\/LBB\/lassociation-qui-veut-ouvrir-une-station-de-metro-lhiver-pour-les-sdf\/"},"author":{"name":"Camille Romand","@id":"https:\/\/lyonbondyblog.fr\/LBB\/#\/schema\/person\/d615766ec3645915bcc8260a657aa0e7"},"headline":"L\u2019association qui veut ouvrir une station de m\u00e9tro l\u2019hiver pour les SDF","datePublished":"2019-04-03T12:19:25+00:00","dateModified":"2019-04-03T12:23:26+00:00","mainEntityOfPage":{"@id":"https:\/\/lyonbondyblog.fr\/LBB\/lassociation-qui-veut-ouvrir-une-station-de-metro-lhiver-pour-les-sdf\/"},"wordCount":571,"commentCount":0,"publisher":{"@id":"https:\/\/lyonbondyblog.fr\/LBB\/#organization"},"image":{"@id":"https:\/\/lyonbondyblog.fr\/LBB\/lassociation-qui-veut-ouvrir-une-station-de-metro-lhiver-pour-les-sdf\/#primaryimage"},"thumbnailUrl":"https:\/\/lyonbondyblog.fr\/LBB\/wp-content\/uploads\/2019\/04\/DLM-FB.jpg","articleSection":["Association","Sans-abris","Solidarit\u00e9"],"inLanguage":"fr-FR","potentialAction":[{"@type":"CommentAction","name":"Comment","target":["https:\/\/lyonbondyblog.fr\/LBB\/lassociation-qui-veut-ouvrir-une-station-de-metro-lhiver-pour-les-sdf\/#respond"]}]},{"@type":"WebPage","@id":"https:\/\/lyonbondyblog.fr\/LBB\/lassociation-qui-veut-ouvrir-une-station-de-metro-lhiver-pour-les-sdf\/","url":"https:\/\/lyonbondyblog.fr\/LBB\/lassociation-qui-veut-ouvrir-une-station-de-metro-lhiver-pour-les-sdf\/","name":"L\u2019association qui veut ouvrir une station de m\u00e9tro l\u2019hiver pour les SDF - Lyon Bondy Blog","isPartOf":{"@id":"https:\/\/lyonbondyblog.fr\/LBB\/#website"},"primaryImageOfPage":{"@id":"https:\/\/lyonbondyblog.fr\/LBB\/lassociation-qui-veut-ouvrir-une-station-de-metro-lhiver-pour-les-sdf\/#primaryimage"},"image":{"@id":"https:\/\/lyonbondyblog.fr\/LBB\/lassociation-qui-veut-ouvrir-une-station-de-metro-lhiver-pour-les-sdf\/#primaryimage"},"thumbnailUrl":"https:\/\/lyonbondyblog.fr\/LBB\/wp-content\/uploads\/2019\/04\/DLM-FB.jpg","datePublished":"2019-04-03T12:19:25+00:00","dateModified":"2019-04-03T12:23:26+00:00","inLanguage":"fr-FR","potentialAction":[{"@type":"ReadAction","target":["https:\/\/lyonbondyblog.fr\/LBB\/lassociation-qui-veut-ouvrir-une-station-de-metro-lhiver-pour-les-sdf\/"]}]},{"@type":"ImageObject","inLanguage":"fr-FR","@id":"https:\/\/lyonbondyblog.fr\/LBB\/lassociation-qui-veut-ouvrir-une-station-de-metro-lhiver-pour-les-sdf\/#primaryimage","url":"https:\/\/lyonbondyblog.fr\/LBB\/wp-content\/uploads\/2019\/04\/DLM-FB.jpg","contentUrl":"https:\/\/lyonbondyblog.fr\/LBB\/wp-content\/uploads\/2019\/04\/DLM-FB.jpg","width":1200,"height":630},{"@type":"WebSite","@id":"https:\/\/lyonbondyblog.fr\/LBB\/#website","url":"https:\/\/lyonbondyblog.fr\/LBB\/","name":"Lyon Bondy Blog","description":"","publisher":{"@id":"https:\/\/lyonbondyblog.fr\/LBB\/#organization"},"potentialAction":[{"@type":"SearchAction","target":{"@type":"EntryPoint","urlTemplate":"https:\/\/lyonbondyblog.fr\/LBB\/?s={search_term_string}"},"query-input":"required name=search_term_string"}],"inLanguage":"fr-FR"},{"@type":"Organization","@id":"https:\/\/lyonbondyblog.fr\/LBB\/#organization","name":"LYON BONDY BLOG","url":"https:\/\/lyonbondyblog.fr\/LBB\/","logo":{"@type":"ImageObject","inLanguage":"fr-FR","@id":"https:\/\/lyonbondyblog.fr\/LBB\/#\/schema\/logo\/image\/","url":"http:\/\/lyonbondyblog.fr\/LBB\/wp-content\/uploads\/2014\/10\/logo-portable-144.png","contentUrl":"http:\/\/lyonbondyblog.fr\/LBB\/wp-content\/uploads\/2014\/10\/logo-portable-144.png","width":144,"height":123,"caption":"LYON BONDY BLOG"},"image":{"@id":"https:\/\/lyonbondyblog.fr\/LBB\/#\/schema\/logo\/image\/"},"sameAs":["https:\/\/www.facebook.com\/lyonbondyblog","https:\/\/x.com\/bondybloglyon"]},{"@type":"Person","@id":"https:\/\/lyonbondyblog.fr\/LBB\/#\/schema\/person\/d615766ec3645915bcc8260a657aa0e7","name":"Camille Romand","url":"https:\/\/lyonbondyblog.fr\/LBB\/author\/camille-romand\/"}]}},"_links":{"self":[{"href":"https:\/\/lyonbondyblog.fr\/LBB\/wp-json\/wp\/v2\/posts\/15676","targetHints":{"allow":["GET"]}}],"collection":[{"href":"https:\/\/lyonbondyblog.fr\/LBB\/wp-json\/wp\/v2\/posts"}],"about":[{"href":"https:\/\/lyonbondyblog.fr\/LBB\/wp-json\/wp\/v2\/types\/post"}],"author":[{"embeddable":true,"href":"https:\/\/lyonbondyblog.fr\/LBB\/wp-json\/wp\/v2\/users\/13498"}],"replies":[{"embeddable":true,"href":"https:\/\/lyonbondyblog.fr\/LBB\/wp-json\/wp\/v2\/comments?post=15676"}],"version-history":[{"count":2,"href":"https:\/\/lyonbondyblog.fr\/LBB\/wp-json\/wp\/v2\/posts\/15676\/revisions"}],"predecessor-version":[{"id":15679,"href":"https:\/\/lyonbondyblog.fr\/LBB\/wp-json\/wp\/v2\/posts\/15676\/revisions\/15679"}],"wp:featuredmedia":[{"embeddable":true,"href":"https:\/\/lyonbondyblog.fr\/LBB\/wp-json\/wp\/v2\/media\/15677"}],"wp:attachment":[{"href":"https:\/\/lyonbondyblog.fr\/LBB\/wp-json\/wp\/v2\/media?parent=15676"}],"wp:term":[{"taxonomy":"category","embeddable":true,"href":"https:\/\/lyonbondyblog.fr\/LBB\/wp-json\/wp\/v2\/categories?post=15676"},{"taxonomy":"post_tag","embeddable":true,"href":"https:\/\/lyonbondyblog.fr\/LBB\/wp-json\/wp\/v2\/tags?post=15676"}],"curies":[{"name":"wp","href":"https:\/\/api.w.org\/{rel}","templated":true}]}}