{"id":15629,"date":"2019-04-03T10:25:04","date_gmt":"2019-04-03T08:25:04","guid":{"rendered":"http:\/\/lyonbondyblog.fr\/LBB\/?p=15629"},"modified":"2019-04-03T11:24:06","modified_gmt":"2019-04-03T09:24:06","slug":"saint-fons-devient-cyclable-vraiment","status":"publish","type":"post","link":"https:\/\/lyonbondyblog.fr\/LBB\/saint-fons-devient-cyclable-vraiment\/","title":{"rendered":"Saint-Fons devient cyclable&#8230; vraiment ?"},"content":{"rendered":"<h4>Depuis janvier 2019, les pistes cyclables ont fleuri \u00e0 Saint-Fons. Les travaux avaient \u00e9t\u00e9 annonc\u00e9s par la maire pour la nouvelle ann\u00e9e. Ils seront financ\u00e9s par l\u2019ANRU (Agence Nationale pour le Renouvellement Urbain). Mais la pratique du v\u00e9lo \u00e0 Saint-Fons s\u2019est-elle vraiment d\u00e9mocratis\u00e9e&nbsp;?<\/h4>\n<p>C\u2019est dans <a href=\"http:\/\/www.saint-fons.fr\/download\/publications\/sflm_23_janvier_fevrier_2019_bd.pdf\">le dernier magazine municipal<\/a> que la maire, Nathalie Frier (Divers Droite), a annonc\u00e9 la nouvelle. \u00ab&nbsp;L\u2019ANRU a accord\u00e9 42,68 millions d\u2019euros pour le grand projet Arsenal\/Carnot\/Parmentier&nbsp;\u00bb qui devrait co\u00fbter 180 millions d\u2019euros au total. La mesure phare de la mairie&nbsp;? La transformation du quartier Carnot-Parmentier en un \u00c9coquartier. Ces financements participeront \u00e0 l\u2019am\u00e9lioration de la qualit\u00e9 de vie des Saint-foniards. Parmi ces travaux sont \u00e9galement pr\u00e9vus deux mesures qui devraient rendre la ville plus s\u00fbre pour les usagers de la route les plus vuln\u00e9rables. Pour augmenter la s\u00e9curit\u00e9 des pi\u00e9tons et des cyclistes c&rsquo;est l\u2019am\u00e9nagement de pistes cyclables et la baisse de la vitesse de circulation \u00e0 30km\/h dans le centre-ville qui sont au programme.<\/p>\n<h4>Un pas en avant pour le cyclisme\u2026<\/h4>\n<p>L\u2019am\u00e9nagement de pistes cyclables \u00e0 Saint-Fons est un v\u00e9ritable pas en avant pour la communaut\u00e9 cycliste. <a href=\"http:\/\/carte.lavilleavelo.org\/?zoom=3&amp;lat=45.69836&amp;lon=4.86043&amp;layers=B\">La ville est peu adapt\u00e9e \u00e0 ce mode de locomotion<\/a> et ces travaux devraient encourager la pratique du v\u00e9lo. Dans le magazine municipal, la mairie mettait en \u00e9vidence sa volont\u00e9 de porter une attention particuli\u00e8re \u00e0 \u00ab&nbsp;la nature [\u2026] et aux modes de d\u00e9placement doux.&nbsp;\u00bb. Les v\u00e9lo-tafeurs et autres cyclistes du dimanche pouvaient ainsi esp\u00e9rer des axes les plus fr\u00e9quent\u00e9s de la ville qu&rsquo;ils soient am\u00e9nag\u00e9s par la mairie. L\u2019axe Lyon Saint-Fons est particuli\u00e8rement utilis\u00e9 par les personnes travaillant \u00e0 la m\u00e9tropole, mais aussi \u00e0 l\u2019inverse, par les Lyonnais se rendant \u00e0 Saint-Fons ou \u00e0 V\u00e9nissieux. Le centre-ville est un lieu de passage pour les cyclistes, et les deux axes les plus emprunt\u00e9s pour traverser la ville que ce soit en v\u00e9lo ou en voiture, sont l\u2019avenue Gabriel P\u00e9ri et l\u2019avenue Carnot. L\u2019avenue Carnot poss\u00e8de un am\u00e9nagement minime \u00e0 destination des v\u00e9los, avec sa bande cyclable. Mais ce n\u2019est pas le cas de l\u2019avenue Gabriel P\u00e9ri, particuli\u00e8rement dangereuse.<\/p>\n<h4>\u2026 Trois pas en arri\u00e8re pour le pragmatisme<\/h4>\n<p>La mesure ne concerne toutefois que les routes \u00e0 sens uniques. Des am\u00e9nagements qui ne seront pas utiles \u00e0 Laurie, fra\u00eechement install\u00e9e \u00e0 Saint-Fons. <em>\u00ab&nbsp;Je suis actuellement \u00e0 la recherche d\u2019un emploi \u00e0 Lyon. Je retape un v\u00e9lo pour en faire usage quotidiennement dans mes d\u00e9placements vers mon futur travail.&nbsp;\u00bb<\/em> explique-t-elle. Elle voit le v\u00e9lo comme une v\u00e9ritable alternative aux bus \u00e0 Saint-Fons, qui sont trop \u00ab&nbsp;bond\u00e9s&nbsp;\u00bb pour elle. Elle favorise ce moyen de locomotion, plus propre que les engins motoris\u00e9s&nbsp;\u00ab&nbsp;qui&nbsp;puent et qui polluent.&nbsp;\u00bb. Le nombre de cyclistes \u00e0 Saint-Fons est faible mais il existe bien une demande en mati\u00e8re d\u2019am\u00e9nagements s\u00e9curis\u00e9s menant vers les grandes villes alentours. Pour les cyclistes saint-foniards travaillant dans une ville voisine, l\u2019enjeu est ailleurs et il serait dans leur int\u00e9r\u00eat d\u2019am\u00e9nager les voies. Mais pour Laurie, \u00ab&nbsp;Saint-Fons n\u2019est pas une ville adapt\u00e9e \u00e0 la pratique du v\u00e9lo.&nbsp;\u00bb. Apr\u00e8s s\u2019\u00eatre aventur\u00e9e dans les rues saint-foniardes avec le v\u00e9lo de son fr\u00e8re, elle a constat\u00e9 \u00ab&nbsp;l\u2019absence d\u2019am\u00e9nagements cyclables.&nbsp;\u00bb. Elle affirme&nbsp;:<em> \u00ab&nbsp;les trottoirs sont trop petits pour pouvoir y rouler et sur la chauss\u00e9e on se fait facilement klaxonner. Et puis certaines routes sont vraiment d\u00e9fonc\u00e9es.&nbsp;\u00bb<\/em><\/p>\n<figure id=\"attachment_15630\" aria-describedby=\"caption-attachment-15630\" style=\"width: 500px\" class=\"wp-caption aligncenter\"><a href=\"https:\/\/lyonbondyblog.fr\/LBB\/wp-content\/uploads\/2019\/03\/P1060118.jpg\"><img loading=\"lazy\" decoding=\"async\" class=\"wp-image-15630\" src=\"https:\/\/lyonbondyblog.fr\/LBB\/wp-content\/uploads\/2019\/03\/P1060118.jpg\" alt=\"\" width=\"500\" height=\"375\" srcset=\"https:\/\/lyonbondyblog.fr\/LBB\/wp-content\/uploads\/2019\/03\/P1060118.jpg 2560w, https:\/\/lyonbondyblog.fr\/LBB\/wp-content\/uploads\/2019\/03\/P1060118-300x225.jpg 300w, https:\/\/lyonbondyblog.fr\/LBB\/wp-content\/uploads\/2019\/03\/P1060118-768x576.jpg 768w, https:\/\/lyonbondyblog.fr\/LBB\/wp-content\/uploads\/2019\/03\/P1060118-1024x768.jpg 1024w, https:\/\/lyonbondyblog.fr\/LBB\/wp-content\/uploads\/2019\/03\/P1060118-600x450.jpg 600w\" sizes=\"auto, (max-width: 500px) 100vw, 500px\" \/><\/a><figcaption id=\"caption-attachment-15630\" class=\"wp-caption-text\"><em><span style=\"font-size: 10pt;\">La rue Jean-Mac\u00e9, d\u00e9sormais \u00e0 sens unique, est aussi \u00e0 double-sens cyclable. Cr\u00e9dit Photo&nbsp;: Charl\u00e8ne Ponzo&nbsp;\/ Lyon Bondy Blog<\/span><\/em><\/figcaption><\/figure>\n<p>Avec ces travaux, le nombre de kilom\u00e8tres cyclables de Saint-Fons augmente. Ces pistes cyclables rendront probablement la ville plus attractive sur les plaquettes d\u2019informations. Mais dans les faits elles ne participent pas \u00e0 la s\u00e9curisation des d\u00e9placements des saint-foniards vers les villes voisines dans lesquelles beaucoup de saint-foniards travaillent. En 2015, selon une \u00e9tude men\u00e9e par l\u2019INSEE, 76,7% des actifs saint-foniards de 15 ans ou plus travaillaient dans une autre commune que Saint-Fons. La mobilit\u00e9 est donc un enjeu non n\u00e9gligeable pour les habitants. (Sources : Insee, RP2010 (g\u00e9ographie au 01\/01\/2012) et RP2015 (g\u00e9ographie au 01\/01\/2017) exploitations principales.)<\/p>\n<h4>\u00ab&nbsp;Ce n\u2019est pas un effet de masse mais il y a eu une \u00e9volution de la pratique du v\u00e9lo \u00e0 Saint-Fons \u00bb<\/h4>\n<p><a href=\"https:\/\/www.janusfrance-asso.org\/\">L\u2019association Janus, localis\u00e9e \u00e0 V\u00e9nissieux<\/a>, est intervenue sur le territoire de Saint-Fons dans le cadre d\u2019actions ponctuelles entre 2015 et 2017 notamment. Pour Rodrigue Yao Ogoubi, pr\u00e9sident Fondateur de Janus France, leur association \u00ab&nbsp;a touch\u00e9 des personnes individuellement&nbsp;\u00bb. Il affirme&nbsp;: \u00ab&nbsp;des gens se sont mis au v\u00e9lo parce qu\u2019on les a accompagn\u00e9s. Ce n\u2019est pas un effet de masse mais il y a eu une \u00e9volution de la pratique du v\u00e9lo \u00e0 Saint-Fons.&nbsp;\u00bb. Ils ont entre autres, r\u00e9alis\u00e9 un partenariat avec le Centre Social Arc-En-ciel au cours de cette p\u00e9riode. L\u2019organisation de cet atelier a permis \u00e0 un groupe d\u2019habitantes de la commune de Saint-Fons d\u2019apprendre \u00e0 faire du v\u00e9lo.<br \/>\nRodrigue affirme&nbsp;que \u00ab&nbsp;les probl\u00e9matiques de cette ville sont nombreuses&nbsp;\u00bb. Selon lui<\/p>\n<blockquote><p>\u00ab Quand on en vient \u00e0 la pratique du v\u00e9lo \u00e0 Saint-Fons, on sent bien qu\u2019il y a un sentiment g\u00e9n\u00e9ral d\u2019ins\u00e9curit\u00e9. La ville fait des efforts, r\u00e9alise des am\u00e9nagements mais il manque une chose. On pense personnellement que dans une ville, pour donner envie et encourager la pratique, il faut organiser des \u00e9v\u00e8nements autour du v\u00e9lo. On pousse la ville de Saint-Fons depuis quelques temps \u00e0 participer \u00e0 la Convergence V\u00e9lo. Cela nous parait tr\u00e8s important pour \u00ab&nbsp;montrer&nbsp;\u00bb ce moyen de transport\u2026&nbsp;\u00bb<\/p><\/blockquote>\n<h4>\u00ab&nbsp;Si les am\u00e9nagements le permettaient, beaucoup oseraient faire ces trajets en v\u00e9lo&nbsp;\u00bb<\/h4>\n<p>Rodrigue Yao Ogoubi nous explique&nbsp;: \u00ab&nbsp;Depuis l\u2019ann\u00e9e derni\u00e8re nous menons une action coordonn\u00e9e avec la m\u00e9tropole et les entreprises de la Vall\u00e9e de la Chimie. On intervient en tant qu\u2019association pour montrer que les d\u00e9placements \u00e0 v\u00e9lo doivent \u00eatre facilit\u00e9s ici.&nbsp;On essaye de montrer qu\u2019il y a une r\u00e9elle volont\u00e9 des gens qui habitent Saint-Fons de se d\u00e9placer en v\u00e9lo mais qu\u2019on ne leur en donne pas les moyens. Plus de la moiti\u00e9 des personnes r\u00e9sidents \u00e0 Saint-Fons travaillent en dehors de leur commune et \u00e0 des distances tout \u00e0 fait parcourables en v\u00e9lo. Si les am\u00e9nagements le permettaient, beaucoup oseraient faire ces trajets en v\u00e9lo.&nbsp;\u00bb.<\/p>\n<blockquote><p><em>\u00ab&nbsp;Notre association avait \u00e9galement \u00e9tait appel\u00e9e \u00e0 participer \u00e0 la mise en place d\u2019un projet sur la ville de Saint-Fons. Le projet Pandora. Constatant la pr\u00e9carit\u00e9 \u00e9nerg\u00e9tique de certains foyers, on voulait de nous qu\u2019on les accompagne dans la r\u00e9duction de leur consommation d\u2019\u00e9nergie. Pour cela, nous voulions \u00e9videmment valoriser la pratique du v\u00e9lo comme moyen de moins consommer de carburants et donc d\u2019\u00e9nergie. Beaucoup de saint-foniards utilisent la voiture pour se d\u00e9placer d\u2019un point A \u00e0 un point B de Saint-Fons, l\u00e0 o\u00f9 le v\u00e9lo serait une solution plus \u00e9conomique. Au final, ce projet ne s\u2019est pas r\u00e9alis\u00e9 car certains acteurs pr\u00e9f\u00e9rant favoriser l\u2019usage de la voiture, se sont oppos\u00e9s au fait que le v\u00e9lo puisse \u00eatre une solution.\u00bb<\/em><\/p><\/blockquote>\n<p>Travaillant \u00e9galement sur le territoire de V\u00e9nissieux, Rodrigue compare les deux villes. Selon lui \u00ab&nbsp;la diff\u00e9rence majeure entre les deux villes, c\u2019est l\u2019am\u00e9nagement cyclables. V\u00e9nissieux poss\u00e8de un r\u00e9seau d\u2019am\u00e9nagement plus fourni et beaucoup plus d\u00e9taill\u00e9 que Saint-Fons.&nbsp;\u00bb. Mais, ajoute-t-il&nbsp;:&nbsp;\u00ab&nbsp;les deux villes poss\u00e8dent un point commun majeur&nbsp;: c\u2019est la difficult\u00e9 \u00e0 identifier, pour les cyclistes, des entr\u00e9es et des sorties de la ville qui soient s\u00e9curis\u00e9es.&nbsp;\u00bb<\/p>\n<h4>Des ateliers r\u00e9paration de v\u00e9los pour encourager la pratique<\/h4>\n<p>Romain et No\u00e9mie de <a href=\"https:\/\/assoecs.wixsite.com\/asso\/bricotheque\">l\u2019Espace Cr\u00e9ateur de Solidarit\u00e9 (ECS) de Saint-Fons<\/a> sont les initiateurs de l\u2019atelier v\u00e9lo.&nbsp; Ils se r\u00e9unissent&nbsp; depuis d\u00e9but janvier, tous les 1ers et 3\u00e8mes mercredis du mois au 51 rue Emile Zola. Leur objectif est de&nbsp; rapprocher leurs actions de celles men\u00e9es par l\u2019association Janus dans le sud lyonnais. Ils sont au premier rang pour percevoir les difficult\u00e9s que les Saint-foniards affrontent au quotidien. C\u2019est plus particuli\u00e8rement dans le <a href=\"https:\/\/les-aides.fr\/fiche\/bJ5iCH5G2e3B\/ddfip\/qpv-quartiers-prioritaires-de-la-politique-de-la-ville-exoneration-de-cotisation-fonciere-des-entreprises.html\">Quartier Prioritaire de la Ville (QPV)<\/a> de l\u2019Arsenal qu\u2019ils concentrent leurs actions. Leur association se donne pour mission de favoriser l\u2019insertion sociale des populations les plus isol\u00e9es de Saint-Fons via l\u2019\u00c9picerie Solidaire Casaline mais aussi gr\u00e2ce \u00e0 l\u2019organisation d\u2019activit\u00e9s diverses et vari\u00e9es. Parmi elles, les ateliers v\u00e9los. Ils&nbsp;ont lieu dans un appartement de quelques m\u00e8tres carr\u00e9s am\u00e9nag\u00e9s pour recevoir \u00e9galement les ateliers coutures. \u00ab&nbsp;Un local qui peut accueillir 10 personnes, tout au plus&nbsp;\u00bb affirme No\u00e9mie. Eux-m\u00eames cyclistes, ils se sont dit que la mise en place d\u2019ateliers de r\u00e9parations de v\u00e9los pouvait \u00eatre un nouveau moyen de cr\u00e9er de la sociabilit\u00e9 dans le quartier.<\/p>\n<p>Mais il faut se rendre \u00e0 l\u2019\u00e9vidence, la communaut\u00e9 cycliste de Saint-Fons reste tr\u00e8s peu d\u00e9velopp\u00e9e. Romain affirme :&nbsp;<\/p>\n<blockquote><p><em>\u00ab&nbsp;Mis \u00e0 part un peu de v\u00e9lo loisir, la pratique du v\u00e9lo \u00e0 Saint-Fons est quasi inexistante&nbsp;\u00bb<\/em><\/p><\/blockquote>\n<p>Lors des ateliers de r\u00e9parations, les mamans d\u00e9filent pour r\u00e9parer le v\u00e9lo de leurs enfants. Massan habite \u00e0 l\u2019Arsenal. Vendeuse \u00e0 domicile et m\u00e8re d\u2019une enfant de 12 ans, elle nous confie les craintes de sa fille. \u00ab&nbsp;Il y a un an, elle a voulu avoir un v\u00e9lo. Elle \u00e9tait tellement heureuse qu\u2019elle a voulu revenir depuis Part-Dieu jusqu\u2019ici. Et moi, je marchais derri\u00e8re elle.&nbsp;\u00bb dit-elle en riant. Mais depuis, son v\u00e9lo reste bien souvent au placard.<\/p>\n<blockquote><p><em>\u00ab&nbsp;C\u2019est tr\u00e8s difficile de faire du v\u00e9lo ici. Ma fille, elle a peur. Il n\u2019y a pas de pistes cyclables et les voitures, les motos roulent tr\u00e8s vite. Elle n\u2019utilise presque pas son v\u00e9lo.&nbsp;\u00bb<\/em><\/p><\/blockquote>\n<p>Pour Na\u00efma, maman de trois enfants, ces ateliers \u00ab&nbsp;c\u2019est une super initiative, il n\u2019y a pas \u00e0 dire.&nbsp;\u00bb. Quand elle nous parle des am\u00e9nagements cyclables \u00e0 Saint-Fons, elle ne cache pas son m\u00e9contentement. \u00ab&nbsp;Mon fils roule sur le trottoir parce que j\u2019ai trop peur \u00e0 Saint-Fons. Il n\u2019y a pas de pistes cyclables et quand il y en a les gens ne les respectent pas.&nbsp;\u00bb. Elle se r\u00e9jouie de l\u2019am\u00e9nagement d\u2019une piste cyclable au niveau de la rue Jean Mac\u00e9 et explique&nbsp;: \u00ab&nbsp;c\u2019est une rue qu\u2019on prend mais seulement l\u2019\u00e9t\u00e9, pour se balader tous ensemble vers le hall des f\u00eates.&nbsp;\u00bb. Mais son message reste clair&nbsp;: \u00ab&nbsp;\u00c7a serait bien qu\u2019on ait plus de pistes cyclables pour \u00eatre en s\u00e9curit\u00e9&nbsp;!&nbsp;\u00bb. Le sourire aux l\u00e8vres, elle reste optimiste. Son mot de la fin&nbsp;? \u00ab&nbsp;Bravo pour l\u2019atelier v\u00e9lo&nbsp;! Sans eux, le v\u00e9lo il serait rest\u00e9 sur la terrasse.&nbsp;\u00bb<\/p>\n<figure id=\"attachment_15648\" aria-describedby=\"caption-attachment-15648\" style=\"width: 500px\" class=\"wp-caption aligncenter\"><a href=\"https:\/\/lyonbondyblog.fr\/LBB\/wp-content\/uploads\/2019\/03\/P1060123-1.jpg\"><img loading=\"lazy\" decoding=\"async\" class=\" wp-image-15648\" src=\"https:\/\/lyonbondyblog.fr\/LBB\/wp-content\/uploads\/2019\/03\/P1060123-1.jpg\" alt=\"\" width=\"500\" height=\"373\" srcset=\"https:\/\/lyonbondyblog.fr\/LBB\/wp-content\/uploads\/2019\/03\/P1060123-1.jpg 2500w, https:\/\/lyonbondyblog.fr\/LBB\/wp-content\/uploads\/2019\/03\/P1060123-1-300x224.jpg 300w, https:\/\/lyonbondyblog.fr\/LBB\/wp-content\/uploads\/2019\/03\/P1060123-1-768x572.jpg 768w, https:\/\/lyonbondyblog.fr\/LBB\/wp-content\/uploads\/2019\/03\/P1060123-1-1024x763.jpg 1024w, https:\/\/lyonbondyblog.fr\/LBB\/wp-content\/uploads\/2019\/03\/P1060123-1-600x447.jpg 600w\" sizes=\"auto, (max-width: 500px) 100vw, 500px\" \/><\/a><figcaption id=\"caption-attachment-15648\" class=\"wp-caption-text\"><span style=\"font-size: 10pt;\"><em>Lors des ateliers de r\u00e9paration, les mamans mettent la main \u00e0 la p\u00e2te. Cr\u00e9dit photo : Charl\u00e8ne Ponzo \/ Lyon Bondy Blog<\/em><\/span><\/figcaption><\/figure>\n<p>Romain et No\u00e9mie saluent eux aussi ces nouveaux am\u00e9nagements \u00e0 Saint-Fons. Ils affirment que <em>\u00ab&nbsp;l\u2019am\u00e9nagement de nouvelles pistes cyclables est toujours positif&nbsp;\u00bb<\/em> et que cela participe \u00e0 un mouvement plus g\u00e9n\u00e9ral permettant de rendre nos villes plus adapt\u00e9es \u00e0 la pratique de ce moyen de transport. De mani\u00e8re assez logique, <em>\u00ab&nbsp;plus il y a de pistes, plus il y a de v\u00e9los et moins il y a de place pour les voitures&nbsp;\u00bb<\/em>, explique No\u00e9mie.<\/p>\n<h4>Des probl\u00e9matiques sociales profondes<\/h4>\n<p>Pour eux la pratique du v\u00e9lo se d\u00e9mocratise aussi dans l\u2019\u00e9change. <em>\u00ab&nbsp;C\u2019est en voyant que quelqu\u2019un fait le trajet \u00e0 v\u00e9lo de Saint-Fons \u00e0 Lyon qu\u2019un autre se dira \u00ab&nbsp;S\u2019il peut le faire, pourquoi pas moi&nbsp;?&nbsp;\u00bb&nbsp;\u00bb<\/em> selon No\u00e9mie. Voir des gens pratiquer le v\u00e9lo invite \u00e0 se lancer \u00e0 son tour. Un cercle vertueux qui pourrait bien s\u2019acc\u00e9l\u00e9rer gr\u00e2ce aux ateliers r\u00e9parations de v\u00e9los qui sont \u00e9galement l\u2019occasion d\u2019\u00e9changer et de partager son exp\u00e9rience de la route et de la m\u00e9canique.<\/p>\n<figure id=\"attachment_15646\" aria-describedby=\"caption-attachment-15646\" style=\"width: 500px\" class=\"wp-caption aligncenter\"><a href=\"https:\/\/lyonbondyblog.fr\/LBB\/wp-content\/uploads\/2019\/03\/P1060326.jpg\"><img loading=\"lazy\" decoding=\"async\" class=\" wp-image-15646\" src=\"https:\/\/lyonbondyblog.fr\/LBB\/wp-content\/uploads\/2019\/03\/P1060326.jpg\" alt=\"\" width=\"500\" height=\"375\" srcset=\"https:\/\/lyonbondyblog.fr\/LBB\/wp-content\/uploads\/2019\/03\/P1060326.jpg 2560w, https:\/\/lyonbondyblog.fr\/LBB\/wp-content\/uploads\/2019\/03\/P1060326-300x225.jpg 300w, https:\/\/lyonbondyblog.fr\/LBB\/wp-content\/uploads\/2019\/03\/P1060326-768x576.jpg 768w, https:\/\/lyonbondyblog.fr\/LBB\/wp-content\/uploads\/2019\/03\/P1060326-1024x768.jpg 1024w, https:\/\/lyonbondyblog.fr\/LBB\/wp-content\/uploads\/2019\/03\/P1060326-600x450.jpg 600w\" sizes=\"auto, (max-width: 500px) 100vw, 500px\" \/><\/a><figcaption id=\"caption-attachment-15646\" class=\"wp-caption-text\">Sous les conseils avis\u00e9s d\u2019un membre de l\u2019association, Massan participe \u00e0 la r\u00e9paration du v\u00e9lo de sa fille. Cr\u00e9dit photo : Charl\u00e8ne Ponzo \/ Lyon Bondy Blog<\/figcaption><\/figure>\n<p>D\u2019apr\u00e8s Romain, les saint-foniards qu\u2019ils c\u00f4toient se retrouvent face \u00e0 trois probl\u00e8mes majeurs<\/p>\n<blockquote><p><em>\u00ab&nbsp;Tout le monde ne sait pas forc\u00e9ment faire du v\u00e9lo, d\u2019une part. Ensuite il faut avoir les moyens de se payer un v\u00e9lo et de l\u2019entretenir.&nbsp;\u00bb<\/em><\/p><\/blockquote>\n<p>Trois probl\u00e9matiques plus profondes dont ne semble pas tenir compte la mairie dans le magazine municipal. L\u2019am\u00e9nagement de pistes cyclables sur des voies passantes et dangereuses serait&nbsp; un bond en avant. En effet, difficile de s\u2019imaginer une personne venant tout juste d\u2019apprendre \u00e0 faire du v\u00e9lo s\u2019aventurer sur la chauss\u00e9e saint-foniarde. Le manque de voies s\u00e9curis\u00e9es d\u00e9courage la pratique du v\u00e9lo, in\u00e9vitablement.<\/p>\n<h4>Et l\u2019\u00e9cologie dans tout \u00e7a&nbsp;?<\/h4>\n<p>Dans l\u2019article du magazine municipal de janvier-f\u00e9vrier 2019 auquel nous nous r\u00e9f\u00e9rons, l\u2019argument \u00e9cologique semblait prendre une place pr\u00e9pond\u00e9rante dans la valorisation de ces travaux. Un raisonnement qui peine \u00e0 convaincre pour la population saint-foniarde qui a d\u2019autres pr\u00e9occupations. Ch\u00f4mage, pr\u00e9carit\u00e9, probl\u00e8mes de logements. Les soucis ne manquent pas ici. Pour Romain \u00ab&nbsp;l\u2019\u00e9cologie n\u2019est pas la pr\u00e9occupation principale des Saint-foniards, ni de la mairie d\u2019ailleurs. \u00bb. Et No\u00e9mie d\u2019ajouter<\/p>\n<blockquote><p>\u00ab Les gens vivent ici des choses trop dures au quotidien pour pouvoir penser \u00e0 l\u2019aspect \u00e9cologique. Ce qui prime, c\u2019est l\u2019argument \u00e9conomique quand on est dans une situation difficile.&nbsp;\u00bb<\/p><\/blockquote>\n<p>En ce sens il faut pour eux percevoir la pratique du v\u00e9lo \u00e0 Saint-Fons comme vecteur d\u2019une plus grande mobilit\u00e9 pour des populations qui peinent souvent \u00e0 trouver du travail ici. L\u2019\u00e9cologie passera juste apr\u00e8s. Romain admet qu\u2019il \u00ab&nbsp;serait pertinent de relier Saint-Fons \u00e0 V\u00e9nissieux ou encore d\u2019am\u00e9liorer les am\u00e9nagements de Saint-Fons \u00e0 la route de Vienne.&nbsp;\u00bb. De meilleures voies cyclables inviteraient \u00e0 int\u00e9grer ce mode de d\u00e9placement dans nos pratiques. Pour lui cela participerait au \u00ab&nbsp;d\u00e9senclavement de la ville, m\u00eame si cela passe aussi par le r\u00e9seau de transports en communs&nbsp;\u00bb.<\/p>\n<p>Romain et No\u00e9mie restent malgr\u00e9 tout optimistes et comptent des sorties \u00e0 v\u00e9los pour permettre aux Saint-foniards de se familiariser un peu plus avec ce moyen de transport. Leur action visera \u00e0 accompagner un groupe de dix personnes, de l&rsquo;apprentissage du v\u00e9lo \u00e0 la pratique. Ils sont actuellement en l\u2019attente d\u2019une r\u00e9ponse de la m\u00e9tropole suite \u00e0 une commande de dix v\u00e9los pour pouvoir mettre en pratique ce projet. Reste plus qu\u2019\u00e0 trouver les personnes qui participeront \u00e0 ces balades organis\u00e9es&nbsp;! L\u2019objectif est avant tout de redonner vie au v\u00e9lo \u00e0 Saint-Fons. La route reste longue pour d\u00e9mocratiser cette pratique ici, mais \u00e0 v\u00e9lo, tout va plus vite&nbsp;!<\/p>\n<!-- AddThis Advanced Settings generic via filter on the_content --><!-- AddThis Share Buttons generic via filter on the_content -->","protected":false},"excerpt":{"rendered":"<p>Depuis janvier 2019, les pistes cyclables ont fleuri \u00e0 Saint-Fons. Les travaux avaient \u00e9t\u00e9 annonc\u00e9s par la maire pour la nouvelle ann\u00e9e. Ils seront financ\u00e9s &hellip; <!-- AddThis Advanced Settings generic via filter on wp_trim_excerpt --><!-- AddThis Share Buttons generic via filter on wp_trim_excerpt --><\/p>\n","protected":false},"author":12666,"featured_media":15632,"comment_status":"open","ping_status":"open","sticky":false,"template":"","format":"standard","meta":{"_FSMCFIC_featured_image_caption":"","_FSMCFIC_featured_image_nocaption":"","_FSMCFIC_featured_image_hide":"","footnotes":""},"categories":[6,4097,3887,2,2862,6190],"tags":[6986,6988,6989,6987,141,453],"class_list":["post-15629","post","type-post","status-publish","format-standard","has-post-thumbnail","hentry","category-politique","category-rencontre","category-securite","category-societe","category-sport","category-travail","tag-amenagements-urbains","tag-espace-createur-de-solidarite","tag-janus-france","tag-pistes-cyclables","tag-saint-fons","tag-velo"],"yoast_head":"<!-- This site is optimized with the Yoast SEO plugin v22.8 - https:\/\/yoast.com\/wordpress\/plugins\/seo\/ -->\n<title>Saint-Fons devient cyclable... vraiment ? - Lyon Bondy Blog<\/title>\n<meta name=\"description\" content=\"Depuis janvier 2019, les pistes cyclables ont fleuri \u00e0 Saint-Fons. Les travaux avaient \u00e9t\u00e9 annonc\u00e9s par la maire pour la nouvelle ann\u00e9e.\" \/>\n<meta name=\"robots\" content=\"index, follow, max-snippet:-1, max-image-preview:large, max-video-preview:-1\" \/>\n<link rel=\"canonical\" href=\"https:\/\/lyonbondyblog.fr\/LBB\/saint-fons-devient-cyclable-vraiment\/\" \/>\n<meta property=\"og:locale\" content=\"fr_FR\" \/>\n<meta property=\"og:type\" content=\"article\" \/>\n<meta property=\"og:title\" content=\"Saint-Fons devient cyclable... vraiment ? - Lyon Bondy Blog\" \/>\n<meta property=\"og:description\" content=\"Depuis janvier 2019, les pistes cyclables ont fleuri \u00e0 Saint-Fons. Les travaux avaient \u00e9t\u00e9 annonc\u00e9s par la maire pour la nouvelle ann\u00e9e.\" \/>\n<meta property=\"og:url\" content=\"https:\/\/lyonbondyblog.fr\/LBB\/saint-fons-devient-cyclable-vraiment\/\" \/>\n<meta property=\"og:site_name\" content=\"Lyon Bondy Blog\" \/>\n<meta property=\"article:publisher\" content=\"https:\/\/www.facebook.com\/lyonbondyblog\" \/>\n<meta property=\"article:published_time\" content=\"2019-04-03T08:25:04+00:00\" \/>\n<meta property=\"article:modified_time\" content=\"2019-04-03T09:24:06+00:00\" \/>\n<meta property=\"og:image\" content=\"https:\/\/lyonbondyblog.fr\/LBB\/wp-content\/uploads\/2019\/03\/P1060123.jpg\" \/>\n\t<meta property=\"og:image:width\" content=\"2560\" \/>\n\t<meta property=\"og:image:height\" content=\"1920\" \/>\n\t<meta property=\"og:image:type\" content=\"image\/jpeg\" \/>\n<meta name=\"author\" content=\"Charl\u00e8ne Ponzo\" \/>\n<meta name=\"twitter:card\" content=\"summary_large_image\" \/>\n<meta name=\"twitter:creator\" content=\"@bondybloglyon\" \/>\n<meta name=\"twitter:site\" content=\"@bondybloglyon\" \/>\n<script type=\"application\/ld+json\" class=\"yoast-schema-graph\">{\"@context\":\"https:\/\/schema.org\",\"@graph\":[{\"@type\":\"Article\",\"@id\":\"https:\/\/lyonbondyblog.fr\/LBB\/saint-fons-devient-cyclable-vraiment\/#article\",\"isPartOf\":{\"@id\":\"https:\/\/lyonbondyblog.fr\/LBB\/saint-fons-devient-cyclable-vraiment\/\"},\"author\":{\"name\":\"Charl\u00e8ne Ponzo\",\"@id\":\"https:\/\/lyonbondyblog.fr\/LBB\/#\/schema\/person\/3ccb405c8f8f888f68d89c5f2f85e4e2\"},\"headline\":\"Saint-Fons devient cyclable&#8230; vraiment ?\",\"datePublished\":\"2019-04-03T08:25:04+00:00\",\"dateModified\":\"2019-04-03T09:24:06+00:00\",\"mainEntityOfPage\":{\"@id\":\"https:\/\/lyonbondyblog.fr\/LBB\/saint-fons-devient-cyclable-vraiment\/\"},\"wordCount\":2688,\"commentCount\":1,\"publisher\":{\"@id\":\"https:\/\/lyonbondyblog.fr\/LBB\/#organization\"},\"image\":{\"@id\":\"https:\/\/lyonbondyblog.fr\/LBB\/saint-fons-devient-cyclable-vraiment\/#primaryimage\"},\"thumbnailUrl\":\"https:\/\/lyonbondyblog.fr\/LBB\/wp-content\/uploads\/2019\/03\/P1060123.jpg\",\"keywords\":[\"am\u00e9nagements urbains\",\"Espace Cr\u00e9ateur de solidarit\u00e9\",\"Janus France\",\"pistes cyclables\",\"Saint Fons\",\"v\u00e9lo\"],\"articleSection\":[\"Politique\",\"Rencontre\",\"S\u00e9curit\u00e9\",\"Soci\u00e9t\u00e9\",\"Sport\",\"Travail\"],\"inLanguage\":\"fr-FR\",\"potentialAction\":[{\"@type\":\"CommentAction\",\"name\":\"Comment\",\"target\":[\"https:\/\/lyonbondyblog.fr\/LBB\/saint-fons-devient-cyclable-vraiment\/#respond\"]}]},{\"@type\":\"WebPage\",\"@id\":\"https:\/\/lyonbondyblog.fr\/LBB\/saint-fons-devient-cyclable-vraiment\/\",\"url\":\"https:\/\/lyonbondyblog.fr\/LBB\/saint-fons-devient-cyclable-vraiment\/\",\"name\":\"Saint-Fons devient cyclable... vraiment ? - Lyon Bondy Blog\",\"isPartOf\":{\"@id\":\"https:\/\/lyonbondyblog.fr\/LBB\/#website\"},\"primaryImageOfPage\":{\"@id\":\"https:\/\/lyonbondyblog.fr\/LBB\/saint-fons-devient-cyclable-vraiment\/#primaryimage\"},\"image\":{\"@id\":\"https:\/\/lyonbondyblog.fr\/LBB\/saint-fons-devient-cyclable-vraiment\/#primaryimage\"},\"thumbnailUrl\":\"https:\/\/lyonbondyblog.fr\/LBB\/wp-content\/uploads\/2019\/03\/P1060123.jpg\",\"datePublished\":\"2019-04-03T08:25:04+00:00\",\"dateModified\":\"2019-04-03T09:24:06+00:00\",\"description\":\"Depuis janvier 2019, les pistes cyclables ont fleuri \u00e0 Saint-Fons. Les travaux avaient \u00e9t\u00e9 annonc\u00e9s par la maire pour la nouvelle ann\u00e9e.\",\"inLanguage\":\"fr-FR\",\"potentialAction\":[{\"@type\":\"ReadAction\",\"target\":[\"https:\/\/lyonbondyblog.fr\/LBB\/saint-fons-devient-cyclable-vraiment\/\"]}]},{\"@type\":\"ImageObject\",\"inLanguage\":\"fr-FR\",\"@id\":\"https:\/\/lyonbondyblog.fr\/LBB\/saint-fons-devient-cyclable-vraiment\/#primaryimage\",\"url\":\"https:\/\/lyonbondyblog.fr\/LBB\/wp-content\/uploads\/2019\/03\/P1060123.jpg\",\"contentUrl\":\"https:\/\/lyonbondyblog.fr\/LBB\/wp-content\/uploads\/2019\/03\/P1060123.jpg\",\"width\":2560,\"height\":1920,\"caption\":\"Cr\u00e9dit Photo : Charl\u00e8ne Ponzo \/ Lyon Bondy Blog\"},{\"@type\":\"WebSite\",\"@id\":\"https:\/\/lyonbondyblog.fr\/LBB\/#website\",\"url\":\"https:\/\/lyonbondyblog.fr\/LBB\/\",\"name\":\"Lyon Bondy Blog\",\"description\":\"\",\"publisher\":{\"@id\":\"https:\/\/lyonbondyblog.fr\/LBB\/#organization\"},\"potentialAction\":[{\"@type\":\"SearchAction\",\"target\":{\"@type\":\"EntryPoint\",\"urlTemplate\":\"https:\/\/lyonbondyblog.fr\/LBB\/?s={search_term_string}\"},\"query-input\":\"required name=search_term_string\"}],\"inLanguage\":\"fr-FR\"},{\"@type\":\"Organization\",\"@id\":\"https:\/\/lyonbondyblog.fr\/LBB\/#organization\",\"name\":\"LYON BONDY BLOG\",\"url\":\"https:\/\/lyonbondyblog.fr\/LBB\/\",\"logo\":{\"@type\":\"ImageObject\",\"inLanguage\":\"fr-FR\",\"@id\":\"https:\/\/lyonbondyblog.fr\/LBB\/#\/schema\/logo\/image\/\",\"url\":\"http:\/\/lyonbondyblog.fr\/LBB\/wp-content\/uploads\/2014\/10\/logo-portable-144.png\",\"contentUrl\":\"http:\/\/lyonbondyblog.fr\/LBB\/wp-content\/uploads\/2014\/10\/logo-portable-144.png\",\"width\":144,\"height\":123,\"caption\":\"LYON BONDY BLOG\"},\"image\":{\"@id\":\"https:\/\/lyonbondyblog.fr\/LBB\/#\/schema\/logo\/image\/\"},\"sameAs\":[\"https:\/\/www.facebook.com\/lyonbondyblog\",\"https:\/\/x.com\/bondybloglyon\"]},{\"@type\":\"Person\",\"@id\":\"https:\/\/lyonbondyblog.fr\/LBB\/#\/schema\/person\/3ccb405c8f8f888f68d89c5f2f85e4e2\",\"name\":\"Charl\u00e8ne Ponzo\",\"url\":\"https:\/\/lyonbondyblog.fr\/LBB\/author\/charlene_ponzo\/\"}]}<\/script>\n<!-- \/ Yoast SEO plugin. -->","yoast_head_json":{"title":"Saint-Fons devient cyclable... vraiment ? - Lyon Bondy Blog","description":"Depuis janvier 2019, les pistes cyclables ont fleuri \u00e0 Saint-Fons. Les travaux avaient \u00e9t\u00e9 annonc\u00e9s par la maire pour la nouvelle ann\u00e9e.","robots":{"index":"index","follow":"follow","max-snippet":"max-snippet:-1","max-image-preview":"max-image-preview:large","max-video-preview":"max-video-preview:-1"},"canonical":"https:\/\/lyonbondyblog.fr\/LBB\/saint-fons-devient-cyclable-vraiment\/","og_locale":"fr_FR","og_type":"article","og_title":"Saint-Fons devient cyclable... vraiment ? - Lyon Bondy Blog","og_description":"Depuis janvier 2019, les pistes cyclables ont fleuri \u00e0 Saint-Fons. Les travaux avaient \u00e9t\u00e9 annonc\u00e9s par la maire pour la nouvelle ann\u00e9e.","og_url":"https:\/\/lyonbondyblog.fr\/LBB\/saint-fons-devient-cyclable-vraiment\/","og_site_name":"Lyon Bondy Blog","article_publisher":"https:\/\/www.facebook.com\/lyonbondyblog","article_published_time":"2019-04-03T08:25:04+00:00","article_modified_time":"2019-04-03T09:24:06+00:00","og_image":[{"width":2560,"height":1920,"url":"https:\/\/lyonbondyblog.fr\/LBB\/wp-content\/uploads\/2019\/03\/P1060123.jpg","type":"image\/jpeg"}],"author":"Charl\u00e8ne Ponzo","twitter_card":"summary_large_image","twitter_creator":"@bondybloglyon","twitter_site":"@bondybloglyon","schema":{"@context":"https:\/\/schema.org","@graph":[{"@type":"Article","@id":"https:\/\/lyonbondyblog.fr\/LBB\/saint-fons-devient-cyclable-vraiment\/#article","isPartOf":{"@id":"https:\/\/lyonbondyblog.fr\/LBB\/saint-fons-devient-cyclable-vraiment\/"},"author":{"name":"Charl\u00e8ne Ponzo","@id":"https:\/\/lyonbondyblog.fr\/LBB\/#\/schema\/person\/3ccb405c8f8f888f68d89c5f2f85e4e2"},"headline":"Saint-Fons devient cyclable&#8230; vraiment ?","datePublished":"2019-04-03T08:25:04+00:00","dateModified":"2019-04-03T09:24:06+00:00","mainEntityOfPage":{"@id":"https:\/\/lyonbondyblog.fr\/LBB\/saint-fons-devient-cyclable-vraiment\/"},"wordCount":2688,"commentCount":1,"publisher":{"@id":"https:\/\/lyonbondyblog.fr\/LBB\/#organization"},"image":{"@id":"https:\/\/lyonbondyblog.fr\/LBB\/saint-fons-devient-cyclable-vraiment\/#primaryimage"},"thumbnailUrl":"https:\/\/lyonbondyblog.fr\/LBB\/wp-content\/uploads\/2019\/03\/P1060123.jpg","keywords":["am\u00e9nagements urbains","Espace Cr\u00e9ateur de solidarit\u00e9","Janus France","pistes cyclables","Saint Fons","v\u00e9lo"],"articleSection":["Politique","Rencontre","S\u00e9curit\u00e9","Soci\u00e9t\u00e9","Sport","Travail"],"inLanguage":"fr-FR","potentialAction":[{"@type":"CommentAction","name":"Comment","target":["https:\/\/lyonbondyblog.fr\/LBB\/saint-fons-devient-cyclable-vraiment\/#respond"]}]},{"@type":"WebPage","@id":"https:\/\/lyonbondyblog.fr\/LBB\/saint-fons-devient-cyclable-vraiment\/","url":"https:\/\/lyonbondyblog.fr\/LBB\/saint-fons-devient-cyclable-vraiment\/","name":"Saint-Fons devient cyclable... vraiment ? - Lyon Bondy Blog","isPartOf":{"@id":"https:\/\/lyonbondyblog.fr\/LBB\/#website"},"primaryImageOfPage":{"@id":"https:\/\/lyonbondyblog.fr\/LBB\/saint-fons-devient-cyclable-vraiment\/#primaryimage"},"image":{"@id":"https:\/\/lyonbondyblog.fr\/LBB\/saint-fons-devient-cyclable-vraiment\/#primaryimage"},"thumbnailUrl":"https:\/\/lyonbondyblog.fr\/LBB\/wp-content\/uploads\/2019\/03\/P1060123.jpg","datePublished":"2019-04-03T08:25:04+00:00","dateModified":"2019-04-03T09:24:06+00:00","description":"Depuis janvier 2019, les pistes cyclables ont fleuri \u00e0 Saint-Fons. Les travaux avaient \u00e9t\u00e9 annonc\u00e9s par la maire pour la nouvelle ann\u00e9e.","inLanguage":"fr-FR","potentialAction":[{"@type":"ReadAction","target":["https:\/\/lyonbondyblog.fr\/LBB\/saint-fons-devient-cyclable-vraiment\/"]}]},{"@type":"ImageObject","inLanguage":"fr-FR","@id":"https:\/\/lyonbondyblog.fr\/LBB\/saint-fons-devient-cyclable-vraiment\/#primaryimage","url":"https:\/\/lyonbondyblog.fr\/LBB\/wp-content\/uploads\/2019\/03\/P1060123.jpg","contentUrl":"https:\/\/lyonbondyblog.fr\/LBB\/wp-content\/uploads\/2019\/03\/P1060123.jpg","width":2560,"height":1920,"caption":"Cr\u00e9dit Photo : Charl\u00e8ne Ponzo \/ Lyon Bondy Blog"},{"@type":"WebSite","@id":"https:\/\/lyonbondyblog.fr\/LBB\/#website","url":"https:\/\/lyonbondyblog.fr\/LBB\/","name":"Lyon Bondy Blog","description":"","publisher":{"@id":"https:\/\/lyonbondyblog.fr\/LBB\/#organization"},"potentialAction":[{"@type":"SearchAction","target":{"@type":"EntryPoint","urlTemplate":"https:\/\/lyonbondyblog.fr\/LBB\/?s={search_term_string}"},"query-input":"required name=search_term_string"}],"inLanguage":"fr-FR"},{"@type":"Organization","@id":"https:\/\/lyonbondyblog.fr\/LBB\/#organization","name":"LYON BONDY BLOG","url":"https:\/\/lyonbondyblog.fr\/LBB\/","logo":{"@type":"ImageObject","inLanguage":"fr-FR","@id":"https:\/\/lyonbondyblog.fr\/LBB\/#\/schema\/logo\/image\/","url":"http:\/\/lyonbondyblog.fr\/LBB\/wp-content\/uploads\/2014\/10\/logo-portable-144.png","contentUrl":"http:\/\/lyonbondyblog.fr\/LBB\/wp-content\/uploads\/2014\/10\/logo-portable-144.png","width":144,"height":123,"caption":"LYON BONDY BLOG"},"image":{"@id":"https:\/\/lyonbondyblog.fr\/LBB\/#\/schema\/logo\/image\/"},"sameAs":["https:\/\/www.facebook.com\/lyonbondyblog","https:\/\/x.com\/bondybloglyon"]},{"@type":"Person","@id":"https:\/\/lyonbondyblog.fr\/LBB\/#\/schema\/person\/3ccb405c8f8f888f68d89c5f2f85e4e2","name":"Charl\u00e8ne Ponzo","url":"https:\/\/lyonbondyblog.fr\/LBB\/author\/charlene_ponzo\/"}]}},"_links":{"self":[{"href":"https:\/\/lyonbondyblog.fr\/LBB\/wp-json\/wp\/v2\/posts\/15629","targetHints":{"allow":["GET"]}}],"collection":[{"href":"https:\/\/lyonbondyblog.fr\/LBB\/wp-json\/wp\/v2\/posts"}],"about":[{"href":"https:\/\/lyonbondyblog.fr\/LBB\/wp-json\/wp\/v2\/types\/post"}],"author":[{"embeddable":true,"href":"https:\/\/lyonbondyblog.fr\/LBB\/wp-json\/wp\/v2\/users\/12666"}],"replies":[{"embeddable":true,"href":"https:\/\/lyonbondyblog.fr\/LBB\/wp-json\/wp\/v2\/comments?post=15629"}],"version-history":[{"count":18,"href":"https:\/\/lyonbondyblog.fr\/LBB\/wp-json\/wp\/v2\/posts\/15629\/revisions"}],"predecessor-version":[{"id":15670,"href":"https:\/\/lyonbondyblog.fr\/LBB\/wp-json\/wp\/v2\/posts\/15629\/revisions\/15670"}],"wp:featuredmedia":[{"embeddable":true,"href":"https:\/\/lyonbondyblog.fr\/LBB\/wp-json\/wp\/v2\/media\/15632"}],"wp:attachment":[{"href":"https:\/\/lyonbondyblog.fr\/LBB\/wp-json\/wp\/v2\/media?parent=15629"}],"wp:term":[{"taxonomy":"category","embeddable":true,"href":"https:\/\/lyonbondyblog.fr\/LBB\/wp-json\/wp\/v2\/categories?post=15629"},{"taxonomy":"post_tag","embeddable":true,"href":"https:\/\/lyonbondyblog.fr\/LBB\/wp-json\/wp\/v2\/tags?post=15629"}],"curies":[{"name":"wp","href":"https:\/\/api.w.org\/{rel}","templated":true}]}}