{"id":1556,"date":"2012-02-22T16:32:45","date_gmt":"2012-02-22T15:32:45","guid":{"rendered":"http:\/\/lyonbondyblog.fr\/LBB\/?p=1556"},"modified":"2013-07-25T16:35:43","modified_gmt":"2013-07-25T14:35:43","slug":"liban-trip-un-carrefour-de-religions","status":"publish","type":"post","link":"https:\/\/lyonbondyblog.fr\/LBB\/liban-trip-un-carrefour-de-religions\/","title":{"rendered":"[Liban Trip] Un carrefour de religions"},"content":{"rendered":"<p><strong>Partie pour une ann\u00e9e d\u2019\u00e9tude au Liban, Marie Grillot a accept\u00e9 de nous raconter, chaque mois, des tranches de vie locales, parfois avec humour. Voici la troisi\u00e8me partie de son \u00abLibantrip\u00bb.<\/strong><\/p>\n<div><a title=\" -- Cliquez pour voir l'image en entier\" href=\"http:\/\/yahoo.lyon.bondyblog.fr\/images\/images_5.jpg\" target=\"_blank\"> <img decoding=\"async\" alt=\" -- Cliquez pour voir l'image en entier\" src=\"http:\/\/yahoo.lyon.bondyblog.fr\/images\/images_5_t.jpg\" border=\"0\" \/> <\/a><\/div>\n<div><\/div>\n<p><a title=\"Zoom\" href=\"http:\/\/yahoo.lyon.bondyblog.fr\/images\/logo_Free_Landz_2.jpg\"><img loading=\"lazy\" decoding=\"async\" alt=\"\" src=\"http:\/\/yahoo.lyon.bondyblog.fr\/images\/logo_Free_Landz_2_t.jpg\" width=\"194\" height=\"52\" border=\"0\" \/><\/a><br \/>\n<a href=\"http:\/\/yahoo.lyon.bondyblog.fr\/news\/liban-trip-discipline-et-vitalite-francaise\">&lt;&lt; Episode 2\u00a0: Discipline et vitalit\u00e9 fran\u00e7aise.<\/a><br \/>\nIl y a quelques semaines, j\u2019ai interrog\u00e9 une connaissance syrienne de confession chr\u00e9tienne \u00e9tudiant au Liban \u00e0 propos de la r\u00e9volte dans son pays\u00a0: \u00ab<i>Il n\u2019y a aucun probl\u00e8me<\/i>\u00bb, m\u2019annon\u00e7a-t-elle, sans rire. Elle m\u2019expliqua qu\u2019il y avait, en effet, quelques manifestations, mais que celles-ci restaient <b>isol\u00e9es<\/b> et que ceux qui semaient le trouble n\u2019\u00e9taient que des milices qui n\u2019\u00e9coutaient pas les ordres du Pr\u00e9sident.<\/p>\n<p>J\u2019en restais coite. <b>Je d\u00e9couvrais la propagande.<\/b> Pas celle que les politiques nous infligent tous les jours, relay\u00e9e au journal de 20h, non, celle qui \u00e9tablit une toute autre interpr\u00e9tation de la r\u00e9alit\u00e9 et une vraie d\u00e9sinformation. Apr\u00e8s \u00e7a, j\u2019ai voulu aller en Syrie, pour voir de mes propres yeux. Non pas que je pensais qu\u2019elle avait raison, mais, simplement, je me sentais, tout d\u2019un coup, l\u2019\u00e2me d\u2019une grande reporter pr\u00eate \u00e0 l\u2019investigation dans un pays en crise, bien d\u00e9termin\u00e9e \u00e0 r\u00e9tablir la V\u00e9rit\u00e9\u00a0! Je suis finalement rest\u00e9e au Liban. Les vacances touchant \u00e0 leur fin, je crois qu\u2019il vaudrait mieux que je ravale mes ambitions pour cette fois\u2026 Alors, continuons de parler du Liban.<\/p>\n<p>Que pensent les Libanais \u00e0 propos des r\u00e9voltes syriennes\u00a0? \u00ab<i>El-Assad doit rester au pouvoir\u00a0!<\/i>\u00bb OK. Apr\u00e8s avoir eu affaire \u00e0 une \u201clav\u00e9e du cerveau\u201d, j\u2019ai le droit au tyran sans foi ni loi. Et moi, je suis l\u00e0, avec ma belle morale et mes principes de droit que personne ne semble soutenir. En discutant, voil\u00e0 comment la personne m\u2019a r\u00e9sum\u00e9 son point de vue\u00a0: si el-Assad tombe, un gouvernement sunnite le remplacera et son \u00e9viction se r\u00e9percutera au Liban, en premier lieu \u00e0 travers le Hezbollah, qui perdra son soutien syrien. Cela mettra \u00e0 mal l\u2019axe Iran-Syrie-Hezbollah. Ajoutons \u00e0 cela deux autres probl\u00e9matiques\u00a0: le r\u00e9gime politique confessionnel libanais et les r\u00e9fugi\u00e9s syriens (sunnites) au Liban. En clair, <b>la stabilit\u00e9 du pays d\u00e9pendait du d\u00e9nouement des \u00e9v\u00e9nements en Syrie<\/b>.<\/p>\n<p><a title=\"Zoom\" href=\"http:\/\/yahoo.lyon.bondyblog.fr\/images\/Bcharre.jpeg\"><img loading=\"lazy\" decoding=\"async\" alt=\"\" src=\"http:\/\/yahoo.lyon.bondyblog.fr\/images\/Bcharre_t.jpeg\" width=\"232\" height=\"174\" border=\"0\" \/><\/a><br \/>\nPour comprendre, il faut avoir en t\u00eate que, ici, tout est affaire de religion. D\u00e9j\u00e0, au XVIIIe si\u00e8cle, la montagne libanaise \u00e9tait connue pour \u00eatre celles des druzes et des maronites. Avec la chute de l\u2019Empire ottoman et l\u2019arriv\u00e9e des Fran\u00e7ais, la cr\u00e9ation d\u2019un Grand Liban se voit contrari\u00e9e par les divergences d\u2019opinions inter-confessionnelles (protectorat fran\u00e7ais pour certains, pr\u00e9f\u00e9rence pour un rattachement \u00e0 la Syrie pour d\u2019autres). Sans vraiment de consensus, ce Grand Liban s\u2019\u00e9tablit comme un fait accompli et, peu \u00e0 peu, les revendications confessionnelles se cristallisent \u00e0 travers la cr\u00e9ation de partis politiques. Bient\u00f4t, <b>toutes les questions d\u2019ordre publique rel\u00e8veront des diff\u00e9rents points de vue religieux<\/b>.<\/p>\n<p>Alors, comment parler, dans ce contexte, d\u2019unit\u00e9 nationale et de stabilit\u00e9\u00a0? O\u00f9 est l\u2019<b>unit\u00e9<\/b>, quand chacun s\u2019identifie, avant tout, comme appartenant \u00e0 une confession, et non \u00e0 une Nation\u00a0? O\u00f9 est l\u2019unit\u00e9 quand les maronites estiment que les r\u00e9voltes syriennes feraient tomber un gouvernement qui prot\u00e9geaient les chr\u00e9tiens syriens au profit d\u2019un gouvernement sunnite qui mettrait \u00e0 mal leurs int\u00e9r\u00eats\u00a0?<\/p>\n<h3>Syriens, Isra\u00e9liens et Palestiniens\u2028 ont spoli\u00e9 l\u2019int\u00e9grit\u00e9 du territoire libanais<\/h3>\n<p>Ajoutons \u00e0 cela que le Liban est soumis \u00e0 la volont\u00e9 de ces pays limitrophes\u00a0: la Syrie, Isra\u00ebl et les Palestiniens\u00a0: autant d\u2019\u00e9l\u00e9ments ext\u00e9rieurs qui ont spoli\u00e9 l\u2019int\u00e9grit\u00e9 du territoire libanais. Dans les ann\u00e9es 1970, on accorde aux r\u00e9fugi\u00e9s palestiniens le droit de s\u2019armer contre Isra\u00ebl. Les repr\u00e9sailles ne se font pas attendre et, avec elles, la Guerre Civile qui durera quinze ans. En effet, les chr\u00e9tiens ne tardent pas \u00e0 s\u2019opposer aux Palestiniens, les sunnites continuant, eux, de les soutenir\u00a0; Isra\u00ebl bombarde le sud, puis Beyrouth\u00a0; le Hezbollah apparait face \u00e0 l\u2019impuissance de l\u2019arm\u00e9e nationale et sera consid\u00e9r\u00e9, dans les ann\u00e9es 1990, comme une <b>force de r\u00e9sistance<\/b> contre l\u2019occupation isra\u00e9lienne au sud-Liban. La Syrie aussi intervient, rajoutant un nouvel acteur dans ce casse-t\u00eate\u2026<\/p>\n<p>Bref, le Liban est, \u00e0 la fois, soumis \u00e0 son patchwork religieux, fig\u00e9 par la mise en place d\u2019un r\u00e9gime consensuel qui impose un juste \u00e9quilibre confessionnel dans les repr\u00e9sentations politiques, et sa situation g\u00e9ographique d\u00e9licate, entre Syrie et Isra\u00ebl.<\/p>\n<p>Alors, quelle politique vis-\u00e0-vis des r\u00e9voltes\u00a0? Pour le gouvernement, il faut tenir le Liban <b>en dehors de cette crise<\/b> mais, d\u00e9j\u00e0, les sunnites du pays soutiennent les insurg\u00e9s voisins en alimentant les routes de contrebande par lesquelles ils peuvent faire passer de l\u2019eau, des armes, de la nourriture et des produits de premi\u00e8re n\u00e9cessit\u00e9. Tripoli, premi\u00e8re ville musulmane du Liban, commence \u00e0 s\u2019enflammer face \u00e0 l\u2019afflux de r\u00e9fugi\u00e9s, mais aussi face aux tensions entre communaut\u00e9s alaouites (proches de el-Assad) et sunnites.<\/p>\n<p>Le Liban est une <b>caisse de r\u00e9sonance<\/b> et bien peu ais\u00e9 est l\u2019art de gouverner dans un pays aussi peu soud\u00e9, dans une r\u00e9gion o\u00f9 la question religieuse est strat\u00e9gique. La relative stabilit\u00e9 du pays semble d\u00e9sormais soumise aux d\u00e9cisions d\u2019une communaut\u00e9 internationale divis\u00e9e, bien peu encline \u00e0 l\u2019action\u2026<\/p>\n<p><a title=\"Zoom\" href=\"http:\/\/yahoo.lyon.bondyblog.fr\/images\/Bcharre.jpg\"><img loading=\"lazy\" decoding=\"async\" alt=\"\" src=\"http:\/\/yahoo.lyon.bondyblog.fr\/images\/Bcharre_t.jpg\" width=\"194\" height=\"258\" border=\"0\" \/><\/a><\/p>\n<p>L&rsquo;article sur FreeLandz\u00a0: <a href=\"http:\/\/www.free-landz.fr\/une\/libantrip-episode-3\">http:\/\/www.free-landz.fr\/une\/libantrip-episode-3<\/a><\/p>\n<p>photos\u00a0: Marie Grillot<br \/>\nl\u00e9gendes\u00a0: -vue depuis le mus\u00e9e Khalil Gibran.<br \/>\n-Bcharr\u00e9, bastion de la r\u00e9sistance chr\u00e9tienne pendant la guerre civile.<\/p>\n<p style=\"text-align: right;\"><span style=\"text-decoration: underline;\">Marie Grillot<\/span><\/p>\n<!-- AddThis Advanced Settings generic via filter on the_content --><!-- AddThis Share Buttons generic via filter on the_content -->","protected":false},"excerpt":{"rendered":"<p>Partie pour une ann\u00e9e d\u2019\u00e9tude au Liban, Marie Grillot a accept\u00e9 de nous raconter, chaque mois, des tranches de vie locales, parfois avec humour. Voici &hellip; <!-- AddThis Advanced Settings generic via filter on wp_trim_excerpt --><!-- AddThis Share Buttons generic via filter on wp_trim_excerpt --><\/p>\n","protected":false},"author":1,"featured_media":1559,"comment_status":"open","ping_status":"open","sticky":false,"template":"","format":"standard","meta":{"_FSMCFIC_featured_image_caption":"","_FSMCFIC_featured_image_nocaption":"","_FSMCFIC_featured_image_hide":"","footnotes":""},"categories":[4],"tags":[10,112],"class_list":["post-1556","post","type-post","status-publish","format-standard","has-post-thumbnail","hentry","category-lyon","tag-lyon-2","tag-lyon-bondy-blog"],"yoast_head":"<!-- This site is optimized with the Yoast SEO plugin v22.8 - https:\/\/yoast.com\/wordpress\/plugins\/seo\/ -->\n<title>[Liban Trip] Un carrefour de religions - Lyon Bondy Blog<\/title>\n<meta name=\"robots\" content=\"index, follow, max-snippet:-1, max-image-preview:large, max-video-preview:-1\" \/>\n<link rel=\"canonical\" href=\"https:\/\/lyonbondyblog.fr\/LBB\/liban-trip-un-carrefour-de-religions\/\" \/>\n<meta property=\"og:locale\" content=\"fr_FR\" \/>\n<meta property=\"og:type\" content=\"article\" \/>\n<meta property=\"og:title\" content=\"[Liban Trip] Un carrefour de religions - Lyon Bondy Blog\" \/>\n<meta property=\"og:description\" content=\"Partie pour une ann\u00e9e d\u2019\u00e9tude au Liban, Marie Grillot a accept\u00e9 de nous raconter, chaque mois, des tranches de vie locales, parfois avec humour. Voici &hellip;\" \/>\n<meta property=\"og:url\" content=\"https:\/\/lyonbondyblog.fr\/LBB\/liban-trip-un-carrefour-de-religions\/\" \/>\n<meta property=\"og:site_name\" content=\"Lyon Bondy Blog\" \/>\n<meta property=\"article:publisher\" content=\"https:\/\/www.facebook.com\/lyonbondyblog\" \/>\n<meta property=\"article:author\" content=\"https:\/\/www.facebook.com\/lyonbondyblog\" \/>\n<meta property=\"article:published_time\" content=\"2012-02-22T15:32:45+00:00\" \/>\n<meta property=\"article:modified_time\" content=\"2013-07-25T14:35:43+00:00\" \/>\n<meta property=\"og:image\" content=\"https:\/\/lyonbondyblog.fr\/LBB\/wp-content\/uploads\/2013\/07\/images_5_t.jpg\" \/>\n\t<meta property=\"og:image:width\" content=\"193\" \/>\n\t<meta property=\"og:image:height\" content=\"135\" \/>\n\t<meta property=\"og:image:type\" content=\"image\/jpeg\" \/>\n<meta name=\"author\" content=\"La r\u00e9daction\" \/>\n<meta name=\"twitter:card\" content=\"summary_large_image\" \/>\n<meta name=\"twitter:creator\" content=\"@BondyBlogLyon\" \/>\n<meta name=\"twitter:site\" content=\"@bondybloglyon\" \/>\n<script type=\"application\/ld+json\" class=\"yoast-schema-graph\">{\"@context\":\"https:\/\/schema.org\",\"@graph\":[{\"@type\":\"Article\",\"@id\":\"https:\/\/lyonbondyblog.fr\/LBB\/liban-trip-un-carrefour-de-religions\/#article\",\"isPartOf\":{\"@id\":\"https:\/\/lyonbondyblog.fr\/LBB\/liban-trip-un-carrefour-de-religions\/\"},\"author\":{\"name\":\"La r\u00e9daction\",\"@id\":\"https:\/\/lyonbondyblog.fr\/LBB\/#\/schema\/person\/e45f8d27baac75072daa0be50c409b25\"},\"headline\":\"[Liban Trip] Un carrefour de religions\",\"datePublished\":\"2012-02-22T15:32:45+00:00\",\"dateModified\":\"2013-07-25T14:35:43+00:00\",\"mainEntityOfPage\":{\"@id\":\"https:\/\/lyonbondyblog.fr\/LBB\/liban-trip-un-carrefour-de-religions\/\"},\"wordCount\":970,\"commentCount\":0,\"publisher\":{\"@id\":\"https:\/\/lyonbondyblog.fr\/LBB\/#organization\"},\"image\":{\"@id\":\"https:\/\/lyonbondyblog.fr\/LBB\/liban-trip-un-carrefour-de-religions\/#primaryimage\"},\"thumbnailUrl\":\"https:\/\/lyonbondyblog.fr\/LBB\/wp-content\/uploads\/2013\/07\/images_5_t.jpg\",\"keywords\":[\"lyon\",\"Lyon Bondy Blog\"],\"articleSection\":[\"Lyon\"],\"inLanguage\":\"fr-FR\",\"potentialAction\":[{\"@type\":\"CommentAction\",\"name\":\"Comment\",\"target\":[\"https:\/\/lyonbondyblog.fr\/LBB\/liban-trip-un-carrefour-de-religions\/#respond\"]}]},{\"@type\":\"WebPage\",\"@id\":\"https:\/\/lyonbondyblog.fr\/LBB\/liban-trip-un-carrefour-de-religions\/\",\"url\":\"https:\/\/lyonbondyblog.fr\/LBB\/liban-trip-un-carrefour-de-religions\/\",\"name\":\"[Liban Trip] Un carrefour de religions - Lyon Bondy Blog\",\"isPartOf\":{\"@id\":\"https:\/\/lyonbondyblog.fr\/LBB\/#website\"},\"primaryImageOfPage\":{\"@id\":\"https:\/\/lyonbondyblog.fr\/LBB\/liban-trip-un-carrefour-de-religions\/#primaryimage\"},\"image\":{\"@id\":\"https:\/\/lyonbondyblog.fr\/LBB\/liban-trip-un-carrefour-de-religions\/#primaryimage\"},\"thumbnailUrl\":\"https:\/\/lyonbondyblog.fr\/LBB\/wp-content\/uploads\/2013\/07\/images_5_t.jpg\",\"datePublished\":\"2012-02-22T15:32:45+00:00\",\"dateModified\":\"2013-07-25T14:35:43+00:00\",\"inLanguage\":\"fr-FR\",\"potentialAction\":[{\"@type\":\"ReadAction\",\"target\":[\"https:\/\/lyonbondyblog.fr\/LBB\/liban-trip-un-carrefour-de-religions\/\"]}]},{\"@type\":\"ImageObject\",\"inLanguage\":\"fr-FR\",\"@id\":\"https:\/\/lyonbondyblog.fr\/LBB\/liban-trip-un-carrefour-de-religions\/#primaryimage\",\"url\":\"https:\/\/lyonbondyblog.fr\/LBB\/wp-content\/uploads\/2013\/07\/images_5_t.jpg\",\"contentUrl\":\"https:\/\/lyonbondyblog.fr\/LBB\/wp-content\/uploads\/2013\/07\/images_5_t.jpg\",\"width\":193,\"height\":135},{\"@type\":\"WebSite\",\"@id\":\"https:\/\/lyonbondyblog.fr\/LBB\/#website\",\"url\":\"https:\/\/lyonbondyblog.fr\/LBB\/\",\"name\":\"Lyon Bondy Blog\",\"description\":\"\",\"publisher\":{\"@id\":\"https:\/\/lyonbondyblog.fr\/LBB\/#organization\"},\"potentialAction\":[{\"@type\":\"SearchAction\",\"target\":{\"@type\":\"EntryPoint\",\"urlTemplate\":\"https:\/\/lyonbondyblog.fr\/LBB\/?s={search_term_string}\"},\"query-input\":\"required name=search_term_string\"}],\"inLanguage\":\"fr-FR\"},{\"@type\":\"Organization\",\"@id\":\"https:\/\/lyonbondyblog.fr\/LBB\/#organization\",\"name\":\"LYON BONDY BLOG\",\"url\":\"https:\/\/lyonbondyblog.fr\/LBB\/\",\"logo\":{\"@type\":\"ImageObject\",\"inLanguage\":\"fr-FR\",\"@id\":\"https:\/\/lyonbondyblog.fr\/LBB\/#\/schema\/logo\/image\/\",\"url\":\"http:\/\/lyonbondyblog.fr\/LBB\/wp-content\/uploads\/2014\/10\/logo-portable-144.png\",\"contentUrl\":\"http:\/\/lyonbondyblog.fr\/LBB\/wp-content\/uploads\/2014\/10\/logo-portable-144.png\",\"width\":144,\"height\":123,\"caption\":\"LYON BONDY BLOG\"},\"image\":{\"@id\":\"https:\/\/lyonbondyblog.fr\/LBB\/#\/schema\/logo\/image\/\"},\"sameAs\":[\"https:\/\/www.facebook.com\/lyonbondyblog\",\"https:\/\/x.com\/bondybloglyon\"]},{\"@type\":\"Person\",\"@id\":\"https:\/\/lyonbondyblog.fr\/LBB\/#\/schema\/person\/e45f8d27baac75072daa0be50c409b25\",\"name\":\"La r\u00e9daction\",\"description\":\"Cr\u00e9e en 2008, la r\u00e9daction du Lyon Bondy Blog s'applique \u00e0 proposer une information locale diff\u00e9rente et compl\u00e9mentaire des m\u00e9dias traditionnels.\",\"sameAs\":[\"https:\/\/www.facebook.com\/lyonbondyblog\",\"https:\/\/x.com\/BondyBlogLyon\"],\"url\":\"https:\/\/lyonbondyblog.fr\/LBB\/author\/admin\/\"}]}<\/script>\n<!-- \/ Yoast SEO plugin. -->","yoast_head_json":{"title":"[Liban Trip] Un carrefour de religions - Lyon Bondy Blog","robots":{"index":"index","follow":"follow","max-snippet":"max-snippet:-1","max-image-preview":"max-image-preview:large","max-video-preview":"max-video-preview:-1"},"canonical":"https:\/\/lyonbondyblog.fr\/LBB\/liban-trip-un-carrefour-de-religions\/","og_locale":"fr_FR","og_type":"article","og_title":"[Liban Trip] Un carrefour de religions - Lyon Bondy Blog","og_description":"Partie pour une ann\u00e9e d\u2019\u00e9tude au Liban, Marie Grillot a accept\u00e9 de nous raconter, chaque mois, des tranches de vie locales, parfois avec humour. Voici &hellip;","og_url":"https:\/\/lyonbondyblog.fr\/LBB\/liban-trip-un-carrefour-de-religions\/","og_site_name":"Lyon Bondy Blog","article_publisher":"https:\/\/www.facebook.com\/lyonbondyblog","article_author":"https:\/\/www.facebook.com\/lyonbondyblog","article_published_time":"2012-02-22T15:32:45+00:00","article_modified_time":"2013-07-25T14:35:43+00:00","og_image":[{"width":193,"height":135,"url":"https:\/\/lyonbondyblog.fr\/LBB\/wp-content\/uploads\/2013\/07\/images_5_t.jpg","type":"image\/jpeg"}],"author":"La r\u00e9daction","twitter_card":"summary_large_image","twitter_creator":"@BondyBlogLyon","twitter_site":"@bondybloglyon","schema":{"@context":"https:\/\/schema.org","@graph":[{"@type":"Article","@id":"https:\/\/lyonbondyblog.fr\/LBB\/liban-trip-un-carrefour-de-religions\/#article","isPartOf":{"@id":"https:\/\/lyonbondyblog.fr\/LBB\/liban-trip-un-carrefour-de-religions\/"},"author":{"name":"La r\u00e9daction","@id":"https:\/\/lyonbondyblog.fr\/LBB\/#\/schema\/person\/e45f8d27baac75072daa0be50c409b25"},"headline":"[Liban Trip] Un carrefour de religions","datePublished":"2012-02-22T15:32:45+00:00","dateModified":"2013-07-25T14:35:43+00:00","mainEntityOfPage":{"@id":"https:\/\/lyonbondyblog.fr\/LBB\/liban-trip-un-carrefour-de-religions\/"},"wordCount":970,"commentCount":0,"publisher":{"@id":"https:\/\/lyonbondyblog.fr\/LBB\/#organization"},"image":{"@id":"https:\/\/lyonbondyblog.fr\/LBB\/liban-trip-un-carrefour-de-religions\/#primaryimage"},"thumbnailUrl":"https:\/\/lyonbondyblog.fr\/LBB\/wp-content\/uploads\/2013\/07\/images_5_t.jpg","keywords":["lyon","Lyon Bondy Blog"],"articleSection":["Lyon"],"inLanguage":"fr-FR","potentialAction":[{"@type":"CommentAction","name":"Comment","target":["https:\/\/lyonbondyblog.fr\/LBB\/liban-trip-un-carrefour-de-religions\/#respond"]}]},{"@type":"WebPage","@id":"https:\/\/lyonbondyblog.fr\/LBB\/liban-trip-un-carrefour-de-religions\/","url":"https:\/\/lyonbondyblog.fr\/LBB\/liban-trip-un-carrefour-de-religions\/","name":"[Liban Trip] Un carrefour de religions - Lyon Bondy Blog","isPartOf":{"@id":"https:\/\/lyonbondyblog.fr\/LBB\/#website"},"primaryImageOfPage":{"@id":"https:\/\/lyonbondyblog.fr\/LBB\/liban-trip-un-carrefour-de-religions\/#primaryimage"},"image":{"@id":"https:\/\/lyonbondyblog.fr\/LBB\/liban-trip-un-carrefour-de-religions\/#primaryimage"},"thumbnailUrl":"https:\/\/lyonbondyblog.fr\/LBB\/wp-content\/uploads\/2013\/07\/images_5_t.jpg","datePublished":"2012-02-22T15:32:45+00:00","dateModified":"2013-07-25T14:35:43+00:00","inLanguage":"fr-FR","potentialAction":[{"@type":"ReadAction","target":["https:\/\/lyonbondyblog.fr\/LBB\/liban-trip-un-carrefour-de-religions\/"]}]},{"@type":"ImageObject","inLanguage":"fr-FR","@id":"https:\/\/lyonbondyblog.fr\/LBB\/liban-trip-un-carrefour-de-religions\/#primaryimage","url":"https:\/\/lyonbondyblog.fr\/LBB\/wp-content\/uploads\/2013\/07\/images_5_t.jpg","contentUrl":"https:\/\/lyonbondyblog.fr\/LBB\/wp-content\/uploads\/2013\/07\/images_5_t.jpg","width":193,"height":135},{"@type":"WebSite","@id":"https:\/\/lyonbondyblog.fr\/LBB\/#website","url":"https:\/\/lyonbondyblog.fr\/LBB\/","name":"Lyon Bondy Blog","description":"","publisher":{"@id":"https:\/\/lyonbondyblog.fr\/LBB\/#organization"},"potentialAction":[{"@type":"SearchAction","target":{"@type":"EntryPoint","urlTemplate":"https:\/\/lyonbondyblog.fr\/LBB\/?s={search_term_string}"},"query-input":"required name=search_term_string"}],"inLanguage":"fr-FR"},{"@type":"Organization","@id":"https:\/\/lyonbondyblog.fr\/LBB\/#organization","name":"LYON BONDY BLOG","url":"https:\/\/lyonbondyblog.fr\/LBB\/","logo":{"@type":"ImageObject","inLanguage":"fr-FR","@id":"https:\/\/lyonbondyblog.fr\/LBB\/#\/schema\/logo\/image\/","url":"http:\/\/lyonbondyblog.fr\/LBB\/wp-content\/uploads\/2014\/10\/logo-portable-144.png","contentUrl":"http:\/\/lyonbondyblog.fr\/LBB\/wp-content\/uploads\/2014\/10\/logo-portable-144.png","width":144,"height":123,"caption":"LYON BONDY BLOG"},"image":{"@id":"https:\/\/lyonbondyblog.fr\/LBB\/#\/schema\/logo\/image\/"},"sameAs":["https:\/\/www.facebook.com\/lyonbondyblog","https:\/\/x.com\/bondybloglyon"]},{"@type":"Person","@id":"https:\/\/lyonbondyblog.fr\/LBB\/#\/schema\/person\/e45f8d27baac75072daa0be50c409b25","name":"La r\u00e9daction","description":"Cr\u00e9e en 2008, la r\u00e9daction du Lyon Bondy Blog s'applique \u00e0 proposer une information locale diff\u00e9rente et compl\u00e9mentaire des m\u00e9dias traditionnels.","sameAs":["https:\/\/www.facebook.com\/lyonbondyblog","https:\/\/x.com\/BondyBlogLyon"],"url":"https:\/\/lyonbondyblog.fr\/LBB\/author\/admin\/"}]}},"_links":{"self":[{"href":"https:\/\/lyonbondyblog.fr\/LBB\/wp-json\/wp\/v2\/posts\/1556","targetHints":{"allow":["GET"]}}],"collection":[{"href":"https:\/\/lyonbondyblog.fr\/LBB\/wp-json\/wp\/v2\/posts"}],"about":[{"href":"https:\/\/lyonbondyblog.fr\/LBB\/wp-json\/wp\/v2\/types\/post"}],"author":[{"embeddable":true,"href":"https:\/\/lyonbondyblog.fr\/LBB\/wp-json\/wp\/v2\/users\/1"}],"replies":[{"embeddable":true,"href":"https:\/\/lyonbondyblog.fr\/LBB\/wp-json\/wp\/v2\/comments?post=1556"}],"version-history":[{"count":0,"href":"https:\/\/lyonbondyblog.fr\/LBB\/wp-json\/wp\/v2\/posts\/1556\/revisions"}],"wp:featuredmedia":[{"embeddable":true,"href":"https:\/\/lyonbondyblog.fr\/LBB\/wp-json\/wp\/v2\/media\/1559"}],"wp:attachment":[{"href":"https:\/\/lyonbondyblog.fr\/LBB\/wp-json\/wp\/v2\/media?parent=1556"}],"wp:term":[{"taxonomy":"category","embeddable":true,"href":"https:\/\/lyonbondyblog.fr\/LBB\/wp-json\/wp\/v2\/categories?post=1556"},{"taxonomy":"post_tag","embeddable":true,"href":"https:\/\/lyonbondyblog.fr\/LBB\/wp-json\/wp\/v2\/tags?post=1556"}],"curies":[{"name":"wp","href":"https:\/\/api.w.org\/{rel}","templated":true}]}}