{"id":1544,"date":"2012-02-20T16:23:48","date_gmt":"2012-02-20T15:23:48","guid":{"rendered":"http:\/\/lyonbondyblog.fr\/LBB\/?p=1544"},"modified":"2013-07-25T16:26:00","modified_gmt":"2013-07-25T14:26:00","slug":"aujourdhui-les-turcs-reagissent-face-a-une-loi-qui-les-concerne","status":"publish","type":"post","link":"https:\/\/lyonbondyblog.fr\/LBB\/aujourdhui-les-turcs-reagissent-face-a-une-loi-qui-les-concerne\/","title":{"rendered":"\u00ab Aujourd\u2019hui les Turcs r\u00e9agissent face \u00e0 une loi qui les concerne \u00bb"},"content":{"rendered":"<p><strong>Le 23 Janvier 2012, une loi p\u00e9nalisant la n\u00e9gation du g\u00e9nocide arm\u00e9nien relatif au massacre de ce peuple par les Turc en 1915 causant 1,5 Millions de morts a \u00e9t\u00e9 pr\u00e9sent\u00e9e aux Chambres l\u00e9gislatives. Ce texte a \u00e9t\u00e9 adopt\u00e9 par le Parlement apr\u00e8s un dernier vote du S\u00e9nat. La loi doit \u00eatre promulgu\u00e9e dans les prochains jours. Entre temps 72 s\u00e9nateurs et 65 d\u00e9put\u00e9s ont d\u00e9pos\u00e9 deux recours devant le Conseil Constitutionnel pour peut \u00eatre emp\u00eacher cette promulgation. Mehmet, un \u00e9tudiant en Science Po d\u2019origine turque nous donne son point de vue.<\/strong><\/p>\n<div><a title=\" -- Cliquez pour voir l'image en entier\" href=\"http:\/\/yahoo.lyon.bondyblog.fr\/images\/Chesnot_Sipa.jpg\" target=\"_blank\"> <img decoding=\"async\" alt=\" -- Cliquez pour voir l'image en entier\" src=\"http:\/\/yahoo.lyon.bondyblog.fr\/images\/Chesnot_Sipa_t.jpg\" border=\"0\" \/> <\/a><\/div>\n<div><\/div>\n<p><b>Que penses tu de cette loi qui a \u00e9t\u00e9 mise en place vis \u00e0 vis des politiques actuelles\u00a0?<\/b><br \/>\nJ\u2019ai pu observer de grands intellectuels tels que Robert Badinter qui se sont soulev\u00e9s contre ce texte, consid\u00e9r\u00e9 comme \u00ab\u00a0anticonstitutionnel\u00a0\u00bb par ce dernier.<br \/>\nJe pense que c\u2019\u00e9tait surtout un coup de bluff pour une loi qui ne sera jamais promulgu\u00e9e, qui sait\u00a0? C\u2019est aussi et surtout dans un but \u00e9lectoral, pour montrer que notre Pr\u00e9sident soutient la minorit\u00e9 arm\u00e9nienne. Comme l\u2019a dit un journaliste du \u2018\u2019Guardian\u2019\u2019, Timothy Garton Ash, c\u2019est \u00ab\u00a0<i>compter les cadavres d\u2019hier pour engranger les votes de demain<\/i>\u00a0\u00bb.<\/p>\n<p><b>Pourquoi la minorit\u00e9 turque s\u2019est elle \u00e9lev\u00e9e avec autant de virulence\u00a0?<\/b><br \/>\nC\u2019est parce que la France n\u2019a qu\u2019une seule version de l\u2019Histoire\u00a0: celle de l\u2019Arm\u00e9nie. Cette minorit\u00e9 bien implant\u00e9e en France a su monter dans les hauts postes pour ensuite diriger des mouvements intellectuels, cr\u00e9es des associations pour faire de la pression. Ils ont pu ainsi guider des choix politiques. Malheureusement, la minorit\u00e9 turque n\u2019a pas encore cette puissance mais celle ci tend \u00e0 se d\u00e9velopper.<\/p>\n<p><b>Que s\u2019est il pass\u00e9 lors de la manifestation parisienne du 21 Janvier 2012 qui avait r\u00e9uni entre 15 000 et 40 000 personnes\u00a0?<\/b><br \/>\nA l\u2019occasion de cet \u00e9v\u00e9nement, des turcs venant de toute l\u2019Europe se sont rassembl\u00e9s pour d\u00e9noncer ce vote parlementaire. Pour la premi\u00e8re fois, les turcs ont d\u00e9pass\u00e9 leur division (k\u00e9maliste, islamiste, pro et contre l\u2019Europe) pour cr\u00e9er une conscience collective turco europ\u00e9enne. Cette cause commune nous a tous unis pour d\u00e9fendre nos int\u00e9r\u00eats ensemble. Nous avons d\u00e9pass\u00e9 le simple stade de l\u2019installation en Europe pour pouvoir s\u2019engager politiquement pour orienter des choix institutionnels qui nous concernent.<\/p>\n<p><b>Quel est le type de relation qu\u2019entretiennent N. Sarkozy et R. T. Erdo\u011fan (Premier ministre Turc depuis 2003)?<\/b><br \/>\nElle est avant tout compos\u00e9e de liens \u00e9conomiques. La Turquie est le 3\u00e8me partenaire \u00e9conomique de la France hors Europe (avec la Russie), apr\u00e8s les US et la Chine. Cette place importante qui lui est donn\u00e9 sera difficile \u00e0 enlever.<br \/>\nDe plus, au niveau diplomatique, la Turquie a un r\u00f4le strat\u00e9gique. C\u2019est un pont entre le Moyen Orient et l\u2019Europe. Et perdre la Turquie serait couper les voies de dialogues entre ces deux grandes r\u00e9gions.<\/p>\n<p><b>Qu\u2019en est-il de la r\u00e9action imm\u00e9diate de R. T. Erdo\u011fan qui a accus\u00e9 la France d\u2019avoir commis \u00e9galement un \u00ab\u00a0g\u00e9nocide Alg\u00e9rien\u00a0\u00bb\u00a0?<\/b><br \/>\nJe pense que c\u2019est plus l\u2019\u00eatre humain que le repr\u00e9sentant d\u2019un Etat qui a r\u00e9agit. C\u2019est une action qui manque de maturit\u00e9 et qui peut \u00eatre interpr\u00e9t\u00e9e d\u2019une mani\u00e8re diff\u00e9rente suivant que l\u2019on soit en Orient ou en Occident.<br \/>\nPour les Europ\u00e9ens, montrer autant de v\u00e9h\u00e9mence et parler d\u2019une sanction r\u00e9pondant \u00e0 la loi du talion serait l\u00e9gitimer leurs voix en faveur d\u2019une p\u00e9nalisation de la n\u00e9gation du g\u00e9nocide arm\u00e9nien. Cela pourrait confirmer la description faite par P. Devedjian qui consid\u00e8re que \u00ab\u00a0<i>la Turquie ne respecte pas les Droits de l\u2019Homme<\/i>\u00a0\u00bb.<br \/>\nEt pour les pays Arabes, on y voit une personnalit\u00e9 qui s\u2019\u00e9l\u00e8ve contre une d\u00e9mocratie qui veut s\u2019imposer sur le reste du monde, tel un diktat avec ses \u00ab\u00a0soft powers\u00a0\u00bb culturels et juridiques.<\/p>\n<p><b>Comment est vue cette loi par les turcs\u00a0? Que pensent t ils de la relation de la Turquie avec l\u2019Union Europ\u00e9enne\u00a0?<\/b><br \/>\nIl faut d\u2019abord pr\u00e9ciser que l\u2019on pose trois barri\u00e8res \u00e0 l\u2019entr\u00e9e de la Turquie dans l\u2019Union Europ\u00e9enne. Il faut d\u2019abord que cet Etat reconnaisse Chypre comme Etat ind\u00e9pendant, puis que le peuple fran\u00e7ais accepte par r\u00e9f\u00e9rendum l\u2019int\u00e9gration de ce pays au sein de l\u2019UE (article 88-5 de la Constitution Fran\u00e7aise) et enfin, il est n\u00e9cessaire que le Gouvernement reconnaisse les \u00ab\u00a0\u00e9v\u00e8nements de 1915\u00a0\u00bb ou \u00ab\u00a0g\u00e9nocide arm\u00e9nien\u00a0\u00bb selon l\u2019appellation.<br \/>\nOn va aussi demander \u00e0 l\u2019Etat de se lib\u00e9raliser, de se conformer aux directives europ\u00e9ennes, peut \u00eatre m\u00eame de changer sa Constitution, etc.<br \/>\nMais il ne faut pas oublier que les Turcs sont endormis dans un r\u00eave Europ\u00e9en. Depuis 50 ans, on leur insuffle cette id\u00e9e d\u2019int\u00e9gration en Europe qui ne se r\u00e9alisera peut \u00eatre jamais. J\u2019esp\u00e8re qu\u2019un jour, ils se r\u00e9veilleront pour se rendre compte de la supercherie.<br \/>\nCar aujourd\u2019hui, on veut pousser un Etat \u00e0 revoir son Histoire. Cela va \u00e0 l\u2019encontre du principe de souverainet\u00e9, car on commence \u00e0 prendre des d\u00e9cisions \u00e0 sa place et \u00e0 vouloir changer ses racines.<\/p>\n<p><b><br \/>\nPeut on jouer avec la m\u00e9moire, avec les plaies de l\u2019Histoire, pour avoir des voix dans une vis\u00e9e \u00e9lectorale ou personnelle\u00a0?<br \/>\nQuelle est la v\u00e9ritable utilit\u00e9 d\u2019une telle loi \u00ab\u00a0coup de poing\u00a0\u00bb\u00a0?<br \/>\nC\u2019est le Conseil Constitutionnel qui, dans quelques jours, nous donnera sa r\u00e9ponse, en regardant la Constitution mais aussi la D\u00e9claration des Droits de l\u2019Homme.<\/b><\/p>\n<p>D\u00e9finition du G\u00e9nocide par l\u2019Assembl\u00e9e G\u00e9n\u00e9rale de l\u2019ONU du 9 D\u00e9cembre 1948\u00a0:<br \/>\n<a href=\"http:\/\/cec.rwanda.free.fr\/documents\/CVN-1948.htm\">http:\/\/cec.rwanda.free.fr\/documents\/CVN-1948.htm<\/a><\/p>\n<p>Article traduit de Timothy Garton Ash\u00a0dans \u00a0\u00bbThe Guardian\u00a0\u00bb du 20\/01\/2012\u00a0:<br \/>\n<a href=\"http:\/\/www.courrierinternational.com\/article\/2012\/01\/20\/compter-les-cadavres-d-hier-pour-engranger-des-votes-demain\">http:\/\/www.courrierinternational.com\/article\/2012\/01\/20\/compter-les-cadavres-d-hier-pour-engranger-des-votes-demain<br \/>\n<\/a><\/p>\n<p style=\"text-align: right;\">\n<p>Photo\u00a0: Chesnot\/ Sipa<\/p>\n<!-- AddThis Advanced Settings generic via filter on the_content --><!-- AddThis Share Buttons generic via filter on the_content -->","protected":false},"excerpt":{"rendered":"<p>Le 23 Janvier 2012, une loi p\u00e9nalisant la n\u00e9gation du g\u00e9nocide arm\u00e9nien relatif au massacre de ce peuple par les Turc en 1915 causant 1,5 &hellip; <!-- AddThis Advanced Settings generic via filter on wp_trim_excerpt --><!-- AddThis Share Buttons generic via filter on wp_trim_excerpt --><\/p>\n","protected":false},"author":7,"featured_media":1545,"comment_status":"open","ping_status":"open","sticky":false,"template":"","format":"standard","meta":{"_FSMCFIC_featured_image_caption":"","_FSMCFIC_featured_image_nocaption":"","_FSMCFIC_featured_image_hide":"","footnotes":""},"categories":[4],"tags":[10,112],"class_list":["post-1544","post","type-post","status-publish","format-standard","has-post-thumbnail","hentry","category-lyon","tag-lyon-2","tag-lyon-bondy-blog"],"yoast_head":"<!-- This site is optimized with the Yoast SEO plugin v22.8 - https:\/\/yoast.com\/wordpress\/plugins\/seo\/ -->\n<title>\u00ab Aujourd\u2019hui les Turcs r\u00e9agissent face \u00e0 une loi qui les concerne \u00bb - Lyon Bondy Blog<\/title>\n<meta name=\"robots\" content=\"index, follow, max-snippet:-1, max-image-preview:large, max-video-preview:-1\" \/>\n<link rel=\"canonical\" href=\"https:\/\/lyonbondyblog.fr\/LBB\/aujourdhui-les-turcs-reagissent-face-a-une-loi-qui-les-concerne\/\" \/>\n<meta property=\"og:locale\" content=\"fr_FR\" \/>\n<meta property=\"og:type\" content=\"article\" \/>\n<meta property=\"og:title\" content=\"\u00ab Aujourd\u2019hui les Turcs r\u00e9agissent face \u00e0 une loi qui les concerne \u00bb - Lyon Bondy Blog\" \/>\n<meta property=\"og:description\" content=\"Le 23 Janvier 2012, une loi p\u00e9nalisant la n\u00e9gation du g\u00e9nocide arm\u00e9nien relatif au massacre de ce peuple par les Turc en 1915 causant 1,5 &hellip;\" \/>\n<meta property=\"og:url\" content=\"https:\/\/lyonbondyblog.fr\/LBB\/aujourdhui-les-turcs-reagissent-face-a-une-loi-qui-les-concerne\/\" \/>\n<meta property=\"og:site_name\" content=\"Lyon Bondy Blog\" \/>\n<meta property=\"article:publisher\" content=\"https:\/\/www.facebook.com\/lyonbondyblog\" \/>\n<meta property=\"article:published_time\" content=\"2012-02-20T15:23:48+00:00\" \/>\n<meta property=\"article:modified_time\" content=\"2013-07-25T14:26:00+00:00\" \/>\n<meta property=\"og:image\" content=\"https:\/\/lyonbondyblog.fr\/LBB\/wp-content\/uploads\/2013\/07\/Chesnot_Sipa_t.jpg\" \/>\n\t<meta property=\"og:image:width\" content=\"193\" \/>\n\t<meta property=\"og:image:height\" content=\"122\" \/>\n\t<meta property=\"og:image:type\" content=\"image\/jpeg\" \/>\n<meta name=\"author\" content=\"Sofia Azzedine\" \/>\n<meta name=\"twitter:card\" content=\"summary_large_image\" \/>\n<meta name=\"twitter:creator\" content=\"@bondybloglyon\" \/>\n<meta name=\"twitter:site\" content=\"@bondybloglyon\" \/>\n<script type=\"application\/ld+json\" class=\"yoast-schema-graph\">{\"@context\":\"https:\/\/schema.org\",\"@graph\":[{\"@type\":\"Article\",\"@id\":\"https:\/\/lyonbondyblog.fr\/LBB\/aujourdhui-les-turcs-reagissent-face-a-une-loi-qui-les-concerne\/#article\",\"isPartOf\":{\"@id\":\"https:\/\/lyonbondyblog.fr\/LBB\/aujourdhui-les-turcs-reagissent-face-a-une-loi-qui-les-concerne\/\"},\"author\":{\"name\":\"Sofia Azzedine\",\"@id\":\"https:\/\/lyonbondyblog.fr\/LBB\/#\/schema\/person\/b0602285b18dbff27c95620f60751bf9\"},\"headline\":\"\u00ab Aujourd\u2019hui les Turcs r\u00e9agissent face \u00e0 une loi qui les concerne \u00bb\",\"datePublished\":\"2012-02-20T15:23:48+00:00\",\"dateModified\":\"2013-07-25T14:26:00+00:00\",\"mainEntityOfPage\":{\"@id\":\"https:\/\/lyonbondyblog.fr\/LBB\/aujourdhui-les-turcs-reagissent-face-a-une-loi-qui-les-concerne\/\"},\"wordCount\":1036,\"commentCount\":0,\"publisher\":{\"@id\":\"https:\/\/lyonbondyblog.fr\/LBB\/#organization\"},\"image\":{\"@id\":\"https:\/\/lyonbondyblog.fr\/LBB\/aujourdhui-les-turcs-reagissent-face-a-une-loi-qui-les-concerne\/#primaryimage\"},\"thumbnailUrl\":\"https:\/\/lyonbondyblog.fr\/LBB\/wp-content\/uploads\/2013\/07\/Chesnot_Sipa_t.jpg\",\"keywords\":[\"lyon\",\"Lyon Bondy Blog\"],\"articleSection\":[\"Lyon\"],\"inLanguage\":\"fr-FR\",\"potentialAction\":[{\"@type\":\"CommentAction\",\"name\":\"Comment\",\"target\":[\"https:\/\/lyonbondyblog.fr\/LBB\/aujourdhui-les-turcs-reagissent-face-a-une-loi-qui-les-concerne\/#respond\"]}]},{\"@type\":\"WebPage\",\"@id\":\"https:\/\/lyonbondyblog.fr\/LBB\/aujourdhui-les-turcs-reagissent-face-a-une-loi-qui-les-concerne\/\",\"url\":\"https:\/\/lyonbondyblog.fr\/LBB\/aujourdhui-les-turcs-reagissent-face-a-une-loi-qui-les-concerne\/\",\"name\":\"\u00ab Aujourd\u2019hui les Turcs r\u00e9agissent face \u00e0 une loi qui les concerne \u00bb - Lyon Bondy Blog\",\"isPartOf\":{\"@id\":\"https:\/\/lyonbondyblog.fr\/LBB\/#website\"},\"primaryImageOfPage\":{\"@id\":\"https:\/\/lyonbondyblog.fr\/LBB\/aujourdhui-les-turcs-reagissent-face-a-une-loi-qui-les-concerne\/#primaryimage\"},\"image\":{\"@id\":\"https:\/\/lyonbondyblog.fr\/LBB\/aujourdhui-les-turcs-reagissent-face-a-une-loi-qui-les-concerne\/#primaryimage\"},\"thumbnailUrl\":\"https:\/\/lyonbondyblog.fr\/LBB\/wp-content\/uploads\/2013\/07\/Chesnot_Sipa_t.jpg\",\"datePublished\":\"2012-02-20T15:23:48+00:00\",\"dateModified\":\"2013-07-25T14:26:00+00:00\",\"inLanguage\":\"fr-FR\",\"potentialAction\":[{\"@type\":\"ReadAction\",\"target\":[\"https:\/\/lyonbondyblog.fr\/LBB\/aujourdhui-les-turcs-reagissent-face-a-une-loi-qui-les-concerne\/\"]}]},{\"@type\":\"ImageObject\",\"inLanguage\":\"fr-FR\",\"@id\":\"https:\/\/lyonbondyblog.fr\/LBB\/aujourdhui-les-turcs-reagissent-face-a-une-loi-qui-les-concerne\/#primaryimage\",\"url\":\"https:\/\/lyonbondyblog.fr\/LBB\/wp-content\/uploads\/2013\/07\/Chesnot_Sipa_t.jpg\",\"contentUrl\":\"https:\/\/lyonbondyblog.fr\/LBB\/wp-content\/uploads\/2013\/07\/Chesnot_Sipa_t.jpg\",\"width\":193,\"height\":122},{\"@type\":\"WebSite\",\"@id\":\"https:\/\/lyonbondyblog.fr\/LBB\/#website\",\"url\":\"https:\/\/lyonbondyblog.fr\/LBB\/\",\"name\":\"Lyon Bondy Blog\",\"description\":\"\",\"publisher\":{\"@id\":\"https:\/\/lyonbondyblog.fr\/LBB\/#organization\"},\"potentialAction\":[{\"@type\":\"SearchAction\",\"target\":{\"@type\":\"EntryPoint\",\"urlTemplate\":\"https:\/\/lyonbondyblog.fr\/LBB\/?s={search_term_string}\"},\"query-input\":\"required name=search_term_string\"}],\"inLanguage\":\"fr-FR\"},{\"@type\":\"Organization\",\"@id\":\"https:\/\/lyonbondyblog.fr\/LBB\/#organization\",\"name\":\"LYON BONDY BLOG\",\"url\":\"https:\/\/lyonbondyblog.fr\/LBB\/\",\"logo\":{\"@type\":\"ImageObject\",\"inLanguage\":\"fr-FR\",\"@id\":\"https:\/\/lyonbondyblog.fr\/LBB\/#\/schema\/logo\/image\/\",\"url\":\"http:\/\/lyonbondyblog.fr\/LBB\/wp-content\/uploads\/2014\/10\/logo-portable-144.png\",\"contentUrl\":\"http:\/\/lyonbondyblog.fr\/LBB\/wp-content\/uploads\/2014\/10\/logo-portable-144.png\",\"width\":144,\"height\":123,\"caption\":\"LYON BONDY BLOG\"},\"image\":{\"@id\":\"https:\/\/lyonbondyblog.fr\/LBB\/#\/schema\/logo\/image\/\"},\"sameAs\":[\"https:\/\/www.facebook.com\/lyonbondyblog\",\"https:\/\/x.com\/bondybloglyon\"]},{\"@type\":\"Person\",\"@id\":\"https:\/\/lyonbondyblog.fr\/LBB\/#\/schema\/person\/b0602285b18dbff27c95620f60751bf9\",\"name\":\"Sofia Azzedine\",\"description\":\"Etudiante \u00e0 l'Institut d'Etude du D\u00e9veloppement apr\u00e8s un parcours du combattant pass\u00e9 dans les m\u00e9andres de la Science Politique, entre la Sociologie et le Journalisme et les Langues Etrang\u00e8res. Je souhaite toujours explorer ces banlieues plurielles m\u00e9connues et mal trait\u00e9es pour jeter au sol ces pr\u00e9jug\u00e9s. Tout cela, pour \u00e9luder toute l'humanit\u00e9 vivace qui existe dans ces r\u00e9gions de la diff\u00e9rence et de l'indiff\u00e9rence et faire parler cette jeunesse silencieusement bavarde.\",\"url\":\"https:\/\/lyonbondyblog.fr\/LBB\/author\/sofia\/\"}]}<\/script>\n<!-- \/ Yoast SEO plugin. -->","yoast_head_json":{"title":"\u00ab Aujourd\u2019hui les Turcs r\u00e9agissent face \u00e0 une loi qui les concerne \u00bb - Lyon Bondy Blog","robots":{"index":"index","follow":"follow","max-snippet":"max-snippet:-1","max-image-preview":"max-image-preview:large","max-video-preview":"max-video-preview:-1"},"canonical":"https:\/\/lyonbondyblog.fr\/LBB\/aujourdhui-les-turcs-reagissent-face-a-une-loi-qui-les-concerne\/","og_locale":"fr_FR","og_type":"article","og_title":"\u00ab Aujourd\u2019hui les Turcs r\u00e9agissent face \u00e0 une loi qui les concerne \u00bb - Lyon Bondy Blog","og_description":"Le 23 Janvier 2012, une loi p\u00e9nalisant la n\u00e9gation du g\u00e9nocide arm\u00e9nien relatif au massacre de ce peuple par les Turc en 1915 causant 1,5 &hellip;","og_url":"https:\/\/lyonbondyblog.fr\/LBB\/aujourdhui-les-turcs-reagissent-face-a-une-loi-qui-les-concerne\/","og_site_name":"Lyon Bondy Blog","article_publisher":"https:\/\/www.facebook.com\/lyonbondyblog","article_published_time":"2012-02-20T15:23:48+00:00","article_modified_time":"2013-07-25T14:26:00+00:00","og_image":[{"width":193,"height":122,"url":"https:\/\/lyonbondyblog.fr\/LBB\/wp-content\/uploads\/2013\/07\/Chesnot_Sipa_t.jpg","type":"image\/jpeg"}],"author":"Sofia Azzedine","twitter_card":"summary_large_image","twitter_creator":"@bondybloglyon","twitter_site":"@bondybloglyon","schema":{"@context":"https:\/\/schema.org","@graph":[{"@type":"Article","@id":"https:\/\/lyonbondyblog.fr\/LBB\/aujourdhui-les-turcs-reagissent-face-a-une-loi-qui-les-concerne\/#article","isPartOf":{"@id":"https:\/\/lyonbondyblog.fr\/LBB\/aujourdhui-les-turcs-reagissent-face-a-une-loi-qui-les-concerne\/"},"author":{"name":"Sofia Azzedine","@id":"https:\/\/lyonbondyblog.fr\/LBB\/#\/schema\/person\/b0602285b18dbff27c95620f60751bf9"},"headline":"\u00ab Aujourd\u2019hui les Turcs r\u00e9agissent face \u00e0 une loi qui les concerne \u00bb","datePublished":"2012-02-20T15:23:48+00:00","dateModified":"2013-07-25T14:26:00+00:00","mainEntityOfPage":{"@id":"https:\/\/lyonbondyblog.fr\/LBB\/aujourdhui-les-turcs-reagissent-face-a-une-loi-qui-les-concerne\/"},"wordCount":1036,"commentCount":0,"publisher":{"@id":"https:\/\/lyonbondyblog.fr\/LBB\/#organization"},"image":{"@id":"https:\/\/lyonbondyblog.fr\/LBB\/aujourdhui-les-turcs-reagissent-face-a-une-loi-qui-les-concerne\/#primaryimage"},"thumbnailUrl":"https:\/\/lyonbondyblog.fr\/LBB\/wp-content\/uploads\/2013\/07\/Chesnot_Sipa_t.jpg","keywords":["lyon","Lyon Bondy Blog"],"articleSection":["Lyon"],"inLanguage":"fr-FR","potentialAction":[{"@type":"CommentAction","name":"Comment","target":["https:\/\/lyonbondyblog.fr\/LBB\/aujourdhui-les-turcs-reagissent-face-a-une-loi-qui-les-concerne\/#respond"]}]},{"@type":"WebPage","@id":"https:\/\/lyonbondyblog.fr\/LBB\/aujourdhui-les-turcs-reagissent-face-a-une-loi-qui-les-concerne\/","url":"https:\/\/lyonbondyblog.fr\/LBB\/aujourdhui-les-turcs-reagissent-face-a-une-loi-qui-les-concerne\/","name":"\u00ab Aujourd\u2019hui les Turcs r\u00e9agissent face \u00e0 une loi qui les concerne \u00bb - Lyon Bondy Blog","isPartOf":{"@id":"https:\/\/lyonbondyblog.fr\/LBB\/#website"},"primaryImageOfPage":{"@id":"https:\/\/lyonbondyblog.fr\/LBB\/aujourdhui-les-turcs-reagissent-face-a-une-loi-qui-les-concerne\/#primaryimage"},"image":{"@id":"https:\/\/lyonbondyblog.fr\/LBB\/aujourdhui-les-turcs-reagissent-face-a-une-loi-qui-les-concerne\/#primaryimage"},"thumbnailUrl":"https:\/\/lyonbondyblog.fr\/LBB\/wp-content\/uploads\/2013\/07\/Chesnot_Sipa_t.jpg","datePublished":"2012-02-20T15:23:48+00:00","dateModified":"2013-07-25T14:26:00+00:00","inLanguage":"fr-FR","potentialAction":[{"@type":"ReadAction","target":["https:\/\/lyonbondyblog.fr\/LBB\/aujourdhui-les-turcs-reagissent-face-a-une-loi-qui-les-concerne\/"]}]},{"@type":"ImageObject","inLanguage":"fr-FR","@id":"https:\/\/lyonbondyblog.fr\/LBB\/aujourdhui-les-turcs-reagissent-face-a-une-loi-qui-les-concerne\/#primaryimage","url":"https:\/\/lyonbondyblog.fr\/LBB\/wp-content\/uploads\/2013\/07\/Chesnot_Sipa_t.jpg","contentUrl":"https:\/\/lyonbondyblog.fr\/LBB\/wp-content\/uploads\/2013\/07\/Chesnot_Sipa_t.jpg","width":193,"height":122},{"@type":"WebSite","@id":"https:\/\/lyonbondyblog.fr\/LBB\/#website","url":"https:\/\/lyonbondyblog.fr\/LBB\/","name":"Lyon Bondy Blog","description":"","publisher":{"@id":"https:\/\/lyonbondyblog.fr\/LBB\/#organization"},"potentialAction":[{"@type":"SearchAction","target":{"@type":"EntryPoint","urlTemplate":"https:\/\/lyonbondyblog.fr\/LBB\/?s={search_term_string}"},"query-input":"required name=search_term_string"}],"inLanguage":"fr-FR"},{"@type":"Organization","@id":"https:\/\/lyonbondyblog.fr\/LBB\/#organization","name":"LYON BONDY BLOG","url":"https:\/\/lyonbondyblog.fr\/LBB\/","logo":{"@type":"ImageObject","inLanguage":"fr-FR","@id":"https:\/\/lyonbondyblog.fr\/LBB\/#\/schema\/logo\/image\/","url":"http:\/\/lyonbondyblog.fr\/LBB\/wp-content\/uploads\/2014\/10\/logo-portable-144.png","contentUrl":"http:\/\/lyonbondyblog.fr\/LBB\/wp-content\/uploads\/2014\/10\/logo-portable-144.png","width":144,"height":123,"caption":"LYON BONDY BLOG"},"image":{"@id":"https:\/\/lyonbondyblog.fr\/LBB\/#\/schema\/logo\/image\/"},"sameAs":["https:\/\/www.facebook.com\/lyonbondyblog","https:\/\/x.com\/bondybloglyon"]},{"@type":"Person","@id":"https:\/\/lyonbondyblog.fr\/LBB\/#\/schema\/person\/b0602285b18dbff27c95620f60751bf9","name":"Sofia Azzedine","description":"Etudiante \u00e0 l'Institut d'Etude du D\u00e9veloppement apr\u00e8s un parcours du combattant pass\u00e9 dans les m\u00e9andres de la Science Politique, entre la Sociologie et le Journalisme et les Langues Etrang\u00e8res. Je souhaite toujours explorer ces banlieues plurielles m\u00e9connues et mal trait\u00e9es pour jeter au sol ces pr\u00e9jug\u00e9s. Tout cela, pour \u00e9luder toute l'humanit\u00e9 vivace qui existe dans ces r\u00e9gions de la diff\u00e9rence et de l'indiff\u00e9rence et faire parler cette jeunesse silencieusement bavarde.","url":"https:\/\/lyonbondyblog.fr\/LBB\/author\/sofia\/"}]}},"_links":{"self":[{"href":"https:\/\/lyonbondyblog.fr\/LBB\/wp-json\/wp\/v2\/posts\/1544","targetHints":{"allow":["GET"]}}],"collection":[{"href":"https:\/\/lyonbondyblog.fr\/LBB\/wp-json\/wp\/v2\/posts"}],"about":[{"href":"https:\/\/lyonbondyblog.fr\/LBB\/wp-json\/wp\/v2\/types\/post"}],"author":[{"embeddable":true,"href":"https:\/\/lyonbondyblog.fr\/LBB\/wp-json\/wp\/v2\/users\/7"}],"replies":[{"embeddable":true,"href":"https:\/\/lyonbondyblog.fr\/LBB\/wp-json\/wp\/v2\/comments?post=1544"}],"version-history":[{"count":0,"href":"https:\/\/lyonbondyblog.fr\/LBB\/wp-json\/wp\/v2\/posts\/1544\/revisions"}],"wp:featuredmedia":[{"embeddable":true,"href":"https:\/\/lyonbondyblog.fr\/LBB\/wp-json\/wp\/v2\/media\/1545"}],"wp:attachment":[{"href":"https:\/\/lyonbondyblog.fr\/LBB\/wp-json\/wp\/v2\/media?parent=1544"}],"wp:term":[{"taxonomy":"category","embeddable":true,"href":"https:\/\/lyonbondyblog.fr\/LBB\/wp-json\/wp\/v2\/categories?post=1544"},{"taxonomy":"post_tag","embeddable":true,"href":"https:\/\/lyonbondyblog.fr\/LBB\/wp-json\/wp\/v2\/tags?post=1544"}],"curies":[{"name":"wp","href":"https:\/\/api.w.org\/{rel}","templated":true}]}}