{"id":15218,"date":"2019-02-20T19:17:17","date_gmt":"2019-02-20T18:17:17","guid":{"rendered":"http:\/\/lyonbondyblog.fr\/LBB\/?p=15218"},"modified":"2019-02-20T19:21:35","modified_gmt":"2019-02-20T18:21:35","slug":"les-etablissements-scolaires-de-villeurbanne-unis-contre-la-reforme","status":"publish","type":"post","link":"https:\/\/lyonbondyblog.fr\/LBB\/les-etablissements-scolaires-de-villeurbanne-unis-contre-la-reforme\/","title":{"rendered":"Les \u00e9tablissements scolaires de Villeurbanne unis contre la r\u00e9forme"},"content":{"rendered":"<p>Mercredi 13 f\u00e9vrier se r\u00e9unissaient une soixantaine d&rsquo;enseignants et parents d&rsquo;\u00e9l\u00e8ves de Villeurbanne. Cette r\u00e9union publique au Palais du Travail avait pour premier objectif d&rsquo;informer les familles sur les modalit\u00e9s de la r\u00e9forme Blanquer.&nbsp;<a href=\"https:\/\/www.lesechos.fr\/politique-societe\/dossiers\/030409850313\/030409850313-education-les-nouveautes-de-la-rentree-scolaire-2017-2097550.php\"> La proposition de loi port\u00e9e par Jean-Michel Blanquer<\/a> affectera particuli\u00e8rement les fili\u00e8res g\u00e9n\u00e9rales du lyc\u00e9e.<\/p>\n<p>&nbsp;<\/p>\n<p>Les fili\u00e8res S, ES et L vont laisser place \u00e0 des parcours compos\u00e9s de disciplines mineures communes et des disciplines majeures sp\u00e9cialis\u00e9es. Selon un enseignant et parent d&rsquo;\u00e9l\u00e8ve pr\u00e9sent dans la salle, les \u00e9l\u00e8ves de seconde devront formuler des v\u0153ux de sp\u00e9cialit\u00e9s \u00e0 partir du mois de f\u00e9vrier, ce qui arriverait t\u00f4t compte tenu de l&rsquo;importance de ce choix.<\/p>\n<h4>Les enjeux de la r\u00e9union&nbsp;<\/h4>\n<p>Ensuite, l&rsquo;enjeu \u00e9tait d&rsquo;agr\u00e9ger les diff\u00e9rentes luttes des personnels qui se d\u00e9roulaient ind\u00e9pendamment dans plusieurs \u00e9tablissements scolaires. Bien que les mobilisations portent sur des enjeux locaux, ceux-ci d\u00e9couleraient surtout d&rsquo;un manque de moyen qui serait, lui, global : \u00ab\u00a0On est une d\u00e9clinaison locale d&rsquo;un probl\u00e8me plus large\u00a0\u00bb, pouvait-on entendre.<\/p>\n<p>Les enseignants de plusieurs coll\u00e8ges et lyc\u00e9es qui s&rsquo;\u00e9taient d\u00e9j\u00e0 mobilis\u00e9s ces derniers mois ou ann\u00e9es ont t\u00e9moign\u00e9 et fait part de leur volont\u00e9 de s&rsquo;unir et de ne pas se laisser mettre en concurrence entre coll\u00e8ge et lyc\u00e9e. Ainsi, ont pris la parole des enseignants des lyc\u00e9es Brossolette, Fa\u00ffs, Colbert et R\u00e9camier, ainsi que des coll\u00e8ge Jean-Mac\u00e9 et <a href=\"https:\/\/lyonbondyblog.fr\/LBB\/le-college-du-tonkin-en-greve\/\">du Tonkin<\/a>, revenant sur des mobilisations pass\u00e9es et en cours. Les intervenant\u00b7e\u00b7s ont fait part de leur envie de d\u00e9passer les gr\u00e8ves locales par \u00e9tablissement et de s&rsquo;ouvrir \u00e0 d&rsquo;autres modes d&rsquo;actions, \u00e0 l&rsquo;instar des <a href=\"https:\/\/www.bondyblog.fr\/reportages\/au-tableau\/occupation-renoir-bondy-reforme-lycee-blanquer-bac\/\">nuits des \u00e9tablissements<\/a>.<\/p>\n<!-- AddThis Advanced Settings generic via filter on the_content --><!-- AddThis Share Buttons generic via filter on the_content -->","protected":false},"excerpt":{"rendered":"<p>Mercredi 13 f\u00e9vrier se r\u00e9unissaient une soixantaine d&rsquo;enseignants et parents d&rsquo;\u00e9l\u00e8ves de Villeurbanne. Cette r\u00e9union publique au Palais du Travail avait pour premier objectif d&rsquo;informer &hellip; <!-- AddThis Advanced Settings generic via filter on wp_trim_excerpt --><!-- AddThis Share Buttons generic via filter on wp_trim_excerpt --><\/p>\n","protected":false},"author":1,"featured_media":15219,"comment_status":"open","ping_status":"open","sticky":false,"template":"","format":"standard","meta":{"_FSMCFIC_featured_image_caption":"","_FSMCFIC_featured_image_nocaption":"","_FSMCFIC_featured_image_hide":"","footnotes":""},"categories":[3517,5324],"tags":[6821,6820,6819,128],"class_list":["post-15218","post","type-post","status-publish","format-standard","has-post-thumbnail","hentry","category-education","category-jeunesse","tag-college-du-tonkin","tag-college-jean-mace","tag-reforme-blanquer","tag-villeurbanne"],"yoast_head":"<!-- This site is optimized with the Yoast SEO plugin v22.8 - https:\/\/yoast.com\/wordpress\/plugins\/seo\/ -->\n<title>Les \u00e9tablissements scolaires de Villeurbanne unis contre la r\u00e9forme - Lyon Bondy Blog<\/title>\n<meta name=\"description\" content=\"Mercredi dernier les enseignants de Villeurbanne ont organis\u00e9s une r\u00e9union publique d&#039;information \u00e0 propos de la r\u00e9forme des lyc\u00e9es.\" \/>\n<meta name=\"robots\" content=\"index, follow, max-snippet:-1, max-image-preview:large, max-video-preview:-1\" \/>\n<link rel=\"canonical\" href=\"https:\/\/lyonbondyblog.fr\/LBB\/les-etablissements-scolaires-de-villeurbanne-unis-contre-la-reforme\/\" \/>\n<meta property=\"og:locale\" content=\"fr_FR\" \/>\n<meta property=\"og:type\" content=\"article\" \/>\n<meta property=\"og:title\" content=\"Les \u00e9tablissements scolaires de Villeurbanne unis contre la r\u00e9forme - Lyon Bondy Blog\" \/>\n<meta property=\"og:description\" content=\"Mercredi dernier les enseignants de Villeurbanne ont organis\u00e9s une r\u00e9union publique d&#039;information \u00e0 propos de la r\u00e9forme des lyc\u00e9es.\" \/>\n<meta property=\"og:url\" content=\"https:\/\/lyonbondyblog.fr\/LBB\/les-etablissements-scolaires-de-villeurbanne-unis-contre-la-reforme\/\" \/>\n<meta property=\"og:site_name\" content=\"Lyon Bondy Blog\" \/>\n<meta property=\"article:publisher\" content=\"https:\/\/www.facebook.com\/lyonbondyblog\" \/>\n<meta property=\"article:author\" content=\"https:\/\/www.facebook.com\/lyonbondyblog\" \/>\n<meta property=\"article:published_time\" content=\"2019-02-20T18:17:17+00:00\" \/>\n<meta property=\"article:modified_time\" content=\"2019-02-20T18:21:35+00:00\" \/>\n<meta property=\"og:image\" content=\"https:\/\/lyonbondyblog.fr\/LBB\/wp-content\/uploads\/2019\/02\/photo.jpg\" \/>\n\t<meta property=\"og:image:width\" content=\"1920\" \/>\n\t<meta property=\"og:image:height\" content=\"1080\" \/>\n\t<meta property=\"og:image:type\" content=\"image\/jpeg\" \/>\n<meta name=\"author\" content=\"La r\u00e9daction\" \/>\n<meta name=\"twitter:card\" content=\"summary_large_image\" \/>\n<meta name=\"twitter:creator\" content=\"@BondyBlogLyon\" \/>\n<meta name=\"twitter:site\" content=\"@bondybloglyon\" \/>\n<script type=\"application\/ld+json\" class=\"yoast-schema-graph\">{\"@context\":\"https:\/\/schema.org\",\"@graph\":[{\"@type\":\"Article\",\"@id\":\"https:\/\/lyonbondyblog.fr\/LBB\/les-etablissements-scolaires-de-villeurbanne-unis-contre-la-reforme\/#article\",\"isPartOf\":{\"@id\":\"https:\/\/lyonbondyblog.fr\/LBB\/les-etablissements-scolaires-de-villeurbanne-unis-contre-la-reforme\/\"},\"author\":{\"name\":\"La r\u00e9daction\",\"@id\":\"https:\/\/lyonbondyblog.fr\/LBB\/#\/schema\/person\/e45f8d27baac75072daa0be50c409b25\"},\"headline\":\"Les \u00e9tablissements scolaires de Villeurbanne unis contre la r\u00e9forme\",\"datePublished\":\"2019-02-20T18:17:17+00:00\",\"dateModified\":\"2019-02-20T18:21:35+00:00\",\"mainEntityOfPage\":{\"@id\":\"https:\/\/lyonbondyblog.fr\/LBB\/les-etablissements-scolaires-de-villeurbanne-unis-contre-la-reforme\/\"},\"wordCount\":318,\"commentCount\":0,\"publisher\":{\"@id\":\"https:\/\/lyonbondyblog.fr\/LBB\/#organization\"},\"image\":{\"@id\":\"https:\/\/lyonbondyblog.fr\/LBB\/les-etablissements-scolaires-de-villeurbanne-unis-contre-la-reforme\/#primaryimage\"},\"thumbnailUrl\":\"https:\/\/lyonbondyblog.fr\/LBB\/wp-content\/uploads\/2019\/02\/photo.jpg\",\"keywords\":[\"coll\u00e8ge du Tonkin\",\"coll\u00e8ge Jean Mac\u00e9\",\"R\u00e9forme Blanquer\",\"Villeurbanne\"],\"articleSection\":[\"Education\",\"Jeunesse\"],\"inLanguage\":\"fr-FR\",\"potentialAction\":[{\"@type\":\"CommentAction\",\"name\":\"Comment\",\"target\":[\"https:\/\/lyonbondyblog.fr\/LBB\/les-etablissements-scolaires-de-villeurbanne-unis-contre-la-reforme\/#respond\"]}]},{\"@type\":\"WebPage\",\"@id\":\"https:\/\/lyonbondyblog.fr\/LBB\/les-etablissements-scolaires-de-villeurbanne-unis-contre-la-reforme\/\",\"url\":\"https:\/\/lyonbondyblog.fr\/LBB\/les-etablissements-scolaires-de-villeurbanne-unis-contre-la-reforme\/\",\"name\":\"Les \u00e9tablissements scolaires de Villeurbanne unis contre la r\u00e9forme - Lyon Bondy Blog\",\"isPartOf\":{\"@id\":\"https:\/\/lyonbondyblog.fr\/LBB\/#website\"},\"primaryImageOfPage\":{\"@id\":\"https:\/\/lyonbondyblog.fr\/LBB\/les-etablissements-scolaires-de-villeurbanne-unis-contre-la-reforme\/#primaryimage\"},\"image\":{\"@id\":\"https:\/\/lyonbondyblog.fr\/LBB\/les-etablissements-scolaires-de-villeurbanne-unis-contre-la-reforme\/#primaryimage\"},\"thumbnailUrl\":\"https:\/\/lyonbondyblog.fr\/LBB\/wp-content\/uploads\/2019\/02\/photo.jpg\",\"datePublished\":\"2019-02-20T18:17:17+00:00\",\"dateModified\":\"2019-02-20T18:21:35+00:00\",\"description\":\"Mercredi dernier les enseignants de Villeurbanne ont organis\u00e9s une r\u00e9union publique d'information \u00e0 propos de la r\u00e9forme des lyc\u00e9es.\",\"inLanguage\":\"fr-FR\",\"potentialAction\":[{\"@type\":\"ReadAction\",\"target\":[\"https:\/\/lyonbondyblog.fr\/LBB\/les-etablissements-scolaires-de-villeurbanne-unis-contre-la-reforme\/\"]}]},{\"@type\":\"ImageObject\",\"inLanguage\":\"fr-FR\",\"@id\":\"https:\/\/lyonbondyblog.fr\/LBB\/les-etablissements-scolaires-de-villeurbanne-unis-contre-la-reforme\/#primaryimage\",\"url\":\"https:\/\/lyonbondyblog.fr\/LBB\/wp-content\/uploads\/2019\/02\/photo.jpg\",\"contentUrl\":\"https:\/\/lyonbondyblog.fr\/LBB\/wp-content\/uploads\/2019\/02\/photo.jpg\",\"width\":1920,\"height\":1080,\"caption\":\"R\u00e9union publique au Palais du Travail de Villeurbanne. Cr\u00e9dits photos : Camille Rouet \/ Lyon Bondy Blog.\"},{\"@type\":\"WebSite\",\"@id\":\"https:\/\/lyonbondyblog.fr\/LBB\/#website\",\"url\":\"https:\/\/lyonbondyblog.fr\/LBB\/\",\"name\":\"Lyon Bondy Blog\",\"description\":\"\",\"publisher\":{\"@id\":\"https:\/\/lyonbondyblog.fr\/LBB\/#organization\"},\"potentialAction\":[{\"@type\":\"SearchAction\",\"target\":{\"@type\":\"EntryPoint\",\"urlTemplate\":\"https:\/\/lyonbondyblog.fr\/LBB\/?s={search_term_string}\"},\"query-input\":\"required name=search_term_string\"}],\"inLanguage\":\"fr-FR\"},{\"@type\":\"Organization\",\"@id\":\"https:\/\/lyonbondyblog.fr\/LBB\/#organization\",\"name\":\"LYON BONDY BLOG\",\"url\":\"https:\/\/lyonbondyblog.fr\/LBB\/\",\"logo\":{\"@type\":\"ImageObject\",\"inLanguage\":\"fr-FR\",\"@id\":\"https:\/\/lyonbondyblog.fr\/LBB\/#\/schema\/logo\/image\/\",\"url\":\"http:\/\/lyonbondyblog.fr\/LBB\/wp-content\/uploads\/2014\/10\/logo-portable-144.png\",\"contentUrl\":\"http:\/\/lyonbondyblog.fr\/LBB\/wp-content\/uploads\/2014\/10\/logo-portable-144.png\",\"width\":144,\"height\":123,\"caption\":\"LYON BONDY BLOG\"},\"image\":{\"@id\":\"https:\/\/lyonbondyblog.fr\/LBB\/#\/schema\/logo\/image\/\"},\"sameAs\":[\"https:\/\/www.facebook.com\/lyonbondyblog\",\"https:\/\/x.com\/bondybloglyon\"]},{\"@type\":\"Person\",\"@id\":\"https:\/\/lyonbondyblog.fr\/LBB\/#\/schema\/person\/e45f8d27baac75072daa0be50c409b25\",\"name\":\"La r\u00e9daction\",\"description\":\"Cr\u00e9e en 2008, la r\u00e9daction du Lyon Bondy Blog s'applique \u00e0 proposer une information locale diff\u00e9rente et compl\u00e9mentaire des m\u00e9dias traditionnels.\",\"sameAs\":[\"https:\/\/www.facebook.com\/lyonbondyblog\",\"https:\/\/x.com\/BondyBlogLyon\"],\"url\":\"https:\/\/lyonbondyblog.fr\/LBB\/author\/admin\/\"}]}<\/script>\n<!-- \/ Yoast SEO plugin. -->","yoast_head_json":{"title":"Les \u00e9tablissements scolaires de Villeurbanne unis contre la r\u00e9forme - Lyon Bondy Blog","description":"Mercredi dernier les enseignants de Villeurbanne ont organis\u00e9s une r\u00e9union publique d'information \u00e0 propos de la r\u00e9forme des lyc\u00e9es.","robots":{"index":"index","follow":"follow","max-snippet":"max-snippet:-1","max-image-preview":"max-image-preview:large","max-video-preview":"max-video-preview:-1"},"canonical":"https:\/\/lyonbondyblog.fr\/LBB\/les-etablissements-scolaires-de-villeurbanne-unis-contre-la-reforme\/","og_locale":"fr_FR","og_type":"article","og_title":"Les \u00e9tablissements scolaires de Villeurbanne unis contre la r\u00e9forme - Lyon Bondy Blog","og_description":"Mercredi dernier les enseignants de Villeurbanne ont organis\u00e9s une r\u00e9union publique d'information \u00e0 propos de la r\u00e9forme des lyc\u00e9es.","og_url":"https:\/\/lyonbondyblog.fr\/LBB\/les-etablissements-scolaires-de-villeurbanne-unis-contre-la-reforme\/","og_site_name":"Lyon Bondy Blog","article_publisher":"https:\/\/www.facebook.com\/lyonbondyblog","article_author":"https:\/\/www.facebook.com\/lyonbondyblog","article_published_time":"2019-02-20T18:17:17+00:00","article_modified_time":"2019-02-20T18:21:35+00:00","og_image":[{"width":1920,"height":1080,"url":"https:\/\/lyonbondyblog.fr\/LBB\/wp-content\/uploads\/2019\/02\/photo.jpg","type":"image\/jpeg"}],"author":"La r\u00e9daction","twitter_card":"summary_large_image","twitter_creator":"@BondyBlogLyon","twitter_site":"@bondybloglyon","schema":{"@context":"https:\/\/schema.org","@graph":[{"@type":"Article","@id":"https:\/\/lyonbondyblog.fr\/LBB\/les-etablissements-scolaires-de-villeurbanne-unis-contre-la-reforme\/#article","isPartOf":{"@id":"https:\/\/lyonbondyblog.fr\/LBB\/les-etablissements-scolaires-de-villeurbanne-unis-contre-la-reforme\/"},"author":{"name":"La r\u00e9daction","@id":"https:\/\/lyonbondyblog.fr\/LBB\/#\/schema\/person\/e45f8d27baac75072daa0be50c409b25"},"headline":"Les \u00e9tablissements scolaires de Villeurbanne unis contre la r\u00e9forme","datePublished":"2019-02-20T18:17:17+00:00","dateModified":"2019-02-20T18:21:35+00:00","mainEntityOfPage":{"@id":"https:\/\/lyonbondyblog.fr\/LBB\/les-etablissements-scolaires-de-villeurbanne-unis-contre-la-reforme\/"},"wordCount":318,"commentCount":0,"publisher":{"@id":"https:\/\/lyonbondyblog.fr\/LBB\/#organization"},"image":{"@id":"https:\/\/lyonbondyblog.fr\/LBB\/les-etablissements-scolaires-de-villeurbanne-unis-contre-la-reforme\/#primaryimage"},"thumbnailUrl":"https:\/\/lyonbondyblog.fr\/LBB\/wp-content\/uploads\/2019\/02\/photo.jpg","keywords":["coll\u00e8ge du Tonkin","coll\u00e8ge Jean Mac\u00e9","R\u00e9forme Blanquer","Villeurbanne"],"articleSection":["Education","Jeunesse"],"inLanguage":"fr-FR","potentialAction":[{"@type":"CommentAction","name":"Comment","target":["https:\/\/lyonbondyblog.fr\/LBB\/les-etablissements-scolaires-de-villeurbanne-unis-contre-la-reforme\/#respond"]}]},{"@type":"WebPage","@id":"https:\/\/lyonbondyblog.fr\/LBB\/les-etablissements-scolaires-de-villeurbanne-unis-contre-la-reforme\/","url":"https:\/\/lyonbondyblog.fr\/LBB\/les-etablissements-scolaires-de-villeurbanne-unis-contre-la-reforme\/","name":"Les \u00e9tablissements scolaires de Villeurbanne unis contre la r\u00e9forme - Lyon Bondy Blog","isPartOf":{"@id":"https:\/\/lyonbondyblog.fr\/LBB\/#website"},"primaryImageOfPage":{"@id":"https:\/\/lyonbondyblog.fr\/LBB\/les-etablissements-scolaires-de-villeurbanne-unis-contre-la-reforme\/#primaryimage"},"image":{"@id":"https:\/\/lyonbondyblog.fr\/LBB\/les-etablissements-scolaires-de-villeurbanne-unis-contre-la-reforme\/#primaryimage"},"thumbnailUrl":"https:\/\/lyonbondyblog.fr\/LBB\/wp-content\/uploads\/2019\/02\/photo.jpg","datePublished":"2019-02-20T18:17:17+00:00","dateModified":"2019-02-20T18:21:35+00:00","description":"Mercredi dernier les enseignants de Villeurbanne ont organis\u00e9s une r\u00e9union publique d'information \u00e0 propos de la r\u00e9forme des lyc\u00e9es.","inLanguage":"fr-FR","potentialAction":[{"@type":"ReadAction","target":["https:\/\/lyonbondyblog.fr\/LBB\/les-etablissements-scolaires-de-villeurbanne-unis-contre-la-reforme\/"]}]},{"@type":"ImageObject","inLanguage":"fr-FR","@id":"https:\/\/lyonbondyblog.fr\/LBB\/les-etablissements-scolaires-de-villeurbanne-unis-contre-la-reforme\/#primaryimage","url":"https:\/\/lyonbondyblog.fr\/LBB\/wp-content\/uploads\/2019\/02\/photo.jpg","contentUrl":"https:\/\/lyonbondyblog.fr\/LBB\/wp-content\/uploads\/2019\/02\/photo.jpg","width":1920,"height":1080,"caption":"R\u00e9union publique au Palais du Travail de Villeurbanne. Cr\u00e9dits photos : Camille Rouet \/ Lyon Bondy Blog."},{"@type":"WebSite","@id":"https:\/\/lyonbondyblog.fr\/LBB\/#website","url":"https:\/\/lyonbondyblog.fr\/LBB\/","name":"Lyon Bondy Blog","description":"","publisher":{"@id":"https:\/\/lyonbondyblog.fr\/LBB\/#organization"},"potentialAction":[{"@type":"SearchAction","target":{"@type":"EntryPoint","urlTemplate":"https:\/\/lyonbondyblog.fr\/LBB\/?s={search_term_string}"},"query-input":"required name=search_term_string"}],"inLanguage":"fr-FR"},{"@type":"Organization","@id":"https:\/\/lyonbondyblog.fr\/LBB\/#organization","name":"LYON BONDY BLOG","url":"https:\/\/lyonbondyblog.fr\/LBB\/","logo":{"@type":"ImageObject","inLanguage":"fr-FR","@id":"https:\/\/lyonbondyblog.fr\/LBB\/#\/schema\/logo\/image\/","url":"http:\/\/lyonbondyblog.fr\/LBB\/wp-content\/uploads\/2014\/10\/logo-portable-144.png","contentUrl":"http:\/\/lyonbondyblog.fr\/LBB\/wp-content\/uploads\/2014\/10\/logo-portable-144.png","width":144,"height":123,"caption":"LYON BONDY BLOG"},"image":{"@id":"https:\/\/lyonbondyblog.fr\/LBB\/#\/schema\/logo\/image\/"},"sameAs":["https:\/\/www.facebook.com\/lyonbondyblog","https:\/\/x.com\/bondybloglyon"]},{"@type":"Person","@id":"https:\/\/lyonbondyblog.fr\/LBB\/#\/schema\/person\/e45f8d27baac75072daa0be50c409b25","name":"La r\u00e9daction","description":"Cr\u00e9e en 2008, la r\u00e9daction du Lyon Bondy Blog s'applique \u00e0 proposer une information locale diff\u00e9rente et compl\u00e9mentaire des m\u00e9dias traditionnels.","sameAs":["https:\/\/www.facebook.com\/lyonbondyblog","https:\/\/x.com\/BondyBlogLyon"],"url":"https:\/\/lyonbondyblog.fr\/LBB\/author\/admin\/"}]}},"_links":{"self":[{"href":"https:\/\/lyonbondyblog.fr\/LBB\/wp-json\/wp\/v2\/posts\/15218","targetHints":{"allow":["GET"]}}],"collection":[{"href":"https:\/\/lyonbondyblog.fr\/LBB\/wp-json\/wp\/v2\/posts"}],"about":[{"href":"https:\/\/lyonbondyblog.fr\/LBB\/wp-json\/wp\/v2\/types\/post"}],"author":[{"embeddable":true,"href":"https:\/\/lyonbondyblog.fr\/LBB\/wp-json\/wp\/v2\/users\/1"}],"replies":[{"embeddable":true,"href":"https:\/\/lyonbondyblog.fr\/LBB\/wp-json\/wp\/v2\/comments?post=15218"}],"version-history":[{"count":16,"href":"https:\/\/lyonbondyblog.fr\/LBB\/wp-json\/wp\/v2\/posts\/15218\/revisions"}],"predecessor-version":[{"id":15282,"href":"https:\/\/lyonbondyblog.fr\/LBB\/wp-json\/wp\/v2\/posts\/15218\/revisions\/15282"}],"wp:featuredmedia":[{"embeddable":true,"href":"https:\/\/lyonbondyblog.fr\/LBB\/wp-json\/wp\/v2\/media\/15219"}],"wp:attachment":[{"href":"https:\/\/lyonbondyblog.fr\/LBB\/wp-json\/wp\/v2\/media?parent=15218"}],"wp:term":[{"taxonomy":"category","embeddable":true,"href":"https:\/\/lyonbondyblog.fr\/LBB\/wp-json\/wp\/v2\/categories?post=15218"},{"taxonomy":"post_tag","embeddable":true,"href":"https:\/\/lyonbondyblog.fr\/LBB\/wp-json\/wp\/v2\/tags?post=15218"}],"curies":[{"name":"wp","href":"https:\/\/api.w.org\/{rel}","templated":true}]}}