{"id":15130,"date":"2019-02-06T12:54:50","date_gmt":"2019-02-06T11:54:50","guid":{"rendered":"http:\/\/lyonbondyblog.fr\/LBB\/?p=15130"},"modified":"2019-02-06T12:54:50","modified_gmt":"2019-02-06T11:54:50","slug":"lions-du-sport-le-football-feminin-a-lhonneur","status":"publish","type":"post","link":"https:\/\/lyonbondyblog.fr\/LBB\/lions-du-sport-le-football-feminin-a-lhonneur\/","title":{"rendered":"Lions du Sport : le football f\u00e9minin \u00e0 l\u2019honneur"},"content":{"rendered":"<p>Ce mardi 5 f\u00e9vrier s\u2019est tenu la 16<sup>\u00e8me<\/sup> \u00e9dition des Lions du Sport \u00e0 la Maison de la Danse. Cette c\u00e9r\u00e9monie organis\u00e9e tous les ans par la ville de Lyon r\u00e9compense les sportifs les plus m\u00e9ritants.&nbsp;<\/p>\n<p>A la suite d\u2019une c\u00e9r\u00e9monie sans surprise c\u2019est la footballeuse <a href=\"https:\/\/www.lemonde.fr\/football\/article\/2019\/01\/19\/amel-majri-la-defenseuse-du-football-francais-qui-n-en-finit-plus-de-monter_5411496_1616938.html\">Amel Majri<\/a> qui remporte l\u2019\u00e9dition 2018 des Lions du Sport. La joueuse de l\u2019OL devance un autre Lyonnais Nabil F\u00e9kir, absent de la c\u00e9r\u00e9monie, qui remporte le Lion d\u2019argent et <a href=\"https:\/\/www.lequipe.fr\/Aviron\/Actualites\/Championnats-du-monde-hugo-boucheron-et-matthieu-androdias-en-or\/940484\">Hugo Boucheron<\/a> (cercle d\u2019aviron de Lyon) termine \u00e0 la troisi\u00e8me place et remporte Lion de bronze. <a href=\"https:\/\/www.youtube.com\/watch?v=fFfEcbZZN4M\">Armand Spichiger<\/a>, jeune escrimeur fran\u00e7ais, re\u00e7oit le prix du coup de c\u0153ur du jury.<\/p>\n<h3>Humour british et ancienne star du foot f\u00e9minin<\/h3>\n<p>Avec son humour si particulier, le journaliste sportif DarenTulett a anim\u00e9 la soir\u00e9e. D\u00e8s les premiers instants, les supporters Lyonnais ont fait entendre leur voix.&nbsp; Ces exclamations ont atteint leur paroxysme lorsque les joueuses de l\u2019OL ont vu leur ancienne co\u00e9quipi\u00e8re, et membre du jury, Camille Abily entrer sur sc\u00e8ne. Il est vrai que son palmar\u00e8s est impressionnant&nbsp;: treize fois championne de France, elle a aussi remport\u00e9 cinq fois la Ligue des champions et d\u00e9tient sept Coupe de France.<\/p>\n<p>Cette soir\u00e9e a \u00e9t\u00e9, dans sa globalit\u00e9, celle du football f\u00e9minin. Les filles d\u2019OL, invit\u00e9e sur sc\u00e8ne, se sont vu f\u00e9liciter pour leur r\u00e9gularit\u00e9 et leur domination \u00e9crasante sur le monde du ballon rond. Cet \u00e9v\u00e8nement a aussi permis \u00e0 la fondation OL et \u00e0 la ville de Lyon de promouvoir <a href=\"https:\/\/www.ouest-france.fr\/sport\/football\/equipe-de-france-feminine\/coupe-du-monde-feminine-2019-tous-les-matches-des-bleues-seront-diffuses-sur-tf1-6211173\">la Coupe du monde de football f\u00e9minin qui se d\u00e9roulera en France du 7 juin au 7 juillet 2019<\/a>. La ville des lumi\u00e8res organisera deux rencontres et non des moindres. L\u2019ancienne capitale de la Gaule accueillera ainsi une demi-finale et surtout la finale de la comp\u00e9tition, de quoi faire saliver les supporters.<\/p>\n<p><strong>Le sport et la culture r\u00e9unis <\/strong><\/p>\n<p>La ville de Lyon voulait m\u00e9langer Sport et Culture, c\u2019est chose faite. Le choix de la maison de la danse, \u00e9tablissement connu pour ses activit\u00e9s culturelles, comme lieu de r\u00e9ception mais aussi l\u2019attribution de la pr\u00e9sidence du jury \u00e0 Thierry Fr\u00e9maux, directeur de l\u2019Institut Lumi\u00e8re et d\u00e9l\u00e9gu\u00e9 g\u00e9n\u00e9ral du festival de Cannes, d\u00e9montre une vraie volont\u00e9 d\u2019associer ces deux domaines. Ce lien a \u00e9t\u00e9 accentu\u00e9 par l\u2019annonce du 6<sup>\u00e8me<\/sup> festival&nbsp;: <a href=\"http:\/\/www.institut-lumiere.org\/actualit%C3%A9s\/soyons-sport.html\">\u00ab&nbsp;Sport, litt\u00e9rature &amp; cin\u00e9ma&nbsp;\u00bb<\/a> qui se d\u00e9roulera \u00e0 Lyon du 27 f\u00e9vrier au 2 mars 2019. Plusieurs troupes, comme par exemple, <a href=\"http:\/\/www.ciexy.com\/\">la compagnie XY<\/a> qui a pr\u00e9sent\u00e9, durant la c\u00e9r\u00e9monie, un extrait de son spectacle&nbsp;: \u00ab&nbsp;Il n\u2019est pas encore minuit&nbsp;\u00bb ont collabor\u00e9 au m\u00e9lange des genres.<\/p>\n<p><strong>LDLC ASVEL grand perdant de la soir\u00e9e<\/strong><\/p>\n<p>Lorsqu\u2019il y a des vainqueurs, il y a logiquement des perdants. Et si tous les sportif Lyonnais ont \u00e9tait honor\u00e9s, impossible de ne pas penser que l\u2019ASVEL est le grand perdant de cette soir\u00e9e. Avec un tr\u00e8s grand projet depuis l\u2019arriv\u00e9e aux commandes de Tony Parker, l\u2019\u00e9quipe de basket villeurbannaise ambitionne de conqu\u00e9rir l\u2019Europe et <a href=\"https:\/\/www.lequipe.fr\/Basket\/CLA_PROA.html\">marche actuellement sur l\u2019hexagone.<\/a> aucun de ses deux repr\u00e9sentants &#8211; Mari\u00e8me Badiane pour l\u2019ASVEL f\u00e9minin et Amine Noua chez les gar\u00e7ons \u2013n&rsquo;a \u00e9t\u00e9 r\u00e9compens\u00e9.<\/p>\n<h5>Ecrit par Rafa\u00ebl Sellanes.<\/h5>\n<!-- AddThis Advanced Settings generic via filter on the_content --><!-- AddThis Share Buttons generic via filter on the_content -->","protected":false},"excerpt":{"rendered":"<p>Ce mardi 5 f\u00e9vrier s\u2019est tenu la 16\u00e8me \u00e9dition des Lions du Sport \u00e0 la Maison de la Danse. Cette c\u00e9r\u00e9monie organis\u00e9e tous les ans &hellip; <!-- AddThis Advanced Settings generic via filter on wp_trim_excerpt --><!-- AddThis Share Buttons generic via filter on wp_trim_excerpt --><\/p>\n","protected":false},"author":1,"featured_media":15131,"comment_status":"open","ping_status":"open","sticky":false,"template":"","format":"standard","meta":{"_FSMCFIC_featured_image_caption":"","_FSMCFIC_featured_image_nocaption":"","_FSMCFIC_featured_image_hide":"","footnotes":""},"categories":[4,3546,2862],"tags":[2266,873,1424,164],"class_list":["post-15130","post","type-post","status-publish","format-standard","has-post-thumbnail","hentry","category-lyon","category-ol","category-sport","tag-football-feminin","tag-gerard-collomb","tag-sport-feminin","tag-yann-cucherat"],"yoast_head":"<!-- This site is optimized with the Yoast SEO plugin v22.8 - https:\/\/yoast.com\/wordpress\/plugins\/seo\/ -->\n<title>Lions du Sport : le football f\u00e9minin \u00e0 l\u2019honneur - Lyon Bondy Blog<\/title>\n<meta name=\"description\" content=\"Ce mardi 5 f\u00e9vrier s\u2019est tenu la 16\u00e8me \u00e9dition des Lions du Sport \u00e0 la Maison de la Danse. Cette c\u00e9r\u00e9monie organis\u00e9e tous les ans par la ville de Lyon\" \/>\n<meta name=\"robots\" content=\"index, follow, max-snippet:-1, max-image-preview:large, max-video-preview:-1\" \/>\n<link rel=\"canonical\" href=\"https:\/\/lyonbondyblog.fr\/LBB\/lions-du-sport-le-football-feminin-a-lhonneur\/\" \/>\n<meta property=\"og:locale\" content=\"fr_FR\" \/>\n<meta property=\"og:type\" content=\"article\" \/>\n<meta property=\"og:title\" content=\"Lions du Sport : le football f\u00e9minin \u00e0 l\u2019honneur - Lyon Bondy Blog\" \/>\n<meta property=\"og:description\" content=\"Ce mardi 5 f\u00e9vrier s\u2019est tenu la 16\u00e8me \u00e9dition des Lions du Sport \u00e0 la Maison de la Danse. Cette c\u00e9r\u00e9monie organis\u00e9e tous les ans par la ville de Lyon\" \/>\n<meta property=\"og:url\" content=\"https:\/\/lyonbondyblog.fr\/LBB\/lions-du-sport-le-football-feminin-a-lhonneur\/\" \/>\n<meta property=\"og:site_name\" content=\"Lyon Bondy Blog\" \/>\n<meta property=\"article:publisher\" content=\"https:\/\/www.facebook.com\/lyonbondyblog\" \/>\n<meta property=\"article:author\" content=\"https:\/\/www.facebook.com\/lyonbondyblog\" \/>\n<meta property=\"article:published_time\" content=\"2019-02-06T11:54:50+00:00\" \/>\n<meta property=\"og:image\" content=\"https:\/\/lyonbondyblog.fr\/LBB\/wp-content\/uploads\/2019\/02\/Lions-du-sport.jpg\" \/>\n\t<meta property=\"og:image:width\" content=\"453\" \/>\n\t<meta property=\"og:image:height\" content=\"340\" \/>\n\t<meta property=\"og:image:type\" content=\"image\/jpeg\" \/>\n<meta name=\"author\" content=\"La r\u00e9daction\" \/>\n<meta name=\"twitter:card\" content=\"summary_large_image\" \/>\n<meta name=\"twitter:creator\" content=\"@BondyBlogLyon\" \/>\n<meta name=\"twitter:site\" content=\"@bondybloglyon\" \/>\n<script type=\"application\/ld+json\" class=\"yoast-schema-graph\">{\"@context\":\"https:\/\/schema.org\",\"@graph\":[{\"@type\":\"Article\",\"@id\":\"https:\/\/lyonbondyblog.fr\/LBB\/lions-du-sport-le-football-feminin-a-lhonneur\/#article\",\"isPartOf\":{\"@id\":\"https:\/\/lyonbondyblog.fr\/LBB\/lions-du-sport-le-football-feminin-a-lhonneur\/\"},\"author\":{\"name\":\"La r\u00e9daction\",\"@id\":\"https:\/\/lyonbondyblog.fr\/LBB\/#\/schema\/person\/e45f8d27baac75072daa0be50c409b25\"},\"headline\":\"Lions du Sport : le football f\u00e9minin \u00e0 l\u2019honneur\",\"datePublished\":\"2019-02-06T11:54:50+00:00\",\"dateModified\":\"2019-02-06T11:54:50+00:00\",\"mainEntityOfPage\":{\"@id\":\"https:\/\/lyonbondyblog.fr\/LBB\/lions-du-sport-le-football-feminin-a-lhonneur\/\"},\"wordCount\":601,\"commentCount\":0,\"publisher\":{\"@id\":\"https:\/\/lyonbondyblog.fr\/LBB\/#organization\"},\"image\":{\"@id\":\"https:\/\/lyonbondyblog.fr\/LBB\/lions-du-sport-le-football-feminin-a-lhonneur\/#primaryimage\"},\"thumbnailUrl\":\"https:\/\/lyonbondyblog.fr\/LBB\/wp-content\/uploads\/2019\/02\/Lions-du-sport.jpg\",\"keywords\":[\"Football f\u00e9minin\",\"G\u00e9rard Collomb\",\"Sport f\u00e9minin\",\"yann cucherat\"],\"articleSection\":[\"Lyon\",\"OL\",\"Sport\"],\"inLanguage\":\"fr-FR\",\"potentialAction\":[{\"@type\":\"CommentAction\",\"name\":\"Comment\",\"target\":[\"https:\/\/lyonbondyblog.fr\/LBB\/lions-du-sport-le-football-feminin-a-lhonneur\/#respond\"]}]},{\"@type\":\"WebPage\",\"@id\":\"https:\/\/lyonbondyblog.fr\/LBB\/lions-du-sport-le-football-feminin-a-lhonneur\/\",\"url\":\"https:\/\/lyonbondyblog.fr\/LBB\/lions-du-sport-le-football-feminin-a-lhonneur\/\",\"name\":\"Lions du Sport : le football f\u00e9minin \u00e0 l\u2019honneur - Lyon Bondy Blog\",\"isPartOf\":{\"@id\":\"https:\/\/lyonbondyblog.fr\/LBB\/#website\"},\"primaryImageOfPage\":{\"@id\":\"https:\/\/lyonbondyblog.fr\/LBB\/lions-du-sport-le-football-feminin-a-lhonneur\/#primaryimage\"},\"image\":{\"@id\":\"https:\/\/lyonbondyblog.fr\/LBB\/lions-du-sport-le-football-feminin-a-lhonneur\/#primaryimage\"},\"thumbnailUrl\":\"https:\/\/lyonbondyblog.fr\/LBB\/wp-content\/uploads\/2019\/02\/Lions-du-sport.jpg\",\"datePublished\":\"2019-02-06T11:54:50+00:00\",\"dateModified\":\"2019-02-06T11:54:50+00:00\",\"description\":\"Ce mardi 5 f\u00e9vrier s\u2019est tenu la 16\u00e8me \u00e9dition des Lions du Sport \u00e0 la Maison de la Danse. Cette c\u00e9r\u00e9monie organis\u00e9e tous les ans par la ville de Lyon\",\"inLanguage\":\"fr-FR\",\"potentialAction\":[{\"@type\":\"ReadAction\",\"target\":[\"https:\/\/lyonbondyblog.fr\/LBB\/lions-du-sport-le-football-feminin-a-lhonneur\/\"]}]},{\"@type\":\"ImageObject\",\"inLanguage\":\"fr-FR\",\"@id\":\"https:\/\/lyonbondyblog.fr\/LBB\/lions-du-sport-le-football-feminin-a-lhonneur\/#primaryimage\",\"url\":\"https:\/\/lyonbondyblog.fr\/LBB\/wp-content\/uploads\/2019\/02\/Lions-du-sport.jpg\",\"contentUrl\":\"https:\/\/lyonbondyblog.fr\/LBB\/wp-content\/uploads\/2019\/02\/Lions-du-sport.jpg\",\"width\":453,\"height\":340,\"caption\":\"Les grands gagnants de la soir\u00e9e aux c\u00f4t\u00e9s de Yann Cucherat et de G\u00e9rard Collomb. Cr\u00e9dit photo : Rafael Sellanes \/ LBB.\"},{\"@type\":\"WebSite\",\"@id\":\"https:\/\/lyonbondyblog.fr\/LBB\/#website\",\"url\":\"https:\/\/lyonbondyblog.fr\/LBB\/\",\"name\":\"Lyon Bondy Blog\",\"description\":\"\",\"publisher\":{\"@id\":\"https:\/\/lyonbondyblog.fr\/LBB\/#organization\"},\"potentialAction\":[{\"@type\":\"SearchAction\",\"target\":{\"@type\":\"EntryPoint\",\"urlTemplate\":\"https:\/\/lyonbondyblog.fr\/LBB\/?s={search_term_string}\"},\"query-input\":\"required name=search_term_string\"}],\"inLanguage\":\"fr-FR\"},{\"@type\":\"Organization\",\"@id\":\"https:\/\/lyonbondyblog.fr\/LBB\/#organization\",\"name\":\"LYON BONDY BLOG\",\"url\":\"https:\/\/lyonbondyblog.fr\/LBB\/\",\"logo\":{\"@type\":\"ImageObject\",\"inLanguage\":\"fr-FR\",\"@id\":\"https:\/\/lyonbondyblog.fr\/LBB\/#\/schema\/logo\/image\/\",\"url\":\"http:\/\/lyonbondyblog.fr\/LBB\/wp-content\/uploads\/2014\/10\/logo-portable-144.png\",\"contentUrl\":\"http:\/\/lyonbondyblog.fr\/LBB\/wp-content\/uploads\/2014\/10\/logo-portable-144.png\",\"width\":144,\"height\":123,\"caption\":\"LYON BONDY BLOG\"},\"image\":{\"@id\":\"https:\/\/lyonbondyblog.fr\/LBB\/#\/schema\/logo\/image\/\"},\"sameAs\":[\"https:\/\/www.facebook.com\/lyonbondyblog\",\"https:\/\/x.com\/bondybloglyon\"]},{\"@type\":\"Person\",\"@id\":\"https:\/\/lyonbondyblog.fr\/LBB\/#\/schema\/person\/e45f8d27baac75072daa0be50c409b25\",\"name\":\"La r\u00e9daction\",\"description\":\"Cr\u00e9e en 2008, la r\u00e9daction du Lyon Bondy Blog s'applique \u00e0 proposer une information locale diff\u00e9rente et compl\u00e9mentaire des m\u00e9dias traditionnels.\",\"sameAs\":[\"https:\/\/www.facebook.com\/lyonbondyblog\",\"https:\/\/x.com\/BondyBlogLyon\"],\"url\":\"https:\/\/lyonbondyblog.fr\/LBB\/author\/admin\/\"}]}<\/script>\n<!-- \/ Yoast SEO plugin. -->","yoast_head_json":{"title":"Lions du Sport : le football f\u00e9minin \u00e0 l\u2019honneur - Lyon Bondy Blog","description":"Ce mardi 5 f\u00e9vrier s\u2019est tenu la 16\u00e8me \u00e9dition des Lions du Sport \u00e0 la Maison de la Danse. Cette c\u00e9r\u00e9monie organis\u00e9e tous les ans par la ville de Lyon","robots":{"index":"index","follow":"follow","max-snippet":"max-snippet:-1","max-image-preview":"max-image-preview:large","max-video-preview":"max-video-preview:-1"},"canonical":"https:\/\/lyonbondyblog.fr\/LBB\/lions-du-sport-le-football-feminin-a-lhonneur\/","og_locale":"fr_FR","og_type":"article","og_title":"Lions du Sport : le football f\u00e9minin \u00e0 l\u2019honneur - Lyon Bondy Blog","og_description":"Ce mardi 5 f\u00e9vrier s\u2019est tenu la 16\u00e8me \u00e9dition des Lions du Sport \u00e0 la Maison de la Danse. Cette c\u00e9r\u00e9monie organis\u00e9e tous les ans par la ville de Lyon","og_url":"https:\/\/lyonbondyblog.fr\/LBB\/lions-du-sport-le-football-feminin-a-lhonneur\/","og_site_name":"Lyon Bondy Blog","article_publisher":"https:\/\/www.facebook.com\/lyonbondyblog","article_author":"https:\/\/www.facebook.com\/lyonbondyblog","article_published_time":"2019-02-06T11:54:50+00:00","og_image":[{"width":453,"height":340,"url":"https:\/\/lyonbondyblog.fr\/LBB\/wp-content\/uploads\/2019\/02\/Lions-du-sport.jpg","type":"image\/jpeg"}],"author":"La r\u00e9daction","twitter_card":"summary_large_image","twitter_creator":"@BondyBlogLyon","twitter_site":"@bondybloglyon","schema":{"@context":"https:\/\/schema.org","@graph":[{"@type":"Article","@id":"https:\/\/lyonbondyblog.fr\/LBB\/lions-du-sport-le-football-feminin-a-lhonneur\/#article","isPartOf":{"@id":"https:\/\/lyonbondyblog.fr\/LBB\/lions-du-sport-le-football-feminin-a-lhonneur\/"},"author":{"name":"La r\u00e9daction","@id":"https:\/\/lyonbondyblog.fr\/LBB\/#\/schema\/person\/e45f8d27baac75072daa0be50c409b25"},"headline":"Lions du Sport : le football f\u00e9minin \u00e0 l\u2019honneur","datePublished":"2019-02-06T11:54:50+00:00","dateModified":"2019-02-06T11:54:50+00:00","mainEntityOfPage":{"@id":"https:\/\/lyonbondyblog.fr\/LBB\/lions-du-sport-le-football-feminin-a-lhonneur\/"},"wordCount":601,"commentCount":0,"publisher":{"@id":"https:\/\/lyonbondyblog.fr\/LBB\/#organization"},"image":{"@id":"https:\/\/lyonbondyblog.fr\/LBB\/lions-du-sport-le-football-feminin-a-lhonneur\/#primaryimage"},"thumbnailUrl":"https:\/\/lyonbondyblog.fr\/LBB\/wp-content\/uploads\/2019\/02\/Lions-du-sport.jpg","keywords":["Football f\u00e9minin","G\u00e9rard Collomb","Sport f\u00e9minin","yann cucherat"],"articleSection":["Lyon","OL","Sport"],"inLanguage":"fr-FR","potentialAction":[{"@type":"CommentAction","name":"Comment","target":["https:\/\/lyonbondyblog.fr\/LBB\/lions-du-sport-le-football-feminin-a-lhonneur\/#respond"]}]},{"@type":"WebPage","@id":"https:\/\/lyonbondyblog.fr\/LBB\/lions-du-sport-le-football-feminin-a-lhonneur\/","url":"https:\/\/lyonbondyblog.fr\/LBB\/lions-du-sport-le-football-feminin-a-lhonneur\/","name":"Lions du Sport : le football f\u00e9minin \u00e0 l\u2019honneur - Lyon Bondy Blog","isPartOf":{"@id":"https:\/\/lyonbondyblog.fr\/LBB\/#website"},"primaryImageOfPage":{"@id":"https:\/\/lyonbondyblog.fr\/LBB\/lions-du-sport-le-football-feminin-a-lhonneur\/#primaryimage"},"image":{"@id":"https:\/\/lyonbondyblog.fr\/LBB\/lions-du-sport-le-football-feminin-a-lhonneur\/#primaryimage"},"thumbnailUrl":"https:\/\/lyonbondyblog.fr\/LBB\/wp-content\/uploads\/2019\/02\/Lions-du-sport.jpg","datePublished":"2019-02-06T11:54:50+00:00","dateModified":"2019-02-06T11:54:50+00:00","description":"Ce mardi 5 f\u00e9vrier s\u2019est tenu la 16\u00e8me \u00e9dition des Lions du Sport \u00e0 la Maison de la Danse. Cette c\u00e9r\u00e9monie organis\u00e9e tous les ans par la ville de Lyon","inLanguage":"fr-FR","potentialAction":[{"@type":"ReadAction","target":["https:\/\/lyonbondyblog.fr\/LBB\/lions-du-sport-le-football-feminin-a-lhonneur\/"]}]},{"@type":"ImageObject","inLanguage":"fr-FR","@id":"https:\/\/lyonbondyblog.fr\/LBB\/lions-du-sport-le-football-feminin-a-lhonneur\/#primaryimage","url":"https:\/\/lyonbondyblog.fr\/LBB\/wp-content\/uploads\/2019\/02\/Lions-du-sport.jpg","contentUrl":"https:\/\/lyonbondyblog.fr\/LBB\/wp-content\/uploads\/2019\/02\/Lions-du-sport.jpg","width":453,"height":340,"caption":"Les grands gagnants de la soir\u00e9e aux c\u00f4t\u00e9s de Yann Cucherat et de G\u00e9rard Collomb. Cr\u00e9dit photo : Rafael Sellanes \/ LBB."},{"@type":"WebSite","@id":"https:\/\/lyonbondyblog.fr\/LBB\/#website","url":"https:\/\/lyonbondyblog.fr\/LBB\/","name":"Lyon Bondy Blog","description":"","publisher":{"@id":"https:\/\/lyonbondyblog.fr\/LBB\/#organization"},"potentialAction":[{"@type":"SearchAction","target":{"@type":"EntryPoint","urlTemplate":"https:\/\/lyonbondyblog.fr\/LBB\/?s={search_term_string}"},"query-input":"required name=search_term_string"}],"inLanguage":"fr-FR"},{"@type":"Organization","@id":"https:\/\/lyonbondyblog.fr\/LBB\/#organization","name":"LYON BONDY BLOG","url":"https:\/\/lyonbondyblog.fr\/LBB\/","logo":{"@type":"ImageObject","inLanguage":"fr-FR","@id":"https:\/\/lyonbondyblog.fr\/LBB\/#\/schema\/logo\/image\/","url":"http:\/\/lyonbondyblog.fr\/LBB\/wp-content\/uploads\/2014\/10\/logo-portable-144.png","contentUrl":"http:\/\/lyonbondyblog.fr\/LBB\/wp-content\/uploads\/2014\/10\/logo-portable-144.png","width":144,"height":123,"caption":"LYON BONDY BLOG"},"image":{"@id":"https:\/\/lyonbondyblog.fr\/LBB\/#\/schema\/logo\/image\/"},"sameAs":["https:\/\/www.facebook.com\/lyonbondyblog","https:\/\/x.com\/bondybloglyon"]},{"@type":"Person","@id":"https:\/\/lyonbondyblog.fr\/LBB\/#\/schema\/person\/e45f8d27baac75072daa0be50c409b25","name":"La r\u00e9daction","description":"Cr\u00e9e en 2008, la r\u00e9daction du Lyon Bondy Blog s'applique \u00e0 proposer une information locale diff\u00e9rente et compl\u00e9mentaire des m\u00e9dias traditionnels.","sameAs":["https:\/\/www.facebook.com\/lyonbondyblog","https:\/\/x.com\/BondyBlogLyon"],"url":"https:\/\/lyonbondyblog.fr\/LBB\/author\/admin\/"}]}},"_links":{"self":[{"href":"https:\/\/lyonbondyblog.fr\/LBB\/wp-json\/wp\/v2\/posts\/15130","targetHints":{"allow":["GET"]}}],"collection":[{"href":"https:\/\/lyonbondyblog.fr\/LBB\/wp-json\/wp\/v2\/posts"}],"about":[{"href":"https:\/\/lyonbondyblog.fr\/LBB\/wp-json\/wp\/v2\/types\/post"}],"author":[{"embeddable":true,"href":"https:\/\/lyonbondyblog.fr\/LBB\/wp-json\/wp\/v2\/users\/1"}],"replies":[{"embeddable":true,"href":"https:\/\/lyonbondyblog.fr\/LBB\/wp-json\/wp\/v2\/comments?post=15130"}],"version-history":[{"count":1,"href":"https:\/\/lyonbondyblog.fr\/LBB\/wp-json\/wp\/v2\/posts\/15130\/revisions"}],"predecessor-version":[{"id":15132,"href":"https:\/\/lyonbondyblog.fr\/LBB\/wp-json\/wp\/v2\/posts\/15130\/revisions\/15132"}],"wp:featuredmedia":[{"embeddable":true,"href":"https:\/\/lyonbondyblog.fr\/LBB\/wp-json\/wp\/v2\/media\/15131"}],"wp:attachment":[{"href":"https:\/\/lyonbondyblog.fr\/LBB\/wp-json\/wp\/v2\/media?parent=15130"}],"wp:term":[{"taxonomy":"category","embeddable":true,"href":"https:\/\/lyonbondyblog.fr\/LBB\/wp-json\/wp\/v2\/categories?post=15130"},{"taxonomy":"post_tag","embeddable":true,"href":"https:\/\/lyonbondyblog.fr\/LBB\/wp-json\/wp\/v2\/tags?post=15130"}],"curies":[{"name":"wp","href":"https:\/\/api.w.org\/{rel}","templated":true}]}}