{"id":15115,"date":"2019-02-05T15:53:17","date_gmt":"2019-02-05T14:53:17","guid":{"rendered":"http:\/\/lyonbondyblog.fr\/LBB\/?p=15115"},"modified":"2019-02-05T16:10:49","modified_gmt":"2019-02-05T15:10:49","slug":"greve-nationale-avec-les-gilets-jaunes","status":"publish","type":"post","link":"https:\/\/lyonbondyblog.fr\/LBB\/greve-nationale-avec-les-gilets-jaunes\/","title":{"rendered":"Gr\u00e8ve nationale avec les Gilets Jaunes"},"content":{"rendered":"<p>Les Lyonnais ont bien r\u00e9pondu aux <a href=\"https:\/\/www.cgtvilledelyon.fr\/le-5-fevrier-greve-et-manifestation-depart-11h30-place-bellecour-en-direction-de-la-prefecture-quai-augagneur\/\">appels<\/a>\u00a0\u00e0 la gr\u00e8ve g\u00e9n\u00e9rale et nationale des syndicats de la fonction publique et du priv\u00e9 (notamment, CGT, FSU, Solidaires, CNT) ainsi que de quelques figures du mouvement des Gilets Jaunes. Selon la CGT du Rh\u00f4ne, 7000 manifestants (entre 4300 et 7000 <a href=\"https:\/\/www.lyoncapitale.fr\/actualite\/les-gilets-jaunes-continuent-la-manifestation-a-lyon\/\">selon Lyon Capitale<\/a>) ont d\u00e9ambul\u00e9 aujourd&rsquo;hui depuis la place Bellecour jusqu&rsquo;\u00e0 la Pr\u00e9fecture du Rh\u00f4ne, quai Augagneur. Les taux de participation \u00e0 la gr\u00e8ve n&rsquo;ont pas encore \u00e9t\u00e9 annonc\u00e9s. Ainsi, c&rsquo;est la premi\u00e8re fois que les gilets jaunes s&rsquo;engagent dans une action de gr\u00e8ve.<\/p>\n<p>Le Lyon Bondy Blog a recueilli quelques t\u00e9moignages place Bellecour \u00e0 11h30. Sylvain, salari\u00e9 gr\u00e9viste pour la premi\u00e8re fois dans son entreprise :<\/p>\n<div id=\"mp3jWrap_0\" class=\"mjp-s-wrapper s-graphic unsel-mjp \" style=\"font-size:18px;\"><span id=\"playpause_wrap_mp3j_0\" class=\"wrap_inline_mp3j\" style=\"font-weight:700;\"><span class=\"gfxbutton_mp3j play-mjp\" id=\"playpause_mp3j_0\" style=\"font-size:18px;\">&nbsp;&nbsp;&nbsp;&nbsp;&nbsp;<\/span>&nbsp;<span class=\"group_wrap\"><span class=\"bars_mp3j\"><span class=\"loadB_mp3j\" id=\"load_mp3j_0\"><\/span><span class=\"posbarB_mp3j\" id=\"posbar_mp3j_0\"><\/span><\/span><span class=\"T_mp3j\" id=\"T_mp3j_0\" style=\"font-size:18px;\">audio_greve5fev_sylvain<\/span><span class=\"indi_mp3j\" style=\"font-size:12.6px;\" id=\"statusMI_0\"><\/span><\/span><span class=\"vol_mp3j flipped\" id=\"vol_mp3j_0\"><\/span><\/span><\/div><span class=\"s-nosolution\" id=\"mp3j_nosolution_0\" style=\"display:none;\"><\/span><script>\nMP3jPLAYLISTS.inline_0 = [\n\t{ name: \"audio_greve5fev_sylvain\", formats: [\"mp3\"], mp3: \"aHR0cHM6Ly9seW9uYm9uZHlibG9nLmZyL0xCQi93cC1jb250ZW50L3VwbG9hZHMvMjAxOS8wMi9hdWRpb19ncmV2ZTVmZXZfc3lsdmFpbi5tcDM=\", counterpart:\"\", artist: \"\", image: \"\", imgurl: \"\" }\n];\n<\/script>\n\n<script>MP3jPLAYERS[0] = { list: MP3jPLAYLISTS.inline_0, tr:0, type:'single', lstate:'', loop:false, play_txt:'&nbsp;&nbsp;&nbsp;&nbsp;&nbsp;', pause_txt:'&nbsp;&nbsp;&nbsp;&nbsp;&nbsp;', pp_title:'', autoplay:false, download:false, vol:85, height:'' };<\/script>\n<p>Monique, retrait\u00e9e :<\/p>\n<div id=\"mp3jWrap_1\" class=\"mjp-s-wrapper s-graphic unsel-mjp \" style=\"font-size:18px;\"><span id=\"playpause_wrap_mp3j_1\" class=\"wrap_inline_mp3j\" style=\"font-weight:700;\"><span class=\"gfxbutton_mp3j play-mjp\" id=\"playpause_mp3j_1\" style=\"font-size:18px;\">&nbsp;&nbsp;&nbsp;&nbsp;&nbsp;<\/span>&nbsp;<span class=\"group_wrap\"><span class=\"bars_mp3j\"><span class=\"loadB_mp3j\" id=\"load_mp3j_1\"><\/span><span class=\"posbarB_mp3j\" id=\"posbar_mp3j_1\"><\/span><\/span><span class=\"T_mp3j\" id=\"T_mp3j_1\" style=\"font-size:18px;\">audio_greve5fev_monique<\/span><span class=\"indi_mp3j\" style=\"font-size:12.6px;\" id=\"statusMI_1\"><\/span><\/span><span class=\"vol_mp3j flipped\" id=\"vol_mp3j_1\"><\/span><\/span><\/div><span class=\"s-nosolution\" id=\"mp3j_nosolution_1\" style=\"display:none;\"><\/span><script>\nMP3jPLAYLISTS.inline_1 = [\n\t{ name: \"audio_greve5fev_monique\", formats: [\"mp3\"], mp3: \"aHR0cHM6Ly9seW9uYm9uZHlibG9nLmZyL0xCQi93cC1jb250ZW50L3VwbG9hZHMvMjAxOS8wMi9hdWRpb19ncmV2ZTVmZXZfbW9uaXF1ZS5tcDM=\", counterpart:\"\", artist: \"\", image: \"\", imgurl: \"\" }\n];\n<\/script>\n\n<script>MP3jPLAYERS[1] = { list: MP3jPLAYLISTS.inline_1, tr:0, type:'single', lstate:'', loop:false, play_txt:'&nbsp;&nbsp;&nbsp;&nbsp;&nbsp;', pause_txt:'&nbsp;&nbsp;&nbsp;&nbsp;&nbsp;', pp_title:'', autoplay:false, download:false, vol:85, height:'' };<\/script>\n<p>Daniel, militant \u00e0 la CGT et Lutte Ouvri\u00e8re :<\/p>\n<div id=\"mp3jWrap_2\" class=\"mjp-s-wrapper s-graphic unsel-mjp \" style=\"font-size:18px;\"><span id=\"playpause_wrap_mp3j_2\" class=\"wrap_inline_mp3j\" style=\"font-weight:700;\"><span class=\"gfxbutton_mp3j play-mjp\" id=\"playpause_mp3j_2\" style=\"font-size:18px;\">&nbsp;&nbsp;&nbsp;&nbsp;&nbsp;<\/span>&nbsp;<span class=\"group_wrap\"><span class=\"bars_mp3j\"><span class=\"loadB_mp3j\" id=\"load_mp3j_2\"><\/span><span class=\"posbarB_mp3j\" id=\"posbar_mp3j_2\"><\/span><\/span><span class=\"T_mp3j\" id=\"T_mp3j_2\" style=\"font-size:18px;\">audio_greve5fev_daniel<\/span><span class=\"indi_mp3j\" style=\"font-size:12.6px;\" id=\"statusMI_2\"><\/span><\/span><span class=\"vol_mp3j flipped\" id=\"vol_mp3j_2\"><\/span><\/span><\/div><span class=\"s-nosolution\" id=\"mp3j_nosolution_2\" style=\"display:none;\"><\/span><script>\nMP3jPLAYLISTS.inline_2 = [\n\t{ name: \"audio_greve5fev_daniel\", formats: [\"mp3\"], mp3: \"aHR0cHM6Ly9seW9uYm9uZHlibG9nLmZyL0xCQi93cC1jb250ZW50L3VwbG9hZHMvMjAxOS8wMi9hdWRpb19ncmV2ZTVmZXZfZGFuaWVsLm1wMw==\", counterpart:\"\", artist: \"\", image: \"\", imgurl: \"\" }\n];\n<\/script>\n\n<script>MP3jPLAYERS[2] = { list: MP3jPLAYLISTS.inline_2, tr:0, type:'single', lstate:'', loop:false, play_txt:'&nbsp;&nbsp;&nbsp;&nbsp;&nbsp;', pause_txt:'&nbsp;&nbsp;&nbsp;&nbsp;&nbsp;', pp_title:'', autoplay:false, download:false, vol:85, height:'' };<\/script>\n<figure id=\"attachment_15119\" aria-describedby=\"caption-attachment-15119\" style=\"width: 1024px\" class=\"wp-caption aligncenter\"><a href=\"https:\/\/lyonbondyblog.fr\/LBB\/wp-content\/uploads\/2019\/02\/photo_bellecour.jpg\"><img loading=\"lazy\" decoding=\"async\" class=\"size-large wp-image-15119\" src=\"https:\/\/lyonbondyblog.fr\/LBB\/wp-content\/uploads\/2019\/02\/photo_bellecour-1024x576.jpg\" alt=\"\" width=\"1024\" height=\"576\" srcset=\"https:\/\/lyonbondyblog.fr\/LBB\/wp-content\/uploads\/2019\/02\/photo_bellecour-1024x576.jpg 1024w, https:\/\/lyonbondyblog.fr\/LBB\/wp-content\/uploads\/2019\/02\/photo_bellecour-300x169.jpg 300w, https:\/\/lyonbondyblog.fr\/LBB\/wp-content\/uploads\/2019\/02\/photo_bellecour-768x432.jpg 768w, https:\/\/lyonbondyblog.fr\/LBB\/wp-content\/uploads\/2019\/02\/photo_bellecour-600x338.jpg 600w, https:\/\/lyonbondyblog.fr\/LBB\/wp-content\/uploads\/2019\/02\/photo_bellecour-1140x641.jpg 1140w, https:\/\/lyonbondyblog.fr\/LBB\/wp-content\/uploads\/2019\/02\/photo_bellecour.jpg 1280w\" sizes=\"auto, (max-width: 1024px) 100vw, 1024px\" \/><\/a><figcaption id=\"caption-attachment-15119\" class=\"wp-caption-text\">La manifestation a d\u00e9marr\u00e9 place Bellecour. Cr\u00e9dit photo : Camille Rouet \/ Lyon Bondy Blog<\/figcaption><\/figure>\n<!-- AddThis Advanced Settings generic via filter on the_content --><!-- AddThis Share Buttons generic via filter on the_content -->","protected":false},"excerpt":{"rendered":"<p>Les Lyonnais ont bien r\u00e9pondu aux appels\u00a0\u00e0 la gr\u00e8ve g\u00e9n\u00e9rale et nationale des syndicats de la fonction publique et du priv\u00e9 (notamment, CGT, FSU, Solidaires, &hellip; <!-- AddThis Advanced Settings generic via filter on wp_trim_excerpt --><!-- AddThis Share Buttons generic via filter on wp_trim_excerpt --><\/p>\n","protected":false},"author":8901,"featured_media":15119,"comment_status":"open","ping_status":"open","sticky":false,"template":"","format":"standard","meta":{"_FSMCFIC_featured_image_caption":"","_FSMCFIC_featured_image_nocaption":"","_FSMCFIC_featured_image_hide":"","footnotes":""},"categories":[4,6447,6],"tags":[6807,6806,2475,847],"class_list":["post-15115","post","type-post","status-publish","format-standard","has-post-thumbnail","hentry","category-lyon","category-manifestations","category-politique","tag-cgt","tag-gilets-jaunes","tag-greve","tag-manifestation"],"yoast_head":"<!-- This site is optimized with the Yoast SEO plugin v22.8 - https:\/\/yoast.com\/wordpress\/plugins\/seo\/ -->\n<title>Gr\u00e8ve nationale avec les Gilets Jaunes - Lyon Bondy Blog<\/title>\n<meta name=\"description\" content=\"Les Lyonnais ont bien r\u00e9pondu aux appels\u00a0\u00e0 la gr\u00e8ve g\u00e9n\u00e9rale et nationale des syndicats de la fonction publique et du priv\u00e9.\" \/>\n<meta name=\"robots\" content=\"index, follow, max-snippet:-1, max-image-preview:large, max-video-preview:-1\" \/>\n<link rel=\"canonical\" href=\"https:\/\/lyonbondyblog.fr\/LBB\/greve-nationale-avec-les-gilets-jaunes\/\" \/>\n<meta property=\"og:locale\" content=\"fr_FR\" \/>\n<meta property=\"og:type\" content=\"article\" \/>\n<meta property=\"og:title\" content=\"Gr\u00e8ve nationale avec les Gilets Jaunes - Lyon Bondy Blog\" \/>\n<meta property=\"og:description\" content=\"Les Lyonnais ont bien r\u00e9pondu aux appels\u00a0\u00e0 la gr\u00e8ve g\u00e9n\u00e9rale et nationale des syndicats de la fonction publique et du priv\u00e9.\" \/>\n<meta property=\"og:url\" content=\"https:\/\/lyonbondyblog.fr\/LBB\/greve-nationale-avec-les-gilets-jaunes\/\" \/>\n<meta property=\"og:site_name\" content=\"Lyon Bondy Blog\" \/>\n<meta property=\"article:publisher\" content=\"https:\/\/www.facebook.com\/lyonbondyblog\" \/>\n<meta property=\"article:published_time\" content=\"2019-02-05T14:53:17+00:00\" \/>\n<meta property=\"article:modified_time\" content=\"2019-02-05T15:10:49+00:00\" \/>\n<meta property=\"og:image\" content=\"https:\/\/lyonbondyblog.fr\/LBB\/wp-content\/uploads\/2019\/02\/photo_bellecour.jpg\" \/>\n\t<meta property=\"og:image:width\" content=\"1280\" \/>\n\t<meta property=\"og:image:height\" content=\"720\" \/>\n\t<meta property=\"og:image:type\" content=\"image\/jpeg\" \/>\n<meta name=\"author\" content=\"Camille Rouet\" \/>\n<meta name=\"twitter:card\" content=\"summary_large_image\" \/>\n<meta name=\"twitter:creator\" content=\"@bondybloglyon\" \/>\n<meta name=\"twitter:site\" content=\"@bondybloglyon\" \/>\n<script type=\"application\/ld+json\" class=\"yoast-schema-graph\">{\"@context\":\"https:\/\/schema.org\",\"@graph\":[{\"@type\":\"Article\",\"@id\":\"https:\/\/lyonbondyblog.fr\/LBB\/greve-nationale-avec-les-gilets-jaunes\/#article\",\"isPartOf\":{\"@id\":\"https:\/\/lyonbondyblog.fr\/LBB\/greve-nationale-avec-les-gilets-jaunes\/\"},\"author\":{\"name\":\"Camille Rouet\",\"@id\":\"https:\/\/lyonbondyblog.fr\/LBB\/#\/schema\/person\/135a5949d1de93ea3de6a2dffe317bcc\"},\"headline\":\"Gr\u00e8ve nationale avec les Gilets Jaunes\",\"datePublished\":\"2019-02-05T14:53:17+00:00\",\"dateModified\":\"2019-02-05T15:10:49+00:00\",\"mainEntityOfPage\":{\"@id\":\"https:\/\/lyonbondyblog.fr\/LBB\/greve-nationale-avec-les-gilets-jaunes\/\"},\"wordCount\":205,\"commentCount\":1,\"publisher\":{\"@id\":\"https:\/\/lyonbondyblog.fr\/LBB\/#organization\"},\"image\":{\"@id\":\"https:\/\/lyonbondyblog.fr\/LBB\/greve-nationale-avec-les-gilets-jaunes\/#primaryimage\"},\"thumbnailUrl\":\"https:\/\/lyonbondyblog.fr\/LBB\/wp-content\/uploads\/2019\/02\/photo_bellecour.jpg\",\"keywords\":[\"CGT\",\"Gilets Jaunes\",\"Gr\u00e8ve\",\"manifestation\"],\"articleSection\":[\"Lyon\",\"Manifestations\",\"Politique\"],\"inLanguage\":\"fr-FR\",\"potentialAction\":[{\"@type\":\"CommentAction\",\"name\":\"Comment\",\"target\":[\"https:\/\/lyonbondyblog.fr\/LBB\/greve-nationale-avec-les-gilets-jaunes\/#respond\"]}]},{\"@type\":\"WebPage\",\"@id\":\"https:\/\/lyonbondyblog.fr\/LBB\/greve-nationale-avec-les-gilets-jaunes\/\",\"url\":\"https:\/\/lyonbondyblog.fr\/LBB\/greve-nationale-avec-les-gilets-jaunes\/\",\"name\":\"Gr\u00e8ve nationale avec les Gilets Jaunes - Lyon Bondy Blog\",\"isPartOf\":{\"@id\":\"https:\/\/lyonbondyblog.fr\/LBB\/#website\"},\"primaryImageOfPage\":{\"@id\":\"https:\/\/lyonbondyblog.fr\/LBB\/greve-nationale-avec-les-gilets-jaunes\/#primaryimage\"},\"image\":{\"@id\":\"https:\/\/lyonbondyblog.fr\/LBB\/greve-nationale-avec-les-gilets-jaunes\/#primaryimage\"},\"thumbnailUrl\":\"https:\/\/lyonbondyblog.fr\/LBB\/wp-content\/uploads\/2019\/02\/photo_bellecour.jpg\",\"datePublished\":\"2019-02-05T14:53:17+00:00\",\"dateModified\":\"2019-02-05T15:10:49+00:00\",\"description\":\"Les Lyonnais ont bien r\u00e9pondu aux appels\u00a0\u00e0 la gr\u00e8ve g\u00e9n\u00e9rale et nationale des syndicats de la fonction publique et du priv\u00e9.\",\"inLanguage\":\"fr-FR\",\"potentialAction\":[{\"@type\":\"ReadAction\",\"target\":[\"https:\/\/lyonbondyblog.fr\/LBB\/greve-nationale-avec-les-gilets-jaunes\/\"]}]},{\"@type\":\"ImageObject\",\"inLanguage\":\"fr-FR\",\"@id\":\"https:\/\/lyonbondyblog.fr\/LBB\/greve-nationale-avec-les-gilets-jaunes\/#primaryimage\",\"url\":\"https:\/\/lyonbondyblog.fr\/LBB\/wp-content\/uploads\/2019\/02\/photo_bellecour.jpg\",\"contentUrl\":\"https:\/\/lyonbondyblog.fr\/LBB\/wp-content\/uploads\/2019\/02\/photo_bellecour.jpg\",\"width\":1280,\"height\":720,\"caption\":\"La manifestation a d\u00e9marr\u00e9 place Bellecour. Cr\u00e9dit photo : Camille Rouet \/ Lyon Bondy Blog\"},{\"@type\":\"WebSite\",\"@id\":\"https:\/\/lyonbondyblog.fr\/LBB\/#website\",\"url\":\"https:\/\/lyonbondyblog.fr\/LBB\/\",\"name\":\"Lyon Bondy Blog\",\"description\":\"\",\"publisher\":{\"@id\":\"https:\/\/lyonbondyblog.fr\/LBB\/#organization\"},\"potentialAction\":[{\"@type\":\"SearchAction\",\"target\":{\"@type\":\"EntryPoint\",\"urlTemplate\":\"https:\/\/lyonbondyblog.fr\/LBB\/?s={search_term_string}\"},\"query-input\":\"required name=search_term_string\"}],\"inLanguage\":\"fr-FR\"},{\"@type\":\"Organization\",\"@id\":\"https:\/\/lyonbondyblog.fr\/LBB\/#organization\",\"name\":\"LYON BONDY BLOG\",\"url\":\"https:\/\/lyonbondyblog.fr\/LBB\/\",\"logo\":{\"@type\":\"ImageObject\",\"inLanguage\":\"fr-FR\",\"@id\":\"https:\/\/lyonbondyblog.fr\/LBB\/#\/schema\/logo\/image\/\",\"url\":\"http:\/\/lyonbondyblog.fr\/LBB\/wp-content\/uploads\/2014\/10\/logo-portable-144.png\",\"contentUrl\":\"http:\/\/lyonbondyblog.fr\/LBB\/wp-content\/uploads\/2014\/10\/logo-portable-144.png\",\"width\":144,\"height\":123,\"caption\":\"LYON BONDY BLOG\"},\"image\":{\"@id\":\"https:\/\/lyonbondyblog.fr\/LBB\/#\/schema\/logo\/image\/\"},\"sameAs\":[\"https:\/\/www.facebook.com\/lyonbondyblog\",\"https:\/\/x.com\/bondybloglyon\"]},{\"@type\":\"Person\",\"@id\":\"https:\/\/lyonbondyblog.fr\/LBB\/#\/schema\/person\/135a5949d1de93ea3de6a2dffe317bcc\",\"name\":\"Camille Rouet\",\"description\":\"En exp\u00e9dition journalistique au sein du Lyon Bondy Blog. Cor\u00e9alisateur du web-documentaire \\\"Ing\u00e9nieur Pour Demain\\\".\",\"url\":\"https:\/\/lyonbondyblog.fr\/LBB\/author\/camille_rouet\/\"}]}<\/script>\n<!-- \/ Yoast SEO plugin. -->","yoast_head_json":{"title":"Gr\u00e8ve nationale avec les Gilets Jaunes - Lyon Bondy Blog","description":"Les Lyonnais ont bien r\u00e9pondu aux appels\u00a0\u00e0 la gr\u00e8ve g\u00e9n\u00e9rale et nationale des syndicats de la fonction publique et du priv\u00e9.","robots":{"index":"index","follow":"follow","max-snippet":"max-snippet:-1","max-image-preview":"max-image-preview:large","max-video-preview":"max-video-preview:-1"},"canonical":"https:\/\/lyonbondyblog.fr\/LBB\/greve-nationale-avec-les-gilets-jaunes\/","og_locale":"fr_FR","og_type":"article","og_title":"Gr\u00e8ve nationale avec les Gilets Jaunes - Lyon Bondy Blog","og_description":"Les Lyonnais ont bien r\u00e9pondu aux appels\u00a0\u00e0 la gr\u00e8ve g\u00e9n\u00e9rale et nationale des syndicats de la fonction publique et du priv\u00e9.","og_url":"https:\/\/lyonbondyblog.fr\/LBB\/greve-nationale-avec-les-gilets-jaunes\/","og_site_name":"Lyon Bondy Blog","article_publisher":"https:\/\/www.facebook.com\/lyonbondyblog","article_published_time":"2019-02-05T14:53:17+00:00","article_modified_time":"2019-02-05T15:10:49+00:00","og_image":[{"width":1280,"height":720,"url":"https:\/\/lyonbondyblog.fr\/LBB\/wp-content\/uploads\/2019\/02\/photo_bellecour.jpg","type":"image\/jpeg"}],"author":"Camille Rouet","twitter_card":"summary_large_image","twitter_creator":"@bondybloglyon","twitter_site":"@bondybloglyon","schema":{"@context":"https:\/\/schema.org","@graph":[{"@type":"Article","@id":"https:\/\/lyonbondyblog.fr\/LBB\/greve-nationale-avec-les-gilets-jaunes\/#article","isPartOf":{"@id":"https:\/\/lyonbondyblog.fr\/LBB\/greve-nationale-avec-les-gilets-jaunes\/"},"author":{"name":"Camille Rouet","@id":"https:\/\/lyonbondyblog.fr\/LBB\/#\/schema\/person\/135a5949d1de93ea3de6a2dffe317bcc"},"headline":"Gr\u00e8ve nationale avec les Gilets Jaunes","datePublished":"2019-02-05T14:53:17+00:00","dateModified":"2019-02-05T15:10:49+00:00","mainEntityOfPage":{"@id":"https:\/\/lyonbondyblog.fr\/LBB\/greve-nationale-avec-les-gilets-jaunes\/"},"wordCount":205,"commentCount":1,"publisher":{"@id":"https:\/\/lyonbondyblog.fr\/LBB\/#organization"},"image":{"@id":"https:\/\/lyonbondyblog.fr\/LBB\/greve-nationale-avec-les-gilets-jaunes\/#primaryimage"},"thumbnailUrl":"https:\/\/lyonbondyblog.fr\/LBB\/wp-content\/uploads\/2019\/02\/photo_bellecour.jpg","keywords":["CGT","Gilets Jaunes","Gr\u00e8ve","manifestation"],"articleSection":["Lyon","Manifestations","Politique"],"inLanguage":"fr-FR","potentialAction":[{"@type":"CommentAction","name":"Comment","target":["https:\/\/lyonbondyblog.fr\/LBB\/greve-nationale-avec-les-gilets-jaunes\/#respond"]}]},{"@type":"WebPage","@id":"https:\/\/lyonbondyblog.fr\/LBB\/greve-nationale-avec-les-gilets-jaunes\/","url":"https:\/\/lyonbondyblog.fr\/LBB\/greve-nationale-avec-les-gilets-jaunes\/","name":"Gr\u00e8ve nationale avec les Gilets Jaunes - Lyon Bondy Blog","isPartOf":{"@id":"https:\/\/lyonbondyblog.fr\/LBB\/#website"},"primaryImageOfPage":{"@id":"https:\/\/lyonbondyblog.fr\/LBB\/greve-nationale-avec-les-gilets-jaunes\/#primaryimage"},"image":{"@id":"https:\/\/lyonbondyblog.fr\/LBB\/greve-nationale-avec-les-gilets-jaunes\/#primaryimage"},"thumbnailUrl":"https:\/\/lyonbondyblog.fr\/LBB\/wp-content\/uploads\/2019\/02\/photo_bellecour.jpg","datePublished":"2019-02-05T14:53:17+00:00","dateModified":"2019-02-05T15:10:49+00:00","description":"Les Lyonnais ont bien r\u00e9pondu aux appels\u00a0\u00e0 la gr\u00e8ve g\u00e9n\u00e9rale et nationale des syndicats de la fonction publique et du priv\u00e9.","inLanguage":"fr-FR","potentialAction":[{"@type":"ReadAction","target":["https:\/\/lyonbondyblog.fr\/LBB\/greve-nationale-avec-les-gilets-jaunes\/"]}]},{"@type":"ImageObject","inLanguage":"fr-FR","@id":"https:\/\/lyonbondyblog.fr\/LBB\/greve-nationale-avec-les-gilets-jaunes\/#primaryimage","url":"https:\/\/lyonbondyblog.fr\/LBB\/wp-content\/uploads\/2019\/02\/photo_bellecour.jpg","contentUrl":"https:\/\/lyonbondyblog.fr\/LBB\/wp-content\/uploads\/2019\/02\/photo_bellecour.jpg","width":1280,"height":720,"caption":"La manifestation a d\u00e9marr\u00e9 place Bellecour. Cr\u00e9dit photo : Camille Rouet \/ Lyon Bondy Blog"},{"@type":"WebSite","@id":"https:\/\/lyonbondyblog.fr\/LBB\/#website","url":"https:\/\/lyonbondyblog.fr\/LBB\/","name":"Lyon Bondy Blog","description":"","publisher":{"@id":"https:\/\/lyonbondyblog.fr\/LBB\/#organization"},"potentialAction":[{"@type":"SearchAction","target":{"@type":"EntryPoint","urlTemplate":"https:\/\/lyonbondyblog.fr\/LBB\/?s={search_term_string}"},"query-input":"required name=search_term_string"}],"inLanguage":"fr-FR"},{"@type":"Organization","@id":"https:\/\/lyonbondyblog.fr\/LBB\/#organization","name":"LYON BONDY BLOG","url":"https:\/\/lyonbondyblog.fr\/LBB\/","logo":{"@type":"ImageObject","inLanguage":"fr-FR","@id":"https:\/\/lyonbondyblog.fr\/LBB\/#\/schema\/logo\/image\/","url":"http:\/\/lyonbondyblog.fr\/LBB\/wp-content\/uploads\/2014\/10\/logo-portable-144.png","contentUrl":"http:\/\/lyonbondyblog.fr\/LBB\/wp-content\/uploads\/2014\/10\/logo-portable-144.png","width":144,"height":123,"caption":"LYON BONDY BLOG"},"image":{"@id":"https:\/\/lyonbondyblog.fr\/LBB\/#\/schema\/logo\/image\/"},"sameAs":["https:\/\/www.facebook.com\/lyonbondyblog","https:\/\/x.com\/bondybloglyon"]},{"@type":"Person","@id":"https:\/\/lyonbondyblog.fr\/LBB\/#\/schema\/person\/135a5949d1de93ea3de6a2dffe317bcc","name":"Camille Rouet","description":"En exp\u00e9dition journalistique au sein du Lyon Bondy Blog. Cor\u00e9alisateur du web-documentaire \"Ing\u00e9nieur Pour Demain\".","url":"https:\/\/lyonbondyblog.fr\/LBB\/author\/camille_rouet\/"}]}},"_links":{"self":[{"href":"https:\/\/lyonbondyblog.fr\/LBB\/wp-json\/wp\/v2\/posts\/15115","targetHints":{"allow":["GET"]}}],"collection":[{"href":"https:\/\/lyonbondyblog.fr\/LBB\/wp-json\/wp\/v2\/posts"}],"about":[{"href":"https:\/\/lyonbondyblog.fr\/LBB\/wp-json\/wp\/v2\/types\/post"}],"author":[{"embeddable":true,"href":"https:\/\/lyonbondyblog.fr\/LBB\/wp-json\/wp\/v2\/users\/8901"}],"replies":[{"embeddable":true,"href":"https:\/\/lyonbondyblog.fr\/LBB\/wp-json\/wp\/v2\/comments?post=15115"}],"version-history":[{"count":7,"href":"https:\/\/lyonbondyblog.fr\/LBB\/wp-json\/wp\/v2\/posts\/15115\/revisions"}],"predecessor-version":[{"id":15129,"href":"https:\/\/lyonbondyblog.fr\/LBB\/wp-json\/wp\/v2\/posts\/15115\/revisions\/15129"}],"wp:featuredmedia":[{"embeddable":true,"href":"https:\/\/lyonbondyblog.fr\/LBB\/wp-json\/wp\/v2\/media\/15119"}],"wp:attachment":[{"href":"https:\/\/lyonbondyblog.fr\/LBB\/wp-json\/wp\/v2\/media?parent=15115"}],"wp:term":[{"taxonomy":"category","embeddable":true,"href":"https:\/\/lyonbondyblog.fr\/LBB\/wp-json\/wp\/v2\/categories?post=15115"},{"taxonomy":"post_tag","embeddable":true,"href":"https:\/\/lyonbondyblog.fr\/LBB\/wp-json\/wp\/v2\/tags?post=15115"}],"curies":[{"name":"wp","href":"https:\/\/api.w.org\/{rel}","templated":true}]}}