{"id":1506,"date":"2012-02-25T15:40:01","date_gmt":"2012-02-25T14:40:01","guid":{"rendered":"http:\/\/lyonbondyblog.fr\/LBB\/?p=1506"},"modified":"2013-07-25T16:02:17","modified_gmt":"2013-07-25T14:02:17","slug":"les-civilisations-et-les-idees-monsieur-gueant-soyez-le-bienvenu-a-sidi-bouzid","status":"publish","type":"post","link":"https:\/\/lyonbondyblog.fr\/LBB\/les-civilisations-et-les-idees-monsieur-gueant-soyez-le-bienvenu-a-sidi-bouzid\/","title":{"rendered":"Les \u00a0\u00bbcivilisations\u00a0\u00bb et les id\u00e9es, Monsieur Gu\u00e9ant, soyez le bienvenu \u00e0 Sidi Bouzid"},"content":{"rendered":"<p><strong>Rafika, bloggeuse du Tunisie Bondy Blog, nous livre ses impressions et r\u00e9flexions vis \u00e0 vis des derni\u00e8res d\u00e9clarations du gouvernement fran\u00e7ais, vu de Sidi Bouzid.<\/strong><\/p>\n<div><a title=\" -- Cliquez pour voir l'image en entier\" href=\"http:\/\/yahoo.lyon.bondyblog.fr\/images\/IMG_8003.jpg\" target=\"_blank\"> <img decoding=\"async\" alt=\" -- Cliquez pour voir l'image en entier\" src=\"http:\/\/yahoo.lyon.bondyblog.fr\/images\/IMG_8003_t.jpg\" border=\"0\" \/> <\/a><\/div>\n<div><\/div>\n<p>Affligeante. La politique fran\u00e7aise est affligeante.<br \/>\nC\u00f4t\u00e9 sud de la M\u00e9diterran\u00e9e, des peuples qui se sont soulev\u00e9s contre l\u2019oppression et pour la dignit\u00e9 humaine. C\u00f4t\u00e9 nord, des peuples qui ont fait leur r\u00e9volution voil\u00e0 quelques si\u00e8cles, se retrouvant avec des gouvernements \u00e9lus par une partie de la population et qui font aujourd\u2019hui r\u00e9f\u00e9rence \u00e0 un syst\u00e8me de valeur et de pens\u00e9e vieux lui aussi de quelques si\u00e8cles.<\/p>\n<p>Ce d\u00e9bat sur les civilisations faisant tout droit r\u00e9f\u00e9rence au \u00abchoc des civilisations\u00bb de S. Huntington est une r\u00e9gression. Cela n\u2019a rien de nouveau\u00a0: d\u00e9j\u00e0 en 1550, \u00e0 Valladolid en Espagne, un pr\u00eatre courageux du nom de Bartholom\u00e9e de Las Casas avait r\u00e9ussi \u00e0 \u00ab\u00a0prouver\u00a0\u00bb que les Indiens d\u2019Am\u00e9rique avaient une \u00e2me. De ce fait, plut\u00f4t que de les tuer, ils valaient mieux les convertir au christianisme, d\u2019o\u00f9 la \u00ab\u00a0mission civilisatrice\u00a0\u00bb dont se sont auto-investit les Europ\u00e9ens \u00e0 cette \u00e9poque. Concept qui a fait fureur durant des si\u00e8cles, justifiant par l\u00e0 m\u00eame la colonisation et l\u2019esclavage.<\/p>\n<p>C\u2019est bien parce que des hommes pensaient avoir un sentiment de domination naturelle sur les autres peuples que de tels crimes contre le genre humain ont pu \u00eatre commis et comment quelques pays europ\u00e9ens ont domin\u00e9 politiquement et \u00e9conomiquement l\u2019immense majorit\u00e9 de l\u2019humanit\u00e9. Cr\u00e9ant ainsi un traumatisme, un sentiment d\u2019ali\u00e9nation de sa propre identit\u00e9, qui depuis a \u00e9t\u00e9 transmise de g\u00e9n\u00e9ration en g\u00e9n\u00e9ration aux peuples longtemps opprim\u00e9s. Avec le temps et surtout par le recours \u00e0 la force, ces m\u00eames peuples domin\u00e9s ont mis fin au sentiment d\u2019ethnocentrisme (id\u00e9e qu\u2019il existe une civilisation de r\u00e9f\u00e9rence) au nom des valeurs des Lumi\u00e8res qui leur \u00e9taient enseign\u00e9es \u00e0 l\u2019\u00e9cole mais dont ils ne voyaient pas l\u2019ombre dans la pratique.<\/p>\n<p>Alors ironie de l\u2019Histoire\u00a0? Dans une p\u00e9riode o\u00f9 au nom de la libert\u00e9 et de la justice sociale, des individus, des jeunes en majorit\u00e9, pauvres et sans espoir ont donn\u00e9 une le\u00e7on de courage aux \u00e9lites politiques du nord qui elles, g\u00e9rontophiles, issues de classes ais\u00e9es (il n\u2019y a plus en France de d\u00e9put\u00e9 issu de classe populaire depuis 2010) restent incapables de r\u00e9pondre aux besoins les plus primaires de l\u2019individu\u00a0: le droit de manger \u00e0 sa faim, d\u2019avoir une \u00e9ducation et la chance de subvenir dignement \u00e0 ses besoins.<\/p>\n<p>Alors oui, Monsieur Gu\u00e9ant \u00e0 peut-\u00eatre raison. Toutes les civilisations ne se valent pas. Des jeunes qui n\u2019avaient rien, qui n\u2019\u00e9taient rien et que l\u2019ont taxait trop facilement de terroristes barbus ont donn\u00e9 une le\u00e7on de courage au monde entier.<\/p>\n<p>J\u2019ai la chance d\u2019\u00e9voluer dans une soci\u00e9t\u00e9 qui est en train de faire sa r\u00e9volution, avec des gens qui donnent tout leur sens aux termes de solidarit\u00e9, d\u2019engagement, portant au plus haut les valeurs inh\u00e9rentes \u00e0 la dignit\u00e9 humaine. Loin des discours autour de ces m\u00eames valeurs galvaud\u00e9es par des politiques qui n\u2019ont en t\u00eate que la conqu\u00eate et le maintien au pouvoir, ces \u00e9l\u00e8ves de Machiavel qui ont vid\u00e9 de leur substance les valeurs qui ont fait la r\u00e9volution tunisienne.<\/p>\n<p>Ce qui me fait r\u00e9agir aussi vivement\u00a0? C\u2019est sans doute le d\u00e9calage entre la vie ici o\u00f9 des gens au quotidien modeste tentent d\u2019apprivoiser ce r\u00eave qu\u2019ont fait un jour les peuples europ\u00e9ens et qui s\u2019appelle la d\u00e9mocratie. Comment peut-on tenir des discours aussi vieux que le colonialisme et que l\u2019Histoire a mis en \u00e9chec\u00a0?<\/p>\n<p>Les Fran\u00e7ais sont-ils aussi stupides que cela Monsieur Gu\u00e9ant\u00a0? Ne voient-ils pas dans vos tentatives m\u00eame de faire votre des valeurs, dont vos actes et vos paroles entrent tellement en contradiction, une tentative d\u00e9sesp\u00e9r\u00e9e pour vous maintenir au pouvoir\u00a0?<br \/>\nOn dit que l\u2019homme n\u2019a pas de m\u00e9moire. Qu\u2019il est condamn\u00e9 \u00e0 r\u00e9p\u00e9ter les m\u00eames fautes et \u00e0 tomber dans les m\u00eames travers. Alors esp\u00e9rons que pour ces prochaines pr\u00e9sidentielles, les Fran\u00e7ais se souviennent des frasques des \u00e9lites politiques qui nous ont gouvern\u00e9es depuis maintenant cinq ans et ne commettent pas la m\u00eame erreur.<\/p>\n<p style=\"text-align: right;\"><span style=\"text-decoration: underline;\">Rafika Bendermel<\/span><\/p>\n<!-- AddThis Advanced Settings generic via filter on the_content --><!-- AddThis Share Buttons generic via filter on the_content -->","protected":false},"excerpt":{"rendered":"<p>Rafika, bloggeuse du Tunisie Bondy Blog, nous livre ses impressions et r\u00e9flexions vis \u00e0 vis des derni\u00e8res d\u00e9clarations du gouvernement fran\u00e7ais, vu de Sidi Bouzid. &hellip; <!-- AddThis Advanced Settings generic via filter on wp_trim_excerpt --><!-- AddThis Share Buttons generic via filter on wp_trim_excerpt --><\/p>\n","protected":false},"author":1,"featured_media":1510,"comment_status":"open","ping_status":"open","sticky":false,"template":"","format":"standard","meta":{"_FSMCFIC_featured_image_caption":"","_FSMCFIC_featured_image_nocaption":"","_FSMCFIC_featured_image_hide":"","footnotes":""},"categories":[9],"tags":[10,112],"class_list":["post-1506","post","type-post","status-publish","format-standard","has-post-thumbnail","hentry","category-international","tag-lyon-2","tag-lyon-bondy-blog"],"yoast_head":"<!-- This site is optimized with the Yoast SEO plugin v22.8 - https:\/\/yoast.com\/wordpress\/plugins\/seo\/ -->\n<title>Les &#039;&#039;civilisations&#039;&#039; et les id\u00e9es, Monsieur Gu\u00e9ant, soyez le bienvenu \u00e0 Sidi Bouzid - Lyon Bondy Blog<\/title>\n<meta name=\"robots\" content=\"index, follow, max-snippet:-1, max-image-preview:large, max-video-preview:-1\" \/>\n<link rel=\"canonical\" href=\"https:\/\/lyonbondyblog.fr\/LBB\/les-civilisations-et-les-idees-monsieur-gueant-soyez-le-bienvenu-a-sidi-bouzid\/\" \/>\n<meta property=\"og:locale\" content=\"fr_FR\" \/>\n<meta property=\"og:type\" content=\"article\" \/>\n<meta property=\"og:title\" content=\"Les &#039;&#039;civilisations&#039;&#039; et les id\u00e9es, Monsieur Gu\u00e9ant, soyez le bienvenu \u00e0 Sidi Bouzid - Lyon Bondy Blog\" \/>\n<meta property=\"og:description\" content=\"Rafika, bloggeuse du Tunisie Bondy Blog, nous livre ses impressions et r\u00e9flexions vis \u00e0 vis des derni\u00e8res d\u00e9clarations du gouvernement fran\u00e7ais, vu de Sidi Bouzid. &hellip;\" \/>\n<meta property=\"og:url\" content=\"https:\/\/lyonbondyblog.fr\/LBB\/les-civilisations-et-les-idees-monsieur-gueant-soyez-le-bienvenu-a-sidi-bouzid\/\" \/>\n<meta property=\"og:site_name\" content=\"Lyon Bondy Blog\" \/>\n<meta property=\"article:publisher\" content=\"https:\/\/www.facebook.com\/lyonbondyblog\" \/>\n<meta property=\"article:author\" content=\"https:\/\/www.facebook.com\/lyonbondyblog\" \/>\n<meta property=\"article:published_time\" content=\"2012-02-25T14:40:01+00:00\" \/>\n<meta property=\"article:modified_time\" content=\"2013-07-25T14:02:17+00:00\" \/>\n<meta property=\"og:image\" content=\"https:\/\/lyonbondyblog.fr\/LBB\/wp-content\/uploads\/2013\/07\/IMG_8003_t.jpg\" \/>\n\t<meta property=\"og:image:width\" content=\"193\" \/>\n\t<meta property=\"og:image:height\" content=\"129\" \/>\n\t<meta property=\"og:image:type\" content=\"image\/jpeg\" \/>\n<meta name=\"author\" content=\"La r\u00e9daction\" \/>\n<meta name=\"twitter:card\" content=\"summary_large_image\" \/>\n<meta name=\"twitter:creator\" content=\"@BondyBlogLyon\" \/>\n<meta name=\"twitter:site\" content=\"@bondybloglyon\" \/>\n<script type=\"application\/ld+json\" class=\"yoast-schema-graph\">{\"@context\":\"https:\/\/schema.org\",\"@graph\":[{\"@type\":\"Article\",\"@id\":\"https:\/\/lyonbondyblog.fr\/LBB\/les-civilisations-et-les-idees-monsieur-gueant-soyez-le-bienvenu-a-sidi-bouzid\/#article\",\"isPartOf\":{\"@id\":\"https:\/\/lyonbondyblog.fr\/LBB\/les-civilisations-et-les-idees-monsieur-gueant-soyez-le-bienvenu-a-sidi-bouzid\/\"},\"author\":{\"name\":\"La r\u00e9daction\",\"@id\":\"https:\/\/lyonbondyblog.fr\/LBB\/#\/schema\/person\/e45f8d27baac75072daa0be50c409b25\"},\"headline\":\"Les \u00a0\u00bbcivilisations\u00a0\u00bb et les id\u00e9es, Monsieur Gu\u00e9ant, soyez le bienvenu \u00e0 Sidi Bouzid\",\"datePublished\":\"2012-02-25T14:40:01+00:00\",\"dateModified\":\"2013-07-25T14:02:17+00:00\",\"mainEntityOfPage\":{\"@id\":\"https:\/\/lyonbondyblog.fr\/LBB\/les-civilisations-et-les-idees-monsieur-gueant-soyez-le-bienvenu-a-sidi-bouzid\/\"},\"wordCount\":782,\"commentCount\":0,\"publisher\":{\"@id\":\"https:\/\/lyonbondyblog.fr\/LBB\/#organization\"},\"image\":{\"@id\":\"https:\/\/lyonbondyblog.fr\/LBB\/les-civilisations-et-les-idees-monsieur-gueant-soyez-le-bienvenu-a-sidi-bouzid\/#primaryimage\"},\"thumbnailUrl\":\"https:\/\/lyonbondyblog.fr\/LBB\/wp-content\/uploads\/2013\/07\/IMG_8003_t.jpg\",\"keywords\":[\"lyon\",\"Lyon Bondy Blog\"],\"articleSection\":[\"International\"],\"inLanguage\":\"fr-FR\",\"potentialAction\":[{\"@type\":\"CommentAction\",\"name\":\"Comment\",\"target\":[\"https:\/\/lyonbondyblog.fr\/LBB\/les-civilisations-et-les-idees-monsieur-gueant-soyez-le-bienvenu-a-sidi-bouzid\/#respond\"]}]},{\"@type\":\"WebPage\",\"@id\":\"https:\/\/lyonbondyblog.fr\/LBB\/les-civilisations-et-les-idees-monsieur-gueant-soyez-le-bienvenu-a-sidi-bouzid\/\",\"url\":\"https:\/\/lyonbondyblog.fr\/LBB\/les-civilisations-et-les-idees-monsieur-gueant-soyez-le-bienvenu-a-sidi-bouzid\/\",\"name\":\"Les ''civilisations'' et les id\u00e9es, Monsieur Gu\u00e9ant, soyez le bienvenu \u00e0 Sidi Bouzid - Lyon Bondy Blog\",\"isPartOf\":{\"@id\":\"https:\/\/lyonbondyblog.fr\/LBB\/#website\"},\"primaryImageOfPage\":{\"@id\":\"https:\/\/lyonbondyblog.fr\/LBB\/les-civilisations-et-les-idees-monsieur-gueant-soyez-le-bienvenu-a-sidi-bouzid\/#primaryimage\"},\"image\":{\"@id\":\"https:\/\/lyonbondyblog.fr\/LBB\/les-civilisations-et-les-idees-monsieur-gueant-soyez-le-bienvenu-a-sidi-bouzid\/#primaryimage\"},\"thumbnailUrl\":\"https:\/\/lyonbondyblog.fr\/LBB\/wp-content\/uploads\/2013\/07\/IMG_8003_t.jpg\",\"datePublished\":\"2012-02-25T14:40:01+00:00\",\"dateModified\":\"2013-07-25T14:02:17+00:00\",\"inLanguage\":\"fr-FR\",\"potentialAction\":[{\"@type\":\"ReadAction\",\"target\":[\"https:\/\/lyonbondyblog.fr\/LBB\/les-civilisations-et-les-idees-monsieur-gueant-soyez-le-bienvenu-a-sidi-bouzid\/\"]}]},{\"@type\":\"ImageObject\",\"inLanguage\":\"fr-FR\",\"@id\":\"https:\/\/lyonbondyblog.fr\/LBB\/les-civilisations-et-les-idees-monsieur-gueant-soyez-le-bienvenu-a-sidi-bouzid\/#primaryimage\",\"url\":\"https:\/\/lyonbondyblog.fr\/LBB\/wp-content\/uploads\/2013\/07\/IMG_8003_t.jpg\",\"contentUrl\":\"https:\/\/lyonbondyblog.fr\/LBB\/wp-content\/uploads\/2013\/07\/IMG_8003_t.jpg\",\"width\":193,\"height\":129},{\"@type\":\"WebSite\",\"@id\":\"https:\/\/lyonbondyblog.fr\/LBB\/#website\",\"url\":\"https:\/\/lyonbondyblog.fr\/LBB\/\",\"name\":\"Lyon Bondy Blog\",\"description\":\"\",\"publisher\":{\"@id\":\"https:\/\/lyonbondyblog.fr\/LBB\/#organization\"},\"potentialAction\":[{\"@type\":\"SearchAction\",\"target\":{\"@type\":\"EntryPoint\",\"urlTemplate\":\"https:\/\/lyonbondyblog.fr\/LBB\/?s={search_term_string}\"},\"query-input\":\"required name=search_term_string\"}],\"inLanguage\":\"fr-FR\"},{\"@type\":\"Organization\",\"@id\":\"https:\/\/lyonbondyblog.fr\/LBB\/#organization\",\"name\":\"LYON BONDY BLOG\",\"url\":\"https:\/\/lyonbondyblog.fr\/LBB\/\",\"logo\":{\"@type\":\"ImageObject\",\"inLanguage\":\"fr-FR\",\"@id\":\"https:\/\/lyonbondyblog.fr\/LBB\/#\/schema\/logo\/image\/\",\"url\":\"http:\/\/lyonbondyblog.fr\/LBB\/wp-content\/uploads\/2014\/10\/logo-portable-144.png\",\"contentUrl\":\"http:\/\/lyonbondyblog.fr\/LBB\/wp-content\/uploads\/2014\/10\/logo-portable-144.png\",\"width\":144,\"height\":123,\"caption\":\"LYON BONDY BLOG\"},\"image\":{\"@id\":\"https:\/\/lyonbondyblog.fr\/LBB\/#\/schema\/logo\/image\/\"},\"sameAs\":[\"https:\/\/www.facebook.com\/lyonbondyblog\",\"https:\/\/x.com\/bondybloglyon\"]},{\"@type\":\"Person\",\"@id\":\"https:\/\/lyonbondyblog.fr\/LBB\/#\/schema\/person\/e45f8d27baac75072daa0be50c409b25\",\"name\":\"La r\u00e9daction\",\"description\":\"Cr\u00e9e en 2008, la r\u00e9daction du Lyon Bondy Blog s'applique \u00e0 proposer une information locale diff\u00e9rente et compl\u00e9mentaire des m\u00e9dias traditionnels.\",\"sameAs\":[\"https:\/\/www.facebook.com\/lyonbondyblog\",\"https:\/\/x.com\/BondyBlogLyon\"],\"url\":\"https:\/\/lyonbondyblog.fr\/LBB\/author\/admin\/\"}]}<\/script>\n<!-- \/ Yoast SEO plugin. -->","yoast_head_json":{"title":"Les ''civilisations'' et les id\u00e9es, Monsieur Gu\u00e9ant, soyez le bienvenu \u00e0 Sidi Bouzid - Lyon Bondy Blog","robots":{"index":"index","follow":"follow","max-snippet":"max-snippet:-1","max-image-preview":"max-image-preview:large","max-video-preview":"max-video-preview:-1"},"canonical":"https:\/\/lyonbondyblog.fr\/LBB\/les-civilisations-et-les-idees-monsieur-gueant-soyez-le-bienvenu-a-sidi-bouzid\/","og_locale":"fr_FR","og_type":"article","og_title":"Les ''civilisations'' et les id\u00e9es, Monsieur Gu\u00e9ant, soyez le bienvenu \u00e0 Sidi Bouzid - Lyon Bondy Blog","og_description":"Rafika, bloggeuse du Tunisie Bondy Blog, nous livre ses impressions et r\u00e9flexions vis \u00e0 vis des derni\u00e8res d\u00e9clarations du gouvernement fran\u00e7ais, vu de Sidi Bouzid. &hellip;","og_url":"https:\/\/lyonbondyblog.fr\/LBB\/les-civilisations-et-les-idees-monsieur-gueant-soyez-le-bienvenu-a-sidi-bouzid\/","og_site_name":"Lyon Bondy Blog","article_publisher":"https:\/\/www.facebook.com\/lyonbondyblog","article_author":"https:\/\/www.facebook.com\/lyonbondyblog","article_published_time":"2012-02-25T14:40:01+00:00","article_modified_time":"2013-07-25T14:02:17+00:00","og_image":[{"width":193,"height":129,"url":"https:\/\/lyonbondyblog.fr\/LBB\/wp-content\/uploads\/2013\/07\/IMG_8003_t.jpg","type":"image\/jpeg"}],"author":"La r\u00e9daction","twitter_card":"summary_large_image","twitter_creator":"@BondyBlogLyon","twitter_site":"@bondybloglyon","schema":{"@context":"https:\/\/schema.org","@graph":[{"@type":"Article","@id":"https:\/\/lyonbondyblog.fr\/LBB\/les-civilisations-et-les-idees-monsieur-gueant-soyez-le-bienvenu-a-sidi-bouzid\/#article","isPartOf":{"@id":"https:\/\/lyonbondyblog.fr\/LBB\/les-civilisations-et-les-idees-monsieur-gueant-soyez-le-bienvenu-a-sidi-bouzid\/"},"author":{"name":"La r\u00e9daction","@id":"https:\/\/lyonbondyblog.fr\/LBB\/#\/schema\/person\/e45f8d27baac75072daa0be50c409b25"},"headline":"Les \u00a0\u00bbcivilisations\u00a0\u00bb et les id\u00e9es, Monsieur Gu\u00e9ant, soyez le bienvenu \u00e0 Sidi Bouzid","datePublished":"2012-02-25T14:40:01+00:00","dateModified":"2013-07-25T14:02:17+00:00","mainEntityOfPage":{"@id":"https:\/\/lyonbondyblog.fr\/LBB\/les-civilisations-et-les-idees-monsieur-gueant-soyez-le-bienvenu-a-sidi-bouzid\/"},"wordCount":782,"commentCount":0,"publisher":{"@id":"https:\/\/lyonbondyblog.fr\/LBB\/#organization"},"image":{"@id":"https:\/\/lyonbondyblog.fr\/LBB\/les-civilisations-et-les-idees-monsieur-gueant-soyez-le-bienvenu-a-sidi-bouzid\/#primaryimage"},"thumbnailUrl":"https:\/\/lyonbondyblog.fr\/LBB\/wp-content\/uploads\/2013\/07\/IMG_8003_t.jpg","keywords":["lyon","Lyon Bondy Blog"],"articleSection":["International"],"inLanguage":"fr-FR","potentialAction":[{"@type":"CommentAction","name":"Comment","target":["https:\/\/lyonbondyblog.fr\/LBB\/les-civilisations-et-les-idees-monsieur-gueant-soyez-le-bienvenu-a-sidi-bouzid\/#respond"]}]},{"@type":"WebPage","@id":"https:\/\/lyonbondyblog.fr\/LBB\/les-civilisations-et-les-idees-monsieur-gueant-soyez-le-bienvenu-a-sidi-bouzid\/","url":"https:\/\/lyonbondyblog.fr\/LBB\/les-civilisations-et-les-idees-monsieur-gueant-soyez-le-bienvenu-a-sidi-bouzid\/","name":"Les ''civilisations'' et les id\u00e9es, Monsieur Gu\u00e9ant, soyez le bienvenu \u00e0 Sidi Bouzid - Lyon Bondy Blog","isPartOf":{"@id":"https:\/\/lyonbondyblog.fr\/LBB\/#website"},"primaryImageOfPage":{"@id":"https:\/\/lyonbondyblog.fr\/LBB\/les-civilisations-et-les-idees-monsieur-gueant-soyez-le-bienvenu-a-sidi-bouzid\/#primaryimage"},"image":{"@id":"https:\/\/lyonbondyblog.fr\/LBB\/les-civilisations-et-les-idees-monsieur-gueant-soyez-le-bienvenu-a-sidi-bouzid\/#primaryimage"},"thumbnailUrl":"https:\/\/lyonbondyblog.fr\/LBB\/wp-content\/uploads\/2013\/07\/IMG_8003_t.jpg","datePublished":"2012-02-25T14:40:01+00:00","dateModified":"2013-07-25T14:02:17+00:00","inLanguage":"fr-FR","potentialAction":[{"@type":"ReadAction","target":["https:\/\/lyonbondyblog.fr\/LBB\/les-civilisations-et-les-idees-monsieur-gueant-soyez-le-bienvenu-a-sidi-bouzid\/"]}]},{"@type":"ImageObject","inLanguage":"fr-FR","@id":"https:\/\/lyonbondyblog.fr\/LBB\/les-civilisations-et-les-idees-monsieur-gueant-soyez-le-bienvenu-a-sidi-bouzid\/#primaryimage","url":"https:\/\/lyonbondyblog.fr\/LBB\/wp-content\/uploads\/2013\/07\/IMG_8003_t.jpg","contentUrl":"https:\/\/lyonbondyblog.fr\/LBB\/wp-content\/uploads\/2013\/07\/IMG_8003_t.jpg","width":193,"height":129},{"@type":"WebSite","@id":"https:\/\/lyonbondyblog.fr\/LBB\/#website","url":"https:\/\/lyonbondyblog.fr\/LBB\/","name":"Lyon Bondy Blog","description":"","publisher":{"@id":"https:\/\/lyonbondyblog.fr\/LBB\/#organization"},"potentialAction":[{"@type":"SearchAction","target":{"@type":"EntryPoint","urlTemplate":"https:\/\/lyonbondyblog.fr\/LBB\/?s={search_term_string}"},"query-input":"required name=search_term_string"}],"inLanguage":"fr-FR"},{"@type":"Organization","@id":"https:\/\/lyonbondyblog.fr\/LBB\/#organization","name":"LYON BONDY BLOG","url":"https:\/\/lyonbondyblog.fr\/LBB\/","logo":{"@type":"ImageObject","inLanguage":"fr-FR","@id":"https:\/\/lyonbondyblog.fr\/LBB\/#\/schema\/logo\/image\/","url":"http:\/\/lyonbondyblog.fr\/LBB\/wp-content\/uploads\/2014\/10\/logo-portable-144.png","contentUrl":"http:\/\/lyonbondyblog.fr\/LBB\/wp-content\/uploads\/2014\/10\/logo-portable-144.png","width":144,"height":123,"caption":"LYON BONDY BLOG"},"image":{"@id":"https:\/\/lyonbondyblog.fr\/LBB\/#\/schema\/logo\/image\/"},"sameAs":["https:\/\/www.facebook.com\/lyonbondyblog","https:\/\/x.com\/bondybloglyon"]},{"@type":"Person","@id":"https:\/\/lyonbondyblog.fr\/LBB\/#\/schema\/person\/e45f8d27baac75072daa0be50c409b25","name":"La r\u00e9daction","description":"Cr\u00e9e en 2008, la r\u00e9daction du Lyon Bondy Blog s'applique \u00e0 proposer une information locale diff\u00e9rente et compl\u00e9mentaire des m\u00e9dias traditionnels.","sameAs":["https:\/\/www.facebook.com\/lyonbondyblog","https:\/\/x.com\/BondyBlogLyon"],"url":"https:\/\/lyonbondyblog.fr\/LBB\/author\/admin\/"}]}},"_links":{"self":[{"href":"https:\/\/lyonbondyblog.fr\/LBB\/wp-json\/wp\/v2\/posts\/1506","targetHints":{"allow":["GET"]}}],"collection":[{"href":"https:\/\/lyonbondyblog.fr\/LBB\/wp-json\/wp\/v2\/posts"}],"about":[{"href":"https:\/\/lyonbondyblog.fr\/LBB\/wp-json\/wp\/v2\/types\/post"}],"author":[{"embeddable":true,"href":"https:\/\/lyonbondyblog.fr\/LBB\/wp-json\/wp\/v2\/users\/1"}],"replies":[{"embeddable":true,"href":"https:\/\/lyonbondyblog.fr\/LBB\/wp-json\/wp\/v2\/comments?post=1506"}],"version-history":[{"count":0,"href":"https:\/\/lyonbondyblog.fr\/LBB\/wp-json\/wp\/v2\/posts\/1506\/revisions"}],"wp:featuredmedia":[{"embeddable":true,"href":"https:\/\/lyonbondyblog.fr\/LBB\/wp-json\/wp\/v2\/media\/1510"}],"wp:attachment":[{"href":"https:\/\/lyonbondyblog.fr\/LBB\/wp-json\/wp\/v2\/media?parent=1506"}],"wp:term":[{"taxonomy":"category","embeddable":true,"href":"https:\/\/lyonbondyblog.fr\/LBB\/wp-json\/wp\/v2\/categories?post=1506"},{"taxonomy":"post_tag","embeddable":true,"href":"https:\/\/lyonbondyblog.fr\/LBB\/wp-json\/wp\/v2\/tags?post=1506"}],"curies":[{"name":"wp","href":"https:\/\/api.w.org\/{rel}","templated":true}]}}