{"id":14977,"date":"2018-12-07T17:55:29","date_gmt":"2018-12-07T16:55:29","guid":{"rendered":"http:\/\/lyonbondyblog.fr\/LBB\/?p=14977"},"modified":"2018-12-07T17:55:29","modified_gmt":"2018-12-07T16:55:29","slug":"au-coeur-de-la-manifestation-lyceenne-a-lyon","status":"publish","type":"post","link":"https:\/\/lyonbondyblog.fr\/LBB\/au-coeur-de-la-manifestation-lyceenne-a-lyon\/","title":{"rendered":"Au coeur de la manifestation lyc\u00e9enne \u00e0 Lyon"},"content":{"rendered":"<h2>Les lyc\u00e9ens de Lyon ont d\u00e9fil\u00e9 ce vendredi entre la place Jean-Mac\u00e9 et la bourse du travail (place Guichard). Le cort\u00e8ge a r\u00e9clam\u00e9 le retrait des r\u00e9formes touchant les futurs \u00e9tudiants \u00e0 savoir Parcoursup, le Baccalaur\u00e9at et l\u2019augmentation des tarifs pour l\u2019entr\u00e9e \u00e0 la fac.<\/h2>\n<p>&nbsp;<\/p>\n<p>A 9h30, le cort\u00e8ge des lyc\u00e9ens de Lyon s\u2019est mis en marche depuis la place Jean-Mac\u00e9. Emmen\u00e9 par les Jeunes Communistes et prot\u00e9g\u00e9 par le service d\u2019ordre de la\u00a0 CGT, il a emprunt\u00e9 l\u2019avenue Berthelot. Au son des enceintes portables, crachant de la musique techno, il a trac\u00e9 son chemin sans incident, except\u00e9 un jeune homme perch\u00e9 tout en haut de l\u2019arr\u00eat de tramway pour filmer.<\/p>\n<p>Bien qu&rsquo;unitaire du point de vue des arguments le mouvement a eu du mal \u00e0 se coordonner. Except\u00e9 le tube principal de toutes les sortes de manifestation, \u00ab\u00a0X t\u2019es foutu, la jeunesse est dans la rue\u00a0\u00bb, il y eut peu de diversit\u00e9 et peu de rythme. Du c\u00f4t\u00e9 des arguments sont vis\u00e9es les r\u00e9formes du baccalaur\u00e9at, la plateforme d\u2019admission Parcoursup et la tr\u00e8s d\u00e9cri\u00e9e hausse des prix d\u2019inscriptions en facult\u00e9 pour les \u00e9tudiants \u00e9trangers. El\u00e8ves de seconde, premi\u00e8re g\u00e9n\u00e9rale et technologique ainsi que de terminale reprochent \u00e0 Jean-Michel Blanquer de favoriser les quartiers hupp\u00e9s. Les craintes recueillies sont les m\u00eames que <a href=\"https:\/\/www.rue89lyon.fr\/2018\/12\/06\/des-lyceens-a-bron-et-a-villeurbanne-on-fait-de-la-violence-pour-quon-nous-voit-et-quon-nous-entende\/\">la veille \u00e0 Bron<\/a> pour ces \u00e9l\u00e8ves scolaris\u00e9s \u00e0 Juliette-R\u00e9camier (Lyon 2\u00e8me) ou \u00e0 Charlie-Chaplin (D\u00e9cines) dont il s\u2019agit tr\u00e8s souvent de la premi\u00e8re mobilisation contre une loi. ils \u00e9taient \u00e9galement soutenus par les syndicats d\u2019enseignants <a href=\"http:\/\/www.apple.fr\">CNT<\/a> et le<a href=\"https:\/\/www.snes.edu\"> SNES<\/a> notamment repr\u00e9sent\u00e9 par le <a href=\"https:\/\/lyonbondyblog.fr\/LBB\/les-insoumis-lancent-leur-campagne-pour-des-europeennes-citoyennes\/\">professeur de philosophie Beno\u00eet Schnekenburger<\/a>, candidat insoumis aux \u00e9lections europ\u00e9ennes.<\/p>\n<figure id=\"attachment_14979\" aria-describedby=\"caption-attachment-14979\" style=\"width: 2816px\" class=\"wp-caption aligncenter\"><a href=\"https:\/\/lyonbondyblog.fr\/LBB\/wp-content\/uploads\/2018\/12\/IMG_1532.jpg\"><img loading=\"lazy\" decoding=\"async\" class=\"size-full wp-image-14979\" src=\"https:\/\/lyonbondyblog.fr\/LBB\/wp-content\/uploads\/2018\/12\/IMG_1532.jpg\" alt=\"\" width=\"2816\" height=\"1584\" srcset=\"https:\/\/lyonbondyblog.fr\/LBB\/wp-content\/uploads\/2018\/12\/IMG_1532.jpg 2816w, https:\/\/lyonbondyblog.fr\/LBB\/wp-content\/uploads\/2018\/12\/IMG_1532-300x169.jpg 300w, https:\/\/lyonbondyblog.fr\/LBB\/wp-content\/uploads\/2018\/12\/IMG_1532-768x432.jpg 768w, https:\/\/lyonbondyblog.fr\/LBB\/wp-content\/uploads\/2018\/12\/IMG_1532-1024x576.jpg 1024w, https:\/\/lyonbondyblog.fr\/LBB\/wp-content\/uploads\/2018\/12\/IMG_1532-600x338.jpg 600w, https:\/\/lyonbondyblog.fr\/LBB\/wp-content\/uploads\/2018\/12\/IMG_1532-1140x641.jpg 1140w\" sizes=\"auto, (max-width: 2816px) 100vw, 2816px\" \/><\/a><figcaption id=\"caption-attachment-14979\" class=\"wp-caption-text\">Des lyc\u00e9ens tr\u00e8s imaginatifs pour leurs slogans. cr\u00e9dit photo : Hugo Dervissoglou \/ Lyon Bondy Blog<\/figcaption><\/figure>\n<figure id=\"attachment_14980\" aria-describedby=\"caption-attachment-14980\" style=\"width: 2816px\" class=\"wp-caption aligncenter\"><a href=\"https:\/\/lyonbondyblog.fr\/LBB\/wp-content\/uploads\/2018\/12\/IMG_1530.jpg\"><img loading=\"lazy\" decoding=\"async\" class=\"size-full wp-image-14980\" src=\"https:\/\/lyonbondyblog.fr\/LBB\/wp-content\/uploads\/2018\/12\/IMG_1530.jpg\" alt=\"\" width=\"2816\" height=\"1584\" srcset=\"https:\/\/lyonbondyblog.fr\/LBB\/wp-content\/uploads\/2018\/12\/IMG_1530.jpg 2816w, https:\/\/lyonbondyblog.fr\/LBB\/wp-content\/uploads\/2018\/12\/IMG_1530-300x169.jpg 300w, https:\/\/lyonbondyblog.fr\/LBB\/wp-content\/uploads\/2018\/12\/IMG_1530-768x432.jpg 768w, https:\/\/lyonbondyblog.fr\/LBB\/wp-content\/uploads\/2018\/12\/IMG_1530-1024x576.jpg 1024w, https:\/\/lyonbondyblog.fr\/LBB\/wp-content\/uploads\/2018\/12\/IMG_1530-600x338.jpg 600w, https:\/\/lyonbondyblog.fr\/LBB\/wp-content\/uploads\/2018\/12\/IMG_1530-1140x641.jpg 1140w\" sizes=\"auto, (max-width: 2816px) 100vw, 2816px\" \/><\/a><figcaption id=\"caption-attachment-14980\" class=\"wp-caption-text\">La t\u00eate du cort\u00e8ge avant le d\u00e9part. Cr\u00e9dit photo : Hugo Dervissoglou \/ Lyon Bondy Blog.<\/figcaption><\/figure>\n<p><b>Des incidents sur la fin\u00a0<\/b><\/p>\n<p>Un premier mouvement de foule a eu lieu non loin de la manufacture des Tabacs mais ce n\u2019est qu\u2019arriv\u00e9 sur le cours Gambetta que la situation a commenc\u00e9 \u00e0 se tendre. Les premiers jets de grenades lacrymog\u00e8nes irritent les yeux et les bronches. La foule se dispersent dans les petites rues alentours pour rallier la place Guichard, totalement bloqu\u00e9e par une compagnie de CRS. En attendant de pouvoir rejoindre le troisi\u00e8me \u00e9tage de la bourse du travail pour assister \u00e0 l\u2019assembl\u00e9e g\u00e9n\u00e9rale, les manifestants ont fait le pied de grue\u00a0 devant la fa\u00e7ade du coll\u00e8ge Raoul-Dufy. Moment choisi par certains par certains pour prendre \u00e0 partie les forces de l\u2019ordre en lan\u00e7ant non pas des pav\u00e9s mais des bouteilles de bi\u00e8re. A quelques minutes de la sortie des cours, la place est couverte des effluves de gaz lacrymog\u00e8ne, incommodant une jeune fille atteinte d\u2019asthme.<\/p>\n<p>A l\u2019issue de la manifestation la pr\u00e9fecture a annonc\u00e9 l\u2019arrestation de 19 personnes pour violences urbaines et destruction de mobiliers urbains. Vingt autres ont \u00e9t\u00e9 arr\u00eat\u00e9s <a href=\"https:\/\/www.leprogres.fr\/rhone-69\/2018\/12\/07\/des-lycees-encore-sous-vive-tension-ce-vendredi-dans-le-departement\">\u00e0 Bron <\/a>suite \u00e0 de nouvelles violences. A noter que l\u2019assembl\u00e9e g\u00e9n\u00e9rale a vot\u00e9 pour le blocage des lyc\u00e9es apr\u00e8s avoir r\u00e9clam\u00e9 l\u2019abrogation du Service National Universel et de la plateforme Parcoursup. Sous les applaudissements de la salle les orateurs ont r\u00e9clam\u00e9s l\u2019injection de 3 milliards d\u2019euros dans l\u2019\u00e9ducation.<\/p>\n<!-- AddThis Advanced Settings generic via filter on the_content --><!-- AddThis Share Buttons generic via filter on the_content -->","protected":false},"excerpt":{"rendered":"<p>Les lyc\u00e9ens de Lyon ont d\u00e9fil\u00e9 ce vendredi entre la place Jean-Mac\u00e9 et la bourse du travail (place Guichard). Le cort\u00e8ge a r\u00e9clam\u00e9 le retrait &hellip; <!-- AddThis Advanced Settings generic via filter on wp_trim_excerpt --><!-- AddThis Share Buttons generic via filter on wp_trim_excerpt --><\/p>\n","protected":false},"author":5729,"featured_media":14978,"comment_status":"open","ping_status":"open","sticky":false,"template":"","format":"standard","meta":{"_FSMCFIC_featured_image_caption":"","_FSMCFIC_featured_image_nocaption":"","_FSMCFIC_featured_image_hide":"","footnotes":""},"categories":[3517,6447,2],"tags":[6784,10,1444,6785],"class_list":["post-14977","post","type-post","status-publish","format-standard","has-post-thumbnail","hentry","category-education","category-manifestations","category-societe","tag-lyceens","tag-lyon-2","tag-ministere-de-leducation-nationale","tag-parcoursup"],"yoast_head":"<!-- This site is optimized with the Yoast SEO plugin v22.8 - https:\/\/yoast.com\/wordpress\/plugins\/seo\/ -->\n<title>Au coeur de la manifestation lyc\u00e9enne \u00e0 Lyon - Lyon Bondy Blog<\/title>\n<meta name=\"description\" content=\"Les lyc\u00e9ens de Lyon ont d\u00e9fil\u00e9 ce vendredi entre la place Jean-Mac\u00e9 et la bourse du travail (place Guichard).\" \/>\n<meta name=\"robots\" content=\"index, follow, max-snippet:-1, max-image-preview:large, max-video-preview:-1\" \/>\n<link rel=\"canonical\" href=\"https:\/\/lyonbondyblog.fr\/LBB\/au-coeur-de-la-manifestation-lyceenne-a-lyon\/\" \/>\n<meta property=\"og:locale\" content=\"fr_FR\" \/>\n<meta property=\"og:type\" content=\"article\" \/>\n<meta property=\"og:title\" content=\"Au coeur de la manifestation lyc\u00e9enne \u00e0 Lyon - Lyon Bondy Blog\" \/>\n<meta property=\"og:description\" content=\"Les lyc\u00e9ens de Lyon ont d\u00e9fil\u00e9 ce vendredi entre la place Jean-Mac\u00e9 et la bourse du travail (place Guichard).\" \/>\n<meta property=\"og:url\" content=\"https:\/\/lyonbondyblog.fr\/LBB\/au-coeur-de-la-manifestation-lyceenne-a-lyon\/\" \/>\n<meta property=\"og:site_name\" content=\"Lyon Bondy Blog\" \/>\n<meta property=\"article:publisher\" content=\"https:\/\/www.facebook.com\/lyonbondyblog\" \/>\n<meta property=\"article:published_time\" content=\"2018-12-07T16:55:29+00:00\" \/>\n<meta property=\"og:image\" content=\"https:\/\/lyonbondyblog.fr\/LBB\/wp-content\/uploads\/2018\/12\/IMG_1543-1024x768.jpg\" \/>\n\t<meta property=\"og:image:width\" content=\"1024\" \/>\n\t<meta property=\"og:image:height\" content=\"768\" \/>\n\t<meta property=\"og:image:type\" content=\"image\/jpeg\" \/>\n<meta name=\"author\" content=\"Hugo Dervissoglou\" \/>\n<meta name=\"twitter:card\" content=\"summary_large_image\" \/>\n<meta name=\"twitter:creator\" content=\"@bondybloglyon\" \/>\n<meta name=\"twitter:site\" content=\"@bondybloglyon\" \/>\n<script type=\"application\/ld+json\" class=\"yoast-schema-graph\">{\"@context\":\"https:\/\/schema.org\",\"@graph\":[{\"@type\":\"Article\",\"@id\":\"https:\/\/lyonbondyblog.fr\/LBB\/au-coeur-de-la-manifestation-lyceenne-a-lyon\/#article\",\"isPartOf\":{\"@id\":\"https:\/\/lyonbondyblog.fr\/LBB\/au-coeur-de-la-manifestation-lyceenne-a-lyon\/\"},\"author\":{\"name\":\"Hugo Dervissoglou\",\"@id\":\"https:\/\/lyonbondyblog.fr\/LBB\/#\/schema\/person\/6efc096be909f1122de1b82592e04e6e\"},\"headline\":\"Au coeur de la manifestation lyc\u00e9enne \u00e0 Lyon\",\"datePublished\":\"2018-12-07T16:55:29+00:00\",\"dateModified\":\"2018-12-07T16:55:29+00:00\",\"mainEntityOfPage\":{\"@id\":\"https:\/\/lyonbondyblog.fr\/LBB\/au-coeur-de-la-manifestation-lyceenne-a-lyon\/\"},\"wordCount\":613,\"commentCount\":0,\"publisher\":{\"@id\":\"https:\/\/lyonbondyblog.fr\/LBB\/#organization\"},\"image\":{\"@id\":\"https:\/\/lyonbondyblog.fr\/LBB\/au-coeur-de-la-manifestation-lyceenne-a-lyon\/#primaryimage\"},\"thumbnailUrl\":\"https:\/\/lyonbondyblog.fr\/LBB\/wp-content\/uploads\/2018\/12\/IMG_1543.jpg\",\"keywords\":[\"Lyc\u00e9ens\",\"lyon\",\"Minist\u00e8re de l'\u00c9ducation nationale\",\"Parcoursup\"],\"articleSection\":[\"Education\",\"Manifestations\",\"Soci\u00e9t\u00e9\"],\"inLanguage\":\"fr-FR\",\"potentialAction\":[{\"@type\":\"CommentAction\",\"name\":\"Comment\",\"target\":[\"https:\/\/lyonbondyblog.fr\/LBB\/au-coeur-de-la-manifestation-lyceenne-a-lyon\/#respond\"]}]},{\"@type\":\"WebPage\",\"@id\":\"https:\/\/lyonbondyblog.fr\/LBB\/au-coeur-de-la-manifestation-lyceenne-a-lyon\/\",\"url\":\"https:\/\/lyonbondyblog.fr\/LBB\/au-coeur-de-la-manifestation-lyceenne-a-lyon\/\",\"name\":\"Au coeur de la manifestation lyc\u00e9enne \u00e0 Lyon - Lyon Bondy Blog\",\"isPartOf\":{\"@id\":\"https:\/\/lyonbondyblog.fr\/LBB\/#website\"},\"primaryImageOfPage\":{\"@id\":\"https:\/\/lyonbondyblog.fr\/LBB\/au-coeur-de-la-manifestation-lyceenne-a-lyon\/#primaryimage\"},\"image\":{\"@id\":\"https:\/\/lyonbondyblog.fr\/LBB\/au-coeur-de-la-manifestation-lyceenne-a-lyon\/#primaryimage\"},\"thumbnailUrl\":\"https:\/\/lyonbondyblog.fr\/LBB\/wp-content\/uploads\/2018\/12\/IMG_1543.jpg\",\"datePublished\":\"2018-12-07T16:55:29+00:00\",\"dateModified\":\"2018-12-07T16:55:29+00:00\",\"description\":\"Les lyc\u00e9ens de Lyon ont d\u00e9fil\u00e9 ce vendredi entre la place Jean-Mac\u00e9 et la bourse du travail (place Guichard).\",\"inLanguage\":\"fr-FR\",\"potentialAction\":[{\"@type\":\"ReadAction\",\"target\":[\"https:\/\/lyonbondyblog.fr\/LBB\/au-coeur-de-la-manifestation-lyceenne-a-lyon\/\"]}]},{\"@type\":\"ImageObject\",\"inLanguage\":\"fr-FR\",\"@id\":\"https:\/\/lyonbondyblog.fr\/LBB\/au-coeur-de-la-manifestation-lyceenne-a-lyon\/#primaryimage\",\"url\":\"https:\/\/lyonbondyblog.fr\/LBB\/wp-content\/uploads\/2018\/12\/IMG_1543.jpg\",\"contentUrl\":\"https:\/\/lyonbondyblog.fr\/LBB\/wp-content\/uploads\/2018\/12\/IMG_1543.jpg\",\"width\":4000,\"height\":3000,\"caption\":\"Les lyc\u00e9ens ont d\u00e9fil\u00e9 pour r\u00e9clamer de meilleures conditions de travail. Cr\u00e9dit photo : Hugo Dervissoglou \/ Lyon Bondy Blog\"},{\"@type\":\"WebSite\",\"@id\":\"https:\/\/lyonbondyblog.fr\/LBB\/#website\",\"url\":\"https:\/\/lyonbondyblog.fr\/LBB\/\",\"name\":\"Lyon Bondy Blog\",\"description\":\"\",\"publisher\":{\"@id\":\"https:\/\/lyonbondyblog.fr\/LBB\/#organization\"},\"potentialAction\":[{\"@type\":\"SearchAction\",\"target\":{\"@type\":\"EntryPoint\",\"urlTemplate\":\"https:\/\/lyonbondyblog.fr\/LBB\/?s={search_term_string}\"},\"query-input\":\"required name=search_term_string\"}],\"inLanguage\":\"fr-FR\"},{\"@type\":\"Organization\",\"@id\":\"https:\/\/lyonbondyblog.fr\/LBB\/#organization\",\"name\":\"LYON BONDY BLOG\",\"url\":\"https:\/\/lyonbondyblog.fr\/LBB\/\",\"logo\":{\"@type\":\"ImageObject\",\"inLanguage\":\"fr-FR\",\"@id\":\"https:\/\/lyonbondyblog.fr\/LBB\/#\/schema\/logo\/image\/\",\"url\":\"http:\/\/lyonbondyblog.fr\/LBB\/wp-content\/uploads\/2014\/10\/logo-portable-144.png\",\"contentUrl\":\"http:\/\/lyonbondyblog.fr\/LBB\/wp-content\/uploads\/2014\/10\/logo-portable-144.png\",\"width\":144,\"height\":123,\"caption\":\"LYON BONDY BLOG\"},\"image\":{\"@id\":\"https:\/\/lyonbondyblog.fr\/LBB\/#\/schema\/logo\/image\/\"},\"sameAs\":[\"https:\/\/www.facebook.com\/lyonbondyblog\",\"https:\/\/x.com\/bondybloglyon\"]},{\"@type\":\"Person\",\"@id\":\"https:\/\/lyonbondyblog.fr\/LBB\/#\/schema\/person\/6efc096be909f1122de1b82592e04e6e\",\"name\":\"Hugo Dervissoglou\",\"url\":\"https:\/\/lyonbondyblog.fr\/LBB\/author\/hugo_dervissoglou\/\"}]}<\/script>\n<!-- \/ Yoast SEO plugin. -->","yoast_head_json":{"title":"Au coeur de la manifestation lyc\u00e9enne \u00e0 Lyon - Lyon Bondy Blog","description":"Les lyc\u00e9ens de Lyon ont d\u00e9fil\u00e9 ce vendredi entre la place Jean-Mac\u00e9 et la bourse du travail (place Guichard).","robots":{"index":"index","follow":"follow","max-snippet":"max-snippet:-1","max-image-preview":"max-image-preview:large","max-video-preview":"max-video-preview:-1"},"canonical":"https:\/\/lyonbondyblog.fr\/LBB\/au-coeur-de-la-manifestation-lyceenne-a-lyon\/","og_locale":"fr_FR","og_type":"article","og_title":"Au coeur de la manifestation lyc\u00e9enne \u00e0 Lyon - Lyon Bondy Blog","og_description":"Les lyc\u00e9ens de Lyon ont d\u00e9fil\u00e9 ce vendredi entre la place Jean-Mac\u00e9 et la bourse du travail (place Guichard).","og_url":"https:\/\/lyonbondyblog.fr\/LBB\/au-coeur-de-la-manifestation-lyceenne-a-lyon\/","og_site_name":"Lyon Bondy Blog","article_publisher":"https:\/\/www.facebook.com\/lyonbondyblog","article_published_time":"2018-12-07T16:55:29+00:00","og_image":[{"width":1024,"height":768,"url":"https:\/\/lyonbondyblog.fr\/LBB\/wp-content\/uploads\/2018\/12\/IMG_1543-1024x768.jpg","type":"image\/jpeg"}],"author":"Hugo Dervissoglou","twitter_card":"summary_large_image","twitter_creator":"@bondybloglyon","twitter_site":"@bondybloglyon","schema":{"@context":"https:\/\/schema.org","@graph":[{"@type":"Article","@id":"https:\/\/lyonbondyblog.fr\/LBB\/au-coeur-de-la-manifestation-lyceenne-a-lyon\/#article","isPartOf":{"@id":"https:\/\/lyonbondyblog.fr\/LBB\/au-coeur-de-la-manifestation-lyceenne-a-lyon\/"},"author":{"name":"Hugo Dervissoglou","@id":"https:\/\/lyonbondyblog.fr\/LBB\/#\/schema\/person\/6efc096be909f1122de1b82592e04e6e"},"headline":"Au coeur de la manifestation lyc\u00e9enne \u00e0 Lyon","datePublished":"2018-12-07T16:55:29+00:00","dateModified":"2018-12-07T16:55:29+00:00","mainEntityOfPage":{"@id":"https:\/\/lyonbondyblog.fr\/LBB\/au-coeur-de-la-manifestation-lyceenne-a-lyon\/"},"wordCount":613,"commentCount":0,"publisher":{"@id":"https:\/\/lyonbondyblog.fr\/LBB\/#organization"},"image":{"@id":"https:\/\/lyonbondyblog.fr\/LBB\/au-coeur-de-la-manifestation-lyceenne-a-lyon\/#primaryimage"},"thumbnailUrl":"https:\/\/lyonbondyblog.fr\/LBB\/wp-content\/uploads\/2018\/12\/IMG_1543.jpg","keywords":["Lyc\u00e9ens","lyon","Minist\u00e8re de l'\u00c9ducation nationale","Parcoursup"],"articleSection":["Education","Manifestations","Soci\u00e9t\u00e9"],"inLanguage":"fr-FR","potentialAction":[{"@type":"CommentAction","name":"Comment","target":["https:\/\/lyonbondyblog.fr\/LBB\/au-coeur-de-la-manifestation-lyceenne-a-lyon\/#respond"]}]},{"@type":"WebPage","@id":"https:\/\/lyonbondyblog.fr\/LBB\/au-coeur-de-la-manifestation-lyceenne-a-lyon\/","url":"https:\/\/lyonbondyblog.fr\/LBB\/au-coeur-de-la-manifestation-lyceenne-a-lyon\/","name":"Au coeur de la manifestation lyc\u00e9enne \u00e0 Lyon - Lyon Bondy Blog","isPartOf":{"@id":"https:\/\/lyonbondyblog.fr\/LBB\/#website"},"primaryImageOfPage":{"@id":"https:\/\/lyonbondyblog.fr\/LBB\/au-coeur-de-la-manifestation-lyceenne-a-lyon\/#primaryimage"},"image":{"@id":"https:\/\/lyonbondyblog.fr\/LBB\/au-coeur-de-la-manifestation-lyceenne-a-lyon\/#primaryimage"},"thumbnailUrl":"https:\/\/lyonbondyblog.fr\/LBB\/wp-content\/uploads\/2018\/12\/IMG_1543.jpg","datePublished":"2018-12-07T16:55:29+00:00","dateModified":"2018-12-07T16:55:29+00:00","description":"Les lyc\u00e9ens de Lyon ont d\u00e9fil\u00e9 ce vendredi entre la place Jean-Mac\u00e9 et la bourse du travail (place Guichard).","inLanguage":"fr-FR","potentialAction":[{"@type":"ReadAction","target":["https:\/\/lyonbondyblog.fr\/LBB\/au-coeur-de-la-manifestation-lyceenne-a-lyon\/"]}]},{"@type":"ImageObject","inLanguage":"fr-FR","@id":"https:\/\/lyonbondyblog.fr\/LBB\/au-coeur-de-la-manifestation-lyceenne-a-lyon\/#primaryimage","url":"https:\/\/lyonbondyblog.fr\/LBB\/wp-content\/uploads\/2018\/12\/IMG_1543.jpg","contentUrl":"https:\/\/lyonbondyblog.fr\/LBB\/wp-content\/uploads\/2018\/12\/IMG_1543.jpg","width":4000,"height":3000,"caption":"Les lyc\u00e9ens ont d\u00e9fil\u00e9 pour r\u00e9clamer de meilleures conditions de travail. Cr\u00e9dit photo : Hugo Dervissoglou \/ Lyon Bondy Blog"},{"@type":"WebSite","@id":"https:\/\/lyonbondyblog.fr\/LBB\/#website","url":"https:\/\/lyonbondyblog.fr\/LBB\/","name":"Lyon Bondy Blog","description":"","publisher":{"@id":"https:\/\/lyonbondyblog.fr\/LBB\/#organization"},"potentialAction":[{"@type":"SearchAction","target":{"@type":"EntryPoint","urlTemplate":"https:\/\/lyonbondyblog.fr\/LBB\/?s={search_term_string}"},"query-input":"required name=search_term_string"}],"inLanguage":"fr-FR"},{"@type":"Organization","@id":"https:\/\/lyonbondyblog.fr\/LBB\/#organization","name":"LYON BONDY BLOG","url":"https:\/\/lyonbondyblog.fr\/LBB\/","logo":{"@type":"ImageObject","inLanguage":"fr-FR","@id":"https:\/\/lyonbondyblog.fr\/LBB\/#\/schema\/logo\/image\/","url":"http:\/\/lyonbondyblog.fr\/LBB\/wp-content\/uploads\/2014\/10\/logo-portable-144.png","contentUrl":"http:\/\/lyonbondyblog.fr\/LBB\/wp-content\/uploads\/2014\/10\/logo-portable-144.png","width":144,"height":123,"caption":"LYON BONDY BLOG"},"image":{"@id":"https:\/\/lyonbondyblog.fr\/LBB\/#\/schema\/logo\/image\/"},"sameAs":["https:\/\/www.facebook.com\/lyonbondyblog","https:\/\/x.com\/bondybloglyon"]},{"@type":"Person","@id":"https:\/\/lyonbondyblog.fr\/LBB\/#\/schema\/person\/6efc096be909f1122de1b82592e04e6e","name":"Hugo Dervissoglou","url":"https:\/\/lyonbondyblog.fr\/LBB\/author\/hugo_dervissoglou\/"}]}},"_links":{"self":[{"href":"https:\/\/lyonbondyblog.fr\/LBB\/wp-json\/wp\/v2\/posts\/14977","targetHints":{"allow":["GET"]}}],"collection":[{"href":"https:\/\/lyonbondyblog.fr\/LBB\/wp-json\/wp\/v2\/posts"}],"about":[{"href":"https:\/\/lyonbondyblog.fr\/LBB\/wp-json\/wp\/v2\/types\/post"}],"author":[{"embeddable":true,"href":"https:\/\/lyonbondyblog.fr\/LBB\/wp-json\/wp\/v2\/users\/5729"}],"replies":[{"embeddable":true,"href":"https:\/\/lyonbondyblog.fr\/LBB\/wp-json\/wp\/v2\/comments?post=14977"}],"version-history":[{"count":1,"href":"https:\/\/lyonbondyblog.fr\/LBB\/wp-json\/wp\/v2\/posts\/14977\/revisions"}],"predecessor-version":[{"id":14981,"href":"https:\/\/lyonbondyblog.fr\/LBB\/wp-json\/wp\/v2\/posts\/14977\/revisions\/14981"}],"wp:featuredmedia":[{"embeddable":true,"href":"https:\/\/lyonbondyblog.fr\/LBB\/wp-json\/wp\/v2\/media\/14978"}],"wp:attachment":[{"href":"https:\/\/lyonbondyblog.fr\/LBB\/wp-json\/wp\/v2\/media?parent=14977"}],"wp:term":[{"taxonomy":"category","embeddable":true,"href":"https:\/\/lyonbondyblog.fr\/LBB\/wp-json\/wp\/v2\/categories?post=14977"},{"taxonomy":"post_tag","embeddable":true,"href":"https:\/\/lyonbondyblog.fr\/LBB\/wp-json\/wp\/v2\/tags?post=14977"}],"curies":[{"name":"wp","href":"https:\/\/api.w.org\/{rel}","templated":true}]}}