{"id":14974,"date":"2018-12-06T11:17:53","date_gmt":"2018-12-06T10:17:53","guid":{"rendered":"http:\/\/lyonbondyblog.fr\/LBB\/?p=14974"},"modified":"2018-12-06T11:17:53","modified_gmt":"2018-12-06T10:17:53","slug":"droit-de-reponse-de-nathalie-frier-maire-de-saint-fons","status":"publish","type":"post","link":"https:\/\/lyonbondyblog.fr\/LBB\/droit-de-reponse-de-nathalie-frier-maire-de-saint-fons\/","title":{"rendered":"Droit de r\u00e9ponse de Nathalie Frier, maire de Saint-Fons"},"content":{"rendered":"<h2>J\u2019ai pris connaissance avec stupeur de la lettre ouverte publi\u00e9e sur le Lyon Bondy Blog.&nbsp;D\u2019abord, parce qu\u2019elle prend la forme surprenante d\u2019une lettre anonyme&nbsp;: on ne sait pas qui parle, mais je souhaite n\u00e9anmoins r\u00e9pondre.&nbsp;<\/h2>\n<p>&nbsp;<\/p>\n<p>En effet, cette lettre contient des informations fausses, des \u00ab&nbsp;fakes news&nbsp;\u00bb comme l\u2019on dit de nos jours, \u00e9num\u00e9r\u00e9es sans autre intention que de tromper les gens. Dans quel but cach\u00e9&nbsp;?&nbsp; &nbsp;<\/p>\n<p>Sur la parentalit\u00e9, je rappelle que notre Ville a engag\u00e9 de nombreuses actions (lieu d\u2019accueil enfants parents, m\u00e9diatrice parentalit\u00e9, travail avec l\u2019ACEPP Rh\u00f4ne, soutien \u00e0 l\u2019excellente initiative associative d\u2019une Maison des Parents\u2026). Si tout allait bien, nous n\u2019aurions pas besoin de nous mobiliser autant. J\u2019ai en effet fait r\u00e9f\u00e9rence \u00e0 des faits av\u00e9r\u00e9s de conflits pass\u00e9s&nbsp;: ce n\u2019est bien s\u00fbr pas une g\u00e9n\u00e9ralit\u00e9, et les mots employ\u00e9s dans l\u2019interview le montre. Mais ne pas nommer les choses, les cacher, c\u2019est aggraver le probl\u00e8me&nbsp;!<\/p>\n<p>Quant \u00e0 la politique en faveur des jeunes \u00e0 Saint-Fons, je citerai&nbsp;: la mise en place d\u2019un contrat municipal \u00e9tudiant qui aide les jeunes \u00e0 poursuivre leurs \u00e9tudes&nbsp;;&nbsp; l\u2019engagement r\u00e9solu dans la dynamique du service civique&nbsp;; l\u2019entretien de nombreuses infrastructures sportives fr\u00e9quent\u00e9es par les jeunes&nbsp;; le soutien \u00e0 la Coop\u00e9rative Jeunesse de services chaque ann\u00e9e&nbsp;; les chantiers VVV&nbsp;; les Bons Plans qui permettent aux jeunes de d\u00e9couvrir de nombreuses activit\u00e9s\u2026&nbsp;<\/p>\n<p>Pour les plus petits, comment ne pas citer le p\u00e9riscolaire, sp\u00e9cificit\u00e9 forte de Saint-Fons conserv\u00e9e malgr\u00e9 toutes les r\u00e9formes sur les rythmes scolaires&nbsp;?<\/p>\n<p>Au sujet des rythmes, la consultation n\u2019\u00e9tait pas obligatoire pour les communes ne souhaitant pas changer leur rythme, et c\u2019\u00e9tait notre cas&nbsp;: changer les rythmes sans arr\u00eat, sans \u00e9valuation, c\u2019est perturber l\u2019enfant. Quant \u00e0 la consultation \u00e9voqu\u00e9e dans la lettre ouverte anonyme, je rappelle qu\u2019elle n\u2019a pas \u00e9t\u00e9 r\u00e9alis\u00e9e dans toutes les \u00e9coles et par une seule association de parents.&nbsp;<\/p>\n<p>Ensuite, je rappelle que l\u2019essentiel de la fiscalit\u00e9 des entreprises ne va pas \u00e0 la Ville mais \u00e0 la M\u00e9tropole, depuis la suppression de la taxe professionnelle. Faire r\u00e9f\u00e9rence \u00e0 une <i>\u00ab&nbsp;forte imposition obtenue sur les industries alentours&nbsp;\u00bb<\/i> renvoie \u00e0 une situation vieille d\u2019une trentaine d\u2019ann\u00e9es&nbsp;! Quant \u00e0 la fiscalit\u00e9 des m\u00e9nages, conform\u00e9ment nos engagements, nous n\u2019avons pas augment\u00e9 les taux communaux depuis 2014, contrairement \u00e0 la p\u00e9riode 2008-2014.<\/p>\n<p>Parler de manque d\u2019\u00e9coute r\u00e9v\u00e8le sans doute un manque de connaissance du terrain et de ma pratique en tant que Maire.&nbsp;<\/p>\n<p>Depuis le d\u00e9but du mandat, la porte de mon bureau est toujours ouverte, je re\u00e7ois r\u00e9guli\u00e8rement des parents d\u2019\u00e9l\u00e8ves, soit pour leur probl\u00e9matiques personnelles, soit sur des sujets plus larges. Elle reste ouverte \u00e0 tous ceux qui, ayant le courage de leurs opinions, souhaiteront s\u2019en entretenir avec moi.&nbsp;<\/p>\n<p>Je trouverai toujours indigne de faire de la politique sur le dos des parents d\u2019\u00e9l\u00e8ves et des enfants.<\/p>\n<p>&nbsp;<\/p>\n<p><b>Nathalie Frier<\/b><\/p>\n<p><b>Maire de Saint-Fons<\/b><\/p>\n<!-- AddThis Advanced Settings generic via filter on the_content --><!-- AddThis Share Buttons generic via filter on the_content -->","protected":false},"excerpt":{"rendered":"<p>J\u2019ai pris connaissance avec stupeur de la lettre ouverte publi\u00e9e sur le Lyon Bondy Blog.&nbsp;D\u2019abord, parce qu\u2019elle prend la forme surprenante d\u2019une lettre anonyme&nbsp;: on &hellip; <!-- AddThis Advanced Settings generic via filter on wp_trim_excerpt --><!-- AddThis Share Buttons generic via filter on wp_trim_excerpt --><\/p>\n","protected":false},"author":1,"featured_media":14949,"comment_status":"open","ping_status":"open","sticky":false,"template":"","format":"standard","meta":{"_FSMCFIC_featured_image_caption":"","_FSMCFIC_featured_image_nocaption":"","_FSMCFIC_featured_image_hide":"","footnotes":""},"categories":[3517,1546],"tags":[1130,6783,141],"class_list":["post-14974","post","type-post","status-publish","format-standard","has-post-thumbnail","hentry","category-education","category-tribune-libre","tag-education","tag-nathalie-frier","tag-saint-fons"],"yoast_head":"<!-- This site is optimized with the Yoast SEO plugin v22.8 - https:\/\/yoast.com\/wordpress\/plugins\/seo\/ -->\n<title>Droit de r\u00e9ponse de Nathalie Frier, maire de Saint-Fons - Lyon Bondy Blog<\/title>\n<meta name=\"description\" content=\"Nathalie Frier, maire de Saint-Fons, r\u00e9pond \u00e0 la lettre ouverte des parents d&#039;\u00e9l\u00e8ves concernant l&#039;\u00e9ducation \u00e0 Saint-Fons.\" \/>\n<meta name=\"robots\" content=\"index, follow, max-snippet:-1, max-image-preview:large, max-video-preview:-1\" \/>\n<link rel=\"canonical\" href=\"https:\/\/lyonbondyblog.fr\/LBB\/droit-de-reponse-de-nathalie-frier-maire-de-saint-fons\/\" \/>\n<meta property=\"og:locale\" content=\"fr_FR\" \/>\n<meta property=\"og:type\" content=\"article\" \/>\n<meta property=\"og:title\" content=\"Droit de r\u00e9ponse de Nathalie Frier, maire de Saint-Fons - Lyon Bondy Blog\" \/>\n<meta property=\"og:description\" content=\"Nathalie Frier, maire de Saint-Fons, r\u00e9pond \u00e0 la lettre ouverte des parents d&#039;\u00e9l\u00e8ves concernant l&#039;\u00e9ducation \u00e0 Saint-Fons.\" \/>\n<meta property=\"og:url\" content=\"https:\/\/lyonbondyblog.fr\/LBB\/droit-de-reponse-de-nathalie-frier-maire-de-saint-fons\/\" \/>\n<meta property=\"og:site_name\" content=\"Lyon Bondy Blog\" \/>\n<meta property=\"article:publisher\" content=\"https:\/\/www.facebook.com\/lyonbondyblog\" \/>\n<meta property=\"article:author\" content=\"https:\/\/www.facebook.com\/lyonbondyblog\" \/>\n<meta property=\"article:published_time\" content=\"2018-12-06T10:17:53+00:00\" \/>\n<meta property=\"og:image\" content=\"https:\/\/lyonbondyblog.fr\/LBB\/wp-content\/uploads\/2018\/12\/photo-st-fons-2.jpg\" \/>\n\t<meta property=\"og:image:width\" content=\"1632\" \/>\n\t<meta property=\"og:image:height\" content=\"918\" \/>\n\t<meta property=\"og:image:type\" content=\"image\/jpeg\" \/>\n<meta name=\"author\" content=\"La r\u00e9daction\" \/>\n<meta name=\"twitter:card\" content=\"summary_large_image\" \/>\n<meta name=\"twitter:creator\" content=\"@BondyBlogLyon\" \/>\n<meta name=\"twitter:site\" content=\"@bondybloglyon\" \/>\n<script type=\"application\/ld+json\" class=\"yoast-schema-graph\">{\"@context\":\"https:\/\/schema.org\",\"@graph\":[{\"@type\":\"Article\",\"@id\":\"https:\/\/lyonbondyblog.fr\/LBB\/droit-de-reponse-de-nathalie-frier-maire-de-saint-fons\/#article\",\"isPartOf\":{\"@id\":\"https:\/\/lyonbondyblog.fr\/LBB\/droit-de-reponse-de-nathalie-frier-maire-de-saint-fons\/\"},\"author\":{\"name\":\"La r\u00e9daction\",\"@id\":\"https:\/\/lyonbondyblog.fr\/LBB\/#\/schema\/person\/e45f8d27baac75072daa0be50c409b25\"},\"headline\":\"Droit de r\u00e9ponse de Nathalie Frier, maire de Saint-Fons\",\"datePublished\":\"2018-12-06T10:17:53+00:00\",\"dateModified\":\"2018-12-06T10:17:53+00:00\",\"mainEntityOfPage\":{\"@id\":\"https:\/\/lyonbondyblog.fr\/LBB\/droit-de-reponse-de-nathalie-frier-maire-de-saint-fons\/\"},\"wordCount\":565,\"commentCount\":0,\"publisher\":{\"@id\":\"https:\/\/lyonbondyblog.fr\/LBB\/#organization\"},\"image\":{\"@id\":\"https:\/\/lyonbondyblog.fr\/LBB\/droit-de-reponse-de-nathalie-frier-maire-de-saint-fons\/#primaryimage\"},\"thumbnailUrl\":\"https:\/\/lyonbondyblog.fr\/LBB\/wp-content\/uploads\/2018\/12\/photo-st-fons-2.jpg\",\"keywords\":[\"Education\",\"Nathalie Frier\",\"Saint Fons\"],\"articleSection\":[\"Education\",\"Tribune libre\"],\"inLanguage\":\"fr-FR\",\"potentialAction\":[{\"@type\":\"CommentAction\",\"name\":\"Comment\",\"target\":[\"https:\/\/lyonbondyblog.fr\/LBB\/droit-de-reponse-de-nathalie-frier-maire-de-saint-fons\/#respond\"]}]},{\"@type\":\"WebPage\",\"@id\":\"https:\/\/lyonbondyblog.fr\/LBB\/droit-de-reponse-de-nathalie-frier-maire-de-saint-fons\/\",\"url\":\"https:\/\/lyonbondyblog.fr\/LBB\/droit-de-reponse-de-nathalie-frier-maire-de-saint-fons\/\",\"name\":\"Droit de r\u00e9ponse de Nathalie Frier, maire de Saint-Fons - Lyon Bondy Blog\",\"isPartOf\":{\"@id\":\"https:\/\/lyonbondyblog.fr\/LBB\/#website\"},\"primaryImageOfPage\":{\"@id\":\"https:\/\/lyonbondyblog.fr\/LBB\/droit-de-reponse-de-nathalie-frier-maire-de-saint-fons\/#primaryimage\"},\"image\":{\"@id\":\"https:\/\/lyonbondyblog.fr\/LBB\/droit-de-reponse-de-nathalie-frier-maire-de-saint-fons\/#primaryimage\"},\"thumbnailUrl\":\"https:\/\/lyonbondyblog.fr\/LBB\/wp-content\/uploads\/2018\/12\/photo-st-fons-2.jpg\",\"datePublished\":\"2018-12-06T10:17:53+00:00\",\"dateModified\":\"2018-12-06T10:17:53+00:00\",\"description\":\"Nathalie Frier, maire de Saint-Fons, r\u00e9pond \u00e0 la lettre ouverte des parents d'\u00e9l\u00e8ves concernant l'\u00e9ducation \u00e0 Saint-Fons.\",\"inLanguage\":\"fr-FR\",\"potentialAction\":[{\"@type\":\"ReadAction\",\"target\":[\"https:\/\/lyonbondyblog.fr\/LBB\/droit-de-reponse-de-nathalie-frier-maire-de-saint-fons\/\"]}]},{\"@type\":\"ImageObject\",\"inLanguage\":\"fr-FR\",\"@id\":\"https:\/\/lyonbondyblog.fr\/LBB\/droit-de-reponse-de-nathalie-frier-maire-de-saint-fons\/#primaryimage\",\"url\":\"https:\/\/lyonbondyblog.fr\/LBB\/wp-content\/uploads\/2018\/12\/photo-st-fons-2.jpg\",\"contentUrl\":\"https:\/\/lyonbondyblog.fr\/LBB\/wp-content\/uploads\/2018\/12\/photo-st-fons-2.jpg\",\"width\":1632,\"height\":918},{\"@type\":\"WebSite\",\"@id\":\"https:\/\/lyonbondyblog.fr\/LBB\/#website\",\"url\":\"https:\/\/lyonbondyblog.fr\/LBB\/\",\"name\":\"Lyon Bondy Blog\",\"description\":\"\",\"publisher\":{\"@id\":\"https:\/\/lyonbondyblog.fr\/LBB\/#organization\"},\"potentialAction\":[{\"@type\":\"SearchAction\",\"target\":{\"@type\":\"EntryPoint\",\"urlTemplate\":\"https:\/\/lyonbondyblog.fr\/LBB\/?s={search_term_string}\"},\"query-input\":\"required name=search_term_string\"}],\"inLanguage\":\"fr-FR\"},{\"@type\":\"Organization\",\"@id\":\"https:\/\/lyonbondyblog.fr\/LBB\/#organization\",\"name\":\"LYON BONDY BLOG\",\"url\":\"https:\/\/lyonbondyblog.fr\/LBB\/\",\"logo\":{\"@type\":\"ImageObject\",\"inLanguage\":\"fr-FR\",\"@id\":\"https:\/\/lyonbondyblog.fr\/LBB\/#\/schema\/logo\/image\/\",\"url\":\"http:\/\/lyonbondyblog.fr\/LBB\/wp-content\/uploads\/2014\/10\/logo-portable-144.png\",\"contentUrl\":\"http:\/\/lyonbondyblog.fr\/LBB\/wp-content\/uploads\/2014\/10\/logo-portable-144.png\",\"width\":144,\"height\":123,\"caption\":\"LYON BONDY BLOG\"},\"image\":{\"@id\":\"https:\/\/lyonbondyblog.fr\/LBB\/#\/schema\/logo\/image\/\"},\"sameAs\":[\"https:\/\/www.facebook.com\/lyonbondyblog\",\"https:\/\/x.com\/bondybloglyon\"]},{\"@type\":\"Person\",\"@id\":\"https:\/\/lyonbondyblog.fr\/LBB\/#\/schema\/person\/e45f8d27baac75072daa0be50c409b25\",\"name\":\"La r\u00e9daction\",\"description\":\"Cr\u00e9e en 2008, la r\u00e9daction du Lyon Bondy Blog s'applique \u00e0 proposer une information locale diff\u00e9rente et compl\u00e9mentaire des m\u00e9dias traditionnels.\",\"sameAs\":[\"https:\/\/www.facebook.com\/lyonbondyblog\",\"https:\/\/x.com\/BondyBlogLyon\"],\"url\":\"https:\/\/lyonbondyblog.fr\/LBB\/author\/admin\/\"}]}<\/script>\n<!-- \/ Yoast SEO plugin. -->","yoast_head_json":{"title":"Droit de r\u00e9ponse de Nathalie Frier, maire de Saint-Fons - Lyon Bondy Blog","description":"Nathalie Frier, maire de Saint-Fons, r\u00e9pond \u00e0 la lettre ouverte des parents d'\u00e9l\u00e8ves concernant l'\u00e9ducation \u00e0 Saint-Fons.","robots":{"index":"index","follow":"follow","max-snippet":"max-snippet:-1","max-image-preview":"max-image-preview:large","max-video-preview":"max-video-preview:-1"},"canonical":"https:\/\/lyonbondyblog.fr\/LBB\/droit-de-reponse-de-nathalie-frier-maire-de-saint-fons\/","og_locale":"fr_FR","og_type":"article","og_title":"Droit de r\u00e9ponse de Nathalie Frier, maire de Saint-Fons - Lyon Bondy Blog","og_description":"Nathalie Frier, maire de Saint-Fons, r\u00e9pond \u00e0 la lettre ouverte des parents d'\u00e9l\u00e8ves concernant l'\u00e9ducation \u00e0 Saint-Fons.","og_url":"https:\/\/lyonbondyblog.fr\/LBB\/droit-de-reponse-de-nathalie-frier-maire-de-saint-fons\/","og_site_name":"Lyon Bondy Blog","article_publisher":"https:\/\/www.facebook.com\/lyonbondyblog","article_author":"https:\/\/www.facebook.com\/lyonbondyblog","article_published_time":"2018-12-06T10:17:53+00:00","og_image":[{"width":1632,"height":918,"url":"https:\/\/lyonbondyblog.fr\/LBB\/wp-content\/uploads\/2018\/12\/photo-st-fons-2.jpg","type":"image\/jpeg"}],"author":"La r\u00e9daction","twitter_card":"summary_large_image","twitter_creator":"@BondyBlogLyon","twitter_site":"@bondybloglyon","schema":{"@context":"https:\/\/schema.org","@graph":[{"@type":"Article","@id":"https:\/\/lyonbondyblog.fr\/LBB\/droit-de-reponse-de-nathalie-frier-maire-de-saint-fons\/#article","isPartOf":{"@id":"https:\/\/lyonbondyblog.fr\/LBB\/droit-de-reponse-de-nathalie-frier-maire-de-saint-fons\/"},"author":{"name":"La r\u00e9daction","@id":"https:\/\/lyonbondyblog.fr\/LBB\/#\/schema\/person\/e45f8d27baac75072daa0be50c409b25"},"headline":"Droit de r\u00e9ponse de Nathalie Frier, maire de Saint-Fons","datePublished":"2018-12-06T10:17:53+00:00","dateModified":"2018-12-06T10:17:53+00:00","mainEntityOfPage":{"@id":"https:\/\/lyonbondyblog.fr\/LBB\/droit-de-reponse-de-nathalie-frier-maire-de-saint-fons\/"},"wordCount":565,"commentCount":0,"publisher":{"@id":"https:\/\/lyonbondyblog.fr\/LBB\/#organization"},"image":{"@id":"https:\/\/lyonbondyblog.fr\/LBB\/droit-de-reponse-de-nathalie-frier-maire-de-saint-fons\/#primaryimage"},"thumbnailUrl":"https:\/\/lyonbondyblog.fr\/LBB\/wp-content\/uploads\/2018\/12\/photo-st-fons-2.jpg","keywords":["Education","Nathalie Frier","Saint Fons"],"articleSection":["Education","Tribune libre"],"inLanguage":"fr-FR","potentialAction":[{"@type":"CommentAction","name":"Comment","target":["https:\/\/lyonbondyblog.fr\/LBB\/droit-de-reponse-de-nathalie-frier-maire-de-saint-fons\/#respond"]}]},{"@type":"WebPage","@id":"https:\/\/lyonbondyblog.fr\/LBB\/droit-de-reponse-de-nathalie-frier-maire-de-saint-fons\/","url":"https:\/\/lyonbondyblog.fr\/LBB\/droit-de-reponse-de-nathalie-frier-maire-de-saint-fons\/","name":"Droit de r\u00e9ponse de Nathalie Frier, maire de Saint-Fons - Lyon Bondy Blog","isPartOf":{"@id":"https:\/\/lyonbondyblog.fr\/LBB\/#website"},"primaryImageOfPage":{"@id":"https:\/\/lyonbondyblog.fr\/LBB\/droit-de-reponse-de-nathalie-frier-maire-de-saint-fons\/#primaryimage"},"image":{"@id":"https:\/\/lyonbondyblog.fr\/LBB\/droit-de-reponse-de-nathalie-frier-maire-de-saint-fons\/#primaryimage"},"thumbnailUrl":"https:\/\/lyonbondyblog.fr\/LBB\/wp-content\/uploads\/2018\/12\/photo-st-fons-2.jpg","datePublished":"2018-12-06T10:17:53+00:00","dateModified":"2018-12-06T10:17:53+00:00","description":"Nathalie Frier, maire de Saint-Fons, r\u00e9pond \u00e0 la lettre ouverte des parents d'\u00e9l\u00e8ves concernant l'\u00e9ducation \u00e0 Saint-Fons.","inLanguage":"fr-FR","potentialAction":[{"@type":"ReadAction","target":["https:\/\/lyonbondyblog.fr\/LBB\/droit-de-reponse-de-nathalie-frier-maire-de-saint-fons\/"]}]},{"@type":"ImageObject","inLanguage":"fr-FR","@id":"https:\/\/lyonbondyblog.fr\/LBB\/droit-de-reponse-de-nathalie-frier-maire-de-saint-fons\/#primaryimage","url":"https:\/\/lyonbondyblog.fr\/LBB\/wp-content\/uploads\/2018\/12\/photo-st-fons-2.jpg","contentUrl":"https:\/\/lyonbondyblog.fr\/LBB\/wp-content\/uploads\/2018\/12\/photo-st-fons-2.jpg","width":1632,"height":918},{"@type":"WebSite","@id":"https:\/\/lyonbondyblog.fr\/LBB\/#website","url":"https:\/\/lyonbondyblog.fr\/LBB\/","name":"Lyon Bondy Blog","description":"","publisher":{"@id":"https:\/\/lyonbondyblog.fr\/LBB\/#organization"},"potentialAction":[{"@type":"SearchAction","target":{"@type":"EntryPoint","urlTemplate":"https:\/\/lyonbondyblog.fr\/LBB\/?s={search_term_string}"},"query-input":"required name=search_term_string"}],"inLanguage":"fr-FR"},{"@type":"Organization","@id":"https:\/\/lyonbondyblog.fr\/LBB\/#organization","name":"LYON BONDY BLOG","url":"https:\/\/lyonbondyblog.fr\/LBB\/","logo":{"@type":"ImageObject","inLanguage":"fr-FR","@id":"https:\/\/lyonbondyblog.fr\/LBB\/#\/schema\/logo\/image\/","url":"http:\/\/lyonbondyblog.fr\/LBB\/wp-content\/uploads\/2014\/10\/logo-portable-144.png","contentUrl":"http:\/\/lyonbondyblog.fr\/LBB\/wp-content\/uploads\/2014\/10\/logo-portable-144.png","width":144,"height":123,"caption":"LYON BONDY BLOG"},"image":{"@id":"https:\/\/lyonbondyblog.fr\/LBB\/#\/schema\/logo\/image\/"},"sameAs":["https:\/\/www.facebook.com\/lyonbondyblog","https:\/\/x.com\/bondybloglyon"]},{"@type":"Person","@id":"https:\/\/lyonbondyblog.fr\/LBB\/#\/schema\/person\/e45f8d27baac75072daa0be50c409b25","name":"La r\u00e9daction","description":"Cr\u00e9e en 2008, la r\u00e9daction du Lyon Bondy Blog s'applique \u00e0 proposer une information locale diff\u00e9rente et compl\u00e9mentaire des m\u00e9dias traditionnels.","sameAs":["https:\/\/www.facebook.com\/lyonbondyblog","https:\/\/x.com\/BondyBlogLyon"],"url":"https:\/\/lyonbondyblog.fr\/LBB\/author\/admin\/"}]}},"_links":{"self":[{"href":"https:\/\/lyonbondyblog.fr\/LBB\/wp-json\/wp\/v2\/posts\/14974","targetHints":{"allow":["GET"]}}],"collection":[{"href":"https:\/\/lyonbondyblog.fr\/LBB\/wp-json\/wp\/v2\/posts"}],"about":[{"href":"https:\/\/lyonbondyblog.fr\/LBB\/wp-json\/wp\/v2\/types\/post"}],"author":[{"embeddable":true,"href":"https:\/\/lyonbondyblog.fr\/LBB\/wp-json\/wp\/v2\/users\/1"}],"replies":[{"embeddable":true,"href":"https:\/\/lyonbondyblog.fr\/LBB\/wp-json\/wp\/v2\/comments?post=14974"}],"version-history":[{"count":1,"href":"https:\/\/lyonbondyblog.fr\/LBB\/wp-json\/wp\/v2\/posts\/14974\/revisions"}],"predecessor-version":[{"id":14975,"href":"https:\/\/lyonbondyblog.fr\/LBB\/wp-json\/wp\/v2\/posts\/14974\/revisions\/14975"}],"wp:featuredmedia":[{"embeddable":true,"href":"https:\/\/lyonbondyblog.fr\/LBB\/wp-json\/wp\/v2\/media\/14949"}],"wp:attachment":[{"href":"https:\/\/lyonbondyblog.fr\/LBB\/wp-json\/wp\/v2\/media?parent=14974"}],"wp:term":[{"taxonomy":"category","embeddable":true,"href":"https:\/\/lyonbondyblog.fr\/LBB\/wp-json\/wp\/v2\/categories?post=14974"},{"taxonomy":"post_tag","embeddable":true,"href":"https:\/\/lyonbondyblog.fr\/LBB\/wp-json\/wp\/v2\/tags?post=14974"}],"curies":[{"name":"wp","href":"https:\/\/api.w.org\/{rel}","templated":true}]}}