{"id":14941,"date":"2018-12-10T15:26:26","date_gmt":"2018-12-10T14:26:26","guid":{"rendered":"http:\/\/lyonbondyblog.fr\/LBB\/?p=14941"},"modified":"2018-12-10T15:28:56","modified_gmt":"2018-12-10T14:28:56","slug":"retro-dans-les-bidonvilles-de-gerland","status":"publish","type":"post","link":"https:\/\/lyonbondyblog.fr\/LBB\/retro-dans-les-bidonvilles-de-gerland\/","title":{"rendered":"R\u00e9tro : dans les bidonvilles de Gerland"},"content":{"rendered":"<p><b><strong>Dans cette r\u00e9trospective, le <em>Lyon Bondy Blog<\/em> vous propose une immersion dans les bidonvilles de Gerland de l\u2019apr\u00e8s-guerre. Mettre fin \u00e0 ces taudis, situ\u00e9s \u00e0 quelques kilom\u00e8tres \u00e0 peine du centre-ville, a \u00e9t\u00e9 un cheval de bataille du maire Louis Pradel.<\/strong><\/b><\/p>\n<p>Entour\u00e9e par les murs b\u00e9tonn\u00e9s de la station de m\u00e9tro Debourg, une plaque : <i>\u00ab&nbsp;Ici le samedi 7 f\u00e9vrier 1959 Louis Pradel vint constater les difficiles conditions de vie des familles ouvri\u00e8res. \u00bb <\/i>Surnomm\u00e9 \u00ab&nbsp;roi b\u00e9ton&nbsp;\u00bb, ce maire de Lyon de 1957 \u00e0 1976, n\u2019a cess\u00e9 d\u2019\u0153uvrer des grands travaux pour m\u00e9tamorphoser la ville.<\/p>\n<h2><strong>Un quartier d\u2019accueil<\/strong><\/h2>\n<p>Avant cette visite du maire, Gerland n\u2019a cess\u00e9 d\u2019\u00eatre influenc\u00e9 par des vagues d\u2019immigrations de tous horizons, en fonction des appels d\u2019offres lanc\u00e9es par les usines pour attirer des ouvriers \u00e9trangers. Un besoin de d\u00e9veloppement constant et de main d\u2019\u0153uvre bon march\u00e9 a entra\u00een\u00e9 un d\u00e9racinement, temporaire pour certains, de leur pays d\u2019origine : Italiens, Espagnols, Alg\u00e9riens&nbsp;; hommes seuls ou familles enti\u00e8res. En qu\u00eate d\u2019une situation meilleure, ces personnes se sont retrouv\u00e9es \u00e0 habiter dans ce qu\u2019on appelait dans les ann\u00e9es 1920-1930 des \u00ab&nbsp;baraquements militaires&nbsp;\u00bb, puis \u00e0 partir des ann\u00e9es 1950 \u00ab&nbsp;des bidonvilles&nbsp;\u00bb.<\/p>\n<p>Ces espaces d\u2019habitation ont marqu\u00e9 les m\u00e9moires \u00e0 cause de leur insalubrit\u00e9, de leur pr\u00e9carit\u00e9, du manque de ressources, de voies d\u2019assainissement et d\u2019accessibilit\u00e9 \u00e0 l\u2019eau courante. Ils ont \u00e9t\u00e9 de nombreuses fois d\u00e9truits, pour r\u00e9appara\u00eetre en <a href=\"https:\/\/www.youtube.com\/watch?v=ht5Qc0MPpDM\" target=\"_blank\" rel=\"noopener\">p\u00e9riodes de crises de logement notamment, que Lyon a rencontr\u00e9 \u00e0 plusieurs reprises au long du XX<sup>\u00e8me<\/sup> si\u00e8cle<\/a>. L\u2019originalit\u00e9 de Gerland n\u2019en resta pas moins sa capacit\u00e9 \u00e0 accueillir des hommes comme des industries.<\/p>\n<p>Selon les termes employ\u00e9s par Fran\u00e7ois Bregnac :<\/p>\n<blockquote><p><i>\u00ab&nbsp;Gerland est l\u2019inverse d\u2019un espace de rel\u00e9gation, c\u2019est un quartier qui a accueilli au XIX\u00e8me si\u00e8cle l\u2019agriculture, la grande industrie logistique jusqu\u2019\u00e0 la moiti\u00e9 du XX\u00e8me si\u00e8cle, les grandes \u0153uvres de \u201cla Cit\u00e9 industrielle\u201d Tony Garnier des ann\u00e9es 1920-1930. Ce n\u2019est pas rien, quand m\u00eame : les abattoirs, le stade\u2026 <\/i>le quartier<i> a accueilli dans les ann\u00e9es 1970 les logements sociaux pour r\u00e9sorber les bidonvilles de l\u2019agglom\u00e9ration lyonnaise, et, depuis les ann\u00e9es 1980, le renouvellement de la ville.<\/i>&nbsp;<i>C\u2019est un quartier d\u2019accueil, un peu souple, qui facilite les choses. C\u2019est un laboratoire&nbsp;!&nbsp;\u00bb<\/i><\/p><\/blockquote>\n<figure id=\"attachment_14953\" aria-describedby=\"caption-attachment-14953\" style=\"width: 1024px\" class=\"wp-caption aligncenter\"><img loading=\"lazy\" decoding=\"async\" class=\"size-large wp-image-14953\" src=\"https:\/\/lyonbondyblog.fr\/LBB\/wp-content\/uploads\/2018\/12\/20181106_165940-1024x768.jpg\" alt=\"Les anciens abattoirs, aujourd'hui halle Tony Garnier. Cr\u00e9dit Zahra Blal \/ LyonBondyBlog.\" width=\"1024\" height=\"768\" srcset=\"https:\/\/lyonbondyblog.fr\/LBB\/wp-content\/uploads\/2018\/12\/20181106_165940-1024x768.jpg 1024w, https:\/\/lyonbondyblog.fr\/LBB\/wp-content\/uploads\/2018\/12\/20181106_165940-300x225.jpg 300w, https:\/\/lyonbondyblog.fr\/LBB\/wp-content\/uploads\/2018\/12\/20181106_165940-768x576.jpg 768w, https:\/\/lyonbondyblog.fr\/LBB\/wp-content\/uploads\/2018\/12\/20181106_165940-600x450.jpg 600w\" sizes=\"auto, (max-width: 1024px) 100vw, 1024px\" \/><figcaption id=\"caption-attachment-14953\" class=\"wp-caption-text\">Les anciens abattoirs, aujourd&rsquo;hui halle Tony Garnier. Cr\u00e9dit Zahra Blal \/ LyonBondyBlog.<\/figcaption><\/figure>\n<h2><strong>Vers une am\u00e9lioration des conditions de logement<\/strong><\/h2>\n<p>Pour comprendre la situation de Gerland sous la mandature de Louis Pradel, il faut tout d\u2019abord s\u2019int\u00e9resser \u00e0 son histoire g\u00e9ographique, li\u00e9e au &nbsp;d\u00e9veloppement de la ville de Lyon.<\/p>\n<blockquote><p><i>\u00ab Gerland est&nbsp;un territoire agricole avant 1950. Jusque dans les ann\u00e9es 1970, il va accueillir des zones industrielles, de tr\u00e8s grands \u00e9quipements. \u00c7a, c\u2019est sous la p\u00e9riode Herriot, avec la Halle Tony Garnier, les abattoirs, etc. Comme c\u2019est un quartier qui est un peu \u00e0 l\u2019ext\u00e9rieur du centre, il va servir de base logistique&nbsp;\u00bb<\/i>.<\/p><\/blockquote>\n<p>Ainsi, les ouvriers habitaient au plus pr\u00e8s de leur lieu de travail.<\/p>\n<p>Lyon, comme toutes les villes de France d\u2019apr\u00e8s guerre, est alors dans une phase de lente reconstruction de ses logements. Ces am\u00e9nagements ont \u00e9galement \u00e9t\u00e9 influenc\u00e9s par des politiques nationales de plans de construction d\u2019urbanisme d\u2019urgence, appel\u00e9s les ZUP, pour \u00ab zones urbaines prioritaires \u00bb. Louis Pradel s\u2019est inscrit dans ce processus.<\/p>\n<p>Comme le souligne l\u2019ancien Directeur g\u00e9n\u00e9ral adjoint de l\u2019Agence d\u2019urbanisme de Lyon, pour les quartiers se trouvant dans la couronne lyonnaise :<\/p>\n<blockquote><p><i>\u00ab Les ZUP, c\u2019est l\u2019id\u00e9e de r\u00e9sorber les bidonvilles ou les logements insalubres qui \u00e9taient n\u00e9s de l\u2019apr\u00e8s-guerre, qui seront construites \u00e0 partir des ann\u00e9es 1960. \u00bb<\/i><\/p><\/blockquote>\n<p>Gerland n\u2019est quant \u00e0 lui touch\u00e9 par les nouveaux logements que sous Louis Pradel, \u00e0 partir des ann\u00e9es 1970 et la construction des b\u00e2timents situ\u00e9s en face des Halles Tony Garnier, place Antonin Perrin.<\/p>\n<figure id=\"attachment_14958\" aria-describedby=\"caption-attachment-14958\" style=\"width: 1024px\" class=\"wp-caption aligncenter\"><img loading=\"lazy\" decoding=\"async\" class=\"size-large wp-image-14958\" src=\"https:\/\/lyonbondyblog.fr\/LBB\/wp-content\/uploads\/2018\/12\/20181123_163201-1024x822.jpg\" alt=\"Place Antonin Perrin. Cr\u00e9dit Zahra Blal \/ LyonBondyBlog.\" width=\"1024\" height=\"822\" srcset=\"https:\/\/lyonbondyblog.fr\/LBB\/wp-content\/uploads\/2018\/12\/20181123_163201-1024x822.jpg 1024w, https:\/\/lyonbondyblog.fr\/LBB\/wp-content\/uploads\/2018\/12\/20181123_163201-300x241.jpg 300w, https:\/\/lyonbondyblog.fr\/LBB\/wp-content\/uploads\/2018\/12\/20181123_163201-768x617.jpg 768w, https:\/\/lyonbondyblog.fr\/LBB\/wp-content\/uploads\/2018\/12\/20181123_163201-600x482.jpg 600w\" sizes=\"auto, (max-width: 1024px) 100vw, 1024px\" \/><figcaption id=\"caption-attachment-14958\" class=\"wp-caption-text\">Place Antonin Perrin. Cr\u00e9dit Zahra Blal \/ LyonBondyBlog.<\/figcaption><\/figure>\n<p>Pour faire face au processus de d\u00e9mant\u00e8lement des bidonvilles pris en charge par la pr\u00e9fecture du Rh\u00f4ne et un service d\u2019hygi\u00e8ne rattach\u00e9 \u00e0 la mairie, ce sont principalement des associations, telles que le Foyer Notre Dame des Sans-Abri, qui s\u2019occupe de venir en aide aux personnes d\u00e9munies.<\/p>\n<h2><strong>La politique de Pradel sur ce terrain<\/strong><\/h2>\n<p>La volont\u00e9 de Pradel de se d\u00e9barrasser des bidonvilles n\u2019est pas nouvelle. D\u00e9j\u00e0 dans les ann\u00e9es 1930, Edouard Herriot avait d\u00e9cid\u00e9 de d\u00e9truire les baraquements militaires \u00e0 cause de leur \u00e9tat d\u00e9grad\u00e9.<\/p>\n<p>Malgr\u00e9 cela, les bidonvilles se sont de nouveau r\u00e9pandus \u00e0 Lyon et dans les alentours. Bien que lors d\u2019une r\u00e9union de presse, le maire Louis Pradel annonce en 1964 qu\u2019il n\u2019existe plus de bidonvilles sur le territoire lyonnais, de nouveaux villages sommaires sont de nouveau apparus.<\/p>\n<p>Par sa volont\u00e9 d\u2019\u00e9radiquer les bidonvilles et la r\u00e9ussite de ses op\u00e9rations sur la construction d\u2019un nouveau paysage urbain du quartier, sa politique s\u2019inscrit dans une continuit\u00e9 vis-\u00e0-vis de son pr\u00e9d\u00e9cesseur.<\/p>\n<h2><strong>Gerland se modernise perp\u00e9tuellement<\/strong><\/h2>\n<p>Entre terre d\u2019accueil et pr\u00e9sence de nombreuses entreprises et industries, Gerland est bien un \u00ab<i>&nbsp;laboratoire&nbsp;<\/i>\u00bb. Pour comprendre en quelques lignes l\u2019\u00e9volution du quartier de Gerland, Fran\u00e7ois Bregnac, parle de quatre phases qui d\u00e9butent \u00e0 partir des ann\u00e9es 1980&nbsp;:<\/p>\n<blockquote><p><i>\u00ab&nbsp;Phase une, de 1980<\/i> \u00e0 <i>1990 : on construit un centre inter-quartier sur le site des anciens abattoirs<\/i> [parc scientifique intellectuel, ndlr]<i> au sud. Phase deux, de 1990<\/i> \u00e0 <i>2000 : on compl\u00e8te avec de tr\u00e8s grands \u00e9quipements d\u2019agglom\u00e9ration, comme le m\u00e9tro B, le stade, l<\/i>\u2019\u00c9cole normale sup\u00e9rieure de &nbsp;<i>lettres. Ensuite, phase trois, de 2000 \u00e0 2020 : c\u2019est l\u2019ouverture de Gerland sur son environnement en \u00e9tablissant des liens; le pont Raymond Barre, la grande promenade de la rive gauche du Rh\u00f4ne qui relie les parcs de Gerland et de la T\u00eate d\u2019Or, le tram qui relie le quartier \u00e0 la Confluence. Phase quatre, actuellement : on remonte au nord, et on r\u00e9sidentialise le quartier (ZAC Bon lait, Nexans-Girondins), reconnectant le quartier sud \u00e0 la Guilloti\u00e8re&nbsp;\u00bb<\/i>.<\/p><\/blockquote>\n<figure id=\"attachment_14956\" aria-describedby=\"caption-attachment-14956\" style=\"width: 1024px\" class=\"wp-caption aligncenter\"><img loading=\"lazy\" decoding=\"async\" class=\"size-large wp-image-14956\" src=\"https:\/\/lyonbondyblog.fr\/LBB\/wp-content\/uploads\/2018\/12\/20181112_164152-1024x768.jpg\" alt=\"Phase 1 et 2 : m\u00e9tro B et ENS Lettres. Cr\u00e9dit Zahra Blal \/ LyonBondyBlog.\" width=\"1024\" height=\"768\" srcset=\"https:\/\/lyonbondyblog.fr\/LBB\/wp-content\/uploads\/2018\/12\/20181112_164152-1024x768.jpg 1024w, https:\/\/lyonbondyblog.fr\/LBB\/wp-content\/uploads\/2018\/12\/20181112_164152-300x225.jpg 300w, https:\/\/lyonbondyblog.fr\/LBB\/wp-content\/uploads\/2018\/12\/20181112_164152-768x576.jpg 768w, https:\/\/lyonbondyblog.fr\/LBB\/wp-content\/uploads\/2018\/12\/20181112_164152-600x450.jpg 600w\" sizes=\"auto, (max-width: 1024px) 100vw, 1024px\" \/><figcaption id=\"caption-attachment-14956\" class=\"wp-caption-text\">Phase 1 et 2 : m\u00e9tro B et ENS Lettres. Cr\u00e9dit Zahra Blal \/ LyonBondyBlog.<\/figcaption><\/figure>\n<figure id=\"attachment_14955\" aria-describedby=\"caption-attachment-14955\" style=\"width: 1024px\" class=\"wp-caption aligncenter\"><img loading=\"lazy\" decoding=\"async\" class=\"size-large wp-image-14955\" src=\"https:\/\/lyonbondyblog.fr\/LBB\/wp-content\/uploads\/2018\/12\/20181112_160716-1024x768.jpg\" alt=\"Phase 3 : un chemin de promenade. Cr\u00e9dit Zahra Blal \/ LyonBondyBlog.\" width=\"1024\" height=\"768\" srcset=\"https:\/\/lyonbondyblog.fr\/LBB\/wp-content\/uploads\/2018\/12\/20181112_160716-1024x768.jpg 1024w, https:\/\/lyonbondyblog.fr\/LBB\/wp-content\/uploads\/2018\/12\/20181112_160716-300x225.jpg 300w, https:\/\/lyonbondyblog.fr\/LBB\/wp-content\/uploads\/2018\/12\/20181112_160716-768x576.jpg 768w, https:\/\/lyonbondyblog.fr\/LBB\/wp-content\/uploads\/2018\/12\/20181112_160716-600x450.jpg 600w\" sizes=\"auto, (max-width: 1024px) 100vw, 1024px\" \/><figcaption id=\"caption-attachment-14955\" class=\"wp-caption-text\">Phase 3 : un chemin de promenade. Cr\u00e9dit Zahra Blal \/ LyonBondyBlog.<\/figcaption><\/figure>\n<figure id=\"attachment_14957\" aria-describedby=\"caption-attachment-14957\" style=\"width: 1024px\" class=\"wp-caption aligncenter\"><img loading=\"lazy\" decoding=\"async\" class=\"size-large wp-image-14957\" src=\"https:\/\/lyonbondyblog.fr\/LBB\/wp-content\/uploads\/2018\/12\/20181120_114000-1024x768.jpg\" alt=\"Phase 4 : exemple d\u2019un quartier en construction, Les Girondins (Lyon 7\u00e8me). Cr\u00e9dit Zahra Blal \/ LyonBondyBlog.\" width=\"1024\" height=\"768\" srcset=\"https:\/\/lyonbondyblog.fr\/LBB\/wp-content\/uploads\/2018\/12\/20181120_114000-1024x768.jpg 1024w, https:\/\/lyonbondyblog.fr\/LBB\/wp-content\/uploads\/2018\/12\/20181120_114000-300x225.jpg 300w, https:\/\/lyonbondyblog.fr\/LBB\/wp-content\/uploads\/2018\/12\/20181120_114000-768x576.jpg 768w, https:\/\/lyonbondyblog.fr\/LBB\/wp-content\/uploads\/2018\/12\/20181120_114000-600x450.jpg 600w\" sizes=\"auto, (max-width: 1024px) 100vw, 1024px\" \/><figcaption id=\"caption-attachment-14957\" class=\"wp-caption-text\">Phase 4 : exemple d\u2019un quartier en construction, Les Girondins (Lyon 7\u00e8me). Cr\u00e9dit Zahra Blal \/ LyonBondyBlog.<\/figcaption><\/figure>\n<p><em><span style=\"background-color: #d1d1d1;\"><strong>Voir aussi : \u00ab <a href=\"https:\/\/lyonbondyblog.fr\/LBB\/municipales-2014-dans-le-7eme-le-devenir-de-gerland\/\" target=\"_blank\" rel=\"noopener\">Municipales 2014 : Dans le 7\u00e8me, le devenir de Gerland<\/a> \u00bb<\/strong><\/span><\/em><\/p>\n<p>Dans l\u2019ensemble, le quartier est influenc\u00e9 par les lois urbanistiques et les politiques d\u2019am\u00e9nagement&nbsp;:<\/p>\n<blockquote><p><i>\u00ab&nbsp;Gerland est un laboratoire du point de vue des urbanistes. C\u2019est le renouvellement urbain avant l\u2019heure. C\u2019est le \u201cquartier qui grandit de l\u2019int\u00e9rieur\u201dexp\u00e9rimentant avant heure, dans les ann\u00e9es 1980, les grandes lois d\u2019urbanisme des ann\u00e9es 2000 sur le renouvellement urbain, c\u2019est-\u00e0-dire stopper l\u2019\u00e9talement urbain&nbsp;\u00bb<\/i>.<\/p><\/blockquote>\n<p>Gerland est selon les termes de l\u2019ancien Directeur adjoint \u00ab <i>une p\u00e9riph\u00e9rie du centre de Lyon<\/i> \u00bb.<\/p>\n<blockquote><p><em>\u00ab [Il n\u2019est plus le quartier qui accueille] tout ce que l\u2019on ne veut pas ou ne veut plus \u00e0 l\u2019int\u00e9rieur de la ville. C\u2019est un ph\u00e9nom\u00e8ne classique dans les centres : on envoie les activit\u00e9s peu valorisantes au-del\u00e0 d\u2019une limite dans les premiers quartiers p\u00e9riph\u00e9riques. Puis, lorsque ces quartiers se constituent, on les renvoie encore plus loin. Par exemple, les abattoirs qui \u00e9taient \u00e0 Gerland ont \u00e9t\u00e9 d\u00e9plac\u00e9s \u00e0 Corbas. \u00bb<\/em><\/p><\/blockquote>\n<p>Gerland tente de garder son identit\u00e9 propre, notamment \u00e0 travers le maintien d\u2019une m\u00e9moire des fa\u00e7ades. Mais dans un m\u00eame temps, il occulte les parts d\u2019ombre de son histoire, ses bidonvilles tendant vers l\u2019oubli, ce qu\u2019aurait s\u00fbrement souhait\u00e9 Louis Pradel en son temps.<\/p>\n<p style=\"text-align: right;\"><strong>Zahra Blal<\/strong><\/p>\n<!-- AddThis Advanced Settings generic via filter on the_content --><!-- AddThis Share Buttons generic via filter on the_content -->","protected":false},"excerpt":{"rendered":"<p>Dans cette r\u00e9trospective, le Lyon Bondy Blog vous propose une immersion dans les bidonvilles de Gerland de l\u2019apr\u00e8s-guerre. Mettre fin \u00e0 ces taudis, situ\u00e9s \u00e0 &hellip; <!-- AddThis Advanced Settings generic via filter on wp_trim_excerpt --><!-- AddThis Share Buttons generic via filter on wp_trim_excerpt --><\/p>\n","protected":false},"author":1,"featured_media":14954,"comment_status":"open","ping_status":"open","sticky":false,"template":"","format":"standard","meta":{"_FSMCFIC_featured_image_caption":"","_FSMCFIC_featured_image_nocaption":"","_FSMCFIC_featured_image_hide":"","footnotes":""},"categories":[4,2],"tags":[],"class_list":["post-14941","post","type-post","status-publish","format-standard","has-post-thumbnail","hentry","category-lyon","category-societe"],"yoast_head":"<!-- This site is optimized with the Yoast SEO plugin v22.8 - https:\/\/yoast.com\/wordpress\/plugins\/seo\/ -->\n<title>R\u00e9tro : dans les bidonvilles de Gerland - Lyon Bondy Blog<\/title>\n<meta name=\"robots\" content=\"index, follow, max-snippet:-1, max-image-preview:large, max-video-preview:-1\" \/>\n<link rel=\"canonical\" href=\"https:\/\/lyonbondyblog.fr\/LBB\/retro-dans-les-bidonvilles-de-gerland\/\" \/>\n<meta property=\"og:locale\" content=\"fr_FR\" \/>\n<meta property=\"og:type\" content=\"article\" \/>\n<meta property=\"og:title\" content=\"R\u00e9tro : dans les bidonvilles de Gerland - Lyon Bondy Blog\" \/>\n<meta property=\"og:description\" content=\"Dans cette r\u00e9trospective, le Lyon Bondy Blog vous propose une immersion dans les bidonvilles de Gerland de l\u2019apr\u00e8s-guerre. Mettre fin \u00e0 ces taudis, situ\u00e9s \u00e0 &hellip;\" \/>\n<meta property=\"og:url\" content=\"https:\/\/lyonbondyblog.fr\/LBB\/retro-dans-les-bidonvilles-de-gerland\/\" \/>\n<meta property=\"og:site_name\" content=\"Lyon Bondy Blog\" \/>\n<meta property=\"article:publisher\" content=\"https:\/\/www.facebook.com\/lyonbondyblog\" \/>\n<meta property=\"article:author\" content=\"https:\/\/www.facebook.com\/lyonbondyblog\" \/>\n<meta property=\"article:published_time\" content=\"2018-12-10T14:26:26+00:00\" \/>\n<meta property=\"article:modified_time\" content=\"2018-12-10T14:28:56+00:00\" \/>\n<meta property=\"og:image\" content=\"https:\/\/lyonbondyblog.fr\/LBB\/wp-content\/uploads\/2018\/12\/20181106_171557-1024x768.jpg\" \/>\n\t<meta property=\"og:image:width\" content=\"1024\" \/>\n\t<meta property=\"og:image:height\" content=\"768\" \/>\n\t<meta property=\"og:image:type\" content=\"image\/jpeg\" \/>\n<meta name=\"author\" content=\"La r\u00e9daction\" \/>\n<meta name=\"twitter:card\" content=\"summary_large_image\" \/>\n<meta name=\"twitter:creator\" content=\"@BondyBlogLyon\" \/>\n<meta name=\"twitter:site\" content=\"@bondybloglyon\" \/>\n<script type=\"application\/ld+json\" class=\"yoast-schema-graph\">{\"@context\":\"https:\/\/schema.org\",\"@graph\":[{\"@type\":\"Article\",\"@id\":\"https:\/\/lyonbondyblog.fr\/LBB\/retro-dans-les-bidonvilles-de-gerland\/#article\",\"isPartOf\":{\"@id\":\"https:\/\/lyonbondyblog.fr\/LBB\/retro-dans-les-bidonvilles-de-gerland\/\"},\"author\":{\"name\":\"La r\u00e9daction\",\"@id\":\"https:\/\/lyonbondyblog.fr\/LBB\/#\/schema\/person\/e45f8d27baac75072daa0be50c409b25\"},\"headline\":\"R\u00e9tro : dans les bidonvilles de Gerland\",\"datePublished\":\"2018-12-10T14:26:26+00:00\",\"dateModified\":\"2018-12-10T14:28:56+00:00\",\"mainEntityOfPage\":{\"@id\":\"https:\/\/lyonbondyblog.fr\/LBB\/retro-dans-les-bidonvilles-de-gerland\/\"},\"wordCount\":1387,\"commentCount\":2,\"publisher\":{\"@id\":\"https:\/\/lyonbondyblog.fr\/LBB\/#organization\"},\"image\":{\"@id\":\"https:\/\/lyonbondyblog.fr\/LBB\/retro-dans-les-bidonvilles-de-gerland\/#primaryimage\"},\"thumbnailUrl\":\"https:\/\/lyonbondyblog.fr\/LBB\/wp-content\/uploads\/2018\/12\/20181106_171557.jpg\",\"articleSection\":[\"Lyon\",\"Soci\u00e9t\u00e9\"],\"inLanguage\":\"fr-FR\",\"potentialAction\":[{\"@type\":\"CommentAction\",\"name\":\"Comment\",\"target\":[\"https:\/\/lyonbondyblog.fr\/LBB\/retro-dans-les-bidonvilles-de-gerland\/#respond\"]}]},{\"@type\":\"WebPage\",\"@id\":\"https:\/\/lyonbondyblog.fr\/LBB\/retro-dans-les-bidonvilles-de-gerland\/\",\"url\":\"https:\/\/lyonbondyblog.fr\/LBB\/retro-dans-les-bidonvilles-de-gerland\/\",\"name\":\"R\u00e9tro : dans les bidonvilles de Gerland - Lyon Bondy Blog\",\"isPartOf\":{\"@id\":\"https:\/\/lyonbondyblog.fr\/LBB\/#website\"},\"primaryImageOfPage\":{\"@id\":\"https:\/\/lyonbondyblog.fr\/LBB\/retro-dans-les-bidonvilles-de-gerland\/#primaryimage\"},\"image\":{\"@id\":\"https:\/\/lyonbondyblog.fr\/LBB\/retro-dans-les-bidonvilles-de-gerland\/#primaryimage\"},\"thumbnailUrl\":\"https:\/\/lyonbondyblog.fr\/LBB\/wp-content\/uploads\/2018\/12\/20181106_171557.jpg\",\"datePublished\":\"2018-12-10T14:26:26+00:00\",\"dateModified\":\"2018-12-10T14:28:56+00:00\",\"inLanguage\":\"fr-FR\",\"potentialAction\":[{\"@type\":\"ReadAction\",\"target\":[\"https:\/\/lyonbondyblog.fr\/LBB\/retro-dans-les-bidonvilles-de-gerland\/\"]}]},{\"@type\":\"ImageObject\",\"inLanguage\":\"fr-FR\",\"@id\":\"https:\/\/lyonbondyblog.fr\/LBB\/retro-dans-les-bidonvilles-de-gerland\/#primaryimage\",\"url\":\"https:\/\/lyonbondyblog.fr\/LBB\/wp-content\/uploads\/2018\/12\/20181106_171557.jpg\",\"contentUrl\":\"https:\/\/lyonbondyblog.fr\/LBB\/wp-content\/uploads\/2018\/12\/20181106_171557.jpg\",\"width\":4032,\"height\":3024,\"caption\":\"Plaque de m\u00e9tro station Debourg. Cr\u00e9dit Zahra Blal \/ LyonBondyBlog.\"},{\"@type\":\"WebSite\",\"@id\":\"https:\/\/lyonbondyblog.fr\/LBB\/#website\",\"url\":\"https:\/\/lyonbondyblog.fr\/LBB\/\",\"name\":\"Lyon Bondy Blog\",\"description\":\"\",\"publisher\":{\"@id\":\"https:\/\/lyonbondyblog.fr\/LBB\/#organization\"},\"potentialAction\":[{\"@type\":\"SearchAction\",\"target\":{\"@type\":\"EntryPoint\",\"urlTemplate\":\"https:\/\/lyonbondyblog.fr\/LBB\/?s={search_term_string}\"},\"query-input\":\"required name=search_term_string\"}],\"inLanguage\":\"fr-FR\"},{\"@type\":\"Organization\",\"@id\":\"https:\/\/lyonbondyblog.fr\/LBB\/#organization\",\"name\":\"LYON BONDY BLOG\",\"url\":\"https:\/\/lyonbondyblog.fr\/LBB\/\",\"logo\":{\"@type\":\"ImageObject\",\"inLanguage\":\"fr-FR\",\"@id\":\"https:\/\/lyonbondyblog.fr\/LBB\/#\/schema\/logo\/image\/\",\"url\":\"http:\/\/lyonbondyblog.fr\/LBB\/wp-content\/uploads\/2014\/10\/logo-portable-144.png\",\"contentUrl\":\"http:\/\/lyonbondyblog.fr\/LBB\/wp-content\/uploads\/2014\/10\/logo-portable-144.png\",\"width\":144,\"height\":123,\"caption\":\"LYON BONDY BLOG\"},\"image\":{\"@id\":\"https:\/\/lyonbondyblog.fr\/LBB\/#\/schema\/logo\/image\/\"},\"sameAs\":[\"https:\/\/www.facebook.com\/lyonbondyblog\",\"https:\/\/x.com\/bondybloglyon\"]},{\"@type\":\"Person\",\"@id\":\"https:\/\/lyonbondyblog.fr\/LBB\/#\/schema\/person\/e45f8d27baac75072daa0be50c409b25\",\"name\":\"La r\u00e9daction\",\"description\":\"Cr\u00e9e en 2008, la r\u00e9daction du Lyon Bondy Blog s'applique \u00e0 proposer une information locale diff\u00e9rente et compl\u00e9mentaire des m\u00e9dias traditionnels.\",\"sameAs\":[\"https:\/\/www.facebook.com\/lyonbondyblog\",\"https:\/\/x.com\/BondyBlogLyon\"],\"url\":\"https:\/\/lyonbondyblog.fr\/LBB\/author\/admin\/\"}]}<\/script>\n<!-- \/ Yoast SEO plugin. -->","yoast_head_json":{"title":"R\u00e9tro : dans les bidonvilles de Gerland - Lyon Bondy Blog","robots":{"index":"index","follow":"follow","max-snippet":"max-snippet:-1","max-image-preview":"max-image-preview:large","max-video-preview":"max-video-preview:-1"},"canonical":"https:\/\/lyonbondyblog.fr\/LBB\/retro-dans-les-bidonvilles-de-gerland\/","og_locale":"fr_FR","og_type":"article","og_title":"R\u00e9tro : dans les bidonvilles de Gerland - Lyon Bondy Blog","og_description":"Dans cette r\u00e9trospective, le Lyon Bondy Blog vous propose une immersion dans les bidonvilles de Gerland de l\u2019apr\u00e8s-guerre. Mettre fin \u00e0 ces taudis, situ\u00e9s \u00e0 &hellip;","og_url":"https:\/\/lyonbondyblog.fr\/LBB\/retro-dans-les-bidonvilles-de-gerland\/","og_site_name":"Lyon Bondy Blog","article_publisher":"https:\/\/www.facebook.com\/lyonbondyblog","article_author":"https:\/\/www.facebook.com\/lyonbondyblog","article_published_time":"2018-12-10T14:26:26+00:00","article_modified_time":"2018-12-10T14:28:56+00:00","og_image":[{"width":1024,"height":768,"url":"https:\/\/lyonbondyblog.fr\/LBB\/wp-content\/uploads\/2018\/12\/20181106_171557-1024x768.jpg","type":"image\/jpeg"}],"author":"La r\u00e9daction","twitter_card":"summary_large_image","twitter_creator":"@BondyBlogLyon","twitter_site":"@bondybloglyon","schema":{"@context":"https:\/\/schema.org","@graph":[{"@type":"Article","@id":"https:\/\/lyonbondyblog.fr\/LBB\/retro-dans-les-bidonvilles-de-gerland\/#article","isPartOf":{"@id":"https:\/\/lyonbondyblog.fr\/LBB\/retro-dans-les-bidonvilles-de-gerland\/"},"author":{"name":"La r\u00e9daction","@id":"https:\/\/lyonbondyblog.fr\/LBB\/#\/schema\/person\/e45f8d27baac75072daa0be50c409b25"},"headline":"R\u00e9tro : dans les bidonvilles de Gerland","datePublished":"2018-12-10T14:26:26+00:00","dateModified":"2018-12-10T14:28:56+00:00","mainEntityOfPage":{"@id":"https:\/\/lyonbondyblog.fr\/LBB\/retro-dans-les-bidonvilles-de-gerland\/"},"wordCount":1387,"commentCount":2,"publisher":{"@id":"https:\/\/lyonbondyblog.fr\/LBB\/#organization"},"image":{"@id":"https:\/\/lyonbondyblog.fr\/LBB\/retro-dans-les-bidonvilles-de-gerland\/#primaryimage"},"thumbnailUrl":"https:\/\/lyonbondyblog.fr\/LBB\/wp-content\/uploads\/2018\/12\/20181106_171557.jpg","articleSection":["Lyon","Soci\u00e9t\u00e9"],"inLanguage":"fr-FR","potentialAction":[{"@type":"CommentAction","name":"Comment","target":["https:\/\/lyonbondyblog.fr\/LBB\/retro-dans-les-bidonvilles-de-gerland\/#respond"]}]},{"@type":"WebPage","@id":"https:\/\/lyonbondyblog.fr\/LBB\/retro-dans-les-bidonvilles-de-gerland\/","url":"https:\/\/lyonbondyblog.fr\/LBB\/retro-dans-les-bidonvilles-de-gerland\/","name":"R\u00e9tro : dans les bidonvilles de Gerland - Lyon Bondy Blog","isPartOf":{"@id":"https:\/\/lyonbondyblog.fr\/LBB\/#website"},"primaryImageOfPage":{"@id":"https:\/\/lyonbondyblog.fr\/LBB\/retro-dans-les-bidonvilles-de-gerland\/#primaryimage"},"image":{"@id":"https:\/\/lyonbondyblog.fr\/LBB\/retro-dans-les-bidonvilles-de-gerland\/#primaryimage"},"thumbnailUrl":"https:\/\/lyonbondyblog.fr\/LBB\/wp-content\/uploads\/2018\/12\/20181106_171557.jpg","datePublished":"2018-12-10T14:26:26+00:00","dateModified":"2018-12-10T14:28:56+00:00","inLanguage":"fr-FR","potentialAction":[{"@type":"ReadAction","target":["https:\/\/lyonbondyblog.fr\/LBB\/retro-dans-les-bidonvilles-de-gerland\/"]}]},{"@type":"ImageObject","inLanguage":"fr-FR","@id":"https:\/\/lyonbondyblog.fr\/LBB\/retro-dans-les-bidonvilles-de-gerland\/#primaryimage","url":"https:\/\/lyonbondyblog.fr\/LBB\/wp-content\/uploads\/2018\/12\/20181106_171557.jpg","contentUrl":"https:\/\/lyonbondyblog.fr\/LBB\/wp-content\/uploads\/2018\/12\/20181106_171557.jpg","width":4032,"height":3024,"caption":"Plaque de m\u00e9tro station Debourg. Cr\u00e9dit Zahra Blal \/ LyonBondyBlog."},{"@type":"WebSite","@id":"https:\/\/lyonbondyblog.fr\/LBB\/#website","url":"https:\/\/lyonbondyblog.fr\/LBB\/","name":"Lyon Bondy Blog","description":"","publisher":{"@id":"https:\/\/lyonbondyblog.fr\/LBB\/#organization"},"potentialAction":[{"@type":"SearchAction","target":{"@type":"EntryPoint","urlTemplate":"https:\/\/lyonbondyblog.fr\/LBB\/?s={search_term_string}"},"query-input":"required name=search_term_string"}],"inLanguage":"fr-FR"},{"@type":"Organization","@id":"https:\/\/lyonbondyblog.fr\/LBB\/#organization","name":"LYON BONDY BLOG","url":"https:\/\/lyonbondyblog.fr\/LBB\/","logo":{"@type":"ImageObject","inLanguage":"fr-FR","@id":"https:\/\/lyonbondyblog.fr\/LBB\/#\/schema\/logo\/image\/","url":"http:\/\/lyonbondyblog.fr\/LBB\/wp-content\/uploads\/2014\/10\/logo-portable-144.png","contentUrl":"http:\/\/lyonbondyblog.fr\/LBB\/wp-content\/uploads\/2014\/10\/logo-portable-144.png","width":144,"height":123,"caption":"LYON BONDY BLOG"},"image":{"@id":"https:\/\/lyonbondyblog.fr\/LBB\/#\/schema\/logo\/image\/"},"sameAs":["https:\/\/www.facebook.com\/lyonbondyblog","https:\/\/x.com\/bondybloglyon"]},{"@type":"Person","@id":"https:\/\/lyonbondyblog.fr\/LBB\/#\/schema\/person\/e45f8d27baac75072daa0be50c409b25","name":"La r\u00e9daction","description":"Cr\u00e9e en 2008, la r\u00e9daction du Lyon Bondy Blog s'applique \u00e0 proposer une information locale diff\u00e9rente et compl\u00e9mentaire des m\u00e9dias traditionnels.","sameAs":["https:\/\/www.facebook.com\/lyonbondyblog","https:\/\/x.com\/BondyBlogLyon"],"url":"https:\/\/lyonbondyblog.fr\/LBB\/author\/admin\/"}]}},"_links":{"self":[{"href":"https:\/\/lyonbondyblog.fr\/LBB\/wp-json\/wp\/v2\/posts\/14941","targetHints":{"allow":["GET"]}}],"collection":[{"href":"https:\/\/lyonbondyblog.fr\/LBB\/wp-json\/wp\/v2\/posts"}],"about":[{"href":"https:\/\/lyonbondyblog.fr\/LBB\/wp-json\/wp\/v2\/types\/post"}],"author":[{"embeddable":true,"href":"https:\/\/lyonbondyblog.fr\/LBB\/wp-json\/wp\/v2\/users\/1"}],"replies":[{"embeddable":true,"href":"https:\/\/lyonbondyblog.fr\/LBB\/wp-json\/wp\/v2\/comments?post=14941"}],"version-history":[{"count":19,"href":"https:\/\/lyonbondyblog.fr\/LBB\/wp-json\/wp\/v2\/posts\/14941\/revisions"}],"predecessor-version":[{"id":14982,"href":"https:\/\/lyonbondyblog.fr\/LBB\/wp-json\/wp\/v2\/posts\/14941\/revisions\/14982"}],"wp:featuredmedia":[{"embeddable":true,"href":"https:\/\/lyonbondyblog.fr\/LBB\/wp-json\/wp\/v2\/media\/14954"}],"wp:attachment":[{"href":"https:\/\/lyonbondyblog.fr\/LBB\/wp-json\/wp\/v2\/media?parent=14941"}],"wp:term":[{"taxonomy":"category","embeddable":true,"href":"https:\/\/lyonbondyblog.fr\/LBB\/wp-json\/wp\/v2\/categories?post=14941"},{"taxonomy":"post_tag","embeddable":true,"href":"https:\/\/lyonbondyblog.fr\/LBB\/wp-json\/wp\/v2\/tags?post=14941"}],"curies":[{"name":"wp","href":"https:\/\/api.w.org\/{rel}","templated":true}]}}