{"id":14891,"date":"2018-11-24T10:58:49","date_gmt":"2018-11-24T09:58:49","guid":{"rendered":"http:\/\/lyonbondyblog.fr\/LBB\/?p=14891"},"modified":"2018-11-24T11:03:29","modified_gmt":"2018-11-24T10:03:29","slug":"lyon-duchere-cale-face-au-mans","status":"publish","type":"post","link":"https:\/\/lyonbondyblog.fr\/LBB\/lyon-duchere-cale-face-au-mans\/","title":{"rendered":"Lyon-Duch\u00e8re cale face au Mans"},"content":{"rendered":"<h3>Lyon-Duch\u00e8re s\u2019est inclin\u00e9 1-0 face au Mans au terme de 70\u2019 de domination st\u00e9rile sur un terrain ravag\u00e9 par les intemp\u00e9ries. Une premi\u00e8re d\u00e9faite \u00e0 domicile de la saison qui fait tomber les Lyonnais &nbsp;du podium. &nbsp;Les Manceaux s\u2019installent en t\u00eate.<\/h3>\n<p>&nbsp;<\/p>\n<p>Sous une pluie battante, la Duch\u00e8re n\u2019a pas \u00e9t\u00e9 au niveau de la meilleure&nbsp; attaque du championnat&nbsp; qu\u2019elle est (20 buts marqu\u00e9s). Le Mans a en revanche prouv\u00e9 qu\u2019ils \u00e9taient la meilleure d\u00e9fense du championnat avec 9 buts encaiss\u00e9s. Jonathan Rivas a \u00e9t\u00e9 le premier \u00e0 se mettre en \u00e9vidence apr\u00e8s moins d\u2019une minute de jeu mais sa frappe termine loin au dessus de la transversale. Apr\u00e8s un premier corner , les Duch\u00e9rois ont laiss\u00e9 la main aux visiteurs. Par deux fois Maxime Hautbois a emp\u00each\u00e9 l\u2019ouverture du score mais il a \u00e9t\u00e9 pris \u00e0 d\u00e9faut \u00e0 la 17\u00e8me minute. St\u00e9phane Diarra s\u2019est pr\u00e9sent\u00e9 face \u00e0 lui avant de d\u00e9caler l\u2019autre ailier Georges Gope Fenepej pour lui permettre d\u2019ouvrir le score sans opposition. Par la suite les Lyonnais ont repris leur domination, sans aucune r\u00e9ussite. Entre la 20\u00e8me et la 30\u00e8me, La Duch\u00e8re va connaitre son pic de domination avec une s\u00e9rie de coups de pieds arr\u00eat\u00e9s. Youssoupha Ndiaye a plac\u00e9 sa t\u00eate \u00e0 c\u00f4t\u00e9 des cages de J\u00e9r\u00e9my Aymes. Peu en vue dans cette rencontre, C\u00e9dric Tuta a tent\u00e9 une aile de pigeon pour d\u00e9vier un coup-franc. La frappe de Youssoupha Ndiaye, la premi\u00e8re cadr\u00e9e, est repouss\u00e9e sur la ligne.<\/p>\n<h4><b>Des espoirs douch\u00e9s&nbsp;<\/b><\/h4>\n<p>La suite est surtout une longue et st\u00e9rile domination. Le Mans aura une grosse occasion par R\u00e9my Boissier et Hamadi Ayari tentera, de loin, d\u2019inqui\u00e9ter le gardien sarthois. Pour le reste, la deuxi\u00e8me mi-temps aura \u00e9t\u00e9 plut\u00f4t terne. Apr\u00e8s l\u2019ouverture du score la Duch\u00e8re a pourtant suscit\u00e9 de l\u2019espoir aupr\u00e8s des quelques supporters. La petite dizaine de supporters manceaux qui avaient fait le d\u00e9placement en voiture se m\u00e9fiaient de la r\u00e9action d\u2019orgueil des hommes de Karim Mokkedem.<\/p>\n<p>&nbsp;<\/p>\n<p><a href=\"https:\/\/lyonbondyblog.fr\/LBB\/wp-content\/uploads\/2018\/11\/46493122_372366073526866_747146918764740608_n.jpg\"><img loading=\"lazy\" decoding=\"async\" class=\"aligncenter size-medium wp-image-14895\" src=\"https:\/\/lyonbondyblog.fr\/LBB\/wp-content\/uploads\/2018\/11\/46493122_372366073526866_747146918764740608_n-300x300.jpg\" alt=\"\" width=\"300\" height=\"300\" srcset=\"https:\/\/lyonbondyblog.fr\/LBB\/wp-content\/uploads\/2018\/11\/46493122_372366073526866_747146918764740608_n-300x300.jpg 300w, https:\/\/lyonbondyblog.fr\/LBB\/wp-content\/uploads\/2018\/11\/46493122_372366073526866_747146918764740608_n-150x150.jpg 150w, https:\/\/lyonbondyblog.fr\/LBB\/wp-content\/uploads\/2018\/11\/46493122_372366073526866_747146918764740608_n-768x768.jpg 768w, https:\/\/lyonbondyblog.fr\/LBB\/wp-content\/uploads\/2018\/11\/46493122_372366073526866_747146918764740608_n-1024x1024.jpg 1024w, https:\/\/lyonbondyblog.fr\/LBB\/wp-content\/uploads\/2018\/11\/46493122_372366073526866_747146918764740608_n-600x600.jpg 600w, https:\/\/lyonbondyblog.fr\/LBB\/wp-content\/uploads\/2018\/11\/46493122_372366073526866_747146918764740608_n-360x360.jpg 360w, https:\/\/lyonbondyblog.fr\/LBB\/wp-content\/uploads\/2018\/11\/46493122_372366073526866_747146918764740608_n-750x750.jpg 750w\" sizes=\"auto, (max-width: 300px) 100vw, 300px\" \/><\/a><\/p>\n<h4>Les supporters du Mans repartent en leader. Cr\u00e9dit photo : Hugo Dervissoglou \/ Lyon Bondy Blog.<\/h4>\n<hr>\n<p>&nbsp;<\/p>\n<p><iframe loading=\"lazy\" title=\"Supporters Lyon-Duch\u00e8re \/ Le Mans by HDSound\" width=\"1200\" height=\"400\" scrolling=\"no\" frameborder=\"no\" src=\"https:\/\/w.soundcloud.com\/player\/?visual=true&#038;url=https%3A%2F%2Fapi.soundcloud.com%2Ftracks%2F534635667&#038;show_artwork=true&#038;maxwidth=1200&#038;maxheight=1000&#038;dnt=1\"><\/iframe><\/p>\n<h4><b>Les r\u00e9actions d\u2019apr\u00e8s-match&nbsp;<\/b><\/h4>\n<p>Richard D\u00e9zir\u00e9 a salu\u00e9 la performance et l\u2019attitude de ses joueurs apr\u00e8s la d\u00e9faite. Compos\u00e9 de nombreux joueurs issus de ligue 2, l<a href=\"http:\/\/www.footmercato.net\/autre-championnat\/le-mans-fc-renait-de-ses-cendres_233088\">e club de la Sarthe a connu 2 mont\u00e9es successives<\/a>. <a href=\"https:\/\/www.lequipe.fr\/Football\/national-classement.html\">Il occupe aujourd\u2019hui la t\u00eate du championnat<\/a>. C\u00f4t\u00e9 lyonnais, la d\u00e9ception \u00e9tait de mise mais Karim Mokkedem a \u00e9galement tenu \u00e0 saluer l\u2019attitude de ses hommes malgr\u00e9 la deuxi\u00e8me d\u00e9faite de rang en championnat.<\/p>\n<p><iframe loading=\"lazy\" title=\"Apr\u00e8s Match Richard D\u00e9zir\u00e9 + Karim Mokeddem by HDSound\" width=\"1200\" height=\"400\" scrolling=\"no\" frameborder=\"no\" src=\"https:\/\/w.soundcloud.com\/player\/?visual=true&#038;url=https%3A%2F%2Fapi.soundcloud.com%2Ftracks%2F534640569&#038;show_artwork=true&#038;maxwidth=1200&#038;maxheight=1000&#038;dnt=1\"><\/iframe><\/p>\n<p>Quatri\u00e8me \u00e0 l\u2019issue de cette journ\u00e9e les Lyonnais se d\u00e9placeront sur la pelouse de Pau, tombeur de Laval. Ils encha\u00eeneront par la rencontre de <a href=\"https:\/\/www.francefootball.fr\/news\/Le-tirage-au-sort-complet-du-8e-tour-de-la-coupe-de-france\/960869?fbclid=IwAR2kZ9CQxLm6AJVNoW_3DJYw8lIXRE2042V72YqQaWk946rjDMGnjOxwJL0\">coupe de France (8\u00e8me tour) contre Carry-le-Rouet<\/a>, le week-end de la f\u00eate des lumi\u00e8res et la r\u00e9ception de Villefranche le 14 d\u00e9cembre. Ils termineront l\u2019ann\u00e9e \u00e0 Tours le 21 d\u00e9cembre.<\/p>\n<p>Feuille de match : Lyon-Duch\u00e8re AS 0-1 Le Mans F.C.<\/p>\n<p>&nbsp;<\/p>\n<p>Lyon-Duch\u00e8re AS : 1. Hautbois; 5. Seguin, 8. Romany, 10. Julienne, 11. Rivas, 14. Tuta, 15. Camara, 18. Ndiaye, 23. Ayari, 24. Banor, 35. Labonne<\/p>\n<p>rempla\u00e7ants : 6. Diarrassouba, 19. Kofi Kpondou, 30. Blaichet, 33. Dhib, 34. Gradai.<\/p>\n<p>Cartons jaune : 24. Banor 26\u2019; 14. Tuta 32\u2019; 23. Ayari 33\u2019; 15. Camara 52\u2019<\/p>\n<p>remplacement : 34. Gradai pour 35. Labonne 65\u2019<\/p>\n<p>Le Mans F.C. : 30. Aymes &#8211; 2.Vardin (cap.) &#8211; 10. Hafidi &#8211; 11. Soro &#8211; 13. Montiel &#8211; 19. Gope Fenepej &#8211; 22. Boissier &#8211; 24. Lemonnier &#8211; 25. Diarra &#8211; 26. Keita &#8211; 28. Dasquet<\/p>\n<p>rempla\u00e7ants : 16. Kocik &#8211; 5. Calvet &#8211; 6. Suchet &#8211; 7. Vincent &#8211; 18. Dupont<\/p>\n<p>Buteur : 19. Gope Fenepej 17\u2019<\/p>\n<p>Passeur d\u00e9cisif : 25. Diarra<\/p>\n<p>Changements : 7. Vincent pour 19. Gope Fenepej&nbsp; 57\u2019; 6. Suchet pour 13. Montiel 64\u2019; 18. Dupont pour 11. Soro.<\/p>\n<p>&nbsp;<\/p>\n<!-- AddThis Advanced Settings generic via filter on the_content --><!-- AddThis Share Buttons generic via filter on the_content -->","protected":false},"excerpt":{"rendered":"<p>Lyon-Duch\u00e8re s\u2019est inclin\u00e9 1-0 face au Mans au terme de 70\u2019 de domination st\u00e9rile sur un terrain ravag\u00e9 par les intemp\u00e9ries. Une premi\u00e8re d\u00e9faite \u00e0 &hellip; <!-- AddThis Advanced Settings generic via filter on wp_trim_excerpt --><!-- AddThis Share Buttons generic via filter on wp_trim_excerpt --><\/p>\n","protected":false},"author":5729,"featured_media":14892,"comment_status":"open","ping_status":"open","sticky":false,"template":"","format":"standard","meta":{"_FSMCFIC_featured_image_caption":"","_FSMCFIC_featured_image_nocaption":"","_FSMCFIC_featured_image_hide":"","footnotes":""},"categories":[3888,2862],"tags":[6455,624,29],"class_list":["post-14891","post","type-post","status-publish","format-standard","has-post-thumbnail","hentry","category-football","category-sport","tag-as-lyon-duchere","tag-football","tag-sport"],"yoast_head":"<!-- This site is optimized with the Yoast SEO plugin v22.8 - https:\/\/yoast.com\/wordpress\/plugins\/seo\/ -->\n<title>Lyon-Duch\u00e8re cale face au Mans - Lyon Bondy Blog<\/title>\n<meta name=\"description\" content=\"Lyon-Duch\u00e8re s\u2019est inclin\u00e9 1-0 face au Mans au terme de 70\u2019 de domination st\u00e9rile sur un terrain ravag\u00e9 par les intemp\u00e9ries.\" \/>\n<meta name=\"robots\" content=\"index, follow, max-snippet:-1, max-image-preview:large, max-video-preview:-1\" \/>\n<link rel=\"canonical\" href=\"https:\/\/lyonbondyblog.fr\/LBB\/lyon-duchere-cale-face-au-mans\/\" \/>\n<meta property=\"og:locale\" content=\"fr_FR\" \/>\n<meta property=\"og:type\" content=\"article\" \/>\n<meta property=\"og:title\" content=\"Lyon-Duch\u00e8re cale face au Mans - Lyon Bondy Blog\" \/>\n<meta property=\"og:description\" content=\"Lyon-Duch\u00e8re s\u2019est inclin\u00e9 1-0 face au Mans au terme de 70\u2019 de domination st\u00e9rile sur un terrain ravag\u00e9 par les intemp\u00e9ries.\" \/>\n<meta property=\"og:url\" content=\"https:\/\/lyonbondyblog.fr\/LBB\/lyon-duchere-cale-face-au-mans\/\" \/>\n<meta property=\"og:site_name\" content=\"Lyon Bondy Blog\" \/>\n<meta property=\"article:publisher\" content=\"https:\/\/www.facebook.com\/lyonbondyblog\" \/>\n<meta property=\"article:published_time\" content=\"2018-11-24T09:58:49+00:00\" \/>\n<meta property=\"article:modified_time\" content=\"2018-11-24T10:03:29+00:00\" \/>\n<meta property=\"og:image\" content=\"https:\/\/lyonbondyblog.fr\/LBB\/wp-content\/uploads\/2018\/11\/46700029_502182273617013_1999467242344939520_n.jpg\" \/>\n\t<meta property=\"og:image:width\" content=\"2448\" \/>\n\t<meta property=\"og:image:height\" content=\"2448\" \/>\n\t<meta property=\"og:image:type\" content=\"image\/jpeg\" \/>\n<meta name=\"author\" content=\"Hugo Dervissoglou\" \/>\n<meta name=\"twitter:card\" content=\"summary_large_image\" \/>\n<meta name=\"twitter:creator\" content=\"@bondybloglyon\" \/>\n<meta name=\"twitter:site\" content=\"@bondybloglyon\" \/>\n<script type=\"application\/ld+json\" class=\"yoast-schema-graph\">{\"@context\":\"https:\/\/schema.org\",\"@graph\":[{\"@type\":\"Article\",\"@id\":\"https:\/\/lyonbondyblog.fr\/LBB\/lyon-duchere-cale-face-au-mans\/#article\",\"isPartOf\":{\"@id\":\"https:\/\/lyonbondyblog.fr\/LBB\/lyon-duchere-cale-face-au-mans\/\"},\"author\":{\"name\":\"Hugo Dervissoglou\",\"@id\":\"https:\/\/lyonbondyblog.fr\/LBB\/#\/schema\/person\/6efc096be909f1122de1b82592e04e6e\"},\"headline\":\"Lyon-Duch\u00e8re cale face au Mans\",\"datePublished\":\"2018-11-24T09:58:49+00:00\",\"dateModified\":\"2018-11-24T10:03:29+00:00\",\"mainEntityOfPage\":{\"@id\":\"https:\/\/lyonbondyblog.fr\/LBB\/lyon-duchere-cale-face-au-mans\/\"},\"wordCount\":655,\"commentCount\":0,\"publisher\":{\"@id\":\"https:\/\/lyonbondyblog.fr\/LBB\/#organization\"},\"image\":{\"@id\":\"https:\/\/lyonbondyblog.fr\/LBB\/lyon-duchere-cale-face-au-mans\/#primaryimage\"},\"thumbnailUrl\":\"https:\/\/lyonbondyblog.fr\/LBB\/wp-content\/uploads\/2018\/11\/46700029_502182273617013_1999467242344939520_n.jpg\",\"keywords\":[\"AS Lyon-Duch\u00e8re\",\"Football\",\"sport\"],\"articleSection\":[\"Football\",\"Sport\"],\"inLanguage\":\"fr-FR\",\"potentialAction\":[{\"@type\":\"CommentAction\",\"name\":\"Comment\",\"target\":[\"https:\/\/lyonbondyblog.fr\/LBB\/lyon-duchere-cale-face-au-mans\/#respond\"]}]},{\"@type\":\"WebPage\",\"@id\":\"https:\/\/lyonbondyblog.fr\/LBB\/lyon-duchere-cale-face-au-mans\/\",\"url\":\"https:\/\/lyonbondyblog.fr\/LBB\/lyon-duchere-cale-face-au-mans\/\",\"name\":\"Lyon-Duch\u00e8re cale face au Mans - Lyon Bondy Blog\",\"isPartOf\":{\"@id\":\"https:\/\/lyonbondyblog.fr\/LBB\/#website\"},\"primaryImageOfPage\":{\"@id\":\"https:\/\/lyonbondyblog.fr\/LBB\/lyon-duchere-cale-face-au-mans\/#primaryimage\"},\"image\":{\"@id\":\"https:\/\/lyonbondyblog.fr\/LBB\/lyon-duchere-cale-face-au-mans\/#primaryimage\"},\"thumbnailUrl\":\"https:\/\/lyonbondyblog.fr\/LBB\/wp-content\/uploads\/2018\/11\/46700029_502182273617013_1999467242344939520_n.jpg\",\"datePublished\":\"2018-11-24T09:58:49+00:00\",\"dateModified\":\"2018-11-24T10:03:29+00:00\",\"description\":\"Lyon-Duch\u00e8re s\u2019est inclin\u00e9 1-0 face au Mans au terme de 70\u2019 de domination st\u00e9rile sur un terrain ravag\u00e9 par les intemp\u00e9ries.\",\"inLanguage\":\"fr-FR\",\"potentialAction\":[{\"@type\":\"ReadAction\",\"target\":[\"https:\/\/lyonbondyblog.fr\/LBB\/lyon-duchere-cale-face-au-mans\/\"]}]},{\"@type\":\"ImageObject\",\"inLanguage\":\"fr-FR\",\"@id\":\"https:\/\/lyonbondyblog.fr\/LBB\/lyon-duchere-cale-face-au-mans\/#primaryimage\",\"url\":\"https:\/\/lyonbondyblog.fr\/LBB\/wp-content\/uploads\/2018\/11\/46700029_502182273617013_1999467242344939520_n.jpg\",\"contentUrl\":\"https:\/\/lyonbondyblog.fr\/LBB\/wp-content\/uploads\/2018\/11\/46700029_502182273617013_1999467242344939520_n.jpg\",\"width\":2448,\"height\":2448},{\"@type\":\"WebSite\",\"@id\":\"https:\/\/lyonbondyblog.fr\/LBB\/#website\",\"url\":\"https:\/\/lyonbondyblog.fr\/LBB\/\",\"name\":\"Lyon Bondy Blog\",\"description\":\"\",\"publisher\":{\"@id\":\"https:\/\/lyonbondyblog.fr\/LBB\/#organization\"},\"potentialAction\":[{\"@type\":\"SearchAction\",\"target\":{\"@type\":\"EntryPoint\",\"urlTemplate\":\"https:\/\/lyonbondyblog.fr\/LBB\/?s={search_term_string}\"},\"query-input\":\"required name=search_term_string\"}],\"inLanguage\":\"fr-FR\"},{\"@type\":\"Organization\",\"@id\":\"https:\/\/lyonbondyblog.fr\/LBB\/#organization\",\"name\":\"LYON BONDY BLOG\",\"url\":\"https:\/\/lyonbondyblog.fr\/LBB\/\",\"logo\":{\"@type\":\"ImageObject\",\"inLanguage\":\"fr-FR\",\"@id\":\"https:\/\/lyonbondyblog.fr\/LBB\/#\/schema\/logo\/image\/\",\"url\":\"http:\/\/lyonbondyblog.fr\/LBB\/wp-content\/uploads\/2014\/10\/logo-portable-144.png\",\"contentUrl\":\"http:\/\/lyonbondyblog.fr\/LBB\/wp-content\/uploads\/2014\/10\/logo-portable-144.png\",\"width\":144,\"height\":123,\"caption\":\"LYON BONDY BLOG\"},\"image\":{\"@id\":\"https:\/\/lyonbondyblog.fr\/LBB\/#\/schema\/logo\/image\/\"},\"sameAs\":[\"https:\/\/www.facebook.com\/lyonbondyblog\",\"https:\/\/x.com\/bondybloglyon\"]},{\"@type\":\"Person\",\"@id\":\"https:\/\/lyonbondyblog.fr\/LBB\/#\/schema\/person\/6efc096be909f1122de1b82592e04e6e\",\"name\":\"Hugo Dervissoglou\",\"url\":\"https:\/\/lyonbondyblog.fr\/LBB\/author\/hugo_dervissoglou\/\"}]}<\/script>\n<!-- \/ Yoast SEO plugin. -->","yoast_head_json":{"title":"Lyon-Duch\u00e8re cale face au Mans - Lyon Bondy Blog","description":"Lyon-Duch\u00e8re s\u2019est inclin\u00e9 1-0 face au Mans au terme de 70\u2019 de domination st\u00e9rile sur un terrain ravag\u00e9 par les intemp\u00e9ries.","robots":{"index":"index","follow":"follow","max-snippet":"max-snippet:-1","max-image-preview":"max-image-preview:large","max-video-preview":"max-video-preview:-1"},"canonical":"https:\/\/lyonbondyblog.fr\/LBB\/lyon-duchere-cale-face-au-mans\/","og_locale":"fr_FR","og_type":"article","og_title":"Lyon-Duch\u00e8re cale face au Mans - Lyon Bondy Blog","og_description":"Lyon-Duch\u00e8re s\u2019est inclin\u00e9 1-0 face au Mans au terme de 70\u2019 de domination st\u00e9rile sur un terrain ravag\u00e9 par les intemp\u00e9ries.","og_url":"https:\/\/lyonbondyblog.fr\/LBB\/lyon-duchere-cale-face-au-mans\/","og_site_name":"Lyon Bondy Blog","article_publisher":"https:\/\/www.facebook.com\/lyonbondyblog","article_published_time":"2018-11-24T09:58:49+00:00","article_modified_time":"2018-11-24T10:03:29+00:00","og_image":[{"width":2448,"height":2448,"url":"https:\/\/lyonbondyblog.fr\/LBB\/wp-content\/uploads\/2018\/11\/46700029_502182273617013_1999467242344939520_n.jpg","type":"image\/jpeg"}],"author":"Hugo Dervissoglou","twitter_card":"summary_large_image","twitter_creator":"@bondybloglyon","twitter_site":"@bondybloglyon","schema":{"@context":"https:\/\/schema.org","@graph":[{"@type":"Article","@id":"https:\/\/lyonbondyblog.fr\/LBB\/lyon-duchere-cale-face-au-mans\/#article","isPartOf":{"@id":"https:\/\/lyonbondyblog.fr\/LBB\/lyon-duchere-cale-face-au-mans\/"},"author":{"name":"Hugo Dervissoglou","@id":"https:\/\/lyonbondyblog.fr\/LBB\/#\/schema\/person\/6efc096be909f1122de1b82592e04e6e"},"headline":"Lyon-Duch\u00e8re cale face au Mans","datePublished":"2018-11-24T09:58:49+00:00","dateModified":"2018-11-24T10:03:29+00:00","mainEntityOfPage":{"@id":"https:\/\/lyonbondyblog.fr\/LBB\/lyon-duchere-cale-face-au-mans\/"},"wordCount":655,"commentCount":0,"publisher":{"@id":"https:\/\/lyonbondyblog.fr\/LBB\/#organization"},"image":{"@id":"https:\/\/lyonbondyblog.fr\/LBB\/lyon-duchere-cale-face-au-mans\/#primaryimage"},"thumbnailUrl":"https:\/\/lyonbondyblog.fr\/LBB\/wp-content\/uploads\/2018\/11\/46700029_502182273617013_1999467242344939520_n.jpg","keywords":["AS Lyon-Duch\u00e8re","Football","sport"],"articleSection":["Football","Sport"],"inLanguage":"fr-FR","potentialAction":[{"@type":"CommentAction","name":"Comment","target":["https:\/\/lyonbondyblog.fr\/LBB\/lyon-duchere-cale-face-au-mans\/#respond"]}]},{"@type":"WebPage","@id":"https:\/\/lyonbondyblog.fr\/LBB\/lyon-duchere-cale-face-au-mans\/","url":"https:\/\/lyonbondyblog.fr\/LBB\/lyon-duchere-cale-face-au-mans\/","name":"Lyon-Duch\u00e8re cale face au Mans - Lyon Bondy Blog","isPartOf":{"@id":"https:\/\/lyonbondyblog.fr\/LBB\/#website"},"primaryImageOfPage":{"@id":"https:\/\/lyonbondyblog.fr\/LBB\/lyon-duchere-cale-face-au-mans\/#primaryimage"},"image":{"@id":"https:\/\/lyonbondyblog.fr\/LBB\/lyon-duchere-cale-face-au-mans\/#primaryimage"},"thumbnailUrl":"https:\/\/lyonbondyblog.fr\/LBB\/wp-content\/uploads\/2018\/11\/46700029_502182273617013_1999467242344939520_n.jpg","datePublished":"2018-11-24T09:58:49+00:00","dateModified":"2018-11-24T10:03:29+00:00","description":"Lyon-Duch\u00e8re s\u2019est inclin\u00e9 1-0 face au Mans au terme de 70\u2019 de domination st\u00e9rile sur un terrain ravag\u00e9 par les intemp\u00e9ries.","inLanguage":"fr-FR","potentialAction":[{"@type":"ReadAction","target":["https:\/\/lyonbondyblog.fr\/LBB\/lyon-duchere-cale-face-au-mans\/"]}]},{"@type":"ImageObject","inLanguage":"fr-FR","@id":"https:\/\/lyonbondyblog.fr\/LBB\/lyon-duchere-cale-face-au-mans\/#primaryimage","url":"https:\/\/lyonbondyblog.fr\/LBB\/wp-content\/uploads\/2018\/11\/46700029_502182273617013_1999467242344939520_n.jpg","contentUrl":"https:\/\/lyonbondyblog.fr\/LBB\/wp-content\/uploads\/2018\/11\/46700029_502182273617013_1999467242344939520_n.jpg","width":2448,"height":2448},{"@type":"WebSite","@id":"https:\/\/lyonbondyblog.fr\/LBB\/#website","url":"https:\/\/lyonbondyblog.fr\/LBB\/","name":"Lyon Bondy Blog","description":"","publisher":{"@id":"https:\/\/lyonbondyblog.fr\/LBB\/#organization"},"potentialAction":[{"@type":"SearchAction","target":{"@type":"EntryPoint","urlTemplate":"https:\/\/lyonbondyblog.fr\/LBB\/?s={search_term_string}"},"query-input":"required name=search_term_string"}],"inLanguage":"fr-FR"},{"@type":"Organization","@id":"https:\/\/lyonbondyblog.fr\/LBB\/#organization","name":"LYON BONDY BLOG","url":"https:\/\/lyonbondyblog.fr\/LBB\/","logo":{"@type":"ImageObject","inLanguage":"fr-FR","@id":"https:\/\/lyonbondyblog.fr\/LBB\/#\/schema\/logo\/image\/","url":"http:\/\/lyonbondyblog.fr\/LBB\/wp-content\/uploads\/2014\/10\/logo-portable-144.png","contentUrl":"http:\/\/lyonbondyblog.fr\/LBB\/wp-content\/uploads\/2014\/10\/logo-portable-144.png","width":144,"height":123,"caption":"LYON BONDY BLOG"},"image":{"@id":"https:\/\/lyonbondyblog.fr\/LBB\/#\/schema\/logo\/image\/"},"sameAs":["https:\/\/www.facebook.com\/lyonbondyblog","https:\/\/x.com\/bondybloglyon"]},{"@type":"Person","@id":"https:\/\/lyonbondyblog.fr\/LBB\/#\/schema\/person\/6efc096be909f1122de1b82592e04e6e","name":"Hugo Dervissoglou","url":"https:\/\/lyonbondyblog.fr\/LBB\/author\/hugo_dervissoglou\/"}]}},"_links":{"self":[{"href":"https:\/\/lyonbondyblog.fr\/LBB\/wp-json\/wp\/v2\/posts\/14891","targetHints":{"allow":["GET"]}}],"collection":[{"href":"https:\/\/lyonbondyblog.fr\/LBB\/wp-json\/wp\/v2\/posts"}],"about":[{"href":"https:\/\/lyonbondyblog.fr\/LBB\/wp-json\/wp\/v2\/types\/post"}],"author":[{"embeddable":true,"href":"https:\/\/lyonbondyblog.fr\/LBB\/wp-json\/wp\/v2\/users\/5729"}],"replies":[{"embeddable":true,"href":"https:\/\/lyonbondyblog.fr\/LBB\/wp-json\/wp\/v2\/comments?post=14891"}],"version-history":[{"count":4,"href":"https:\/\/lyonbondyblog.fr\/LBB\/wp-json\/wp\/v2\/posts\/14891\/revisions"}],"predecessor-version":[{"id":14899,"href":"https:\/\/lyonbondyblog.fr\/LBB\/wp-json\/wp\/v2\/posts\/14891\/revisions\/14899"}],"wp:featuredmedia":[{"embeddable":true,"href":"https:\/\/lyonbondyblog.fr\/LBB\/wp-json\/wp\/v2\/media\/14892"}],"wp:attachment":[{"href":"https:\/\/lyonbondyblog.fr\/LBB\/wp-json\/wp\/v2\/media?parent=14891"}],"wp:term":[{"taxonomy":"category","embeddable":true,"href":"https:\/\/lyonbondyblog.fr\/LBB\/wp-json\/wp\/v2\/categories?post=14891"},{"taxonomy":"post_tag","embeddable":true,"href":"https:\/\/lyonbondyblog.fr\/LBB\/wp-json\/wp\/v2\/tags?post=14891"}],"curies":[{"name":"wp","href":"https:\/\/api.w.org\/{rel}","templated":true}]}}