{"id":14886,"date":"2018-11-22T18:27:16","date_gmt":"2018-11-22T17:27:16","guid":{"rendered":"http:\/\/lyonbondyblog.fr\/LBB\/?p=14886"},"modified":"2018-11-22T18:27:16","modified_gmt":"2018-11-22T17:27:16","slug":"vaulx-en-velin-les-enseignants-et-le-personnel-du-college-henri-barbusse-mobilises","status":"publish","type":"post","link":"https:\/\/lyonbondyblog.fr\/LBB\/vaulx-en-velin-les-enseignants-et-le-personnel-du-college-henri-barbusse-mobilises\/","title":{"rendered":"Vaulx-en-Velin : les  enseignants et le personnel du coll\u00e8ge Henri-Barbusse mobilis\u00e9s"},"content":{"rendered":"<h2>Depuis mardi, le coll\u00e8ge Henri-Barbusse de Vaulx-en-Velin est occup\u00e9 par une \u00e9l\u00e8ve de troisi\u00e8me, ses deux s\u0153urs et leur m\u00e8re. Originaires de Martinique, ils sont arriv\u00e9s en France M\u00e9tropolitaine en d\u00e9but d\u2019ann\u00e9e scolaire et sont en attente d\u2019une r\u00e9ponse pour un logement HLM.<\/h2>\n<p>&nbsp;<\/p>\n<p>Les professeurs ont appris la situation via l\u2019\u00e9cole maternelle de la plus jeune des s\u0153urs. Le corps enseignant et le personnel a d\u00e9cid\u00e9 d\u2019h\u00e9berger la famille dans le gymnase du coll\u00e8ge. Ils se relayent pour \u00eatre pr\u00e9sents avec eux. A noter qu\u2019un logement, sur les quatre pr\u00e9sents dans l\u2019enceinte de l\u2019\u00e9tablissement, est&nbsp;inoccup\u00e9 et chauff\u00e9. Ces logements de fonction d\u00e9pendent de la M\u00e9tropole qui reste muette. D\u00e8s son arriv\u00e9e en France m\u00e9tropolitaine, la famille a fait une demande de logement social aupr\u00e8s de la pr\u00e9fecture. Une demande qui n\u2019a pas aboutie et malgr\u00e9 une r\u00e9union avec le pr\u00e9fet, mercredi 21 novembre, les enseignants d\u00e9noncent le manque de volont\u00e9 politique. Une autre professeure d\u00e9nonce une situation qui recommence ann\u00e9e apr\u00e8s ann\u00e9e. Elle cite un exemple, datant de l\u2019an dernier,&nbsp; d\u2019un \u00e9l\u00e8ve de sa classe hospitalis\u00e9 pour une infection apr\u00e8s avoir pass\u00e9 une nuit dans une cage d\u2019escalier. Il y aurait 250 enfants SDF dans la m\u00e9tropole de Lyon et plusieurs \u00e9tablissements ont \u00e9t\u00e9 occup\u00e9s bri\u00e8vement. Les mouvements de&nbsp; l\u2019\u00e9cole Parmentier \u00e0 Saint-Fons ou les \u00e9coles Servet (Lyon 1<sup>er<\/sup>) et Dru (Lyon 7<sup>\u00e8me<\/sup>) ont pris fin apr\u00e8s le relogement des familles. <a href=\"https:\/\/rebellyon.info\/Jamais-Sans-Toit-sept-semaines-d-19802?utm_source=dlvr.it&amp;utm_medium=facebook\">Actuellement les enseignants sont mobilis\u00e9s \u00e0 l\u2019\u00e9cole Jean-Zay de Villeurbanne et d\u2019autres \u00e9tablissements pourraient suivre.<\/a>&nbsp;<\/p>\n<figure id=\"attachment_14888\" aria-describedby=\"caption-attachment-14888\" style=\"width: 1024px\" class=\"wp-caption aligncenter\"><img loading=\"lazy\" decoding=\"async\" class=\"size-large wp-image-14888\" src=\"https:\/\/lyonbondyblog.fr\/LBB\/wp-content\/uploads\/2018\/11\/IMG_5666-1024x768.jpg\" alt=\"\" width=\"1024\" height=\"768\" srcset=\"https:\/\/lyonbondyblog.fr\/LBB\/wp-content\/uploads\/2018\/11\/IMG_5666-1024x768.jpg 1024w, https:\/\/lyonbondyblog.fr\/LBB\/wp-content\/uploads\/2018\/11\/IMG_5666-300x225.jpg 300w, https:\/\/lyonbondyblog.fr\/LBB\/wp-content\/uploads\/2018\/11\/IMG_5666-768x576.jpg 768w, https:\/\/lyonbondyblog.fr\/LBB\/wp-content\/uploads\/2018\/11\/IMG_5666-600x450.jpg 600w\" sizes=\"auto, (max-width: 1024px) 100vw, 1024px\" \/><figcaption id=\"caption-attachment-14888\" class=\"wp-caption-text\">Un des quatre logements, g\u00e9r\u00e9s par la M\u00e9tropole est vide depuis cinq ans et sa r\u00e9novation. Cr\u00e9dit photo : Hugo Dervissoglou \/ Lyon Bondy Blog.<\/figcaption><\/figure>\n<!-- AddThis Advanced Settings generic via filter on the_content --><!-- AddThis Share Buttons generic via filter on the_content -->","protected":false},"excerpt":{"rendered":"<p>Depuis mardi, le coll\u00e8ge Henri-Barbusse de Vaulx-en-Velin est occup\u00e9 par une \u00e9l\u00e8ve de troisi\u00e8me, ses deux s\u0153urs et leur m\u00e8re. Originaires de Martinique, ils sont &hellip; <!-- AddThis Advanced Settings generic via filter on wp_trim_excerpt --><!-- AddThis Share Buttons generic via filter on wp_trim_excerpt --><\/p>\n","protected":false},"author":1,"featured_media":14887,"comment_status":"open","ping_status":"open","sticky":false,"template":"","format":"standard","meta":{"_FSMCFIC_featured_image_caption":"","_FSMCFIC_featured_image_nocaption":"","_FSMCFIC_featured_image_hide":"","footnotes":""},"categories":[6189,3889,3891],"tags":[2431,1101,635],"class_list":["post-14886","post","type-post","status-publish","format-standard","has-post-thumbnail","hentry","category-sans-abris","category-sante","category-vaulx-en-velin","tag-mal-logement","tag-sdf","tag-vaulx-en-velin"],"yoast_head":"<!-- This site is optimized with the Yoast SEO plugin v22.8 - https:\/\/yoast.com\/wordpress\/plugins\/seo\/ -->\n<title>Vaulx-en-Velin : les enseignants et le personnel du coll\u00e8ge Henri-Barbusse mobilis\u00e9s - Lyon Bondy Blog<\/title>\n<meta name=\"description\" content=\"Depuis mardi, le coll\u00e8ge Henri-Barbusse de Vaulx-en-Velin est occup\u00e9 par une \u00e9l\u00e8ve de troisi\u00e8me, ses deux s\u0153urs et leur m\u00e8re.\" \/>\n<meta name=\"robots\" content=\"index, follow, max-snippet:-1, max-image-preview:large, max-video-preview:-1\" \/>\n<link rel=\"canonical\" href=\"https:\/\/lyonbondyblog.fr\/LBB\/vaulx-en-velin-les-enseignants-et-le-personnel-du-college-henri-barbusse-mobilises\/\" \/>\n<meta property=\"og:locale\" content=\"fr_FR\" \/>\n<meta property=\"og:type\" content=\"article\" \/>\n<meta property=\"og:title\" content=\"Vaulx-en-Velin : les enseignants et le personnel du coll\u00e8ge Henri-Barbusse mobilis\u00e9s - Lyon Bondy Blog\" \/>\n<meta property=\"og:description\" content=\"Depuis mardi, le coll\u00e8ge Henri-Barbusse de Vaulx-en-Velin est occup\u00e9 par une \u00e9l\u00e8ve de troisi\u00e8me, ses deux s\u0153urs et leur m\u00e8re.\" \/>\n<meta property=\"og:url\" content=\"https:\/\/lyonbondyblog.fr\/LBB\/vaulx-en-velin-les-enseignants-et-le-personnel-du-college-henri-barbusse-mobilises\/\" \/>\n<meta property=\"og:site_name\" content=\"Lyon Bondy Blog\" \/>\n<meta property=\"article:publisher\" content=\"https:\/\/www.facebook.com\/lyonbondyblog\" \/>\n<meta property=\"article:author\" content=\"https:\/\/www.facebook.com\/lyonbondyblog\" \/>\n<meta property=\"article:published_time\" content=\"2018-11-22T17:27:16+00:00\" \/>\n<meta property=\"og:image\" content=\"https:\/\/lyonbondyblog.fr\/LBB\/wp-content\/uploads\/2018\/11\/IMG_5644.jpg\" \/>\n\t<meta property=\"og:image:width\" content=\"3264\" \/>\n\t<meta property=\"og:image:height\" content=\"2448\" \/>\n\t<meta property=\"og:image:type\" content=\"image\/jpeg\" \/>\n<meta name=\"author\" content=\"La r\u00e9daction\" \/>\n<meta name=\"twitter:card\" content=\"summary_large_image\" \/>\n<meta name=\"twitter:creator\" content=\"@BondyBlogLyon\" \/>\n<meta name=\"twitter:site\" content=\"@bondybloglyon\" \/>\n<script type=\"application\/ld+json\" class=\"yoast-schema-graph\">{\"@context\":\"https:\/\/schema.org\",\"@graph\":[{\"@type\":\"Article\",\"@id\":\"https:\/\/lyonbondyblog.fr\/LBB\/vaulx-en-velin-les-enseignants-et-le-personnel-du-college-henri-barbusse-mobilises\/#article\",\"isPartOf\":{\"@id\":\"https:\/\/lyonbondyblog.fr\/LBB\/vaulx-en-velin-les-enseignants-et-le-personnel-du-college-henri-barbusse-mobilises\/\"},\"author\":{\"name\":\"La r\u00e9daction\",\"@id\":\"https:\/\/lyonbondyblog.fr\/LBB\/#\/schema\/person\/e45f8d27baac75072daa0be50c409b25\"},\"headline\":\"Vaulx-en-Velin : les enseignants et le personnel du coll\u00e8ge Henri-Barbusse mobilis\u00e9s\",\"datePublished\":\"2018-11-22T17:27:16+00:00\",\"dateModified\":\"2018-11-22T17:27:16+00:00\",\"mainEntityOfPage\":{\"@id\":\"https:\/\/lyonbondyblog.fr\/LBB\/vaulx-en-velin-les-enseignants-et-le-personnel-du-college-henri-barbusse-mobilises\/\"},\"wordCount\":346,\"commentCount\":0,\"publisher\":{\"@id\":\"https:\/\/lyonbondyblog.fr\/LBB\/#organization\"},\"image\":{\"@id\":\"https:\/\/lyonbondyblog.fr\/LBB\/vaulx-en-velin-les-enseignants-et-le-personnel-du-college-henri-barbusse-mobilises\/#primaryimage\"},\"thumbnailUrl\":\"https:\/\/lyonbondyblog.fr\/LBB\/wp-content\/uploads\/2018\/11\/IMG_5644.jpg\",\"keywords\":[\"Mal-logement\",\"SDF\",\"Vaulx-en-Velin\"],\"articleSection\":[\"Sans-abris\",\"Sant\u00e9\",\"Vaulx-en-Velin\"],\"inLanguage\":\"fr-FR\",\"potentialAction\":[{\"@type\":\"CommentAction\",\"name\":\"Comment\",\"target\":[\"https:\/\/lyonbondyblog.fr\/LBB\/vaulx-en-velin-les-enseignants-et-le-personnel-du-college-henri-barbusse-mobilises\/#respond\"]}]},{\"@type\":\"WebPage\",\"@id\":\"https:\/\/lyonbondyblog.fr\/LBB\/vaulx-en-velin-les-enseignants-et-le-personnel-du-college-henri-barbusse-mobilises\/\",\"url\":\"https:\/\/lyonbondyblog.fr\/LBB\/vaulx-en-velin-les-enseignants-et-le-personnel-du-college-henri-barbusse-mobilises\/\",\"name\":\"Vaulx-en-Velin : les enseignants et le personnel du coll\u00e8ge Henri-Barbusse mobilis\u00e9s - Lyon Bondy Blog\",\"isPartOf\":{\"@id\":\"https:\/\/lyonbondyblog.fr\/LBB\/#website\"},\"primaryImageOfPage\":{\"@id\":\"https:\/\/lyonbondyblog.fr\/LBB\/vaulx-en-velin-les-enseignants-et-le-personnel-du-college-henri-barbusse-mobilises\/#primaryimage\"},\"image\":{\"@id\":\"https:\/\/lyonbondyblog.fr\/LBB\/vaulx-en-velin-les-enseignants-et-le-personnel-du-college-henri-barbusse-mobilises\/#primaryimage\"},\"thumbnailUrl\":\"https:\/\/lyonbondyblog.fr\/LBB\/wp-content\/uploads\/2018\/11\/IMG_5644.jpg\",\"datePublished\":\"2018-11-22T17:27:16+00:00\",\"dateModified\":\"2018-11-22T17:27:16+00:00\",\"description\":\"Depuis mardi, le coll\u00e8ge Henri-Barbusse de Vaulx-en-Velin est occup\u00e9 par une \u00e9l\u00e8ve de troisi\u00e8me, ses deux s\u0153urs et leur m\u00e8re.\",\"inLanguage\":\"fr-FR\",\"potentialAction\":[{\"@type\":\"ReadAction\",\"target\":[\"https:\/\/lyonbondyblog.fr\/LBB\/vaulx-en-velin-les-enseignants-et-le-personnel-du-college-henri-barbusse-mobilises\/\"]}]},{\"@type\":\"ImageObject\",\"inLanguage\":\"fr-FR\",\"@id\":\"https:\/\/lyonbondyblog.fr\/LBB\/vaulx-en-velin-les-enseignants-et-le-personnel-du-college-henri-barbusse-mobilises\/#primaryimage\",\"url\":\"https:\/\/lyonbondyblog.fr\/LBB\/wp-content\/uploads\/2018\/11\/IMG_5644.jpg\",\"contentUrl\":\"https:\/\/lyonbondyblog.fr\/LBB\/wp-content\/uploads\/2018\/11\/IMG_5644.jpg\",\"width\":3264,\"height\":2448,\"caption\":\"A nouveau le coll\u00e8ge Henri-Barbusse se mobilise pour une famille \u00e0 la rue. Cr\u00e9dit : Hugo Dervissoglou \/ LBB\"},{\"@type\":\"WebSite\",\"@id\":\"https:\/\/lyonbondyblog.fr\/LBB\/#website\",\"url\":\"https:\/\/lyonbondyblog.fr\/LBB\/\",\"name\":\"Lyon Bondy Blog\",\"description\":\"\",\"publisher\":{\"@id\":\"https:\/\/lyonbondyblog.fr\/LBB\/#organization\"},\"potentialAction\":[{\"@type\":\"SearchAction\",\"target\":{\"@type\":\"EntryPoint\",\"urlTemplate\":\"https:\/\/lyonbondyblog.fr\/LBB\/?s={search_term_string}\"},\"query-input\":\"required name=search_term_string\"}],\"inLanguage\":\"fr-FR\"},{\"@type\":\"Organization\",\"@id\":\"https:\/\/lyonbondyblog.fr\/LBB\/#organization\",\"name\":\"LYON BONDY BLOG\",\"url\":\"https:\/\/lyonbondyblog.fr\/LBB\/\",\"logo\":{\"@type\":\"ImageObject\",\"inLanguage\":\"fr-FR\",\"@id\":\"https:\/\/lyonbondyblog.fr\/LBB\/#\/schema\/logo\/image\/\",\"url\":\"http:\/\/lyonbondyblog.fr\/LBB\/wp-content\/uploads\/2014\/10\/logo-portable-144.png\",\"contentUrl\":\"http:\/\/lyonbondyblog.fr\/LBB\/wp-content\/uploads\/2014\/10\/logo-portable-144.png\",\"width\":144,\"height\":123,\"caption\":\"LYON BONDY BLOG\"},\"image\":{\"@id\":\"https:\/\/lyonbondyblog.fr\/LBB\/#\/schema\/logo\/image\/\"},\"sameAs\":[\"https:\/\/www.facebook.com\/lyonbondyblog\",\"https:\/\/x.com\/bondybloglyon\"]},{\"@type\":\"Person\",\"@id\":\"https:\/\/lyonbondyblog.fr\/LBB\/#\/schema\/person\/e45f8d27baac75072daa0be50c409b25\",\"name\":\"La r\u00e9daction\",\"description\":\"Cr\u00e9e en 2008, la r\u00e9daction du Lyon Bondy Blog s'applique \u00e0 proposer une information locale diff\u00e9rente et compl\u00e9mentaire des m\u00e9dias traditionnels.\",\"sameAs\":[\"https:\/\/www.facebook.com\/lyonbondyblog\",\"https:\/\/x.com\/BondyBlogLyon\"],\"url\":\"https:\/\/lyonbondyblog.fr\/LBB\/author\/admin\/\"}]}<\/script>\n<!-- \/ Yoast SEO plugin. -->","yoast_head_json":{"title":"Vaulx-en-Velin : les enseignants et le personnel du coll\u00e8ge Henri-Barbusse mobilis\u00e9s - Lyon Bondy Blog","description":"Depuis mardi, le coll\u00e8ge Henri-Barbusse de Vaulx-en-Velin est occup\u00e9 par une \u00e9l\u00e8ve de troisi\u00e8me, ses deux s\u0153urs et leur m\u00e8re.","robots":{"index":"index","follow":"follow","max-snippet":"max-snippet:-1","max-image-preview":"max-image-preview:large","max-video-preview":"max-video-preview:-1"},"canonical":"https:\/\/lyonbondyblog.fr\/LBB\/vaulx-en-velin-les-enseignants-et-le-personnel-du-college-henri-barbusse-mobilises\/","og_locale":"fr_FR","og_type":"article","og_title":"Vaulx-en-Velin : les enseignants et le personnel du coll\u00e8ge Henri-Barbusse mobilis\u00e9s - Lyon Bondy Blog","og_description":"Depuis mardi, le coll\u00e8ge Henri-Barbusse de Vaulx-en-Velin est occup\u00e9 par une \u00e9l\u00e8ve de troisi\u00e8me, ses deux s\u0153urs et leur m\u00e8re.","og_url":"https:\/\/lyonbondyblog.fr\/LBB\/vaulx-en-velin-les-enseignants-et-le-personnel-du-college-henri-barbusse-mobilises\/","og_site_name":"Lyon Bondy Blog","article_publisher":"https:\/\/www.facebook.com\/lyonbondyblog","article_author":"https:\/\/www.facebook.com\/lyonbondyblog","article_published_time":"2018-11-22T17:27:16+00:00","og_image":[{"width":3264,"height":2448,"url":"https:\/\/lyonbondyblog.fr\/LBB\/wp-content\/uploads\/2018\/11\/IMG_5644.jpg","type":"image\/jpeg"}],"author":"La r\u00e9daction","twitter_card":"summary_large_image","twitter_creator":"@BondyBlogLyon","twitter_site":"@bondybloglyon","schema":{"@context":"https:\/\/schema.org","@graph":[{"@type":"Article","@id":"https:\/\/lyonbondyblog.fr\/LBB\/vaulx-en-velin-les-enseignants-et-le-personnel-du-college-henri-barbusse-mobilises\/#article","isPartOf":{"@id":"https:\/\/lyonbondyblog.fr\/LBB\/vaulx-en-velin-les-enseignants-et-le-personnel-du-college-henri-barbusse-mobilises\/"},"author":{"name":"La r\u00e9daction","@id":"https:\/\/lyonbondyblog.fr\/LBB\/#\/schema\/person\/e45f8d27baac75072daa0be50c409b25"},"headline":"Vaulx-en-Velin : les enseignants et le personnel du coll\u00e8ge Henri-Barbusse mobilis\u00e9s","datePublished":"2018-11-22T17:27:16+00:00","dateModified":"2018-11-22T17:27:16+00:00","mainEntityOfPage":{"@id":"https:\/\/lyonbondyblog.fr\/LBB\/vaulx-en-velin-les-enseignants-et-le-personnel-du-college-henri-barbusse-mobilises\/"},"wordCount":346,"commentCount":0,"publisher":{"@id":"https:\/\/lyonbondyblog.fr\/LBB\/#organization"},"image":{"@id":"https:\/\/lyonbondyblog.fr\/LBB\/vaulx-en-velin-les-enseignants-et-le-personnel-du-college-henri-barbusse-mobilises\/#primaryimage"},"thumbnailUrl":"https:\/\/lyonbondyblog.fr\/LBB\/wp-content\/uploads\/2018\/11\/IMG_5644.jpg","keywords":["Mal-logement","SDF","Vaulx-en-Velin"],"articleSection":["Sans-abris","Sant\u00e9","Vaulx-en-Velin"],"inLanguage":"fr-FR","potentialAction":[{"@type":"CommentAction","name":"Comment","target":["https:\/\/lyonbondyblog.fr\/LBB\/vaulx-en-velin-les-enseignants-et-le-personnel-du-college-henri-barbusse-mobilises\/#respond"]}]},{"@type":"WebPage","@id":"https:\/\/lyonbondyblog.fr\/LBB\/vaulx-en-velin-les-enseignants-et-le-personnel-du-college-henri-barbusse-mobilises\/","url":"https:\/\/lyonbondyblog.fr\/LBB\/vaulx-en-velin-les-enseignants-et-le-personnel-du-college-henri-barbusse-mobilises\/","name":"Vaulx-en-Velin : les enseignants et le personnel du coll\u00e8ge Henri-Barbusse mobilis\u00e9s - Lyon Bondy Blog","isPartOf":{"@id":"https:\/\/lyonbondyblog.fr\/LBB\/#website"},"primaryImageOfPage":{"@id":"https:\/\/lyonbondyblog.fr\/LBB\/vaulx-en-velin-les-enseignants-et-le-personnel-du-college-henri-barbusse-mobilises\/#primaryimage"},"image":{"@id":"https:\/\/lyonbondyblog.fr\/LBB\/vaulx-en-velin-les-enseignants-et-le-personnel-du-college-henri-barbusse-mobilises\/#primaryimage"},"thumbnailUrl":"https:\/\/lyonbondyblog.fr\/LBB\/wp-content\/uploads\/2018\/11\/IMG_5644.jpg","datePublished":"2018-11-22T17:27:16+00:00","dateModified":"2018-11-22T17:27:16+00:00","description":"Depuis mardi, le coll\u00e8ge Henri-Barbusse de Vaulx-en-Velin est occup\u00e9 par une \u00e9l\u00e8ve de troisi\u00e8me, ses deux s\u0153urs et leur m\u00e8re.","inLanguage":"fr-FR","potentialAction":[{"@type":"ReadAction","target":["https:\/\/lyonbondyblog.fr\/LBB\/vaulx-en-velin-les-enseignants-et-le-personnel-du-college-henri-barbusse-mobilises\/"]}]},{"@type":"ImageObject","inLanguage":"fr-FR","@id":"https:\/\/lyonbondyblog.fr\/LBB\/vaulx-en-velin-les-enseignants-et-le-personnel-du-college-henri-barbusse-mobilises\/#primaryimage","url":"https:\/\/lyonbondyblog.fr\/LBB\/wp-content\/uploads\/2018\/11\/IMG_5644.jpg","contentUrl":"https:\/\/lyonbondyblog.fr\/LBB\/wp-content\/uploads\/2018\/11\/IMG_5644.jpg","width":3264,"height":2448,"caption":"A nouveau le coll\u00e8ge Henri-Barbusse se mobilise pour une famille \u00e0 la rue. Cr\u00e9dit : Hugo Dervissoglou \/ LBB"},{"@type":"WebSite","@id":"https:\/\/lyonbondyblog.fr\/LBB\/#website","url":"https:\/\/lyonbondyblog.fr\/LBB\/","name":"Lyon Bondy Blog","description":"","publisher":{"@id":"https:\/\/lyonbondyblog.fr\/LBB\/#organization"},"potentialAction":[{"@type":"SearchAction","target":{"@type":"EntryPoint","urlTemplate":"https:\/\/lyonbondyblog.fr\/LBB\/?s={search_term_string}"},"query-input":"required name=search_term_string"}],"inLanguage":"fr-FR"},{"@type":"Organization","@id":"https:\/\/lyonbondyblog.fr\/LBB\/#organization","name":"LYON BONDY BLOG","url":"https:\/\/lyonbondyblog.fr\/LBB\/","logo":{"@type":"ImageObject","inLanguage":"fr-FR","@id":"https:\/\/lyonbondyblog.fr\/LBB\/#\/schema\/logo\/image\/","url":"http:\/\/lyonbondyblog.fr\/LBB\/wp-content\/uploads\/2014\/10\/logo-portable-144.png","contentUrl":"http:\/\/lyonbondyblog.fr\/LBB\/wp-content\/uploads\/2014\/10\/logo-portable-144.png","width":144,"height":123,"caption":"LYON BONDY BLOG"},"image":{"@id":"https:\/\/lyonbondyblog.fr\/LBB\/#\/schema\/logo\/image\/"},"sameAs":["https:\/\/www.facebook.com\/lyonbondyblog","https:\/\/x.com\/bondybloglyon"]},{"@type":"Person","@id":"https:\/\/lyonbondyblog.fr\/LBB\/#\/schema\/person\/e45f8d27baac75072daa0be50c409b25","name":"La r\u00e9daction","description":"Cr\u00e9e en 2008, la r\u00e9daction du Lyon Bondy Blog s'applique \u00e0 proposer une information locale diff\u00e9rente et compl\u00e9mentaire des m\u00e9dias traditionnels.","sameAs":["https:\/\/www.facebook.com\/lyonbondyblog","https:\/\/x.com\/BondyBlogLyon"],"url":"https:\/\/lyonbondyblog.fr\/LBB\/author\/admin\/"}]}},"_links":{"self":[{"href":"https:\/\/lyonbondyblog.fr\/LBB\/wp-json\/wp\/v2\/posts\/14886","targetHints":{"allow":["GET"]}}],"collection":[{"href":"https:\/\/lyonbondyblog.fr\/LBB\/wp-json\/wp\/v2\/posts"}],"about":[{"href":"https:\/\/lyonbondyblog.fr\/LBB\/wp-json\/wp\/v2\/types\/post"}],"author":[{"embeddable":true,"href":"https:\/\/lyonbondyblog.fr\/LBB\/wp-json\/wp\/v2\/users\/1"}],"replies":[{"embeddable":true,"href":"https:\/\/lyonbondyblog.fr\/LBB\/wp-json\/wp\/v2\/comments?post=14886"}],"version-history":[{"count":1,"href":"https:\/\/lyonbondyblog.fr\/LBB\/wp-json\/wp\/v2\/posts\/14886\/revisions"}],"predecessor-version":[{"id":14889,"href":"https:\/\/lyonbondyblog.fr\/LBB\/wp-json\/wp\/v2\/posts\/14886\/revisions\/14889"}],"wp:featuredmedia":[{"embeddable":true,"href":"https:\/\/lyonbondyblog.fr\/LBB\/wp-json\/wp\/v2\/media\/14887"}],"wp:attachment":[{"href":"https:\/\/lyonbondyblog.fr\/LBB\/wp-json\/wp\/v2\/media?parent=14886"}],"wp:term":[{"taxonomy":"category","embeddable":true,"href":"https:\/\/lyonbondyblog.fr\/LBB\/wp-json\/wp\/v2\/categories?post=14886"},{"taxonomy":"post_tag","embeddable":true,"href":"https:\/\/lyonbondyblog.fr\/LBB\/wp-json\/wp\/v2\/tags?post=14886"}],"curies":[{"name":"wp","href":"https:\/\/api.w.org\/{rel}","templated":true}]}}