{"id":1476,"date":"2012-03-13T15:17:13","date_gmt":"2012-03-13T14:17:13","guid":{"rendered":"http:\/\/lyonbondyblog.fr\/LBB\/?p=1476"},"modified":"2013-07-25T15:21:53","modified_gmt":"2013-07-25T13:21:53","slug":"une-lecon-de-journalisme-au-lycee-marcel-sembat-de-venissieux","status":"publish","type":"post","link":"https:\/\/lyonbondyblog.fr\/LBB\/une-lecon-de-journalisme-au-lycee-marcel-sembat-de-venissieux\/","title":{"rendered":"Une le\u00e7on de journalisme au lyc\u00e9e Marcel Sembat de V\u00e9nissieux"},"content":{"rendered":"<p><strong>Le jeudi 8 Mars 2012 au lyc\u00e9e Marcel Sembat \u00e0 Venissieux, des professionnels des m\u00e9dias sont venus tout droit de Paris. Le but \u00e9tait d&rsquo;accueillir ces personnalit\u00e9s au sein du lyc\u00e9e afin de parler de journalisme aux jeunes. Ces personnes invit\u00e9es par Ali Kismoune (pr\u00e9sident du Club Rh\u00f4ne Alpes Diversit\u00e9) \u00e9taient entre autre Catherine Nayl, directrice de l&rsquo;information sur TF1, Edouard Boccon-Gibod, directeur du quotidien \u00abM\u00e9tro France\u00bb et pr\u00e9sident du comit\u00e9 diversit\u00e9 du groupe TF1 et Gilles Bouleau rempla\u00e7ant de Laurence Ferrari au 20h \u00e0 TF1.<\/strong><\/p>\n<div><a title=\" -- Cliquez pour voir l'image en entier\" href=\"http:\/\/yahoo.lyon.bondyblog.fr\/images\/photo_3.jpg\" target=\"_blank\"> <img loading=\"lazy\" decoding=\"async\" class=\"alignleft\" style=\"border: 0px none;\" alt=\" -- Cliquez pour voir l'image en entier\" src=\"http:\/\/yahoo.lyon.bondyblog.fr\/images\/photo_3_t.jpg\" width=\"193\" height=\"145\" border=\"0\" \/> <\/a><\/div>\n<div>Plus d&rsquo;une quarantaine d&rsquo;\u00e9l\u00e8ves rassembl\u00e9s dans la biblioth\u00e8que du lyc\u00e9e pour parler de ce m\u00e9tier qui les int\u00e9ressaient, mais n\u00e9anmoins qu&rsquo;ils appr\u00e9hendaient&#8230;. Alors pour leur r\u00e9pondre, quoi de mieux qu&rsquo;une \u00e9quipe de professionnels\u00a0?<\/div>\n<p>La premi\u00e8re question fut celle de la <b>d\u00e9finition du journalisme.<\/b><br \/>\nC&rsquo;est un milieu tr\u00e8s vaste, nous r\u00e9pond Catherine Nayl, cela peut aller de la t\u00e9l\u00e9vision, \u00e0 la radio en passant par les journaux \u00e9crits. D&rsquo;ailleurs, les journalistes se font de plus en plus polyvalents pour acqu\u00e9rir des capacit\u00e9s dans divers domaines gr\u00e2ce \u00e0 l&rsquo;\u00e9volution des outils, avec notamment internet. Le journaliste a aussi pour mission d&rsquo;aller \u00e0 la visite des populations, de les comprendre que ce soit en banlieue ou en Syrie. Il faut donc une curiosit\u00e9 intarissable et une culture g\u00e9n\u00e9rale importante.<br \/>\nPour Gilles Bouleau, le journaliste a le devoir d&rsquo;analyser en tr\u00e8s peu de temps des ph\u00e9nom\u00e8nes historiques et surtout rendre intelligibles des \u00e9v\u00e8nements afin que l&rsquo;information soit \u00e0 la port\u00e9e de tout le monde que ce soit pour le grand p\u00e8re ou pour le petit fr\u00e8re.<\/p>\n<p>Il ne faut bien s\u00fbr pas oublier que le <b>m\u00e9tier de journaliste<\/b> est toujours une fonction tr\u00e8s risqu\u00e9e. Il est, par exemple, impossible d&rsquo;entrer en Syrie en ce moment, il faut donc rentrer dans la clandestinit\u00e9 et analyser les propagandes en place pour pouvoir partager des informations v\u00e9ritables avec ses concitoyens. Mais en France \u00e9galement il y a des risques, lorsque l&rsquo;on est face \u00e0 des situations d\u00e9plorables face auxquelles il faut toujours garder la t\u00eate froide pour ne pas en faire un combat personnel.<\/p>\n<p>Un \u00e9l\u00e8ve demanda alors s&rsquo;il \u00e9tait <b>\u00abpossible d&rsquo;\u00eatre objectif\u00bb<\/b>. C&rsquo;est en effet, la plus difficile des choses lorsque l&rsquo;on sait que l&rsquo;on doit faire abstraction de ses opinions, de son sexe, des id\u00e9es politiques de son entourage, etc.<br \/>\nEtienne Boccon-Gibod, lui, parle d&rsquo;un caract\u00e8re sp\u00e9cifique du journaliste\u00a0: celui de l&rsquo;insatisfaction permanente des informations qu&rsquo;il re\u00e7oit. Il va alors faire des recherches au moyen du fact-checking et du data journalism. Le premier va \u00eatre une pure v\u00e9rification des faits avec un organe ind\u00e9pendant (ce fut le cas pendant la campagne pr\u00e9sidentielle de Barack Obama) et le deuxi\u00e8me est l&rsquo;acc\u00e8s \u00e0 des donn\u00e9es publiques, des donn\u00e9es brutes qui permettent alors une certaine objectivit\u00e9. Il s&rsquo;agit ensuite de les confronter \u00e0 chaque fois \u00e0 la r\u00e9alit\u00e9 que l&rsquo;on observe.<\/p>\n<p>Lorsque l&rsquo;on demande quels sont les moyens pour les journaux de <b>faire face \u00e0 la concurrence du net, <\/b>M. Boccon-Gibod nous r\u00e9pondit par rapport \u00e0 son exp\u00e9rience dans le \u2018\u2019Metro\u2019\u2019.<br \/>\nLa presse gratuite \u00e9crite d\u00e9pend enti\u00e8rement des recettes publicitaires. Mais pour la presse payante, celle ci doit faire face \u00e0 la gratuit\u00e9 d&rsquo;internet. Il faut alors que les journaux deviennent mobiles avec des abonnements qui permettent aux lecteurs de se d\u00e9placer avec leur presse \u00e9crite moyennant finance&#8230;<\/p>\n<p>Et lorsque l&rsquo;on est journaliste, il a \u00e9t\u00e9 dit qu&rsquo;il fallait avoir un maximum d&rsquo;informations, le plus rapidement possible. Alors comment <b>obtenir des informations directes\u00a0<\/b>?<br \/>\nIl y a des agences de presse telles AFP (Agence France Presse) ou bien Reuters qui ont chacune des correspondants dans le monde pouvant relater des toutes derni\u00e8res informations.<br \/>\nEt depuis un certain temps, les r\u00e9seaux sociaux \u00e9galement on leur part dans l&rsquo;information en direct, avec twitter notamment qui t\u00e9moignent spontan\u00e9ment des \u00e9v\u00e8nements.<\/p>\n<p><b>Et s&rsquo;agissant de la diversit\u00e9 \u00e0 l&rsquo;\u00e9cran\u00a0?<\/b><br \/>\nSelon Mme Nayl, il faut savoir que l&rsquo;on part d&rsquo;une situation o\u00f9 ceux qui \u00e9taient dans les \u00e9coles n&rsquo;\u00e9taient que des blancs et de surcroit, des hommes. De plus, 99% des journalistes embauch\u00e9s viennent des grandes \u00e9coles de journalisme, cela fait un deuxi\u00e8me blocage.<br \/>\nCela est un v\u00e9ritable probl\u00e8me, car les m\u00e9dias ne repr\u00e9sentent pas la France, il faut alors faire \u00ab\u00a0sauter les verroux\u00a0\u00bb comme l&rsquo;indique M. Bouleau.<br \/>\nEt selon M. Boccon-Gibod, il faut faire une banalisation de la repr\u00e9sentation, faire qu&rsquo;un Harry Roselmack ne soit plus une r\u00e9volution \u00e0 part enti\u00e8re mais un fait normal. Il faut en fait que l&rsquo;on voit plus le journaliste par rapport \u00e0 ses capacit\u00e9s, \u00e0 sa personnalit\u00e9 plut\u00f4t que sa couleur.<\/p>\n<p>Les \u00e9l\u00e8ves furent v\u00e9ritablement heureux d&rsquo;avoir devant des personnes du m\u00e9tier, des personnes qui paraissent inaccessibles au premier abord, que l&rsquo;on ne voit que sur un \u00e9cran, mais qui se sont assis dans une m\u00eame pi\u00e8ce pour discuter librement de ce m\u00e9tier qui para\u00eet difficile d&rsquo;acc\u00e8s qu&rsquo;est le journalisme. Les adolescents n&rsquo;ont pas h\u00e9sit\u00e9 \u00e0 poser des questions, et r\u00e9pondaient \u00e0 chaque fois qu&rsquo;un des journalistes leur retournaient une question. Et ces personnes invit\u00e9es ont r\u00e9ussi \u00e0 d\u00e9sacraliser le journalisme avec leur t\u00e9moignage r\u00e9ciproques, pour donner \u00e0 ces jeunes l&rsquo;envie de pratiquer leur passion\u00a0: celle d&rsquo;\u00e9crire l&rsquo;actualit\u00e9.<\/p>\n<!-- AddThis Advanced Settings generic via filter on the_content --><!-- AddThis Share Buttons generic via filter on the_content -->","protected":false},"excerpt":{"rendered":"<p>Le jeudi 8 Mars 2012 au lyc\u00e9e Marcel Sembat \u00e0 Venissieux, des professionnels des m\u00e9dias sont venus tout droit de Paris. Le but \u00e9tait d&rsquo;accueillir &hellip; <!-- AddThis Advanced Settings generic via filter on wp_trim_excerpt --><!-- AddThis Share Buttons generic via filter on wp_trim_excerpt --><\/p>\n","protected":false},"author":7,"featured_media":1477,"comment_status":"open","ping_status":"open","sticky":false,"template":"","format":"standard","meta":{"_FSMCFIC_featured_image_caption":"","_FSMCFIC_featured_image_nocaption":"","_FSMCFIC_featured_image_hide":"","footnotes":""},"categories":[4],"tags":[10,112],"class_list":["post-1476","post","type-post","status-publish","format-standard","has-post-thumbnail","hentry","category-lyon","tag-lyon-2","tag-lyon-bondy-blog"],"yoast_head":"<!-- This site is optimized with the Yoast SEO plugin v22.8 - https:\/\/yoast.com\/wordpress\/plugins\/seo\/ -->\n<title>Une le\u00e7on de journalisme au lyc\u00e9e Marcel Sembat de V\u00e9nissieux - Lyon Bondy Blog<\/title>\n<meta name=\"robots\" content=\"index, follow, max-snippet:-1, max-image-preview:large, max-video-preview:-1\" \/>\n<link rel=\"canonical\" href=\"https:\/\/lyonbondyblog.fr\/LBB\/une-lecon-de-journalisme-au-lycee-marcel-sembat-de-venissieux\/\" \/>\n<meta property=\"og:locale\" content=\"fr_FR\" \/>\n<meta property=\"og:type\" content=\"article\" \/>\n<meta property=\"og:title\" content=\"Une le\u00e7on de journalisme au lyc\u00e9e Marcel Sembat de V\u00e9nissieux - Lyon Bondy Blog\" \/>\n<meta property=\"og:description\" content=\"Le jeudi 8 Mars 2012 au lyc\u00e9e Marcel Sembat \u00e0 Venissieux, des professionnels des m\u00e9dias sont venus tout droit de Paris. Le but \u00e9tait d&rsquo;accueillir &hellip;\" \/>\n<meta property=\"og:url\" content=\"https:\/\/lyonbondyblog.fr\/LBB\/une-lecon-de-journalisme-au-lycee-marcel-sembat-de-venissieux\/\" \/>\n<meta property=\"og:site_name\" content=\"Lyon Bondy Blog\" \/>\n<meta property=\"article:publisher\" content=\"https:\/\/www.facebook.com\/lyonbondyblog\" \/>\n<meta property=\"article:published_time\" content=\"2012-03-13T14:17:13+00:00\" \/>\n<meta property=\"article:modified_time\" content=\"2013-07-25T13:21:53+00:00\" \/>\n<meta property=\"og:image\" content=\"https:\/\/lyonbondyblog.fr\/LBB\/wp-content\/uploads\/2013\/07\/venissieux.jpg\" \/>\n\t<meta property=\"og:image:width\" content=\"193\" \/>\n\t<meta property=\"og:image:height\" content=\"145\" \/>\n\t<meta property=\"og:image:type\" content=\"image\/jpeg\" \/>\n<meta name=\"author\" content=\"Sofia Azzedine\" \/>\n<meta name=\"twitter:card\" content=\"summary_large_image\" \/>\n<meta name=\"twitter:creator\" content=\"@bondybloglyon\" \/>\n<meta name=\"twitter:site\" content=\"@bondybloglyon\" \/>\n<script type=\"application\/ld+json\" class=\"yoast-schema-graph\">{\"@context\":\"https:\/\/schema.org\",\"@graph\":[{\"@type\":\"Article\",\"@id\":\"https:\/\/lyonbondyblog.fr\/LBB\/une-lecon-de-journalisme-au-lycee-marcel-sembat-de-venissieux\/#article\",\"isPartOf\":{\"@id\":\"https:\/\/lyonbondyblog.fr\/LBB\/une-lecon-de-journalisme-au-lycee-marcel-sembat-de-venissieux\/\"},\"author\":{\"name\":\"Sofia Azzedine\",\"@id\":\"https:\/\/lyonbondyblog.fr\/LBB\/#\/schema\/person\/b0602285b18dbff27c95620f60751bf9\"},\"headline\":\"Une le\u00e7on de journalisme au lyc\u00e9e Marcel Sembat de V\u00e9nissieux\",\"datePublished\":\"2012-03-13T14:17:13+00:00\",\"dateModified\":\"2013-07-25T13:21:53+00:00\",\"mainEntityOfPage\":{\"@id\":\"https:\/\/lyonbondyblog.fr\/LBB\/une-lecon-de-journalisme-au-lycee-marcel-sembat-de-venissieux\/\"},\"wordCount\":934,\"commentCount\":0,\"publisher\":{\"@id\":\"https:\/\/lyonbondyblog.fr\/LBB\/#organization\"},\"image\":{\"@id\":\"https:\/\/lyonbondyblog.fr\/LBB\/une-lecon-de-journalisme-au-lycee-marcel-sembat-de-venissieux\/#primaryimage\"},\"thumbnailUrl\":\"https:\/\/lyonbondyblog.fr\/LBB\/wp-content\/uploads\/2013\/07\/venissieux.jpg\",\"keywords\":[\"lyon\",\"Lyon Bondy Blog\"],\"articleSection\":[\"Lyon\"],\"inLanguage\":\"fr-FR\",\"potentialAction\":[{\"@type\":\"CommentAction\",\"name\":\"Comment\",\"target\":[\"https:\/\/lyonbondyblog.fr\/LBB\/une-lecon-de-journalisme-au-lycee-marcel-sembat-de-venissieux\/#respond\"]}]},{\"@type\":\"WebPage\",\"@id\":\"https:\/\/lyonbondyblog.fr\/LBB\/une-lecon-de-journalisme-au-lycee-marcel-sembat-de-venissieux\/\",\"url\":\"https:\/\/lyonbondyblog.fr\/LBB\/une-lecon-de-journalisme-au-lycee-marcel-sembat-de-venissieux\/\",\"name\":\"Une le\u00e7on de journalisme au lyc\u00e9e Marcel Sembat de V\u00e9nissieux - Lyon Bondy Blog\",\"isPartOf\":{\"@id\":\"https:\/\/lyonbondyblog.fr\/LBB\/#website\"},\"primaryImageOfPage\":{\"@id\":\"https:\/\/lyonbondyblog.fr\/LBB\/une-lecon-de-journalisme-au-lycee-marcel-sembat-de-venissieux\/#primaryimage\"},\"image\":{\"@id\":\"https:\/\/lyonbondyblog.fr\/LBB\/une-lecon-de-journalisme-au-lycee-marcel-sembat-de-venissieux\/#primaryimage\"},\"thumbnailUrl\":\"https:\/\/lyonbondyblog.fr\/LBB\/wp-content\/uploads\/2013\/07\/venissieux.jpg\",\"datePublished\":\"2012-03-13T14:17:13+00:00\",\"dateModified\":\"2013-07-25T13:21:53+00:00\",\"inLanguage\":\"fr-FR\",\"potentialAction\":[{\"@type\":\"ReadAction\",\"target\":[\"https:\/\/lyonbondyblog.fr\/LBB\/une-lecon-de-journalisme-au-lycee-marcel-sembat-de-venissieux\/\"]}]},{\"@type\":\"ImageObject\",\"inLanguage\":\"fr-FR\",\"@id\":\"https:\/\/lyonbondyblog.fr\/LBB\/une-lecon-de-journalisme-au-lycee-marcel-sembat-de-venissieux\/#primaryimage\",\"url\":\"https:\/\/lyonbondyblog.fr\/LBB\/wp-content\/uploads\/2013\/07\/venissieux.jpg\",\"contentUrl\":\"https:\/\/lyonbondyblog.fr\/LBB\/wp-content\/uploads\/2013\/07\/venissieux.jpg\",\"width\":193,\"height\":145},{\"@type\":\"WebSite\",\"@id\":\"https:\/\/lyonbondyblog.fr\/LBB\/#website\",\"url\":\"https:\/\/lyonbondyblog.fr\/LBB\/\",\"name\":\"Lyon Bondy Blog\",\"description\":\"\",\"publisher\":{\"@id\":\"https:\/\/lyonbondyblog.fr\/LBB\/#organization\"},\"potentialAction\":[{\"@type\":\"SearchAction\",\"target\":{\"@type\":\"EntryPoint\",\"urlTemplate\":\"https:\/\/lyonbondyblog.fr\/LBB\/?s={search_term_string}\"},\"query-input\":\"required name=search_term_string\"}],\"inLanguage\":\"fr-FR\"},{\"@type\":\"Organization\",\"@id\":\"https:\/\/lyonbondyblog.fr\/LBB\/#organization\",\"name\":\"LYON BONDY BLOG\",\"url\":\"https:\/\/lyonbondyblog.fr\/LBB\/\",\"logo\":{\"@type\":\"ImageObject\",\"inLanguage\":\"fr-FR\",\"@id\":\"https:\/\/lyonbondyblog.fr\/LBB\/#\/schema\/logo\/image\/\",\"url\":\"http:\/\/lyonbondyblog.fr\/LBB\/wp-content\/uploads\/2014\/10\/logo-portable-144.png\",\"contentUrl\":\"http:\/\/lyonbondyblog.fr\/LBB\/wp-content\/uploads\/2014\/10\/logo-portable-144.png\",\"width\":144,\"height\":123,\"caption\":\"LYON BONDY BLOG\"},\"image\":{\"@id\":\"https:\/\/lyonbondyblog.fr\/LBB\/#\/schema\/logo\/image\/\"},\"sameAs\":[\"https:\/\/www.facebook.com\/lyonbondyblog\",\"https:\/\/x.com\/bondybloglyon\"]},{\"@type\":\"Person\",\"@id\":\"https:\/\/lyonbondyblog.fr\/LBB\/#\/schema\/person\/b0602285b18dbff27c95620f60751bf9\",\"name\":\"Sofia Azzedine\",\"description\":\"Etudiante \u00e0 l'Institut d'Etude du D\u00e9veloppement apr\u00e8s un parcours du combattant pass\u00e9 dans les m\u00e9andres de la Science Politique, entre la Sociologie et le Journalisme et les Langues Etrang\u00e8res. Je souhaite toujours explorer ces banlieues plurielles m\u00e9connues et mal trait\u00e9es pour jeter au sol ces pr\u00e9jug\u00e9s. Tout cela, pour \u00e9luder toute l'humanit\u00e9 vivace qui existe dans ces r\u00e9gions de la diff\u00e9rence et de l'indiff\u00e9rence et faire parler cette jeunesse silencieusement bavarde.\",\"url\":\"https:\/\/lyonbondyblog.fr\/LBB\/author\/sofia\/\"}]}<\/script>\n<!-- \/ Yoast SEO plugin. -->","yoast_head_json":{"title":"Une le\u00e7on de journalisme au lyc\u00e9e Marcel Sembat de V\u00e9nissieux - Lyon Bondy Blog","robots":{"index":"index","follow":"follow","max-snippet":"max-snippet:-1","max-image-preview":"max-image-preview:large","max-video-preview":"max-video-preview:-1"},"canonical":"https:\/\/lyonbondyblog.fr\/LBB\/une-lecon-de-journalisme-au-lycee-marcel-sembat-de-venissieux\/","og_locale":"fr_FR","og_type":"article","og_title":"Une le\u00e7on de journalisme au lyc\u00e9e Marcel Sembat de V\u00e9nissieux - Lyon Bondy Blog","og_description":"Le jeudi 8 Mars 2012 au lyc\u00e9e Marcel Sembat \u00e0 Venissieux, des professionnels des m\u00e9dias sont venus tout droit de Paris. Le but \u00e9tait d&rsquo;accueillir &hellip;","og_url":"https:\/\/lyonbondyblog.fr\/LBB\/une-lecon-de-journalisme-au-lycee-marcel-sembat-de-venissieux\/","og_site_name":"Lyon Bondy Blog","article_publisher":"https:\/\/www.facebook.com\/lyonbondyblog","article_published_time":"2012-03-13T14:17:13+00:00","article_modified_time":"2013-07-25T13:21:53+00:00","og_image":[{"width":193,"height":145,"url":"https:\/\/lyonbondyblog.fr\/LBB\/wp-content\/uploads\/2013\/07\/venissieux.jpg","type":"image\/jpeg"}],"author":"Sofia Azzedine","twitter_card":"summary_large_image","twitter_creator":"@bondybloglyon","twitter_site":"@bondybloglyon","schema":{"@context":"https:\/\/schema.org","@graph":[{"@type":"Article","@id":"https:\/\/lyonbondyblog.fr\/LBB\/une-lecon-de-journalisme-au-lycee-marcel-sembat-de-venissieux\/#article","isPartOf":{"@id":"https:\/\/lyonbondyblog.fr\/LBB\/une-lecon-de-journalisme-au-lycee-marcel-sembat-de-venissieux\/"},"author":{"name":"Sofia Azzedine","@id":"https:\/\/lyonbondyblog.fr\/LBB\/#\/schema\/person\/b0602285b18dbff27c95620f60751bf9"},"headline":"Une le\u00e7on de journalisme au lyc\u00e9e Marcel Sembat de V\u00e9nissieux","datePublished":"2012-03-13T14:17:13+00:00","dateModified":"2013-07-25T13:21:53+00:00","mainEntityOfPage":{"@id":"https:\/\/lyonbondyblog.fr\/LBB\/une-lecon-de-journalisme-au-lycee-marcel-sembat-de-venissieux\/"},"wordCount":934,"commentCount":0,"publisher":{"@id":"https:\/\/lyonbondyblog.fr\/LBB\/#organization"},"image":{"@id":"https:\/\/lyonbondyblog.fr\/LBB\/une-lecon-de-journalisme-au-lycee-marcel-sembat-de-venissieux\/#primaryimage"},"thumbnailUrl":"https:\/\/lyonbondyblog.fr\/LBB\/wp-content\/uploads\/2013\/07\/venissieux.jpg","keywords":["lyon","Lyon Bondy Blog"],"articleSection":["Lyon"],"inLanguage":"fr-FR","potentialAction":[{"@type":"CommentAction","name":"Comment","target":["https:\/\/lyonbondyblog.fr\/LBB\/une-lecon-de-journalisme-au-lycee-marcel-sembat-de-venissieux\/#respond"]}]},{"@type":"WebPage","@id":"https:\/\/lyonbondyblog.fr\/LBB\/une-lecon-de-journalisme-au-lycee-marcel-sembat-de-venissieux\/","url":"https:\/\/lyonbondyblog.fr\/LBB\/une-lecon-de-journalisme-au-lycee-marcel-sembat-de-venissieux\/","name":"Une le\u00e7on de journalisme au lyc\u00e9e Marcel Sembat de V\u00e9nissieux - Lyon Bondy Blog","isPartOf":{"@id":"https:\/\/lyonbondyblog.fr\/LBB\/#website"},"primaryImageOfPage":{"@id":"https:\/\/lyonbondyblog.fr\/LBB\/une-lecon-de-journalisme-au-lycee-marcel-sembat-de-venissieux\/#primaryimage"},"image":{"@id":"https:\/\/lyonbondyblog.fr\/LBB\/une-lecon-de-journalisme-au-lycee-marcel-sembat-de-venissieux\/#primaryimage"},"thumbnailUrl":"https:\/\/lyonbondyblog.fr\/LBB\/wp-content\/uploads\/2013\/07\/venissieux.jpg","datePublished":"2012-03-13T14:17:13+00:00","dateModified":"2013-07-25T13:21:53+00:00","inLanguage":"fr-FR","potentialAction":[{"@type":"ReadAction","target":["https:\/\/lyonbondyblog.fr\/LBB\/une-lecon-de-journalisme-au-lycee-marcel-sembat-de-venissieux\/"]}]},{"@type":"ImageObject","inLanguage":"fr-FR","@id":"https:\/\/lyonbondyblog.fr\/LBB\/une-lecon-de-journalisme-au-lycee-marcel-sembat-de-venissieux\/#primaryimage","url":"https:\/\/lyonbondyblog.fr\/LBB\/wp-content\/uploads\/2013\/07\/venissieux.jpg","contentUrl":"https:\/\/lyonbondyblog.fr\/LBB\/wp-content\/uploads\/2013\/07\/venissieux.jpg","width":193,"height":145},{"@type":"WebSite","@id":"https:\/\/lyonbondyblog.fr\/LBB\/#website","url":"https:\/\/lyonbondyblog.fr\/LBB\/","name":"Lyon Bondy Blog","description":"","publisher":{"@id":"https:\/\/lyonbondyblog.fr\/LBB\/#organization"},"potentialAction":[{"@type":"SearchAction","target":{"@type":"EntryPoint","urlTemplate":"https:\/\/lyonbondyblog.fr\/LBB\/?s={search_term_string}"},"query-input":"required name=search_term_string"}],"inLanguage":"fr-FR"},{"@type":"Organization","@id":"https:\/\/lyonbondyblog.fr\/LBB\/#organization","name":"LYON BONDY BLOG","url":"https:\/\/lyonbondyblog.fr\/LBB\/","logo":{"@type":"ImageObject","inLanguage":"fr-FR","@id":"https:\/\/lyonbondyblog.fr\/LBB\/#\/schema\/logo\/image\/","url":"http:\/\/lyonbondyblog.fr\/LBB\/wp-content\/uploads\/2014\/10\/logo-portable-144.png","contentUrl":"http:\/\/lyonbondyblog.fr\/LBB\/wp-content\/uploads\/2014\/10\/logo-portable-144.png","width":144,"height":123,"caption":"LYON BONDY BLOG"},"image":{"@id":"https:\/\/lyonbondyblog.fr\/LBB\/#\/schema\/logo\/image\/"},"sameAs":["https:\/\/www.facebook.com\/lyonbondyblog","https:\/\/x.com\/bondybloglyon"]},{"@type":"Person","@id":"https:\/\/lyonbondyblog.fr\/LBB\/#\/schema\/person\/b0602285b18dbff27c95620f60751bf9","name":"Sofia Azzedine","description":"Etudiante \u00e0 l'Institut d'Etude du D\u00e9veloppement apr\u00e8s un parcours du combattant pass\u00e9 dans les m\u00e9andres de la Science Politique, entre la Sociologie et le Journalisme et les Langues Etrang\u00e8res. Je souhaite toujours explorer ces banlieues plurielles m\u00e9connues et mal trait\u00e9es pour jeter au sol ces pr\u00e9jug\u00e9s. Tout cela, pour \u00e9luder toute l'humanit\u00e9 vivace qui existe dans ces r\u00e9gions de la diff\u00e9rence et de l'indiff\u00e9rence et faire parler cette jeunesse silencieusement bavarde.","url":"https:\/\/lyonbondyblog.fr\/LBB\/author\/sofia\/"}]}},"_links":{"self":[{"href":"https:\/\/lyonbondyblog.fr\/LBB\/wp-json\/wp\/v2\/posts\/1476","targetHints":{"allow":["GET"]}}],"collection":[{"href":"https:\/\/lyonbondyblog.fr\/LBB\/wp-json\/wp\/v2\/posts"}],"about":[{"href":"https:\/\/lyonbondyblog.fr\/LBB\/wp-json\/wp\/v2\/types\/post"}],"author":[{"embeddable":true,"href":"https:\/\/lyonbondyblog.fr\/LBB\/wp-json\/wp\/v2\/users\/7"}],"replies":[{"embeddable":true,"href":"https:\/\/lyonbondyblog.fr\/LBB\/wp-json\/wp\/v2\/comments?post=1476"}],"version-history":[{"count":0,"href":"https:\/\/lyonbondyblog.fr\/LBB\/wp-json\/wp\/v2\/posts\/1476\/revisions"}],"wp:featuredmedia":[{"embeddable":true,"href":"https:\/\/lyonbondyblog.fr\/LBB\/wp-json\/wp\/v2\/media\/1477"}],"wp:attachment":[{"href":"https:\/\/lyonbondyblog.fr\/LBB\/wp-json\/wp\/v2\/media?parent=1476"}],"wp:term":[{"taxonomy":"category","embeddable":true,"href":"https:\/\/lyonbondyblog.fr\/LBB\/wp-json\/wp\/v2\/categories?post=1476"},{"taxonomy":"post_tag","embeddable":true,"href":"https:\/\/lyonbondyblog.fr\/LBB\/wp-json\/wp\/v2\/tags?post=1476"}],"curies":[{"name":"wp","href":"https:\/\/api.w.org\/{rel}","templated":true}]}}