{"id":14715,"date":"2018-11-09T13:54:16","date_gmt":"2018-11-09T12:54:16","guid":{"rendered":"http:\/\/lyonbondyblog.fr\/LBB\/?p=14715"},"modified":"2021-07-08T09:39:48","modified_gmt":"2021-07-08T07:39:48","slug":"jerome-maleski-confie-perte-poste-adjoint-mairie-lyon","status":"publish","type":"post","link":"https:\/\/lyonbondyblog.fr\/LBB\/jerome-maleski-confie-perte-poste-adjoint-mairie-lyon\/","title":{"rendered":"Apr\u00e8s la perte de son poste d&rsquo;adjoint \u00e0 la mairie de Lyon, J\u00e9r\u00f4me Maleski se confie (1\/2)"},"content":{"rendered":"<p><strong>Suite au <a href=\"https:\/\/lyonbondyblog.fr\/LBB\/retour-de-gerard-collomb-lopposition-se-met-en-marche\/\" target=\"_blank\" rel=\"noopener\">retour de G\u00e9rard Collomb<\/a> ce lundi 5 novembre, l&rsquo;ancien maire Georges K\u00e9p\u00e9n\u00e9kian a retrouv\u00e9 un poste d&rsquo;adjoint \u00e0 la mairie de Lyon. Le nombre d&rsquo;adjoints \u00e9tant limit\u00e9 \u00e0 21, l&rsquo;un d&rsquo;entre eux a d\u00fb lui laisser sa place. C&rsquo;est J\u00e9r\u00f4me Maleski (En Marche), charg\u00e9 de la d\u00e9mocratie participative, qui a donc perdu son poste. Entretien exclusif avec le <em>Lyon Bondy Blog<\/em>. Dans cette premi\u00e8re partie, nous dressons un bilan de son action \u00e0 la mairie.<\/strong><\/p>\n<p><strong><em>Lyon Bondy Blog<\/em> : Vous \u00e9tiez 21<sup>\u00e8me<\/sup> adjoint et vous perdez ce poste \u00e0 cause du retour de Georges K\u00e9p\u00e9nekian&#8230;<\/strong><\/p>\n<p><strong>J\u00e9r\u00f4me Maleski :<\/strong> Ce qu&rsquo;il se passe, c\u2019est que j\u2019ai b\u00e9n\u00e9fici\u00e9 de la mont\u00e9e de la mar\u00e9e. Lorsque G\u00e9rard Collomb a \u00e9t\u00e9 appel\u00e9 \u00e0 Paris [en mai 2017 avec sa nomination au poste de ministre de l&rsquo;Int\u00e9rieur, ndlr], \u00e7a a lib\u00e9r\u00e9 une place. \u00c9tant arriv\u00e9 le dernier, pour respecter l\u2019organisation, je suis sorti.<\/p>\n<h1>\u00ab Passer d&rsquo;adjoint \u00e0 conseiller d\u00e9l\u00e9gu\u00e9 ne va rien changer \u00bb<\/h1>\n<p><strong>Un poste de conseiller municipal d\u00e9l\u00e9gu\u00e9 suppl\u00e9mentaire va \u00eatre cr\u00e9\u00e9. Est-il pour vous ?<\/strong><\/p>\n<p>Il y aura bien un poste de conseiller municipal d\u00e9l\u00e9gu\u00e9 qui va \u00eatre cr\u00e9\u00e9, puisqu&rsquo;on pouvait en avoir quatre [jusqu&rsquo;\u00e0 pr\u00e9sent, ils n&rsquo;\u00e9taient que trois, ndlr]. Je devrais conserver la m\u00eame d\u00e9l\u00e9gation, mais en tant que conseiller municipal d\u00e9l\u00e9gu\u00e9. Le maire devrait prendre un arr\u00eat\u00e9 de d\u00e9l\u00e9gation. Donc je reste en charge de la d\u00e9mocratie participative et de la consultation citoyenne. Je pense qu&rsquo;on me conforte dans ma position de responsable, que ce soit en tant qu&rsquo;adjoint ou en tant que conseiller municipal d\u00e9l\u00e9gu\u00e9, par rapport au travail fait depuis un an, qui a plut\u00f4t un bilan positif.<\/p>\n<p><strong>Qu&rsquo;est-ce que \u00e7a vous fait personnellement de perdre ce poste ?<\/strong><\/p>\n<p>Personnellement, \u00e7a ne me fait rien, dans le sens o\u00f9 c&rsquo;est quelque chose de math\u00e9matique. Si j\u2019avais \u00e9t\u00e9 troisi\u00e8me ou quatri\u00e8me adjoint, \u00e7a aurait pu me questionner. Je suis mont\u00e9 car les places se d\u00e9calaient dans un sens, l\u00e0 les places se d\u00e9calent dans un autre. Il faut vraiment le prendre comme un mouvement d\u2019aller-retour.<\/p>\n<p><strong>Qu\u2019est-ce-que \u00e7a va changer \u00e0 votre mission de d\u00e9mocratie participative ?<\/strong><\/p>\n<p>Rien du tout. Je ne serai plus adjoint, donc les indemnit\u00e9s ne seront plus les m\u00eames. Mais \u00e7a, \u00e7a n\u2019est pas tr\u00e8s important, car je ne fais pas cette mission-l\u00e0 pour les indemnit\u00e9s.<\/p>\n<h1>Des <a href=\"https:\/\/www.civocracy.org\/villedelyon\" target=\"_blank\" rel=\"noopener\">consultations num\u00e9riques<\/a> pour \u00ab prendre le pouls \u00bb des Lyonnais<\/h1>\n<p><strong>\u00c7a fait un peu plus d\u2019un an que vous \u00eates sur cette mission, quel est votre bilan ?\u00a0<\/strong><\/p>\n<p>Je suis arriv\u00e9 en cour de route. Je ne suis pas arriv\u00e9 dans une d\u00e9l\u00e9gation qui \u00e9tait en lambeaux, au contraire. Mes pr\u00e9d\u00e9cesseurs, G\u00e9rard Claisse et Lo\u00efc Graber, avaient fait un excellent travail. Je me suis mis dans leur sillage.<\/p>\n<p>Il y a des choses dont je suis tr\u00e8s fier. Par exemple, tous les liens qui ont \u00e9t\u00e9 cr\u00e9\u00e9s avec les conseils de quartier, notamment la campagne d\u2019adh\u00e9sion \u00e0 partir de septembre 2017. \u00c7a a \u00e9t\u00e9 un succ\u00e8s : 577 nouveaux Lyonnais se sont mobilis\u00e9s pour int\u00e9grer l\u2019un des 36 conseils de quartier de la ville de Lyon.<\/p>\n<p>Je me suis \u00e9galement occup\u00e9 des <a href=\"https:\/\/lyonbondyblog.fr\/LBB\/saint-fons-les-ecoles-sont-surchargees-selon-la-maire\/\" target=\"_blank\" rel=\"noopener\">rythmes scolaires<\/a>. Je suis all\u00e9 voir mon coll\u00e8gue adjoint en charge des affaires scolaires scolaire, Guy Corazzol, et je lui ai propos\u00e9 de mettre en place une concertation aupr\u00e8s des Lyonnais pour savoir ce qu&rsquo;ils en pensaient. Il n\u2019y avait aucune id\u00e9e pr\u00e9-con\u00e7ue de la Ville de Lyon sur les rythmes scolaires. Le Maire Georges K\u00e9p\u00e9nekian voulait prendre le pouls de la population. Il a accept\u00e9 l\u2019id\u00e9e de la consultation num\u00e9rique. \u00c7a a \u00e9t\u00e9 un vrai succ\u00e8s, avec 16 000 personnes qui ont visit\u00e9 le site, qui ont regard\u00e9 les d\u00e9bats, les discussions.<\/p>\n<p>De l\u00e0 est n\u00e9e l\u2019id\u00e9e de consulter chaque ann\u00e9e les Lyonnais sur un sujet touchant \u00e0 leur quotidien. Par exemple, nous r\u00e9fl\u00e9chissons sur le <a href=\"https:\/\/lyonbondyblog.fr\/LBB\/un-deux-trois-degres-crime-contre-lhumanite\/\" target=\"_blank\" rel=\"noopener\">futur plan climat<\/a> 2020-2030. Avec Dounia Besson et Nicole Gay, on a retent\u00e9 l\u2019exp\u00e9rience, sur la m\u00eame p\u00e9riode que la pr\u00e9c\u00e9dente consultation, octobre-d\u00e9cembre, pour habituer les Lyonnais \u00e0 ce rendez-vous. Actuellement nous sommes \u00e0 15 000 visiteurs depuis le 4 octobre. Il y a un engouement pour ces consultations en ligne.<\/p>\n<h1>\u00ab Les conseils de quartiers ne sont pas un organe politique \u00bb<\/h1>\n<p><strong>Il faudra qu\u2019il y ait un retour vis-\u00e0-vis de \u00e7a\u2026<\/strong><\/p>\n<p>Un rapport sera rendu public au premier trimestre 2019 et nous nous sommes engag\u00e9s \u00e0 retenir les id\u00e9es des Lyonnais, qui sont de vraies bo\u00eetes \u00e0 id\u00e9es. Il devrait y avoir une conf\u00e9rence de presse au premier trimestre pour expliquer les id\u00e9es retenues. On ne retiendra pas tout, mais les \u00e9lus ne sont pas omniscients. Il y a de bonnes id\u00e9es sur le retour de la nature en ville, la d\u00e9min\u00e9ralisation des espaces publics.<\/p>\n<p><strong>Pour ces consultations et pour la d\u00e9mocratie participative, la mairie centrale est-elle la bonne \u00e9chelle d&rsquo;action ? N&rsquo;est-ce pas plut\u00f4t le r\u00f4le des mairies d\u2019arrondissements ?<\/strong><\/p>\n<p>Les mairies d&rsquo;arrondissement, la d\u00e9mocratie participative, c\u2019est leur sujet. Elles sont comp\u00e9tentes dans ce domaine. Les conseils de quartiers sont sous leur comp\u00e9tences. Il se trouve que l\u00e0, comme on \u00e9tait sur le plan climat de la ville, on avait pour \u00e9chelle la ville. Mais cette concertation de la ville sera vers\u00e9e aux d\u00e9bats sur le plan climat de la M\u00e9tropole.<\/p>\n<p><strong>Il n\u2019y a pas de tensions entre les mairies d\u2019arrondissement et les conseils de quartier ?<\/strong><\/p>\n<p>Non, il n\u2019y a pas de frictions. Parce que les conseils de quartier ne sont pas un organe politique. Ce sont des citoyens qui se r\u00e9unissent pour essayer d&rsquo;am\u00e9nager, de rendre plus agr\u00e9able, un certain espace. Ce sont des assembl\u00e9es d&rsquo;habitants. Je pense que ce qu&rsquo;ils appr\u00e9cient, c&rsquo;est d&rsquo;\u00eatre d\u00e9politis\u00e9s.<\/p>\n<h1>\u00ab Je suis l&rsquo;un des principaux d\u00e9g\u00e2ts collat\u00e9raux du retour de G\u00e9rard Collomb \u00bb<\/h1>\n<p><strong>Que pensez-vous du retour de G\u00e9rard Collomb ? N&rsquo;a-t-il pas une main mise sur la d\u00e9mocratie locale ?<\/strong><\/p>\n<p>Le retour de G\u00e9rard Collomb, c&rsquo;est un faux scoop. On savait tr\u00e8s bien qu\u2019il souhaitait reprendre la t\u00eate de la ville de Lyon. Qu&rsquo;on ne me dise pas qu&rsquo;il ne l&rsquo;avait pas pr\u00e9vu. Il l&rsquo;a dit et redit.<\/p>\n<p><strong>\u00c7a a \u00e9t\u00e9 pr\u00e9cipit\u00e9&#8230;<\/strong><\/p>\n<p>Il n&rsquo;y avait pas de timing. Apr\u00e8s, <a href=\"https:\/\/www.rue89lyon.fr\/2018\/11\/04\/gerard-collomb-mairie-lyon-sacre-automne\/\" target=\"_blank\" rel=\"noopener\">il a \u00e9t\u00e9 \u00e9lu lundi au conseil municipal<\/a>. J\u2019ai vot\u00e9 pour lui sans aucun \u00e9tat d&rsquo;\u00e2me. J&rsquo;ai vot\u00e9 pour lui parce qu&rsquo;il a \u00e9t\u00e9 \u00e9lu en 2014 pour mener une politique jusqu&rsquo;en 2020. Il revient, comme il l&rsquo;a dit. En plus, vous avouerez que je suis l\u2019un des principaux d\u00e9g\u00e2ts collat\u00e9raux de son retour. On ne peut pas reprocher aux politiques de manquer de loyaut\u00e9.<\/p>\n<p><strong>Ne peut-il pas arriver que cette loyaut\u00e9 ne s&rsquo;oppose pas avec l&rsquo;horizontalit\u00e9, la d\u00e9mocratie participative ? Prenons l&rsquo;exemple de l&rsquo;<a href=\"https:\/\/www.rue89lyon.fr\/2018\/04\/26\/nouvel-hotel-dieu-a-lyon-de-lhopital-luxe\/\" target=\"_blank\" rel=\"noopener\">Hotel Dieu<\/a> : les citoyens ont-ils vraiment \u00e9t\u00e9 mis dans le processus ?<br \/>\n<\/strong><\/p>\n<p>On n&rsquo;est pas dans une d\u00e9mocratie suisse, avec des r\u00e9f\u00e9rendums tous les dimanches. Le syst\u00e8me fran\u00e7ais fonctionne sur une d\u00e9mocratie repr\u00e9sentative : vous \u00e9lisez des repr\u00e9sentants pour un d\u00e9lai variable, ces repr\u00e9sentants mettent en place un programme qu&rsquo;ils vous ont soumis, \u00e0 la fin de ce programme-l\u00e0, vous d\u00e9cidez si on arr\u00eate ou si on continue. C&rsquo;est \u00ab stop and go \u00bb. \u00c0 c\u00f4t\u00e9 de ce syst\u00e8me, on peut aussi faire de la concertation, demander \u00e0 nos concitoyens de nous apporter des \u00e9clairages, des id\u00e9es, de nous faire par de leurs propositions.<\/p>\n<h1>\u00ab Tous les sujets ne sont pas concertables \u00bb<\/h1>\n<p>Par exemple, vous me parlez de l&rsquo;Hotel Dieu, moi je vous parle de la rue Moncey dans le 3<sup>\u00e8me<\/sup> arrondissement. On a d\u00e9cid\u00e9 de demander aux habitants ce qu&rsquo;ils en pensaient et ce qu&rsquo;ils voulaient pour l&rsquo;am\u00e9nagement de cette grande voie structurante. Il y avait deux immeubles que les habitants ne souhaitaient apparemment pas voir dispara\u00eetre, mais qu&rsquo;il \u00e9tait important de supprimer pour la M\u00e9tropole et la ville pour cr\u00e9er une nouvelle travers\u00e9e. Les habitants ont produits des travaux et des \u00e9tudes nous montrant qu\u2019il fallait conserver ces immeubles. On s&rsquo;est dit que ce n&rsquo;\u00e9tait pas idiot. Pour nous, c&rsquo;\u00e9tait des invariants, mais il n\u2019y a que les imb\u00e9ciles qui ne changent pas d\u2019avis, donc <a href=\"https:\/\/www.leprogres.fr\/lyon\/2017\/06\/30\/requalification-de-la-rue-moncey-les-elus-font-marche-arriere\" target=\"_blank\" rel=\"noopener\">on va conserver et r\u00e9habiliter les deux immeubles<\/a>.<\/p>\n<p>Donc il y a des sujets sur lesquels on peut concerter, d&rsquo;autres non. Tr\u00e8s honn\u00eatement, pour l\u2019am\u00e9nagement de la Part-Dieu, imaginez que le conseil de quartier y soit oppos\u00e9. La gare est \u00e0 finalit\u00e9 internationale, ce n\u2019est pas le conseil de quartier qui va changer cela. Une association a un p\u00e9rim\u00e8tre d\u2019action. Pour l\u2019H\u00f4tel Dieu et la Cit\u00e9 internationale de la gastronomie, ce sont des \u00e9quipements internationaux. Tout n\u2019est pas concertable et \u00e0 la fin ce sont les \u00e9lus qui tranchent.<\/p>\n<p><strong>Et donc, n\u2019avez-vous pas une fonction p\u00e9dagogique pour expliquer aux conseils de quartier sur quels dossiers ils peuvent avoir un poids et sur quels autres cela d\u00e9pend de leurs repr\u00e9sentants ?<\/strong><\/p>\n<p>Si. C\u2019est une initiative que j\u2019ai prise. J\u2019ai mis en place au premier semestre 2018 des rencontres de la d\u00e9mocratie participative. Il s\u2019agissait d&rsquo;associer tous les acteurs de la d\u00e9mocratie participative pour discuter sur \u00ab qu&rsquo;est-ce que la d\u00e9mocratie participative ? \u00bb, sur ce que l\u2019on peut avoir comme bonnes id\u00e9es, comment int\u00e9grer de bonnes pratiques.<\/p>\n<h1>Vers une clarification des comp\u00e9tences de la M\u00e9tropole et de la Ville<\/h1>\n<p>Il y a eu deux r\u00e9unions, anim\u00e9es conjointement par la Ville et la M\u00e9tropole. Pourquoi ? Pour qu&rsquo;on explique une bonne fois pour toutes quels sont les pouvoirs des uns et des autres.<\/p>\n<p><strong>Est-ce qu&rsquo;il va \u00eatre plus simple de voir qui fait quoi maintenant que G\u00e9rard Collomb n&rsquo;aura plus la double casquette M\u00e9tropole et Ville de Lyon ?<\/strong><\/p>\n<p>Je pense que \u00e7a va \u00eatre une bonne chose. Quand G\u00e9rard Collomb \u00e9tait maire de Lyon et Pr\u00e9sident de la M\u00e9tropole, c&rsquo;\u00e9tait compliqu\u00e9 pour s&rsquo;y rep\u00e9rer. Maintenant, vous avez G\u00e9rard Collomb d&rsquo;un c\u00f4t\u00e9 et David Kimelfeld de l&rsquo;autre. On arrive \u00e0 voir qui repr\u00e9sente quelle institution.<\/p>\n<h3><span style=\"background-color: #e6e6e6\">Pour lire la suite de cet entretien :\u00a0<a style=\"background-color: #e6e6e6\" href=\"https:\/\/lyonbondyblog.fr\/LBB\/banlieues-lyonnaises-changements-phenomenaux-jerome-maleski\" target=\"_blank\" rel=\"noopener\"><em>Banlieues lyonnaises : \u00ab il y a eu des changements ph\u00e9nom\u00e9naux \u00bb pour J\u00e9r\u00f4me Maleski<\/em><\/a><\/span><span id=\"edit-slug-buttons\"><\/span><\/h3>\n<p style=\"text-align: right\"><span style=\"font-size: 10pt\"><strong>Propos recueillis par Alexis Dumont, Hugo Dervissoglou et Jean-Phillipe Bonan<\/strong><\/span><\/p>\n<!-- AddThis Advanced Settings generic via filter on the_content --><!-- AddThis Share Buttons generic via filter on the_content -->","protected":false},"excerpt":{"rendered":"<p>Suite au retour de G\u00e9rard Collomb ce lundi 5 novembre, l&rsquo;ancien maire Georges K\u00e9p\u00e9n\u00e9kian a retrouv\u00e9 un poste d&rsquo;adjoint \u00e0 la mairie de Lyon. Le &hellip; <!-- AddThis Advanced Settings generic via filter on wp_trim_excerpt --><!-- AddThis Share Buttons generic via filter on wp_trim_excerpt --><\/p>\n","protected":false},"author":1,"featured_media":14757,"comment_status":"open","ping_status":"open","sticky":false,"template":"","format":"standard","meta":{"_FSMCFIC_featured_image_caption":"","_FSMCFIC_featured_image_nocaption":"","_FSMCFIC_featured_image_hide":"","footnotes":""},"categories":[4,6],"tags":[],"class_list":["post-14715","post","type-post","status-publish","format-standard","has-post-thumbnail","hentry","category-lyon","category-politique"],"yoast_head":"<!-- This site is optimized with the Yoast SEO plugin v22.8 - https:\/\/yoast.com\/wordpress\/plugins\/seo\/ -->\n<title>Apr\u00e8s la perte de son poste d&#039;adjoint \u00e0 la mairie de Lyon, J\u00e9r\u00f4me Maleski se confie (1\/2) - Lyon Bondy Blog<\/title>\n<meta name=\"robots\" content=\"index, follow, max-snippet:-1, max-image-preview:large, max-video-preview:-1\" \/>\n<link rel=\"canonical\" href=\"https:\/\/lyonbondyblog.fr\/LBB\/jerome-maleski-confie-perte-poste-adjoint-mairie-lyon\/\" \/>\n<meta property=\"og:locale\" content=\"fr_FR\" \/>\n<meta property=\"og:type\" content=\"article\" \/>\n<meta property=\"og:title\" content=\"Apr\u00e8s la perte de son poste d&#039;adjoint \u00e0 la mairie de Lyon, J\u00e9r\u00f4me Maleski se confie (1\/2) - Lyon Bondy Blog\" \/>\n<meta property=\"og:description\" content=\"Suite au retour de G\u00e9rard Collomb ce lundi 5 novembre, l&rsquo;ancien maire Georges K\u00e9p\u00e9n\u00e9kian a retrouv\u00e9 un poste d&rsquo;adjoint \u00e0 la mairie de Lyon. Le &hellip;\" \/>\n<meta property=\"og:url\" content=\"https:\/\/lyonbondyblog.fr\/LBB\/jerome-maleski-confie-perte-poste-adjoint-mairie-lyon\/\" \/>\n<meta property=\"og:site_name\" content=\"Lyon Bondy Blog\" \/>\n<meta property=\"article:publisher\" content=\"https:\/\/www.facebook.com\/lyonbondyblog\" \/>\n<meta property=\"article:author\" content=\"https:\/\/www.facebook.com\/lyonbondyblog\" \/>\n<meta property=\"article:published_time\" content=\"2018-11-09T12:54:16+00:00\" \/>\n<meta property=\"article:modified_time\" content=\"2021-07-08T07:39:48+00:00\" \/>\n<meta property=\"og:image\" content=\"https:\/\/lyonbondyblog.fr\/LBB\/wp-content\/uploads\/2018\/11\/Photo-Maleski-1024x739.jpg\" \/>\n\t<meta property=\"og:image:width\" content=\"1024\" \/>\n\t<meta property=\"og:image:height\" content=\"739\" \/>\n\t<meta property=\"og:image:type\" content=\"image\/jpeg\" \/>\n<meta name=\"author\" content=\"La r\u00e9daction\" \/>\n<meta name=\"twitter:card\" content=\"summary_large_image\" \/>\n<meta name=\"twitter:creator\" content=\"@BondyBlogLyon\" \/>\n<meta name=\"twitter:site\" content=\"@bondybloglyon\" \/>\n<script type=\"application\/ld+json\" class=\"yoast-schema-graph\">{\"@context\":\"https:\/\/schema.org\",\"@graph\":[{\"@type\":\"Article\",\"@id\":\"https:\/\/lyonbondyblog.fr\/LBB\/jerome-maleski-confie-perte-poste-adjoint-mairie-lyon\/#article\",\"isPartOf\":{\"@id\":\"https:\/\/lyonbondyblog.fr\/LBB\/jerome-maleski-confie-perte-poste-adjoint-mairie-lyon\/\"},\"author\":{\"name\":\"La r\u00e9daction\",\"@id\":\"https:\/\/lyonbondyblog.fr\/LBB\/#\/schema\/person\/e45f8d27baac75072daa0be50c409b25\"},\"headline\":\"Apr\u00e8s la perte de son poste d&rsquo;adjoint \u00e0 la mairie de Lyon, J\u00e9r\u00f4me Maleski se confie (1\/2)\",\"datePublished\":\"2018-11-09T12:54:16+00:00\",\"dateModified\":\"2021-07-08T07:39:48+00:00\",\"mainEntityOfPage\":{\"@id\":\"https:\/\/lyonbondyblog.fr\/LBB\/jerome-maleski-confie-perte-poste-adjoint-mairie-lyon\/\"},\"wordCount\":1823,\"commentCount\":1,\"publisher\":{\"@id\":\"https:\/\/lyonbondyblog.fr\/LBB\/#organization\"},\"image\":{\"@id\":\"https:\/\/lyonbondyblog.fr\/LBB\/jerome-maleski-confie-perte-poste-adjoint-mairie-lyon\/#primaryimage\"},\"thumbnailUrl\":\"https:\/\/lyonbondyblog.fr\/LBB\/wp-content\/uploads\/2018\/11\/Photo-Maleski.jpg\",\"articleSection\":[\"Lyon\",\"Politique\"],\"inLanguage\":\"fr-FR\",\"potentialAction\":[{\"@type\":\"CommentAction\",\"name\":\"Comment\",\"target\":[\"https:\/\/lyonbondyblog.fr\/LBB\/jerome-maleski-confie-perte-poste-adjoint-mairie-lyon\/#respond\"]}]},{\"@type\":\"WebPage\",\"@id\":\"https:\/\/lyonbondyblog.fr\/LBB\/jerome-maleski-confie-perte-poste-adjoint-mairie-lyon\/\",\"url\":\"https:\/\/lyonbondyblog.fr\/LBB\/jerome-maleski-confie-perte-poste-adjoint-mairie-lyon\/\",\"name\":\"Apr\u00e8s la perte de son poste d'adjoint \u00e0 la mairie de Lyon, J\u00e9r\u00f4me Maleski se confie (1\/2) - Lyon Bondy Blog\",\"isPartOf\":{\"@id\":\"https:\/\/lyonbondyblog.fr\/LBB\/#website\"},\"primaryImageOfPage\":{\"@id\":\"https:\/\/lyonbondyblog.fr\/LBB\/jerome-maleski-confie-perte-poste-adjoint-mairie-lyon\/#primaryimage\"},\"image\":{\"@id\":\"https:\/\/lyonbondyblog.fr\/LBB\/jerome-maleski-confie-perte-poste-adjoint-mairie-lyon\/#primaryimage\"},\"thumbnailUrl\":\"https:\/\/lyonbondyblog.fr\/LBB\/wp-content\/uploads\/2018\/11\/Photo-Maleski.jpg\",\"datePublished\":\"2018-11-09T12:54:16+00:00\",\"dateModified\":\"2021-07-08T07:39:48+00:00\",\"inLanguage\":\"fr-FR\",\"potentialAction\":[{\"@type\":\"ReadAction\",\"target\":[\"https:\/\/lyonbondyblog.fr\/LBB\/jerome-maleski-confie-perte-poste-adjoint-mairie-lyon\/\"]}]},{\"@type\":\"ImageObject\",\"inLanguage\":\"fr-FR\",\"@id\":\"https:\/\/lyonbondyblog.fr\/LBB\/jerome-maleski-confie-perte-poste-adjoint-mairie-lyon\/#primaryimage\",\"url\":\"https:\/\/lyonbondyblog.fr\/LBB\/wp-content\/uploads\/2018\/11\/Photo-Maleski.jpg\",\"contentUrl\":\"https:\/\/lyonbondyblog.fr\/LBB\/wp-content\/uploads\/2018\/11\/Photo-Maleski.jpg\",\"width\":2225,\"height\":1606,\"caption\":\"J\u00e9r\u00f4me Maleski. Cr\u00e9dit Cl\u00e9mentine Courtial \/ Lyon Bondy Blog.\"},{\"@type\":\"WebSite\",\"@id\":\"https:\/\/lyonbondyblog.fr\/LBB\/#website\",\"url\":\"https:\/\/lyonbondyblog.fr\/LBB\/\",\"name\":\"Lyon Bondy Blog\",\"description\":\"\",\"publisher\":{\"@id\":\"https:\/\/lyonbondyblog.fr\/LBB\/#organization\"},\"potentialAction\":[{\"@type\":\"SearchAction\",\"target\":{\"@type\":\"EntryPoint\",\"urlTemplate\":\"https:\/\/lyonbondyblog.fr\/LBB\/?s={search_term_string}\"},\"query-input\":\"required name=search_term_string\"}],\"inLanguage\":\"fr-FR\"},{\"@type\":\"Organization\",\"@id\":\"https:\/\/lyonbondyblog.fr\/LBB\/#organization\",\"name\":\"LYON BONDY BLOG\",\"url\":\"https:\/\/lyonbondyblog.fr\/LBB\/\",\"logo\":{\"@type\":\"ImageObject\",\"inLanguage\":\"fr-FR\",\"@id\":\"https:\/\/lyonbondyblog.fr\/LBB\/#\/schema\/logo\/image\/\",\"url\":\"http:\/\/lyonbondyblog.fr\/LBB\/wp-content\/uploads\/2014\/10\/logo-portable-144.png\",\"contentUrl\":\"http:\/\/lyonbondyblog.fr\/LBB\/wp-content\/uploads\/2014\/10\/logo-portable-144.png\",\"width\":144,\"height\":123,\"caption\":\"LYON BONDY BLOG\"},\"image\":{\"@id\":\"https:\/\/lyonbondyblog.fr\/LBB\/#\/schema\/logo\/image\/\"},\"sameAs\":[\"https:\/\/www.facebook.com\/lyonbondyblog\",\"https:\/\/x.com\/bondybloglyon\"]},{\"@type\":\"Person\",\"@id\":\"https:\/\/lyonbondyblog.fr\/LBB\/#\/schema\/person\/e45f8d27baac75072daa0be50c409b25\",\"name\":\"La r\u00e9daction\",\"description\":\"Cr\u00e9e en 2008, la r\u00e9daction du Lyon Bondy Blog s'applique \u00e0 proposer une information locale diff\u00e9rente et compl\u00e9mentaire des m\u00e9dias traditionnels.\",\"sameAs\":[\"https:\/\/www.facebook.com\/lyonbondyblog\",\"https:\/\/x.com\/BondyBlogLyon\"],\"url\":\"https:\/\/lyonbondyblog.fr\/LBB\/author\/admin\/\"}]}<\/script>\n<!-- \/ Yoast SEO plugin. -->","yoast_head_json":{"title":"Apr\u00e8s la perte de son poste d'adjoint \u00e0 la mairie de Lyon, J\u00e9r\u00f4me Maleski se confie (1\/2) - Lyon Bondy Blog","robots":{"index":"index","follow":"follow","max-snippet":"max-snippet:-1","max-image-preview":"max-image-preview:large","max-video-preview":"max-video-preview:-1"},"canonical":"https:\/\/lyonbondyblog.fr\/LBB\/jerome-maleski-confie-perte-poste-adjoint-mairie-lyon\/","og_locale":"fr_FR","og_type":"article","og_title":"Apr\u00e8s la perte de son poste d'adjoint \u00e0 la mairie de Lyon, J\u00e9r\u00f4me Maleski se confie (1\/2) - Lyon Bondy Blog","og_description":"Suite au retour de G\u00e9rard Collomb ce lundi 5 novembre, l&rsquo;ancien maire Georges K\u00e9p\u00e9n\u00e9kian a retrouv\u00e9 un poste d&rsquo;adjoint \u00e0 la mairie de Lyon. Le &hellip;","og_url":"https:\/\/lyonbondyblog.fr\/LBB\/jerome-maleski-confie-perte-poste-adjoint-mairie-lyon\/","og_site_name":"Lyon Bondy Blog","article_publisher":"https:\/\/www.facebook.com\/lyonbondyblog","article_author":"https:\/\/www.facebook.com\/lyonbondyblog","article_published_time":"2018-11-09T12:54:16+00:00","article_modified_time":"2021-07-08T07:39:48+00:00","og_image":[{"width":1024,"height":739,"url":"https:\/\/lyonbondyblog.fr\/LBB\/wp-content\/uploads\/2018\/11\/Photo-Maleski-1024x739.jpg","type":"image\/jpeg"}],"author":"La r\u00e9daction","twitter_card":"summary_large_image","twitter_creator":"@BondyBlogLyon","twitter_site":"@bondybloglyon","schema":{"@context":"https:\/\/schema.org","@graph":[{"@type":"Article","@id":"https:\/\/lyonbondyblog.fr\/LBB\/jerome-maleski-confie-perte-poste-adjoint-mairie-lyon\/#article","isPartOf":{"@id":"https:\/\/lyonbondyblog.fr\/LBB\/jerome-maleski-confie-perte-poste-adjoint-mairie-lyon\/"},"author":{"name":"La r\u00e9daction","@id":"https:\/\/lyonbondyblog.fr\/LBB\/#\/schema\/person\/e45f8d27baac75072daa0be50c409b25"},"headline":"Apr\u00e8s la perte de son poste d&rsquo;adjoint \u00e0 la mairie de Lyon, J\u00e9r\u00f4me Maleski se confie (1\/2)","datePublished":"2018-11-09T12:54:16+00:00","dateModified":"2021-07-08T07:39:48+00:00","mainEntityOfPage":{"@id":"https:\/\/lyonbondyblog.fr\/LBB\/jerome-maleski-confie-perte-poste-adjoint-mairie-lyon\/"},"wordCount":1823,"commentCount":1,"publisher":{"@id":"https:\/\/lyonbondyblog.fr\/LBB\/#organization"},"image":{"@id":"https:\/\/lyonbondyblog.fr\/LBB\/jerome-maleski-confie-perte-poste-adjoint-mairie-lyon\/#primaryimage"},"thumbnailUrl":"https:\/\/lyonbondyblog.fr\/LBB\/wp-content\/uploads\/2018\/11\/Photo-Maleski.jpg","articleSection":["Lyon","Politique"],"inLanguage":"fr-FR","potentialAction":[{"@type":"CommentAction","name":"Comment","target":["https:\/\/lyonbondyblog.fr\/LBB\/jerome-maleski-confie-perte-poste-adjoint-mairie-lyon\/#respond"]}]},{"@type":"WebPage","@id":"https:\/\/lyonbondyblog.fr\/LBB\/jerome-maleski-confie-perte-poste-adjoint-mairie-lyon\/","url":"https:\/\/lyonbondyblog.fr\/LBB\/jerome-maleski-confie-perte-poste-adjoint-mairie-lyon\/","name":"Apr\u00e8s la perte de son poste d'adjoint \u00e0 la mairie de Lyon, J\u00e9r\u00f4me Maleski se confie (1\/2) - Lyon Bondy Blog","isPartOf":{"@id":"https:\/\/lyonbondyblog.fr\/LBB\/#website"},"primaryImageOfPage":{"@id":"https:\/\/lyonbondyblog.fr\/LBB\/jerome-maleski-confie-perte-poste-adjoint-mairie-lyon\/#primaryimage"},"image":{"@id":"https:\/\/lyonbondyblog.fr\/LBB\/jerome-maleski-confie-perte-poste-adjoint-mairie-lyon\/#primaryimage"},"thumbnailUrl":"https:\/\/lyonbondyblog.fr\/LBB\/wp-content\/uploads\/2018\/11\/Photo-Maleski.jpg","datePublished":"2018-11-09T12:54:16+00:00","dateModified":"2021-07-08T07:39:48+00:00","inLanguage":"fr-FR","potentialAction":[{"@type":"ReadAction","target":["https:\/\/lyonbondyblog.fr\/LBB\/jerome-maleski-confie-perte-poste-adjoint-mairie-lyon\/"]}]},{"@type":"ImageObject","inLanguage":"fr-FR","@id":"https:\/\/lyonbondyblog.fr\/LBB\/jerome-maleski-confie-perte-poste-adjoint-mairie-lyon\/#primaryimage","url":"https:\/\/lyonbondyblog.fr\/LBB\/wp-content\/uploads\/2018\/11\/Photo-Maleski.jpg","contentUrl":"https:\/\/lyonbondyblog.fr\/LBB\/wp-content\/uploads\/2018\/11\/Photo-Maleski.jpg","width":2225,"height":1606,"caption":"J\u00e9r\u00f4me Maleski. Cr\u00e9dit Cl\u00e9mentine Courtial \/ Lyon Bondy Blog."},{"@type":"WebSite","@id":"https:\/\/lyonbondyblog.fr\/LBB\/#website","url":"https:\/\/lyonbondyblog.fr\/LBB\/","name":"Lyon Bondy Blog","description":"","publisher":{"@id":"https:\/\/lyonbondyblog.fr\/LBB\/#organization"},"potentialAction":[{"@type":"SearchAction","target":{"@type":"EntryPoint","urlTemplate":"https:\/\/lyonbondyblog.fr\/LBB\/?s={search_term_string}"},"query-input":"required name=search_term_string"}],"inLanguage":"fr-FR"},{"@type":"Organization","@id":"https:\/\/lyonbondyblog.fr\/LBB\/#organization","name":"LYON BONDY BLOG","url":"https:\/\/lyonbondyblog.fr\/LBB\/","logo":{"@type":"ImageObject","inLanguage":"fr-FR","@id":"https:\/\/lyonbondyblog.fr\/LBB\/#\/schema\/logo\/image\/","url":"http:\/\/lyonbondyblog.fr\/LBB\/wp-content\/uploads\/2014\/10\/logo-portable-144.png","contentUrl":"http:\/\/lyonbondyblog.fr\/LBB\/wp-content\/uploads\/2014\/10\/logo-portable-144.png","width":144,"height":123,"caption":"LYON BONDY BLOG"},"image":{"@id":"https:\/\/lyonbondyblog.fr\/LBB\/#\/schema\/logo\/image\/"},"sameAs":["https:\/\/www.facebook.com\/lyonbondyblog","https:\/\/x.com\/bondybloglyon"]},{"@type":"Person","@id":"https:\/\/lyonbondyblog.fr\/LBB\/#\/schema\/person\/e45f8d27baac75072daa0be50c409b25","name":"La r\u00e9daction","description":"Cr\u00e9e en 2008, la r\u00e9daction du Lyon Bondy Blog s'applique \u00e0 proposer une information locale diff\u00e9rente et compl\u00e9mentaire des m\u00e9dias traditionnels.","sameAs":["https:\/\/www.facebook.com\/lyonbondyblog","https:\/\/x.com\/BondyBlogLyon"],"url":"https:\/\/lyonbondyblog.fr\/LBB\/author\/admin\/"}]}},"_links":{"self":[{"href":"https:\/\/lyonbondyblog.fr\/LBB\/wp-json\/wp\/v2\/posts\/14715","targetHints":{"allow":["GET"]}}],"collection":[{"href":"https:\/\/lyonbondyblog.fr\/LBB\/wp-json\/wp\/v2\/posts"}],"about":[{"href":"https:\/\/lyonbondyblog.fr\/LBB\/wp-json\/wp\/v2\/types\/post"}],"author":[{"embeddable":true,"href":"https:\/\/lyonbondyblog.fr\/LBB\/wp-json\/wp\/v2\/users\/1"}],"replies":[{"embeddable":true,"href":"https:\/\/lyonbondyblog.fr\/LBB\/wp-json\/wp\/v2\/comments?post=14715"}],"version-history":[{"count":29,"href":"https:\/\/lyonbondyblog.fr\/LBB\/wp-json\/wp\/v2\/posts\/14715\/revisions"}],"predecessor-version":[{"id":24247,"href":"https:\/\/lyonbondyblog.fr\/LBB\/wp-json\/wp\/v2\/posts\/14715\/revisions\/24247"}],"wp:featuredmedia":[{"embeddable":true,"href":"https:\/\/lyonbondyblog.fr\/LBB\/wp-json\/wp\/v2\/media\/14757"}],"wp:attachment":[{"href":"https:\/\/lyonbondyblog.fr\/LBB\/wp-json\/wp\/v2\/media?parent=14715"}],"wp:term":[{"taxonomy":"category","embeddable":true,"href":"https:\/\/lyonbondyblog.fr\/LBB\/wp-json\/wp\/v2\/categories?post=14715"},{"taxonomy":"post_tag","embeddable":true,"href":"https:\/\/lyonbondyblog.fr\/LBB\/wp-json\/wp\/v2\/tags?post=14715"}],"curies":[{"name":"wp","href":"https:\/\/api.w.org\/{rel}","templated":true}]}}