{"id":14651,"date":"2018-11-03T14:08:10","date_gmt":"2018-11-03T13:08:10","guid":{"rendered":"http:\/\/lyonbondyblog.fr\/LBB\/?p=14651"},"modified":"2018-11-03T14:14:31","modified_gmt":"2018-11-03T13:14:31","slug":"lyon-duchere-en-maitrise-contre-avranches","status":"publish","type":"post","link":"https:\/\/lyonbondyblog.fr\/LBB\/lyon-duchere-en-maitrise-contre-avranches\/","title":{"rendered":"Lyon-Duch\u00e8re en ma\u00eetrise contre  Avranches"},"content":{"rendered":"<h3>Lyon-Duch\u00e8re s\u2019est impos\u00e9 1-0 contre Avranches dans le cadre de la 12\u00e8me journ\u00e9e de National. Malgr\u00e9 1h de jeu \u00e0 10 contre 11, La Duch\u00e8re a maintenu le cap en attaque pour remonter sur le podium du championnat.<\/h3>\n<p>&nbsp;<\/p>\n<p>Le championnat de troisi\u00e8me division reprenait ses droits apr\u00e8s un week-end de Coupe de France. Cette douzi\u00e8me journ\u00e9e rev\u00eatait un enjeu important : Le Mans, Chambly, Boulogne-sur-Mer et Lyon-Duch\u00e8re sont \u00e0 \u00e9galit\u00e9 avec 20 points et <a href=\"https:\/\/www.fff.fr\/championnats\/fff\/federation-francaise-de-football\/2018\/350966-national\/phase-1\/poule-1\/derniers-resultats\">chacun pouvait prendre seul la deuxi\u00e8me place.<\/a> La premi\u00e8re occasion sera pour les visiteurs sera un corner d\u00e9vi\u00e9 de la t\u00eate par un attaquant et d\u00e9gag\u00e9 en catastrophe par la d\u00e9fense. Petit-\u00e0-petit les joueurs de Karim Mokeddem ont mis le pied sur le ballon et mis sous pression\u00a0 le gardien Anthony Beuve, en d\u00e9licatesse avec son jeu au pied. Cot\u00e9 lyonnais le plus dangereux a \u00e9t\u00e9 l\u2019ailier Franck Julienne dont les centres furent d\u00e9vi\u00e9s \u00e0 deux reprises par Anthony Beuve, juste devant C\u00e9dric Tuta. Inoffensifs, les joueurs d\u2019Avranches ont perdus leur attaquant Kleyveens Herelle, sorti bless\u00e9 sur civi\u00e8re \u00e0 la 18\u2019. Son rempla\u00e7ant est un ancien du centre de formation de l\u2019OL : Paulin Puel, fils cadet de l\u2019entra\u00eeneur de Leicester. A la demi-heure de jeu, Lyon-Duch\u00e8re va concr\u00e9tiser sa domination gr\u00e2ce \u00e0 Matthieu Ezikian. Id\u00e9alement servi par son capitaine Soufiane Atik, il voit sa frappe crois\u00e9e \u00eatre d\u00e9vi\u00e9e par la jambe de l\u2019infortun\u00e9 gardien. Dans la foul\u00e9e Matthieu Ezikian \u00e9copera d\u2019un jaune, transform\u00e9 en rouge suite \u00e0 la blessure de R\u00e9mi Bonenfant, sorti sur civi\u00e8re avec un oeuf de pigeon sur le genou.\u00a0Un changement sans cons\u00e9quence car Avranches ne se procurera aucune occasion durant le dernier quart d\u2019heure et une bonne partie du deuxi\u00e8me acte.<\/p>\n<h2><b>Les r\u00e9actions \u00e0 la mi-temps\u00a0<\/b><\/h2>\n<p>A la mi-temps le public ne voyait pas comment le match pouvait \u00e9chapper \u00e0 leur \u00e9quipe, malgr\u00e9 l\u2019inf\u00e9riorit\u00e9 num\u00e9rique<b>.\u00a0<\/b><\/p>\n<p><iframe loading=\"lazy\" title=\"Supporters by HDSound\" width=\"1200\" height=\"400\" scrolling=\"no\" frameborder=\"no\" src=\"https:\/\/w.soundcloud.com\/player\/?visual=true&#038;url=https%3A%2F%2Fapi.soundcloud.com%2Ftracks%2F524019951&#038;show_artwork=true&#038;maxwidth=1200&#038;maxheight=1000&#038;dnt=1&#038;fbclid=IwAR3YOifL86CmJWhCcgV3IrzMvl81pFrqHoEWub5DK7AO7_4jFc-LH51GrEU\"><\/iframe><\/p>\n<p><b>Une fin de match en d\u00e9fense\u00a0<\/b><\/p>\n<p>En sup\u00e9riorit\u00e9 num\u00e9rique, Avranches n\u2019a que trop peu pes\u00e9. Ils auront eu les ballons mais rarement les occasions, notamment sur corner. Maxime Hautbois n\u2019aura pas \u00e9t\u00e9 sollicit\u00e9 malgr\u00e9 quelques corners bien tir\u00e9s et une barre transversale pour le sauver. Rony Labonne a trouv\u00e9 le poteau apr\u00e8s un tr\u00e8s bon appel en profondeur.<\/p>\n<p>Malgr\u00e9 un temps de jeu \u00e9lev\u00e9, Paulin Puel n\u2019aura pas exist\u00e9. Pas grand chose \u00e0 signaler dans ce deuxi\u00e8me acte. Karim Mokkedem a renforc\u00e9 sa d\u00e9fense en sortant Franck Julienne au profit de Cristopher Shiashia, d\u00e9fenseur. Au classement les Lyonnais r\u00e9alisent la bonne op\u00e9ration de la semaine. Gr\u00e2ce au match nul de Chambly \u00e0 Cholet,\u00a0 de Boulogne contre -sur-Mer contre Villefranche, de Rodez \u00e0 Concarneau et du Mans \u00e0 Drancy, les Lyonnais sont seuls deuxi\u00e8me \u00e0 3 points de Laval.<\/p>\n<p><b>Karim Mokkedem en col\u00e8re contre la ville de Lyon<\/b><\/p>\n<p>En conf\u00e9rence de presse les deux entra\u00eeneurs ont fait part de leur frustration et de leur \u00e9nervement . Pour le coach avranchais Fr\u00e9d\u00e9ric Reculeau \u00e0 cause de la prestation manqu\u00e9e de ses joueurs. Pour Karim Mokkedem le sujet \u00e9tait l\u2019\u00e9tat catastrophique de la pelouse. Il s\u2019en est pris \u00e0 la ville de Lyon. A noter que Kleyveens Herelle a \u00e9t\u00e9 \u00e9vacu\u00e9 vers la clinique de la Sauvegarde pour y subir une op\u00e9ration de la cheville.<\/p>\n<p><iframe loading=\"lazy\" title=\"Mokkedem + Avranches by HDSound\" width=\"1200\" height=\"400\" scrolling=\"no\" frameborder=\"no\" src=\"https:\/\/w.soundcloud.com\/player\/?visual=true&#038;url=https%3A%2F%2Fapi.soundcloud.com%2Ftracks%2F524165034&#038;show_artwork=true&#038;maxwidth=1200&#038;maxheight=1000&#038;dnt=1\"><\/iframe><\/p>\n<p>Vendredi prochain direction Dunkerque pour le compte de la 13\u00e8me journ\u00e9e, avant le 7\u00e8me tour de la <a href=\"https:\/\/www.lequipe.fr\/Football\/coupe-de-france-resultats.html\">Coupe de France le 17\/11 \u00e0 18h contre Montceau-les-Mines<\/a>. Le tout avant le duel au sommet contre Le Mans, le 23 novembre \u00e0 Balmont.<\/p>\n<p><iframe loading=\"lazy\" title=\"J12 : Lyon Duch\u00e8re AS - US Avranches MSM (1-0), le r\u00e9sum\u00e9 I National FFF 2018-2019\" width=\"1200\" height=\"675\" src=\"https:\/\/www.youtube.com\/embed\/XVPFTnKjlBg?feature=oembed\" frameborder=\"0\" allow=\"accelerometer; autoplay; clipboard-write; encrypted-media; gyroscope; picture-in-picture\" allowfullscreen><\/iframe><\/p>\n<p>&nbsp;<\/p>\n<p><b>National 12\u00e8 journ\u00e9e, 20h, Stade de Balmont\u00a0<\/b><\/p>\n<p><a href=\"https:\/\/www.fff.fr\/arbitrer\/arbitroscope\/liste-des-arbitres\/1539564673-thierry-bouille\"><b>Arbitre : Thierry Bouill\u00e9<\/b><\/a><\/p>\n<p><b>Lyon-Duch\u00e8re AS : <\/b>1. Hautbois (g.); 8. Romany, , 15. Camara, 5. Seguin, 2. Thetika; 18. Ndiaye, 22. Ezikian, 23. Ayari; 10. Julienne, 7. Atik (cap.), 14. Tuta<\/p>\n<p>rempla\u00e7ants : 30. Blaichet, 32. Shiashia, 33. Dhib, 35. Labonne, 20. Mendes<\/p>\n<p>Buteur :\u00a0 Ezikian 30\u2019<\/p>\n<p>Passe d\u00e9cisive : Atik<\/p>\n<p>Changements : 32. Shiashia pour 10. Julienne 56\u2019; 20. Mendes pour 14. Tuta 64\u2019; 35. Labonne pour 20. Mendes 70\u2019<\/p>\n<p>Cartons jaune :\u00a0 Julienne 19\u2019;\u00a0 Seguin 47\u2019; Ndiaye 81\u2019<\/p>\n<p>Carton rouge : Ezikian 34\u2019<\/p>\n<p>U.S Avranches M.S.M. : 1. Beuve (g.); 3. Baya, 5. Dekoke, 14. Danger, 24. Bonenfant; 20. Seance, 25. Dabo, 8. Boateng (cap.), 18. Maziz, 7. Herelle, 10. Farnabe<\/p>\n<p>rempla\u00e7ants : 12. Clement, 16. Lamonge,\u00a0 17. Bizolon, 19. Puel, 21. Alouache<\/p>\n<p>Changements : 19. Puel pour 7. Herelle 19\u2019 ; 17. Bizolon pour 24. Bonenfant 37\u2019 ; 21. Alouache pour 3. Baya 69\u2019.<\/p>\n<p>Carton jaune : \u00a019. Puel 81&prime;<\/p>\n<!-- AddThis Advanced Settings generic via filter on the_content --><!-- AddThis Share Buttons generic via filter on the_content -->","protected":false},"excerpt":{"rendered":"<p>Lyon-Duch\u00e8re s\u2019est impos\u00e9 1-0 contre Avranches dans le cadre de la 12\u00e8me journ\u00e9e de National. Malgr\u00e9 1h de jeu \u00e0 10 contre 11, La Duch\u00e8re &hellip; <!-- AddThis Advanced Settings generic via filter on wp_trim_excerpt --><!-- AddThis Share Buttons generic via filter on wp_trim_excerpt --><\/p>\n","protected":false},"author":5729,"featured_media":14654,"comment_status":"open","ping_status":"open","sticky":false,"template":"","format":"standard","meta":{"_FSMCFIC_featured_image_caption":"","_FSMCFIC_featured_image_nocaption":"","_FSMCFIC_featured_image_hide":"","footnotes":""},"categories":[2256,4,2862],"tags":[2446,1864,2898],"class_list":["post-14651","post","type-post","status-publish","format-standard","has-post-thumbnail","hentry","category-audio","category-lyon","category-sport","tag-championnat-de-france-amateur-de-football","tag-lyon-la-duchere","tag-national"],"yoast_head":"<!-- This site is optimized with the Yoast SEO plugin v22.8 - https:\/\/yoast.com\/wordpress\/plugins\/seo\/ -->\n<title>Lyon-Duch\u00e8re en ma\u00eetrise contre Avranches - Lyon Bondy Blog<\/title>\n<meta name=\"description\" content=\"Lyon-Duch\u00e8re s\u2019est impos\u00e9 1-0 contre Avranches dans le cadre de la 12\u00e8me journ\u00e9e de National.\" \/>\n<meta name=\"robots\" content=\"index, follow, max-snippet:-1, max-image-preview:large, max-video-preview:-1\" \/>\n<link rel=\"canonical\" href=\"https:\/\/lyonbondyblog.fr\/LBB\/lyon-duchere-en-maitrise-contre-avranches\/\" \/>\n<meta property=\"og:locale\" content=\"fr_FR\" \/>\n<meta property=\"og:type\" content=\"article\" \/>\n<meta property=\"og:title\" content=\"Lyon-Duch\u00e8re en ma\u00eetrise contre Avranches - Lyon Bondy Blog\" \/>\n<meta property=\"og:description\" content=\"Lyon-Duch\u00e8re s\u2019est impos\u00e9 1-0 contre Avranches dans le cadre de la 12\u00e8me journ\u00e9e de National.\" \/>\n<meta property=\"og:url\" content=\"https:\/\/lyonbondyblog.fr\/LBB\/lyon-duchere-en-maitrise-contre-avranches\/\" \/>\n<meta property=\"og:site_name\" content=\"Lyon Bondy Blog\" \/>\n<meta property=\"article:publisher\" content=\"https:\/\/www.facebook.com\/lyonbondyblog\" \/>\n<meta property=\"article:published_time\" content=\"2018-11-03T13:08:10+00:00\" \/>\n<meta property=\"article:modified_time\" content=\"2018-11-03T13:14:31+00:00\" \/>\n<meta property=\"og:image\" content=\"https:\/\/lyonbondyblog.fr\/LBB\/wp-content\/uploads\/2018\/11\/IMG_1479.jpg\" \/>\n\t<meta property=\"og:image:width\" content=\"2816\" \/>\n\t<meta property=\"og:image:height\" content=\"1584\" \/>\n\t<meta property=\"og:image:type\" content=\"image\/jpeg\" \/>\n<meta name=\"author\" content=\"Hugo Dervissoglou\" \/>\n<meta name=\"twitter:card\" content=\"summary_large_image\" \/>\n<meta name=\"twitter:creator\" content=\"@bondybloglyon\" \/>\n<meta name=\"twitter:site\" content=\"@bondybloglyon\" \/>\n<script type=\"application\/ld+json\" class=\"yoast-schema-graph\">{\"@context\":\"https:\/\/schema.org\",\"@graph\":[{\"@type\":\"Article\",\"@id\":\"https:\/\/lyonbondyblog.fr\/LBB\/lyon-duchere-en-maitrise-contre-avranches\/#article\",\"isPartOf\":{\"@id\":\"https:\/\/lyonbondyblog.fr\/LBB\/lyon-duchere-en-maitrise-contre-avranches\/\"},\"author\":{\"name\":\"Hugo Dervissoglou\",\"@id\":\"https:\/\/lyonbondyblog.fr\/LBB\/#\/schema\/person\/6efc096be909f1122de1b82592e04e6e\"},\"headline\":\"Lyon-Duch\u00e8re en ma\u00eetrise contre Avranches\",\"datePublished\":\"2018-11-03T13:08:10+00:00\",\"dateModified\":\"2018-11-03T13:14:31+00:00\",\"mainEntityOfPage\":{\"@id\":\"https:\/\/lyonbondyblog.fr\/LBB\/lyon-duchere-en-maitrise-contre-avranches\/\"},\"wordCount\":749,\"commentCount\":0,\"publisher\":{\"@id\":\"https:\/\/lyonbondyblog.fr\/LBB\/#organization\"},\"image\":{\"@id\":\"https:\/\/lyonbondyblog.fr\/LBB\/lyon-duchere-en-maitrise-contre-avranches\/#primaryimage\"},\"thumbnailUrl\":\"https:\/\/lyonbondyblog.fr\/LBB\/wp-content\/uploads\/2018\/11\/IMG_1479.jpg\",\"keywords\":[\"Championnat de France amateur de football\",\"Lyon La Duch\u00e8re\",\"national\"],\"articleSection\":[\"Audio\",\"Lyon\",\"Sport\"],\"inLanguage\":\"fr-FR\",\"potentialAction\":[{\"@type\":\"CommentAction\",\"name\":\"Comment\",\"target\":[\"https:\/\/lyonbondyblog.fr\/LBB\/lyon-duchere-en-maitrise-contre-avranches\/#respond\"]}]},{\"@type\":\"WebPage\",\"@id\":\"https:\/\/lyonbondyblog.fr\/LBB\/lyon-duchere-en-maitrise-contre-avranches\/\",\"url\":\"https:\/\/lyonbondyblog.fr\/LBB\/lyon-duchere-en-maitrise-contre-avranches\/\",\"name\":\"Lyon-Duch\u00e8re en ma\u00eetrise contre Avranches - Lyon Bondy Blog\",\"isPartOf\":{\"@id\":\"https:\/\/lyonbondyblog.fr\/LBB\/#website\"},\"primaryImageOfPage\":{\"@id\":\"https:\/\/lyonbondyblog.fr\/LBB\/lyon-duchere-en-maitrise-contre-avranches\/#primaryimage\"},\"image\":{\"@id\":\"https:\/\/lyonbondyblog.fr\/LBB\/lyon-duchere-en-maitrise-contre-avranches\/#primaryimage\"},\"thumbnailUrl\":\"https:\/\/lyonbondyblog.fr\/LBB\/wp-content\/uploads\/2018\/11\/IMG_1479.jpg\",\"datePublished\":\"2018-11-03T13:08:10+00:00\",\"dateModified\":\"2018-11-03T13:14:31+00:00\",\"description\":\"Lyon-Duch\u00e8re s\u2019est impos\u00e9 1-0 contre Avranches dans le cadre de la 12\u00e8me journ\u00e9e de National.\",\"inLanguage\":\"fr-FR\",\"potentialAction\":[{\"@type\":\"ReadAction\",\"target\":[\"https:\/\/lyonbondyblog.fr\/LBB\/lyon-duchere-en-maitrise-contre-avranches\/\"]}]},{\"@type\":\"ImageObject\",\"inLanguage\":\"fr-FR\",\"@id\":\"https:\/\/lyonbondyblog.fr\/LBB\/lyon-duchere-en-maitrise-contre-avranches\/#primaryimage\",\"url\":\"https:\/\/lyonbondyblog.fr\/LBB\/wp-content\/uploads\/2018\/11\/IMG_1479.jpg\",\"contentUrl\":\"https:\/\/lyonbondyblog.fr\/LBB\/wp-content\/uploads\/2018\/11\/IMG_1479.jpg\",\"width\":2816,\"height\":1584},{\"@type\":\"WebSite\",\"@id\":\"https:\/\/lyonbondyblog.fr\/LBB\/#website\",\"url\":\"https:\/\/lyonbondyblog.fr\/LBB\/\",\"name\":\"Lyon Bondy Blog\",\"description\":\"\",\"publisher\":{\"@id\":\"https:\/\/lyonbondyblog.fr\/LBB\/#organization\"},\"potentialAction\":[{\"@type\":\"SearchAction\",\"target\":{\"@type\":\"EntryPoint\",\"urlTemplate\":\"https:\/\/lyonbondyblog.fr\/LBB\/?s={search_term_string}\"},\"query-input\":\"required name=search_term_string\"}],\"inLanguage\":\"fr-FR\"},{\"@type\":\"Organization\",\"@id\":\"https:\/\/lyonbondyblog.fr\/LBB\/#organization\",\"name\":\"LYON BONDY BLOG\",\"url\":\"https:\/\/lyonbondyblog.fr\/LBB\/\",\"logo\":{\"@type\":\"ImageObject\",\"inLanguage\":\"fr-FR\",\"@id\":\"https:\/\/lyonbondyblog.fr\/LBB\/#\/schema\/logo\/image\/\",\"url\":\"http:\/\/lyonbondyblog.fr\/LBB\/wp-content\/uploads\/2014\/10\/logo-portable-144.png\",\"contentUrl\":\"http:\/\/lyonbondyblog.fr\/LBB\/wp-content\/uploads\/2014\/10\/logo-portable-144.png\",\"width\":144,\"height\":123,\"caption\":\"LYON BONDY BLOG\"},\"image\":{\"@id\":\"https:\/\/lyonbondyblog.fr\/LBB\/#\/schema\/logo\/image\/\"},\"sameAs\":[\"https:\/\/www.facebook.com\/lyonbondyblog\",\"https:\/\/x.com\/bondybloglyon\"]},{\"@type\":\"Person\",\"@id\":\"https:\/\/lyonbondyblog.fr\/LBB\/#\/schema\/person\/6efc096be909f1122de1b82592e04e6e\",\"name\":\"Hugo Dervissoglou\",\"url\":\"https:\/\/lyonbondyblog.fr\/LBB\/author\/hugo_dervissoglou\/\"}]}<\/script>\n<!-- \/ Yoast SEO plugin. -->","yoast_head_json":{"title":"Lyon-Duch\u00e8re en ma\u00eetrise contre Avranches - Lyon Bondy Blog","description":"Lyon-Duch\u00e8re s\u2019est impos\u00e9 1-0 contre Avranches dans le cadre de la 12\u00e8me journ\u00e9e de National.","robots":{"index":"index","follow":"follow","max-snippet":"max-snippet:-1","max-image-preview":"max-image-preview:large","max-video-preview":"max-video-preview:-1"},"canonical":"https:\/\/lyonbondyblog.fr\/LBB\/lyon-duchere-en-maitrise-contre-avranches\/","og_locale":"fr_FR","og_type":"article","og_title":"Lyon-Duch\u00e8re en ma\u00eetrise contre Avranches - Lyon Bondy Blog","og_description":"Lyon-Duch\u00e8re s\u2019est impos\u00e9 1-0 contre Avranches dans le cadre de la 12\u00e8me journ\u00e9e de National.","og_url":"https:\/\/lyonbondyblog.fr\/LBB\/lyon-duchere-en-maitrise-contre-avranches\/","og_site_name":"Lyon Bondy Blog","article_publisher":"https:\/\/www.facebook.com\/lyonbondyblog","article_published_time":"2018-11-03T13:08:10+00:00","article_modified_time":"2018-11-03T13:14:31+00:00","og_image":[{"width":2816,"height":1584,"url":"https:\/\/lyonbondyblog.fr\/LBB\/wp-content\/uploads\/2018\/11\/IMG_1479.jpg","type":"image\/jpeg"}],"author":"Hugo Dervissoglou","twitter_card":"summary_large_image","twitter_creator":"@bondybloglyon","twitter_site":"@bondybloglyon","schema":{"@context":"https:\/\/schema.org","@graph":[{"@type":"Article","@id":"https:\/\/lyonbondyblog.fr\/LBB\/lyon-duchere-en-maitrise-contre-avranches\/#article","isPartOf":{"@id":"https:\/\/lyonbondyblog.fr\/LBB\/lyon-duchere-en-maitrise-contre-avranches\/"},"author":{"name":"Hugo Dervissoglou","@id":"https:\/\/lyonbondyblog.fr\/LBB\/#\/schema\/person\/6efc096be909f1122de1b82592e04e6e"},"headline":"Lyon-Duch\u00e8re en ma\u00eetrise contre Avranches","datePublished":"2018-11-03T13:08:10+00:00","dateModified":"2018-11-03T13:14:31+00:00","mainEntityOfPage":{"@id":"https:\/\/lyonbondyblog.fr\/LBB\/lyon-duchere-en-maitrise-contre-avranches\/"},"wordCount":749,"commentCount":0,"publisher":{"@id":"https:\/\/lyonbondyblog.fr\/LBB\/#organization"},"image":{"@id":"https:\/\/lyonbondyblog.fr\/LBB\/lyon-duchere-en-maitrise-contre-avranches\/#primaryimage"},"thumbnailUrl":"https:\/\/lyonbondyblog.fr\/LBB\/wp-content\/uploads\/2018\/11\/IMG_1479.jpg","keywords":["Championnat de France amateur de football","Lyon La Duch\u00e8re","national"],"articleSection":["Audio","Lyon","Sport"],"inLanguage":"fr-FR","potentialAction":[{"@type":"CommentAction","name":"Comment","target":["https:\/\/lyonbondyblog.fr\/LBB\/lyon-duchere-en-maitrise-contre-avranches\/#respond"]}]},{"@type":"WebPage","@id":"https:\/\/lyonbondyblog.fr\/LBB\/lyon-duchere-en-maitrise-contre-avranches\/","url":"https:\/\/lyonbondyblog.fr\/LBB\/lyon-duchere-en-maitrise-contre-avranches\/","name":"Lyon-Duch\u00e8re en ma\u00eetrise contre Avranches - Lyon Bondy Blog","isPartOf":{"@id":"https:\/\/lyonbondyblog.fr\/LBB\/#website"},"primaryImageOfPage":{"@id":"https:\/\/lyonbondyblog.fr\/LBB\/lyon-duchere-en-maitrise-contre-avranches\/#primaryimage"},"image":{"@id":"https:\/\/lyonbondyblog.fr\/LBB\/lyon-duchere-en-maitrise-contre-avranches\/#primaryimage"},"thumbnailUrl":"https:\/\/lyonbondyblog.fr\/LBB\/wp-content\/uploads\/2018\/11\/IMG_1479.jpg","datePublished":"2018-11-03T13:08:10+00:00","dateModified":"2018-11-03T13:14:31+00:00","description":"Lyon-Duch\u00e8re s\u2019est impos\u00e9 1-0 contre Avranches dans le cadre de la 12\u00e8me journ\u00e9e de National.","inLanguage":"fr-FR","potentialAction":[{"@type":"ReadAction","target":["https:\/\/lyonbondyblog.fr\/LBB\/lyon-duchere-en-maitrise-contre-avranches\/"]}]},{"@type":"ImageObject","inLanguage":"fr-FR","@id":"https:\/\/lyonbondyblog.fr\/LBB\/lyon-duchere-en-maitrise-contre-avranches\/#primaryimage","url":"https:\/\/lyonbondyblog.fr\/LBB\/wp-content\/uploads\/2018\/11\/IMG_1479.jpg","contentUrl":"https:\/\/lyonbondyblog.fr\/LBB\/wp-content\/uploads\/2018\/11\/IMG_1479.jpg","width":2816,"height":1584},{"@type":"WebSite","@id":"https:\/\/lyonbondyblog.fr\/LBB\/#website","url":"https:\/\/lyonbondyblog.fr\/LBB\/","name":"Lyon Bondy Blog","description":"","publisher":{"@id":"https:\/\/lyonbondyblog.fr\/LBB\/#organization"},"potentialAction":[{"@type":"SearchAction","target":{"@type":"EntryPoint","urlTemplate":"https:\/\/lyonbondyblog.fr\/LBB\/?s={search_term_string}"},"query-input":"required name=search_term_string"}],"inLanguage":"fr-FR"},{"@type":"Organization","@id":"https:\/\/lyonbondyblog.fr\/LBB\/#organization","name":"LYON BONDY BLOG","url":"https:\/\/lyonbondyblog.fr\/LBB\/","logo":{"@type":"ImageObject","inLanguage":"fr-FR","@id":"https:\/\/lyonbondyblog.fr\/LBB\/#\/schema\/logo\/image\/","url":"http:\/\/lyonbondyblog.fr\/LBB\/wp-content\/uploads\/2014\/10\/logo-portable-144.png","contentUrl":"http:\/\/lyonbondyblog.fr\/LBB\/wp-content\/uploads\/2014\/10\/logo-portable-144.png","width":144,"height":123,"caption":"LYON BONDY BLOG"},"image":{"@id":"https:\/\/lyonbondyblog.fr\/LBB\/#\/schema\/logo\/image\/"},"sameAs":["https:\/\/www.facebook.com\/lyonbondyblog","https:\/\/x.com\/bondybloglyon"]},{"@type":"Person","@id":"https:\/\/lyonbondyblog.fr\/LBB\/#\/schema\/person\/6efc096be909f1122de1b82592e04e6e","name":"Hugo Dervissoglou","url":"https:\/\/lyonbondyblog.fr\/LBB\/author\/hugo_dervissoglou\/"}]}},"_links":{"self":[{"href":"https:\/\/lyonbondyblog.fr\/LBB\/wp-json\/wp\/v2\/posts\/14651","targetHints":{"allow":["GET"]}}],"collection":[{"href":"https:\/\/lyonbondyblog.fr\/LBB\/wp-json\/wp\/v2\/posts"}],"about":[{"href":"https:\/\/lyonbondyblog.fr\/LBB\/wp-json\/wp\/v2\/types\/post"}],"author":[{"embeddable":true,"href":"https:\/\/lyonbondyblog.fr\/LBB\/wp-json\/wp\/v2\/users\/5729"}],"replies":[{"embeddable":true,"href":"https:\/\/lyonbondyblog.fr\/LBB\/wp-json\/wp\/v2\/comments?post=14651"}],"version-history":[{"count":3,"href":"https:\/\/lyonbondyblog.fr\/LBB\/wp-json\/wp\/v2\/posts\/14651\/revisions"}],"predecessor-version":[{"id":14658,"href":"https:\/\/lyonbondyblog.fr\/LBB\/wp-json\/wp\/v2\/posts\/14651\/revisions\/14658"}],"wp:featuredmedia":[{"embeddable":true,"href":"https:\/\/lyonbondyblog.fr\/LBB\/wp-json\/wp\/v2\/media\/14654"}],"wp:attachment":[{"href":"https:\/\/lyonbondyblog.fr\/LBB\/wp-json\/wp\/v2\/media?parent=14651"}],"wp:term":[{"taxonomy":"category","embeddable":true,"href":"https:\/\/lyonbondyblog.fr\/LBB\/wp-json\/wp\/v2\/categories?post=14651"},{"taxonomy":"post_tag","embeddable":true,"href":"https:\/\/lyonbondyblog.fr\/LBB\/wp-json\/wp\/v2\/tags?post=14651"}],"curies":[{"name":"wp","href":"https:\/\/api.w.org\/{rel}","templated":true}]}}