{"id":14517,"date":"2018-10-18T11:23:33","date_gmt":"2018-10-18T09:23:33","guid":{"rendered":"http:\/\/lyonbondyblog.fr\/LBB\/?p=14517"},"modified":"2018-10-18T11:23:33","modified_gmt":"2018-10-18T09:23:33","slug":"retraites-immigres-un-mepris-francais","status":"publish","type":"post","link":"https:\/\/lyonbondyblog.fr\/LBB\/retraites-immigres-un-mepris-francais\/","title":{"rendered":"Retrait\u00e9s immigr\u00e9s : un m\u00e9pris fran\u00e7ais"},"content":{"rendered":"<h3>Cr\u00e9\u00e9e il y a 10 ans, l\u2019association l\u2019Olivier des Sages est sp\u00e9cialis\u00e9e dans l\u2019insertion sociale des personnes \u00e2g\u00e9es de 55 ans et plus. Ils sont 400 de 19 nationalit\u00e9s diff\u00e9rentes \u00e0 tenter de reconstruire du lien social au sein de cette association du 3\u00e8 arrondissement de Lyon.<\/h3>\n<p>&nbsp;<\/p>\n<p>Le K-F\u00e9 social situ\u00e9 au 8, rue de l\u2019\u00e9p\u00e9e (Lyon 3\u00e8) est le si\u00e8ge de l\u2019association l\u2019Olivier des Sages. L\u2019association a vu le jour il y a 10 ans. Ce jour-l\u00e0\u00a0 une vingtaine de personnes est en train de disputer une partie de domino en attendant de partager une part de brioche en compagnie de la responsable Zorah Ferhat. Ce sont majoritairement des anciens, chibanis en arabe, arriv\u00e9s du Maghreb pour reconstruire le pays. Ils souffrent d\u2019un manque de reconnaissance et d\u2019isolement. La plupart sont s\u00e9par\u00e9s de leur femme et de leurs enfants rest\u00e9s au pays. D\u2019autres comme Isma\u00ebl, venu de Djibouti, sont contraints de rester faute de soin dans leur pays d\u2019origine. Pour ceux qui ont la chance de pouvoir rentrer dans leur pays l\u2019obstacle est financier. Il leur faut \u00e9conomiser entre 6 mois et 2 ans pour se payer un billet d\u2019avion aller-retour. Ce d\u00e9lais est d\u00fb au fait que nombre d\u2019entre eux envoient une partie de leur pension de retraite \u00e0 leurs familles.. <b>\u00ab\u00a0Une fois que j\u2019ai envoy\u00e9 l\u2019argent au pays, payer mes factures il me reste environ 150\u20ac pour le reste\u00a0\u00bb<\/b> pr\u00e9cise l\u2019un des plus bavard.<b>\u00a0<\/b><\/p>\n<h2><b>\u00ab\u00a0Ce sont les oubli\u00e9s de la R\u00e9publique\u00a0\u00bb<\/b><\/h2>\n<p>A la peu enviable expression de \u00ab\u00a0citoyens de seconde zone\u00a0\u00bb, Zorah Ferhat pr\u00e9f\u00e8re dire de ses prot\u00e9g\u00e9s : <b>\u00ab\u00a0Ils ont construit la France mais ne peuvent pas voter, ce sont les oubli\u00e9s de la R\u00e9publique\u00a0\u00bb.<\/b> Pour accentuer<b> <\/b>le malaise, un des chibanis se laisse envahir par la frustration et hausse le ton : <b>\u00ab\u00a0J\u2019ai travaill\u00e9 durant 20 ans, je suis malade et je me retrouve avec 80\u20ac par mois\u00a0\u00bb. <\/b>Il b\u00e9n\u00e9ficie de la Couverture Maladie Universelle (CMU) mais pas d\u2019autres sources de revenus. Ces anciens travailleurs ne peuvent pour le moment pr\u00e9tendre \u00e0 la nationalit\u00e9 fran\u00e7aise. <a href=\"https:\/\/www.juritravail.com\/Actualite\/naturalisation\/Id\/267434\">M\u00eame si les conditions ont \u00e9t\u00e9 assouplies <\/a>les d\u00e9marches restent longues et \u00e9prouvantes.<\/p>\n<p>\u00ab\u00a0<b>Nous avons parl\u00e9 \u00e0 <\/b><a href=\"http:\/\/www.olivierdessages.com\/?p=9703\"><b>Fran<\/b>\u00e7<b>ois Hollande<\/b><\/a><b> de leurs situations mais \u00e7a n\u2019a pas beaucoup boug\u00e9 depuis<\/b>\u00a0\u00bb d\u00e9plore Zorah Ferhat, fondatrice-directrice de l\u2019association l\u2019Olivier des Sages.<\/p>\n<p>Du c\u00f4t\u00e9 de certains \u00e9lus la situation inqui\u00e8te. <a href=\"https:\/\/lyonbondyblog.fr\/LBB\/marylene-millet-il-ny-a-rien-sur-lisolement-social-des-personnes-agees\/\">L\u2019\u00e9lu m\u00e9tropolitaine centriste Maryl\u00e8ne Millet<\/a> critique les choix budg\u00e9taires du gouvernement : <b>\u00ab\u00a0Je trouve \u00e7a regrettable. On risque de cr\u00e9er de nouveaux retrait\u00e9s pr\u00e9caires. Nous ne sommes pas dans une soci\u00e9t\u00e9 qui ne fait pas attention \u00e0 ses vieux.\u00a0\u00bb <\/b>Le plan du gouvernement pr\u00e9voit d\u2019investir\u00a0 8,5 milliards d\u2019euros d\u2019ici \u00e0 la fin du quinquennat. <b>\u00ab\u00a0Il n\u2019y a rien sur l\u2019isolement social des personnes \u00e2g\u00e9es\u00a0\u00bb<\/b>, note\u00a0Maryl\u00e8ne Millet. Le 13 septembre dernier, le Pr\u00e9sident de la R\u00e9publique, Emmanuel Macron, a d\u00e9voil\u00e9 21 mesures. Son plan vise la r\u00e9duction des in\u00e9galit\u00e9s en visant <a href=\"https:\/\/solidarites-sante.gouv.fr\/affaires-sociales\/lutte-contre-l-exclusion\/investir-dans-les-solidarites\/les-5-engagements-de-la-strategie-pauvrete\/article\/le-resume-des-21-mesures\">le mal \u00e0 la racine : les diff\u00e9rences li\u00e9es \u00e0 la classe sociale des familles<\/a>.<\/p>\n<p>Les mesures concernent surtout la petite enfance et l\u2019insertion professionnelle. Au grand dam des associations, aucune mesure ne concerne les retrait\u00e9s en situation pr\u00e9caire. Un manque alors que, selon l\u2019association Les petits fr\u00e8res des pauvres, <a href=\"https:\/\/www.franceculture.fr\/societe\/la-mort-sociale-frappe-300-000-personnes-agees-en-france\">300 000\u00a0 personnes sont en situation de mort sociale en France.\u00a0<\/a><\/p>\n<h2><b>La lutte contre l&rsquo;isolement<\/b><\/h2>\n<p>L\u2019association n\u2019est en rien un foyer. Les b\u00e9n\u00e9ficiaires logent ailleurs et b\u00e9n\u00e9ficient de l\u2019accueil de jour. Selon les jours de la semaine l\u2019association propose diverses activit\u00e9s comme des ateliers de cuisine avec des jeunes de foyer de r\u00e9insertion, de l\u2019informatique et des cours de fran\u00e7ais. <b>\u00ab\u00a0Le but ce n\u2019est pas d\u2019envoyer des mails ou de surfer sur la toile mais de resserrer les liens avec leurs proches\u00a0\u00bb <\/b>pr\u00e9cise Zorah Ferhat. L\u2019association l\u2019olivier des sages est une sorte de deuxi\u00e8me famille. Deux fois par mois, ils se r\u00e9unissent autour d\u2019un repas dont certains ingr\u00e9dients sont produits dans la cour de l\u2019\u00e9tablissement.\u00a0Pas question de mettre de c\u00f4t\u00e9 la culture et la d\u00e9couverte : l\u2019association a financ\u00e9 des voyages \u00e0 Paris, Marseille ou en Tunisie. Ils ont m\u00eame d\u00e9fil\u00e9s dans le cadre de la biennale de la danse le 21 septembre dernier.<\/p>\n<p><a href=\"https:\/\/www.facebook.com\/zehra.ainsebasahnoun\/videos\/2035198639858759\/\">https:\/\/www.facebook.com\/zehra.ainsebasahnoun\/videos\/2035198639858759\/<\/a><\/p>\n<h5><span style=\"font-size: 8pt\">La chor\u00e9graphie des membres de l&rsquo;association lors de la Biennale de la danse, le 21 septembre 2018. (Cr\u00e9dit vid\u00e9o : Zohra Ainseba).<\/span><\/h5>\n<p>&nbsp;<\/p>\n<!-- AddThis Advanced Settings generic via filter on the_content --><!-- AddThis Share Buttons generic via filter on the_content -->","protected":false},"excerpt":{"rendered":"<p>Cr\u00e9\u00e9e il y a 10 ans, l\u2019association l\u2019Olivier des Sages est sp\u00e9cialis\u00e9e dans l\u2019insertion sociale des personnes \u00e2g\u00e9es de 55 ans et plus. Ils sont &hellip; <!-- AddThis Advanced Settings generic via filter on wp_trim_excerpt --><!-- AddThis Share Buttons generic via filter on wp_trim_excerpt --><\/p>\n","protected":false},"author":5729,"featured_media":14518,"comment_status":"open","ping_status":"open","sticky":false,"template":"","format":"standard","meta":{"_FSMCFIC_featured_image_caption":"","_FSMCFIC_featured_image_nocaption":"","_FSMCFIC_featured_image_hide":"","footnotes":""},"categories":[6443,6,2,6506],"tags":[6507,10],"class_list":["post-14517","post","type-post","status-publish","format-standard","has-post-thumbnail","hentry","category-association","category-politique","category-societe","category-solidarite","tag-lutte-contre-lexclusion","tag-lyon-2"],"yoast_head":"<!-- This site is optimized with the Yoast SEO plugin v22.8 - https:\/\/yoast.com\/wordpress\/plugins\/seo\/ -->\n<title>Retrait\u00e9s immigr\u00e9s : un m\u00e9pris fran\u00e7ais - Lyon Bondy Blog<\/title>\n<meta name=\"description\" content=\"Cr\u00e9\u00e9e il y a 10 ans, l\u2019association l\u2019Olivier des Sages est sp\u00e9cialis\u00e9e dans l\u2019insertion sociale des personnes \u00e2g\u00e9es de 55 ans et plus.\" \/>\n<meta name=\"robots\" content=\"index, follow, max-snippet:-1, max-image-preview:large, max-video-preview:-1\" \/>\n<link rel=\"canonical\" href=\"https:\/\/lyonbondyblog.fr\/LBB\/retraites-immigres-un-mepris-francais\/\" \/>\n<meta property=\"og:locale\" content=\"fr_FR\" \/>\n<meta property=\"og:type\" content=\"article\" \/>\n<meta property=\"og:title\" content=\"Retrait\u00e9s immigr\u00e9s : un m\u00e9pris fran\u00e7ais - Lyon Bondy Blog\" \/>\n<meta property=\"og:description\" content=\"Cr\u00e9\u00e9e il y a 10 ans, l\u2019association l\u2019Olivier des Sages est sp\u00e9cialis\u00e9e dans l\u2019insertion sociale des personnes \u00e2g\u00e9es de 55 ans et plus.\" \/>\n<meta property=\"og:url\" content=\"https:\/\/lyonbondyblog.fr\/LBB\/retraites-immigres-un-mepris-francais\/\" \/>\n<meta property=\"og:site_name\" content=\"Lyon Bondy Blog\" \/>\n<meta property=\"article:publisher\" content=\"https:\/\/www.facebook.com\/lyonbondyblog\" \/>\n<meta property=\"article:published_time\" content=\"2018-10-18T09:23:33+00:00\" \/>\n<meta property=\"og:image\" content=\"https:\/\/lyonbondyblog.fr\/LBB\/wp-content\/uploads\/2018\/10\/OLIVIER_LOGO_F-ConvertImage-Copie-600x400.jpg\" \/>\n\t<meta property=\"og:image:width\" content=\"600\" \/>\n\t<meta property=\"og:image:height\" content=\"400\" \/>\n\t<meta property=\"og:image:type\" content=\"image\/jpeg\" \/>\n<meta name=\"author\" content=\"Hugo Dervissoglou\" \/>\n<meta name=\"twitter:card\" content=\"summary_large_image\" \/>\n<meta name=\"twitter:creator\" content=\"@bondybloglyon\" \/>\n<meta name=\"twitter:site\" content=\"@bondybloglyon\" \/>\n<script type=\"application\/ld+json\" class=\"yoast-schema-graph\">{\"@context\":\"https:\/\/schema.org\",\"@graph\":[{\"@type\":\"Article\",\"@id\":\"https:\/\/lyonbondyblog.fr\/LBB\/retraites-immigres-un-mepris-francais\/#article\",\"isPartOf\":{\"@id\":\"https:\/\/lyonbondyblog.fr\/LBB\/retraites-immigres-un-mepris-francais\/\"},\"author\":{\"name\":\"Hugo Dervissoglou\",\"@id\":\"https:\/\/lyonbondyblog.fr\/LBB\/#\/schema\/person\/6efc096be909f1122de1b82592e04e6e\"},\"headline\":\"Retrait\u00e9s immigr\u00e9s : un m\u00e9pris fran\u00e7ais\",\"datePublished\":\"2018-10-18T09:23:33+00:00\",\"dateModified\":\"2018-10-18T09:23:33+00:00\",\"mainEntityOfPage\":{\"@id\":\"https:\/\/lyonbondyblog.fr\/LBB\/retraites-immigres-un-mepris-francais\/\"},\"wordCount\":803,\"commentCount\":0,\"publisher\":{\"@id\":\"https:\/\/lyonbondyblog.fr\/LBB\/#organization\"},\"image\":{\"@id\":\"https:\/\/lyonbondyblog.fr\/LBB\/retraites-immigres-un-mepris-francais\/#primaryimage\"},\"thumbnailUrl\":\"https:\/\/lyonbondyblog.fr\/LBB\/wp-content\/uploads\/2018\/10\/OLIVIER_LOGO_F-ConvertImage-Copie-600x400.jpg\",\"keywords\":[\"lutte contre l'exclusion\",\"lyon\"],\"articleSection\":[\"Association\",\"Politique\",\"Soci\u00e9t\u00e9\",\"Solidarit\u00e9\"],\"inLanguage\":\"fr-FR\",\"potentialAction\":[{\"@type\":\"CommentAction\",\"name\":\"Comment\",\"target\":[\"https:\/\/lyonbondyblog.fr\/LBB\/retraites-immigres-un-mepris-francais\/#respond\"]}]},{\"@type\":\"WebPage\",\"@id\":\"https:\/\/lyonbondyblog.fr\/LBB\/retraites-immigres-un-mepris-francais\/\",\"url\":\"https:\/\/lyonbondyblog.fr\/LBB\/retraites-immigres-un-mepris-francais\/\",\"name\":\"Retrait\u00e9s immigr\u00e9s : un m\u00e9pris fran\u00e7ais - Lyon Bondy Blog\",\"isPartOf\":{\"@id\":\"https:\/\/lyonbondyblog.fr\/LBB\/#website\"},\"primaryImageOfPage\":{\"@id\":\"https:\/\/lyonbondyblog.fr\/LBB\/retraites-immigres-un-mepris-francais\/#primaryimage\"},\"image\":{\"@id\":\"https:\/\/lyonbondyblog.fr\/LBB\/retraites-immigres-un-mepris-francais\/#primaryimage\"},\"thumbnailUrl\":\"https:\/\/lyonbondyblog.fr\/LBB\/wp-content\/uploads\/2018\/10\/OLIVIER_LOGO_F-ConvertImage-Copie-600x400.jpg\",\"datePublished\":\"2018-10-18T09:23:33+00:00\",\"dateModified\":\"2018-10-18T09:23:33+00:00\",\"description\":\"Cr\u00e9\u00e9e il y a 10 ans, l\u2019association l\u2019Olivier des Sages est sp\u00e9cialis\u00e9e dans l\u2019insertion sociale des personnes \u00e2g\u00e9es de 55 ans et plus.\",\"inLanguage\":\"fr-FR\",\"potentialAction\":[{\"@type\":\"ReadAction\",\"target\":[\"https:\/\/lyonbondyblog.fr\/LBB\/retraites-immigres-un-mepris-francais\/\"]}]},{\"@type\":\"ImageObject\",\"inLanguage\":\"fr-FR\",\"@id\":\"https:\/\/lyonbondyblog.fr\/LBB\/retraites-immigres-un-mepris-francais\/#primaryimage\",\"url\":\"https:\/\/lyonbondyblog.fr\/LBB\/wp-content\/uploads\/2018\/10\/OLIVIER_LOGO_F-ConvertImage-Copie-600x400.jpg\",\"contentUrl\":\"https:\/\/lyonbondyblog.fr\/LBB\/wp-content\/uploads\/2018\/10\/OLIVIER_LOGO_F-ConvertImage-Copie-600x400.jpg\",\"width\":600,\"height\":400},{\"@type\":\"WebSite\",\"@id\":\"https:\/\/lyonbondyblog.fr\/LBB\/#website\",\"url\":\"https:\/\/lyonbondyblog.fr\/LBB\/\",\"name\":\"Lyon Bondy Blog\",\"description\":\"\",\"publisher\":{\"@id\":\"https:\/\/lyonbondyblog.fr\/LBB\/#organization\"},\"potentialAction\":[{\"@type\":\"SearchAction\",\"target\":{\"@type\":\"EntryPoint\",\"urlTemplate\":\"https:\/\/lyonbondyblog.fr\/LBB\/?s={search_term_string}\"},\"query-input\":\"required name=search_term_string\"}],\"inLanguage\":\"fr-FR\"},{\"@type\":\"Organization\",\"@id\":\"https:\/\/lyonbondyblog.fr\/LBB\/#organization\",\"name\":\"LYON BONDY BLOG\",\"url\":\"https:\/\/lyonbondyblog.fr\/LBB\/\",\"logo\":{\"@type\":\"ImageObject\",\"inLanguage\":\"fr-FR\",\"@id\":\"https:\/\/lyonbondyblog.fr\/LBB\/#\/schema\/logo\/image\/\",\"url\":\"http:\/\/lyonbondyblog.fr\/LBB\/wp-content\/uploads\/2014\/10\/logo-portable-144.png\",\"contentUrl\":\"http:\/\/lyonbondyblog.fr\/LBB\/wp-content\/uploads\/2014\/10\/logo-portable-144.png\",\"width\":144,\"height\":123,\"caption\":\"LYON BONDY BLOG\"},\"image\":{\"@id\":\"https:\/\/lyonbondyblog.fr\/LBB\/#\/schema\/logo\/image\/\"},\"sameAs\":[\"https:\/\/www.facebook.com\/lyonbondyblog\",\"https:\/\/x.com\/bondybloglyon\"]},{\"@type\":\"Person\",\"@id\":\"https:\/\/lyonbondyblog.fr\/LBB\/#\/schema\/person\/6efc096be909f1122de1b82592e04e6e\",\"name\":\"Hugo Dervissoglou\",\"url\":\"https:\/\/lyonbondyblog.fr\/LBB\/author\/hugo_dervissoglou\/\"}]}<\/script>\n<!-- \/ Yoast SEO plugin. -->","yoast_head_json":{"title":"Retrait\u00e9s immigr\u00e9s : un m\u00e9pris fran\u00e7ais - Lyon Bondy Blog","description":"Cr\u00e9\u00e9e il y a 10 ans, l\u2019association l\u2019Olivier des Sages est sp\u00e9cialis\u00e9e dans l\u2019insertion sociale des personnes \u00e2g\u00e9es de 55 ans et plus.","robots":{"index":"index","follow":"follow","max-snippet":"max-snippet:-1","max-image-preview":"max-image-preview:large","max-video-preview":"max-video-preview:-1"},"canonical":"https:\/\/lyonbondyblog.fr\/LBB\/retraites-immigres-un-mepris-francais\/","og_locale":"fr_FR","og_type":"article","og_title":"Retrait\u00e9s immigr\u00e9s : un m\u00e9pris fran\u00e7ais - Lyon Bondy Blog","og_description":"Cr\u00e9\u00e9e il y a 10 ans, l\u2019association l\u2019Olivier des Sages est sp\u00e9cialis\u00e9e dans l\u2019insertion sociale des personnes \u00e2g\u00e9es de 55 ans et plus.","og_url":"https:\/\/lyonbondyblog.fr\/LBB\/retraites-immigres-un-mepris-francais\/","og_site_name":"Lyon Bondy Blog","article_publisher":"https:\/\/www.facebook.com\/lyonbondyblog","article_published_time":"2018-10-18T09:23:33+00:00","og_image":[{"width":600,"height":400,"url":"https:\/\/lyonbondyblog.fr\/LBB\/wp-content\/uploads\/2018\/10\/OLIVIER_LOGO_F-ConvertImage-Copie-600x400.jpg","type":"image\/jpeg"}],"author":"Hugo Dervissoglou","twitter_card":"summary_large_image","twitter_creator":"@bondybloglyon","twitter_site":"@bondybloglyon","schema":{"@context":"https:\/\/schema.org","@graph":[{"@type":"Article","@id":"https:\/\/lyonbondyblog.fr\/LBB\/retraites-immigres-un-mepris-francais\/#article","isPartOf":{"@id":"https:\/\/lyonbondyblog.fr\/LBB\/retraites-immigres-un-mepris-francais\/"},"author":{"name":"Hugo Dervissoglou","@id":"https:\/\/lyonbondyblog.fr\/LBB\/#\/schema\/person\/6efc096be909f1122de1b82592e04e6e"},"headline":"Retrait\u00e9s immigr\u00e9s : un m\u00e9pris fran\u00e7ais","datePublished":"2018-10-18T09:23:33+00:00","dateModified":"2018-10-18T09:23:33+00:00","mainEntityOfPage":{"@id":"https:\/\/lyonbondyblog.fr\/LBB\/retraites-immigres-un-mepris-francais\/"},"wordCount":803,"commentCount":0,"publisher":{"@id":"https:\/\/lyonbondyblog.fr\/LBB\/#organization"},"image":{"@id":"https:\/\/lyonbondyblog.fr\/LBB\/retraites-immigres-un-mepris-francais\/#primaryimage"},"thumbnailUrl":"https:\/\/lyonbondyblog.fr\/LBB\/wp-content\/uploads\/2018\/10\/OLIVIER_LOGO_F-ConvertImage-Copie-600x400.jpg","keywords":["lutte contre l'exclusion","lyon"],"articleSection":["Association","Politique","Soci\u00e9t\u00e9","Solidarit\u00e9"],"inLanguage":"fr-FR","potentialAction":[{"@type":"CommentAction","name":"Comment","target":["https:\/\/lyonbondyblog.fr\/LBB\/retraites-immigres-un-mepris-francais\/#respond"]}]},{"@type":"WebPage","@id":"https:\/\/lyonbondyblog.fr\/LBB\/retraites-immigres-un-mepris-francais\/","url":"https:\/\/lyonbondyblog.fr\/LBB\/retraites-immigres-un-mepris-francais\/","name":"Retrait\u00e9s immigr\u00e9s : un m\u00e9pris fran\u00e7ais - Lyon Bondy Blog","isPartOf":{"@id":"https:\/\/lyonbondyblog.fr\/LBB\/#website"},"primaryImageOfPage":{"@id":"https:\/\/lyonbondyblog.fr\/LBB\/retraites-immigres-un-mepris-francais\/#primaryimage"},"image":{"@id":"https:\/\/lyonbondyblog.fr\/LBB\/retraites-immigres-un-mepris-francais\/#primaryimage"},"thumbnailUrl":"https:\/\/lyonbondyblog.fr\/LBB\/wp-content\/uploads\/2018\/10\/OLIVIER_LOGO_F-ConvertImage-Copie-600x400.jpg","datePublished":"2018-10-18T09:23:33+00:00","dateModified":"2018-10-18T09:23:33+00:00","description":"Cr\u00e9\u00e9e il y a 10 ans, l\u2019association l\u2019Olivier des Sages est sp\u00e9cialis\u00e9e dans l\u2019insertion sociale des personnes \u00e2g\u00e9es de 55 ans et plus.","inLanguage":"fr-FR","potentialAction":[{"@type":"ReadAction","target":["https:\/\/lyonbondyblog.fr\/LBB\/retraites-immigres-un-mepris-francais\/"]}]},{"@type":"ImageObject","inLanguage":"fr-FR","@id":"https:\/\/lyonbondyblog.fr\/LBB\/retraites-immigres-un-mepris-francais\/#primaryimage","url":"https:\/\/lyonbondyblog.fr\/LBB\/wp-content\/uploads\/2018\/10\/OLIVIER_LOGO_F-ConvertImage-Copie-600x400.jpg","contentUrl":"https:\/\/lyonbondyblog.fr\/LBB\/wp-content\/uploads\/2018\/10\/OLIVIER_LOGO_F-ConvertImage-Copie-600x400.jpg","width":600,"height":400},{"@type":"WebSite","@id":"https:\/\/lyonbondyblog.fr\/LBB\/#website","url":"https:\/\/lyonbondyblog.fr\/LBB\/","name":"Lyon Bondy Blog","description":"","publisher":{"@id":"https:\/\/lyonbondyblog.fr\/LBB\/#organization"},"potentialAction":[{"@type":"SearchAction","target":{"@type":"EntryPoint","urlTemplate":"https:\/\/lyonbondyblog.fr\/LBB\/?s={search_term_string}"},"query-input":"required name=search_term_string"}],"inLanguage":"fr-FR"},{"@type":"Organization","@id":"https:\/\/lyonbondyblog.fr\/LBB\/#organization","name":"LYON BONDY BLOG","url":"https:\/\/lyonbondyblog.fr\/LBB\/","logo":{"@type":"ImageObject","inLanguage":"fr-FR","@id":"https:\/\/lyonbondyblog.fr\/LBB\/#\/schema\/logo\/image\/","url":"http:\/\/lyonbondyblog.fr\/LBB\/wp-content\/uploads\/2014\/10\/logo-portable-144.png","contentUrl":"http:\/\/lyonbondyblog.fr\/LBB\/wp-content\/uploads\/2014\/10\/logo-portable-144.png","width":144,"height":123,"caption":"LYON BONDY BLOG"},"image":{"@id":"https:\/\/lyonbondyblog.fr\/LBB\/#\/schema\/logo\/image\/"},"sameAs":["https:\/\/www.facebook.com\/lyonbondyblog","https:\/\/x.com\/bondybloglyon"]},{"@type":"Person","@id":"https:\/\/lyonbondyblog.fr\/LBB\/#\/schema\/person\/6efc096be909f1122de1b82592e04e6e","name":"Hugo Dervissoglou","url":"https:\/\/lyonbondyblog.fr\/LBB\/author\/hugo_dervissoglou\/"}]}},"_links":{"self":[{"href":"https:\/\/lyonbondyblog.fr\/LBB\/wp-json\/wp\/v2\/posts\/14517","targetHints":{"allow":["GET"]}}],"collection":[{"href":"https:\/\/lyonbondyblog.fr\/LBB\/wp-json\/wp\/v2\/posts"}],"about":[{"href":"https:\/\/lyonbondyblog.fr\/LBB\/wp-json\/wp\/v2\/types\/post"}],"author":[{"embeddable":true,"href":"https:\/\/lyonbondyblog.fr\/LBB\/wp-json\/wp\/v2\/users\/5729"}],"replies":[{"embeddable":true,"href":"https:\/\/lyonbondyblog.fr\/LBB\/wp-json\/wp\/v2\/comments?post=14517"}],"version-history":[{"count":1,"href":"https:\/\/lyonbondyblog.fr\/LBB\/wp-json\/wp\/v2\/posts\/14517\/revisions"}],"predecessor-version":[{"id":14520,"href":"https:\/\/lyonbondyblog.fr\/LBB\/wp-json\/wp\/v2\/posts\/14517\/revisions\/14520"}],"wp:featuredmedia":[{"embeddable":true,"href":"https:\/\/lyonbondyblog.fr\/LBB\/wp-json\/wp\/v2\/media\/14518"}],"wp:attachment":[{"href":"https:\/\/lyonbondyblog.fr\/LBB\/wp-json\/wp\/v2\/media?parent=14517"}],"wp:term":[{"taxonomy":"category","embeddable":true,"href":"https:\/\/lyonbondyblog.fr\/LBB\/wp-json\/wp\/v2\/categories?post=14517"},{"taxonomy":"post_tag","embeddable":true,"href":"https:\/\/lyonbondyblog.fr\/LBB\/wp-json\/wp\/v2\/tags?post=14517"}],"curies":[{"name":"wp","href":"https:\/\/api.w.org\/{rel}","templated":true}]}}