{"id":1447,"date":"2012-04-18T14:57:58","date_gmt":"2012-04-18T12:57:58","guid":{"rendered":"http:\/\/lyonbondyblog.fr\/LBB\/?p=1447"},"modified":"2013-07-25T15:05:37","modified_gmt":"2013-07-25T13:05:37","slug":"lassociatif-au-secours-de-la-politique-de-la-ville","status":"publish","type":"post","link":"https:\/\/lyonbondyblog.fr\/LBB\/lassociatif-au-secours-de-la-politique-de-la-ville\/","title":{"rendered":"L\u2019associatif au secours de la politique de la ville"},"content":{"rendered":"<p><strong>1998 nous semble loin. Ces temps de cohabitation furent riches en \u00e9v\u00e9nements. La gronde des ch\u00f4meurs trait\u00e9s \u00e0 la carotte mais surtout au b\u00e2ton par la Gauche plurielle men\u00e9e par Lionel Jospin, l\u2019affaire Elf, mais aussi l\u2019assassinat du pr\u00e9fet Erignac\u2026 Pourtant, cette ann\u00e9e \u00e9voque imm\u00e9diatement la victoire des bleus en coupe du monde et les images de liesses.<\/strong><\/p>\n<div><a title=\" -- Cliquez pour voir l'image en entier\" href=\"http:\/\/yahoo.lyon.bondyblog.fr\/images\/Sport_Jeunes_2__800x532_3.jpg\" target=\"_blank\"> <img loading=\"lazy\" decoding=\"async\" class=\"alignleft\" style=\"border: 0px none;\" alt=\" -- Cliquez pour voir l'image en entier\" src=\"http:\/\/yahoo.lyon.bondyblog.fr\/images\/Sport_Jeunes_2__800x532_3_t.jpg\" width=\"194\" height=\"129\" border=\"0\" \/> <\/a><\/div>\n<div>\u00a0La France red\u00e9couvrait sa diversit\u00e9 et la force que cela pouvait constituer. Le r\u00eave ne durera pas. La pr\u00e9sence du Front national au second tour de l\u2019\u00e9lection pr\u00e9sidentielle, la campagne calamiteuse de l\u2019\u00e9quipe de France \u00e0 la coupe du monde 2002 marqueront la fin de l\u2019\u00e9tat de gr\u00e2ce largement entam\u00e9s par le 11\/09\/2001 et une campagne \u00e9lectorale consacr\u00e9e \u00e0 \u00ab\u00a0l\u2019ins\u00e9curit\u00e9\u00a0\u00bb.<\/div>\n<p>Et pourtant, m\u00eame les plus rabat-joie s\u2019\u00e9taient mis \u00e0 esp\u00e9rer des lendemains meilleurs \u00e0 l\u2019issue de ces nuits estivales et glorieuses\u2026 Que reste -t-il de l\u2019esprit de 1998\u00a0? L\u2019un des effets pervers de cette victoire avait \u00e9t\u00e9 de rel\u00e9guer certaines populations dans les registres sportifs, esth\u00e9tiques\u2026 Pour d\u2019autres, ces \u00e9v\u00e9nements impulseraient des projets concrets \u00e9loign\u00e9s de l\u2019ang\u00e9lisme du tout multiculturel, rejetant une certaine conception de la politique de la ville consistant uniquement \u00e0 faire de nos quartiers des r\u00e9serves infinies de break dancers et de footballeurs\u2026 C\u2019est le cas de \u00ab\u00a0Sport dans la ville\u00a0\u00bb, une association reconnue d\u2019utilit\u00e9 publique et pr\u00e9sente depuis bient\u00f4t 15 ans dans nos quartiers.<\/p>\n<p><strong>Le respect de la r\u00e8gle du jeu \u2026<\/strong><\/p>\n<p>Cr\u00e9\u00e9e en 1998 par deux anciens \u00e9tudiants de EMLYON Business School, l\u2019association a pour vocation d\u2019agir dans les quartiers difficiles. Les fondateurs affichent clairement leurs intentions\u00a0: aider les enfants \u00e0 acqu\u00e9rir ou \u00e0 renforcer certains codes, certaines r\u00e8gles \u00e0 travers la pratique d\u2019un sport collectif. Le respect du r\u00e8glement est \u00e0 la base du contrat, de l\u2019engagement.<br \/>\nLes plus assidus, les plus disciplin\u00e9s des enfants se voient offrir la possibilit\u00e9 de participer \u00e0 des camps de vacances ou \u00e0 des programmes d\u2019\u00e9changes internationaux. Parall\u00e8lement \u00e0 cela, un volet insertion professionnelle doit permettre aux membres d\u2019acqu\u00e9rir une premi\u00e8re exp\u00e9rience en entreprise et de se constituer un r\u00e9seau. Les r\u00e9sultats sont encourageants et les jeunes sont de plus en plus nombreux sur les terrains de l\u2019association. Ils sont aujourd\u2019hui pr\u00e8s de 2800 jeunes \u00e2g\u00e9s de 7 \u00e0 20 ans, r\u00e9partis sur 20 sites Rh\u00f4ne Alpins.<\/p>\n<p><strong>Campus, le si\u00e8ge<\/strong><\/p>\n<p><a title=\"Zoom\" href=\"http:\/\/yahoo.lyon.bondyblog.fr\/images\/Campus_et_Campus_Pro__800x536_3.jpg\"><img loading=\"lazy\" decoding=\"async\" class=\"alignleft\" style=\"border: 0px none;\" alt=\"\" src=\"http:\/\/yahoo.lyon.bondyblog.fr\/images\/Campus_et_Campus_Pro__800x536_3_t.jpg\" width=\"193\" height=\"129\" border=\"0\" \/><\/a>En 2006, Sport dans la Ville inaugure son \u00ab\u00a0Campus\u00a0\u00bb : ce centre regroupe le si\u00e8ge de l\u2019association et ses salari\u00e9s, ainsi que des salles de formation pour les jeunes. Le site compte plusieurs terrains de football, de basketball et des vestiaires. Enfin, depuis 2011, une p\u00e9pini\u00e8re d\u2019entreprise appel\u00e9e \u00ab\u00a0Campus Pro\u00a0\u00bb a \u00e9galement vu le jour sur le site, en lien avec le programme Entrepreneurs dans la Ville.<\/p>\n<p><strong> Entrepreneurs dans la ville<\/strong><\/p>\n<p>Les bonnes id\u00e9es, le sens des affaires, la fibre commerciale sont des qualit\u00e9s qui n\u2019ont pas d\u2019origines ethniques ou sociales. De v\u00e9ritables success story sont n\u00e9es \u00ab\u00a0en zone urbaines sensibles\u00a0\u00bb.<\/p>\n<p>Souvenons nous des lignes de v\u00eatements \u00ab\u00a0Dia\u00a0\u00bb ou plus r\u00e9cemment d\u2019\u00a0\u00bbAirness\u00a0\u00bb. L\u2019association convaincue de l\u2019existence d\u2019un v\u00e9ritable potentiel prospecte dans les quartiers, \u00e0 la recherche d\u2019entrepreneurs chevronn\u00e9s. Apr\u00e8s entretien, les candidats retenus suivront un programme destin\u00e9 \u00e0 approfondir les connaissances th\u00e9oriques mais surtout pratiques li\u00e9es \u00e0 l\u2019entreprenariat. Le programme est anim\u00e9 par les professeurs et coachs de EMLYON Business School, partenaire de \u00ab\u00a0Sport dans la Ville\u00a0\u00bb, dans leurs locaux d\u2019Ecully. C\u2019est business plan en poche que le futur dirigeant abordera le concours qui sanctionne le programme. Cette \u00e9preuve marque la fin de la premi\u00e8re phase d\u2019Entrepreneurs dans la Ville.<\/p>\n<p>La seconde \u00e9tape est avant tout une phase d\u2019accompagnement. C\u2019est \u00e0 ce moment d\u00e9cisif de la cr\u00e9ation que le jeune candidat se voit proposer la possibilit\u00e9 d\u2019\u00eatre accueilli dans l\u2019incubateur de l\u2019association. Outre le coaching d\u2019un chef d\u2019entreprise et le conseil de nombreux professionnels, il est possible d\u2019int\u00e9grer un r\u00e9seau constitu\u00e9 par les membres des anciennes promotions. Depuis octobre 2010, cette \u00e9tape se d\u00e9roule dans les 600 m2 du Campus pro, b\u00e2timent enti\u00e8rement consacr\u00e9 \u00e0 l\u2019insertion professionnelle.<\/p>\n<p><a title=\"Zoom\" href=\"http:\/\/yahoo.lyon.bondyblog.fr\/images\/N8E3420__800x533_1.jpg\"><img loading=\"lazy\" decoding=\"async\" alt=\"\" src=\"http:\/\/yahoo.lyon.bondyblog.fr\/images\/N8E3420__800x533_1_t.jpg\" width=\"194\" height=\"129\" border=\"0\" \/><\/a><\/p>\n<p>Le co\u00fbt de la formation est estim\u00e9 \u00e0 9000 euros par candidat. L\u2019investissement est \u00e0 la hauteur des espoirs plac\u00e9s dans les diff\u00e9rentes promotions. Le responsable du programme, Olivier Maturin, ne cache pas son ambition: \u00ab\u00a0<i>arriver \u00e0 un taux de cr\u00e9ation de 50% et une p\u00e9rennit\u00e9 de 80% pour les soci\u00e9t\u00e9s lanc\u00e9es<\/i>\u00bb. Les entreprises cr\u00e9\u00e9es doivent \u00e9galement g\u00e9n\u00e9rer de l\u2019emploi. L\u2019une d\u2019entre elle, sp\u00e9cialis\u00e9e dans l\u2019assistance \u00e0 domicile compte d\u00e9j\u00e0 17 employ\u00e9s.<\/p>\n<p>L\u2019insertion professionnelle rev\u00eat une importance capitale pour Sport dans la ville. Les gar\u00e7ons mais aussi les filles peuvent \u00e0 la veille de leur parcours professionnel solliciter l\u2019association.<\/p>\n<p><strong>\u00ab\u00a0Job dans la Ville\u00a0\u00bb, \u00ab\u00a0L dans la Ville\u00a0\u00bb, \u00ab\u00a0l\u2019Apprentibus\u00a0\u00bb&#8230;<\/strong><\/p>\n<p>Accessible \u00e0 partir de 14 ans, Job dans la ville propose une s\u00e9rie d\u2019ateliers destin\u00e9s \u00e0 aider les jeunes adh\u00e9rents dans leurs futures recherches d\u2019emplois. Cr\u00e9ation de CV, travail sur l\u2019\u00e9locution en vue d\u2019entretiens, le programme est aussi une formidable vitrine pour ces jeunes. Ces derniers peuvent partir en immersion dans les entreprises partenaires et compter sur le soutien de nombreux parrains. L\u2019association ne s\u2019adresse pas seulement aux gar\u00e7ons, \u00e0 priori plus r\u00e9ceptifs au volet sportif, les filles peuvent profiter des m\u00eames activit\u00e9s \u00e0 travers le programme \u00ab\u00a0L dans la ville\u00a0\u00bb.<\/p>\n<p>Enfin, \u00ab\u00a0l\u2019Apprentibus\u00a0\u00bb est sans doute l\u2019un des programmes les plus int\u00e9ressants de Sport dans la Ville. S\u2019adressant \u00e0 un public plus jeune, cette activit\u00e9 marque une volont\u00e9 de travail \u00e0 long terme. L\u2019Apprentibus est une petite salle de classe mobile. Le bus fait \u00e9tape dans un quartier diff\u00e9rent chaque soir. Au programme des r\u00e9jouissances\u00a0: lire et travailler sa diction.<\/p>\n<p>Sport dans la ville d\u00e9montre avec une r\u00e9ussite certaine qu\u2019une d\u00e9marche associative peut avoir une plus grande port\u00e9e, une plus grande efficacit\u00e9 qu\u2019un engagement politique. En plus de ringardiser une conception traditionnelle de la politique de ville, r\u00e9glant \u00e0 grand coup de distractions tous les probl\u00e8mes des zones sensibles, elle offre une chance concr\u00e8te \u00e0 des jeunes, volontaires et d\u00e9cid\u00e9s \u00e0 s\u2019en sortir.<\/p>\n<!-- AddThis Advanced Settings generic via filter on the_content --><!-- AddThis Share Buttons generic via filter on the_content -->","protected":false},"excerpt":{"rendered":"<p>1998 nous semble loin. Ces temps de cohabitation furent riches en \u00e9v\u00e9nements. La gronde des ch\u00f4meurs trait\u00e9s \u00e0 la carotte mais surtout au b\u00e2ton par &hellip; <!-- AddThis Advanced Settings generic via filter on wp_trim_excerpt --><!-- AddThis Share Buttons generic via filter on wp_trim_excerpt --><\/p>\n","protected":false},"author":19,"featured_media":1456,"comment_status":"open","ping_status":"open","sticky":false,"template":"","format":"standard","meta":{"_FSMCFIC_featured_image_caption":"","_FSMCFIC_featured_image_nocaption":"","_FSMCFIC_featured_image_hide":"","footnotes":""},"categories":[4],"tags":[10,112],"class_list":["post-1447","post","type-post","status-publish","format-standard","has-post-thumbnail","hentry","category-lyon","tag-lyon-2","tag-lyon-bondy-blog"],"yoast_head":"<!-- This site is optimized with the Yoast SEO plugin v22.8 - https:\/\/yoast.com\/wordpress\/plugins\/seo\/ -->\n<title>L\u2019associatif au secours de la politique de la ville - Lyon Bondy Blog<\/title>\n<meta name=\"robots\" content=\"index, follow, max-snippet:-1, max-image-preview:large, max-video-preview:-1\" \/>\n<link rel=\"canonical\" href=\"https:\/\/lyonbondyblog.fr\/LBB\/lassociatif-au-secours-de-la-politique-de-la-ville\/\" \/>\n<meta property=\"og:locale\" content=\"fr_FR\" \/>\n<meta property=\"og:type\" content=\"article\" \/>\n<meta property=\"og:title\" content=\"L\u2019associatif au secours de la politique de la ville - Lyon Bondy Blog\" \/>\n<meta property=\"og:description\" content=\"1998 nous semble loin. Ces temps de cohabitation furent riches en \u00e9v\u00e9nements. La gronde des ch\u00f4meurs trait\u00e9s \u00e0 la carotte mais surtout au b\u00e2ton par &hellip;\" \/>\n<meta property=\"og:url\" content=\"https:\/\/lyonbondyblog.fr\/LBB\/lassociatif-au-secours-de-la-politique-de-la-ville\/\" \/>\n<meta property=\"og:site_name\" content=\"Lyon Bondy Blog\" \/>\n<meta property=\"article:publisher\" content=\"https:\/\/www.facebook.com\/lyonbondyblog\" \/>\n<meta property=\"article:published_time\" content=\"2012-04-18T12:57:58+00:00\" \/>\n<meta property=\"article:modified_time\" content=\"2013-07-25T13:05:37+00:00\" \/>\n<meta property=\"og:image\" content=\"https:\/\/lyonbondyblog.fr\/LBB\/wp-content\/uploads\/2013\/07\/Sport_Jeunes_2__800x532_3_t.jpg\" \/>\n\t<meta property=\"og:image:width\" content=\"194\" \/>\n\t<meta property=\"og:image:height\" content=\"129\" \/>\n\t<meta property=\"og:image:type\" content=\"image\/jpeg\" \/>\n<meta name=\"author\" content=\"Nacer Nemer\" \/>\n<meta name=\"twitter:card\" content=\"summary_large_image\" \/>\n<meta name=\"twitter:creator\" content=\"@bondybloglyon\" \/>\n<meta name=\"twitter:site\" content=\"@bondybloglyon\" \/>\n<script type=\"application\/ld+json\" class=\"yoast-schema-graph\">{\"@context\":\"https:\/\/schema.org\",\"@graph\":[{\"@type\":\"Article\",\"@id\":\"https:\/\/lyonbondyblog.fr\/LBB\/lassociatif-au-secours-de-la-politique-de-la-ville\/#article\",\"isPartOf\":{\"@id\":\"https:\/\/lyonbondyblog.fr\/LBB\/lassociatif-au-secours-de-la-politique-de-la-ville\/\"},\"author\":{\"name\":\"Nacer Nemer\",\"@id\":\"https:\/\/lyonbondyblog.fr\/LBB\/#\/schema\/person\/355ab75cedcb4660fd4bab5fc227ebf6\"},\"headline\":\"L\u2019associatif au secours de la politique de la ville\",\"datePublished\":\"2012-04-18T12:57:58+00:00\",\"dateModified\":\"2013-07-25T13:05:37+00:00\",\"mainEntityOfPage\":{\"@id\":\"https:\/\/lyonbondyblog.fr\/LBB\/lassociatif-au-secours-de-la-politique-de-la-ville\/\"},\"wordCount\":1103,\"commentCount\":0,\"publisher\":{\"@id\":\"https:\/\/lyonbondyblog.fr\/LBB\/#organization\"},\"image\":{\"@id\":\"https:\/\/lyonbondyblog.fr\/LBB\/lassociatif-au-secours-de-la-politique-de-la-ville\/#primaryimage\"},\"thumbnailUrl\":\"https:\/\/lyonbondyblog.fr\/LBB\/wp-content\/uploads\/2013\/07\/Sport_Jeunes_2__800x532_3_t.jpg\",\"keywords\":[\"lyon\",\"Lyon Bondy Blog\"],\"articleSection\":[\"Lyon\"],\"inLanguage\":\"fr-FR\",\"potentialAction\":[{\"@type\":\"CommentAction\",\"name\":\"Comment\",\"target\":[\"https:\/\/lyonbondyblog.fr\/LBB\/lassociatif-au-secours-de-la-politique-de-la-ville\/#respond\"]}]},{\"@type\":\"WebPage\",\"@id\":\"https:\/\/lyonbondyblog.fr\/LBB\/lassociatif-au-secours-de-la-politique-de-la-ville\/\",\"url\":\"https:\/\/lyonbondyblog.fr\/LBB\/lassociatif-au-secours-de-la-politique-de-la-ville\/\",\"name\":\"L\u2019associatif au secours de la politique de la ville - Lyon Bondy Blog\",\"isPartOf\":{\"@id\":\"https:\/\/lyonbondyblog.fr\/LBB\/#website\"},\"primaryImageOfPage\":{\"@id\":\"https:\/\/lyonbondyblog.fr\/LBB\/lassociatif-au-secours-de-la-politique-de-la-ville\/#primaryimage\"},\"image\":{\"@id\":\"https:\/\/lyonbondyblog.fr\/LBB\/lassociatif-au-secours-de-la-politique-de-la-ville\/#primaryimage\"},\"thumbnailUrl\":\"https:\/\/lyonbondyblog.fr\/LBB\/wp-content\/uploads\/2013\/07\/Sport_Jeunes_2__800x532_3_t.jpg\",\"datePublished\":\"2012-04-18T12:57:58+00:00\",\"dateModified\":\"2013-07-25T13:05:37+00:00\",\"inLanguage\":\"fr-FR\",\"potentialAction\":[{\"@type\":\"ReadAction\",\"target\":[\"https:\/\/lyonbondyblog.fr\/LBB\/lassociatif-au-secours-de-la-politique-de-la-ville\/\"]}]},{\"@type\":\"ImageObject\",\"inLanguage\":\"fr-FR\",\"@id\":\"https:\/\/lyonbondyblog.fr\/LBB\/lassociatif-au-secours-de-la-politique-de-la-ville\/#primaryimage\",\"url\":\"https:\/\/lyonbondyblog.fr\/LBB\/wp-content\/uploads\/2013\/07\/Sport_Jeunes_2__800x532_3_t.jpg\",\"contentUrl\":\"https:\/\/lyonbondyblog.fr\/LBB\/wp-content\/uploads\/2013\/07\/Sport_Jeunes_2__800x532_3_t.jpg\",\"width\":194,\"height\":129},{\"@type\":\"WebSite\",\"@id\":\"https:\/\/lyonbondyblog.fr\/LBB\/#website\",\"url\":\"https:\/\/lyonbondyblog.fr\/LBB\/\",\"name\":\"Lyon Bondy Blog\",\"description\":\"\",\"publisher\":{\"@id\":\"https:\/\/lyonbondyblog.fr\/LBB\/#organization\"},\"potentialAction\":[{\"@type\":\"SearchAction\",\"target\":{\"@type\":\"EntryPoint\",\"urlTemplate\":\"https:\/\/lyonbondyblog.fr\/LBB\/?s={search_term_string}\"},\"query-input\":\"required name=search_term_string\"}],\"inLanguage\":\"fr-FR\"},{\"@type\":\"Organization\",\"@id\":\"https:\/\/lyonbondyblog.fr\/LBB\/#organization\",\"name\":\"LYON BONDY BLOG\",\"url\":\"https:\/\/lyonbondyblog.fr\/LBB\/\",\"logo\":{\"@type\":\"ImageObject\",\"inLanguage\":\"fr-FR\",\"@id\":\"https:\/\/lyonbondyblog.fr\/LBB\/#\/schema\/logo\/image\/\",\"url\":\"http:\/\/lyonbondyblog.fr\/LBB\/wp-content\/uploads\/2014\/10\/logo-portable-144.png\",\"contentUrl\":\"http:\/\/lyonbondyblog.fr\/LBB\/wp-content\/uploads\/2014\/10\/logo-portable-144.png\",\"width\":144,\"height\":123,\"caption\":\"LYON BONDY BLOG\"},\"image\":{\"@id\":\"https:\/\/lyonbondyblog.fr\/LBB\/#\/schema\/logo\/image\/\"},\"sameAs\":[\"https:\/\/www.facebook.com\/lyonbondyblog\",\"https:\/\/x.com\/bondybloglyon\"]},{\"@type\":\"Person\",\"@id\":\"https:\/\/lyonbondyblog.fr\/LBB\/#\/schema\/person\/355ab75cedcb4660fd4bab5fc227ebf6\",\"name\":\"Nacer Nemer\",\"url\":\"https:\/\/lyonbondyblog.fr\/LBB\/author\/nacer\/\"}]}<\/script>\n<!-- \/ Yoast SEO plugin. -->","yoast_head_json":{"title":"L\u2019associatif au secours de la politique de la ville - Lyon Bondy Blog","robots":{"index":"index","follow":"follow","max-snippet":"max-snippet:-1","max-image-preview":"max-image-preview:large","max-video-preview":"max-video-preview:-1"},"canonical":"https:\/\/lyonbondyblog.fr\/LBB\/lassociatif-au-secours-de-la-politique-de-la-ville\/","og_locale":"fr_FR","og_type":"article","og_title":"L\u2019associatif au secours de la politique de la ville - Lyon Bondy Blog","og_description":"1998 nous semble loin. Ces temps de cohabitation furent riches en \u00e9v\u00e9nements. La gronde des ch\u00f4meurs trait\u00e9s \u00e0 la carotte mais surtout au b\u00e2ton par &hellip;","og_url":"https:\/\/lyonbondyblog.fr\/LBB\/lassociatif-au-secours-de-la-politique-de-la-ville\/","og_site_name":"Lyon Bondy Blog","article_publisher":"https:\/\/www.facebook.com\/lyonbondyblog","article_published_time":"2012-04-18T12:57:58+00:00","article_modified_time":"2013-07-25T13:05:37+00:00","og_image":[{"width":194,"height":129,"url":"https:\/\/lyonbondyblog.fr\/LBB\/wp-content\/uploads\/2013\/07\/Sport_Jeunes_2__800x532_3_t.jpg","type":"image\/jpeg"}],"author":"Nacer Nemer","twitter_card":"summary_large_image","twitter_creator":"@bondybloglyon","twitter_site":"@bondybloglyon","schema":{"@context":"https:\/\/schema.org","@graph":[{"@type":"Article","@id":"https:\/\/lyonbondyblog.fr\/LBB\/lassociatif-au-secours-de-la-politique-de-la-ville\/#article","isPartOf":{"@id":"https:\/\/lyonbondyblog.fr\/LBB\/lassociatif-au-secours-de-la-politique-de-la-ville\/"},"author":{"name":"Nacer Nemer","@id":"https:\/\/lyonbondyblog.fr\/LBB\/#\/schema\/person\/355ab75cedcb4660fd4bab5fc227ebf6"},"headline":"L\u2019associatif au secours de la politique de la ville","datePublished":"2012-04-18T12:57:58+00:00","dateModified":"2013-07-25T13:05:37+00:00","mainEntityOfPage":{"@id":"https:\/\/lyonbondyblog.fr\/LBB\/lassociatif-au-secours-de-la-politique-de-la-ville\/"},"wordCount":1103,"commentCount":0,"publisher":{"@id":"https:\/\/lyonbondyblog.fr\/LBB\/#organization"},"image":{"@id":"https:\/\/lyonbondyblog.fr\/LBB\/lassociatif-au-secours-de-la-politique-de-la-ville\/#primaryimage"},"thumbnailUrl":"https:\/\/lyonbondyblog.fr\/LBB\/wp-content\/uploads\/2013\/07\/Sport_Jeunes_2__800x532_3_t.jpg","keywords":["lyon","Lyon Bondy Blog"],"articleSection":["Lyon"],"inLanguage":"fr-FR","potentialAction":[{"@type":"CommentAction","name":"Comment","target":["https:\/\/lyonbondyblog.fr\/LBB\/lassociatif-au-secours-de-la-politique-de-la-ville\/#respond"]}]},{"@type":"WebPage","@id":"https:\/\/lyonbondyblog.fr\/LBB\/lassociatif-au-secours-de-la-politique-de-la-ville\/","url":"https:\/\/lyonbondyblog.fr\/LBB\/lassociatif-au-secours-de-la-politique-de-la-ville\/","name":"L\u2019associatif au secours de la politique de la ville - Lyon Bondy Blog","isPartOf":{"@id":"https:\/\/lyonbondyblog.fr\/LBB\/#website"},"primaryImageOfPage":{"@id":"https:\/\/lyonbondyblog.fr\/LBB\/lassociatif-au-secours-de-la-politique-de-la-ville\/#primaryimage"},"image":{"@id":"https:\/\/lyonbondyblog.fr\/LBB\/lassociatif-au-secours-de-la-politique-de-la-ville\/#primaryimage"},"thumbnailUrl":"https:\/\/lyonbondyblog.fr\/LBB\/wp-content\/uploads\/2013\/07\/Sport_Jeunes_2__800x532_3_t.jpg","datePublished":"2012-04-18T12:57:58+00:00","dateModified":"2013-07-25T13:05:37+00:00","inLanguage":"fr-FR","potentialAction":[{"@type":"ReadAction","target":["https:\/\/lyonbondyblog.fr\/LBB\/lassociatif-au-secours-de-la-politique-de-la-ville\/"]}]},{"@type":"ImageObject","inLanguage":"fr-FR","@id":"https:\/\/lyonbondyblog.fr\/LBB\/lassociatif-au-secours-de-la-politique-de-la-ville\/#primaryimage","url":"https:\/\/lyonbondyblog.fr\/LBB\/wp-content\/uploads\/2013\/07\/Sport_Jeunes_2__800x532_3_t.jpg","contentUrl":"https:\/\/lyonbondyblog.fr\/LBB\/wp-content\/uploads\/2013\/07\/Sport_Jeunes_2__800x532_3_t.jpg","width":194,"height":129},{"@type":"WebSite","@id":"https:\/\/lyonbondyblog.fr\/LBB\/#website","url":"https:\/\/lyonbondyblog.fr\/LBB\/","name":"Lyon Bondy Blog","description":"","publisher":{"@id":"https:\/\/lyonbondyblog.fr\/LBB\/#organization"},"potentialAction":[{"@type":"SearchAction","target":{"@type":"EntryPoint","urlTemplate":"https:\/\/lyonbondyblog.fr\/LBB\/?s={search_term_string}"},"query-input":"required name=search_term_string"}],"inLanguage":"fr-FR"},{"@type":"Organization","@id":"https:\/\/lyonbondyblog.fr\/LBB\/#organization","name":"LYON BONDY BLOG","url":"https:\/\/lyonbondyblog.fr\/LBB\/","logo":{"@type":"ImageObject","inLanguage":"fr-FR","@id":"https:\/\/lyonbondyblog.fr\/LBB\/#\/schema\/logo\/image\/","url":"http:\/\/lyonbondyblog.fr\/LBB\/wp-content\/uploads\/2014\/10\/logo-portable-144.png","contentUrl":"http:\/\/lyonbondyblog.fr\/LBB\/wp-content\/uploads\/2014\/10\/logo-portable-144.png","width":144,"height":123,"caption":"LYON BONDY BLOG"},"image":{"@id":"https:\/\/lyonbondyblog.fr\/LBB\/#\/schema\/logo\/image\/"},"sameAs":["https:\/\/www.facebook.com\/lyonbondyblog","https:\/\/x.com\/bondybloglyon"]},{"@type":"Person","@id":"https:\/\/lyonbondyblog.fr\/LBB\/#\/schema\/person\/355ab75cedcb4660fd4bab5fc227ebf6","name":"Nacer Nemer","url":"https:\/\/lyonbondyblog.fr\/LBB\/author\/nacer\/"}]}},"_links":{"self":[{"href":"https:\/\/lyonbondyblog.fr\/LBB\/wp-json\/wp\/v2\/posts\/1447","targetHints":{"allow":["GET"]}}],"collection":[{"href":"https:\/\/lyonbondyblog.fr\/LBB\/wp-json\/wp\/v2\/posts"}],"about":[{"href":"https:\/\/lyonbondyblog.fr\/LBB\/wp-json\/wp\/v2\/types\/post"}],"author":[{"embeddable":true,"href":"https:\/\/lyonbondyblog.fr\/LBB\/wp-json\/wp\/v2\/users\/19"}],"replies":[{"embeddable":true,"href":"https:\/\/lyonbondyblog.fr\/LBB\/wp-json\/wp\/v2\/comments?post=1447"}],"version-history":[{"count":0,"href":"https:\/\/lyonbondyblog.fr\/LBB\/wp-json\/wp\/v2\/posts\/1447\/revisions"}],"wp:featuredmedia":[{"embeddable":true,"href":"https:\/\/lyonbondyblog.fr\/LBB\/wp-json\/wp\/v2\/media\/1456"}],"wp:attachment":[{"href":"https:\/\/lyonbondyblog.fr\/LBB\/wp-json\/wp\/v2\/media?parent=1447"}],"wp:term":[{"taxonomy":"category","embeddable":true,"href":"https:\/\/lyonbondyblog.fr\/LBB\/wp-json\/wp\/v2\/categories?post=1447"},{"taxonomy":"post_tag","embeddable":true,"href":"https:\/\/lyonbondyblog.fr\/LBB\/wp-json\/wp\/v2\/tags?post=1447"}],"curies":[{"name":"wp","href":"https:\/\/api.w.org\/{rel}","templated":true}]}}