{"id":14388,"date":"2018-10-08T19:12:06","date_gmt":"2018-10-08T17:12:06","guid":{"rendered":"http:\/\/lyonbondyblog.fr\/LBB\/?p=14388"},"modified":"2018-10-09T10:50:47","modified_gmt":"2018-10-09T08:50:47","slug":"le-college-du-tonkin-en-greve","status":"publish","type":"post","link":"https:\/\/lyonbondyblog.fr\/LBB\/le-college-du-tonkin-en-greve\/","title":{"rendered":"Le coll\u00e8ge du Tonkin en gr\u00e8ve"},"content":{"rendered":"<p>Le personnel du coll\u00e8ge du Tonkin protestait ce lundi devant le rectorat lyonnais contre ses refus face \u00e0 la demande d&rsquo;augmentation des moyens de l&rsquo;\u00e9tablissement. Devant travailler avec 29 \u00e9l\u00e8ves par classe, dont certains sont handicap\u00e9s ou ne parlant pas fran\u00e7ais, les enseignants r\u00e9clament entre autres l&rsquo;ouverture d&rsquo;une nouvelle classe de 6\u00e8me et l&rsquo;int\u00e9gration d&rsquo;un nouvel AVS (Auxilliaire de Vie Scolaire). Tandis que 30 des 39 enseignants du coll\u00e8ge \u00e9taient en gr\u00e8ve pour cette premi\u00e8re journ\u00e9e, la mobilisation sera maintenue mardi. Un vote aura alors lieu lors d&rsquo;une assembl\u00e9e g\u00e9n\u00e9rale afin de d\u00e9cider de la prolongation ou non de la gr\u00e8ve.<\/p>\n<p>&nbsp;<\/p>\n<p>Sylvie Orkisz, enseignante, exprime ses revendications au Lyon Bondy Blog :<\/p>\n<div id=\"mp3jWrap_0\" class=\"mjp-s-wrapper s-graphic unsel-mjp \" style=\"font-size:18px;\"><span id=\"playpause_wrap_mp3j_0\" class=\"wrap_inline_mp3j\" style=\"font-weight:700;\"><span class=\"gfxbutton_mp3j play-mjp\" id=\"playpause_mp3j_0\" style=\"font-size:18px;\">&nbsp;&nbsp;&nbsp;&nbsp;&nbsp;<\/span>&nbsp;<span class=\"group_wrap\"><span class=\"bars_mp3j\"><span class=\"loadB_mp3j\" id=\"load_mp3j_0\"><\/span><span class=\"posbarB_mp3j\" id=\"posbar_mp3j_0\"><\/span><\/span><span class=\"T_mp3j\" id=\"T_mp3j_0\" style=\"font-size:18px;\">son_ableton_greve_college_tonkin<\/span><span class=\"indi_mp3j\" style=\"font-size:12.6px;\" id=\"statusMI_0\"><\/span><\/span><span class=\"vol_mp3j flipped\" id=\"vol_mp3j_0\"><\/span><\/span><\/div><span class=\"s-nosolution\" id=\"mp3j_nosolution_0\" style=\"display:none;\"><\/span><script>\nMP3jPLAYLISTS.inline_0 = [\n\t{ name: \"son_ableton_greve_college_tonkin\", formats: [\"mp3\"], mp3: \"aHR0cHM6Ly9seW9uYm9uZHlibG9nLmZyL0xCQi93cC1jb250ZW50L3VwbG9hZHMvMjAxOC8xMC9zb25fYWJsZXRvbl9ncmV2ZV9jb2xsZWdlX3Rvbmtpbi5tcDM=\", counterpart:\"\", artist: \"\", image: \"\", imgurl: \"\" }\n];\n<\/script>\n\n<script>MP3jPLAYERS[0] = { list: MP3jPLAYLISTS.inline_0, tr:0, type:'single', lstate:'', loop:false, play_txt:'&nbsp;&nbsp;&nbsp;&nbsp;&nbsp;', pause_txt:'&nbsp;&nbsp;&nbsp;&nbsp;&nbsp;', pp_title:'', autoplay:false, download:false, vol:85, height:'' };<\/script>\n<figure id=\"attachment_14390\" aria-describedby=\"caption-attachment-14390\" style=\"width: 1024px\" class=\"wp-caption aligncenter\"><a href=\"https:\/\/lyonbondyblog.fr\/LBB\/wp-content\/uploads\/2018\/10\/20181008_135122_gimp.jpg\"><img loading=\"lazy\" decoding=\"async\" class=\"size-large wp-image-14390\" src=\"https:\/\/lyonbondyblog.fr\/LBB\/wp-content\/uploads\/2018\/10\/20181008_135122_gimp-1024x645.jpg\" alt=\"\" width=\"1024\" height=\"645\" srcset=\"https:\/\/lyonbondyblog.fr\/LBB\/wp-content\/uploads\/2018\/10\/20181008_135122_gimp-1024x645.jpg 1024w, https:\/\/lyonbondyblog.fr\/LBB\/wp-content\/uploads\/2018\/10\/20181008_135122_gimp-300x189.jpg 300w, https:\/\/lyonbondyblog.fr\/LBB\/wp-content\/uploads\/2018\/10\/20181008_135122_gimp-768x484.jpg 768w, https:\/\/lyonbondyblog.fr\/LBB\/wp-content\/uploads\/2018\/10\/20181008_135122_gimp-600x378.jpg 600w\" sizes=\"auto, (max-width: 1024px) 100vw, 1024px\" \/><\/a><figcaption id=\"caption-attachment-14390\" class=\"wp-caption-text\">Le personnel du coll\u00e8ge du Tonkin est venu s&rsquo;exprimer devant le rectorat lyonnais. Cr\u00e9dit photo : Camille Rouet \/ Lyon Bondy Blog<\/figcaption><\/figure>\n<!-- AddThis Advanced Settings generic via filter on the_content --><!-- AddThis Share Buttons generic via filter on the_content -->","protected":false},"excerpt":{"rendered":"<p>Le personnel du coll\u00e8ge du Tonkin protestait ce lundi devant le rectorat lyonnais contre ses refus face \u00e0 la demande d&rsquo;augmentation des moyens de l&rsquo;\u00e9tablissement. &hellip; <!-- AddThis Advanced Settings generic via filter on wp_trim_excerpt --><!-- AddThis Share Buttons generic via filter on wp_trim_excerpt --><\/p>\n","protected":false},"author":8901,"featured_media":14390,"comment_status":"open","ping_status":"open","sticky":false,"template":"","format":"standard","meta":{"_FSMCFIC_featured_image_caption":"","_FSMCFIC_featured_image_nocaption":"","_FSMCFIC_featured_image_hide":"","footnotes":""},"categories":[3517,4,6447,2],"tags":[],"class_list":["post-14388","post","type-post","status-publish","format-standard","has-post-thumbnail","hentry","category-education","category-lyon","category-manifestations","category-societe"],"yoast_head":"<!-- This site is optimized with the Yoast SEO plugin v22.8 - https:\/\/yoast.com\/wordpress\/plugins\/seo\/ -->\n<title>Le coll\u00e8ge du Tonkin en gr\u00e8ve - Lyon Bondy Blog<\/title>\n<meta name=\"robots\" content=\"index, follow, max-snippet:-1, max-image-preview:large, max-video-preview:-1\" \/>\n<link rel=\"canonical\" href=\"https:\/\/lyonbondyblog.fr\/LBB\/le-college-du-tonkin-en-greve\/\" \/>\n<meta property=\"og:locale\" content=\"fr_FR\" \/>\n<meta property=\"og:type\" content=\"article\" \/>\n<meta property=\"og:title\" content=\"Le coll\u00e8ge du Tonkin en gr\u00e8ve - Lyon Bondy Blog\" \/>\n<meta property=\"og:description\" content=\"Le personnel du coll\u00e8ge du Tonkin protestait ce lundi devant le rectorat lyonnais contre ses refus face \u00e0 la demande d&rsquo;augmentation des moyens de l&rsquo;\u00e9tablissement. &hellip;\" \/>\n<meta property=\"og:url\" content=\"https:\/\/lyonbondyblog.fr\/LBB\/le-college-du-tonkin-en-greve\/\" \/>\n<meta property=\"og:site_name\" content=\"Lyon Bondy Blog\" \/>\n<meta property=\"article:publisher\" content=\"https:\/\/www.facebook.com\/lyonbondyblog\" \/>\n<meta property=\"article:published_time\" content=\"2018-10-08T17:12:06+00:00\" \/>\n<meta property=\"article:modified_time\" content=\"2018-10-09T08:50:47+00:00\" \/>\n<meta property=\"og:image\" content=\"https:\/\/lyonbondyblog.fr\/LBB\/wp-content\/uploads\/2018\/10\/20181008_135122_gimp-1024x645.jpg\" \/>\n\t<meta property=\"og:image:width\" content=\"1024\" \/>\n\t<meta property=\"og:image:height\" content=\"645\" \/>\n\t<meta property=\"og:image:type\" content=\"image\/jpeg\" \/>\n<meta name=\"author\" content=\"Camille Rouet\" \/>\n<meta name=\"twitter:card\" content=\"summary_large_image\" \/>\n<meta name=\"twitter:creator\" content=\"@bondybloglyon\" \/>\n<meta name=\"twitter:site\" content=\"@bondybloglyon\" \/>\n<script type=\"application\/ld+json\" class=\"yoast-schema-graph\">{\"@context\":\"https:\/\/schema.org\",\"@graph\":[{\"@type\":\"Article\",\"@id\":\"https:\/\/lyonbondyblog.fr\/LBB\/le-college-du-tonkin-en-greve\/#article\",\"isPartOf\":{\"@id\":\"https:\/\/lyonbondyblog.fr\/LBB\/le-college-du-tonkin-en-greve\/\"},\"author\":{\"name\":\"Camille Rouet\",\"@id\":\"https:\/\/lyonbondyblog.fr\/LBB\/#\/schema\/person\/135a5949d1de93ea3de6a2dffe317bcc\"},\"headline\":\"Le coll\u00e8ge du Tonkin en gr\u00e8ve\",\"datePublished\":\"2018-10-08T17:12:06+00:00\",\"dateModified\":\"2018-10-09T08:50:47+00:00\",\"mainEntityOfPage\":{\"@id\":\"https:\/\/lyonbondyblog.fr\/LBB\/le-college-du-tonkin-en-greve\/\"},\"wordCount\":176,\"commentCount\":1,\"publisher\":{\"@id\":\"https:\/\/lyonbondyblog.fr\/LBB\/#organization\"},\"image\":{\"@id\":\"https:\/\/lyonbondyblog.fr\/LBB\/le-college-du-tonkin-en-greve\/#primaryimage\"},\"thumbnailUrl\":\"https:\/\/lyonbondyblog.fr\/LBB\/wp-content\/uploads\/2018\/10\/20181008_135122_gimp.jpg\",\"articleSection\":[\"Education\",\"Lyon\",\"Manifestations\",\"Soci\u00e9t\u00e9\"],\"inLanguage\":\"fr-FR\",\"potentialAction\":[{\"@type\":\"CommentAction\",\"name\":\"Comment\",\"target\":[\"https:\/\/lyonbondyblog.fr\/LBB\/le-college-du-tonkin-en-greve\/#respond\"]}]},{\"@type\":\"WebPage\",\"@id\":\"https:\/\/lyonbondyblog.fr\/LBB\/le-college-du-tonkin-en-greve\/\",\"url\":\"https:\/\/lyonbondyblog.fr\/LBB\/le-college-du-tonkin-en-greve\/\",\"name\":\"Le coll\u00e8ge du Tonkin en gr\u00e8ve - Lyon Bondy Blog\",\"isPartOf\":{\"@id\":\"https:\/\/lyonbondyblog.fr\/LBB\/#website\"},\"primaryImageOfPage\":{\"@id\":\"https:\/\/lyonbondyblog.fr\/LBB\/le-college-du-tonkin-en-greve\/#primaryimage\"},\"image\":{\"@id\":\"https:\/\/lyonbondyblog.fr\/LBB\/le-college-du-tonkin-en-greve\/#primaryimage\"},\"thumbnailUrl\":\"https:\/\/lyonbondyblog.fr\/LBB\/wp-content\/uploads\/2018\/10\/20181008_135122_gimp.jpg\",\"datePublished\":\"2018-10-08T17:12:06+00:00\",\"dateModified\":\"2018-10-09T08:50:47+00:00\",\"inLanguage\":\"fr-FR\",\"potentialAction\":[{\"@type\":\"ReadAction\",\"target\":[\"https:\/\/lyonbondyblog.fr\/LBB\/le-college-du-tonkin-en-greve\/\"]}]},{\"@type\":\"ImageObject\",\"inLanguage\":\"fr-FR\",\"@id\":\"https:\/\/lyonbondyblog.fr\/LBB\/le-college-du-tonkin-en-greve\/#primaryimage\",\"url\":\"https:\/\/lyonbondyblog.fr\/LBB\/wp-content\/uploads\/2018\/10\/20181008_135122_gimp.jpg\",\"contentUrl\":\"https:\/\/lyonbondyblog.fr\/LBB\/wp-content\/uploads\/2018\/10\/20181008_135122_gimp.jpg\",\"width\":2916,\"height\":1836,\"caption\":\"Les enseignants du coll\u00e8ge du Tonkin sont venus faire faire du bruit devant le rectorat lyonnais\"},{\"@type\":\"WebSite\",\"@id\":\"https:\/\/lyonbondyblog.fr\/LBB\/#website\",\"url\":\"https:\/\/lyonbondyblog.fr\/LBB\/\",\"name\":\"Lyon Bondy Blog\",\"description\":\"\",\"publisher\":{\"@id\":\"https:\/\/lyonbondyblog.fr\/LBB\/#organization\"},\"potentialAction\":[{\"@type\":\"SearchAction\",\"target\":{\"@type\":\"EntryPoint\",\"urlTemplate\":\"https:\/\/lyonbondyblog.fr\/LBB\/?s={search_term_string}\"},\"query-input\":\"required name=search_term_string\"}],\"inLanguage\":\"fr-FR\"},{\"@type\":\"Organization\",\"@id\":\"https:\/\/lyonbondyblog.fr\/LBB\/#organization\",\"name\":\"LYON BONDY BLOG\",\"url\":\"https:\/\/lyonbondyblog.fr\/LBB\/\",\"logo\":{\"@type\":\"ImageObject\",\"inLanguage\":\"fr-FR\",\"@id\":\"https:\/\/lyonbondyblog.fr\/LBB\/#\/schema\/logo\/image\/\",\"url\":\"http:\/\/lyonbondyblog.fr\/LBB\/wp-content\/uploads\/2014\/10\/logo-portable-144.png\",\"contentUrl\":\"http:\/\/lyonbondyblog.fr\/LBB\/wp-content\/uploads\/2014\/10\/logo-portable-144.png\",\"width\":144,\"height\":123,\"caption\":\"LYON BONDY BLOG\"},\"image\":{\"@id\":\"https:\/\/lyonbondyblog.fr\/LBB\/#\/schema\/logo\/image\/\"},\"sameAs\":[\"https:\/\/www.facebook.com\/lyonbondyblog\",\"https:\/\/x.com\/bondybloglyon\"]},{\"@type\":\"Person\",\"@id\":\"https:\/\/lyonbondyblog.fr\/LBB\/#\/schema\/person\/135a5949d1de93ea3de6a2dffe317bcc\",\"name\":\"Camille Rouet\",\"description\":\"En exp\u00e9dition journalistique au sein du Lyon Bondy Blog. Cor\u00e9alisateur du web-documentaire \\\"Ing\u00e9nieur Pour Demain\\\".\",\"url\":\"https:\/\/lyonbondyblog.fr\/LBB\/author\/camille_rouet\/\"}]}<\/script>\n<!-- \/ Yoast SEO plugin. -->","yoast_head_json":{"title":"Le coll\u00e8ge du Tonkin en gr\u00e8ve - Lyon Bondy Blog","robots":{"index":"index","follow":"follow","max-snippet":"max-snippet:-1","max-image-preview":"max-image-preview:large","max-video-preview":"max-video-preview:-1"},"canonical":"https:\/\/lyonbondyblog.fr\/LBB\/le-college-du-tonkin-en-greve\/","og_locale":"fr_FR","og_type":"article","og_title":"Le coll\u00e8ge du Tonkin en gr\u00e8ve - Lyon Bondy Blog","og_description":"Le personnel du coll\u00e8ge du Tonkin protestait ce lundi devant le rectorat lyonnais contre ses refus face \u00e0 la demande d&rsquo;augmentation des moyens de l&rsquo;\u00e9tablissement. &hellip;","og_url":"https:\/\/lyonbondyblog.fr\/LBB\/le-college-du-tonkin-en-greve\/","og_site_name":"Lyon Bondy Blog","article_publisher":"https:\/\/www.facebook.com\/lyonbondyblog","article_published_time":"2018-10-08T17:12:06+00:00","article_modified_time":"2018-10-09T08:50:47+00:00","og_image":[{"width":1024,"height":645,"url":"https:\/\/lyonbondyblog.fr\/LBB\/wp-content\/uploads\/2018\/10\/20181008_135122_gimp-1024x645.jpg","type":"image\/jpeg"}],"author":"Camille Rouet","twitter_card":"summary_large_image","twitter_creator":"@bondybloglyon","twitter_site":"@bondybloglyon","schema":{"@context":"https:\/\/schema.org","@graph":[{"@type":"Article","@id":"https:\/\/lyonbondyblog.fr\/LBB\/le-college-du-tonkin-en-greve\/#article","isPartOf":{"@id":"https:\/\/lyonbondyblog.fr\/LBB\/le-college-du-tonkin-en-greve\/"},"author":{"name":"Camille Rouet","@id":"https:\/\/lyonbondyblog.fr\/LBB\/#\/schema\/person\/135a5949d1de93ea3de6a2dffe317bcc"},"headline":"Le coll\u00e8ge du Tonkin en gr\u00e8ve","datePublished":"2018-10-08T17:12:06+00:00","dateModified":"2018-10-09T08:50:47+00:00","mainEntityOfPage":{"@id":"https:\/\/lyonbondyblog.fr\/LBB\/le-college-du-tonkin-en-greve\/"},"wordCount":176,"commentCount":1,"publisher":{"@id":"https:\/\/lyonbondyblog.fr\/LBB\/#organization"},"image":{"@id":"https:\/\/lyonbondyblog.fr\/LBB\/le-college-du-tonkin-en-greve\/#primaryimage"},"thumbnailUrl":"https:\/\/lyonbondyblog.fr\/LBB\/wp-content\/uploads\/2018\/10\/20181008_135122_gimp.jpg","articleSection":["Education","Lyon","Manifestations","Soci\u00e9t\u00e9"],"inLanguage":"fr-FR","potentialAction":[{"@type":"CommentAction","name":"Comment","target":["https:\/\/lyonbondyblog.fr\/LBB\/le-college-du-tonkin-en-greve\/#respond"]}]},{"@type":"WebPage","@id":"https:\/\/lyonbondyblog.fr\/LBB\/le-college-du-tonkin-en-greve\/","url":"https:\/\/lyonbondyblog.fr\/LBB\/le-college-du-tonkin-en-greve\/","name":"Le coll\u00e8ge du Tonkin en gr\u00e8ve - Lyon Bondy Blog","isPartOf":{"@id":"https:\/\/lyonbondyblog.fr\/LBB\/#website"},"primaryImageOfPage":{"@id":"https:\/\/lyonbondyblog.fr\/LBB\/le-college-du-tonkin-en-greve\/#primaryimage"},"image":{"@id":"https:\/\/lyonbondyblog.fr\/LBB\/le-college-du-tonkin-en-greve\/#primaryimage"},"thumbnailUrl":"https:\/\/lyonbondyblog.fr\/LBB\/wp-content\/uploads\/2018\/10\/20181008_135122_gimp.jpg","datePublished":"2018-10-08T17:12:06+00:00","dateModified":"2018-10-09T08:50:47+00:00","inLanguage":"fr-FR","potentialAction":[{"@type":"ReadAction","target":["https:\/\/lyonbondyblog.fr\/LBB\/le-college-du-tonkin-en-greve\/"]}]},{"@type":"ImageObject","inLanguage":"fr-FR","@id":"https:\/\/lyonbondyblog.fr\/LBB\/le-college-du-tonkin-en-greve\/#primaryimage","url":"https:\/\/lyonbondyblog.fr\/LBB\/wp-content\/uploads\/2018\/10\/20181008_135122_gimp.jpg","contentUrl":"https:\/\/lyonbondyblog.fr\/LBB\/wp-content\/uploads\/2018\/10\/20181008_135122_gimp.jpg","width":2916,"height":1836,"caption":"Les enseignants du coll\u00e8ge du Tonkin sont venus faire faire du bruit devant le rectorat lyonnais"},{"@type":"WebSite","@id":"https:\/\/lyonbondyblog.fr\/LBB\/#website","url":"https:\/\/lyonbondyblog.fr\/LBB\/","name":"Lyon Bondy Blog","description":"","publisher":{"@id":"https:\/\/lyonbondyblog.fr\/LBB\/#organization"},"potentialAction":[{"@type":"SearchAction","target":{"@type":"EntryPoint","urlTemplate":"https:\/\/lyonbondyblog.fr\/LBB\/?s={search_term_string}"},"query-input":"required name=search_term_string"}],"inLanguage":"fr-FR"},{"@type":"Organization","@id":"https:\/\/lyonbondyblog.fr\/LBB\/#organization","name":"LYON BONDY BLOG","url":"https:\/\/lyonbondyblog.fr\/LBB\/","logo":{"@type":"ImageObject","inLanguage":"fr-FR","@id":"https:\/\/lyonbondyblog.fr\/LBB\/#\/schema\/logo\/image\/","url":"http:\/\/lyonbondyblog.fr\/LBB\/wp-content\/uploads\/2014\/10\/logo-portable-144.png","contentUrl":"http:\/\/lyonbondyblog.fr\/LBB\/wp-content\/uploads\/2014\/10\/logo-portable-144.png","width":144,"height":123,"caption":"LYON BONDY BLOG"},"image":{"@id":"https:\/\/lyonbondyblog.fr\/LBB\/#\/schema\/logo\/image\/"},"sameAs":["https:\/\/www.facebook.com\/lyonbondyblog","https:\/\/x.com\/bondybloglyon"]},{"@type":"Person","@id":"https:\/\/lyonbondyblog.fr\/LBB\/#\/schema\/person\/135a5949d1de93ea3de6a2dffe317bcc","name":"Camille Rouet","description":"En exp\u00e9dition journalistique au sein du Lyon Bondy Blog. Cor\u00e9alisateur du web-documentaire \"Ing\u00e9nieur Pour Demain\".","url":"https:\/\/lyonbondyblog.fr\/LBB\/author\/camille_rouet\/"}]}},"_links":{"self":[{"href":"https:\/\/lyonbondyblog.fr\/LBB\/wp-json\/wp\/v2\/posts\/14388","targetHints":{"allow":["GET"]}}],"collection":[{"href":"https:\/\/lyonbondyblog.fr\/LBB\/wp-json\/wp\/v2\/posts"}],"about":[{"href":"https:\/\/lyonbondyblog.fr\/LBB\/wp-json\/wp\/v2\/types\/post"}],"author":[{"embeddable":true,"href":"https:\/\/lyonbondyblog.fr\/LBB\/wp-json\/wp\/v2\/users\/8901"}],"replies":[{"embeddable":true,"href":"https:\/\/lyonbondyblog.fr\/LBB\/wp-json\/wp\/v2\/comments?post=14388"}],"version-history":[{"count":12,"href":"https:\/\/lyonbondyblog.fr\/LBB\/wp-json\/wp\/v2\/posts\/14388\/revisions"}],"predecessor-version":[{"id":14404,"href":"https:\/\/lyonbondyblog.fr\/LBB\/wp-json\/wp\/v2\/posts\/14388\/revisions\/14404"}],"wp:featuredmedia":[{"embeddable":true,"href":"https:\/\/lyonbondyblog.fr\/LBB\/wp-json\/wp\/v2\/media\/14390"}],"wp:attachment":[{"href":"https:\/\/lyonbondyblog.fr\/LBB\/wp-json\/wp\/v2\/media?parent=14388"}],"wp:term":[{"taxonomy":"category","embeddable":true,"href":"https:\/\/lyonbondyblog.fr\/LBB\/wp-json\/wp\/v2\/categories?post=14388"},{"taxonomy":"post_tag","embeddable":true,"href":"https:\/\/lyonbondyblog.fr\/LBB\/wp-json\/wp\/v2\/tags?post=14388"}],"curies":[{"name":"wp","href":"https:\/\/api.w.org\/{rel}","templated":true}]}}