{"id":14381,"date":"2018-10-08T10:36:47","date_gmt":"2018-10-08T08:36:47","guid":{"rendered":"http:\/\/lyonbondyblog.fr\/LBB\/?p=14381"},"modified":"2018-10-08T19:14:48","modified_gmt":"2018-10-08T17:14:48","slug":"ampere-souffle-ses-500-bougies","status":"publish","type":"post","link":"https:\/\/lyonbondyblog.fr\/LBB\/ampere-souffle-ses-500-bougies\/","title":{"rendered":"Amp\u00e8re souffle ses 500 bougies"},"content":{"rendered":"<figure id=\"attachment_14382\" aria-describedby=\"caption-attachment-14382\" style=\"width: 1024px\" class=\"wp-caption aligncenter\"><a href=\"https:\/\/lyonbondyblog.fr\/LBB\/wp-content\/uploads\/2018\/10\/LYCEE-AMPERE.jpg\"><img loading=\"lazy\" decoding=\"async\" class=\"wp-image-14382 size-large\" src=\"https:\/\/lyonbondyblog.fr\/LBB\/wp-content\/uploads\/2018\/10\/LYCEE-AMPERE-e1538987769937-1024x591.jpg\" alt=\"\" width=\"1024\" height=\"591\" srcset=\"https:\/\/lyonbondyblog.fr\/LBB\/wp-content\/uploads\/2018\/10\/LYCEE-AMPERE-e1538987769937-1024x591.jpg 1024w, https:\/\/lyonbondyblog.fr\/LBB\/wp-content\/uploads\/2018\/10\/LYCEE-AMPERE-e1538987769937-300x173.jpg 300w, https:\/\/lyonbondyblog.fr\/LBB\/wp-content\/uploads\/2018\/10\/LYCEE-AMPERE-e1538987769937-768x443.jpg 768w, https:\/\/lyonbondyblog.fr\/LBB\/wp-content\/uploads\/2018\/10\/LYCEE-AMPERE-e1538987769937-600x346.jpg 600w\" sizes=\"auto, (max-width: 1024px) 100vw, 1024px\" \/><\/a><figcaption id=\"caption-attachment-14382\" class=\"wp-caption-text\">Des figures li\u00e9es au lyc\u00e9e Amp\u00e8re seront mises \u00e0 l&rsquo;honneur durant l&rsquo;ann\u00e9e. Cr\u00e9dit photo : Camille Rouet \/ Lyon Bondy Blog<\/figcaption><\/figure>\n<p>Cette ann\u00e9e scolaire est sp\u00e9ciale pour le lyc\u00e9e Amp\u00e8re de Lyon, qui c\u00e9l\u00e8bre ses 500 ans. Lors d\u2019une conf\u00e9rence de presse ce lundi 8 octobre, la proviseure Mme Brugeas a annonc\u00e9 un ensemble d\u2019\u00e9v\u00e9nements tout au long de l\u2019ann\u00e9e, incluant \u00e9l\u00e8ves, enseignants et universitaires. L\u2019objectif sera de faire d\u00e9couvrir au public l\u2019\u00e9tablissement et son histoire avec entre autres la r\u00e9daction d\u2019un livre et d\u2019une bande dessin\u00e9e, la r\u00e9alisation de projets scientifiques et un concours vid\u00e9o. Pour lancer les festivit\u00e9s, des centaines d\u2019\u00e9l\u00e8ves, anciens \u00e9l\u00e8ves et professeurs r\u00e9alisent ce matin une cha\u00eene humaine autour du b\u00e2timent, suivie d&rsquo;un l\u00e2cher de ballons rue de la Bourse.<\/p>\n<!-- AddThis Advanced Settings generic via filter on the_content --><!-- AddThis Share Buttons generic via filter on the_content -->","protected":false},"excerpt":{"rendered":"<p>Cette ann\u00e9e scolaire est sp\u00e9ciale pour le lyc\u00e9e Amp\u00e8re de Lyon, qui c\u00e9l\u00e8bre ses 500 ans. Lors d\u2019une conf\u00e9rence de presse ce lundi 8 octobre, &hellip; <!-- AddThis Advanced Settings generic via filter on wp_trim_excerpt --><!-- AddThis Share Buttons generic via filter on wp_trim_excerpt --><\/p>\n","protected":false},"author":8901,"featured_media":14382,"comment_status":"open","ping_status":"open","sticky":false,"template":"","format":"standard","meta":{"_FSMCFIC_featured_image_caption":"","_FSMCFIC_featured_image_nocaption":"","_FSMCFIC_featured_image_hide":"","footnotes":""},"categories":[3517,4],"tags":[],"class_list":["post-14381","post","type-post","status-publish","format-standard","has-post-thumbnail","hentry","category-education","category-lyon"],"yoast_head":"<!-- This site is optimized with the Yoast SEO plugin v22.8 - https:\/\/yoast.com\/wordpress\/plugins\/seo\/ -->\n<title>Amp\u00e8re souffle ses 500 bougies - Lyon Bondy Blog<\/title>\n<meta name=\"robots\" content=\"index, follow, max-snippet:-1, max-image-preview:large, max-video-preview:-1\" \/>\n<link rel=\"canonical\" href=\"https:\/\/lyonbondyblog.fr\/LBB\/ampere-souffle-ses-500-bougies\/\" \/>\n<meta property=\"og:locale\" content=\"fr_FR\" \/>\n<meta property=\"og:type\" content=\"article\" \/>\n<meta property=\"og:title\" content=\"Amp\u00e8re souffle ses 500 bougies - Lyon Bondy Blog\" \/>\n<meta property=\"og:description\" content=\"Cette ann\u00e9e scolaire est sp\u00e9ciale pour le lyc\u00e9e Amp\u00e8re de Lyon, qui c\u00e9l\u00e8bre ses 500 ans. Lors d\u2019une conf\u00e9rence de presse ce lundi 8 octobre, &hellip;\" \/>\n<meta property=\"og:url\" content=\"https:\/\/lyonbondyblog.fr\/LBB\/ampere-souffle-ses-500-bougies\/\" \/>\n<meta property=\"og:site_name\" content=\"Lyon Bondy Blog\" \/>\n<meta property=\"article:publisher\" content=\"https:\/\/www.facebook.com\/lyonbondyblog\" \/>\n<meta property=\"article:published_time\" content=\"2018-10-08T08:36:47+00:00\" \/>\n<meta property=\"article:modified_time\" content=\"2018-10-08T17:14:48+00:00\" \/>\n<meta property=\"og:image\" content=\"https:\/\/lyonbondyblog.fr\/LBB\/wp-content\/uploads\/2018\/10\/LYCEE-AMPERE-e1538987769937.jpg\" \/>\n\t<meta property=\"og:image:width\" content=\"2577\" \/>\n\t<meta property=\"og:image:height\" content=\"1487\" \/>\n\t<meta property=\"og:image:type\" content=\"image\/jpeg\" \/>\n<meta name=\"author\" content=\"Camille Rouet\" \/>\n<meta name=\"twitter:card\" content=\"summary_large_image\" \/>\n<meta name=\"twitter:creator\" content=\"@bondybloglyon\" \/>\n<meta name=\"twitter:site\" content=\"@bondybloglyon\" \/>\n<script type=\"application\/ld+json\" class=\"yoast-schema-graph\">{\"@context\":\"https:\/\/schema.org\",\"@graph\":[{\"@type\":\"Article\",\"@id\":\"https:\/\/lyonbondyblog.fr\/LBB\/ampere-souffle-ses-500-bougies\/#article\",\"isPartOf\":{\"@id\":\"https:\/\/lyonbondyblog.fr\/LBB\/ampere-souffle-ses-500-bougies\/\"},\"author\":{\"name\":\"Camille Rouet\",\"@id\":\"https:\/\/lyonbondyblog.fr\/LBB\/#\/schema\/person\/135a5949d1de93ea3de6a2dffe317bcc\"},\"headline\":\"Amp\u00e8re souffle ses 500 bougies\",\"datePublished\":\"2018-10-08T08:36:47+00:00\",\"dateModified\":\"2018-10-08T17:14:48+00:00\",\"mainEntityOfPage\":{\"@id\":\"https:\/\/lyonbondyblog.fr\/LBB\/ampere-souffle-ses-500-bougies\/\"},\"wordCount\":167,\"commentCount\":0,\"publisher\":{\"@id\":\"https:\/\/lyonbondyblog.fr\/LBB\/#organization\"},\"image\":{\"@id\":\"https:\/\/lyonbondyblog.fr\/LBB\/ampere-souffle-ses-500-bougies\/#primaryimage\"},\"thumbnailUrl\":\"https:\/\/lyonbondyblog.fr\/LBB\/wp-content\/uploads\/2018\/10\/LYCEE-AMPERE-e1538987769937.jpg\",\"articleSection\":[\"Education\",\"Lyon\"],\"inLanguage\":\"fr-FR\",\"potentialAction\":[{\"@type\":\"CommentAction\",\"name\":\"Comment\",\"target\":[\"https:\/\/lyonbondyblog.fr\/LBB\/ampere-souffle-ses-500-bougies\/#respond\"]}]},{\"@type\":\"WebPage\",\"@id\":\"https:\/\/lyonbondyblog.fr\/LBB\/ampere-souffle-ses-500-bougies\/\",\"url\":\"https:\/\/lyonbondyblog.fr\/LBB\/ampere-souffle-ses-500-bougies\/\",\"name\":\"Amp\u00e8re souffle ses 500 bougies - Lyon Bondy Blog\",\"isPartOf\":{\"@id\":\"https:\/\/lyonbondyblog.fr\/LBB\/#website\"},\"primaryImageOfPage\":{\"@id\":\"https:\/\/lyonbondyblog.fr\/LBB\/ampere-souffle-ses-500-bougies\/#primaryimage\"},\"image\":{\"@id\":\"https:\/\/lyonbondyblog.fr\/LBB\/ampere-souffle-ses-500-bougies\/#primaryimage\"},\"thumbnailUrl\":\"https:\/\/lyonbondyblog.fr\/LBB\/wp-content\/uploads\/2018\/10\/LYCEE-AMPERE-e1538987769937.jpg\",\"datePublished\":\"2018-10-08T08:36:47+00:00\",\"dateModified\":\"2018-10-08T17:14:48+00:00\",\"inLanguage\":\"fr-FR\",\"potentialAction\":[{\"@type\":\"ReadAction\",\"target\":[\"https:\/\/lyonbondyblog.fr\/LBB\/ampere-souffle-ses-500-bougies\/\"]}]},{\"@type\":\"ImageObject\",\"inLanguage\":\"fr-FR\",\"@id\":\"https:\/\/lyonbondyblog.fr\/LBB\/ampere-souffle-ses-500-bougies\/#primaryimage\",\"url\":\"https:\/\/lyonbondyblog.fr\/LBB\/wp-content\/uploads\/2018\/10\/LYCEE-AMPERE-e1538987769937.jpg\",\"contentUrl\":\"https:\/\/lyonbondyblog.fr\/LBB\/wp-content\/uploads\/2018\/10\/LYCEE-AMPERE-e1538987769937.jpg\",\"width\":2577,\"height\":1487,\"caption\":\"Des figures li\u00e9es au lyc\u00e9e Amp\u00e8re seront mises \u00e0 l'honneur pour ses 500 ans.\"},{\"@type\":\"WebSite\",\"@id\":\"https:\/\/lyonbondyblog.fr\/LBB\/#website\",\"url\":\"https:\/\/lyonbondyblog.fr\/LBB\/\",\"name\":\"Lyon Bondy Blog\",\"description\":\"\",\"publisher\":{\"@id\":\"https:\/\/lyonbondyblog.fr\/LBB\/#organization\"},\"potentialAction\":[{\"@type\":\"SearchAction\",\"target\":{\"@type\":\"EntryPoint\",\"urlTemplate\":\"https:\/\/lyonbondyblog.fr\/LBB\/?s={search_term_string}\"},\"query-input\":\"required name=search_term_string\"}],\"inLanguage\":\"fr-FR\"},{\"@type\":\"Organization\",\"@id\":\"https:\/\/lyonbondyblog.fr\/LBB\/#organization\",\"name\":\"LYON BONDY BLOG\",\"url\":\"https:\/\/lyonbondyblog.fr\/LBB\/\",\"logo\":{\"@type\":\"ImageObject\",\"inLanguage\":\"fr-FR\",\"@id\":\"https:\/\/lyonbondyblog.fr\/LBB\/#\/schema\/logo\/image\/\",\"url\":\"http:\/\/lyonbondyblog.fr\/LBB\/wp-content\/uploads\/2014\/10\/logo-portable-144.png\",\"contentUrl\":\"http:\/\/lyonbondyblog.fr\/LBB\/wp-content\/uploads\/2014\/10\/logo-portable-144.png\",\"width\":144,\"height\":123,\"caption\":\"LYON BONDY BLOG\"},\"image\":{\"@id\":\"https:\/\/lyonbondyblog.fr\/LBB\/#\/schema\/logo\/image\/\"},\"sameAs\":[\"https:\/\/www.facebook.com\/lyonbondyblog\",\"https:\/\/x.com\/bondybloglyon\"]},{\"@type\":\"Person\",\"@id\":\"https:\/\/lyonbondyblog.fr\/LBB\/#\/schema\/person\/135a5949d1de93ea3de6a2dffe317bcc\",\"name\":\"Camille Rouet\",\"description\":\"En exp\u00e9dition journalistique au sein du Lyon Bondy Blog. Cor\u00e9alisateur du web-documentaire \\\"Ing\u00e9nieur Pour Demain\\\".\",\"url\":\"https:\/\/lyonbondyblog.fr\/LBB\/author\/camille_rouet\/\"}]}<\/script>\n<!-- \/ Yoast SEO plugin. -->","yoast_head_json":{"title":"Amp\u00e8re souffle ses 500 bougies - Lyon Bondy Blog","robots":{"index":"index","follow":"follow","max-snippet":"max-snippet:-1","max-image-preview":"max-image-preview:large","max-video-preview":"max-video-preview:-1"},"canonical":"https:\/\/lyonbondyblog.fr\/LBB\/ampere-souffle-ses-500-bougies\/","og_locale":"fr_FR","og_type":"article","og_title":"Amp\u00e8re souffle ses 500 bougies - Lyon Bondy Blog","og_description":"Cette ann\u00e9e scolaire est sp\u00e9ciale pour le lyc\u00e9e Amp\u00e8re de Lyon, qui c\u00e9l\u00e8bre ses 500 ans. Lors d\u2019une conf\u00e9rence de presse ce lundi 8 octobre, &hellip;","og_url":"https:\/\/lyonbondyblog.fr\/LBB\/ampere-souffle-ses-500-bougies\/","og_site_name":"Lyon Bondy Blog","article_publisher":"https:\/\/www.facebook.com\/lyonbondyblog","article_published_time":"2018-10-08T08:36:47+00:00","article_modified_time":"2018-10-08T17:14:48+00:00","og_image":[{"width":2577,"height":1487,"url":"https:\/\/lyonbondyblog.fr\/LBB\/wp-content\/uploads\/2018\/10\/LYCEE-AMPERE-e1538987769937.jpg","type":"image\/jpeg"}],"author":"Camille Rouet","twitter_card":"summary_large_image","twitter_creator":"@bondybloglyon","twitter_site":"@bondybloglyon","schema":{"@context":"https:\/\/schema.org","@graph":[{"@type":"Article","@id":"https:\/\/lyonbondyblog.fr\/LBB\/ampere-souffle-ses-500-bougies\/#article","isPartOf":{"@id":"https:\/\/lyonbondyblog.fr\/LBB\/ampere-souffle-ses-500-bougies\/"},"author":{"name":"Camille Rouet","@id":"https:\/\/lyonbondyblog.fr\/LBB\/#\/schema\/person\/135a5949d1de93ea3de6a2dffe317bcc"},"headline":"Amp\u00e8re souffle ses 500 bougies","datePublished":"2018-10-08T08:36:47+00:00","dateModified":"2018-10-08T17:14:48+00:00","mainEntityOfPage":{"@id":"https:\/\/lyonbondyblog.fr\/LBB\/ampere-souffle-ses-500-bougies\/"},"wordCount":167,"commentCount":0,"publisher":{"@id":"https:\/\/lyonbondyblog.fr\/LBB\/#organization"},"image":{"@id":"https:\/\/lyonbondyblog.fr\/LBB\/ampere-souffle-ses-500-bougies\/#primaryimage"},"thumbnailUrl":"https:\/\/lyonbondyblog.fr\/LBB\/wp-content\/uploads\/2018\/10\/LYCEE-AMPERE-e1538987769937.jpg","articleSection":["Education","Lyon"],"inLanguage":"fr-FR","potentialAction":[{"@type":"CommentAction","name":"Comment","target":["https:\/\/lyonbondyblog.fr\/LBB\/ampere-souffle-ses-500-bougies\/#respond"]}]},{"@type":"WebPage","@id":"https:\/\/lyonbondyblog.fr\/LBB\/ampere-souffle-ses-500-bougies\/","url":"https:\/\/lyonbondyblog.fr\/LBB\/ampere-souffle-ses-500-bougies\/","name":"Amp\u00e8re souffle ses 500 bougies - Lyon Bondy Blog","isPartOf":{"@id":"https:\/\/lyonbondyblog.fr\/LBB\/#website"},"primaryImageOfPage":{"@id":"https:\/\/lyonbondyblog.fr\/LBB\/ampere-souffle-ses-500-bougies\/#primaryimage"},"image":{"@id":"https:\/\/lyonbondyblog.fr\/LBB\/ampere-souffle-ses-500-bougies\/#primaryimage"},"thumbnailUrl":"https:\/\/lyonbondyblog.fr\/LBB\/wp-content\/uploads\/2018\/10\/LYCEE-AMPERE-e1538987769937.jpg","datePublished":"2018-10-08T08:36:47+00:00","dateModified":"2018-10-08T17:14:48+00:00","inLanguage":"fr-FR","potentialAction":[{"@type":"ReadAction","target":["https:\/\/lyonbondyblog.fr\/LBB\/ampere-souffle-ses-500-bougies\/"]}]},{"@type":"ImageObject","inLanguage":"fr-FR","@id":"https:\/\/lyonbondyblog.fr\/LBB\/ampere-souffle-ses-500-bougies\/#primaryimage","url":"https:\/\/lyonbondyblog.fr\/LBB\/wp-content\/uploads\/2018\/10\/LYCEE-AMPERE-e1538987769937.jpg","contentUrl":"https:\/\/lyonbondyblog.fr\/LBB\/wp-content\/uploads\/2018\/10\/LYCEE-AMPERE-e1538987769937.jpg","width":2577,"height":1487,"caption":"Des figures li\u00e9es au lyc\u00e9e Amp\u00e8re seront mises \u00e0 l'honneur pour ses 500 ans."},{"@type":"WebSite","@id":"https:\/\/lyonbondyblog.fr\/LBB\/#website","url":"https:\/\/lyonbondyblog.fr\/LBB\/","name":"Lyon Bondy Blog","description":"","publisher":{"@id":"https:\/\/lyonbondyblog.fr\/LBB\/#organization"},"potentialAction":[{"@type":"SearchAction","target":{"@type":"EntryPoint","urlTemplate":"https:\/\/lyonbondyblog.fr\/LBB\/?s={search_term_string}"},"query-input":"required name=search_term_string"}],"inLanguage":"fr-FR"},{"@type":"Organization","@id":"https:\/\/lyonbondyblog.fr\/LBB\/#organization","name":"LYON BONDY BLOG","url":"https:\/\/lyonbondyblog.fr\/LBB\/","logo":{"@type":"ImageObject","inLanguage":"fr-FR","@id":"https:\/\/lyonbondyblog.fr\/LBB\/#\/schema\/logo\/image\/","url":"http:\/\/lyonbondyblog.fr\/LBB\/wp-content\/uploads\/2014\/10\/logo-portable-144.png","contentUrl":"http:\/\/lyonbondyblog.fr\/LBB\/wp-content\/uploads\/2014\/10\/logo-portable-144.png","width":144,"height":123,"caption":"LYON BONDY BLOG"},"image":{"@id":"https:\/\/lyonbondyblog.fr\/LBB\/#\/schema\/logo\/image\/"},"sameAs":["https:\/\/www.facebook.com\/lyonbondyblog","https:\/\/x.com\/bondybloglyon"]},{"@type":"Person","@id":"https:\/\/lyonbondyblog.fr\/LBB\/#\/schema\/person\/135a5949d1de93ea3de6a2dffe317bcc","name":"Camille Rouet","description":"En exp\u00e9dition journalistique au sein du Lyon Bondy Blog. Cor\u00e9alisateur du web-documentaire \"Ing\u00e9nieur Pour Demain\".","url":"https:\/\/lyonbondyblog.fr\/LBB\/author\/camille_rouet\/"}]}},"_links":{"self":[{"href":"https:\/\/lyonbondyblog.fr\/LBB\/wp-json\/wp\/v2\/posts\/14381","targetHints":{"allow":["GET"]}}],"collection":[{"href":"https:\/\/lyonbondyblog.fr\/LBB\/wp-json\/wp\/v2\/posts"}],"about":[{"href":"https:\/\/lyonbondyblog.fr\/LBB\/wp-json\/wp\/v2\/types\/post"}],"author":[{"embeddable":true,"href":"https:\/\/lyonbondyblog.fr\/LBB\/wp-json\/wp\/v2\/users\/8901"}],"replies":[{"embeddable":true,"href":"https:\/\/lyonbondyblog.fr\/LBB\/wp-json\/wp\/v2\/comments?post=14381"}],"version-history":[{"count":7,"href":"https:\/\/lyonbondyblog.fr\/LBB\/wp-json\/wp\/v2\/posts\/14381\/revisions"}],"predecessor-version":[{"id":14403,"href":"https:\/\/lyonbondyblog.fr\/LBB\/wp-json\/wp\/v2\/posts\/14381\/revisions\/14403"}],"wp:featuredmedia":[{"embeddable":true,"href":"https:\/\/lyonbondyblog.fr\/LBB\/wp-json\/wp\/v2\/media\/14382"}],"wp:attachment":[{"href":"https:\/\/lyonbondyblog.fr\/LBB\/wp-json\/wp\/v2\/media?parent=14381"}],"wp:term":[{"taxonomy":"category","embeddable":true,"href":"https:\/\/lyonbondyblog.fr\/LBB\/wp-json\/wp\/v2\/categories?post=14381"},{"taxonomy":"post_tag","embeddable":true,"href":"https:\/\/lyonbondyblog.fr\/LBB\/wp-json\/wp\/v2\/tags?post=14381"}],"curies":[{"name":"wp","href":"https:\/\/api.w.org\/{rel}","templated":true}]}}