{"id":14347,"date":"2018-10-03T23:00:16","date_gmt":"2018-10-03T21:00:16","guid":{"rendered":"http:\/\/lyonbondyblog.fr\/LBB\/?p=14347"},"modified":"2018-10-03T23:00:16","modified_gmt":"2018-10-03T21:00:16","slug":"gerard-collomb-ou-comment-ne-plus-etre-prophete-en-son-pays","status":"publish","type":"post","link":"https:\/\/lyonbondyblog.fr\/LBB\/gerard-collomb-ou-comment-ne-plus-etre-prophete-en-son-pays\/","title":{"rendered":"G\u00e9rard Collomb\u00a0ou comment ne plus \u00eatre proph\u00e8te en son pays."},"content":{"rendered":"<p><strong>Apr\u00e8s la d\u00e9mission pr\u00e9cipit\u00e9e de G\u00e9rard Collomb, le Lyon Bondy Blog a recueilli les nombreuses r\u00e9actions&nbsp; des \u00e9lus de diff\u00e9rents bords. Son retour \u00e0 la t\u00eate de l\u2019ex\u00e9cutif local va engendrer quelques remous.&nbsp;<\/strong><\/p>\n<p>&nbsp;<\/p>\n<p>Le retour de G\u00e9rard Collomb \u00e0 la Mairie de Lyon n\u2019est une surprise pour personne. C\u2019est le timing de cette annonce qui interroge.&nbsp;<\/p>\n<p>La maire du 1er arrondissement, Nathalie Perrin-Gilbert (Groupe de R\u00e9flexion et d&rsquo;Action M\u00e9tropolitaine), est l\u2019une des voix les plus radicales. <b>\u00ab&nbsp;Ce n\u2019est pas \u00e9tonnant mais consternant&nbsp;\u00bb<\/b> commente-t-elle. Elle rajoute&nbsp;<b>\u00ab&nbsp;C\u2019est un grand manque de responsabilit\u00e9<\/b> <b>politique de laisser un minist\u00e8re aussi important vide, quasiment du jour au lendemain.&nbsp;\u00bb <\/b>Son adjoint Elliott Aubin (La France Insoumise) est sur la m\u00eame ligne : <b>\u00ab&nbsp;c\u2019est tr\u00e8s ancien monde, tr\u00e8s m\u00e9prisant pour la d\u00e9mocratie.&nbsp;\u00bb<\/b>&nbsp;<\/p>\n<p>Autre r\u00e9action celle de la conseill\u00e8re r\u00e9gionale du Rassemblement National, Muriel Coativy : <b>\u00ab&nbsp;Autant un retour apr\u00e8s les Europ\u00e9ennes aurait \u00e9t\u00e9<\/b> <b>compr\u00e9hensible, autant je pense que revenir maintenant c\u2019est une mauvaise d\u00e9cision. Il y a une forme de l\u00e2chet\u00e9.&nbsp;\u00bb<\/b>&nbsp;<\/p>\n<h2><b>\u00ab&nbsp;Lyon pouvait se passer de G\u00e9rard Collomb&nbsp;\u00bb<\/b><\/h2>\n<p>Les \u00e9lus ont plusieurs griefs \u00e0 l\u2019encontre de l\u2019ancien locataire de la place Beauvau<b>. \u00ab&nbsp;Il a eu des discours similaires \u00e0 des discours de la droite dure. Nous nous battrons jusqu\u2019au bout pour qu\u2019il ne soit pas r\u00e9\u00e9lu.&nbsp;\u00bb<\/b> s\u2019indigne<b> <\/b><a href=\"https:\/\/www.facebook.com\/lesjeunessocialistes\/photos\/a.287503684874\/10155509882109875\/?type=1&amp;theater\">le jeune socialiste Rayane Guerboub<\/a> .&nbsp;<\/p>\n<p>De son c\u00f4t\u00e9, l\u2019\u00e9lue municipale communiste <a href=\"https:\/\/www.lyon.fr\/node\/28291\">Isabelle Granjon<\/a>, critique les m\u00e9thodes du futur \u00e9dile : <b>\u00ab&nbsp;sur le plan humain il demande de l\u2019abn\u00e9gation \u00e0<\/b>&nbsp;<b>K\u00e9p\u00e9n\u00e9kian \u00e0<\/b> <b>qui il a c\u00e9d\u00e9<\/b> <b>sa place le temps de sa prise de pouvoir \u00e0<\/b> <b>Paris. Lui, n\u2019est pas aussi fid\u00e8le. Georges K\u00e9p\u00e9n\u00e9kian d\u00e9missionne tout de suite, Macron lui a demand\u00e9<\/b> <b>de rester, il a insist\u00e9, il est parti.&nbsp;\u00bb<\/b> M\u00eame constat du c\u00f4t\u00e9 de Muriel Coativy<b> : \u00ab<\/b> <b>Lyon pouvait se passer de G\u00e9rard Collomb un an de plus.&nbsp;Il n\u2019y avait pas le feu dans la maison&nbsp;\u00bb. <\/b>Les ardeurs de l\u2019opposition qu\u2019un sympathisant de La R\u00e9publique En Marche (LREM) tente de temp\u00e9rer : &nbsp;<b>\u00ab&nbsp;Je ne vois pas \u00e7a comme un abandon. C\u2019est une honn\u00eatet\u00e9<\/b> <b>de la part de la personne qui ne sent plus capable de remplir la fonction&nbsp;\u00bb. <\/b>Il rebondit \u00e9galement sur les d\u00e9clarations du pr\u00e9sident du <a href=\"https:\/\/www.francetvinfo.fr\/replay-radio\/8h30-fauvelle-dely\/demission-de-gerard-collomb-il-y-a-une-vraie-atteinte-a-l-autorhttps:\/\/www.francetvinfo.fr\/replay-radio\/8h30-fauvelle-dely\/demission-de-gerard-collomb-il-y-a-une-vraie-atteinte-a-l-autorite-du-president-de-la-republique-juge-gerard-larcher_2946527.html%2520%2520ite-du-president-de-la-republique-juge-gerard-larcher_2946527.html\">S\u00e9nat Gerard Larcher<\/a><b> : \u00ab&nbsp;J\u2019ai entendu M. Larcher dire ce n\u2019est pas correct, qu\u2019il ne veut plus servir la nation. C\u2019est au contraire la volont\u00e9<\/b> <b>de servir la nation qui fait qu\u2019il quitte son poste.&nbsp;\u00bb<\/b>&nbsp;<\/p>\n<p>En effet, loin d\u2019\u00eatre un retour en terrain conquis, la d\u00e9cision de G\u00e9rard Collomb ne passe pas inaper\u00e7ue, contrairement au rejet de sa d\u00e9mission par le Pr\u00e9sident de la R\u00e9publique.<\/p>\n<p>&nbsp;<\/p>\n<p>Le Lyon Bondy Blog a&nbsp; pris contact avec le parti des R\u00e9publicains et l\u2019Union de D\u00e9mocrates Ind\u00e9pendants (UDI), qui n\u2019ont pas donn\u00e9 suite \u00e0 notre demande d\u2019informations.<\/p>\n<p><strong>Ce qu&rsquo;en pense les Lyonnais<\/strong><\/p>\n<p>&nbsp;<\/p>\n<p><iframe loading=\"lazy\" title=\"Collomb Micro - Trottoir by HDSound\" width=\"1200\" height=\"400\" scrolling=\"no\" frameborder=\"no\" src=\"https:\/\/w.soundcloud.com\/player\/?visual=true&#038;url=https%3A%2F%2Fapi.soundcloud.com%2Ftracks%2F509112963&#038;show_artwork=true&#038;maxwidth=1200&#038;maxheight=1000&#038;dnt=1\"><\/iframe><\/p>\n<!-- AddThis Advanced Settings generic via filter on the_content --><!-- AddThis Share Buttons generic via filter on the_content -->","protected":false},"excerpt":{"rendered":"<p>Apr\u00e8s la d\u00e9mission pr\u00e9cipit\u00e9e de G\u00e9rard Collomb, le Lyon Bondy Blog a recueilli les nombreuses r\u00e9actions&nbsp; des \u00e9lus de diff\u00e9rents bords. Son retour \u00e0 la &hellip; <!-- AddThis Advanced Settings generic via filter on wp_trim_excerpt --><!-- AddThis Share Buttons generic via filter on wp_trim_excerpt --><\/p>\n","protected":false},"author":1,"featured_media":14348,"comment_status":"open","ping_status":"open","sticky":false,"template":"","format":"standard","meta":{"_FSMCFIC_featured_image_caption":"","_FSMCFIC_featured_image_nocaption":"","_FSMCFIC_featured_image_hide":"","footnotes":""},"categories":[6],"tags":[],"class_list":["post-14347","post","type-post","status-publish","format-standard","has-post-thumbnail","hentry","category-politique"],"yoast_head":"<!-- This site is optimized with the Yoast SEO plugin v22.8 - https:\/\/yoast.com\/wordpress\/plugins\/seo\/ -->\n<title>G\u00e9rard Collomb\u00a0ou comment ne plus \u00eatre proph\u00e8te en son pays. - Lyon Bondy Blog<\/title>\n<meta name=\"description\" content=\"Apr\u00e8s la d\u00e9mission pr\u00e9cipit\u00e9e de G\u00e9rard Collomb, le Lyon Bondy Blog a recueilli les nombreuses r\u00e9actions\u00a0 des \u00e9lus de diff\u00e9rents bords.\" \/>\n<meta name=\"robots\" content=\"index, follow, max-snippet:-1, max-image-preview:large, max-video-preview:-1\" \/>\n<link rel=\"canonical\" href=\"https:\/\/lyonbondyblog.fr\/LBB\/gerard-collomb-ou-comment-ne-plus-etre-prophete-en-son-pays\/\" \/>\n<meta property=\"og:locale\" content=\"fr_FR\" \/>\n<meta property=\"og:type\" content=\"article\" \/>\n<meta property=\"og:title\" content=\"G\u00e9rard Collomb\u00a0ou comment ne plus \u00eatre proph\u00e8te en son pays. - Lyon Bondy Blog\" \/>\n<meta property=\"og:description\" content=\"Apr\u00e8s la d\u00e9mission pr\u00e9cipit\u00e9e de G\u00e9rard Collomb, le Lyon Bondy Blog a recueilli les nombreuses r\u00e9actions\u00a0 des \u00e9lus de diff\u00e9rents bords.\" \/>\n<meta property=\"og:url\" content=\"https:\/\/lyonbondyblog.fr\/LBB\/gerard-collomb-ou-comment-ne-plus-etre-prophete-en-son-pays\/\" \/>\n<meta property=\"og:site_name\" content=\"Lyon Bondy Blog\" \/>\n<meta property=\"article:publisher\" content=\"https:\/\/www.facebook.com\/lyonbondyblog\" \/>\n<meta property=\"article:author\" content=\"https:\/\/www.facebook.com\/lyonbondyblog\" \/>\n<meta property=\"article:published_time\" content=\"2018-10-03T21:00:16+00:00\" \/>\n<meta property=\"og:image\" content=\"https:\/\/lyonbondyblog.fr\/LBB\/wp-content\/uploads\/2018\/10\/collomb_montage-1024x639.png\" \/>\n\t<meta property=\"og:image:width\" content=\"1024\" \/>\n\t<meta property=\"og:image:height\" content=\"639\" \/>\n\t<meta property=\"og:image:type\" content=\"image\/png\" \/>\n<meta name=\"author\" content=\"La r\u00e9daction\" \/>\n<meta name=\"twitter:card\" content=\"summary_large_image\" \/>\n<meta name=\"twitter:creator\" content=\"@BondyBlogLyon\" \/>\n<meta name=\"twitter:site\" content=\"@bondybloglyon\" \/>\n<script type=\"application\/ld+json\" class=\"yoast-schema-graph\">{\"@context\":\"https:\/\/schema.org\",\"@graph\":[{\"@type\":\"Article\",\"@id\":\"https:\/\/lyonbondyblog.fr\/LBB\/gerard-collomb-ou-comment-ne-plus-etre-prophete-en-son-pays\/#article\",\"isPartOf\":{\"@id\":\"https:\/\/lyonbondyblog.fr\/LBB\/gerard-collomb-ou-comment-ne-plus-etre-prophete-en-son-pays\/\"},\"author\":{\"name\":\"La r\u00e9daction\",\"@id\":\"https:\/\/lyonbondyblog.fr\/LBB\/#\/schema\/person\/e45f8d27baac75072daa0be50c409b25\"},\"headline\":\"G\u00e9rard Collomb\u00a0ou comment ne plus \u00eatre proph\u00e8te en son pays.\",\"datePublished\":\"2018-10-03T21:00:16+00:00\",\"dateModified\":\"2018-10-03T21:00:16+00:00\",\"mainEntityOfPage\":{\"@id\":\"https:\/\/lyonbondyblog.fr\/LBB\/gerard-collomb-ou-comment-ne-plus-etre-prophete-en-son-pays\/\"},\"wordCount\":581,\"commentCount\":0,\"publisher\":{\"@id\":\"https:\/\/lyonbondyblog.fr\/LBB\/#organization\"},\"image\":{\"@id\":\"https:\/\/lyonbondyblog.fr\/LBB\/gerard-collomb-ou-comment-ne-plus-etre-prophete-en-son-pays\/#primaryimage\"},\"thumbnailUrl\":\"https:\/\/lyonbondyblog.fr\/LBB\/wp-content\/uploads\/2018\/10\/collomb_montage.png\",\"articleSection\":[\"Politique\"],\"inLanguage\":\"fr-FR\",\"potentialAction\":[{\"@type\":\"CommentAction\",\"name\":\"Comment\",\"target\":[\"https:\/\/lyonbondyblog.fr\/LBB\/gerard-collomb-ou-comment-ne-plus-etre-prophete-en-son-pays\/#respond\"]}]},{\"@type\":\"WebPage\",\"@id\":\"https:\/\/lyonbondyblog.fr\/LBB\/gerard-collomb-ou-comment-ne-plus-etre-prophete-en-son-pays\/\",\"url\":\"https:\/\/lyonbondyblog.fr\/LBB\/gerard-collomb-ou-comment-ne-plus-etre-prophete-en-son-pays\/\",\"name\":\"G\u00e9rard Collomb\u00a0ou comment ne plus \u00eatre proph\u00e8te en son pays. - Lyon Bondy Blog\",\"isPartOf\":{\"@id\":\"https:\/\/lyonbondyblog.fr\/LBB\/#website\"},\"primaryImageOfPage\":{\"@id\":\"https:\/\/lyonbondyblog.fr\/LBB\/gerard-collomb-ou-comment-ne-plus-etre-prophete-en-son-pays\/#primaryimage\"},\"image\":{\"@id\":\"https:\/\/lyonbondyblog.fr\/LBB\/gerard-collomb-ou-comment-ne-plus-etre-prophete-en-son-pays\/#primaryimage\"},\"thumbnailUrl\":\"https:\/\/lyonbondyblog.fr\/LBB\/wp-content\/uploads\/2018\/10\/collomb_montage.png\",\"datePublished\":\"2018-10-03T21:00:16+00:00\",\"dateModified\":\"2018-10-03T21:00:16+00:00\",\"description\":\"Apr\u00e8s la d\u00e9mission pr\u00e9cipit\u00e9e de G\u00e9rard Collomb, le Lyon Bondy Blog a recueilli les nombreuses r\u00e9actions\u00a0 des \u00e9lus de diff\u00e9rents bords.\",\"inLanguage\":\"fr-FR\",\"potentialAction\":[{\"@type\":\"ReadAction\",\"target\":[\"https:\/\/lyonbondyblog.fr\/LBB\/gerard-collomb-ou-comment-ne-plus-etre-prophete-en-son-pays\/\"]}]},{\"@type\":\"ImageObject\",\"inLanguage\":\"fr-FR\",\"@id\":\"https:\/\/lyonbondyblog.fr\/LBB\/gerard-collomb-ou-comment-ne-plus-etre-prophete-en-son-pays\/#primaryimage\",\"url\":\"https:\/\/lyonbondyblog.fr\/LBB\/wp-content\/uploads\/2018\/10\/collomb_montage.png\",\"contentUrl\":\"https:\/\/lyonbondyblog.fr\/LBB\/wp-content\/uploads\/2018\/10\/collomb_montage.png\",\"width\":1920,\"height\":1198},{\"@type\":\"WebSite\",\"@id\":\"https:\/\/lyonbondyblog.fr\/LBB\/#website\",\"url\":\"https:\/\/lyonbondyblog.fr\/LBB\/\",\"name\":\"Lyon Bondy Blog\",\"description\":\"\",\"publisher\":{\"@id\":\"https:\/\/lyonbondyblog.fr\/LBB\/#organization\"},\"potentialAction\":[{\"@type\":\"SearchAction\",\"target\":{\"@type\":\"EntryPoint\",\"urlTemplate\":\"https:\/\/lyonbondyblog.fr\/LBB\/?s={search_term_string}\"},\"query-input\":\"required name=search_term_string\"}],\"inLanguage\":\"fr-FR\"},{\"@type\":\"Organization\",\"@id\":\"https:\/\/lyonbondyblog.fr\/LBB\/#organization\",\"name\":\"LYON BONDY BLOG\",\"url\":\"https:\/\/lyonbondyblog.fr\/LBB\/\",\"logo\":{\"@type\":\"ImageObject\",\"inLanguage\":\"fr-FR\",\"@id\":\"https:\/\/lyonbondyblog.fr\/LBB\/#\/schema\/logo\/image\/\",\"url\":\"http:\/\/lyonbondyblog.fr\/LBB\/wp-content\/uploads\/2014\/10\/logo-portable-144.png\",\"contentUrl\":\"http:\/\/lyonbondyblog.fr\/LBB\/wp-content\/uploads\/2014\/10\/logo-portable-144.png\",\"width\":144,\"height\":123,\"caption\":\"LYON BONDY BLOG\"},\"image\":{\"@id\":\"https:\/\/lyonbondyblog.fr\/LBB\/#\/schema\/logo\/image\/\"},\"sameAs\":[\"https:\/\/www.facebook.com\/lyonbondyblog\",\"https:\/\/x.com\/bondybloglyon\"]},{\"@type\":\"Person\",\"@id\":\"https:\/\/lyonbondyblog.fr\/LBB\/#\/schema\/person\/e45f8d27baac75072daa0be50c409b25\",\"name\":\"La r\u00e9daction\",\"description\":\"Cr\u00e9e en 2008, la r\u00e9daction du Lyon Bondy Blog s'applique \u00e0 proposer une information locale diff\u00e9rente et compl\u00e9mentaire des m\u00e9dias traditionnels.\",\"sameAs\":[\"https:\/\/www.facebook.com\/lyonbondyblog\",\"https:\/\/x.com\/BondyBlogLyon\"],\"url\":\"https:\/\/lyonbondyblog.fr\/LBB\/author\/admin\/\"}]}<\/script>\n<!-- \/ Yoast SEO plugin. -->","yoast_head_json":{"title":"G\u00e9rard Collomb\u00a0ou comment ne plus \u00eatre proph\u00e8te en son pays. - Lyon Bondy Blog","description":"Apr\u00e8s la d\u00e9mission pr\u00e9cipit\u00e9e de G\u00e9rard Collomb, le Lyon Bondy Blog a recueilli les nombreuses r\u00e9actions\u00a0 des \u00e9lus de diff\u00e9rents bords.","robots":{"index":"index","follow":"follow","max-snippet":"max-snippet:-1","max-image-preview":"max-image-preview:large","max-video-preview":"max-video-preview:-1"},"canonical":"https:\/\/lyonbondyblog.fr\/LBB\/gerard-collomb-ou-comment-ne-plus-etre-prophete-en-son-pays\/","og_locale":"fr_FR","og_type":"article","og_title":"G\u00e9rard Collomb\u00a0ou comment ne plus \u00eatre proph\u00e8te en son pays. - Lyon Bondy Blog","og_description":"Apr\u00e8s la d\u00e9mission pr\u00e9cipit\u00e9e de G\u00e9rard Collomb, le Lyon Bondy Blog a recueilli les nombreuses r\u00e9actions\u00a0 des \u00e9lus de diff\u00e9rents bords.","og_url":"https:\/\/lyonbondyblog.fr\/LBB\/gerard-collomb-ou-comment-ne-plus-etre-prophete-en-son-pays\/","og_site_name":"Lyon Bondy Blog","article_publisher":"https:\/\/www.facebook.com\/lyonbondyblog","article_author":"https:\/\/www.facebook.com\/lyonbondyblog","article_published_time":"2018-10-03T21:00:16+00:00","og_image":[{"width":1024,"height":639,"url":"https:\/\/lyonbondyblog.fr\/LBB\/wp-content\/uploads\/2018\/10\/collomb_montage-1024x639.png","type":"image\/png"}],"author":"La r\u00e9daction","twitter_card":"summary_large_image","twitter_creator":"@BondyBlogLyon","twitter_site":"@bondybloglyon","schema":{"@context":"https:\/\/schema.org","@graph":[{"@type":"Article","@id":"https:\/\/lyonbondyblog.fr\/LBB\/gerard-collomb-ou-comment-ne-plus-etre-prophete-en-son-pays\/#article","isPartOf":{"@id":"https:\/\/lyonbondyblog.fr\/LBB\/gerard-collomb-ou-comment-ne-plus-etre-prophete-en-son-pays\/"},"author":{"name":"La r\u00e9daction","@id":"https:\/\/lyonbondyblog.fr\/LBB\/#\/schema\/person\/e45f8d27baac75072daa0be50c409b25"},"headline":"G\u00e9rard Collomb\u00a0ou comment ne plus \u00eatre proph\u00e8te en son pays.","datePublished":"2018-10-03T21:00:16+00:00","dateModified":"2018-10-03T21:00:16+00:00","mainEntityOfPage":{"@id":"https:\/\/lyonbondyblog.fr\/LBB\/gerard-collomb-ou-comment-ne-plus-etre-prophete-en-son-pays\/"},"wordCount":581,"commentCount":0,"publisher":{"@id":"https:\/\/lyonbondyblog.fr\/LBB\/#organization"},"image":{"@id":"https:\/\/lyonbondyblog.fr\/LBB\/gerard-collomb-ou-comment-ne-plus-etre-prophete-en-son-pays\/#primaryimage"},"thumbnailUrl":"https:\/\/lyonbondyblog.fr\/LBB\/wp-content\/uploads\/2018\/10\/collomb_montage.png","articleSection":["Politique"],"inLanguage":"fr-FR","potentialAction":[{"@type":"CommentAction","name":"Comment","target":["https:\/\/lyonbondyblog.fr\/LBB\/gerard-collomb-ou-comment-ne-plus-etre-prophete-en-son-pays\/#respond"]}]},{"@type":"WebPage","@id":"https:\/\/lyonbondyblog.fr\/LBB\/gerard-collomb-ou-comment-ne-plus-etre-prophete-en-son-pays\/","url":"https:\/\/lyonbondyblog.fr\/LBB\/gerard-collomb-ou-comment-ne-plus-etre-prophete-en-son-pays\/","name":"G\u00e9rard Collomb\u00a0ou comment ne plus \u00eatre proph\u00e8te en son pays. - Lyon Bondy Blog","isPartOf":{"@id":"https:\/\/lyonbondyblog.fr\/LBB\/#website"},"primaryImageOfPage":{"@id":"https:\/\/lyonbondyblog.fr\/LBB\/gerard-collomb-ou-comment-ne-plus-etre-prophete-en-son-pays\/#primaryimage"},"image":{"@id":"https:\/\/lyonbondyblog.fr\/LBB\/gerard-collomb-ou-comment-ne-plus-etre-prophete-en-son-pays\/#primaryimage"},"thumbnailUrl":"https:\/\/lyonbondyblog.fr\/LBB\/wp-content\/uploads\/2018\/10\/collomb_montage.png","datePublished":"2018-10-03T21:00:16+00:00","dateModified":"2018-10-03T21:00:16+00:00","description":"Apr\u00e8s la d\u00e9mission pr\u00e9cipit\u00e9e de G\u00e9rard Collomb, le Lyon Bondy Blog a recueilli les nombreuses r\u00e9actions\u00a0 des \u00e9lus de diff\u00e9rents bords.","inLanguage":"fr-FR","potentialAction":[{"@type":"ReadAction","target":["https:\/\/lyonbondyblog.fr\/LBB\/gerard-collomb-ou-comment-ne-plus-etre-prophete-en-son-pays\/"]}]},{"@type":"ImageObject","inLanguage":"fr-FR","@id":"https:\/\/lyonbondyblog.fr\/LBB\/gerard-collomb-ou-comment-ne-plus-etre-prophete-en-son-pays\/#primaryimage","url":"https:\/\/lyonbondyblog.fr\/LBB\/wp-content\/uploads\/2018\/10\/collomb_montage.png","contentUrl":"https:\/\/lyonbondyblog.fr\/LBB\/wp-content\/uploads\/2018\/10\/collomb_montage.png","width":1920,"height":1198},{"@type":"WebSite","@id":"https:\/\/lyonbondyblog.fr\/LBB\/#website","url":"https:\/\/lyonbondyblog.fr\/LBB\/","name":"Lyon Bondy Blog","description":"","publisher":{"@id":"https:\/\/lyonbondyblog.fr\/LBB\/#organization"},"potentialAction":[{"@type":"SearchAction","target":{"@type":"EntryPoint","urlTemplate":"https:\/\/lyonbondyblog.fr\/LBB\/?s={search_term_string}"},"query-input":"required name=search_term_string"}],"inLanguage":"fr-FR"},{"@type":"Organization","@id":"https:\/\/lyonbondyblog.fr\/LBB\/#organization","name":"LYON BONDY BLOG","url":"https:\/\/lyonbondyblog.fr\/LBB\/","logo":{"@type":"ImageObject","inLanguage":"fr-FR","@id":"https:\/\/lyonbondyblog.fr\/LBB\/#\/schema\/logo\/image\/","url":"http:\/\/lyonbondyblog.fr\/LBB\/wp-content\/uploads\/2014\/10\/logo-portable-144.png","contentUrl":"http:\/\/lyonbondyblog.fr\/LBB\/wp-content\/uploads\/2014\/10\/logo-portable-144.png","width":144,"height":123,"caption":"LYON BONDY BLOG"},"image":{"@id":"https:\/\/lyonbondyblog.fr\/LBB\/#\/schema\/logo\/image\/"},"sameAs":["https:\/\/www.facebook.com\/lyonbondyblog","https:\/\/x.com\/bondybloglyon"]},{"@type":"Person","@id":"https:\/\/lyonbondyblog.fr\/LBB\/#\/schema\/person\/e45f8d27baac75072daa0be50c409b25","name":"La r\u00e9daction","description":"Cr\u00e9e en 2008, la r\u00e9daction du Lyon Bondy Blog s'applique \u00e0 proposer une information locale diff\u00e9rente et compl\u00e9mentaire des m\u00e9dias traditionnels.","sameAs":["https:\/\/www.facebook.com\/lyonbondyblog","https:\/\/x.com\/BondyBlogLyon"],"url":"https:\/\/lyonbondyblog.fr\/LBB\/author\/admin\/"}]}},"_links":{"self":[{"href":"https:\/\/lyonbondyblog.fr\/LBB\/wp-json\/wp\/v2\/posts\/14347","targetHints":{"allow":["GET"]}}],"collection":[{"href":"https:\/\/lyonbondyblog.fr\/LBB\/wp-json\/wp\/v2\/posts"}],"about":[{"href":"https:\/\/lyonbondyblog.fr\/LBB\/wp-json\/wp\/v2\/types\/post"}],"author":[{"embeddable":true,"href":"https:\/\/lyonbondyblog.fr\/LBB\/wp-json\/wp\/v2\/users\/1"}],"replies":[{"embeddable":true,"href":"https:\/\/lyonbondyblog.fr\/LBB\/wp-json\/wp\/v2\/comments?post=14347"}],"version-history":[{"count":1,"href":"https:\/\/lyonbondyblog.fr\/LBB\/wp-json\/wp\/v2\/posts\/14347\/revisions"}],"predecessor-version":[{"id":14349,"href":"https:\/\/lyonbondyblog.fr\/LBB\/wp-json\/wp\/v2\/posts\/14347\/revisions\/14349"}],"wp:featuredmedia":[{"embeddable":true,"href":"https:\/\/lyonbondyblog.fr\/LBB\/wp-json\/wp\/v2\/media\/14348"}],"wp:attachment":[{"href":"https:\/\/lyonbondyblog.fr\/LBB\/wp-json\/wp\/v2\/media?parent=14347"}],"wp:term":[{"taxonomy":"category","embeddable":true,"href":"https:\/\/lyonbondyblog.fr\/LBB\/wp-json\/wp\/v2\/categories?post=14347"},{"taxonomy":"post_tag","embeddable":true,"href":"https:\/\/lyonbondyblog.fr\/LBB\/wp-json\/wp\/v2\/tags?post=14347"}],"curies":[{"name":"wp","href":"https:\/\/api.w.org\/{rel}","templated":true}]}}