{"id":14335,"date":"2018-10-03T18:58:11","date_gmt":"2018-10-03T16:58:11","guid":{"rendered":"http:\/\/lyonbondyblog.fr\/LBB\/?p=14335"},"modified":"2018-10-03T19:03:52","modified_gmt":"2018-10-03T17:03:52","slug":"a-croix-rousse-un-nouveau-squat-pour-des-mineurs-isoles-en-situation-migratoire","status":"publish","type":"post","link":"https:\/\/lyonbondyblog.fr\/LBB\/a-croix-rousse-un-nouveau-squat-pour-des-mineurs-isoles-en-situation-migratoire\/","title":{"rendered":"\u00c0 Croix Rousse, un nouveau squat pour des mineurs isol\u00e9s en situation migratoire."},"content":{"rendered":"<p class=\"p3\"><em><span class=\"s1\">Mardi 24 Septembre, un nouveau<a href=\"https:\/\/lyonbondyblog.fr\/LBB\/recits-dun-squat-lyonnais-politique-et-social-partie-i-la-cabine\/\"> squat<\/a> a ouvert \u00e0 Croix-Rousse. Le coll\u00e8ge abandonn\u00e9 Maurice Sc\u00e8ve accueille plus d\u2019une cinquantaine de mineurs isol\u00e9s.\u00a0 Ils dormaient depuis un mois dans un petit jardin sur les pentes, menac\u00e9 d\u2019expulsion imminente. <\/span><\/em><\/p>\n<p class=\"p3\"><span class=\"s1\">Des habitant\u00b7e\u00b7s de la croix Rousse, accompagn\u00e9\u00b7e\u00b7s de militant\u00b7e\u00b7s autonomes, ont ouvert la parcelle <\/span><span class=\"s2\">appartenant \u00e0 la m\u00e9tropole <\/span><span class=\"s1\">situ\u00e9e pr\u00e8s du Gros Caillou. L\u2019ancien coll\u00e8ge, bariol\u00e9 de graffitis et lieu incontournable des shootings photos urbains \u00e0 Lyon, est devenu le refuge de plus d&rsquo;une cinquantaine de jeunes originaires de pays d\u2019Afrique subsaharienne. <\/span><\/p>\n<p>&nbsp;<\/p>\n<h2><span style=\"font-family: georgia, palatino, serif\"><strong>Une organisation partag\u00e9e<\/strong><\/span><\/h2>\n<p class=\"p3\"><span class=\"s1\">Les habitants sont d\u00e9sormais presque assur\u00e9s de ne pas \u00eatre \u00e0 la rue jusqu\u2019\u00e0 la fin de la tr\u00eave hivernale. Chaque jour, des dizaines de soutiens se relayent pour apporter v\u00eatements, nourriture, et soutien administratif.<\/span><\/p>\n<figure id=\"attachment_14336\" aria-describedby=\"caption-attachment-14336\" style=\"width: 300px\" class=\"wp-caption aligncenter\"><a href=\"https:\/\/lyonbondyblog.fr\/LBB\/wp-content\/uploads\/2018\/10\/43078594_866598030395798_6028785936299458560_n.jpg\"><img loading=\"lazy\" decoding=\"async\" class=\"size-medium wp-image-14336\" src=\"https:\/\/lyonbondyblog.fr\/LBB\/wp-content\/uploads\/2018\/10\/43078594_866598030395798_6028785936299458560_n-300x225.jpg\" alt=\"\" width=\"300\" height=\"225\" srcset=\"https:\/\/lyonbondyblog.fr\/LBB\/wp-content\/uploads\/2018\/10\/43078594_866598030395798_6028785936299458560_n-300x225.jpg 300w, https:\/\/lyonbondyblog.fr\/LBB\/wp-content\/uploads\/2018\/10\/43078594_866598030395798_6028785936299458560_n-768x576.jpg 768w, https:\/\/lyonbondyblog.fr\/LBB\/wp-content\/uploads\/2018\/10\/43078594_866598030395798_6028785936299458560_n-1024x768.jpg 1024w, https:\/\/lyonbondyblog.fr\/LBB\/wp-content\/uploads\/2018\/10\/43078594_866598030395798_6028785936299458560_n-600x450.jpg 600w\" sizes=\"auto, (max-width: 300px) 100vw, 300px\" \/><\/a><figcaption id=\"caption-attachment-14336\" class=\"wp-caption-text\">L&rsquo;entr\u00e9e du coll\u00e8ge Maurice Sc\u00e8ve occup\u00e9.<\/figcaption><\/figure>\n<p class=\"p3\"><span class=\"s1\">Sur sa page facebook, un groupe proche de <\/span><span class=\"s2\">la Ligue de D\u00e9fense Noire Africaine (LDNA)<\/span><span class=\"s1\"> attaque les autres collectifs, qui auraient selon eux forc\u00e9 les jeunes \u00e0 entrer dans le squat et les tiendraient s\u00e9questr\u00e9s. <\/span><span class=\"s2\">Le Lyon Bondy blog a <\/span><span class=\"s1\">constat\u00e9 que cette accusa<\/span><span class=\"s3\">tion \u00e9tait fausse<\/span><span class=\"s2\">, observant les all\u00e9es et venues libres des mineurs occupant les lieux.<\/span><\/p>\n<p class=\"p3\"><span class=\"s1\">Malgr\u00e9 cette tension, les habitants du lieu et leur soutiens <\/span><span class=\"s2\">(et les personnes, internes aux associations de soutiens ou non)<\/span><span class=\"s1\"> commencent \u00e0 se r\u00e9unir pour am\u00e9nager les nombreux locaux.<\/span><\/p>\n<figure id=\"attachment_14337\" aria-describedby=\"caption-attachment-14337\" style=\"width: 300px\" class=\"wp-caption aligncenter\"><a href=\"https:\/\/lyonbondyblog.fr\/LBB\/wp-content\/uploads\/2018\/10\/43173564_1899840886985616_219556670882185216_n.jpg\"><img loading=\"lazy\" decoding=\"async\" class=\"size-medium wp-image-14337\" src=\"https:\/\/lyonbondyblog.fr\/LBB\/wp-content\/uploads\/2018\/10\/43173564_1899840886985616_219556670882185216_n-300x225.jpg\" alt=\"\" width=\"300\" height=\"225\" srcset=\"https:\/\/lyonbondyblog.fr\/LBB\/wp-content\/uploads\/2018\/10\/43173564_1899840886985616_219556670882185216_n-300x225.jpg 300w, https:\/\/lyonbondyblog.fr\/LBB\/wp-content\/uploads\/2018\/10\/43173564_1899840886985616_219556670882185216_n-768x576.jpg 768w, https:\/\/lyonbondyblog.fr\/LBB\/wp-content\/uploads\/2018\/10\/43173564_1899840886985616_219556670882185216_n-1024x768.jpg 1024w, https:\/\/lyonbondyblog.fr\/LBB\/wp-content\/uploads\/2018\/10\/43173564_1899840886985616_219556670882185216_n-600x450.jpg 600w\" sizes=\"auto, (max-width: 300px) 100vw, 300px\" \/><\/a><figcaption id=\"caption-attachment-14337\" class=\"wp-caption-text\">L&rsquo;ancienne place o\u00f9 dormaient les mineurs est d\u00e9sormais vide<\/figcaption><\/figure>\n<p>&nbsp;<\/p>\n<h2><strong>Une solidarit\u00e9 citoyenne face \u00e0 la politique<\/strong><\/h2>\n<p class=\"p3\"><span class=\"s1\">Les occupant\u00b7e\u00b7s ont lanc\u00e9 un appel \u00e0 dons, car les lieux ne sont pas encore \u00e9quip\u00e9s : lits, draps, \u00e9lectrom\u00e9nager&#8230; Hormis l&rsquo;eau et l&rsquo;\u00e9lectricit\u00e9, les b\u00e2timents restent encore v\u00e9tustes.<\/span><\/p>\n<p><span class=\"s5\">Le 17 septembre, le conseil m\u00e9tropolitain se r\u00e9unissait afin de traiter des questions relatives \u00e0 la responsabilit\u00e9 de la M\u00e9tropole. Malgr\u00e9 la demande de certains \u00e9lus et des soutiens citoyens, les questions de l<a href=\"https:\/\/lyonbondyblog.fr\/LBB\/pique-nique-pour-les-mineurs-isoles\/\">&lsquo;h\u00e9bergement des mineurs isol\u00e9s \u00e9trangers<\/a> ne sont<\/span><span class=\"s6\"> toujours<\/span><span class=\"s5\"> pas trait\u00e9es. Nathalie Perrin<\/span><span class=\"s6\">&#8211;<\/span><span class=\"s5\">Gilbert, maire du 1er arrondissement, <a href=\"http:\/\/data.over-blog-kiwi.com\/0\/97\/67\/31\/20180910\/ob_2e91f2_voeu-depose-en-vue-du-conseil-metro.pdf\">a tenu \u00e0 rappeler<\/a> que la mise \u00e0 l&rsquo;abri ainsi que la pr\u00e9somption d\u2019innocence inscrites dans la loi ne son actuellement pas respect\u00e9es.<\/span><\/p>\n<!-- AddThis Advanced Settings generic via filter on the_content --><!-- AddThis Share Buttons generic via filter on the_content -->","protected":false},"excerpt":{"rendered":"<p>Mardi 24 Septembre, un nouveau squat a ouvert \u00e0 Croix-Rousse. Le coll\u00e8ge abandonn\u00e9 Maurice Sc\u00e8ve accueille plus d\u2019une cinquantaine de mineurs isol\u00e9s.\u00a0 Ils dormaient depuis &hellip; <!-- AddThis Advanced Settings generic via filter on wp_trim_excerpt --><!-- AddThis Share Buttons generic via filter on wp_trim_excerpt --><\/p>\n","protected":false},"author":791,"featured_media":14336,"comment_status":"open","ping_status":"open","sticky":false,"template":"","format":"standard","meta":{"_FSMCFIC_featured_image_caption":"","_FSMCFIC_featured_image_nocaption":"","_FSMCFIC_featured_image_hide":"","footnotes":""},"categories":[4],"tags":[6489,452,6488,6490,10,1277,1657,6485,784,892,2300,6486,6487],"class_list":["post-14335","post","type-post","status-publish","format-standard","has-post-thumbnail","hentry","category-lyon","tag-1er-arrondissement","tag-croix-rousse","tag-graffitis","tag-jeuens","tag-lyon-2","tag-metropole","tag-migrants","tag-mineurs-isoles","tag-nathalie-perrin-gilbert","tag-refugies","tag-rue","tag-squat","tag-squats"],"yoast_head":"<!-- This site is optimized with the Yoast SEO plugin v22.8 - https:\/\/yoast.com\/wordpress\/plugins\/seo\/ -->\n<title>\u00c0 Croix Rousse, un nouveau squat pour des mineurs isol\u00e9s en situation migratoire. - Lyon Bondy Blog<\/title>\n<meta name=\"robots\" content=\"index, follow, max-snippet:-1, max-image-preview:large, max-video-preview:-1\" \/>\n<link rel=\"canonical\" href=\"https:\/\/lyonbondyblog.fr\/LBB\/a-croix-rousse-un-nouveau-squat-pour-des-mineurs-isoles-en-situation-migratoire\/\" \/>\n<meta property=\"og:locale\" content=\"fr_FR\" \/>\n<meta property=\"og:type\" content=\"article\" \/>\n<meta property=\"og:title\" content=\"\u00c0 Croix Rousse, un nouveau squat pour des mineurs isol\u00e9s en situation migratoire. - Lyon Bondy Blog\" \/>\n<meta property=\"og:description\" content=\"Mardi 24 Septembre, un nouveau squat a ouvert \u00e0 Croix-Rousse. Le coll\u00e8ge abandonn\u00e9 Maurice Sc\u00e8ve accueille plus d\u2019une cinquantaine de mineurs isol\u00e9s.\u00a0 Ils dormaient depuis &hellip;\" \/>\n<meta property=\"og:url\" content=\"https:\/\/lyonbondyblog.fr\/LBB\/a-croix-rousse-un-nouveau-squat-pour-des-mineurs-isoles-en-situation-migratoire\/\" \/>\n<meta property=\"og:site_name\" content=\"Lyon Bondy Blog\" \/>\n<meta property=\"article:publisher\" content=\"https:\/\/www.facebook.com\/lyonbondyblog\" \/>\n<meta property=\"article:published_time\" content=\"2018-10-03T16:58:11+00:00\" \/>\n<meta property=\"article:modified_time\" content=\"2018-10-03T17:03:52+00:00\" \/>\n<meta property=\"og:image\" content=\"https:\/\/lyonbondyblog.fr\/LBB\/wp-content\/uploads\/2018\/10\/43078594_866598030395798_6028785936299458560_n-1024x768.jpg\" \/>\n\t<meta property=\"og:image:width\" content=\"1024\" \/>\n\t<meta property=\"og:image:height\" content=\"768\" \/>\n\t<meta property=\"og:image:type\" content=\"image\/jpeg\" \/>\n<meta name=\"author\" content=\"Marta Sobkow\" \/>\n<meta name=\"twitter:card\" content=\"summary_large_image\" \/>\n<meta name=\"twitter:creator\" content=\"@bondybloglyon\" \/>\n<meta name=\"twitter:site\" content=\"@bondybloglyon\" \/>\n<script type=\"application\/ld+json\" class=\"yoast-schema-graph\">{\"@context\":\"https:\/\/schema.org\",\"@graph\":[{\"@type\":\"Article\",\"@id\":\"https:\/\/lyonbondyblog.fr\/LBB\/a-croix-rousse-un-nouveau-squat-pour-des-mineurs-isoles-en-situation-migratoire\/#article\",\"isPartOf\":{\"@id\":\"https:\/\/lyonbondyblog.fr\/LBB\/a-croix-rousse-un-nouveau-squat-pour-des-mineurs-isoles-en-situation-migratoire\/\"},\"author\":{\"name\":\"Marta Sobkow\",\"@id\":\"https:\/\/lyonbondyblog.fr\/LBB\/#\/schema\/person\/9efc8c9c076ca7f5b507c3fcb0ec7d5f\"},\"headline\":\"\u00c0 Croix Rousse, un nouveau squat pour des mineurs isol\u00e9s en situation migratoire.\",\"datePublished\":\"2018-10-03T16:58:11+00:00\",\"dateModified\":\"2018-10-03T17:03:52+00:00\",\"mainEntityOfPage\":{\"@id\":\"https:\/\/lyonbondyblog.fr\/LBB\/a-croix-rousse-un-nouveau-squat-pour-des-mineurs-isoles-en-situation-migratoire\/\"},\"wordCount\":402,\"commentCount\":0,\"publisher\":{\"@id\":\"https:\/\/lyonbondyblog.fr\/LBB\/#organization\"},\"image\":{\"@id\":\"https:\/\/lyonbondyblog.fr\/LBB\/a-croix-rousse-un-nouveau-squat-pour-des-mineurs-isoles-en-situation-migratoire\/#primaryimage\"},\"thumbnailUrl\":\"https:\/\/lyonbondyblog.fr\/LBB\/wp-content\/uploads\/2018\/10\/43078594_866598030395798_6028785936299458560_n.jpg\",\"keywords\":[\"1er arrondissement\",\"croix rousse\",\"graffitis\",\"jeuens\",\"lyon\",\"M\u00e9tropole\",\"migrants\",\"mineurs isol\u00e9s\",\"Nathalie PERRIN-GILBERT\",\"r\u00e9fugi\u00e9s\",\"rue\",\"squat\",\"squats\"],\"articleSection\":[\"Lyon\"],\"inLanguage\":\"fr-FR\",\"potentialAction\":[{\"@type\":\"CommentAction\",\"name\":\"Comment\",\"target\":[\"https:\/\/lyonbondyblog.fr\/LBB\/a-croix-rousse-un-nouveau-squat-pour-des-mineurs-isoles-en-situation-migratoire\/#respond\"]}]},{\"@type\":\"WebPage\",\"@id\":\"https:\/\/lyonbondyblog.fr\/LBB\/a-croix-rousse-un-nouveau-squat-pour-des-mineurs-isoles-en-situation-migratoire\/\",\"url\":\"https:\/\/lyonbondyblog.fr\/LBB\/a-croix-rousse-un-nouveau-squat-pour-des-mineurs-isoles-en-situation-migratoire\/\",\"name\":\"\u00c0 Croix Rousse, un nouveau squat pour des mineurs isol\u00e9s en situation migratoire. - Lyon Bondy Blog\",\"isPartOf\":{\"@id\":\"https:\/\/lyonbondyblog.fr\/LBB\/#website\"},\"primaryImageOfPage\":{\"@id\":\"https:\/\/lyonbondyblog.fr\/LBB\/a-croix-rousse-un-nouveau-squat-pour-des-mineurs-isoles-en-situation-migratoire\/#primaryimage\"},\"image\":{\"@id\":\"https:\/\/lyonbondyblog.fr\/LBB\/a-croix-rousse-un-nouveau-squat-pour-des-mineurs-isoles-en-situation-migratoire\/#primaryimage\"},\"thumbnailUrl\":\"https:\/\/lyonbondyblog.fr\/LBB\/wp-content\/uploads\/2018\/10\/43078594_866598030395798_6028785936299458560_n.jpg\",\"datePublished\":\"2018-10-03T16:58:11+00:00\",\"dateModified\":\"2018-10-03T17:03:52+00:00\",\"inLanguage\":\"fr-FR\",\"potentialAction\":[{\"@type\":\"ReadAction\",\"target\":[\"https:\/\/lyonbondyblog.fr\/LBB\/a-croix-rousse-un-nouveau-squat-pour-des-mineurs-isoles-en-situation-migratoire\/\"]}]},{\"@type\":\"ImageObject\",\"inLanguage\":\"fr-FR\",\"@id\":\"https:\/\/lyonbondyblog.fr\/LBB\/a-croix-rousse-un-nouveau-squat-pour-des-mineurs-isoles-en-situation-migratoire\/#primaryimage\",\"url\":\"https:\/\/lyonbondyblog.fr\/LBB\/wp-content\/uploads\/2018\/10\/43078594_866598030395798_6028785936299458560_n.jpg\",\"contentUrl\":\"https:\/\/lyonbondyblog.fr\/LBB\/wp-content\/uploads\/2018\/10\/43078594_866598030395798_6028785936299458560_n.jpg\",\"width\":4032,\"height\":3024,\"caption\":\"L'entr\u00e9e du coll\u00e8ge Maurice Sc\u00e8ve occup\u00e9.\"},{\"@type\":\"WebSite\",\"@id\":\"https:\/\/lyonbondyblog.fr\/LBB\/#website\",\"url\":\"https:\/\/lyonbondyblog.fr\/LBB\/\",\"name\":\"Lyon Bondy Blog\",\"description\":\"\",\"publisher\":{\"@id\":\"https:\/\/lyonbondyblog.fr\/LBB\/#organization\"},\"potentialAction\":[{\"@type\":\"SearchAction\",\"target\":{\"@type\":\"EntryPoint\",\"urlTemplate\":\"https:\/\/lyonbondyblog.fr\/LBB\/?s={search_term_string}\"},\"query-input\":\"required name=search_term_string\"}],\"inLanguage\":\"fr-FR\"},{\"@type\":\"Organization\",\"@id\":\"https:\/\/lyonbondyblog.fr\/LBB\/#organization\",\"name\":\"LYON BONDY BLOG\",\"url\":\"https:\/\/lyonbondyblog.fr\/LBB\/\",\"logo\":{\"@type\":\"ImageObject\",\"inLanguage\":\"fr-FR\",\"@id\":\"https:\/\/lyonbondyblog.fr\/LBB\/#\/schema\/logo\/image\/\",\"url\":\"http:\/\/lyonbondyblog.fr\/LBB\/wp-content\/uploads\/2014\/10\/logo-portable-144.png\",\"contentUrl\":\"http:\/\/lyonbondyblog.fr\/LBB\/wp-content\/uploads\/2014\/10\/logo-portable-144.png\",\"width\":144,\"height\":123,\"caption\":\"LYON BONDY BLOG\"},\"image\":{\"@id\":\"https:\/\/lyonbondyblog.fr\/LBB\/#\/schema\/logo\/image\/\"},\"sameAs\":[\"https:\/\/www.facebook.com\/lyonbondyblog\",\"https:\/\/x.com\/bondybloglyon\"]},{\"@type\":\"Person\",\"@id\":\"https:\/\/lyonbondyblog.fr\/LBB\/#\/schema\/person\/9efc8c9c076ca7f5b507c3fcb0ec7d5f\",\"name\":\"Marta Sobkow\",\"url\":\"https:\/\/lyonbondyblog.fr\/LBB\/author\/marthe-sobkow\/\"}]}<\/script>\n<!-- \/ Yoast SEO plugin. -->","yoast_head_json":{"title":"\u00c0 Croix Rousse, un nouveau squat pour des mineurs isol\u00e9s en situation migratoire. - Lyon Bondy Blog","robots":{"index":"index","follow":"follow","max-snippet":"max-snippet:-1","max-image-preview":"max-image-preview:large","max-video-preview":"max-video-preview:-1"},"canonical":"https:\/\/lyonbondyblog.fr\/LBB\/a-croix-rousse-un-nouveau-squat-pour-des-mineurs-isoles-en-situation-migratoire\/","og_locale":"fr_FR","og_type":"article","og_title":"\u00c0 Croix Rousse, un nouveau squat pour des mineurs isol\u00e9s en situation migratoire. - Lyon Bondy Blog","og_description":"Mardi 24 Septembre, un nouveau squat a ouvert \u00e0 Croix-Rousse. Le coll\u00e8ge abandonn\u00e9 Maurice Sc\u00e8ve accueille plus d\u2019une cinquantaine de mineurs isol\u00e9s.\u00a0 Ils dormaient depuis &hellip;","og_url":"https:\/\/lyonbondyblog.fr\/LBB\/a-croix-rousse-un-nouveau-squat-pour-des-mineurs-isoles-en-situation-migratoire\/","og_site_name":"Lyon Bondy Blog","article_publisher":"https:\/\/www.facebook.com\/lyonbondyblog","article_published_time":"2018-10-03T16:58:11+00:00","article_modified_time":"2018-10-03T17:03:52+00:00","og_image":[{"width":1024,"height":768,"url":"https:\/\/lyonbondyblog.fr\/LBB\/wp-content\/uploads\/2018\/10\/43078594_866598030395798_6028785936299458560_n-1024x768.jpg","type":"image\/jpeg"}],"author":"Marta Sobkow","twitter_card":"summary_large_image","twitter_creator":"@bondybloglyon","twitter_site":"@bondybloglyon","schema":{"@context":"https:\/\/schema.org","@graph":[{"@type":"Article","@id":"https:\/\/lyonbondyblog.fr\/LBB\/a-croix-rousse-un-nouveau-squat-pour-des-mineurs-isoles-en-situation-migratoire\/#article","isPartOf":{"@id":"https:\/\/lyonbondyblog.fr\/LBB\/a-croix-rousse-un-nouveau-squat-pour-des-mineurs-isoles-en-situation-migratoire\/"},"author":{"name":"Marta Sobkow","@id":"https:\/\/lyonbondyblog.fr\/LBB\/#\/schema\/person\/9efc8c9c076ca7f5b507c3fcb0ec7d5f"},"headline":"\u00c0 Croix Rousse, un nouveau squat pour des mineurs isol\u00e9s en situation migratoire.","datePublished":"2018-10-03T16:58:11+00:00","dateModified":"2018-10-03T17:03:52+00:00","mainEntityOfPage":{"@id":"https:\/\/lyonbondyblog.fr\/LBB\/a-croix-rousse-un-nouveau-squat-pour-des-mineurs-isoles-en-situation-migratoire\/"},"wordCount":402,"commentCount":0,"publisher":{"@id":"https:\/\/lyonbondyblog.fr\/LBB\/#organization"},"image":{"@id":"https:\/\/lyonbondyblog.fr\/LBB\/a-croix-rousse-un-nouveau-squat-pour-des-mineurs-isoles-en-situation-migratoire\/#primaryimage"},"thumbnailUrl":"https:\/\/lyonbondyblog.fr\/LBB\/wp-content\/uploads\/2018\/10\/43078594_866598030395798_6028785936299458560_n.jpg","keywords":["1er arrondissement","croix rousse","graffitis","jeuens","lyon","M\u00e9tropole","migrants","mineurs isol\u00e9s","Nathalie PERRIN-GILBERT","r\u00e9fugi\u00e9s","rue","squat","squats"],"articleSection":["Lyon"],"inLanguage":"fr-FR","potentialAction":[{"@type":"CommentAction","name":"Comment","target":["https:\/\/lyonbondyblog.fr\/LBB\/a-croix-rousse-un-nouveau-squat-pour-des-mineurs-isoles-en-situation-migratoire\/#respond"]}]},{"@type":"WebPage","@id":"https:\/\/lyonbondyblog.fr\/LBB\/a-croix-rousse-un-nouveau-squat-pour-des-mineurs-isoles-en-situation-migratoire\/","url":"https:\/\/lyonbondyblog.fr\/LBB\/a-croix-rousse-un-nouveau-squat-pour-des-mineurs-isoles-en-situation-migratoire\/","name":"\u00c0 Croix Rousse, un nouveau squat pour des mineurs isol\u00e9s en situation migratoire. - Lyon Bondy Blog","isPartOf":{"@id":"https:\/\/lyonbondyblog.fr\/LBB\/#website"},"primaryImageOfPage":{"@id":"https:\/\/lyonbondyblog.fr\/LBB\/a-croix-rousse-un-nouveau-squat-pour-des-mineurs-isoles-en-situation-migratoire\/#primaryimage"},"image":{"@id":"https:\/\/lyonbondyblog.fr\/LBB\/a-croix-rousse-un-nouveau-squat-pour-des-mineurs-isoles-en-situation-migratoire\/#primaryimage"},"thumbnailUrl":"https:\/\/lyonbondyblog.fr\/LBB\/wp-content\/uploads\/2018\/10\/43078594_866598030395798_6028785936299458560_n.jpg","datePublished":"2018-10-03T16:58:11+00:00","dateModified":"2018-10-03T17:03:52+00:00","inLanguage":"fr-FR","potentialAction":[{"@type":"ReadAction","target":["https:\/\/lyonbondyblog.fr\/LBB\/a-croix-rousse-un-nouveau-squat-pour-des-mineurs-isoles-en-situation-migratoire\/"]}]},{"@type":"ImageObject","inLanguage":"fr-FR","@id":"https:\/\/lyonbondyblog.fr\/LBB\/a-croix-rousse-un-nouveau-squat-pour-des-mineurs-isoles-en-situation-migratoire\/#primaryimage","url":"https:\/\/lyonbondyblog.fr\/LBB\/wp-content\/uploads\/2018\/10\/43078594_866598030395798_6028785936299458560_n.jpg","contentUrl":"https:\/\/lyonbondyblog.fr\/LBB\/wp-content\/uploads\/2018\/10\/43078594_866598030395798_6028785936299458560_n.jpg","width":4032,"height":3024,"caption":"L'entr\u00e9e du coll\u00e8ge Maurice Sc\u00e8ve occup\u00e9."},{"@type":"WebSite","@id":"https:\/\/lyonbondyblog.fr\/LBB\/#website","url":"https:\/\/lyonbondyblog.fr\/LBB\/","name":"Lyon Bondy Blog","description":"","publisher":{"@id":"https:\/\/lyonbondyblog.fr\/LBB\/#organization"},"potentialAction":[{"@type":"SearchAction","target":{"@type":"EntryPoint","urlTemplate":"https:\/\/lyonbondyblog.fr\/LBB\/?s={search_term_string}"},"query-input":"required name=search_term_string"}],"inLanguage":"fr-FR"},{"@type":"Organization","@id":"https:\/\/lyonbondyblog.fr\/LBB\/#organization","name":"LYON BONDY BLOG","url":"https:\/\/lyonbondyblog.fr\/LBB\/","logo":{"@type":"ImageObject","inLanguage":"fr-FR","@id":"https:\/\/lyonbondyblog.fr\/LBB\/#\/schema\/logo\/image\/","url":"http:\/\/lyonbondyblog.fr\/LBB\/wp-content\/uploads\/2014\/10\/logo-portable-144.png","contentUrl":"http:\/\/lyonbondyblog.fr\/LBB\/wp-content\/uploads\/2014\/10\/logo-portable-144.png","width":144,"height":123,"caption":"LYON BONDY BLOG"},"image":{"@id":"https:\/\/lyonbondyblog.fr\/LBB\/#\/schema\/logo\/image\/"},"sameAs":["https:\/\/www.facebook.com\/lyonbondyblog","https:\/\/x.com\/bondybloglyon"]},{"@type":"Person","@id":"https:\/\/lyonbondyblog.fr\/LBB\/#\/schema\/person\/9efc8c9c076ca7f5b507c3fcb0ec7d5f","name":"Marta Sobkow","url":"https:\/\/lyonbondyblog.fr\/LBB\/author\/marthe-sobkow\/"}]}},"_links":{"self":[{"href":"https:\/\/lyonbondyblog.fr\/LBB\/wp-json\/wp\/v2\/posts\/14335","targetHints":{"allow":["GET"]}}],"collection":[{"href":"https:\/\/lyonbondyblog.fr\/LBB\/wp-json\/wp\/v2\/posts"}],"about":[{"href":"https:\/\/lyonbondyblog.fr\/LBB\/wp-json\/wp\/v2\/types\/post"}],"author":[{"embeddable":true,"href":"https:\/\/lyonbondyblog.fr\/LBB\/wp-json\/wp\/v2\/users\/791"}],"replies":[{"embeddable":true,"href":"https:\/\/lyonbondyblog.fr\/LBB\/wp-json\/wp\/v2\/comments?post=14335"}],"version-history":[{"count":6,"href":"https:\/\/lyonbondyblog.fr\/LBB\/wp-json\/wp\/v2\/posts\/14335\/revisions"}],"predecessor-version":[{"id":14345,"href":"https:\/\/lyonbondyblog.fr\/LBB\/wp-json\/wp\/v2\/posts\/14335\/revisions\/14345"}],"wp:featuredmedia":[{"embeddable":true,"href":"https:\/\/lyonbondyblog.fr\/LBB\/wp-json\/wp\/v2\/media\/14336"}],"wp:attachment":[{"href":"https:\/\/lyonbondyblog.fr\/LBB\/wp-json\/wp\/v2\/media?parent=14335"}],"wp:term":[{"taxonomy":"category","embeddable":true,"href":"https:\/\/lyonbondyblog.fr\/LBB\/wp-json\/wp\/v2\/categories?post=14335"},{"taxonomy":"post_tag","embeddable":true,"href":"https:\/\/lyonbondyblog.fr\/LBB\/wp-json\/wp\/v2\/tags?post=14335"}],"curies":[{"name":"wp","href":"https:\/\/api.w.org\/{rel}","templated":true}]}}