{"id":14285,"date":"2018-09-24T18:01:17","date_gmt":"2018-09-24T16:01:17","guid":{"rendered":"http:\/\/lyonbondyblog.fr\/LBB\/?p=14285"},"modified":"2018-09-24T18:03:22","modified_gmt":"2018-09-24T16:03:22","slug":"nathalie-arthaud-politiquement-les-travailleurs-sont-dans-un-grand-desarroi","status":"publish","type":"post","link":"https:\/\/lyonbondyblog.fr\/LBB\/nathalie-arthaud-politiquement-les-travailleurs-sont-dans-un-grand-desarroi\/","title":{"rendered":"Nathalie Arthaud : \u00ab\u00a0Les travailleurs sont dans un grand d\u00e9sarroi.\u00a0\u00bb"},"content":{"rendered":"<h2><b>L\u2019ancienne candidate \u00e0 la pr\u00e9sidentielle Nathalie Arthaud \u00e9tait \u00e0 Saint-Priest ce week-end pour la f\u00eate de Lutte Ouvri\u00e8re. Le Lyon Bondy Blog a pu s\u2019entretenir avec la dirigeante trotskiste.<\/b><\/h2>\n<p><strong>\u00ab\u00a0A l\u2019approche des Europ\u00e9ennes et des municipales, quelles sont les forces en pr\u00e9sence chez Lutte Ouvri\u00e8re ?<\/strong><\/p>\n<p>Je tiens \u00e0 dire que la politique et l\u2019essentiel de ce qui serait n\u00e9cessaire de faire ne se passe pas au niveau des \u00e9lections. Nous pensons que cette soci\u00e9t\u00e9 capitaliste nous m\u00e8ne de catastrophe en catastrophe. Le monde ouvrier qui en est la base, qui subit l\u2019exploitation au quotidien, peut et doit se lever pour combattre cette situation . Nous croyons en leur capacit\u00e9 \u00e0 dire \u00e7a suffit et c\u2019est ind\u00e9pendant des \u00e9lections europ\u00e9ennes ou municipales.<\/p>\n<p><strong>Pourquoi la gauche de la gauche ne parvient pas \u00e0 peser plus ?<\/strong><\/p>\n<p>La question qui se pose c\u2019est comment faire pour que les travailleurs qui subissent ch\u00f4mage de masse, des conditions de travail de plus en plus insupportables puissent exprimer leur col\u00e8re. Et surtout comment la transformer en r\u00e9volte consciente. Des travailleurs qui ont \u00e9t\u00e9 tr\u00e8s attach\u00e9s au parti de gauche comme le parti communiste ou le parti socialiste se sont sentis d\u00e9\u00e7us voire trahis. A chaque fois qu\u2019ils ont acc\u00e9d\u00e9 au pouvoir ils ont gouvern\u00e9 au profit des plus riches. Politiquement les travailleurs sont dans un grand d\u00e9sarroi. Nous nous pensons que les travailleurs constituent la seule force social de fournir une issue \u00e0 la soci\u00e9t\u00e9.\u00a0 Ils sont confront\u00e9s au combat contre la bourgeoisie dominante et sont en mesure de la combattre. Notre combat militant c\u2019est de faire en sorte que les travailleurs se battent avec cette conscience qu\u2019ils peuvent renverser ce syst\u00e8me.<\/p>\n<p><strong>Dans une interview \u00e0 Lib\u00e9ration en mai vous estimiez que <a href=\"https:\/\/www.liberation.fr\/france\/2018\/05\/20\/nathalie-arthaud-mon-ennemi-c-est-la-finance-ne-vous-rappelle-rien_1651426\">\u00ab\u00a0 le gouvernement Hollande a compl\u00e8tement d\u00e9cr\u00e9dibilis\u00e9 l\u2019id\u00e9e qu\u2019il puisse y avoir une gauche qui gouverne diff\u00e9remment de la droite\u00a0\u00bb<\/a>, l\u2019id\u00e9e d\u2019une gauche de gouvernement n\u2019est plus possible selon-vous ?<\/strong><\/p>\n<p>Pas seulement Hollande, \u00e7a a commenc\u00e9 avec Mitterrand. Mitterrand a peut-\u00eatre encore plus de responsabilit\u00e9s tout comme Marchais qui a cautionn\u00e9 cette escroquerie. Apr\u00e8s\u00a0 l\u2019\u00e9lection de 1981 il y a eu beaucoup d\u2019attentes. Pendant deux ans il y a une politique attentiste puis d\u00e8s 1983 expliquait qu\u2019il fallait aller vers des privatisations. Le sentiment de trahison vient de l\u00e0 et a grandi avec Jospin puis Hollande et toute cette comprennent que c\u2019est le patronat qui prosp\u00e8re sur leur dos gauche qui a pr\u00e9tendu changer le sort des travailleurs en acc\u00e9dant au pouvoir.<\/p>\n<p><strong>Le Parti Socialiste tente doucement de se remettre sur pied avec Olivier Faure \u00e0 sa t\u00eate, le parti socialiste a-t-il encore un avenir ?<\/strong><\/p>\n<p>Nous nous moquons totalement de l\u2019avenir de M.Faure et du PS. Ce sont des dirigeants qui ne sont pas dans notre camp. ils ont fait leur preuve du c\u00f4t\u00e9 du patronat. Les travailleurs n\u2019ont pas \u00e0 se sentir lier \u00e0 l\u2019avenir de cette \u00e9curie politicienne comme il y en a tant \u00e0 gauche. La politique qui pr\u00e9tend changer le capitalisme de l\u2019int\u00e9rieur est illusoire, lorsque un travailleur marche dedans il en ressort encore plus d\u00e9moralis\u00e9. Notre combat\u00a0 c\u2019est d\u2018expliquer aux travailleurs qu\u2019il n\u2019y aura pas d\u2019issue. R\u00e9partir le travail entre tous n\u00e9cessite une lutte sociale d\u2019envergure qui impose la remise en cause de la propri\u00e9t\u00e9 priv\u00e9e.<\/p>\n<p><strong><a href=\"https:\/\/halshs.archives-ouvertes.fr\/tel-01701077\/document\">Depuis plusieurs ann\u00e9es on observe un basculement de l\u00a0\u2018\u00e9lectorat populaire vers l\u2019extr\u00eame droite<\/a>, Comment faire pour les rassembler autour de votre discours ?\u00a0<\/strong><\/p>\n<p>Ca fait des d\u00e9cennies que ces partis l\u00e0 qui se disent favorables aux travailleurs se d\u00e9finissaient par une \u00e9tiquette de gauche. Une \u00e9tiquette qui n\u2019avait aucune signification. Socialement, ils s\u2019inscrivaient totalement dans l\u2019ordre bourgeois. Nous pensons que ce qu\u2019il manque aux travailleurs c\u2019est la conscience de leurs int\u00e9r\u00eats de classe qui sont \u00e0 l\u2019oppos\u00e9 de ceux de la bourgeoisie et des capitalistes. Ces id\u00e9es l\u00e0 qui ont \u00e9t\u00e9 abandonn\u00e9s nous devons les revivifier. Beaucoup de travailleurs sont pr\u00eats \u00e0 l\u2019entendre car ils sont confront\u00e9s au pouvoir patronal. S\u2019ils prennent conscience que les responsables c\u2019est la bourgeoisie et le patronn\u00e2t\u00a0 ils arr\u00eateront de se chercher des boucs-\u00e9missaires comme les migrants, l\u2019Union Europ\u00e9enne ou je ne sais quoi. Le sentiment de trahison nourrit des d\u00e9magogues comme Le Pen qui pr\u00f4ne la guerre entre les pauvres.<\/p>\n<p><strong>Le communisme en France a-t-il encore un avenir ?<\/strong><\/p>\n<p>Je vous renvoie la question dans l\u2019autre sens. Le capitalisme a t-il\u00a0 un avenir en France et dans le monde ? Il nous m\u00eane de catastrophe \u00e9conomique en catastrophe \u00e9conomique, on massacre la plan\u00e8te. Il est incapable de r\u00e9pondre \u00e0 la question de la faim dans le monde. Il ne fonctionne pas autrement qu\u2019en d\u00e9veloppant une minorit\u00e9 qui parasite le travail de la grande majorit\u00e9. M\u00eame dans les pays riches comme en France : 9 millions de pauvres, 6 millions de ch\u00f4meurs, des gens qui s\u2019\u00e9puisent au travail et en perdent leur sant\u00e9. A l\u2019\u00e9chelle du monde la catastrophe est \u00e0 un autre niveau. Le capitalisme c\u2019est aussi tout ces foyers de guerre qui menacent \u00e0 tout instant de se\u00a0g\u00e9n\u00e9raliser car les grandes puissances attisent le feu derri\u00e8re. C\u2019est le capitalisme qui n\u2019a plus d\u2019avenir. Il a fait progresser la soci\u00e9t\u00e9 mais aujourd\u2019hui il la fait reculer. Ce sont les id\u00e9es d\u2019extr\u00eame-droite, la fermeture des fronti\u00e8res\u2026 Tout ce qui va dans le sens contraire de l\u2019avenir de l\u2019humanit\u00e9. C\u2019est une impasse.<\/p>\n<p><strong>Ce qui se passe au V\u00e9n\u00e9zuela aujourd\u2019hui ou ce qui s\u2019est pass\u00e9 apr\u00e8s la chute de l\u2019URSS n\u2019est pas un signe inqui\u00e9tant ?<\/strong><\/p>\n<p>Le V\u00e9n\u00e9zuela a \u00e9t\u00e9 victime des lois du capitalisme. Il est victime de sa d\u00e9pendance au p\u00e9trole, des prix du march\u00e9. Il est victime d\u2019\u00eatre un pays pauvre dans le cadre de grandes puissances imp\u00e9rialistes. L\u2019\u00e9chec de l\u2019Union Sovi\u00e9tique c\u2019est d\u2019abord celui de la politique stalinienne. Ce n\u2019est pas celui des travailleurs. Les travailleurs en 1917 avaient trouv\u00e9 le moyen de se sortir de la boucherie qu\u2019\u00e9tait la premi\u00e8re guerre mondiale. Boucherie, dans laquelle le capitalisme les avaient\u00a0 plong\u00e9s. Aujourd\u2019hui le capitalisme domine le monde. Pas un pays n\u2019\u00e9chappe \u00e0 sa loi.\u00a0Si aujourd\u2019hui il y a des catastrophes dans le monde, il faut l\u2019imputer totalement au capitalisme et \u00e0 la classe sociale dominante : la bourgeoisie. S\u00fbrement pas \u00e0 ceux qui ont essay\u00e9 de s\u2019en lib\u00e9rer ou de s\u2019en \u00e9manciper.<\/p>\n<p><strong>Une alliance LO &#8211; FI &#8211; PCF est-elle envisageable ?<\/strong><\/p>\n<p>Le mouvement ouvrier a toujours \u00e9t\u00e9 divis\u00e9 en deux courants. Le premier pense qu\u2019il \u00e9tait possible de changer le sort des travailleurs dans le cadre du capitalisme, \u00e0 l\u2019int\u00e9rieur des institutions, du gouvernement et \u00e0 travers les \u00e9lections. L\u2019autre pense qu\u2019il n\u2019est possible de trouver une issue aux exploit\u00e9s qu\u2019en renversant la soci\u00e9t\u00e9. Il ne faut pas simplement chercher \u00e0 gagner des r\u00e9formes mais \u00e0 s\u2019\u00e9manciper. Nous sommes dans ce courant r\u00e9volutionnaire. Nous pensons que le courant r\u00e9formiste dans le mouvement ouvrier a prouv\u00e9 qu\u2019il \u00e9tait une impasse. Tout les gouvernements, m\u00eame les plus proches des travailleurs, \u00e9taient pieds et poings li\u00e9s par le pouvoir patronal. Le but c\u2019est de faire du fric, du profit et ce peu importe le moyen. Nous ne chercherons pas d\u2019alliance, nous ne changerons pas nos convictions. Le sort des travailleurs est li\u00e9 aux id\u00e9es du courant communiste r\u00e9volutionnaire.\u00a0 Nos alli\u00e9s en Europe ce sont les travailleurs et les forces r\u00e9volutionnaires.\u00a0\u00bb<\/p>\n<p>&nbsp;<\/p>\n<!-- AddThis Advanced Settings generic via filter on the_content --><!-- AddThis Share Buttons generic via filter on the_content -->","protected":false},"excerpt":{"rendered":"<p>L\u2019ancienne candidate \u00e0 la pr\u00e9sidentielle Nathalie Arthaud \u00e9tait \u00e0 Saint-Priest ce week-end pour la f\u00eate de Lutte Ouvri\u00e8re. Le Lyon Bondy Blog a pu s\u2019entretenir &hellip; <!-- AddThis Advanced Settings generic via filter on wp_trim_excerpt --><!-- AddThis Share Buttons generic via filter on wp_trim_excerpt --><\/p>\n","protected":false},"author":5729,"featured_media":14286,"comment_status":"open","ping_status":"open","sticky":false,"template":"","format":"standard","meta":{"_FSMCFIC_featured_image_caption":"","_FSMCFIC_featured_image_nocaption":"","_FSMCFIC_featured_image_hide":"","footnotes":""},"categories":[6],"tags":[1837,1388,1272],"class_list":["post-14285","post","type-post","status-publish","format-standard","has-post-thumbnail","hentry","category-politique","tag-capitalisme","tag-lutte-ouvriere","tag-parti-communiste-francais"],"yoast_head":"<!-- This site is optimized with the Yoast SEO plugin v22.8 - https:\/\/yoast.com\/wordpress\/plugins\/seo\/ -->\n<title>Nathalie Arthaud : \u00ab\u00a0Les travailleurs sont dans un grand d\u00e9sarroi.\u00a0\u00bb - Lyon Bondy Blog<\/title>\n<meta name=\"description\" content=\"L\u2019ancienne candidate \u00e0 la pr\u00e9sidentielle Nathalie Arthaud \u00e9tait \u00e0 Saint-Priest ce week-end pour la f\u00eate de Lutte Ouvri\u00e8re.\" \/>\n<meta name=\"robots\" content=\"index, follow, max-snippet:-1, max-image-preview:large, max-video-preview:-1\" \/>\n<link rel=\"canonical\" href=\"https:\/\/lyonbondyblog.fr\/LBB\/nathalie-arthaud-politiquement-les-travailleurs-sont-dans-un-grand-desarroi\/\" \/>\n<meta property=\"og:locale\" content=\"fr_FR\" \/>\n<meta property=\"og:type\" content=\"article\" \/>\n<meta property=\"og:title\" content=\"Nathalie Arthaud : \u00ab\u00a0Les travailleurs sont dans un grand d\u00e9sarroi.\u00a0\u00bb - Lyon Bondy Blog\" \/>\n<meta property=\"og:description\" content=\"L\u2019ancienne candidate \u00e0 la pr\u00e9sidentielle Nathalie Arthaud \u00e9tait \u00e0 Saint-Priest ce week-end pour la f\u00eate de Lutte Ouvri\u00e8re.\" \/>\n<meta property=\"og:url\" content=\"https:\/\/lyonbondyblog.fr\/LBB\/nathalie-arthaud-politiquement-les-travailleurs-sont-dans-un-grand-desarroi\/\" \/>\n<meta property=\"og:site_name\" content=\"Lyon Bondy Blog\" \/>\n<meta property=\"article:publisher\" content=\"https:\/\/www.facebook.com\/lyonbondyblog\" \/>\n<meta property=\"article:published_time\" content=\"2018-09-24T16:01:17+00:00\" \/>\n<meta property=\"article:modified_time\" content=\"2018-09-24T16:03:22+00:00\" \/>\n<meta property=\"og:image\" content=\"https:\/\/lyonbondyblog.fr\/LBB\/wp-content\/uploads\/2018\/09\/IMG_1408.jpg\" \/>\n\t<meta property=\"og:image:width\" content=\"2816\" \/>\n\t<meta property=\"og:image:height\" content=\"1584\" \/>\n\t<meta property=\"og:image:type\" content=\"image\/jpeg\" \/>\n<meta name=\"author\" content=\"Hugo Dervissoglou\" \/>\n<meta name=\"twitter:card\" content=\"summary_large_image\" \/>\n<meta name=\"twitter:creator\" content=\"@bondybloglyon\" \/>\n<meta name=\"twitter:site\" content=\"@bondybloglyon\" \/>\n<script type=\"application\/ld+json\" class=\"yoast-schema-graph\">{\"@context\":\"https:\/\/schema.org\",\"@graph\":[{\"@type\":\"Article\",\"@id\":\"https:\/\/lyonbondyblog.fr\/LBB\/nathalie-arthaud-politiquement-les-travailleurs-sont-dans-un-grand-desarroi\/#article\",\"isPartOf\":{\"@id\":\"https:\/\/lyonbondyblog.fr\/LBB\/nathalie-arthaud-politiquement-les-travailleurs-sont-dans-un-grand-desarroi\/\"},\"author\":{\"name\":\"Hugo Dervissoglou\",\"@id\":\"https:\/\/lyonbondyblog.fr\/LBB\/#\/schema\/person\/6efc096be909f1122de1b82592e04e6e\"},\"headline\":\"Nathalie Arthaud : \u00ab\u00a0Les travailleurs sont dans un grand d\u00e9sarroi.\u00a0\u00bb\",\"datePublished\":\"2018-09-24T16:01:17+00:00\",\"dateModified\":\"2018-09-24T16:03:22+00:00\",\"mainEntityOfPage\":{\"@id\":\"https:\/\/lyonbondyblog.fr\/LBB\/nathalie-arthaud-politiquement-les-travailleurs-sont-dans-un-grand-desarroi\/\"},\"wordCount\":1348,\"commentCount\":0,\"publisher\":{\"@id\":\"https:\/\/lyonbondyblog.fr\/LBB\/#organization\"},\"image\":{\"@id\":\"https:\/\/lyonbondyblog.fr\/LBB\/nathalie-arthaud-politiquement-les-travailleurs-sont-dans-un-grand-desarroi\/#primaryimage\"},\"thumbnailUrl\":\"https:\/\/lyonbondyblog.fr\/LBB\/wp-content\/uploads\/2018\/09\/IMG_1408.jpg\",\"keywords\":[\"Capitalisme\",\"Lutte ouvri\u00e8re\",\"Parti communiste fran\u00e7ais\"],\"articleSection\":[\"Politique\"],\"inLanguage\":\"fr-FR\",\"potentialAction\":[{\"@type\":\"CommentAction\",\"name\":\"Comment\",\"target\":[\"https:\/\/lyonbondyblog.fr\/LBB\/nathalie-arthaud-politiquement-les-travailleurs-sont-dans-un-grand-desarroi\/#respond\"]}]},{\"@type\":\"WebPage\",\"@id\":\"https:\/\/lyonbondyblog.fr\/LBB\/nathalie-arthaud-politiquement-les-travailleurs-sont-dans-un-grand-desarroi\/\",\"url\":\"https:\/\/lyonbondyblog.fr\/LBB\/nathalie-arthaud-politiquement-les-travailleurs-sont-dans-un-grand-desarroi\/\",\"name\":\"Nathalie Arthaud : \u00ab\u00a0Les travailleurs sont dans un grand d\u00e9sarroi.\u00a0\u00bb - Lyon Bondy Blog\",\"isPartOf\":{\"@id\":\"https:\/\/lyonbondyblog.fr\/LBB\/#website\"},\"primaryImageOfPage\":{\"@id\":\"https:\/\/lyonbondyblog.fr\/LBB\/nathalie-arthaud-politiquement-les-travailleurs-sont-dans-un-grand-desarroi\/#primaryimage\"},\"image\":{\"@id\":\"https:\/\/lyonbondyblog.fr\/LBB\/nathalie-arthaud-politiquement-les-travailleurs-sont-dans-un-grand-desarroi\/#primaryimage\"},\"thumbnailUrl\":\"https:\/\/lyonbondyblog.fr\/LBB\/wp-content\/uploads\/2018\/09\/IMG_1408.jpg\",\"datePublished\":\"2018-09-24T16:01:17+00:00\",\"dateModified\":\"2018-09-24T16:03:22+00:00\",\"description\":\"L\u2019ancienne candidate \u00e0 la pr\u00e9sidentielle Nathalie Arthaud \u00e9tait \u00e0 Saint-Priest ce week-end pour la f\u00eate de Lutte Ouvri\u00e8re.\",\"inLanguage\":\"fr-FR\",\"potentialAction\":[{\"@type\":\"ReadAction\",\"target\":[\"https:\/\/lyonbondyblog.fr\/LBB\/nathalie-arthaud-politiquement-les-travailleurs-sont-dans-un-grand-desarroi\/\"]}]},{\"@type\":\"ImageObject\",\"inLanguage\":\"fr-FR\",\"@id\":\"https:\/\/lyonbondyblog.fr\/LBB\/nathalie-arthaud-politiquement-les-travailleurs-sont-dans-un-grand-desarroi\/#primaryimage\",\"url\":\"https:\/\/lyonbondyblog.fr\/LBB\/wp-content\/uploads\/2018\/09\/IMG_1408.jpg\",\"contentUrl\":\"https:\/\/lyonbondyblog.fr\/LBB\/wp-content\/uploads\/2018\/09\/IMG_1408.jpg\",\"width\":2816,\"height\":1584},{\"@type\":\"WebSite\",\"@id\":\"https:\/\/lyonbondyblog.fr\/LBB\/#website\",\"url\":\"https:\/\/lyonbondyblog.fr\/LBB\/\",\"name\":\"Lyon Bondy Blog\",\"description\":\"\",\"publisher\":{\"@id\":\"https:\/\/lyonbondyblog.fr\/LBB\/#organization\"},\"potentialAction\":[{\"@type\":\"SearchAction\",\"target\":{\"@type\":\"EntryPoint\",\"urlTemplate\":\"https:\/\/lyonbondyblog.fr\/LBB\/?s={search_term_string}\"},\"query-input\":\"required name=search_term_string\"}],\"inLanguage\":\"fr-FR\"},{\"@type\":\"Organization\",\"@id\":\"https:\/\/lyonbondyblog.fr\/LBB\/#organization\",\"name\":\"LYON BONDY BLOG\",\"url\":\"https:\/\/lyonbondyblog.fr\/LBB\/\",\"logo\":{\"@type\":\"ImageObject\",\"inLanguage\":\"fr-FR\",\"@id\":\"https:\/\/lyonbondyblog.fr\/LBB\/#\/schema\/logo\/image\/\",\"url\":\"http:\/\/lyonbondyblog.fr\/LBB\/wp-content\/uploads\/2014\/10\/logo-portable-144.png\",\"contentUrl\":\"http:\/\/lyonbondyblog.fr\/LBB\/wp-content\/uploads\/2014\/10\/logo-portable-144.png\",\"width\":144,\"height\":123,\"caption\":\"LYON BONDY BLOG\"},\"image\":{\"@id\":\"https:\/\/lyonbondyblog.fr\/LBB\/#\/schema\/logo\/image\/\"},\"sameAs\":[\"https:\/\/www.facebook.com\/lyonbondyblog\",\"https:\/\/x.com\/bondybloglyon\"]},{\"@type\":\"Person\",\"@id\":\"https:\/\/lyonbondyblog.fr\/LBB\/#\/schema\/person\/6efc096be909f1122de1b82592e04e6e\",\"name\":\"Hugo Dervissoglou\",\"url\":\"https:\/\/lyonbondyblog.fr\/LBB\/author\/hugo_dervissoglou\/\"}]}<\/script>\n<!-- \/ Yoast SEO plugin. -->","yoast_head_json":{"title":"Nathalie Arthaud : \u00ab\u00a0Les travailleurs sont dans un grand d\u00e9sarroi.\u00a0\u00bb - Lyon Bondy Blog","description":"L\u2019ancienne candidate \u00e0 la pr\u00e9sidentielle Nathalie Arthaud \u00e9tait \u00e0 Saint-Priest ce week-end pour la f\u00eate de Lutte Ouvri\u00e8re.","robots":{"index":"index","follow":"follow","max-snippet":"max-snippet:-1","max-image-preview":"max-image-preview:large","max-video-preview":"max-video-preview:-1"},"canonical":"https:\/\/lyonbondyblog.fr\/LBB\/nathalie-arthaud-politiquement-les-travailleurs-sont-dans-un-grand-desarroi\/","og_locale":"fr_FR","og_type":"article","og_title":"Nathalie Arthaud : \u00ab\u00a0Les travailleurs sont dans un grand d\u00e9sarroi.\u00a0\u00bb - Lyon Bondy Blog","og_description":"L\u2019ancienne candidate \u00e0 la pr\u00e9sidentielle Nathalie Arthaud \u00e9tait \u00e0 Saint-Priest ce week-end pour la f\u00eate de Lutte Ouvri\u00e8re.","og_url":"https:\/\/lyonbondyblog.fr\/LBB\/nathalie-arthaud-politiquement-les-travailleurs-sont-dans-un-grand-desarroi\/","og_site_name":"Lyon Bondy Blog","article_publisher":"https:\/\/www.facebook.com\/lyonbondyblog","article_published_time":"2018-09-24T16:01:17+00:00","article_modified_time":"2018-09-24T16:03:22+00:00","og_image":[{"width":2816,"height":1584,"url":"https:\/\/lyonbondyblog.fr\/LBB\/wp-content\/uploads\/2018\/09\/IMG_1408.jpg","type":"image\/jpeg"}],"author":"Hugo Dervissoglou","twitter_card":"summary_large_image","twitter_creator":"@bondybloglyon","twitter_site":"@bondybloglyon","schema":{"@context":"https:\/\/schema.org","@graph":[{"@type":"Article","@id":"https:\/\/lyonbondyblog.fr\/LBB\/nathalie-arthaud-politiquement-les-travailleurs-sont-dans-un-grand-desarroi\/#article","isPartOf":{"@id":"https:\/\/lyonbondyblog.fr\/LBB\/nathalie-arthaud-politiquement-les-travailleurs-sont-dans-un-grand-desarroi\/"},"author":{"name":"Hugo Dervissoglou","@id":"https:\/\/lyonbondyblog.fr\/LBB\/#\/schema\/person\/6efc096be909f1122de1b82592e04e6e"},"headline":"Nathalie Arthaud : \u00ab\u00a0Les travailleurs sont dans un grand d\u00e9sarroi.\u00a0\u00bb","datePublished":"2018-09-24T16:01:17+00:00","dateModified":"2018-09-24T16:03:22+00:00","mainEntityOfPage":{"@id":"https:\/\/lyonbondyblog.fr\/LBB\/nathalie-arthaud-politiquement-les-travailleurs-sont-dans-un-grand-desarroi\/"},"wordCount":1348,"commentCount":0,"publisher":{"@id":"https:\/\/lyonbondyblog.fr\/LBB\/#organization"},"image":{"@id":"https:\/\/lyonbondyblog.fr\/LBB\/nathalie-arthaud-politiquement-les-travailleurs-sont-dans-un-grand-desarroi\/#primaryimage"},"thumbnailUrl":"https:\/\/lyonbondyblog.fr\/LBB\/wp-content\/uploads\/2018\/09\/IMG_1408.jpg","keywords":["Capitalisme","Lutte ouvri\u00e8re","Parti communiste fran\u00e7ais"],"articleSection":["Politique"],"inLanguage":"fr-FR","potentialAction":[{"@type":"CommentAction","name":"Comment","target":["https:\/\/lyonbondyblog.fr\/LBB\/nathalie-arthaud-politiquement-les-travailleurs-sont-dans-un-grand-desarroi\/#respond"]}]},{"@type":"WebPage","@id":"https:\/\/lyonbondyblog.fr\/LBB\/nathalie-arthaud-politiquement-les-travailleurs-sont-dans-un-grand-desarroi\/","url":"https:\/\/lyonbondyblog.fr\/LBB\/nathalie-arthaud-politiquement-les-travailleurs-sont-dans-un-grand-desarroi\/","name":"Nathalie Arthaud : \u00ab\u00a0Les travailleurs sont dans un grand d\u00e9sarroi.\u00a0\u00bb - Lyon Bondy Blog","isPartOf":{"@id":"https:\/\/lyonbondyblog.fr\/LBB\/#website"},"primaryImageOfPage":{"@id":"https:\/\/lyonbondyblog.fr\/LBB\/nathalie-arthaud-politiquement-les-travailleurs-sont-dans-un-grand-desarroi\/#primaryimage"},"image":{"@id":"https:\/\/lyonbondyblog.fr\/LBB\/nathalie-arthaud-politiquement-les-travailleurs-sont-dans-un-grand-desarroi\/#primaryimage"},"thumbnailUrl":"https:\/\/lyonbondyblog.fr\/LBB\/wp-content\/uploads\/2018\/09\/IMG_1408.jpg","datePublished":"2018-09-24T16:01:17+00:00","dateModified":"2018-09-24T16:03:22+00:00","description":"L\u2019ancienne candidate \u00e0 la pr\u00e9sidentielle Nathalie Arthaud \u00e9tait \u00e0 Saint-Priest ce week-end pour la f\u00eate de Lutte Ouvri\u00e8re.","inLanguage":"fr-FR","potentialAction":[{"@type":"ReadAction","target":["https:\/\/lyonbondyblog.fr\/LBB\/nathalie-arthaud-politiquement-les-travailleurs-sont-dans-un-grand-desarroi\/"]}]},{"@type":"ImageObject","inLanguage":"fr-FR","@id":"https:\/\/lyonbondyblog.fr\/LBB\/nathalie-arthaud-politiquement-les-travailleurs-sont-dans-un-grand-desarroi\/#primaryimage","url":"https:\/\/lyonbondyblog.fr\/LBB\/wp-content\/uploads\/2018\/09\/IMG_1408.jpg","contentUrl":"https:\/\/lyonbondyblog.fr\/LBB\/wp-content\/uploads\/2018\/09\/IMG_1408.jpg","width":2816,"height":1584},{"@type":"WebSite","@id":"https:\/\/lyonbondyblog.fr\/LBB\/#website","url":"https:\/\/lyonbondyblog.fr\/LBB\/","name":"Lyon Bondy Blog","description":"","publisher":{"@id":"https:\/\/lyonbondyblog.fr\/LBB\/#organization"},"potentialAction":[{"@type":"SearchAction","target":{"@type":"EntryPoint","urlTemplate":"https:\/\/lyonbondyblog.fr\/LBB\/?s={search_term_string}"},"query-input":"required name=search_term_string"}],"inLanguage":"fr-FR"},{"@type":"Organization","@id":"https:\/\/lyonbondyblog.fr\/LBB\/#organization","name":"LYON BONDY BLOG","url":"https:\/\/lyonbondyblog.fr\/LBB\/","logo":{"@type":"ImageObject","inLanguage":"fr-FR","@id":"https:\/\/lyonbondyblog.fr\/LBB\/#\/schema\/logo\/image\/","url":"http:\/\/lyonbondyblog.fr\/LBB\/wp-content\/uploads\/2014\/10\/logo-portable-144.png","contentUrl":"http:\/\/lyonbondyblog.fr\/LBB\/wp-content\/uploads\/2014\/10\/logo-portable-144.png","width":144,"height":123,"caption":"LYON BONDY BLOG"},"image":{"@id":"https:\/\/lyonbondyblog.fr\/LBB\/#\/schema\/logo\/image\/"},"sameAs":["https:\/\/www.facebook.com\/lyonbondyblog","https:\/\/x.com\/bondybloglyon"]},{"@type":"Person","@id":"https:\/\/lyonbondyblog.fr\/LBB\/#\/schema\/person\/6efc096be909f1122de1b82592e04e6e","name":"Hugo Dervissoglou","url":"https:\/\/lyonbondyblog.fr\/LBB\/author\/hugo_dervissoglou\/"}]}},"_links":{"self":[{"href":"https:\/\/lyonbondyblog.fr\/LBB\/wp-json\/wp\/v2\/posts\/14285","targetHints":{"allow":["GET"]}}],"collection":[{"href":"https:\/\/lyonbondyblog.fr\/LBB\/wp-json\/wp\/v2\/posts"}],"about":[{"href":"https:\/\/lyonbondyblog.fr\/LBB\/wp-json\/wp\/v2\/types\/post"}],"author":[{"embeddable":true,"href":"https:\/\/lyonbondyblog.fr\/LBB\/wp-json\/wp\/v2\/users\/5729"}],"replies":[{"embeddable":true,"href":"https:\/\/lyonbondyblog.fr\/LBB\/wp-json\/wp\/v2\/comments?post=14285"}],"version-history":[{"count":3,"href":"https:\/\/lyonbondyblog.fr\/LBB\/wp-json\/wp\/v2\/posts\/14285\/revisions"}],"predecessor-version":[{"id":14289,"href":"https:\/\/lyonbondyblog.fr\/LBB\/wp-json\/wp\/v2\/posts\/14285\/revisions\/14289"}],"wp:featuredmedia":[{"embeddable":true,"href":"https:\/\/lyonbondyblog.fr\/LBB\/wp-json\/wp\/v2\/media\/14286"}],"wp:attachment":[{"href":"https:\/\/lyonbondyblog.fr\/LBB\/wp-json\/wp\/v2\/media?parent=14285"}],"wp:term":[{"taxonomy":"category","embeddable":true,"href":"https:\/\/lyonbondyblog.fr\/LBB\/wp-json\/wp\/v2\/categories?post=14285"},{"taxonomy":"post_tag","embeddable":true,"href":"https:\/\/lyonbondyblog.fr\/LBB\/wp-json\/wp\/v2\/tags?post=14285"}],"curies":[{"name":"wp","href":"https:\/\/api.w.org\/{rel}","templated":true}]}}