{"id":14262,"date":"2018-09-23T17:21:47","date_gmt":"2018-09-23T15:21:47","guid":{"rendered":"http:\/\/lyonbondyblog.fr\/LBB\/?p=14262"},"modified":"2018-09-23T17:21:47","modified_gmt":"2018-09-23T15:21:47","slug":"soulagement-pour-lasul-vaulx-en-velin","status":"publish","type":"post","link":"https:\/\/lyonbondyblog.fr\/LBB\/soulagement-pour-lasul-vaulx-en-velin\/","title":{"rendered":"Soulagement pour l&rsquo;ASUL Vaulx-en-Velin"},"content":{"rendered":"<p><strong>Lors de la troisi\u00e8me journ\u00e9e de D2 f\u00e9minin, les deux \u00e9quipes de l&rsquo;ASUL Vaulx-en-Velin et du Lilles Lomme Metropole Handball risquent leur place dans les playoffs. A l&rsquo;issue du match, Les Vaudaises gagnent la partie avec un score de 35 \u2013 27.<\/strong><\/p>\n<figure id=\"attachment_14264\" aria-describedby=\"caption-attachment-14264\" style=\"width: 1024px\" class=\"wp-caption aligncenter\"><a href=\"https:\/\/lyonbondyblog.fr\/LBB\/wp-content\/uploads\/2018\/09\/photo1.jpg\"><img loading=\"lazy\" decoding=\"async\" class=\"size-large wp-image-14264\" src=\"https:\/\/lyonbondyblog.fr\/LBB\/wp-content\/uploads\/2018\/09\/photo1-1024x432.jpg\" alt=\"\" width=\"1024\" height=\"432\" srcset=\"https:\/\/lyonbondyblog.fr\/LBB\/wp-content\/uploads\/2018\/09\/photo1-1024x432.jpg 1024w, https:\/\/lyonbondyblog.fr\/LBB\/wp-content\/uploads\/2018\/09\/photo1-300x127.jpg 300w, https:\/\/lyonbondyblog.fr\/LBB\/wp-content\/uploads\/2018\/09\/photo1-768x324.jpg 768w, https:\/\/lyonbondyblog.fr\/LBB\/wp-content\/uploads\/2018\/09\/photo1-600x253.jpg 600w\" sizes=\"auto, (max-width: 1024px) 100vw, 1024px\" \/><\/a><figcaption id=\"caption-attachment-14264\" class=\"wp-caption-text\">Pr\u00e9sentation des joueuses sous les encouragements du pr\u00e9sident du club de l\u2019ASUL Vaulx-en-Velin. Cr\u00e9dit photo : Camille Rouet \/ Lyon Bondy Blog<\/figcaption><\/figure>\n<p>C\u2019est un match d\u00e9cisif qui se d\u00e9roule ce samedi 22 septembre au Palais des sports de Vaulx-en-Velin pour le Championnat de France Division 2 F\u00e9minine. Les locaux de l\u2019ASUL affrontent l\u2019\u00e9quipe de Lilles Lomme Metropole Handball. Alors que Lomme essuie deux d\u00e9faites pour ce d\u00e9but de saison, l\u2019ASUL a \u00e9galement perdu la semaine derni\u00e8re face Achenheim Truchtersheim suite \u00e0 une victoire sur\u00a0<a href=\"https:\/\/lyonbondyblog.fr\/LBB\/handball-vaulx-reussit-son-entree-sans-briller\/\">leur premier match<\/a>. Ainsi, les deux \u00e9quipes vont en d\u00e9mordre afin de viser les play-offs (les huit meilleures parmi les deux poules comprenant chacune huit \u00e9quipes).<\/p>\n<h3>Premi\u00e8re mi-temps neutralis\u00e9e<\/h3>\n<p>Sous les commentaires encourageants de leur pr\u00e9sident de club, Anthony Serex, qui anime la soir\u00e9e, les Vaudaises partent avec un climat positif. Cependant, la premi\u00e8re mi-temps est relativement tendue. Apr\u00e8s une premi\u00e8re mont\u00e9e \u00e0 +5 pour les Vaudaises, l\u2019\u00e9cart s\u2019amenuise pendant plusieurs minutes bouillonnantes : +2, +1&#8230; puis, les Lilloises parviennent \u00e0 \u00e9galiser avec un score \u00e0 15 \u2013 15. Apr\u00e8s cette p\u00e9riode incertaine, l\u2019\u00e9galit\u00e9 est vite invalid\u00e9e gr\u00e2ce \u00e0 Estel Memana, vice-capitaine de l\u2019ASUL, qui engendre deux tirs fructueux. La mi-temps s\u2019ach\u00e8ve finalement avec une l\u00e9g\u00e8re avance des locaux\u00a0\u00e0 18 \u2013 16. \u00ab\u00a0Lomme attaque beaucoup et a de supers gardiennes, mais l\u2019ASUL est en forme ce soir\u00a0\u00bb, confie une supportrice de Vaulx-en-Velin, confiante pour la suite du match.<\/p>\n<figure id=\"attachment_14265\" aria-describedby=\"caption-attachment-14265\" style=\"width: 1024px\" class=\"wp-caption aligncenter\"><a href=\"https:\/\/lyonbondyblog.fr\/LBB\/wp-content\/uploads\/2018\/09\/photo2.jpg\"><img loading=\"lazy\" decoding=\"async\" class=\"size-large wp-image-14265\" src=\"https:\/\/lyonbondyblog.fr\/LBB\/wp-content\/uploads\/2018\/09\/photo2-1024x570.jpg\" alt=\"\" width=\"1024\" height=\"570\" srcset=\"https:\/\/lyonbondyblog.fr\/LBB\/wp-content\/uploads\/2018\/09\/photo2-1024x570.jpg 1024w, https:\/\/lyonbondyblog.fr\/LBB\/wp-content\/uploads\/2018\/09\/photo2-300x167.jpg 300w, https:\/\/lyonbondyblog.fr\/LBB\/wp-content\/uploads\/2018\/09\/photo2-768x428.jpg 768w, https:\/\/lyonbondyblog.fr\/LBB\/wp-content\/uploads\/2018\/09\/photo2-600x334.jpg 600w, https:\/\/lyonbondyblog.fr\/LBB\/wp-content\/uploads\/2018\/09\/photo2-360x200.jpg 360w, https:\/\/lyonbondyblog.fr\/LBB\/wp-content\/uploads\/2018\/09\/photo2.jpg 1878w\" sizes=\"auto, (max-width: 1024px) 100vw, 1024px\" \/><\/a><figcaption id=\"caption-attachment-14265\" class=\"wp-caption-text\">Les Vaudaises amorcent une perc\u00e9e. Cr\u00e9dit photo : Camille Rouet \/ Lyon Bondy Blog<\/figcaption><\/figure>\n<p>Lors de la seconde mi-temps, les Vaudaises poursuivent leur dominance. Les joueuses de Lilles encha\u00eenent de nombreux tirs et parviennent \u00e0 mettre un certain nombre de buts mais ne reprennent jamais l\u2019avantage. Petit \u00e0 petit, le score se creuse, 27 \u2013 20 apr\u00e8s 15 minutes de jeu, jusqu\u2019\u00e0 une envol\u00e9e \u00e0 35 \u2013 25 lors de la vingt-neuvi\u00e8me minute. Finalement, le match se termine avec un score de 35 \u2013 27 pour l\u2019ASUL Vaulx-en-Velin, d\u00e9finitivement sup\u00e9rieure sur la soir\u00e9e.<\/p>\n<h3>\u00a0\u00ab On a eu peur pour les joueuses \u00bb<\/h3>\n<p>C\u2019est le soulagement pour l\u2019\u00e9quipe locale, Estel Memana s\u2019exprime : \u00ab\u00a0on ne pouvait pas se permettre une seconde d\u00e9faite contre des promus [nouvelle \u00e9quipe admise en division 2, ndlr], alors on a essay\u00e9 de rentrer dans leur t\u00eate pour frapper fort d\u00e8s le d\u00e9part. M\u00eame si on a pris pas mal de buts, nous sommes tr\u00e8s satisfaites du match\u00a0\u00bb. Romain Conte, entra\u00eeneur de l\u2019\u00e9quipe, se montre euphorique suite \u00e0 cette victoire face \u00e0 une bonne \u00e9quipe en face. Il t\u00e9moigne \u00e9galement son soulagement : \u00ab\u00a0on a eu peur pour les joueuses, avec quelques grosses fautes, on craignait des blessures \u00bb. L\u2019ASUL pourra reprendre ses forces dans la semaine \u2013 aucun match n\u2019est attendu le week-end prochain \u2013 avant une lign\u00e9e de quatre affrontements d\u2019affil\u00e9e en octobre.<\/p>\n<figure id=\"attachment_14266\" aria-describedby=\"caption-attachment-14266\" style=\"width: 1024px\" class=\"wp-caption aligncenter\"><a href=\"https:\/\/lyonbondyblog.fr\/LBB\/wp-content\/uploads\/2018\/09\/photo3.jpg\"><img loading=\"lazy\" decoding=\"async\" class=\"size-large wp-image-14266\" src=\"https:\/\/lyonbondyblog.fr\/LBB\/wp-content\/uploads\/2018\/09\/photo3-1024x640.jpg\" alt=\"\" width=\"1024\" height=\"640\" srcset=\"https:\/\/lyonbondyblog.fr\/LBB\/wp-content\/uploads\/2018\/09\/photo3-1024x640.jpg 1024w, https:\/\/lyonbondyblog.fr\/LBB\/wp-content\/uploads\/2018\/09\/photo3-300x188.jpg 300w, https:\/\/lyonbondyblog.fr\/LBB\/wp-content\/uploads\/2018\/09\/photo3-768x480.jpg 768w, https:\/\/lyonbondyblog.fr\/LBB\/wp-content\/uploads\/2018\/09\/photo3-600x375.jpg 600w\" sizes=\"auto, (max-width: 1024px) 100vw, 1024px\" \/><\/a><figcaption id=\"caption-attachment-14266\" class=\"wp-caption-text\">Les Lilloises tentent de redresser leur score lors de la seconde mi-temps. Cr\u00e9dit photo : Camille Rouet \/ Lyon Bondy Blog<\/figcaption><\/figure>\n<p>C\u00f4t\u00e9 Lomme, forc\u00e9ment, c\u2019est la d\u00e9ception\u00a0: \u00ab\u00a0on avait le potentiel pour gagner\u00a0\u00bb avance la joueuse Margaux Amourette, m\u00eame si un maximum sera donn\u00e9 afin d\u2019\u00e9viter les play-downs.<\/p>\n<div><\/div>\n<!-- AddThis Advanced Settings generic via filter on the_content --><!-- AddThis Share Buttons generic via filter on the_content -->","protected":false},"excerpt":{"rendered":"<p>Lors de la troisi\u00e8me journ\u00e9e de D2 f\u00e9minin, les deux \u00e9quipes de l&rsquo;ASUL Vaulx-en-Velin et du Lilles Lomme Metropole Handball risquent leur place dans les &hellip; <!-- AddThis Advanced Settings generic via filter on wp_trim_excerpt --><!-- AddThis Share Buttons generic via filter on wp_trim_excerpt --><\/p>\n","protected":false},"author":8901,"featured_media":0,"comment_status":"open","ping_status":"open","sticky":false,"template":"","format":"standard","meta":{"_FSMCFIC_featured_image_caption":"","_FSMCFIC_featured_image_nocaption":"","_FSMCFIC_featured_image_hide":"","footnotes":""},"categories":[3890,4,2862,3891],"tags":[],"class_list":["post-14262","post","type-post","status-publish","format-standard","hentry","category-handball","category-lyon","category-sport","category-vaulx-en-velin"],"yoast_head":"<!-- This site is optimized with the Yoast SEO plugin v22.8 - https:\/\/yoast.com\/wordpress\/plugins\/seo\/ -->\n<title>Soulagement pour l&#039;ASUL Vaulx-en-Velin - Lyon Bondy Blog<\/title>\n<meta name=\"robots\" content=\"index, follow, max-snippet:-1, max-image-preview:large, max-video-preview:-1\" \/>\n<link rel=\"canonical\" href=\"https:\/\/lyonbondyblog.fr\/LBB\/soulagement-pour-lasul-vaulx-en-velin\/\" \/>\n<meta property=\"og:locale\" content=\"fr_FR\" \/>\n<meta property=\"og:type\" content=\"article\" \/>\n<meta property=\"og:title\" content=\"Soulagement pour l&#039;ASUL Vaulx-en-Velin - Lyon Bondy Blog\" \/>\n<meta property=\"og:description\" content=\"Lors de la troisi\u00e8me journ\u00e9e de D2 f\u00e9minin, les deux \u00e9quipes de l&rsquo;ASUL Vaulx-en-Velin et du Lilles Lomme Metropole Handball risquent leur place dans les &hellip;\" \/>\n<meta property=\"og:url\" content=\"https:\/\/lyonbondyblog.fr\/LBB\/soulagement-pour-lasul-vaulx-en-velin\/\" \/>\n<meta property=\"og:site_name\" content=\"Lyon Bondy Blog\" \/>\n<meta property=\"article:publisher\" content=\"https:\/\/www.facebook.com\/lyonbondyblog\" \/>\n<meta property=\"article:published_time\" content=\"2018-09-23T15:21:47+00:00\" \/>\n<meta property=\"og:image\" content=\"http:\/\/lyonbondyblog.fr\/LBB\/wp-content\/uploads\/2018\/09\/photo1-1024x432.jpg\" \/>\n<meta name=\"author\" content=\"Camille Rouet\" \/>\n<meta name=\"twitter:card\" content=\"summary_large_image\" \/>\n<meta name=\"twitter:creator\" content=\"@bondybloglyon\" \/>\n<meta name=\"twitter:site\" content=\"@bondybloglyon\" \/>\n<script type=\"application\/ld+json\" class=\"yoast-schema-graph\">{\"@context\":\"https:\/\/schema.org\",\"@graph\":[{\"@type\":\"Article\",\"@id\":\"https:\/\/lyonbondyblog.fr\/LBB\/soulagement-pour-lasul-vaulx-en-velin\/#article\",\"isPartOf\":{\"@id\":\"https:\/\/lyonbondyblog.fr\/LBB\/soulagement-pour-lasul-vaulx-en-velin\/\"},\"author\":{\"name\":\"Camille Rouet\",\"@id\":\"https:\/\/lyonbondyblog.fr\/LBB\/#\/schema\/person\/135a5949d1de93ea3de6a2dffe317bcc\"},\"headline\":\"Soulagement pour l&rsquo;ASUL Vaulx-en-Velin\",\"datePublished\":\"2018-09-23T15:21:47+00:00\",\"dateModified\":\"2018-09-23T15:21:47+00:00\",\"mainEntityOfPage\":{\"@id\":\"https:\/\/lyonbondyblog.fr\/LBB\/soulagement-pour-lasul-vaulx-en-velin\/\"},\"wordCount\":600,\"commentCount\":0,\"publisher\":{\"@id\":\"https:\/\/lyonbondyblog.fr\/LBB\/#organization\"},\"image\":{\"@id\":\"https:\/\/lyonbondyblog.fr\/LBB\/soulagement-pour-lasul-vaulx-en-velin\/#primaryimage\"},\"thumbnailUrl\":\"http:\/\/lyonbondyblog.fr\/LBB\/wp-content\/uploads\/2018\/09\/photo1-1024x432.jpg\",\"articleSection\":[\"Handball\",\"Lyon\",\"Sport\",\"Vaulx-en-Velin\"],\"inLanguage\":\"fr-FR\",\"potentialAction\":[{\"@type\":\"CommentAction\",\"name\":\"Comment\",\"target\":[\"https:\/\/lyonbondyblog.fr\/LBB\/soulagement-pour-lasul-vaulx-en-velin\/#respond\"]}]},{\"@type\":\"WebPage\",\"@id\":\"https:\/\/lyonbondyblog.fr\/LBB\/soulagement-pour-lasul-vaulx-en-velin\/\",\"url\":\"https:\/\/lyonbondyblog.fr\/LBB\/soulagement-pour-lasul-vaulx-en-velin\/\",\"name\":\"Soulagement pour l'ASUL Vaulx-en-Velin - Lyon Bondy Blog\",\"isPartOf\":{\"@id\":\"https:\/\/lyonbondyblog.fr\/LBB\/#website\"},\"primaryImageOfPage\":{\"@id\":\"https:\/\/lyonbondyblog.fr\/LBB\/soulagement-pour-lasul-vaulx-en-velin\/#primaryimage\"},\"image\":{\"@id\":\"https:\/\/lyonbondyblog.fr\/LBB\/soulagement-pour-lasul-vaulx-en-velin\/#primaryimage\"},\"thumbnailUrl\":\"http:\/\/lyonbondyblog.fr\/LBB\/wp-content\/uploads\/2018\/09\/photo1-1024x432.jpg\",\"datePublished\":\"2018-09-23T15:21:47+00:00\",\"dateModified\":\"2018-09-23T15:21:47+00:00\",\"inLanguage\":\"fr-FR\",\"potentialAction\":[{\"@type\":\"ReadAction\",\"target\":[\"https:\/\/lyonbondyblog.fr\/LBB\/soulagement-pour-lasul-vaulx-en-velin\/\"]}]},{\"@type\":\"ImageObject\",\"inLanguage\":\"fr-FR\",\"@id\":\"https:\/\/lyonbondyblog.fr\/LBB\/soulagement-pour-lasul-vaulx-en-velin\/#primaryimage\",\"url\":\"http:\/\/lyonbondyblog.fr\/LBB\/wp-content\/uploads\/2018\/09\/photo1-1024x432.jpg\",\"contentUrl\":\"http:\/\/lyonbondyblog.fr\/LBB\/wp-content\/uploads\/2018\/09\/photo1-1024x432.jpg\"},{\"@type\":\"WebSite\",\"@id\":\"https:\/\/lyonbondyblog.fr\/LBB\/#website\",\"url\":\"https:\/\/lyonbondyblog.fr\/LBB\/\",\"name\":\"Lyon Bondy Blog\",\"description\":\"\",\"publisher\":{\"@id\":\"https:\/\/lyonbondyblog.fr\/LBB\/#organization\"},\"potentialAction\":[{\"@type\":\"SearchAction\",\"target\":{\"@type\":\"EntryPoint\",\"urlTemplate\":\"https:\/\/lyonbondyblog.fr\/LBB\/?s={search_term_string}\"},\"query-input\":\"required name=search_term_string\"}],\"inLanguage\":\"fr-FR\"},{\"@type\":\"Organization\",\"@id\":\"https:\/\/lyonbondyblog.fr\/LBB\/#organization\",\"name\":\"LYON BONDY BLOG\",\"url\":\"https:\/\/lyonbondyblog.fr\/LBB\/\",\"logo\":{\"@type\":\"ImageObject\",\"inLanguage\":\"fr-FR\",\"@id\":\"https:\/\/lyonbondyblog.fr\/LBB\/#\/schema\/logo\/image\/\",\"url\":\"http:\/\/lyonbondyblog.fr\/LBB\/wp-content\/uploads\/2014\/10\/logo-portable-144.png\",\"contentUrl\":\"http:\/\/lyonbondyblog.fr\/LBB\/wp-content\/uploads\/2014\/10\/logo-portable-144.png\",\"width\":144,\"height\":123,\"caption\":\"LYON BONDY BLOG\"},\"image\":{\"@id\":\"https:\/\/lyonbondyblog.fr\/LBB\/#\/schema\/logo\/image\/\"},\"sameAs\":[\"https:\/\/www.facebook.com\/lyonbondyblog\",\"https:\/\/x.com\/bondybloglyon\"]},{\"@type\":\"Person\",\"@id\":\"https:\/\/lyonbondyblog.fr\/LBB\/#\/schema\/person\/135a5949d1de93ea3de6a2dffe317bcc\",\"name\":\"Camille Rouet\",\"description\":\"En exp\u00e9dition journalistique au sein du Lyon Bondy Blog. Cor\u00e9alisateur du web-documentaire \\\"Ing\u00e9nieur Pour Demain\\\".\",\"url\":\"https:\/\/lyonbondyblog.fr\/LBB\/author\/camille_rouet\/\"}]}<\/script>\n<!-- \/ Yoast SEO plugin. -->","yoast_head_json":{"title":"Soulagement pour l'ASUL Vaulx-en-Velin - Lyon Bondy Blog","robots":{"index":"index","follow":"follow","max-snippet":"max-snippet:-1","max-image-preview":"max-image-preview:large","max-video-preview":"max-video-preview:-1"},"canonical":"https:\/\/lyonbondyblog.fr\/LBB\/soulagement-pour-lasul-vaulx-en-velin\/","og_locale":"fr_FR","og_type":"article","og_title":"Soulagement pour l'ASUL Vaulx-en-Velin - Lyon Bondy Blog","og_description":"Lors de la troisi\u00e8me journ\u00e9e de D2 f\u00e9minin, les deux \u00e9quipes de l&rsquo;ASUL Vaulx-en-Velin et du Lilles Lomme Metropole Handball risquent leur place dans les &hellip;","og_url":"https:\/\/lyonbondyblog.fr\/LBB\/soulagement-pour-lasul-vaulx-en-velin\/","og_site_name":"Lyon Bondy Blog","article_publisher":"https:\/\/www.facebook.com\/lyonbondyblog","article_published_time":"2018-09-23T15:21:47+00:00","og_image":[{"url":"http:\/\/lyonbondyblog.fr\/LBB\/wp-content\/uploads\/2018\/09\/photo1-1024x432.jpg"}],"author":"Camille Rouet","twitter_card":"summary_large_image","twitter_creator":"@bondybloglyon","twitter_site":"@bondybloglyon","schema":{"@context":"https:\/\/schema.org","@graph":[{"@type":"Article","@id":"https:\/\/lyonbondyblog.fr\/LBB\/soulagement-pour-lasul-vaulx-en-velin\/#article","isPartOf":{"@id":"https:\/\/lyonbondyblog.fr\/LBB\/soulagement-pour-lasul-vaulx-en-velin\/"},"author":{"name":"Camille Rouet","@id":"https:\/\/lyonbondyblog.fr\/LBB\/#\/schema\/person\/135a5949d1de93ea3de6a2dffe317bcc"},"headline":"Soulagement pour l&rsquo;ASUL Vaulx-en-Velin","datePublished":"2018-09-23T15:21:47+00:00","dateModified":"2018-09-23T15:21:47+00:00","mainEntityOfPage":{"@id":"https:\/\/lyonbondyblog.fr\/LBB\/soulagement-pour-lasul-vaulx-en-velin\/"},"wordCount":600,"commentCount":0,"publisher":{"@id":"https:\/\/lyonbondyblog.fr\/LBB\/#organization"},"image":{"@id":"https:\/\/lyonbondyblog.fr\/LBB\/soulagement-pour-lasul-vaulx-en-velin\/#primaryimage"},"thumbnailUrl":"http:\/\/lyonbondyblog.fr\/LBB\/wp-content\/uploads\/2018\/09\/photo1-1024x432.jpg","articleSection":["Handball","Lyon","Sport","Vaulx-en-Velin"],"inLanguage":"fr-FR","potentialAction":[{"@type":"CommentAction","name":"Comment","target":["https:\/\/lyonbondyblog.fr\/LBB\/soulagement-pour-lasul-vaulx-en-velin\/#respond"]}]},{"@type":"WebPage","@id":"https:\/\/lyonbondyblog.fr\/LBB\/soulagement-pour-lasul-vaulx-en-velin\/","url":"https:\/\/lyonbondyblog.fr\/LBB\/soulagement-pour-lasul-vaulx-en-velin\/","name":"Soulagement pour l'ASUL Vaulx-en-Velin - Lyon Bondy Blog","isPartOf":{"@id":"https:\/\/lyonbondyblog.fr\/LBB\/#website"},"primaryImageOfPage":{"@id":"https:\/\/lyonbondyblog.fr\/LBB\/soulagement-pour-lasul-vaulx-en-velin\/#primaryimage"},"image":{"@id":"https:\/\/lyonbondyblog.fr\/LBB\/soulagement-pour-lasul-vaulx-en-velin\/#primaryimage"},"thumbnailUrl":"http:\/\/lyonbondyblog.fr\/LBB\/wp-content\/uploads\/2018\/09\/photo1-1024x432.jpg","datePublished":"2018-09-23T15:21:47+00:00","dateModified":"2018-09-23T15:21:47+00:00","inLanguage":"fr-FR","potentialAction":[{"@type":"ReadAction","target":["https:\/\/lyonbondyblog.fr\/LBB\/soulagement-pour-lasul-vaulx-en-velin\/"]}]},{"@type":"ImageObject","inLanguage":"fr-FR","@id":"https:\/\/lyonbondyblog.fr\/LBB\/soulagement-pour-lasul-vaulx-en-velin\/#primaryimage","url":"http:\/\/lyonbondyblog.fr\/LBB\/wp-content\/uploads\/2018\/09\/photo1-1024x432.jpg","contentUrl":"http:\/\/lyonbondyblog.fr\/LBB\/wp-content\/uploads\/2018\/09\/photo1-1024x432.jpg"},{"@type":"WebSite","@id":"https:\/\/lyonbondyblog.fr\/LBB\/#website","url":"https:\/\/lyonbondyblog.fr\/LBB\/","name":"Lyon Bondy Blog","description":"","publisher":{"@id":"https:\/\/lyonbondyblog.fr\/LBB\/#organization"},"potentialAction":[{"@type":"SearchAction","target":{"@type":"EntryPoint","urlTemplate":"https:\/\/lyonbondyblog.fr\/LBB\/?s={search_term_string}"},"query-input":"required name=search_term_string"}],"inLanguage":"fr-FR"},{"@type":"Organization","@id":"https:\/\/lyonbondyblog.fr\/LBB\/#organization","name":"LYON BONDY BLOG","url":"https:\/\/lyonbondyblog.fr\/LBB\/","logo":{"@type":"ImageObject","inLanguage":"fr-FR","@id":"https:\/\/lyonbondyblog.fr\/LBB\/#\/schema\/logo\/image\/","url":"http:\/\/lyonbondyblog.fr\/LBB\/wp-content\/uploads\/2014\/10\/logo-portable-144.png","contentUrl":"http:\/\/lyonbondyblog.fr\/LBB\/wp-content\/uploads\/2014\/10\/logo-portable-144.png","width":144,"height":123,"caption":"LYON BONDY BLOG"},"image":{"@id":"https:\/\/lyonbondyblog.fr\/LBB\/#\/schema\/logo\/image\/"},"sameAs":["https:\/\/www.facebook.com\/lyonbondyblog","https:\/\/x.com\/bondybloglyon"]},{"@type":"Person","@id":"https:\/\/lyonbondyblog.fr\/LBB\/#\/schema\/person\/135a5949d1de93ea3de6a2dffe317bcc","name":"Camille Rouet","description":"En exp\u00e9dition journalistique au sein du Lyon Bondy Blog. Cor\u00e9alisateur du web-documentaire \"Ing\u00e9nieur Pour Demain\".","url":"https:\/\/lyonbondyblog.fr\/LBB\/author\/camille_rouet\/"}]}},"_links":{"self":[{"href":"https:\/\/lyonbondyblog.fr\/LBB\/wp-json\/wp\/v2\/posts\/14262","targetHints":{"allow":["GET"]}}],"collection":[{"href":"https:\/\/lyonbondyblog.fr\/LBB\/wp-json\/wp\/v2\/posts"}],"about":[{"href":"https:\/\/lyonbondyblog.fr\/LBB\/wp-json\/wp\/v2\/types\/post"}],"author":[{"embeddable":true,"href":"https:\/\/lyonbondyblog.fr\/LBB\/wp-json\/wp\/v2\/users\/8901"}],"replies":[{"embeddable":true,"href":"https:\/\/lyonbondyblog.fr\/LBB\/wp-json\/wp\/v2\/comments?post=14262"}],"version-history":[{"count":8,"href":"https:\/\/lyonbondyblog.fr\/LBB\/wp-json\/wp\/v2\/posts\/14262\/revisions"}],"predecessor-version":[{"id":14273,"href":"https:\/\/lyonbondyblog.fr\/LBB\/wp-json\/wp\/v2\/posts\/14262\/revisions\/14273"}],"wp:attachment":[{"href":"https:\/\/lyonbondyblog.fr\/LBB\/wp-json\/wp\/v2\/media?parent=14262"}],"wp:term":[{"taxonomy":"category","embeddable":true,"href":"https:\/\/lyonbondyblog.fr\/LBB\/wp-json\/wp\/v2\/categories?post=14262"},{"taxonomy":"post_tag","embeddable":true,"href":"https:\/\/lyonbondyblog.fr\/LBB\/wp-json\/wp\/v2\/tags?post=14262"}],"curies":[{"name":"wp","href":"https:\/\/api.w.org\/{rel}","templated":true}]}}