{"id":14158,"date":"2018-09-08T12:32:14","date_gmt":"2018-09-08T10:32:14","guid":{"rendered":"http:\/\/lyonbondyblog.fr\/LBB\/?p=14158"},"modified":"2021-07-08T09:41:45","modified_gmt":"2021-07-08T07:41:45","slug":"blackkklansman-atmosphere-particuliere-dans-la-capitale-de-lextreme-droite","status":"publish","type":"post","link":"https:\/\/lyonbondyblog.fr\/LBB\/blackkklansman-atmosphere-particuliere-dans-la-capitale-de-lextreme-droite\/","title":{"rendered":"BlacKkKlansman : atmosph\u00e8re particuli\u00e8re dans la \u00ab capitale de l&rsquo;extr\u00eame-droite \u00bb"},"content":{"rendered":"<p lang=\"fr-FR\" align=\"JUSTIFY\"><i><b>BlacKkKlansman<\/b><\/i><b>, dernier film de Spike Lee et grand prix du festival de Cannes, est sorti en salles le 22 ao\u00fbt dernier. Inspir\u00e9 de faits r\u00e9els, il raconte l&rsquo;histoire d&rsquo;un policier am\u00e9ricain noir qui a infiltr\u00e9 le Ku Klux Klan \u00e0 la fin des ann\u00e9es 1970. Si le parall\u00e8le avec l&rsquo;Am\u00e9rique actuelle de Trump saute aux yeux, le Groupe antifasciste Lyon et environs (\u00ab la GALE \u00bb) l&rsquo;a choisi pour mener une action de sensibilisation sur la situation fran\u00e7aise aupr\u00e8s de spectateurs. Objectif : \u00e9tablir une autre comparaison, moins consensuelle, avec la mont\u00e9e du fascisme en France et \u00e0 Lyon.<\/b><\/p>\n<figure id=\"attachment_14159\" aria-describedby=\"caption-attachment-14159\" style=\"width: 722px\" class=\"wp-caption aligncenter\"><img loading=\"lazy\" decoding=\"async\" class=\" wp-image-14159\" src=\"https:\/\/lyonbondyblog.fr\/LBB\/wp-content\/uploads\/2018\/09\/BlacKkKlansman-poster-300x150.jpg\" alt=\"Cr\u00e9dits BlackkKlansman le film.\" width=\"722\" height=\"361\" srcset=\"https:\/\/lyonbondyblog.fr\/LBB\/wp-content\/uploads\/2018\/09\/BlacKkKlansman-poster-300x150.jpg 300w, https:\/\/lyonbondyblog.fr\/LBB\/wp-content\/uploads\/2018\/09\/BlacKkKlansman-poster-768x383.jpg 768w, https:\/\/lyonbondyblog.fr\/LBB\/wp-content\/uploads\/2018\/09\/BlacKkKlansman-poster-1024x511.jpg 1024w, https:\/\/lyonbondyblog.fr\/LBB\/wp-content\/uploads\/2018\/09\/BlacKkKlansman-poster-600x299.jpg 600w, https:\/\/lyonbondyblog.fr\/LBB\/wp-content\/uploads\/2018\/09\/BlacKkKlansman-poster.jpg 1688w\" sizes=\"auto, (max-width: 722px) 100vw, 722px\" \/><figcaption id=\"caption-attachment-14159\" class=\"wp-caption-text\"><em>Cr\u00e9dits BlacKkKlansman le film.<\/em><\/figcaption><\/figure>\n<p align=\"JUSTIFY\"><span lang=\"fr-FR\">Sur des questions comme celles de l&rsquo;extr\u00eame-droite et des violences polici\u00e8res,<\/span><span lang=\"fr-FR\"><i> \u00ab les \u00c9tats-Unis servent souvent de repoussoir \u00bb<\/i><\/span><span lang=\"fr-FR\">, estiment deux militant\u00b7e\u00b7s de la GALE. Si <\/span><span lang=\"fr-FR\"><i>BlacKkKlansman<\/i><\/span><span lang=\"fr-FR\"> se veut engag\u00e9 politiquement, son grand prix \u00e0 Cannes met en \u00e9vidence le caract\u00e8re largement accept\u00e9 de la cause qu&rsquo;il d\u00e9fend. Aussi l\u00e9gitime que cela puisse \u00eatre, <\/span><a href=\"https:\/\/www.mediapart.fr\/journal\/france\/150418\/make-our-planet-great-again-c-est-pas-gagne\" target=\"_blank\" rel=\"noopener\">s&rsquo;attaquer \u00e0 Donald Trump, c&rsquo;est facile<\/a><span lang=\"fr-FR\">. Aux yeux des deux antifascistes, cela ne doit pas faire oublier que le probl\u00e8me de l&rsquo;extr\u00eame-droite n&rsquo;est pas cantonn\u00e9 outre-Atlantique. C&rsquo;est pour cela que, touch\u00e9s par le film, des membres de la GALE ont d\u00e9cid\u00e9 d&rsquo;aller <\/span>distribuer des tracts de soutien pour Cl\u00e9ment M\u00e9ric<span lang=\"fr-FR\"> \u2013 <\/span>tu\u00e9 en 2013 par des militants d&rsquo;extr\u00eame-droite<span lang=\"fr-FR\"> \u2013 \u00e0 la sortie d&rsquo;une projection.<\/span><\/p>\n<p>https:\/\/www.facebook.com\/GroupeAntifascisteLyon\/posts\/1807974695946901<\/p>\n<p align=\"JUSTIFY\">\n<p lang=\"fr-FR\" align=\"JUSTIFY\"><b>Une fen\u00eatre sur l&rsquo;actualit\u00e9 am\u00e9ricaine&#8230; et un miroir critique pour Lyon ?<\/b><\/p>\n<p align=\"JUSTIFY\"><span lang=\"fr-FR\">La comparaison peut surprendre, mais n&rsquo;est pas infond\u00e9e. Si le film de Spike Lee rend hommage \u00e0 Heather Heyer, <\/span><a href=\"https:\/\/www.rtl.fr\/actu\/international\/etats-unis-que-s-est-passe-a-charlottesville-7789701861\" target=\"_blank\" rel=\"noopener\">assassin\u00e9e le 12 ao\u00fbt 2017 par des supr\u00e9macistes blancs am\u00e9ricains \u00e0 Charlottesville<\/a><span lang=\"fr-FR\">, l&rsquo;ouverture le 4 septembre dernier du <a href=\"https:\/\/www.lexpress.fr\/actualite\/societe\/fait-divers\/mort-de-clement-meric-le-proces-a-debute-sous-tension_2033762.html\" target=\"_blank\" rel=\"noopener\">proc\u00e8s des trois skinheads<\/a> accus\u00e9s de l&rsquo;homicide de Cl\u00e9ment M\u00e9ric rappelle qu&rsquo;il n&rsquo;y a pas qu&rsquo;aux \u00c9tats-Unis que l&rsquo;extr\u00eame-droite tue. Les liens ne s&rsquo;arr\u00eatent pas l\u00e0. Lorsque le r\u00e9alisateur montre Donald Trump d\u00e9clarant \u00e0 propos de Charlottesville qu&rsquo;il y avait <\/span>des gens violents <span lang=\"fr-FR\"><i><a href=\"https:\/\/www.francetvinfo.fr\/monde\/usa\/presidentielle\/donald-trump\/charlottesville-le-discours-ambivalent-de-donald-trump-resume-en-quatre-actes_2328979.html\" target=\"_blank\" rel=\"noopener\">\u00ab des deux c\u00f4t\u00e9s \u00bb<\/a> [supr\u00e9macistes et anti-racistes, ndlr]<\/i><\/span><span lang=\"fr-FR\">, difficile de ne pas penser \u00e0 G\u00e9rard Collomb, qui prenait des positions similaires <\/span><a href=\"https:\/\/www.lyoncapitale.fr\/politique\/perrin-gilbert-parle-gud-a-collomb-qui-lui-repond-brigades-rouges\/\" target=\"_blank\" rel=\"noopener\">en tant que maire de Lyon<\/a><span lang=\"fr-FR\"> comme <\/span><a href=\"https:\/\/www.interieur.gouv.fr\/Le-ministre\/Communiques\/Incidents-et-provocations-dans-les-Hautes-Alpes-reaction-de-Gerard-Collomb\" target=\"_blank\" rel=\"noopener\">en tant que ministre de l&rsquo;Int\u00e9rieur<\/a><span lang=\"fr-FR\">.<\/span><\/p>\n<p lang=\"fr-FR\" align=\"JUSTIFY\">Apr\u00e8s le film, les spectateurs et spectatrices paraissent dans l&rsquo;ensemble marqu\u00e9\u00b7e\u00b7s, \u00e9mu\u00b7e\u00b7s. La l\u00e9gitimit\u00e9 de la comparaison temporelle \u2013 entre les \u00c9tats-Unis d&rsquo;il y a quarante ans et ceux d&rsquo;aujourd&rsquo;hui \u2013 fait plut\u00f4t l&rsquo;unanimit\u00e9, mais pas celle de la comparaison spatiale \u2013 entre les \u00c9tats-Unis et la France.<i> \u00ab Il y a des probl\u00e8mes avec l&rsquo;extr\u00eame-droite, notamment dans un certain quartier de Lyon <\/i>[le Vieux Lyon, ndlr]<i> \u00bb<\/i>, r\u00e9agit \u00e0 la sortie d&rsquo;une s\u00e9ance une lyonnaise, interrog\u00e9e sur ces ressemblances. <i>\u00ab Mais Collomb, ce n&rsquo;est pas Trump \u00bb<\/i>, temp\u00e8re-t-elle.<\/p>\n<p lang=\"fr-FR\" align=\"JUSTIFY\"><b>\u00ab Les violences sont les m\u00eames \u00bb<\/b><\/p>\n<p lang=\"fr-FR\" align=\"JUSTIFY\">Ces r\u00e9actions montrent-elles que les cas am\u00e9ricains et fran\u00e7ais sont vraiment incomparables ; ou au contraire qu&rsquo;il existe une difficult\u00e9 \u00e0 Lyon et en France pour ouvrir les yeux sur ce sujet ? Les militant\u00b7e\u00b7s de la GALE expliquent que <i>\u00ab le fascisme a pris des formes historiques diff\u00e9rentes \u00bb<\/i> entre les deux pays, pr\u00e9cisant toutefois que <i>\u00ab les violences sont les m\u00eames \u00bb<\/i>. Le <i>Lyon Bondy Blog<\/i> ne pr\u00e9tend pas d\u00e9tenir de r\u00e9ponse absolue, mais a jug\u00e9 cette question assez int\u00e9ressante pour \u00eatre soulev\u00e9e&#8230; et conseille \u00e0 chacun\u00b7e d&rsquo;aller voir <i>BlacKkKlansman<\/i> pour se faire son avis !<\/p>\n<p lang=\"fr-FR\" align=\"RIGHT\"><b>Alexis Dumont<\/b><\/p>\n<!-- AddThis Advanced Settings generic via filter on the_content --><!-- AddThis Share Buttons generic via filter on the_content -->","protected":false},"excerpt":{"rendered":"<p>BlacKkKlansman, dernier film de Spike Lee et grand prix du festival de Cannes, est sorti en salles le 22 ao\u00fbt dernier. Inspir\u00e9 de faits r\u00e9els, &hellip; <!-- AddThis Advanced Settings generic via filter on wp_trim_excerpt --><!-- AddThis Share Buttons generic via filter on wp_trim_excerpt --><\/p>\n","protected":false},"author":1,"featured_media":14159,"comment_status":"open","ping_status":"open","sticky":false,"template":"","format":"standard","meta":{"_FSMCFIC_featured_image_caption":"","_FSMCFIC_featured_image_nocaption":"","_FSMCFIC_featured_image_hide":"","footnotes":""},"categories":[3,8,9,4,3536,3887,2],"tags":[],"class_list":["post-14158","post","type-post","status-publish","format-standard","has-post-thumbnail","hentry","category-culture","category-france","category-international","category-lyon","category-racisme","category-securite","category-societe"],"yoast_head":"<!-- This site is optimized with the Yoast SEO plugin v22.8 - https:\/\/yoast.com\/wordpress\/plugins\/seo\/ -->\n<title>BlacKkKlansman : atmosph\u00e8re particuli\u00e8re dans la \u00ab capitale de l&#039;extr\u00eame-droite \u00bb - Lyon Bondy Blog<\/title>\n<meta name=\"robots\" content=\"index, follow, max-snippet:-1, max-image-preview:large, max-video-preview:-1\" \/>\n<link rel=\"canonical\" href=\"https:\/\/lyonbondyblog.fr\/LBB\/blackkklansman-atmosphere-particuliere-dans-la-capitale-de-lextreme-droite\/\" \/>\n<meta property=\"og:locale\" content=\"fr_FR\" \/>\n<meta property=\"og:type\" content=\"article\" \/>\n<meta property=\"og:title\" content=\"BlacKkKlansman : atmosph\u00e8re particuli\u00e8re dans la \u00ab capitale de l&#039;extr\u00eame-droite \u00bb - Lyon Bondy Blog\" \/>\n<meta property=\"og:description\" content=\"BlacKkKlansman, dernier film de Spike Lee et grand prix du festival de Cannes, est sorti en salles le 22 ao\u00fbt dernier. Inspir\u00e9 de faits r\u00e9els, &hellip;\" \/>\n<meta property=\"og:url\" content=\"https:\/\/lyonbondyblog.fr\/LBB\/blackkklansman-atmosphere-particuliere-dans-la-capitale-de-lextreme-droite\/\" \/>\n<meta property=\"og:site_name\" content=\"Lyon Bondy Blog\" \/>\n<meta property=\"article:publisher\" content=\"https:\/\/www.facebook.com\/lyonbondyblog\" \/>\n<meta property=\"article:author\" content=\"https:\/\/www.facebook.com\/lyonbondyblog\" \/>\n<meta property=\"article:published_time\" content=\"2018-09-08T10:32:14+00:00\" \/>\n<meta property=\"article:modified_time\" content=\"2021-07-08T07:41:45+00:00\" \/>\n<meta property=\"og:image\" content=\"https:\/\/lyonbondyblog.fr\/LBB\/wp-content\/uploads\/2018\/09\/BlacKkKlansman-poster.jpg\" \/>\n\t<meta property=\"og:image:width\" content=\"1688\" \/>\n\t<meta property=\"og:image:height\" content=\"842\" \/>\n\t<meta property=\"og:image:type\" content=\"image\/jpeg\" \/>\n<meta name=\"author\" content=\"La r\u00e9daction\" \/>\n<meta name=\"twitter:card\" content=\"summary_large_image\" \/>\n<meta name=\"twitter:creator\" content=\"@BondyBlogLyon\" \/>\n<meta name=\"twitter:site\" content=\"@bondybloglyon\" \/>\n<script type=\"application\/ld+json\" class=\"yoast-schema-graph\">{\"@context\":\"https:\/\/schema.org\",\"@graph\":[{\"@type\":\"Article\",\"@id\":\"https:\/\/lyonbondyblog.fr\/LBB\/blackkklansman-atmosphere-particuliere-dans-la-capitale-de-lextreme-droite\/#article\",\"isPartOf\":{\"@id\":\"https:\/\/lyonbondyblog.fr\/LBB\/blackkklansman-atmosphere-particuliere-dans-la-capitale-de-lextreme-droite\/\"},\"author\":{\"name\":\"La r\u00e9daction\",\"@id\":\"https:\/\/lyonbondyblog.fr\/LBB\/#\/schema\/person\/e45f8d27baac75072daa0be50c409b25\"},\"headline\":\"BlacKkKlansman : atmosph\u00e8re particuli\u00e8re dans la \u00ab capitale de l&rsquo;extr\u00eame-droite \u00bb\",\"datePublished\":\"2018-09-08T10:32:14+00:00\",\"dateModified\":\"2021-07-08T07:41:45+00:00\",\"mainEntityOfPage\":{\"@id\":\"https:\/\/lyonbondyblog.fr\/LBB\/blackkklansman-atmosphere-particuliere-dans-la-capitale-de-lextreme-droite\/\"},\"wordCount\":596,\"commentCount\":0,\"publisher\":{\"@id\":\"https:\/\/lyonbondyblog.fr\/LBB\/#organization\"},\"image\":{\"@id\":\"https:\/\/lyonbondyblog.fr\/LBB\/blackkklansman-atmosphere-particuliere-dans-la-capitale-de-lextreme-droite\/#primaryimage\"},\"thumbnailUrl\":\"https:\/\/lyonbondyblog.fr\/LBB\/wp-content\/uploads\/2018\/09\/BlacKkKlansman-poster.jpg\",\"articleSection\":[\"Culture\",\"France\",\"International\",\"Lyon\",\"Racisme\",\"S\u00e9curit\u00e9\",\"Soci\u00e9t\u00e9\"],\"inLanguage\":\"fr-FR\",\"potentialAction\":[{\"@type\":\"CommentAction\",\"name\":\"Comment\",\"target\":[\"https:\/\/lyonbondyblog.fr\/LBB\/blackkklansman-atmosphere-particuliere-dans-la-capitale-de-lextreme-droite\/#respond\"]}]},{\"@type\":\"WebPage\",\"@id\":\"https:\/\/lyonbondyblog.fr\/LBB\/blackkklansman-atmosphere-particuliere-dans-la-capitale-de-lextreme-droite\/\",\"url\":\"https:\/\/lyonbondyblog.fr\/LBB\/blackkklansman-atmosphere-particuliere-dans-la-capitale-de-lextreme-droite\/\",\"name\":\"BlacKkKlansman : atmosph\u00e8re particuli\u00e8re dans la \u00ab capitale de l'extr\u00eame-droite \u00bb - Lyon Bondy Blog\",\"isPartOf\":{\"@id\":\"https:\/\/lyonbondyblog.fr\/LBB\/#website\"},\"primaryImageOfPage\":{\"@id\":\"https:\/\/lyonbondyblog.fr\/LBB\/blackkklansman-atmosphere-particuliere-dans-la-capitale-de-lextreme-droite\/#primaryimage\"},\"image\":{\"@id\":\"https:\/\/lyonbondyblog.fr\/LBB\/blackkklansman-atmosphere-particuliere-dans-la-capitale-de-lextreme-droite\/#primaryimage\"},\"thumbnailUrl\":\"https:\/\/lyonbondyblog.fr\/LBB\/wp-content\/uploads\/2018\/09\/BlacKkKlansman-poster.jpg\",\"datePublished\":\"2018-09-08T10:32:14+00:00\",\"dateModified\":\"2021-07-08T07:41:45+00:00\",\"inLanguage\":\"fr-FR\",\"potentialAction\":[{\"@type\":\"ReadAction\",\"target\":[\"https:\/\/lyonbondyblog.fr\/LBB\/blackkklansman-atmosphere-particuliere-dans-la-capitale-de-lextreme-droite\/\"]}]},{\"@type\":\"ImageObject\",\"inLanguage\":\"fr-FR\",\"@id\":\"https:\/\/lyonbondyblog.fr\/LBB\/blackkklansman-atmosphere-particuliere-dans-la-capitale-de-lextreme-droite\/#primaryimage\",\"url\":\"https:\/\/lyonbondyblog.fr\/LBB\/wp-content\/uploads\/2018\/09\/BlacKkKlansman-poster.jpg\",\"contentUrl\":\"https:\/\/lyonbondyblog.fr\/LBB\/wp-content\/uploads\/2018\/09\/BlacKkKlansman-poster.jpg\",\"width\":1688,\"height\":842,\"caption\":\"Cr\u00e9dits BlackkKlansman le film.\"},{\"@type\":\"WebSite\",\"@id\":\"https:\/\/lyonbondyblog.fr\/LBB\/#website\",\"url\":\"https:\/\/lyonbondyblog.fr\/LBB\/\",\"name\":\"Lyon Bondy Blog\",\"description\":\"\",\"publisher\":{\"@id\":\"https:\/\/lyonbondyblog.fr\/LBB\/#organization\"},\"potentialAction\":[{\"@type\":\"SearchAction\",\"target\":{\"@type\":\"EntryPoint\",\"urlTemplate\":\"https:\/\/lyonbondyblog.fr\/LBB\/?s={search_term_string}\"},\"query-input\":\"required name=search_term_string\"}],\"inLanguage\":\"fr-FR\"},{\"@type\":\"Organization\",\"@id\":\"https:\/\/lyonbondyblog.fr\/LBB\/#organization\",\"name\":\"LYON BONDY BLOG\",\"url\":\"https:\/\/lyonbondyblog.fr\/LBB\/\",\"logo\":{\"@type\":\"ImageObject\",\"inLanguage\":\"fr-FR\",\"@id\":\"https:\/\/lyonbondyblog.fr\/LBB\/#\/schema\/logo\/image\/\",\"url\":\"http:\/\/lyonbondyblog.fr\/LBB\/wp-content\/uploads\/2014\/10\/logo-portable-144.png\",\"contentUrl\":\"http:\/\/lyonbondyblog.fr\/LBB\/wp-content\/uploads\/2014\/10\/logo-portable-144.png\",\"width\":144,\"height\":123,\"caption\":\"LYON BONDY BLOG\"},\"image\":{\"@id\":\"https:\/\/lyonbondyblog.fr\/LBB\/#\/schema\/logo\/image\/\"},\"sameAs\":[\"https:\/\/www.facebook.com\/lyonbondyblog\",\"https:\/\/x.com\/bondybloglyon\"]},{\"@type\":\"Person\",\"@id\":\"https:\/\/lyonbondyblog.fr\/LBB\/#\/schema\/person\/e45f8d27baac75072daa0be50c409b25\",\"name\":\"La r\u00e9daction\",\"description\":\"Cr\u00e9e en 2008, la r\u00e9daction du Lyon Bondy Blog s'applique \u00e0 proposer une information locale diff\u00e9rente et compl\u00e9mentaire des m\u00e9dias traditionnels.\",\"sameAs\":[\"https:\/\/www.facebook.com\/lyonbondyblog\",\"https:\/\/x.com\/BondyBlogLyon\"],\"url\":\"https:\/\/lyonbondyblog.fr\/LBB\/author\/admin\/\"}]}<\/script>\n<!-- \/ Yoast SEO plugin. -->","yoast_head_json":{"title":"BlacKkKlansman : atmosph\u00e8re particuli\u00e8re dans la \u00ab capitale de l'extr\u00eame-droite \u00bb - Lyon Bondy Blog","robots":{"index":"index","follow":"follow","max-snippet":"max-snippet:-1","max-image-preview":"max-image-preview:large","max-video-preview":"max-video-preview:-1"},"canonical":"https:\/\/lyonbondyblog.fr\/LBB\/blackkklansman-atmosphere-particuliere-dans-la-capitale-de-lextreme-droite\/","og_locale":"fr_FR","og_type":"article","og_title":"BlacKkKlansman : atmosph\u00e8re particuli\u00e8re dans la \u00ab capitale de l'extr\u00eame-droite \u00bb - Lyon Bondy Blog","og_description":"BlacKkKlansman, dernier film de Spike Lee et grand prix du festival de Cannes, est sorti en salles le 22 ao\u00fbt dernier. Inspir\u00e9 de faits r\u00e9els, &hellip;","og_url":"https:\/\/lyonbondyblog.fr\/LBB\/blackkklansman-atmosphere-particuliere-dans-la-capitale-de-lextreme-droite\/","og_site_name":"Lyon Bondy Blog","article_publisher":"https:\/\/www.facebook.com\/lyonbondyblog","article_author":"https:\/\/www.facebook.com\/lyonbondyblog","article_published_time":"2018-09-08T10:32:14+00:00","article_modified_time":"2021-07-08T07:41:45+00:00","og_image":[{"width":1688,"height":842,"url":"https:\/\/lyonbondyblog.fr\/LBB\/wp-content\/uploads\/2018\/09\/BlacKkKlansman-poster.jpg","type":"image\/jpeg"}],"author":"La r\u00e9daction","twitter_card":"summary_large_image","twitter_creator":"@BondyBlogLyon","twitter_site":"@bondybloglyon","schema":{"@context":"https:\/\/schema.org","@graph":[{"@type":"Article","@id":"https:\/\/lyonbondyblog.fr\/LBB\/blackkklansman-atmosphere-particuliere-dans-la-capitale-de-lextreme-droite\/#article","isPartOf":{"@id":"https:\/\/lyonbondyblog.fr\/LBB\/blackkklansman-atmosphere-particuliere-dans-la-capitale-de-lextreme-droite\/"},"author":{"name":"La r\u00e9daction","@id":"https:\/\/lyonbondyblog.fr\/LBB\/#\/schema\/person\/e45f8d27baac75072daa0be50c409b25"},"headline":"BlacKkKlansman : atmosph\u00e8re particuli\u00e8re dans la \u00ab capitale de l&rsquo;extr\u00eame-droite \u00bb","datePublished":"2018-09-08T10:32:14+00:00","dateModified":"2021-07-08T07:41:45+00:00","mainEntityOfPage":{"@id":"https:\/\/lyonbondyblog.fr\/LBB\/blackkklansman-atmosphere-particuliere-dans-la-capitale-de-lextreme-droite\/"},"wordCount":596,"commentCount":0,"publisher":{"@id":"https:\/\/lyonbondyblog.fr\/LBB\/#organization"},"image":{"@id":"https:\/\/lyonbondyblog.fr\/LBB\/blackkklansman-atmosphere-particuliere-dans-la-capitale-de-lextreme-droite\/#primaryimage"},"thumbnailUrl":"https:\/\/lyonbondyblog.fr\/LBB\/wp-content\/uploads\/2018\/09\/BlacKkKlansman-poster.jpg","articleSection":["Culture","France","International","Lyon","Racisme","S\u00e9curit\u00e9","Soci\u00e9t\u00e9"],"inLanguage":"fr-FR","potentialAction":[{"@type":"CommentAction","name":"Comment","target":["https:\/\/lyonbondyblog.fr\/LBB\/blackkklansman-atmosphere-particuliere-dans-la-capitale-de-lextreme-droite\/#respond"]}]},{"@type":"WebPage","@id":"https:\/\/lyonbondyblog.fr\/LBB\/blackkklansman-atmosphere-particuliere-dans-la-capitale-de-lextreme-droite\/","url":"https:\/\/lyonbondyblog.fr\/LBB\/blackkklansman-atmosphere-particuliere-dans-la-capitale-de-lextreme-droite\/","name":"BlacKkKlansman : atmosph\u00e8re particuli\u00e8re dans la \u00ab capitale de l'extr\u00eame-droite \u00bb - Lyon Bondy Blog","isPartOf":{"@id":"https:\/\/lyonbondyblog.fr\/LBB\/#website"},"primaryImageOfPage":{"@id":"https:\/\/lyonbondyblog.fr\/LBB\/blackkklansman-atmosphere-particuliere-dans-la-capitale-de-lextreme-droite\/#primaryimage"},"image":{"@id":"https:\/\/lyonbondyblog.fr\/LBB\/blackkklansman-atmosphere-particuliere-dans-la-capitale-de-lextreme-droite\/#primaryimage"},"thumbnailUrl":"https:\/\/lyonbondyblog.fr\/LBB\/wp-content\/uploads\/2018\/09\/BlacKkKlansman-poster.jpg","datePublished":"2018-09-08T10:32:14+00:00","dateModified":"2021-07-08T07:41:45+00:00","inLanguage":"fr-FR","potentialAction":[{"@type":"ReadAction","target":["https:\/\/lyonbondyblog.fr\/LBB\/blackkklansman-atmosphere-particuliere-dans-la-capitale-de-lextreme-droite\/"]}]},{"@type":"ImageObject","inLanguage":"fr-FR","@id":"https:\/\/lyonbondyblog.fr\/LBB\/blackkklansman-atmosphere-particuliere-dans-la-capitale-de-lextreme-droite\/#primaryimage","url":"https:\/\/lyonbondyblog.fr\/LBB\/wp-content\/uploads\/2018\/09\/BlacKkKlansman-poster.jpg","contentUrl":"https:\/\/lyonbondyblog.fr\/LBB\/wp-content\/uploads\/2018\/09\/BlacKkKlansman-poster.jpg","width":1688,"height":842,"caption":"Cr\u00e9dits BlackkKlansman le film."},{"@type":"WebSite","@id":"https:\/\/lyonbondyblog.fr\/LBB\/#website","url":"https:\/\/lyonbondyblog.fr\/LBB\/","name":"Lyon Bondy Blog","description":"","publisher":{"@id":"https:\/\/lyonbondyblog.fr\/LBB\/#organization"},"potentialAction":[{"@type":"SearchAction","target":{"@type":"EntryPoint","urlTemplate":"https:\/\/lyonbondyblog.fr\/LBB\/?s={search_term_string}"},"query-input":"required name=search_term_string"}],"inLanguage":"fr-FR"},{"@type":"Organization","@id":"https:\/\/lyonbondyblog.fr\/LBB\/#organization","name":"LYON BONDY BLOG","url":"https:\/\/lyonbondyblog.fr\/LBB\/","logo":{"@type":"ImageObject","inLanguage":"fr-FR","@id":"https:\/\/lyonbondyblog.fr\/LBB\/#\/schema\/logo\/image\/","url":"http:\/\/lyonbondyblog.fr\/LBB\/wp-content\/uploads\/2014\/10\/logo-portable-144.png","contentUrl":"http:\/\/lyonbondyblog.fr\/LBB\/wp-content\/uploads\/2014\/10\/logo-portable-144.png","width":144,"height":123,"caption":"LYON BONDY BLOG"},"image":{"@id":"https:\/\/lyonbondyblog.fr\/LBB\/#\/schema\/logo\/image\/"},"sameAs":["https:\/\/www.facebook.com\/lyonbondyblog","https:\/\/x.com\/bondybloglyon"]},{"@type":"Person","@id":"https:\/\/lyonbondyblog.fr\/LBB\/#\/schema\/person\/e45f8d27baac75072daa0be50c409b25","name":"La r\u00e9daction","description":"Cr\u00e9e en 2008, la r\u00e9daction du Lyon Bondy Blog s'applique \u00e0 proposer une information locale diff\u00e9rente et compl\u00e9mentaire des m\u00e9dias traditionnels.","sameAs":["https:\/\/www.facebook.com\/lyonbondyblog","https:\/\/x.com\/BondyBlogLyon"],"url":"https:\/\/lyonbondyblog.fr\/LBB\/author\/admin\/"}]}},"_links":{"self":[{"href":"https:\/\/lyonbondyblog.fr\/LBB\/wp-json\/wp\/v2\/posts\/14158","targetHints":{"allow":["GET"]}}],"collection":[{"href":"https:\/\/lyonbondyblog.fr\/LBB\/wp-json\/wp\/v2\/posts"}],"about":[{"href":"https:\/\/lyonbondyblog.fr\/LBB\/wp-json\/wp\/v2\/types\/post"}],"author":[{"embeddable":true,"href":"https:\/\/lyonbondyblog.fr\/LBB\/wp-json\/wp\/v2\/users\/1"}],"replies":[{"embeddable":true,"href":"https:\/\/lyonbondyblog.fr\/LBB\/wp-json\/wp\/v2\/comments?post=14158"}],"version-history":[{"count":8,"href":"https:\/\/lyonbondyblog.fr\/LBB\/wp-json\/wp\/v2\/posts\/14158\/revisions"}],"predecessor-version":[{"id":24251,"href":"https:\/\/lyonbondyblog.fr\/LBB\/wp-json\/wp\/v2\/posts\/14158\/revisions\/24251"}],"wp:featuredmedia":[{"embeddable":true,"href":"https:\/\/lyonbondyblog.fr\/LBB\/wp-json\/wp\/v2\/media\/14159"}],"wp:attachment":[{"href":"https:\/\/lyonbondyblog.fr\/LBB\/wp-json\/wp\/v2\/media?parent=14158"}],"wp:term":[{"taxonomy":"category","embeddable":true,"href":"https:\/\/lyonbondyblog.fr\/LBB\/wp-json\/wp\/v2\/categories?post=14158"},{"taxonomy":"post_tag","embeddable":true,"href":"https:\/\/lyonbondyblog.fr\/LBB\/wp-json\/wp\/v2\/tags?post=14158"}],"curies":[{"name":"wp","href":"https:\/\/api.w.org\/{rel}","templated":true}]}}