{"id":1415,"date":"2012-05-14T14:39:24","date_gmt":"2012-05-14T12:39:24","guid":{"rendered":"http:\/\/lyonbondyblog.fr\/LBB\/?p=1415"},"modified":"2013-07-25T14:41:30","modified_gmt":"2013-07-25T12:41:30","slug":"la-verite-sort-de-la-bouche-des-gones","status":"publish","type":"post","link":"https:\/\/lyonbondyblog.fr\/LBB\/la-verite-sort-de-la-bouche-des-gones\/","title":{"rendered":"La v\u00e9rit\u00e9 sort de la bouche des Gones ?"},"content":{"rendered":"<p><strong>Arm\u00e9 de cette id\u00e9e entre les deux tours, il aurait \u00e9t\u00e9 facile de se laisser fl\u00e2ner \u00e0 penser qu&rsquo;en fait de v\u00e9rit\u00e9, les enfants r\u00e9p\u00e8tent les id\u00e9es des parents. Plus encore s&rsquo;agissant d&rsquo;une \u00e9lection pr\u00e9sidentielle, il serait simple de croire que les 6, 7 ans, ont seulement l&rsquo;avis de leur milieu familial, et de leurs proches, comme de vulgaires perroquets. Bien que ce soit fr\u00e9quemment le cas, il s&rsquo;y trouve une br\u00e8che.<\/strong><\/p>\n<p><a href=\"https:\/\/lyonbondyblog.fr\/LBB\/wp-content\/uploads\/2013\/07\/craie_tableau_t.jpg\"><img loading=\"lazy\" decoding=\"async\" class=\"size-full wp-image-1416 alignleft\" alt=\"craie_tableau_t\" src=\"https:\/\/lyonbondyblog.fr\/LBB\/wp-content\/uploads\/2013\/07\/craie_tableau_t.jpg\" width=\"193\" height=\"129\" \/><\/a><strong>Que disent donc ces gones sur le sujet?<\/strong><b><br \/>\n<\/b><\/p>\n<p>L&rsquo;\u00e9tonnement sera d&rsquo;y entendre des mots teint\u00e9s d&rsquo;humour et de po\u00e9sie, qui plus est, frapp\u00e9s au coin du bon sens. Est-il besoin de rappeler que, sans \u00eatre le sujet, pour l&rsquo;humour et la po\u00e9sie, cela \u00e0 manqu\u00e9 dans l&rsquo;isoloir? Somme toute, la campagne, sur son d\u00e9nouement, n&rsquo;a fait r\u00eaver qu&rsquo;un fran\u00e7ais sur deux.<\/p>\n<p>Proposons alors de prendre un bol d&rsquo;air frais, quelle que soit l&rsquo;\u00e9tiquette. A vous d&rsquo;en juger, avec ce floril\u00e8ge \u00e0 la Jacques Prevert&#8230; (attention, il faut les capter en plein vol, ces oiseaux la!)<\/p>\n<p>Sarah, 7 ans\u00a0: \u00ab <i>Marine L\u00f4pen, elle veut renvoyer chez eux tous les inconnus<\/i> \u00bb.<\/p>\n<p>Reconnaissons que les sans papiers ne sont pas tous reconnus. Et bien des dossiers de demande de r\u00e9gularisation disparaissent corps et biens, dans les m\u00e9andres d&rsquo;une administration prompte \u00e0 laisser tomber la poussi\u00e8re&#8230;<\/p>\n<p>Nordine, 6 ans\u00a0: \u00ab <i>Bah m\u00f4sieur Lhollande va gagner pasqe j ai pens\u00e9, et je sum d\u00e9cid\u00e9<\/i> \u00bb.<\/p>\n<p>Bel optimisme, \u00e0 moins que ce petit ait invent\u00e9 la \u00ab\u00a0t\u00e9l\u00e9kin\u00e9sie-cratie\u00a0\u00bb, ou comment voter \u00e0 la vitesse de la lumi\u00e8re, par la force de la volont\u00e9. A suivre&#8230;<\/p>\n<p>Cl\u00e9ment, 7 ans\u00a0: \u00ab <i>Pff, si m&rsquo;sieur Sarkozy fait rester la ma\u00eetresse \u00e0 l&rsquo;\u00e9cole, on va travailler plus<\/i> \u00bb. No comment.<\/p>\n<p>Rachid, 6 ans\u00a0: \u00ab<i> C&rsquo;est trop bien d&rsquo;\u00eatre pr\u00e9sident, tout le monde te dit bonjour<\/i> \u00bb. Pr\u00e9monitoire, ou juste le mot d\u2019un futur politicien?<\/p>\n<p>Pour finir, Elise, 6 ans\u00a0: \u00ab <i>On va mettre le gagnant dans la boite\u00a0!<\/i> \u00bb Emball\u00e9, c&rsquo;est pes\u00e9.<\/p>\n<p>D\u00e9cid\u00e9ment, \u00e0 d\u00e9faut d&rsquo;\u00eatre uniquement nos ch\u00e8res petites t\u00eates blondes, (et simplettes), ces enfants, ont des \u00ab\u00a0caboches\u00a0\u00bb bien faites.<\/p>\n<p>Alors oui, si la v\u00e9rit\u00e9 est parfois une petite vue de l&rsquo;esprit, les petits ont toujours de l&rsquo;esprit en vue.<\/p>\n<p>Merci les G\u00f4nes!<\/p>\n<!-- AddThis Advanced Settings generic via filter on the_content --><!-- AddThis Share Buttons generic via filter on the_content -->","protected":false},"excerpt":{"rendered":"<p>Arm\u00e9 de cette id\u00e9e entre les deux tours, il aurait \u00e9t\u00e9 facile de se laisser fl\u00e2ner \u00e0 penser qu&rsquo;en fait de v\u00e9rit\u00e9, les enfants r\u00e9p\u00e8tent &hellip; <!-- AddThis Advanced Settings generic via filter on wp_trim_excerpt --><!-- AddThis Share Buttons generic via filter on wp_trim_excerpt --><\/p>\n","protected":false},"author":6,"featured_media":1416,"comment_status":"open","ping_status":"open","sticky":false,"template":"","format":"standard","meta":{"_FSMCFIC_featured_image_caption":"","_FSMCFIC_featured_image_nocaption":"","_FSMCFIC_featured_image_hide":"","footnotes":""},"categories":[4],"tags":[10,112],"class_list":["post-1415","post","type-post","status-publish","format-standard","has-post-thumbnail","hentry","category-lyon","tag-lyon-2","tag-lyon-bondy-blog"],"yoast_head":"<!-- This site is optimized with the Yoast SEO plugin v22.8 - https:\/\/yoast.com\/wordpress\/plugins\/seo\/ -->\n<title>La v\u00e9rit\u00e9 sort de la bouche des Gones ? - Lyon Bondy Blog<\/title>\n<meta name=\"robots\" content=\"index, follow, max-snippet:-1, max-image-preview:large, max-video-preview:-1\" \/>\n<link rel=\"canonical\" href=\"https:\/\/lyonbondyblog.fr\/LBB\/la-verite-sort-de-la-bouche-des-gones\/\" \/>\n<meta property=\"og:locale\" content=\"fr_FR\" \/>\n<meta property=\"og:type\" content=\"article\" \/>\n<meta property=\"og:title\" content=\"La v\u00e9rit\u00e9 sort de la bouche des Gones ? - Lyon Bondy Blog\" \/>\n<meta property=\"og:description\" content=\"Arm\u00e9 de cette id\u00e9e entre les deux tours, il aurait \u00e9t\u00e9 facile de se laisser fl\u00e2ner \u00e0 penser qu&rsquo;en fait de v\u00e9rit\u00e9, les enfants r\u00e9p\u00e8tent &hellip;\" \/>\n<meta property=\"og:url\" content=\"https:\/\/lyonbondyblog.fr\/LBB\/la-verite-sort-de-la-bouche-des-gones\/\" \/>\n<meta property=\"og:site_name\" content=\"Lyon Bondy Blog\" \/>\n<meta property=\"article:publisher\" content=\"https:\/\/www.facebook.com\/lyonbondyblog\" \/>\n<meta property=\"article:published_time\" content=\"2012-05-14T12:39:24+00:00\" \/>\n<meta property=\"article:modified_time\" content=\"2013-07-25T12:41:30+00:00\" \/>\n<meta property=\"og:image\" content=\"https:\/\/lyonbondyblog.fr\/LBB\/wp-content\/uploads\/2013\/07\/craie_tableau_t.jpg\" \/>\n\t<meta property=\"og:image:width\" content=\"193\" \/>\n\t<meta property=\"og:image:height\" content=\"129\" \/>\n\t<meta property=\"og:image:type\" content=\"image\/jpeg\" \/>\n<meta name=\"author\" content=\"David Vallat\" \/>\n<meta name=\"twitter:card\" content=\"summary_large_image\" \/>\n<meta name=\"twitter:creator\" content=\"@bondybloglyon\" \/>\n<meta name=\"twitter:site\" content=\"@bondybloglyon\" \/>\n<script type=\"application\/ld+json\" class=\"yoast-schema-graph\">{\"@context\":\"https:\/\/schema.org\",\"@graph\":[{\"@type\":\"Article\",\"@id\":\"https:\/\/lyonbondyblog.fr\/LBB\/la-verite-sort-de-la-bouche-des-gones\/#article\",\"isPartOf\":{\"@id\":\"https:\/\/lyonbondyblog.fr\/LBB\/la-verite-sort-de-la-bouche-des-gones\/\"},\"author\":{\"name\":\"David Vallat\",\"@id\":\"https:\/\/lyonbondyblog.fr\/LBB\/#\/schema\/person\/e05da4b37301ee95bd3ea4b83193b100\"},\"headline\":\"La v\u00e9rit\u00e9 sort de la bouche des Gones ?\",\"datePublished\":\"2012-05-14T12:39:24+00:00\",\"dateModified\":\"2013-07-25T12:41:30+00:00\",\"mainEntityOfPage\":{\"@id\":\"https:\/\/lyonbondyblog.fr\/LBB\/la-verite-sort-de-la-bouche-des-gones\/\"},\"wordCount\":394,\"commentCount\":0,\"publisher\":{\"@id\":\"https:\/\/lyonbondyblog.fr\/LBB\/#organization\"},\"image\":{\"@id\":\"https:\/\/lyonbondyblog.fr\/LBB\/la-verite-sort-de-la-bouche-des-gones\/#primaryimage\"},\"thumbnailUrl\":\"https:\/\/lyonbondyblog.fr\/LBB\/wp-content\/uploads\/2013\/07\/craie_tableau_t.jpg\",\"keywords\":[\"lyon\",\"Lyon Bondy Blog\"],\"articleSection\":[\"Lyon\"],\"inLanguage\":\"fr-FR\",\"potentialAction\":[{\"@type\":\"CommentAction\",\"name\":\"Comment\",\"target\":[\"https:\/\/lyonbondyblog.fr\/LBB\/la-verite-sort-de-la-bouche-des-gones\/#respond\"]}]},{\"@type\":\"WebPage\",\"@id\":\"https:\/\/lyonbondyblog.fr\/LBB\/la-verite-sort-de-la-bouche-des-gones\/\",\"url\":\"https:\/\/lyonbondyblog.fr\/LBB\/la-verite-sort-de-la-bouche-des-gones\/\",\"name\":\"La v\u00e9rit\u00e9 sort de la bouche des Gones ? - Lyon Bondy Blog\",\"isPartOf\":{\"@id\":\"https:\/\/lyonbondyblog.fr\/LBB\/#website\"},\"primaryImageOfPage\":{\"@id\":\"https:\/\/lyonbondyblog.fr\/LBB\/la-verite-sort-de-la-bouche-des-gones\/#primaryimage\"},\"image\":{\"@id\":\"https:\/\/lyonbondyblog.fr\/LBB\/la-verite-sort-de-la-bouche-des-gones\/#primaryimage\"},\"thumbnailUrl\":\"https:\/\/lyonbondyblog.fr\/LBB\/wp-content\/uploads\/2013\/07\/craie_tableau_t.jpg\",\"datePublished\":\"2012-05-14T12:39:24+00:00\",\"dateModified\":\"2013-07-25T12:41:30+00:00\",\"inLanguage\":\"fr-FR\",\"potentialAction\":[{\"@type\":\"ReadAction\",\"target\":[\"https:\/\/lyonbondyblog.fr\/LBB\/la-verite-sort-de-la-bouche-des-gones\/\"]}]},{\"@type\":\"ImageObject\",\"inLanguage\":\"fr-FR\",\"@id\":\"https:\/\/lyonbondyblog.fr\/LBB\/la-verite-sort-de-la-bouche-des-gones\/#primaryimage\",\"url\":\"https:\/\/lyonbondyblog.fr\/LBB\/wp-content\/uploads\/2013\/07\/craie_tableau_t.jpg\",\"contentUrl\":\"https:\/\/lyonbondyblog.fr\/LBB\/wp-content\/uploads\/2013\/07\/craie_tableau_t.jpg\",\"width\":193,\"height\":129},{\"@type\":\"WebSite\",\"@id\":\"https:\/\/lyonbondyblog.fr\/LBB\/#website\",\"url\":\"https:\/\/lyonbondyblog.fr\/LBB\/\",\"name\":\"Lyon Bondy Blog\",\"description\":\"\",\"publisher\":{\"@id\":\"https:\/\/lyonbondyblog.fr\/LBB\/#organization\"},\"potentialAction\":[{\"@type\":\"SearchAction\",\"target\":{\"@type\":\"EntryPoint\",\"urlTemplate\":\"https:\/\/lyonbondyblog.fr\/LBB\/?s={search_term_string}\"},\"query-input\":\"required name=search_term_string\"}],\"inLanguage\":\"fr-FR\"},{\"@type\":\"Organization\",\"@id\":\"https:\/\/lyonbondyblog.fr\/LBB\/#organization\",\"name\":\"LYON BONDY BLOG\",\"url\":\"https:\/\/lyonbondyblog.fr\/LBB\/\",\"logo\":{\"@type\":\"ImageObject\",\"inLanguage\":\"fr-FR\",\"@id\":\"https:\/\/lyonbondyblog.fr\/LBB\/#\/schema\/logo\/image\/\",\"url\":\"http:\/\/lyonbondyblog.fr\/LBB\/wp-content\/uploads\/2014\/10\/logo-portable-144.png\",\"contentUrl\":\"http:\/\/lyonbondyblog.fr\/LBB\/wp-content\/uploads\/2014\/10\/logo-portable-144.png\",\"width\":144,\"height\":123,\"caption\":\"LYON BONDY BLOG\"},\"image\":{\"@id\":\"https:\/\/lyonbondyblog.fr\/LBB\/#\/schema\/logo\/image\/\"},\"sameAs\":[\"https:\/\/www.facebook.com\/lyonbondyblog\",\"https:\/\/x.com\/bondybloglyon\"]},{\"@type\":\"Person\",\"@id\":\"https:\/\/lyonbondyblog.fr\/LBB\/#\/schema\/person\/e05da4b37301ee95bd3ea4b83193b100\",\"name\":\"David Vallat\",\"description\":\"J\u2019ai d\u00e9j\u00e0 \u00e9t\u00e9 manutentionnaire, pr\u00e9parateur de commande, soudeur, m\u00e9tallier, d\u00e9panneur, serrurier, \u00e9boueur, administrateur des ventes export, d\u00e9m\u00e9nageur, n\u00e9gociateur immobilier, m\u00e9treur dans le b\u00e2timent, fleuriste, k\u00e9babiste, d\u00e9mineur, agent d\u2019entretien, figurant pour des courts m\u00e9trage, carrossier peintre, m\u00e9canicien auto, consultant en explosif pour le cin\u00e9ma, chasseur alpin au 159 de Brian\u00e7on, peintre en b\u00e2timent, formateur sur armes l\u00e9g\u00e8res et fusils d\u2019assauts, pointeur mortier lourd, poseur de charpentes m\u00e9talliques, restaurateur, conseiller juridique, gr\u00e9viste de la faim, arbitre d\u2019\u00e9preuve pour le brevet de moniteur de ski, comptable dans une association de malfaiteur, traducteur anglais arabe, \u00e9crivain public, \u00e9lagueur pour l\u2019office national des forets, n\u00e9gociant en mat\u00e9riel de toutes sortes, chef de chantier, conducteur de travaux. (Liste non exhaustive). Au Lyon Bondy Blog depuis mars 2012. Ma devise serait : \u00ab Mieux vaut passer pour un ignorant, mais ne pas le rester, plut\u00f4t que de le cacher, et continuer \u00e0 l\u2019\u00eatre. \u00bb\",\"url\":\"https:\/\/lyonbondyblog.fr\/LBB\/author\/david\/\"}]}<\/script>\n<!-- \/ Yoast SEO plugin. -->","yoast_head_json":{"title":"La v\u00e9rit\u00e9 sort de la bouche des Gones ? - Lyon Bondy Blog","robots":{"index":"index","follow":"follow","max-snippet":"max-snippet:-1","max-image-preview":"max-image-preview:large","max-video-preview":"max-video-preview:-1"},"canonical":"https:\/\/lyonbondyblog.fr\/LBB\/la-verite-sort-de-la-bouche-des-gones\/","og_locale":"fr_FR","og_type":"article","og_title":"La v\u00e9rit\u00e9 sort de la bouche des Gones ? - Lyon Bondy Blog","og_description":"Arm\u00e9 de cette id\u00e9e entre les deux tours, il aurait \u00e9t\u00e9 facile de se laisser fl\u00e2ner \u00e0 penser qu&rsquo;en fait de v\u00e9rit\u00e9, les enfants r\u00e9p\u00e8tent &hellip;","og_url":"https:\/\/lyonbondyblog.fr\/LBB\/la-verite-sort-de-la-bouche-des-gones\/","og_site_name":"Lyon Bondy Blog","article_publisher":"https:\/\/www.facebook.com\/lyonbondyblog","article_published_time":"2012-05-14T12:39:24+00:00","article_modified_time":"2013-07-25T12:41:30+00:00","og_image":[{"width":193,"height":129,"url":"https:\/\/lyonbondyblog.fr\/LBB\/wp-content\/uploads\/2013\/07\/craie_tableau_t.jpg","type":"image\/jpeg"}],"author":"David Vallat","twitter_card":"summary_large_image","twitter_creator":"@bondybloglyon","twitter_site":"@bondybloglyon","schema":{"@context":"https:\/\/schema.org","@graph":[{"@type":"Article","@id":"https:\/\/lyonbondyblog.fr\/LBB\/la-verite-sort-de-la-bouche-des-gones\/#article","isPartOf":{"@id":"https:\/\/lyonbondyblog.fr\/LBB\/la-verite-sort-de-la-bouche-des-gones\/"},"author":{"name":"David Vallat","@id":"https:\/\/lyonbondyblog.fr\/LBB\/#\/schema\/person\/e05da4b37301ee95bd3ea4b83193b100"},"headline":"La v\u00e9rit\u00e9 sort de la bouche des Gones ?","datePublished":"2012-05-14T12:39:24+00:00","dateModified":"2013-07-25T12:41:30+00:00","mainEntityOfPage":{"@id":"https:\/\/lyonbondyblog.fr\/LBB\/la-verite-sort-de-la-bouche-des-gones\/"},"wordCount":394,"commentCount":0,"publisher":{"@id":"https:\/\/lyonbondyblog.fr\/LBB\/#organization"},"image":{"@id":"https:\/\/lyonbondyblog.fr\/LBB\/la-verite-sort-de-la-bouche-des-gones\/#primaryimage"},"thumbnailUrl":"https:\/\/lyonbondyblog.fr\/LBB\/wp-content\/uploads\/2013\/07\/craie_tableau_t.jpg","keywords":["lyon","Lyon Bondy Blog"],"articleSection":["Lyon"],"inLanguage":"fr-FR","potentialAction":[{"@type":"CommentAction","name":"Comment","target":["https:\/\/lyonbondyblog.fr\/LBB\/la-verite-sort-de-la-bouche-des-gones\/#respond"]}]},{"@type":"WebPage","@id":"https:\/\/lyonbondyblog.fr\/LBB\/la-verite-sort-de-la-bouche-des-gones\/","url":"https:\/\/lyonbondyblog.fr\/LBB\/la-verite-sort-de-la-bouche-des-gones\/","name":"La v\u00e9rit\u00e9 sort de la bouche des Gones ? - Lyon Bondy Blog","isPartOf":{"@id":"https:\/\/lyonbondyblog.fr\/LBB\/#website"},"primaryImageOfPage":{"@id":"https:\/\/lyonbondyblog.fr\/LBB\/la-verite-sort-de-la-bouche-des-gones\/#primaryimage"},"image":{"@id":"https:\/\/lyonbondyblog.fr\/LBB\/la-verite-sort-de-la-bouche-des-gones\/#primaryimage"},"thumbnailUrl":"https:\/\/lyonbondyblog.fr\/LBB\/wp-content\/uploads\/2013\/07\/craie_tableau_t.jpg","datePublished":"2012-05-14T12:39:24+00:00","dateModified":"2013-07-25T12:41:30+00:00","inLanguage":"fr-FR","potentialAction":[{"@type":"ReadAction","target":["https:\/\/lyonbondyblog.fr\/LBB\/la-verite-sort-de-la-bouche-des-gones\/"]}]},{"@type":"ImageObject","inLanguage":"fr-FR","@id":"https:\/\/lyonbondyblog.fr\/LBB\/la-verite-sort-de-la-bouche-des-gones\/#primaryimage","url":"https:\/\/lyonbondyblog.fr\/LBB\/wp-content\/uploads\/2013\/07\/craie_tableau_t.jpg","contentUrl":"https:\/\/lyonbondyblog.fr\/LBB\/wp-content\/uploads\/2013\/07\/craie_tableau_t.jpg","width":193,"height":129},{"@type":"WebSite","@id":"https:\/\/lyonbondyblog.fr\/LBB\/#website","url":"https:\/\/lyonbondyblog.fr\/LBB\/","name":"Lyon Bondy Blog","description":"","publisher":{"@id":"https:\/\/lyonbondyblog.fr\/LBB\/#organization"},"potentialAction":[{"@type":"SearchAction","target":{"@type":"EntryPoint","urlTemplate":"https:\/\/lyonbondyblog.fr\/LBB\/?s={search_term_string}"},"query-input":"required name=search_term_string"}],"inLanguage":"fr-FR"},{"@type":"Organization","@id":"https:\/\/lyonbondyblog.fr\/LBB\/#organization","name":"LYON BONDY BLOG","url":"https:\/\/lyonbondyblog.fr\/LBB\/","logo":{"@type":"ImageObject","inLanguage":"fr-FR","@id":"https:\/\/lyonbondyblog.fr\/LBB\/#\/schema\/logo\/image\/","url":"http:\/\/lyonbondyblog.fr\/LBB\/wp-content\/uploads\/2014\/10\/logo-portable-144.png","contentUrl":"http:\/\/lyonbondyblog.fr\/LBB\/wp-content\/uploads\/2014\/10\/logo-portable-144.png","width":144,"height":123,"caption":"LYON BONDY BLOG"},"image":{"@id":"https:\/\/lyonbondyblog.fr\/LBB\/#\/schema\/logo\/image\/"},"sameAs":["https:\/\/www.facebook.com\/lyonbondyblog","https:\/\/x.com\/bondybloglyon"]},{"@type":"Person","@id":"https:\/\/lyonbondyblog.fr\/LBB\/#\/schema\/person\/e05da4b37301ee95bd3ea4b83193b100","name":"David Vallat","description":"J\u2019ai d\u00e9j\u00e0 \u00e9t\u00e9 manutentionnaire, pr\u00e9parateur de commande, soudeur, m\u00e9tallier, d\u00e9panneur, serrurier, \u00e9boueur, administrateur des ventes export, d\u00e9m\u00e9nageur, n\u00e9gociateur immobilier, m\u00e9treur dans le b\u00e2timent, fleuriste, k\u00e9babiste, d\u00e9mineur, agent d\u2019entretien, figurant pour des courts m\u00e9trage, carrossier peintre, m\u00e9canicien auto, consultant en explosif pour le cin\u00e9ma, chasseur alpin au 159 de Brian\u00e7on, peintre en b\u00e2timent, formateur sur armes l\u00e9g\u00e8res et fusils d\u2019assauts, pointeur mortier lourd, poseur de charpentes m\u00e9talliques, restaurateur, conseiller juridique, gr\u00e9viste de la faim, arbitre d\u2019\u00e9preuve pour le brevet de moniteur de ski, comptable dans une association de malfaiteur, traducteur anglais arabe, \u00e9crivain public, \u00e9lagueur pour l\u2019office national des forets, n\u00e9gociant en mat\u00e9riel de toutes sortes, chef de chantier, conducteur de travaux. (Liste non exhaustive). Au Lyon Bondy Blog depuis mars 2012. Ma devise serait : \u00ab Mieux vaut passer pour un ignorant, mais ne pas le rester, plut\u00f4t que de le cacher, et continuer \u00e0 l\u2019\u00eatre. \u00bb","url":"https:\/\/lyonbondyblog.fr\/LBB\/author\/david\/"}]}},"_links":{"self":[{"href":"https:\/\/lyonbondyblog.fr\/LBB\/wp-json\/wp\/v2\/posts\/1415","targetHints":{"allow":["GET"]}}],"collection":[{"href":"https:\/\/lyonbondyblog.fr\/LBB\/wp-json\/wp\/v2\/posts"}],"about":[{"href":"https:\/\/lyonbondyblog.fr\/LBB\/wp-json\/wp\/v2\/types\/post"}],"author":[{"embeddable":true,"href":"https:\/\/lyonbondyblog.fr\/LBB\/wp-json\/wp\/v2\/users\/6"}],"replies":[{"embeddable":true,"href":"https:\/\/lyonbondyblog.fr\/LBB\/wp-json\/wp\/v2\/comments?post=1415"}],"version-history":[{"count":0,"href":"https:\/\/lyonbondyblog.fr\/LBB\/wp-json\/wp\/v2\/posts\/1415\/revisions"}],"wp:featuredmedia":[{"embeddable":true,"href":"https:\/\/lyonbondyblog.fr\/LBB\/wp-json\/wp\/v2\/media\/1416"}],"wp:attachment":[{"href":"https:\/\/lyonbondyblog.fr\/LBB\/wp-json\/wp\/v2\/media?parent=1415"}],"wp:term":[{"taxonomy":"category","embeddable":true,"href":"https:\/\/lyonbondyblog.fr\/LBB\/wp-json\/wp\/v2\/categories?post=1415"},{"taxonomy":"post_tag","embeddable":true,"href":"https:\/\/lyonbondyblog.fr\/LBB\/wp-json\/wp\/v2\/tags?post=1415"}],"curies":[{"name":"wp","href":"https:\/\/api.w.org\/{rel}","templated":true}]}}