{"id":14143,"date":"2018-09-06T13:56:58","date_gmt":"2018-09-06T11:56:58","guid":{"rendered":"http:\/\/lyonbondyblog.fr\/LBB\/?p=14143"},"modified":"2018-09-06T14:53:43","modified_gmt":"2018-09-06T12:53:43","slug":"nathalie-perrin-gilbert-ce-ne-sont-pas-les-jeunes-qui-sont-en-situation-irreguliere-cest-monsieur-david-kimelfeld","status":"publish","type":"post","link":"https:\/\/lyonbondyblog.fr\/LBB\/nathalie-perrin-gilbert-ce-ne-sont-pas-les-jeunes-qui-sont-en-situation-irreguliere-cest-monsieur-david-kimelfeld\/","title":{"rendered":"Nathalie Perrin-Gilbert : \u00ab\u00a0Ce ne sont pas les jeunes qui sont en situation irr\u00e9guli\u00e8re, c&rsquo;est Monsieur David Kimelfeld\u00a0\u00bb"},"content":{"rendered":"<p><em>Ce jeudi 30 ao\u00fbt, Nathalie Perrin-Gilbert, maire du 1er arrondissement de Lyon, a donn\u00e9 le bilan de l\u2019ouverture d\u2019un lieu de r\u00e9pit (salle Diderot) pour les mineurs non accompagn\u00e9s. Si l\u2019\u00e9lue a su remarquer un v\u00e9ritable \u00e9lan de solidarit\u00e9 chez les habitants et les commer\u00e7ants, elle d\u00e9plore en revanche un non-respect de la loi et des protocoles de prise en charge de la part de la m\u00e9tropole.<\/em><\/p>\n<figure id=\"attachment_14151\" aria-describedby=\"caption-attachment-14151\" style=\"width: 700px\" class=\"wp-caption aligncenter\"><img loading=\"lazy\" decoding=\"async\" class=\"wp-image-14151\" src=\"https:\/\/lyonbondyblog.fr\/LBB\/wp-content\/uploads\/2018\/09\/41132575_2031700553750049_1940311704294391808_n.jpg\" alt=\"\" width=\"700\" height=\"525\" srcset=\"https:\/\/lyonbondyblog.fr\/LBB\/wp-content\/uploads\/2018\/09\/41132575_2031700553750049_1940311704294391808_n.jpg 960w, https:\/\/lyonbondyblog.fr\/LBB\/wp-content\/uploads\/2018\/09\/41132575_2031700553750049_1940311704294391808_n-300x225.jpg 300w, https:\/\/lyonbondyblog.fr\/LBB\/wp-content\/uploads\/2018\/09\/41132575_2031700553750049_1940311704294391808_n-768x576.jpg 768w, https:\/\/lyonbondyblog.fr\/LBB\/wp-content\/uploads\/2018\/09\/41132575_2031700553750049_1940311704294391808_n-600x450.jpg 600w\" sizes=\"auto, (max-width: 700px) 100vw, 700px\" \/><figcaption id=\"caption-attachment-14151\" class=\"wp-caption-text\">Elliot Aubin, Nathalie Perrin-Gilbert, et Laurence Boffet (\u00a9 Yvonne Gangloff \/ Lyon Bondy Blog)<\/figcaption><\/figure>\n<p>Le 20 juillet dernier, la mairie du 1er arrondissement d\u00e9cide de faire de la salle Diderot un lieu de r\u00e9pit pour les mineurs non accompagn\u00e9s \u00e0 la rue pendant la saison estivale. Ce projet, elle a d\u2019abord tent\u00e9 de le r\u00e9aliser avec l\u2019aide de la m\u00e9tropole de Lyon, mais sa proposition n\u2019a, selon Nathalie Perrin-Gilbert, \u00ab pas int\u00e9ress\u00e9 \u00bb les concern\u00e9s. C\u2019est donc avec diverses associations et organisations politiques qu\u2019elle a d\u00fb collaborer. Pourtant, ces mineurs non accompagn\u00e9s rel\u00e8vent de la protection de l\u2019enfance. Or, la protection de l\u2019enfance est une mission que l\u2019\u00c9tat a d\u00e9l\u00e9gu\u00e9 au d\u00e9partement, et donc pour Lyon, \u00e0 la M\u00e9tropole. Par ailleurs, avec la mise en place en 2013 de la circulaire Taubira relative aux modalit\u00e9s de prise en charge des mineurs \u00e9trangers isol\u00e9s, tout jeune qui se pr\u00e9sente aux autorit\u00e9s est cens\u00e9 \u00eatre pris en charge et b\u00e9n\u00e9ficier de la pr\u00e9somption de minorit\u00e9.<\/p>\n<h3>L\u2019\u00e9chec de la MEOMIE<\/h3>\n<p>La Mission d\u2019Evaluation et d\u2019Orientation des Mineurs Isol\u00e9s Etrangers (MEOMIE), mise en place par la M\u00e9tropole de Lyon afin de d\u00e9terminer si ces jeunes sont r\u00e9ellement mineurs ou non, est un \u00e9chec selon Nathalie Perrin-Gilbert. <em>\u00ab Je m\u2019y suis rendue personnellement, pas en tant qu\u2019\u00e9lue, mais en tant que citoyenne, d\u00e9clare la maire du 1er arrondissement. Apr\u00e8s leur \u00e9valuation, les jeunes sont remis \u00e0 la rue. Sur place, le personnel est en sous-effectif, et sous-pay\u00e9. Ils ne sont pas form\u00e9s pour \u00e7a et sont compl\u00e8tement d\u00e9munis. \u00bb<\/em><\/p>\n<p>Aussi, suite \u00e0 un appel d\u2019offres, cette mission a \u00e9t\u00e9 confi\u00e9e \u00e0 l\u2019association Forum R\u00e9fugi\u00e9s. Mais pour Nathalie Perrin-Gilbert, une fois encore, \u00ab le cahier des charges n\u2019est pas respect\u00e9 \u00bb. En effet, elle d\u00e9clare que \u00ab <em>le fait que nous ayons recueilli au moins 143 jeunes qui \u00e9taient rest\u00e9s sans solution prouve bien l\u2019ill\u00e9galit\u00e9 et la d\u00e9faillance dont fait preuve la M\u00e9tropole \u00bb<\/em>. Par ailleurs, Laurence Boffet, conseill\u00e8re du 1er arrondissement, d\u00e9clare quant \u00e0 elle que \u00ab <em>la France est le pays qui refuse le plus d\u2019accueillir les jeunes isol\u00e9s. Il y a un r\u00e9el probl\u00e8me de discours vis-\u00e0-vis de la situation r\u00e9elle. Depuis ces derni\u00e8res ann\u00e9es, l\u2019immigration en France est en baisse \u00bb<\/em> d\u00e9nonce la conseill\u00e8re.<\/p>\n<h3>\u00ab Des motifs de refus absurdes \u00bb<\/h3>\n<p>Outre de nombreux dysfonctionnements et probl\u00e8mes d\u2019organisation, la maire du 1er arrondissement d\u00e9plore l\u2019absurdit\u00e9 des conditions et r\u00e9sultats d\u2019\u00e9valuation des mineurs non accompagn\u00e9s. <em>\u00ab On les \u00e9value en quatre heures, parfois sans interpr\u00e8te pour communiquer, puis on les remet \u00e0 la rue, en leur donnant seulement une feuille avec un motif de refus. Le pire, c\u2019est qu\u2019on rend ces jeunes responsables de notre propre d\u00e9faillance. \u00bb<\/em> Elle ajoute<em> \u00ab parfois, on leur adresse un refus simplement parce que leur apparence et leur attitude ne correspondent pas \u00e0 celles d\u2019une personne mineure. Vous voyez \u00e0 quel point c\u2019est absurde. Et c\u2019est sign\u00e9 au nom du pr\u00e9sident de la m\u00e9tropole, David Kimelfeld lui-m\u00eame. \u00bb<\/em> Outre les motifs de refus absurdes, l\u2019\u00e9lue constate de nombreuses erreurs administratives notamment dans les dates de naissances des mineurs : \u00ab <em>sur une feuille d\u2019un des mineurs non accompagn\u00e9s venus au lieu de r\u00e9pit, il \u00e9tait \u00e9crit qu\u2019il \u00e9tait n\u00e9 en 2018&#8230; \u00bb<\/em><\/p>\n<p>\u00c0 l\u2019avenir, la mairie du 1er arrondissement de Lyon souhaiterait donc forcer les autorit\u00e9s publiques \u00e0 appliquer la loi. Elle a d\u2019ailleurs adress\u00e9 un recours gracieux \u00e0 David Kimelfeld, t\u00e9moignant de sa position face \u00e0 cette situation. En revanche, la M\u00e9tropole, contact\u00e9e par notre r\u00e9daction, ne s\u2019est pas exprim\u00e9e sur le sujet.<\/p>\n<p>&nbsp;<\/p>\n<!-- AddThis Advanced Settings generic via filter on the_content --><!-- AddThis Share Buttons generic via filter on the_content -->","protected":false},"excerpt":{"rendered":"<p>Ce jeudi 30 ao\u00fbt, Nathalie Perrin-Gilbert, maire du 1er arrondissement de Lyon, a donn\u00e9 le bilan de l\u2019ouverture d\u2019un lieu de r\u00e9pit (salle Diderot) pour &hellip; <!-- AddThis Advanced Settings generic via filter on wp_trim_excerpt --><!-- AddThis Share Buttons generic via filter on wp_trim_excerpt --><\/p>\n","protected":false},"author":8636,"featured_media":14151,"comment_status":"open","ping_status":"open","sticky":false,"template":"","format":"standard","meta":{"_FSMCFIC_featured_image_caption":"","_FSMCFIC_featured_image_nocaption":"","_FSMCFIC_featured_image_hide":"","footnotes":""},"categories":[4,6442,6189],"tags":[],"class_list":["post-14143","post","type-post","status-publish","format-standard","has-post-thumbnail","hentry","category-lyon","category-migrants","category-sans-abris"],"yoast_head":"<!-- This site is optimized with the Yoast SEO plugin v22.8 - https:\/\/yoast.com\/wordpress\/plugins\/seo\/ -->\n<title>Nathalie Perrin-Gilbert : &quot;Ce ne sont pas les jeunes qui sont en situation irr\u00e9guli\u00e8re, c&#039;est Monsieur David Kimelfeld&quot; - Lyon Bondy Blog<\/title>\n<meta name=\"robots\" content=\"index, follow, max-snippet:-1, max-image-preview:large, max-video-preview:-1\" \/>\n<link rel=\"canonical\" href=\"https:\/\/lyonbondyblog.fr\/LBB\/nathalie-perrin-gilbert-ce-ne-sont-pas-les-jeunes-qui-sont-en-situation-irreguliere-cest-monsieur-david-kimelfeld\/\" \/>\n<meta property=\"og:locale\" content=\"fr_FR\" \/>\n<meta property=\"og:type\" content=\"article\" \/>\n<meta property=\"og:title\" content=\"Nathalie Perrin-Gilbert : &quot;Ce ne sont pas les jeunes qui sont en situation irr\u00e9guli\u00e8re, c&#039;est Monsieur David Kimelfeld&quot; - Lyon Bondy Blog\" \/>\n<meta property=\"og:description\" content=\"Ce jeudi 30 ao\u00fbt, Nathalie Perrin-Gilbert, maire du 1er arrondissement de Lyon, a donn\u00e9 le bilan de l\u2019ouverture d\u2019un lieu de r\u00e9pit (salle Diderot) pour &hellip;\" \/>\n<meta property=\"og:url\" content=\"https:\/\/lyonbondyblog.fr\/LBB\/nathalie-perrin-gilbert-ce-ne-sont-pas-les-jeunes-qui-sont-en-situation-irreguliere-cest-monsieur-david-kimelfeld\/\" \/>\n<meta property=\"og:site_name\" content=\"Lyon Bondy Blog\" \/>\n<meta property=\"article:publisher\" content=\"https:\/\/www.facebook.com\/lyonbondyblog\" \/>\n<meta property=\"article:published_time\" content=\"2018-09-06T11:56:58+00:00\" \/>\n<meta property=\"article:modified_time\" content=\"2018-09-06T12:53:43+00:00\" \/>\n<meta property=\"og:image\" content=\"https:\/\/lyonbondyblog.fr\/LBB\/wp-content\/uploads\/2018\/09\/41132575_2031700553750049_1940311704294391808_n.jpg\" \/>\n\t<meta property=\"og:image:width\" content=\"960\" \/>\n\t<meta property=\"og:image:height\" content=\"720\" \/>\n\t<meta property=\"og:image:type\" content=\"image\/jpeg\" \/>\n<meta name=\"author\" content=\"Manon Heckmann\" \/>\n<meta name=\"twitter:card\" content=\"summary_large_image\" \/>\n<meta name=\"twitter:creator\" content=\"@bondybloglyon\" \/>\n<meta name=\"twitter:site\" content=\"@bondybloglyon\" \/>\n<script type=\"application\/ld+json\" class=\"yoast-schema-graph\">{\"@context\":\"https:\/\/schema.org\",\"@graph\":[{\"@type\":\"Article\",\"@id\":\"https:\/\/lyonbondyblog.fr\/LBB\/nathalie-perrin-gilbert-ce-ne-sont-pas-les-jeunes-qui-sont-en-situation-irreguliere-cest-monsieur-david-kimelfeld\/#article\",\"isPartOf\":{\"@id\":\"https:\/\/lyonbondyblog.fr\/LBB\/nathalie-perrin-gilbert-ce-ne-sont-pas-les-jeunes-qui-sont-en-situation-irreguliere-cest-monsieur-david-kimelfeld\/\"},\"author\":{\"name\":\"Manon Heckmann\",\"@id\":\"https:\/\/lyonbondyblog.fr\/LBB\/#\/schema\/person\/61b2803758f6640d441413fff78f8952\"},\"headline\":\"Nathalie Perrin-Gilbert : \u00ab\u00a0Ce ne sont pas les jeunes qui sont en situation irr\u00e9guli\u00e8re, c&rsquo;est Monsieur David Kimelfeld\u00a0\u00bb\",\"datePublished\":\"2018-09-06T11:56:58+00:00\",\"dateModified\":\"2018-09-06T12:53:43+00:00\",\"mainEntityOfPage\":{\"@id\":\"https:\/\/lyonbondyblog.fr\/LBB\/nathalie-perrin-gilbert-ce-ne-sont-pas-les-jeunes-qui-sont-en-situation-irreguliere-cest-monsieur-david-kimelfeld\/\"},\"wordCount\":750,\"commentCount\":0,\"publisher\":{\"@id\":\"https:\/\/lyonbondyblog.fr\/LBB\/#organization\"},\"image\":{\"@id\":\"https:\/\/lyonbondyblog.fr\/LBB\/nathalie-perrin-gilbert-ce-ne-sont-pas-les-jeunes-qui-sont-en-situation-irreguliere-cest-monsieur-david-kimelfeld\/#primaryimage\"},\"thumbnailUrl\":\"https:\/\/lyonbondyblog.fr\/LBB\/wp-content\/uploads\/2018\/09\/41132575_2031700553750049_1940311704294391808_n.jpg\",\"articleSection\":[\"Lyon\",\"Migrants\",\"Sans-abris\"],\"inLanguage\":\"fr-FR\",\"potentialAction\":[{\"@type\":\"CommentAction\",\"name\":\"Comment\",\"target\":[\"https:\/\/lyonbondyblog.fr\/LBB\/nathalie-perrin-gilbert-ce-ne-sont-pas-les-jeunes-qui-sont-en-situation-irreguliere-cest-monsieur-david-kimelfeld\/#respond\"]}]},{\"@type\":\"WebPage\",\"@id\":\"https:\/\/lyonbondyblog.fr\/LBB\/nathalie-perrin-gilbert-ce-ne-sont-pas-les-jeunes-qui-sont-en-situation-irreguliere-cest-monsieur-david-kimelfeld\/\",\"url\":\"https:\/\/lyonbondyblog.fr\/LBB\/nathalie-perrin-gilbert-ce-ne-sont-pas-les-jeunes-qui-sont-en-situation-irreguliere-cest-monsieur-david-kimelfeld\/\",\"name\":\"Nathalie Perrin-Gilbert : \\\"Ce ne sont pas les jeunes qui sont en situation irr\u00e9guli\u00e8re, c'est Monsieur David Kimelfeld\\\" - Lyon Bondy Blog\",\"isPartOf\":{\"@id\":\"https:\/\/lyonbondyblog.fr\/LBB\/#website\"},\"primaryImageOfPage\":{\"@id\":\"https:\/\/lyonbondyblog.fr\/LBB\/nathalie-perrin-gilbert-ce-ne-sont-pas-les-jeunes-qui-sont-en-situation-irreguliere-cest-monsieur-david-kimelfeld\/#primaryimage\"},\"image\":{\"@id\":\"https:\/\/lyonbondyblog.fr\/LBB\/nathalie-perrin-gilbert-ce-ne-sont-pas-les-jeunes-qui-sont-en-situation-irreguliere-cest-monsieur-david-kimelfeld\/#primaryimage\"},\"thumbnailUrl\":\"https:\/\/lyonbondyblog.fr\/LBB\/wp-content\/uploads\/2018\/09\/41132575_2031700553750049_1940311704294391808_n.jpg\",\"datePublished\":\"2018-09-06T11:56:58+00:00\",\"dateModified\":\"2018-09-06T12:53:43+00:00\",\"inLanguage\":\"fr-FR\",\"potentialAction\":[{\"@type\":\"ReadAction\",\"target\":[\"https:\/\/lyonbondyblog.fr\/LBB\/nathalie-perrin-gilbert-ce-ne-sont-pas-les-jeunes-qui-sont-en-situation-irreguliere-cest-monsieur-david-kimelfeld\/\"]}]},{\"@type\":\"ImageObject\",\"inLanguage\":\"fr-FR\",\"@id\":\"https:\/\/lyonbondyblog.fr\/LBB\/nathalie-perrin-gilbert-ce-ne-sont-pas-les-jeunes-qui-sont-en-situation-irreguliere-cest-monsieur-david-kimelfeld\/#primaryimage\",\"url\":\"https:\/\/lyonbondyblog.fr\/LBB\/wp-content\/uploads\/2018\/09\/41132575_2031700553750049_1940311704294391808_n.jpg\",\"contentUrl\":\"https:\/\/lyonbondyblog.fr\/LBB\/wp-content\/uploads\/2018\/09\/41132575_2031700553750049_1940311704294391808_n.jpg\",\"width\":960,\"height\":720,\"caption\":\"Elliot Aubin, Nathalie Perrin-Gilbert, et Laurence Boffet \u00a9 Yvonne Gangloff\"},{\"@type\":\"WebSite\",\"@id\":\"https:\/\/lyonbondyblog.fr\/LBB\/#website\",\"url\":\"https:\/\/lyonbondyblog.fr\/LBB\/\",\"name\":\"Lyon Bondy Blog\",\"description\":\"\",\"publisher\":{\"@id\":\"https:\/\/lyonbondyblog.fr\/LBB\/#organization\"},\"potentialAction\":[{\"@type\":\"SearchAction\",\"target\":{\"@type\":\"EntryPoint\",\"urlTemplate\":\"https:\/\/lyonbondyblog.fr\/LBB\/?s={search_term_string}\"},\"query-input\":\"required name=search_term_string\"}],\"inLanguage\":\"fr-FR\"},{\"@type\":\"Organization\",\"@id\":\"https:\/\/lyonbondyblog.fr\/LBB\/#organization\",\"name\":\"LYON BONDY BLOG\",\"url\":\"https:\/\/lyonbondyblog.fr\/LBB\/\",\"logo\":{\"@type\":\"ImageObject\",\"inLanguage\":\"fr-FR\",\"@id\":\"https:\/\/lyonbondyblog.fr\/LBB\/#\/schema\/logo\/image\/\",\"url\":\"http:\/\/lyonbondyblog.fr\/LBB\/wp-content\/uploads\/2014\/10\/logo-portable-144.png\",\"contentUrl\":\"http:\/\/lyonbondyblog.fr\/LBB\/wp-content\/uploads\/2014\/10\/logo-portable-144.png\",\"width\":144,\"height\":123,\"caption\":\"LYON BONDY BLOG\"},\"image\":{\"@id\":\"https:\/\/lyonbondyblog.fr\/LBB\/#\/schema\/logo\/image\/\"},\"sameAs\":[\"https:\/\/www.facebook.com\/lyonbondyblog\",\"https:\/\/x.com\/bondybloglyon\"]},{\"@type\":\"Person\",\"@id\":\"https:\/\/lyonbondyblog.fr\/LBB\/#\/schema\/person\/61b2803758f6640d441413fff78f8952\",\"name\":\"Manon Heckmann\",\"url\":\"https:\/\/lyonbondyblog.fr\/LBB\/author\/manon_heckmann\/\"}]}<\/script>\n<!-- \/ Yoast SEO plugin. -->","yoast_head_json":{"title":"Nathalie Perrin-Gilbert : \"Ce ne sont pas les jeunes qui sont en situation irr\u00e9guli\u00e8re, c'est Monsieur David Kimelfeld\" - Lyon Bondy Blog","robots":{"index":"index","follow":"follow","max-snippet":"max-snippet:-1","max-image-preview":"max-image-preview:large","max-video-preview":"max-video-preview:-1"},"canonical":"https:\/\/lyonbondyblog.fr\/LBB\/nathalie-perrin-gilbert-ce-ne-sont-pas-les-jeunes-qui-sont-en-situation-irreguliere-cest-monsieur-david-kimelfeld\/","og_locale":"fr_FR","og_type":"article","og_title":"Nathalie Perrin-Gilbert : \"Ce ne sont pas les jeunes qui sont en situation irr\u00e9guli\u00e8re, c'est Monsieur David Kimelfeld\" - Lyon Bondy Blog","og_description":"Ce jeudi 30 ao\u00fbt, Nathalie Perrin-Gilbert, maire du 1er arrondissement de Lyon, a donn\u00e9 le bilan de l\u2019ouverture d\u2019un lieu de r\u00e9pit (salle Diderot) pour &hellip;","og_url":"https:\/\/lyonbondyblog.fr\/LBB\/nathalie-perrin-gilbert-ce-ne-sont-pas-les-jeunes-qui-sont-en-situation-irreguliere-cest-monsieur-david-kimelfeld\/","og_site_name":"Lyon Bondy Blog","article_publisher":"https:\/\/www.facebook.com\/lyonbondyblog","article_published_time":"2018-09-06T11:56:58+00:00","article_modified_time":"2018-09-06T12:53:43+00:00","og_image":[{"width":960,"height":720,"url":"https:\/\/lyonbondyblog.fr\/LBB\/wp-content\/uploads\/2018\/09\/41132575_2031700553750049_1940311704294391808_n.jpg","type":"image\/jpeg"}],"author":"Manon Heckmann","twitter_card":"summary_large_image","twitter_creator":"@bondybloglyon","twitter_site":"@bondybloglyon","schema":{"@context":"https:\/\/schema.org","@graph":[{"@type":"Article","@id":"https:\/\/lyonbondyblog.fr\/LBB\/nathalie-perrin-gilbert-ce-ne-sont-pas-les-jeunes-qui-sont-en-situation-irreguliere-cest-monsieur-david-kimelfeld\/#article","isPartOf":{"@id":"https:\/\/lyonbondyblog.fr\/LBB\/nathalie-perrin-gilbert-ce-ne-sont-pas-les-jeunes-qui-sont-en-situation-irreguliere-cest-monsieur-david-kimelfeld\/"},"author":{"name":"Manon Heckmann","@id":"https:\/\/lyonbondyblog.fr\/LBB\/#\/schema\/person\/61b2803758f6640d441413fff78f8952"},"headline":"Nathalie Perrin-Gilbert : \u00ab\u00a0Ce ne sont pas les jeunes qui sont en situation irr\u00e9guli\u00e8re, c&rsquo;est Monsieur David Kimelfeld\u00a0\u00bb","datePublished":"2018-09-06T11:56:58+00:00","dateModified":"2018-09-06T12:53:43+00:00","mainEntityOfPage":{"@id":"https:\/\/lyonbondyblog.fr\/LBB\/nathalie-perrin-gilbert-ce-ne-sont-pas-les-jeunes-qui-sont-en-situation-irreguliere-cest-monsieur-david-kimelfeld\/"},"wordCount":750,"commentCount":0,"publisher":{"@id":"https:\/\/lyonbondyblog.fr\/LBB\/#organization"},"image":{"@id":"https:\/\/lyonbondyblog.fr\/LBB\/nathalie-perrin-gilbert-ce-ne-sont-pas-les-jeunes-qui-sont-en-situation-irreguliere-cest-monsieur-david-kimelfeld\/#primaryimage"},"thumbnailUrl":"https:\/\/lyonbondyblog.fr\/LBB\/wp-content\/uploads\/2018\/09\/41132575_2031700553750049_1940311704294391808_n.jpg","articleSection":["Lyon","Migrants","Sans-abris"],"inLanguage":"fr-FR","potentialAction":[{"@type":"CommentAction","name":"Comment","target":["https:\/\/lyonbondyblog.fr\/LBB\/nathalie-perrin-gilbert-ce-ne-sont-pas-les-jeunes-qui-sont-en-situation-irreguliere-cest-monsieur-david-kimelfeld\/#respond"]}]},{"@type":"WebPage","@id":"https:\/\/lyonbondyblog.fr\/LBB\/nathalie-perrin-gilbert-ce-ne-sont-pas-les-jeunes-qui-sont-en-situation-irreguliere-cest-monsieur-david-kimelfeld\/","url":"https:\/\/lyonbondyblog.fr\/LBB\/nathalie-perrin-gilbert-ce-ne-sont-pas-les-jeunes-qui-sont-en-situation-irreguliere-cest-monsieur-david-kimelfeld\/","name":"Nathalie Perrin-Gilbert : \"Ce ne sont pas les jeunes qui sont en situation irr\u00e9guli\u00e8re, c'est Monsieur David Kimelfeld\" - Lyon Bondy Blog","isPartOf":{"@id":"https:\/\/lyonbondyblog.fr\/LBB\/#website"},"primaryImageOfPage":{"@id":"https:\/\/lyonbondyblog.fr\/LBB\/nathalie-perrin-gilbert-ce-ne-sont-pas-les-jeunes-qui-sont-en-situation-irreguliere-cest-monsieur-david-kimelfeld\/#primaryimage"},"image":{"@id":"https:\/\/lyonbondyblog.fr\/LBB\/nathalie-perrin-gilbert-ce-ne-sont-pas-les-jeunes-qui-sont-en-situation-irreguliere-cest-monsieur-david-kimelfeld\/#primaryimage"},"thumbnailUrl":"https:\/\/lyonbondyblog.fr\/LBB\/wp-content\/uploads\/2018\/09\/41132575_2031700553750049_1940311704294391808_n.jpg","datePublished":"2018-09-06T11:56:58+00:00","dateModified":"2018-09-06T12:53:43+00:00","inLanguage":"fr-FR","potentialAction":[{"@type":"ReadAction","target":["https:\/\/lyonbondyblog.fr\/LBB\/nathalie-perrin-gilbert-ce-ne-sont-pas-les-jeunes-qui-sont-en-situation-irreguliere-cest-monsieur-david-kimelfeld\/"]}]},{"@type":"ImageObject","inLanguage":"fr-FR","@id":"https:\/\/lyonbondyblog.fr\/LBB\/nathalie-perrin-gilbert-ce-ne-sont-pas-les-jeunes-qui-sont-en-situation-irreguliere-cest-monsieur-david-kimelfeld\/#primaryimage","url":"https:\/\/lyonbondyblog.fr\/LBB\/wp-content\/uploads\/2018\/09\/41132575_2031700553750049_1940311704294391808_n.jpg","contentUrl":"https:\/\/lyonbondyblog.fr\/LBB\/wp-content\/uploads\/2018\/09\/41132575_2031700553750049_1940311704294391808_n.jpg","width":960,"height":720,"caption":"Elliot Aubin, Nathalie Perrin-Gilbert, et Laurence Boffet \u00a9 Yvonne Gangloff"},{"@type":"WebSite","@id":"https:\/\/lyonbondyblog.fr\/LBB\/#website","url":"https:\/\/lyonbondyblog.fr\/LBB\/","name":"Lyon Bondy Blog","description":"","publisher":{"@id":"https:\/\/lyonbondyblog.fr\/LBB\/#organization"},"potentialAction":[{"@type":"SearchAction","target":{"@type":"EntryPoint","urlTemplate":"https:\/\/lyonbondyblog.fr\/LBB\/?s={search_term_string}"},"query-input":"required name=search_term_string"}],"inLanguage":"fr-FR"},{"@type":"Organization","@id":"https:\/\/lyonbondyblog.fr\/LBB\/#organization","name":"LYON BONDY BLOG","url":"https:\/\/lyonbondyblog.fr\/LBB\/","logo":{"@type":"ImageObject","inLanguage":"fr-FR","@id":"https:\/\/lyonbondyblog.fr\/LBB\/#\/schema\/logo\/image\/","url":"http:\/\/lyonbondyblog.fr\/LBB\/wp-content\/uploads\/2014\/10\/logo-portable-144.png","contentUrl":"http:\/\/lyonbondyblog.fr\/LBB\/wp-content\/uploads\/2014\/10\/logo-portable-144.png","width":144,"height":123,"caption":"LYON BONDY BLOG"},"image":{"@id":"https:\/\/lyonbondyblog.fr\/LBB\/#\/schema\/logo\/image\/"},"sameAs":["https:\/\/www.facebook.com\/lyonbondyblog","https:\/\/x.com\/bondybloglyon"]},{"@type":"Person","@id":"https:\/\/lyonbondyblog.fr\/LBB\/#\/schema\/person\/61b2803758f6640d441413fff78f8952","name":"Manon Heckmann","url":"https:\/\/lyonbondyblog.fr\/LBB\/author\/manon_heckmann\/"}]}},"_links":{"self":[{"href":"https:\/\/lyonbondyblog.fr\/LBB\/wp-json\/wp\/v2\/posts\/14143","targetHints":{"allow":["GET"]}}],"collection":[{"href":"https:\/\/lyonbondyblog.fr\/LBB\/wp-json\/wp\/v2\/posts"}],"about":[{"href":"https:\/\/lyonbondyblog.fr\/LBB\/wp-json\/wp\/v2\/types\/post"}],"author":[{"embeddable":true,"href":"https:\/\/lyonbondyblog.fr\/LBB\/wp-json\/wp\/v2\/users\/8636"}],"replies":[{"embeddable":true,"href":"https:\/\/lyonbondyblog.fr\/LBB\/wp-json\/wp\/v2\/comments?post=14143"}],"version-history":[{"count":11,"href":"https:\/\/lyonbondyblog.fr\/LBB\/wp-json\/wp\/v2\/posts\/14143\/revisions"}],"predecessor-version":[{"id":14155,"href":"https:\/\/lyonbondyblog.fr\/LBB\/wp-json\/wp\/v2\/posts\/14143\/revisions\/14155"}],"wp:featuredmedia":[{"embeddable":true,"href":"https:\/\/lyonbondyblog.fr\/LBB\/wp-json\/wp\/v2\/media\/14151"}],"wp:attachment":[{"href":"https:\/\/lyonbondyblog.fr\/LBB\/wp-json\/wp\/v2\/media?parent=14143"}],"wp:term":[{"taxonomy":"category","embeddable":true,"href":"https:\/\/lyonbondyblog.fr\/LBB\/wp-json\/wp\/v2\/categories?post=14143"},{"taxonomy":"post_tag","embeddable":true,"href":"https:\/\/lyonbondyblog.fr\/LBB\/wp-json\/wp\/v2\/tags?post=14143"}],"curies":[{"name":"wp","href":"https:\/\/api.w.org\/{rel}","templated":true}]}}