{"id":14060,"date":"2018-08-23T14:12:16","date_gmt":"2018-08-23T12:12:16","guid":{"rendered":"http:\/\/lyonbondyblog.fr\/LBB\/?p=14060"},"modified":"2018-08-23T14:12:16","modified_gmt":"2018-08-23T12:12:16","slug":"vaulx-en-velin-du-travail-pour-les-jeunes-de-16-a-18-ans","status":"publish","type":"post","link":"https:\/\/lyonbondyblog.fr\/LBB\/vaulx-en-velin-du-travail-pour-les-jeunes-de-16-a-18-ans\/","title":{"rendered":"Vaulx-en-Velin : Du travail pour les jeunes de 16 \u00e0 18 ans"},"content":{"rendered":"<p><em>Chaque \u00e9t\u00e9 depuis une trentaine d\u2019ann\u00e9es pr\u00e8s de 300 jeunes de 16 \u00e0 18 ans d\u00e9couvrent le monde du travail en participant aux chantiers jeune d\u2019\u00e9t\u00e9 g\u00e9r\u00e9s par la <a href=\"http:\/\/www.vaulx-en-velin.net\/\">Mairie de Vaulx-en-Velin<\/a>. Le Lyon Bondy a eu l\u2019opportunit\u00e9 de rencontrer Frederic Munari coordinateur de l\u2019op\u00e9ration et Rassene jeune \u00e9tudiant de 16 ans participant pour la premi\u00e8re fois.<\/em><\/p>\n<p>Pour \u00e9viter que les jeunes s\u2019ennuient pendant les grandes vacances scolaires qui peuvent parfois sembler tr\u00e8s longue lorsque l\u2019on ne sait pas quoi faire la mairie de Vaulx-en-Velin a mis en place le projet chantier jeune d\u2019\u00e9t\u00e9. Le projet consiste \u00e0 donner l\u2019opportunit\u00e9 \u00e0 chaque jeune de travailler aupr\u00e8s des services municipaux ou des entreprises partenaires de la mairie de la ville pendant 1 semaine. R\u00e9mun\u00e9r\u00e9 105 \u20ac plus 50 \u20ac en ch\u00e8ques vacances pour 25 h de travail, il suffit d\u2019\u00eatre \u00e2g\u00e9 entre 16 et 18 ans et d\u2019\u00eatre domicili\u00e9 \u00e0 Vaulx-en-Velin pour participer.<\/p>\n<p>Les buts du projet sont clairs : rem\u00e9dier \u00e0 l\u2019ennui, faire d\u00e9couvrir le monde du travail et permettre aux jeunes de se faire un peu d\u2019argent \u00e0 un \u00e2ge o\u00f9 n\u2019\u00e9tant pas encore majeur, il est difficile de trouver du travail. Le tout g<span style=\"color: #000000;\">\u00e9r\u00e9 par le service jeunesse de la mairie.<\/span><\/p>\n<figure id=\"attachment_14057\" aria-describedby=\"caption-attachment-14057\" style=\"width: 700px\" class=\"wp-caption aligncenter\"><img loading=\"lazy\" decoding=\"async\" class=\"wp-image-14057\" src=\"https:\/\/lyonbondyblog.fr\/LBB\/wp-content\/uploads\/2018\/08\/IMG_5796-1024x768.jpg\" alt=\"\" width=\"700\" height=\"525\" srcset=\"https:\/\/lyonbondyblog.fr\/LBB\/wp-content\/uploads\/2018\/08\/IMG_5796-1024x768.jpg 1024w, https:\/\/lyonbondyblog.fr\/LBB\/wp-content\/uploads\/2018\/08\/IMG_5796-300x225.jpg 300w, https:\/\/lyonbondyblog.fr\/LBB\/wp-content\/uploads\/2018\/08\/IMG_5796-768x576.jpg 768w, https:\/\/lyonbondyblog.fr\/LBB\/wp-content\/uploads\/2018\/08\/IMG_5796-600x450.jpg 600w\" sizes=\"auto, (max-width: 700px) 100vw, 700px\" \/><figcaption id=\"caption-attachment-14057\" class=\"wp-caption-text\">Le chantier de Rassene ( Cr\u00e9dits : Cindy Da Silva \/ Lyon Bondy Blog )<\/figcaption><\/figure>\n<h3>Un projet bien en place<\/h3>\n<p>Interrog\u00e9 sur l\u2019\u00e9volution et sur les am\u00e9liorations possibles de l\u2019op\u00e9ration, Frederic Munari coordinateur des chantiers depuis une quinzaine d\u2019ann\u00e9es, se dit plut\u00f4t content du fonctionnement tel qu\u2019il est aujourd\u2019hui comme il nous l\u2019explique&nbsp;\u00ab <em>Le projet est bien en place et fonctionne bien. M\u00eame s\u2019il y a toujours des choses perfectibles \u00e0 priori les diff\u00e9rentes structures qui accueillent les jeunes sont satisfaites, les jeunes aussi sont satisfaits m\u00eame si eux ce qu\u2019ils souhaiteraient, c\u2019est gagner un peu plus d\u2019argent.<\/em> \u00bb<\/p>\n<p>Ce projet \u00e9tant pour la plupart une toute premi\u00e8re exp\u00e9rience professionnelle les attentes envers les jeunes sont tr\u00e8s simples pour Frederic Munari \u00ab <em>L\u2019encadrement est g\u00e9r\u00e9 par les diff\u00e9rents services d\u2019accueil. En d\u00e9but de semaine, on remet aux jeunes une fiche d\u2019auto-\u00e9valuation ce qui leur permet de s\u2019\u00e9valuer et de savoir d\u00e8s le d\u00e9part ce qu\u2019on attend d\u2019eux. Ce qu\u2019on leur demande surtout, c\u2019est de respecter les horaires, les consignes donn\u00e9es et les encadrants. On leur demande aussi \u00e9videmment de respecter les r\u00e8gles essentielles de politesse. Ce n\u2019est que sur une semaine, c\u2019est vraiment une d\u00e9couverte du monde du travail donc on n\u2019a pas non plus trop d\u2019exigences.<\/em> \u00bb<\/p>\n<p>Avec pr\u00e8s de 300 candidatures par an, on pourrait se demander s\u2019il y a assez de travail pour tous ces jeunes ou si certains sont \u00e9cart\u00e9s du projet. D\u2019apr\u00e8s Frederic toutes les candidatures r\u00e9pondant aux crit\u00e8res de s\u00e9lection sont accept\u00e9es \u00ab G<em>lobalement, on ne refuse pas de candidatures \u00e0 part si des fois, on n\u2019arrive pas \u00e0 trouver d\u2019affectations pour les jeunes par rapport \u00e0 leurs disponibilit\u00e9s. Si une s\u00e9lection doit \u00eatre faite, sont prioritaires les jeunes qui n\u2019ont jamais particip\u00e9 aux chantiers jeunes et les jeunes de moins de 18 ans.<\/em> \u00bb<\/p>\n<p>Les t\u00e2ches confi\u00e9es aux participants sont diverses et vari\u00e9es, mais cela reste dans l\u2019ensemble des t\u00e2ches d\u2019entretien ou de r\u00e9novation comme nous l\u2019explique le coordinateur de l\u2019op\u00e9ration \u00ab <em>On a beaucoup de jeunes dans les services municipaux. Ils sont plac\u00e9s dans les \u00e9coles de la ville pour aider les femmes de service, dans les biblioth\u00e8ques, quelques-uns qui ont \u00e9t\u00e9 sur les diff\u00e9rentes animations d\u2019\u00e9t\u00e9 qu\u2019il peut y avoir \u00e0 Vaulx-en-Velin. On a des jeunes au niveau du service cadre de vie et espaces verts. Au niveau du service population, certains \u00e9taient sur l\u2019entretien des cimeti\u00e8res et il y en avait aussi au niveau du service d\u2019archivages. Un petit groupe de jeunes a pu participer \u00e0 la r\u00e9alisation d\u2019une fresque au stade Jomard avec un artiste. Avec l\u2019association Bricologis, un autre groupe a construit du mobilier urbain. Apr\u00e8s, on a des partenariats avec les offices HLM comme Grand Lyon Habitat, Alliade Habitat, Est M\u00e9tropole Mabitat et Lyon M\u00e9tropole Habitat o\u00f9 l\u2019on a envoy\u00e9 pr\u00e8s de 90 jeunes.<\/em>&nbsp;\u00bb<\/p>\n<h3>Une d\u00e9couverte du travail pour contrer l&rsquo;ennui estival<\/h3>\n<p>Rassene un jeune \u00e9tudiant de 16 ans, actuellement, en seconde \u00e0 la Martini\u00e8re Montplaisir participant pour la 1re fois aux chantiers jeunes d\u2019\u00e9t\u00e9 nous a confi\u00e9 sa vision du projet et les raisons de sa candidature. \u00ab <em>J\u2019ai postul\u00e9 aux chantiers jeunes parce que j\u2019avais des trous dans mes vacances, des moments o\u00f9 je n\u2019avais rien \u00e0 faire. Mes matin\u00e9es, en g\u00e9n\u00e9ral, je les passe \u00e0 dormir donc travailler \u00e7a m\u2019occupe un peu et \u00e7a fait un peu d\u2019argent. Je trouve en plus que \u00e7a lib\u00e8re un peu la t\u00eate, \u00e7a fait penser et faire autre chose qu\u2019au quotidien. <\/em>\u00bb<\/p>\n<p>Int\u00e9gr\u00e9 \u00e0 l\u2019\u00e9quipe permanente charg\u00e9e de l\u2019entretien de l\u2019espace vert, il nous a expliqu\u00e9 en quoi consiste son travail pendant une semaine \u00ab <em>On ramasse les papiers et des d\u00e9tritus laiss\u00e9s par les visiteurs dans les diff\u00e9rents espaces verts de Vaulx-en-Velin. On nettoie les zones qui sont bien salies par les gens. On travaille beaucoup dans le jardin de la paix, \u00e0 la MJC ou au Mas du Taureau qui sont des emplacements tr\u00e8s fr\u00e9quent\u00e9s<\/em> \u00bb. Questionn\u00e9 sur la difficult\u00e9 du travail, il explique, \u00ab <em>C\u2019est tr\u00e8s simple, mais d\u2019un autre c\u00f4t\u00e9 \u00e7a ne me prend pas trop la t\u00eate, je fais un truc qui n\u2019est pas compliqu\u00e9 donc c\u2019est bien<\/em> \u00bb.<\/p>\n<p>S\u2019il avoue clairement ne pas vouloir faire du travail dans les espaces verts son futur m\u00e9tier \u00ab <em>je ne me vois pas faire \u00e7a toute ma vie, ce n\u2019est pas quelque chose qui m\u2019int\u00e9resse pour en faire mon m\u00e9tier<\/em> \u00bb. Il est tr\u00e8s content de pouvoir d\u00e9couvrir un peu comment marche le monde professionnel \u00ab <em>C\u2019est tr\u00e8s utile \u00e7a me fait d\u00e9couvrir un peu le monde du travail. J\u2019essaye de comprendre un peu l\u2019exp\u00e9rience qu\u2019ont les gens avec qui je travaille et comment fonctionne une entreprise.<\/em> \u00bb Au niveau de l\u2019encadrement, il d\u00e9clare, \u00ab <em>Je m\u2019entends tr\u00e8s bien avec tout le monde. Ils sont l\u00e0 pour m\u2019aider et ils r\u00e9pondent bien \u00e0 toutes mes questions<\/em> \u00bb.<\/p>\n<p>Sans envies bien d\u00e9finies pour le moment, il ne sait pas encore ce qu\u2019il fera de l\u2019argent durement gagn\u00e9, mais nul doute qu\u2019il sera en faire bon usage \u00ab <em>Je vais surement mettre \u00e7a de c\u00f4t\u00e9 et je verrais plus tard ce que je ferais de l\u2019argent<\/em>&nbsp;\u00bb. Alors que la rentr\u00e9e scolaire approche, certains jeunes ont donc utilis\u00e9 leurs vacances d\u2019\u00e9t\u00e9 \u00e0 bon escient en gagnant un peu d\u2019argent et en acqu\u00e9rant de l\u2019exp\u00e9rience professionnelle.<\/p>\n<!-- AddThis Advanced Settings generic via filter on the_content --><!-- AddThis Share Buttons generic via filter on the_content -->","protected":false},"excerpt":{"rendered":"<p>Chaque \u00e9t\u00e9 depuis une trentaine d\u2019ann\u00e9es pr\u00e8s de 300 jeunes de 16 \u00e0 18 ans d\u00e9couvrent le monde du travail en participant aux chantiers jeune &hellip; <!-- AddThis Advanced Settings generic via filter on wp_trim_excerpt --><!-- AddThis Share Buttons generic via filter on wp_trim_excerpt --><\/p>\n","protected":false},"author":7093,"featured_media":14057,"comment_status":"open","ping_status":"open","sticky":false,"template":"","format":"standard","meta":{"_FSMCFIC_featured_image_caption":"","_FSMCFIC_featured_image_nocaption":"","_FSMCFIC_featured_image_hide":"","footnotes":""},"categories":[5324,6190,3891],"tags":[],"class_list":["post-14060","post","type-post","status-publish","format-standard","has-post-thumbnail","hentry","category-jeunesse","category-travail","category-vaulx-en-velin"],"yoast_head":"<!-- This site is optimized with the Yoast SEO plugin v22.8 - https:\/\/yoast.com\/wordpress\/plugins\/seo\/ -->\n<title>Vaulx-en-Velin : Du travail pour les jeunes de 16 \u00e0 18 ans - Lyon Bondy Blog<\/title>\n<meta name=\"robots\" content=\"index, follow, max-snippet:-1, max-image-preview:large, max-video-preview:-1\" \/>\n<link rel=\"canonical\" href=\"https:\/\/lyonbondyblog.fr\/LBB\/vaulx-en-velin-du-travail-pour-les-jeunes-de-16-a-18-ans\/\" \/>\n<meta property=\"og:locale\" content=\"fr_FR\" \/>\n<meta property=\"og:type\" content=\"article\" \/>\n<meta property=\"og:title\" content=\"Vaulx-en-Velin : Du travail pour les jeunes de 16 \u00e0 18 ans - Lyon Bondy Blog\" \/>\n<meta property=\"og:description\" content=\"Chaque \u00e9t\u00e9 depuis une trentaine d\u2019ann\u00e9es pr\u00e8s de 300 jeunes de 16 \u00e0 18 ans d\u00e9couvrent le monde du travail en participant aux chantiers jeune &hellip;\" \/>\n<meta property=\"og:url\" content=\"https:\/\/lyonbondyblog.fr\/LBB\/vaulx-en-velin-du-travail-pour-les-jeunes-de-16-a-18-ans\/\" \/>\n<meta property=\"og:site_name\" content=\"Lyon Bondy Blog\" \/>\n<meta property=\"article:publisher\" content=\"https:\/\/www.facebook.com\/lyonbondyblog\" \/>\n<meta property=\"article:published_time\" content=\"2018-08-23T12:12:16+00:00\" \/>\n<meta property=\"og:image\" content=\"https:\/\/lyonbondyblog.fr\/LBB\/wp-content\/uploads\/2018\/08\/IMG_5796-1024x768.jpg\" \/>\n\t<meta property=\"og:image:width\" content=\"1024\" \/>\n\t<meta property=\"og:image:height\" content=\"768\" \/>\n\t<meta property=\"og:image:type\" content=\"image\/jpeg\" \/>\n<meta name=\"author\" content=\"Cindy Da Silva\" \/>\n<meta name=\"twitter:card\" content=\"summary_large_image\" \/>\n<meta name=\"twitter:creator\" content=\"@bondybloglyon\" \/>\n<meta name=\"twitter:site\" content=\"@bondybloglyon\" \/>\n<script type=\"application\/ld+json\" class=\"yoast-schema-graph\">{\"@context\":\"https:\/\/schema.org\",\"@graph\":[{\"@type\":\"Article\",\"@id\":\"https:\/\/lyonbondyblog.fr\/LBB\/vaulx-en-velin-du-travail-pour-les-jeunes-de-16-a-18-ans\/#article\",\"isPartOf\":{\"@id\":\"https:\/\/lyonbondyblog.fr\/LBB\/vaulx-en-velin-du-travail-pour-les-jeunes-de-16-a-18-ans\/\"},\"author\":{\"name\":\"Cindy Da Silva\",\"@id\":\"https:\/\/lyonbondyblog.fr\/LBB\/#\/schema\/person\/05a48e5d3b925c658a4b6146cbab6138\"},\"headline\":\"Vaulx-en-Velin : Du travail pour les jeunes de 16 \u00e0 18 ans\",\"datePublished\":\"2018-08-23T12:12:16+00:00\",\"dateModified\":\"2018-08-23T12:12:16+00:00\",\"mainEntityOfPage\":{\"@id\":\"https:\/\/lyonbondyblog.fr\/LBB\/vaulx-en-velin-du-travail-pour-les-jeunes-de-16-a-18-ans\/\"},\"wordCount\":1215,\"commentCount\":0,\"publisher\":{\"@id\":\"https:\/\/lyonbondyblog.fr\/LBB\/#organization\"},\"image\":{\"@id\":\"https:\/\/lyonbondyblog.fr\/LBB\/vaulx-en-velin-du-travail-pour-les-jeunes-de-16-a-18-ans\/#primaryimage\"},\"thumbnailUrl\":\"https:\/\/lyonbondyblog.fr\/LBB\/wp-content\/uploads\/2018\/08\/IMG_5796.jpg\",\"articleSection\":[\"Jeunesse\",\"Travail\",\"Vaulx-en-Velin\"],\"inLanguage\":\"fr-FR\",\"potentialAction\":[{\"@type\":\"CommentAction\",\"name\":\"Comment\",\"target\":[\"https:\/\/lyonbondyblog.fr\/LBB\/vaulx-en-velin-du-travail-pour-les-jeunes-de-16-a-18-ans\/#respond\"]}]},{\"@type\":\"WebPage\",\"@id\":\"https:\/\/lyonbondyblog.fr\/LBB\/vaulx-en-velin-du-travail-pour-les-jeunes-de-16-a-18-ans\/\",\"url\":\"https:\/\/lyonbondyblog.fr\/LBB\/vaulx-en-velin-du-travail-pour-les-jeunes-de-16-a-18-ans\/\",\"name\":\"Vaulx-en-Velin : Du travail pour les jeunes de 16 \u00e0 18 ans - Lyon Bondy Blog\",\"isPartOf\":{\"@id\":\"https:\/\/lyonbondyblog.fr\/LBB\/#website\"},\"primaryImageOfPage\":{\"@id\":\"https:\/\/lyonbondyblog.fr\/LBB\/vaulx-en-velin-du-travail-pour-les-jeunes-de-16-a-18-ans\/#primaryimage\"},\"image\":{\"@id\":\"https:\/\/lyonbondyblog.fr\/LBB\/vaulx-en-velin-du-travail-pour-les-jeunes-de-16-a-18-ans\/#primaryimage\"},\"thumbnailUrl\":\"https:\/\/lyonbondyblog.fr\/LBB\/wp-content\/uploads\/2018\/08\/IMG_5796.jpg\",\"datePublished\":\"2018-08-23T12:12:16+00:00\",\"dateModified\":\"2018-08-23T12:12:16+00:00\",\"inLanguage\":\"fr-FR\",\"potentialAction\":[{\"@type\":\"ReadAction\",\"target\":[\"https:\/\/lyonbondyblog.fr\/LBB\/vaulx-en-velin-du-travail-pour-les-jeunes-de-16-a-18-ans\/\"]}]},{\"@type\":\"ImageObject\",\"inLanguage\":\"fr-FR\",\"@id\":\"https:\/\/lyonbondyblog.fr\/LBB\/vaulx-en-velin-du-travail-pour-les-jeunes-de-16-a-18-ans\/#primaryimage\",\"url\":\"https:\/\/lyonbondyblog.fr\/LBB\/wp-content\/uploads\/2018\/08\/IMG_5796.jpg\",\"contentUrl\":\"https:\/\/lyonbondyblog.fr\/LBB\/wp-content\/uploads\/2018\/08\/IMG_5796.jpg\",\"width\":3264,\"height\":2448},{\"@type\":\"WebSite\",\"@id\":\"https:\/\/lyonbondyblog.fr\/LBB\/#website\",\"url\":\"https:\/\/lyonbondyblog.fr\/LBB\/\",\"name\":\"Lyon Bondy Blog\",\"description\":\"\",\"publisher\":{\"@id\":\"https:\/\/lyonbondyblog.fr\/LBB\/#organization\"},\"potentialAction\":[{\"@type\":\"SearchAction\",\"target\":{\"@type\":\"EntryPoint\",\"urlTemplate\":\"https:\/\/lyonbondyblog.fr\/LBB\/?s={search_term_string}\"},\"query-input\":\"required name=search_term_string\"}],\"inLanguage\":\"fr-FR\"},{\"@type\":\"Organization\",\"@id\":\"https:\/\/lyonbondyblog.fr\/LBB\/#organization\",\"name\":\"LYON BONDY BLOG\",\"url\":\"https:\/\/lyonbondyblog.fr\/LBB\/\",\"logo\":{\"@type\":\"ImageObject\",\"inLanguage\":\"fr-FR\",\"@id\":\"https:\/\/lyonbondyblog.fr\/LBB\/#\/schema\/logo\/image\/\",\"url\":\"http:\/\/lyonbondyblog.fr\/LBB\/wp-content\/uploads\/2014\/10\/logo-portable-144.png\",\"contentUrl\":\"http:\/\/lyonbondyblog.fr\/LBB\/wp-content\/uploads\/2014\/10\/logo-portable-144.png\",\"width\":144,\"height\":123,\"caption\":\"LYON BONDY BLOG\"},\"image\":{\"@id\":\"https:\/\/lyonbondyblog.fr\/LBB\/#\/schema\/logo\/image\/\"},\"sameAs\":[\"https:\/\/www.facebook.com\/lyonbondyblog\",\"https:\/\/x.com\/bondybloglyon\"]},{\"@type\":\"Person\",\"@id\":\"https:\/\/lyonbondyblog.fr\/LBB\/#\/schema\/person\/05a48e5d3b925c658a4b6146cbab6138\",\"name\":\"Cindy Da Silva\",\"url\":\"https:\/\/lyonbondyblog.fr\/LBB\/author\/cindy_dasilva\/\"}]}<\/script>\n<!-- \/ Yoast SEO plugin. -->","yoast_head_json":{"title":"Vaulx-en-Velin : Du travail pour les jeunes de 16 \u00e0 18 ans - Lyon Bondy Blog","robots":{"index":"index","follow":"follow","max-snippet":"max-snippet:-1","max-image-preview":"max-image-preview:large","max-video-preview":"max-video-preview:-1"},"canonical":"https:\/\/lyonbondyblog.fr\/LBB\/vaulx-en-velin-du-travail-pour-les-jeunes-de-16-a-18-ans\/","og_locale":"fr_FR","og_type":"article","og_title":"Vaulx-en-Velin : Du travail pour les jeunes de 16 \u00e0 18 ans - Lyon Bondy Blog","og_description":"Chaque \u00e9t\u00e9 depuis une trentaine d\u2019ann\u00e9es pr\u00e8s de 300 jeunes de 16 \u00e0 18 ans d\u00e9couvrent le monde du travail en participant aux chantiers jeune &hellip;","og_url":"https:\/\/lyonbondyblog.fr\/LBB\/vaulx-en-velin-du-travail-pour-les-jeunes-de-16-a-18-ans\/","og_site_name":"Lyon Bondy Blog","article_publisher":"https:\/\/www.facebook.com\/lyonbondyblog","article_published_time":"2018-08-23T12:12:16+00:00","og_image":[{"width":1024,"height":768,"url":"https:\/\/lyonbondyblog.fr\/LBB\/wp-content\/uploads\/2018\/08\/IMG_5796-1024x768.jpg","type":"image\/jpeg"}],"author":"Cindy Da Silva","twitter_card":"summary_large_image","twitter_creator":"@bondybloglyon","twitter_site":"@bondybloglyon","schema":{"@context":"https:\/\/schema.org","@graph":[{"@type":"Article","@id":"https:\/\/lyonbondyblog.fr\/LBB\/vaulx-en-velin-du-travail-pour-les-jeunes-de-16-a-18-ans\/#article","isPartOf":{"@id":"https:\/\/lyonbondyblog.fr\/LBB\/vaulx-en-velin-du-travail-pour-les-jeunes-de-16-a-18-ans\/"},"author":{"name":"Cindy Da Silva","@id":"https:\/\/lyonbondyblog.fr\/LBB\/#\/schema\/person\/05a48e5d3b925c658a4b6146cbab6138"},"headline":"Vaulx-en-Velin : Du travail pour les jeunes de 16 \u00e0 18 ans","datePublished":"2018-08-23T12:12:16+00:00","dateModified":"2018-08-23T12:12:16+00:00","mainEntityOfPage":{"@id":"https:\/\/lyonbondyblog.fr\/LBB\/vaulx-en-velin-du-travail-pour-les-jeunes-de-16-a-18-ans\/"},"wordCount":1215,"commentCount":0,"publisher":{"@id":"https:\/\/lyonbondyblog.fr\/LBB\/#organization"},"image":{"@id":"https:\/\/lyonbondyblog.fr\/LBB\/vaulx-en-velin-du-travail-pour-les-jeunes-de-16-a-18-ans\/#primaryimage"},"thumbnailUrl":"https:\/\/lyonbondyblog.fr\/LBB\/wp-content\/uploads\/2018\/08\/IMG_5796.jpg","articleSection":["Jeunesse","Travail","Vaulx-en-Velin"],"inLanguage":"fr-FR","potentialAction":[{"@type":"CommentAction","name":"Comment","target":["https:\/\/lyonbondyblog.fr\/LBB\/vaulx-en-velin-du-travail-pour-les-jeunes-de-16-a-18-ans\/#respond"]}]},{"@type":"WebPage","@id":"https:\/\/lyonbondyblog.fr\/LBB\/vaulx-en-velin-du-travail-pour-les-jeunes-de-16-a-18-ans\/","url":"https:\/\/lyonbondyblog.fr\/LBB\/vaulx-en-velin-du-travail-pour-les-jeunes-de-16-a-18-ans\/","name":"Vaulx-en-Velin : Du travail pour les jeunes de 16 \u00e0 18 ans - Lyon Bondy Blog","isPartOf":{"@id":"https:\/\/lyonbondyblog.fr\/LBB\/#website"},"primaryImageOfPage":{"@id":"https:\/\/lyonbondyblog.fr\/LBB\/vaulx-en-velin-du-travail-pour-les-jeunes-de-16-a-18-ans\/#primaryimage"},"image":{"@id":"https:\/\/lyonbondyblog.fr\/LBB\/vaulx-en-velin-du-travail-pour-les-jeunes-de-16-a-18-ans\/#primaryimage"},"thumbnailUrl":"https:\/\/lyonbondyblog.fr\/LBB\/wp-content\/uploads\/2018\/08\/IMG_5796.jpg","datePublished":"2018-08-23T12:12:16+00:00","dateModified":"2018-08-23T12:12:16+00:00","inLanguage":"fr-FR","potentialAction":[{"@type":"ReadAction","target":["https:\/\/lyonbondyblog.fr\/LBB\/vaulx-en-velin-du-travail-pour-les-jeunes-de-16-a-18-ans\/"]}]},{"@type":"ImageObject","inLanguage":"fr-FR","@id":"https:\/\/lyonbondyblog.fr\/LBB\/vaulx-en-velin-du-travail-pour-les-jeunes-de-16-a-18-ans\/#primaryimage","url":"https:\/\/lyonbondyblog.fr\/LBB\/wp-content\/uploads\/2018\/08\/IMG_5796.jpg","contentUrl":"https:\/\/lyonbondyblog.fr\/LBB\/wp-content\/uploads\/2018\/08\/IMG_5796.jpg","width":3264,"height":2448},{"@type":"WebSite","@id":"https:\/\/lyonbondyblog.fr\/LBB\/#website","url":"https:\/\/lyonbondyblog.fr\/LBB\/","name":"Lyon Bondy Blog","description":"","publisher":{"@id":"https:\/\/lyonbondyblog.fr\/LBB\/#organization"},"potentialAction":[{"@type":"SearchAction","target":{"@type":"EntryPoint","urlTemplate":"https:\/\/lyonbondyblog.fr\/LBB\/?s={search_term_string}"},"query-input":"required name=search_term_string"}],"inLanguage":"fr-FR"},{"@type":"Organization","@id":"https:\/\/lyonbondyblog.fr\/LBB\/#organization","name":"LYON BONDY BLOG","url":"https:\/\/lyonbondyblog.fr\/LBB\/","logo":{"@type":"ImageObject","inLanguage":"fr-FR","@id":"https:\/\/lyonbondyblog.fr\/LBB\/#\/schema\/logo\/image\/","url":"http:\/\/lyonbondyblog.fr\/LBB\/wp-content\/uploads\/2014\/10\/logo-portable-144.png","contentUrl":"http:\/\/lyonbondyblog.fr\/LBB\/wp-content\/uploads\/2014\/10\/logo-portable-144.png","width":144,"height":123,"caption":"LYON BONDY BLOG"},"image":{"@id":"https:\/\/lyonbondyblog.fr\/LBB\/#\/schema\/logo\/image\/"},"sameAs":["https:\/\/www.facebook.com\/lyonbondyblog","https:\/\/x.com\/bondybloglyon"]},{"@type":"Person","@id":"https:\/\/lyonbondyblog.fr\/LBB\/#\/schema\/person\/05a48e5d3b925c658a4b6146cbab6138","name":"Cindy Da Silva","url":"https:\/\/lyonbondyblog.fr\/LBB\/author\/cindy_dasilva\/"}]}},"_links":{"self":[{"href":"https:\/\/lyonbondyblog.fr\/LBB\/wp-json\/wp\/v2\/posts\/14060","targetHints":{"allow":["GET"]}}],"collection":[{"href":"https:\/\/lyonbondyblog.fr\/LBB\/wp-json\/wp\/v2\/posts"}],"about":[{"href":"https:\/\/lyonbondyblog.fr\/LBB\/wp-json\/wp\/v2\/types\/post"}],"author":[{"embeddable":true,"href":"https:\/\/lyonbondyblog.fr\/LBB\/wp-json\/wp\/v2\/users\/7093"}],"replies":[{"embeddable":true,"href":"https:\/\/lyonbondyblog.fr\/LBB\/wp-json\/wp\/v2\/comments?post=14060"}],"version-history":[{"count":10,"href":"https:\/\/lyonbondyblog.fr\/LBB\/wp-json\/wp\/v2\/posts\/14060\/revisions"}],"predecessor-version":[{"id":14066,"href":"https:\/\/lyonbondyblog.fr\/LBB\/wp-json\/wp\/v2\/posts\/14060\/revisions\/14066"}],"wp:featuredmedia":[{"embeddable":true,"href":"https:\/\/lyonbondyblog.fr\/LBB\/wp-json\/wp\/v2\/media\/14057"}],"wp:attachment":[{"href":"https:\/\/lyonbondyblog.fr\/LBB\/wp-json\/wp\/v2\/media?parent=14060"}],"wp:term":[{"taxonomy":"category","embeddable":true,"href":"https:\/\/lyonbondyblog.fr\/LBB\/wp-json\/wp\/v2\/categories?post=14060"},{"taxonomy":"post_tag","embeddable":true,"href":"https:\/\/lyonbondyblog.fr\/LBB\/wp-json\/wp\/v2\/tags?post=14060"}],"curies":[{"name":"wp","href":"https:\/\/api.w.org\/{rel}","templated":true}]}}