{"id":1401,"date":"2012-04-03T14:30:19","date_gmt":"2012-04-03T12:30:19","guid":{"rendered":"http:\/\/lyonbondyblog.fr\/LBB\/?p=1401"},"modified":"2013-07-25T14:32:41","modified_gmt":"2013-07-25T12:32:41","slug":"syrie-quy-a-t-il-de-pire-que-le-pire","status":"publish","type":"post","link":"https:\/\/lyonbondyblog.fr\/LBB\/syrie-quy-a-t-il-de-pire-que-le-pire\/","title":{"rendered":"Syrie : \u00ab Qu&rsquo;y a t il de pire que le pire ? \u00bb"},"content":{"rendered":"<p><strong>C&rsquo;est en f\u00e9vrier 2011 qu&rsquo;ont commenc\u00e9 les mouvements de r\u00e9volte syriens. Face \u00e0 ces mouvements de crise humanitaire et d\u00e9mocratique et le besoin de soutien venant des populations, l&rsquo;association \u00abFree Syria\u00bb s&rsquo;est cr\u00e9\u00e9e \u00e0 Lyon avec l&rsquo;aide de Tahar Houhou aujourd&rsquo;hui administrateur. C&rsquo;est donc lui que Sofia a choisi de contacter pour avoir un aper\u00e7u de la situation syrienne et de ses d\u00e9fenseurs lyonnais.<\/strong><\/p>\n<div><a title=\" -- Cliquez pour voir l'image en entier\" href=\"http:\/\/yahoo.lyon.bondyblog.fr\/images\/syrielyon.jpg\" target=\"_blank\"> <img decoding=\"async\" class=\"aligncenter\" alt=\" -- Cliquez pour voir l'image en entier\" src=\"http:\/\/yahoo.lyon.bondyblog.fr\/images\/syrielyon_t.jpg\" border=\"0\" \/> <\/a><\/div>\n<div><\/div>\n<p><b>Comment est n\u00e9e l&rsquo;association FreeSyria\u00a0? Quels sont les buts de l&rsquo;association\u00a0?<\/b><\/p>\n<p>Tahar Houhou: \u00ab\u00a0<i>Officiellement nous avons cr\u00e9\u00e9 l&rsquo;association Free Syria Lyon en d\u00e9cembre 2011. En fait, l&rsquo;id\u00e9e germait depuis Juillet 2011, lorsque l&rsquo;on a vu que tous les mouvements de manifestation auxquels nous participions depuis mai ne servaient \u00e0 rien. Nous avons pu observer que la situation n&rsquo;allait pas s&rsquo;am\u00e9liorer et que les mouvements de r\u00e9volte \u00e9taient irr\u00e9versibles. On voit que le drame est humain, la population a besoin d&rsquo;une d\u00e9mocratie, mais pas d&rsquo;une autre dictature.<br \/>\nNous sommes les premiers \u00e0 avoir cr\u00e9\u00e9 une association de soutien pour la population syrienne ouverte \u00e0 tous les peuples. Nous avons ainsi r\u00e9unis des personnes engag\u00e9es dans d\u2019autres causes comme \u00abTibet Libre\u00bb, \u00abCitoyens du Monde\u00bb ou m\u00eame \u00abAmnesty International\u00bb.<br \/>\nLe but premier de l&rsquo;association est de soutenir la r\u00e9volution syrienne contre Bashar Al Assad pour promouvoir la d\u00e9mocratie et surtout de fournir de l&rsquo;aide humanitaire \u00e0 cette population. Bien sur il est important aussi d&rsquo;informer les diff\u00e9rentes populations sur la situation actuelle.<br \/>\nIl faut penser \u00e0 cette aide humanitaire qui est indispensable pour toutes les personnes bless\u00e9es, emprisonn\u00e9es, disparues, et celles qui ne disposent que de moyens insuffisants pour vivre avec le minimum vital. Nous nous sommes ainsi d\u00e9velopp\u00e9s \u00e0 travers la France avec diff\u00e9rentes structures qui se sont constitu\u00e9es en autonomie. Nous veillons \u00e0 ce qu&rsquo;elles gardent la m\u00eame optique que nous. En effet, nous ne tol\u00e9rons pas un d\u00e9tournement de l&rsquo;image de notre site par des id\u00e9es racistes, religieuses, ou autres. Il y a d&rsquo;ailleurs une charte \u00e0 respecter.<\/i>\u00a0\u00bb<\/p>\n<p><b>Quelles sont vos actions pour la Syrie\u00a0?<\/b><\/p>\n<p>TH: <i>\u00ab\u00a0Nous organisons des manifestations de soutien, nous participons \u00e0 des conf\u00e9rences, nous diffusons des vid\u00e9os sur la situation actuelle syrienne, nous faisons des lev\u00e9es de fonds pour les donner int\u00e9gralement aux syriens. On voit que nos manifestations en France sont une bonne mani\u00e8re de soutenir moralement les syriens sur place. Cela fait des \u00e9chos pour les encourager \u00e0 tenir bon.<br \/>\nNotre but \u00e9tant d&rsquo;aider la population syrienne, nous passons par des petites associations situ\u00e9es aux fronti\u00e8res syriennes et par des particuliers qui ont des comptes dans cet Etat.<br \/>\nNous n&rsquo;avons aucun but lucratif, n&rsquo;ayant aucun salari\u00e9, notre objectif est de donner 100% des fonds r\u00e9colt\u00e9s \u00e0 la population. En janvier, avec l&rsquo;aide de syriens parisiens, nous avons pu r\u00e9colter plus de 2m3 de m\u00e9dicaments, avec des b\u00e9quilles, des chaises roulantes et des traitements pour le diab\u00e8te. Tout cela transport\u00e9 dans un camion circulant jusqu&rsquo;aux camps de r\u00e9fugi\u00e9s de la fronti\u00e8re Turque ou allant clandestinement \u00e0 l&rsquo;int\u00e9rieur du pays. Nous avons aussi demand\u00e9 \u00e0 la Grande Mosqu\u00e9e de Lyon d&rsquo;organiser une collecte le 12 Mars 2012.<\/i>\u00a0\u00bb<\/p>\n<p><b>Quelle est la situation des syriens et des r\u00e9fugi\u00e9s sur Lyon\u00a0?<\/b><\/p>\n<p>TH\u00a0: \u00ab\u00a0<i>Il y a beaucoup de syriens qui ne peuvent s&rsquo;exprimer par peur des repr\u00e9sailles pour leur famille encore au pays. D&rsquo;autres syriens lyonnais vont r\u00e9guli\u00e8rement aux fronti\u00e8res pour aider leurs compatriotes, ce sont d&rsquo;ailleurs les seuls \u00e0 avoir pu transporter les mat\u00e9riaux m\u00e9dicaux jusqu&rsquo;aux h\u00f4pitaux clandestins \u00e0 l&rsquo;int\u00e9rieur du pays\u00a0; \u00e0 dos d&rsquo;\u00e2ne, en moto, ou en voiture&#8230;<br \/>\nLa minorit\u00e9 pro-Bashar Al Assad est bien plus grande \u00e0 Paris, en effet, il y a toujours des personnes qui profitent des avantages donn\u00e9s par le parti au pouvoir ou qui y ont de la famille proche qui fait parti des baasistes (parti au pouvoir)&#8230;<br \/>\nIl n&rsquo;y a pas beaucoup de r\u00e9fugi\u00e9s politiques sur Lyon, il est en effet compliqu\u00e9 de venir jusqu&rsquo;ici. Ils ne sont pas toujours les bienvenus&#8230;Par exemple, la Syrie a menac\u00e9 d&rsquo;attaquer l&rsquo;ambassade Chypriote de son territoire. La plupart des r\u00e9fugi\u00e9s ont pr\u00e9f\u00e9r\u00e9 se rendre en Jordanie ou au Liban.<br \/>\nParmi les syriens, il y en a beaucoup qui doutent, qui ont peur de l&rsquo;avenir mais, on se demande qu&rsquo;y a t il de pire que le pire\u00a0? Il faut savoir qu&rsquo;aucune r\u00e9volution ne s&rsquo;est faite dans le velours, regardons l&rsquo;exemple Fran\u00e7ais de 1789.\u00a0\u00bb<\/i><\/p>\n<p><b>Quelles difficult\u00e9s les Organisations Non Gouvernementales (ONG) ont elles &#8211; rencontr\u00e9es pour arriver \u00e0 leurs fins humanitaires\u00a0?<\/b><\/p>\n<p>TH\u00a0: \u00a0\u00bb <i>\u00abLa Croix Rouge\u00bb, ou le \u00abCroissant Rouge\u00bb ou d&rsquo;autres ONG ont utilis\u00e9 leurs antennes en Turquie et au Liban pour fournir des aides aux fronti\u00e8res. Mais s&rsquo;agissant de l&rsquo;int\u00e9rieur de la Syrie, ils ne peuvent envoyer de m\u00e9dicaments \u00e0 cause des contr\u00f4les militaires. Ils doivent se contenter de les distribuer aux fronti\u00e8res ou de les laisser \u00e0 des tiers qui les transporteront clandestinement \u00e0 l&rsquo;int\u00e9rieur.<\/i>\u00a0\u00bb<br \/>\n<b><br \/>\nQuelle est la position des Etats ou des Communaut\u00e9s par rapport \u00e0 celles de leurs populations\u00a0?<br \/>\n<\/b><\/p>\n<p>TH\u00a0: <i>\u00ab\u00a0Cela n&rsquo;arrange personne, ni la Ligue Arabe, ni les Etats Unis, ni les Russes, que Bashar Al Assad tombe, car le statu quo arrange tout le monde. Il faut savoir qu&rsquo;entre les discours et les faits, il y a toujours un \u00e9norme gouffre. O\u00f9 est l&#8217;embargo promis par la Ligue Arabe\u00a0? Je doute que le Liban ait coup\u00e9 ses relations commerciales avec la Syrie. Chacun des Etats arabes a peur des r\u00e9percutions, tant au niveau \u00e9conomique que politique.<br \/>\nEn r\u00e9alit\u00e9, c&rsquo;est un rapport de force qui s&rsquo;est install\u00e9 du point de vue g\u00e9opolitique. La Syrie se situant entre Isra\u00ebl et l&rsquo;Iran. Chacun des Etats voisins a ses propres visions des choses suivant ses int\u00e9r\u00eats. L&rsquo;Iran, tout comme la Russie, entretiennent des relations avec Al Assad dans le but d&rsquo;avoir son port m\u00e9diterran\u00e9en. Et l&rsquo;Etat H\u00e9breu voisin pr\u00e9f\u00e8re un Al Assad qui a toujours accept\u00e9 la colonisation juive du Golan Syrien plut\u00f4t qu&rsquo;un gouvernement al\u00e9atoire peut \u00eatre plus ferm\u00e9 aux n\u00e9gociations&#8230;<br \/>\nQuant aux Etats-Unis, ces derniers ont peur d&rsquo;armer les r\u00e9volutionnaires et de donner de la puissance \u00e0 un mouvement extr\u00e9miste tandis que l&rsquo;on sait que la majorit\u00e9 des soul\u00e8vements viennent de la population civile. Le Qatar et l&rsquo;Arabie Saoudite soutiennent les r\u00e9volutions seulement vis \u00e0 vis de leur m\u00e9sentente avec l&rsquo;Iran.<br \/>\nAu final, on refuse ou on soutient les manifestations syriennes soit par peur soit par int\u00e9r\u00eat. On le voit avec le soutien des Etats Unis envers les pays du Golfe qui sont \u00e0 des ann\u00e9es lumi\u00e8re de toute forme de d\u00e9mocratie.\u00a0\u00bb<\/i><\/p>\n<p><b>Que pensez vous du plan de Kofi Annan en 6 Points (avec la mise en place de la fin des violences, d&rsquo;aides humanitaires, de la fin des d\u00e9tentions arbitraires, etc.) accept\u00e9s par le Gouvernement Syrien le 27 Mars 2012\u00a0?<\/b><\/p>\n<p>TH\u00a0: \u00ab\u00a0<i>C&rsquo;est le m\u00eame coup que les sanctions de la Ligue Arabe (<\/i>le 26 Novembre 2011, la Ligue Arabe a mis en place un gel des transactions commerciales, la suspension des liaisons a\u00e9riennes entre les pays arabes et la Syrie et une interdiction de voyager dans les pays de la Ligue pour certains responsables<i>). On fait seulement trainer les choses. L&rsquo;Organisme des Nations Unies (ONU) n&rsquo;a pas compris que le peuple ne veut plus de Bashar Al Assad, des aides humanitaires ne vont pas changer le gouvernement dictatorial en place. La population n&rsquo;est alors pas \u00e0 l&rsquo;abri d&rsquo;un \u00e9chec de leur r\u00e9volution tant qu&rsquo;il n&rsquo;y aura pas de sanction de l&rsquo;ONU ou de feu vert de l&rsquo;Organisme du Trait\u00e9 de l&rsquo;Atlantique Nord (OTAN). Le temps qu&rsquo;il y a ait des mesures onusiennes ou des peines venants de la Ligue Arabe, deux ou trois villes ont le temps d&rsquo;\u00eatre ras\u00e9es par le gouvernement.\u00a0\u00bb<\/i><\/p>\n<p><b>Et s&rsquo;agissant du projet de r\u00e9forme constitutionnelle de Bashar Al Assad approuv\u00e9e par r\u00e9f\u00e9rendum \u00e0 89% le 1er Mars 2012 qui pr\u00e9voit notamment le pluralisme politique (aujourd&rsquo;hui il n&rsquo;y a que le parti baasiste)\u00a0?<\/b><\/p>\n<p>TH\u00a0:<i> \u00ab\u00a0Ce projet est un coup d&rsquo;\u00e9p\u00e9e dans l&rsquo;eau. Bashar Al Assad pourra encore se repr\u00e9senter aux \u00e9lections. On sait que dans les pays arabes, il n&rsquo;y a d\u2019\u00e9lections d\u00e9mocratiques qu&rsquo;en apparence. Les autres partis sont mis en place par le Gouvernement au pouvoir, et avant m\u00eame le d\u00e9compte des voix, les r\u00e9sultats sont d\u00e9finis \u00e0 l&rsquo;avance. Ce n&rsquo;est qu&rsquo;une opposition symbolique.<br \/>\nC&rsquo;est comme lors des massacres de S\u00e9tif et de Guelma en 1945 au temps de l&rsquo;Alg\u00e9rie Fran\u00e7aise. On savait d\u00e9j\u00e0, 9 ans avant la r\u00e9volution, qu&rsquo;il n&rsquo;y aurait plus de retour en arri\u00e8re possible.\u00a0\u00bb<\/i><\/p>\n<p><b>Bashar Al Assad est il le facteur d&rsquo;union syrienne\u00a0?<\/b><\/p>\n<p>TH\u00a0: <i>\u00ab\u00a0On sait qu&rsquo;aujourd&rsquo;hui en Syrie, il y a 87,5% de musulmans (avec 75% de sunnites, 2,5% de chiites, 10% d&rsquo;alaouites, etc.), 10% de chr\u00e9tiens (syriaques, grecs, arm\u00e9niens, etc. ) et 2,5% d&rsquo;autres minorit\u00e9s comme les kurdes et les druzes.<br \/>\nAvant que la famille Al Assad n&rsquo;arrive au pouvoir en 1970, les diff\u00e9rentes minorit\u00e9s n&rsquo;avaient aucun probl\u00e8me pour vivre ensemble. En effet, la minorit\u00e9 chr\u00e9tienne est en Syrie depuis le temps de J\u00e9rusalem et des Croisades. Ils vivaient tr\u00e8s bien avec la majorit\u00e9 sunnite jusqu&rsquo;\u00e0 ce que des fractions chiites ne commencent \u00e0 menacer les chr\u00e9tiens. Le pouvoir en place n&rsquo;a fait que diviser les minorit\u00e9s pour mieux r\u00e9gner.\u00a0\u00bb<\/i><\/p>\n<p><b>Pensez vous que la peur d&rsquo;une mont\u00e9e de l\u2019extr\u00e9misme soit justifi\u00e9e\u00a0?<br \/>\n<\/b><br \/>\nTH\u00a0: <i>\u00ab\u00a0Il n&rsquo;y a pas de raison d&rsquo;avoir peur du parti des Fr\u00e8res Musulmans. Regardez en Jordanie, lors des \u00e9lections parlementaires de novembre 2010, au premier tour le parti des Fr\u00e8res Musulmans du Front de l&rsquo;Action Islamique avait obtenu 40% des voix, puis au deuxi\u00e8me tour il est redescendu \u00e0 20% des voix. En effet, la gestion civile et la responsabilit\u00e9 nationale ne sont pas faciles \u00e0 maitriser.<br \/>\nUne des choses primordiales \u00e0 changer est le respect de la libert\u00e9 d&rsquo;expression, afin que la soci\u00e9t\u00e9 civile puisse faire partie du pouvoir et puisse r\u00e9agir face \u00e0 une mauvaise gestion faite par le Gouvernement.<br \/>\nTout ce qu&rsquo;il nous reste \u00e0 faire \u00e0 l&rsquo;heure d&rsquo;aujourd&rsquo;hui est d&rsquo;attendre et de voir les \u00e9v\u00e8nements \u00e9voluer avec tous les efforts que l&rsquo;on a donn\u00e9.\u00a0\u00bb<\/i><\/p>\n<p>Free Syria Lyon\u00a0: <a href=\"http:\/\/www.freesyrialyon.blogspot.fr\/\">http:\/\/www.freesyrialyon.blogspot.fr\/<\/a><\/p>\n<!-- AddThis Advanced Settings generic via filter on the_content --><!-- AddThis Share Buttons generic via filter on the_content -->","protected":false},"excerpt":{"rendered":"<p>C&rsquo;est en f\u00e9vrier 2011 qu&rsquo;ont commenc\u00e9 les mouvements de r\u00e9volte syriens. Face \u00e0 ces mouvements de crise humanitaire et d\u00e9mocratique et le besoin de soutien &hellip; <!-- AddThis Advanced Settings generic via filter on wp_trim_excerpt --><!-- AddThis Share Buttons generic via filter on wp_trim_excerpt --><\/p>\n","protected":false},"author":7,"featured_media":1403,"comment_status":"open","ping_status":"open","sticky":false,"template":"","format":"standard","meta":{"_FSMCFIC_featured_image_caption":"","_FSMCFIC_featured_image_nocaption":"","_FSMCFIC_featured_image_hide":"","footnotes":""},"categories":[9],"tags":[10,112],"class_list":["post-1401","post","type-post","status-publish","format-standard","has-post-thumbnail","hentry","category-international","tag-lyon-2","tag-lyon-bondy-blog"],"yoast_head":"<!-- This site is optimized with the Yoast SEO plugin v22.8 - https:\/\/yoast.com\/wordpress\/plugins\/seo\/ -->\n<title>Syrie : \u00ab Qu&#039;y a t il de pire que le pire ? \u00bb - Lyon Bondy Blog<\/title>\n<meta name=\"robots\" content=\"index, follow, max-snippet:-1, max-image-preview:large, max-video-preview:-1\" \/>\n<link rel=\"canonical\" href=\"https:\/\/lyonbondyblog.fr\/LBB\/syrie-quy-a-t-il-de-pire-que-le-pire\/\" \/>\n<meta property=\"og:locale\" content=\"fr_FR\" \/>\n<meta property=\"og:type\" content=\"article\" \/>\n<meta property=\"og:title\" content=\"Syrie : \u00ab Qu&#039;y a t il de pire que le pire ? \u00bb - Lyon Bondy Blog\" \/>\n<meta property=\"og:description\" content=\"C&rsquo;est en f\u00e9vrier 2011 qu&rsquo;ont commenc\u00e9 les mouvements de r\u00e9volte syriens. Face \u00e0 ces mouvements de crise humanitaire et d\u00e9mocratique et le besoin de soutien &hellip;\" \/>\n<meta property=\"og:url\" content=\"https:\/\/lyonbondyblog.fr\/LBB\/syrie-quy-a-t-il-de-pire-que-le-pire\/\" \/>\n<meta property=\"og:site_name\" content=\"Lyon Bondy Blog\" \/>\n<meta property=\"article:publisher\" content=\"https:\/\/www.facebook.com\/lyonbondyblog\" \/>\n<meta property=\"article:published_time\" content=\"2012-04-03T12:30:19+00:00\" \/>\n<meta property=\"article:modified_time\" content=\"2013-07-25T12:32:41+00:00\" \/>\n<meta property=\"og:image\" content=\"https:\/\/lyonbondyblog.fr\/LBB\/wp-content\/uploads\/2013\/07\/syrielyon_t.jpg\" \/>\n\t<meta property=\"og:image:width\" content=\"194\" \/>\n\t<meta property=\"og:image:height\" content=\"129\" \/>\n\t<meta property=\"og:image:type\" content=\"image\/jpeg\" \/>\n<meta name=\"author\" content=\"Sofia Azzedine\" \/>\n<meta name=\"twitter:card\" content=\"summary_large_image\" \/>\n<meta name=\"twitter:creator\" content=\"@bondybloglyon\" \/>\n<meta name=\"twitter:site\" content=\"@bondybloglyon\" \/>\n<script type=\"application\/ld+json\" class=\"yoast-schema-graph\">{\"@context\":\"https:\/\/schema.org\",\"@graph\":[{\"@type\":\"Article\",\"@id\":\"https:\/\/lyonbondyblog.fr\/LBB\/syrie-quy-a-t-il-de-pire-que-le-pire\/#article\",\"isPartOf\":{\"@id\":\"https:\/\/lyonbondyblog.fr\/LBB\/syrie-quy-a-t-il-de-pire-que-le-pire\/\"},\"author\":{\"name\":\"Sofia Azzedine\",\"@id\":\"https:\/\/lyonbondyblog.fr\/LBB\/#\/schema\/person\/b0602285b18dbff27c95620f60751bf9\"},\"headline\":\"Syrie : \u00ab Qu&rsquo;y a t il de pire que le pire ? \u00bb\",\"datePublished\":\"2012-04-03T12:30:19+00:00\",\"dateModified\":\"2013-07-25T12:32:41+00:00\",\"mainEntityOfPage\":{\"@id\":\"https:\/\/lyonbondyblog.fr\/LBB\/syrie-quy-a-t-il-de-pire-que-le-pire\/\"},\"wordCount\":1751,\"commentCount\":0,\"publisher\":{\"@id\":\"https:\/\/lyonbondyblog.fr\/LBB\/#organization\"},\"image\":{\"@id\":\"https:\/\/lyonbondyblog.fr\/LBB\/syrie-quy-a-t-il-de-pire-que-le-pire\/#primaryimage\"},\"thumbnailUrl\":\"https:\/\/lyonbondyblog.fr\/LBB\/wp-content\/uploads\/2013\/07\/syrielyon_t.jpg\",\"keywords\":[\"lyon\",\"Lyon Bondy Blog\"],\"articleSection\":[\"International\"],\"inLanguage\":\"fr-FR\",\"potentialAction\":[{\"@type\":\"CommentAction\",\"name\":\"Comment\",\"target\":[\"https:\/\/lyonbondyblog.fr\/LBB\/syrie-quy-a-t-il-de-pire-que-le-pire\/#respond\"]}]},{\"@type\":\"WebPage\",\"@id\":\"https:\/\/lyonbondyblog.fr\/LBB\/syrie-quy-a-t-il-de-pire-que-le-pire\/\",\"url\":\"https:\/\/lyonbondyblog.fr\/LBB\/syrie-quy-a-t-il-de-pire-que-le-pire\/\",\"name\":\"Syrie : \u00ab Qu'y a t il de pire que le pire ? \u00bb - Lyon Bondy Blog\",\"isPartOf\":{\"@id\":\"https:\/\/lyonbondyblog.fr\/LBB\/#website\"},\"primaryImageOfPage\":{\"@id\":\"https:\/\/lyonbondyblog.fr\/LBB\/syrie-quy-a-t-il-de-pire-que-le-pire\/#primaryimage\"},\"image\":{\"@id\":\"https:\/\/lyonbondyblog.fr\/LBB\/syrie-quy-a-t-il-de-pire-que-le-pire\/#primaryimage\"},\"thumbnailUrl\":\"https:\/\/lyonbondyblog.fr\/LBB\/wp-content\/uploads\/2013\/07\/syrielyon_t.jpg\",\"datePublished\":\"2012-04-03T12:30:19+00:00\",\"dateModified\":\"2013-07-25T12:32:41+00:00\",\"inLanguage\":\"fr-FR\",\"potentialAction\":[{\"@type\":\"ReadAction\",\"target\":[\"https:\/\/lyonbondyblog.fr\/LBB\/syrie-quy-a-t-il-de-pire-que-le-pire\/\"]}]},{\"@type\":\"ImageObject\",\"inLanguage\":\"fr-FR\",\"@id\":\"https:\/\/lyonbondyblog.fr\/LBB\/syrie-quy-a-t-il-de-pire-que-le-pire\/#primaryimage\",\"url\":\"https:\/\/lyonbondyblog.fr\/LBB\/wp-content\/uploads\/2013\/07\/syrielyon_t.jpg\",\"contentUrl\":\"https:\/\/lyonbondyblog.fr\/LBB\/wp-content\/uploads\/2013\/07\/syrielyon_t.jpg\",\"width\":194,\"height\":129},{\"@type\":\"WebSite\",\"@id\":\"https:\/\/lyonbondyblog.fr\/LBB\/#website\",\"url\":\"https:\/\/lyonbondyblog.fr\/LBB\/\",\"name\":\"Lyon Bondy Blog\",\"description\":\"\",\"publisher\":{\"@id\":\"https:\/\/lyonbondyblog.fr\/LBB\/#organization\"},\"potentialAction\":[{\"@type\":\"SearchAction\",\"target\":{\"@type\":\"EntryPoint\",\"urlTemplate\":\"https:\/\/lyonbondyblog.fr\/LBB\/?s={search_term_string}\"},\"query-input\":\"required name=search_term_string\"}],\"inLanguage\":\"fr-FR\"},{\"@type\":\"Organization\",\"@id\":\"https:\/\/lyonbondyblog.fr\/LBB\/#organization\",\"name\":\"LYON BONDY BLOG\",\"url\":\"https:\/\/lyonbondyblog.fr\/LBB\/\",\"logo\":{\"@type\":\"ImageObject\",\"inLanguage\":\"fr-FR\",\"@id\":\"https:\/\/lyonbondyblog.fr\/LBB\/#\/schema\/logo\/image\/\",\"url\":\"http:\/\/lyonbondyblog.fr\/LBB\/wp-content\/uploads\/2014\/10\/logo-portable-144.png\",\"contentUrl\":\"http:\/\/lyonbondyblog.fr\/LBB\/wp-content\/uploads\/2014\/10\/logo-portable-144.png\",\"width\":144,\"height\":123,\"caption\":\"LYON BONDY BLOG\"},\"image\":{\"@id\":\"https:\/\/lyonbondyblog.fr\/LBB\/#\/schema\/logo\/image\/\"},\"sameAs\":[\"https:\/\/www.facebook.com\/lyonbondyblog\",\"https:\/\/x.com\/bondybloglyon\"]},{\"@type\":\"Person\",\"@id\":\"https:\/\/lyonbondyblog.fr\/LBB\/#\/schema\/person\/b0602285b18dbff27c95620f60751bf9\",\"name\":\"Sofia Azzedine\",\"description\":\"Etudiante \u00e0 l'Institut d'Etude du D\u00e9veloppement apr\u00e8s un parcours du combattant pass\u00e9 dans les m\u00e9andres de la Science Politique, entre la Sociologie et le Journalisme et les Langues Etrang\u00e8res. Je souhaite toujours explorer ces banlieues plurielles m\u00e9connues et mal trait\u00e9es pour jeter au sol ces pr\u00e9jug\u00e9s. Tout cela, pour \u00e9luder toute l'humanit\u00e9 vivace qui existe dans ces r\u00e9gions de la diff\u00e9rence et de l'indiff\u00e9rence et faire parler cette jeunesse silencieusement bavarde.\",\"url\":\"https:\/\/lyonbondyblog.fr\/LBB\/author\/sofia\/\"}]}<\/script>\n<!-- \/ Yoast SEO plugin. -->","yoast_head_json":{"title":"Syrie : \u00ab Qu'y a t il de pire que le pire ? \u00bb - Lyon Bondy Blog","robots":{"index":"index","follow":"follow","max-snippet":"max-snippet:-1","max-image-preview":"max-image-preview:large","max-video-preview":"max-video-preview:-1"},"canonical":"https:\/\/lyonbondyblog.fr\/LBB\/syrie-quy-a-t-il-de-pire-que-le-pire\/","og_locale":"fr_FR","og_type":"article","og_title":"Syrie : \u00ab Qu'y a t il de pire que le pire ? \u00bb - Lyon Bondy Blog","og_description":"C&rsquo;est en f\u00e9vrier 2011 qu&rsquo;ont commenc\u00e9 les mouvements de r\u00e9volte syriens. Face \u00e0 ces mouvements de crise humanitaire et d\u00e9mocratique et le besoin de soutien &hellip;","og_url":"https:\/\/lyonbondyblog.fr\/LBB\/syrie-quy-a-t-il-de-pire-que-le-pire\/","og_site_name":"Lyon Bondy Blog","article_publisher":"https:\/\/www.facebook.com\/lyonbondyblog","article_published_time":"2012-04-03T12:30:19+00:00","article_modified_time":"2013-07-25T12:32:41+00:00","og_image":[{"width":194,"height":129,"url":"https:\/\/lyonbondyblog.fr\/LBB\/wp-content\/uploads\/2013\/07\/syrielyon_t.jpg","type":"image\/jpeg"}],"author":"Sofia Azzedine","twitter_card":"summary_large_image","twitter_creator":"@bondybloglyon","twitter_site":"@bondybloglyon","schema":{"@context":"https:\/\/schema.org","@graph":[{"@type":"Article","@id":"https:\/\/lyonbondyblog.fr\/LBB\/syrie-quy-a-t-il-de-pire-que-le-pire\/#article","isPartOf":{"@id":"https:\/\/lyonbondyblog.fr\/LBB\/syrie-quy-a-t-il-de-pire-que-le-pire\/"},"author":{"name":"Sofia Azzedine","@id":"https:\/\/lyonbondyblog.fr\/LBB\/#\/schema\/person\/b0602285b18dbff27c95620f60751bf9"},"headline":"Syrie : \u00ab Qu&rsquo;y a t il de pire que le pire ? \u00bb","datePublished":"2012-04-03T12:30:19+00:00","dateModified":"2013-07-25T12:32:41+00:00","mainEntityOfPage":{"@id":"https:\/\/lyonbondyblog.fr\/LBB\/syrie-quy-a-t-il-de-pire-que-le-pire\/"},"wordCount":1751,"commentCount":0,"publisher":{"@id":"https:\/\/lyonbondyblog.fr\/LBB\/#organization"},"image":{"@id":"https:\/\/lyonbondyblog.fr\/LBB\/syrie-quy-a-t-il-de-pire-que-le-pire\/#primaryimage"},"thumbnailUrl":"https:\/\/lyonbondyblog.fr\/LBB\/wp-content\/uploads\/2013\/07\/syrielyon_t.jpg","keywords":["lyon","Lyon Bondy Blog"],"articleSection":["International"],"inLanguage":"fr-FR","potentialAction":[{"@type":"CommentAction","name":"Comment","target":["https:\/\/lyonbondyblog.fr\/LBB\/syrie-quy-a-t-il-de-pire-que-le-pire\/#respond"]}]},{"@type":"WebPage","@id":"https:\/\/lyonbondyblog.fr\/LBB\/syrie-quy-a-t-il-de-pire-que-le-pire\/","url":"https:\/\/lyonbondyblog.fr\/LBB\/syrie-quy-a-t-il-de-pire-que-le-pire\/","name":"Syrie : \u00ab Qu'y a t il de pire que le pire ? \u00bb - Lyon Bondy Blog","isPartOf":{"@id":"https:\/\/lyonbondyblog.fr\/LBB\/#website"},"primaryImageOfPage":{"@id":"https:\/\/lyonbondyblog.fr\/LBB\/syrie-quy-a-t-il-de-pire-que-le-pire\/#primaryimage"},"image":{"@id":"https:\/\/lyonbondyblog.fr\/LBB\/syrie-quy-a-t-il-de-pire-que-le-pire\/#primaryimage"},"thumbnailUrl":"https:\/\/lyonbondyblog.fr\/LBB\/wp-content\/uploads\/2013\/07\/syrielyon_t.jpg","datePublished":"2012-04-03T12:30:19+00:00","dateModified":"2013-07-25T12:32:41+00:00","inLanguage":"fr-FR","potentialAction":[{"@type":"ReadAction","target":["https:\/\/lyonbondyblog.fr\/LBB\/syrie-quy-a-t-il-de-pire-que-le-pire\/"]}]},{"@type":"ImageObject","inLanguage":"fr-FR","@id":"https:\/\/lyonbondyblog.fr\/LBB\/syrie-quy-a-t-il-de-pire-que-le-pire\/#primaryimage","url":"https:\/\/lyonbondyblog.fr\/LBB\/wp-content\/uploads\/2013\/07\/syrielyon_t.jpg","contentUrl":"https:\/\/lyonbondyblog.fr\/LBB\/wp-content\/uploads\/2013\/07\/syrielyon_t.jpg","width":194,"height":129},{"@type":"WebSite","@id":"https:\/\/lyonbondyblog.fr\/LBB\/#website","url":"https:\/\/lyonbondyblog.fr\/LBB\/","name":"Lyon Bondy Blog","description":"","publisher":{"@id":"https:\/\/lyonbondyblog.fr\/LBB\/#organization"},"potentialAction":[{"@type":"SearchAction","target":{"@type":"EntryPoint","urlTemplate":"https:\/\/lyonbondyblog.fr\/LBB\/?s={search_term_string}"},"query-input":"required name=search_term_string"}],"inLanguage":"fr-FR"},{"@type":"Organization","@id":"https:\/\/lyonbondyblog.fr\/LBB\/#organization","name":"LYON BONDY BLOG","url":"https:\/\/lyonbondyblog.fr\/LBB\/","logo":{"@type":"ImageObject","inLanguage":"fr-FR","@id":"https:\/\/lyonbondyblog.fr\/LBB\/#\/schema\/logo\/image\/","url":"http:\/\/lyonbondyblog.fr\/LBB\/wp-content\/uploads\/2014\/10\/logo-portable-144.png","contentUrl":"http:\/\/lyonbondyblog.fr\/LBB\/wp-content\/uploads\/2014\/10\/logo-portable-144.png","width":144,"height":123,"caption":"LYON BONDY BLOG"},"image":{"@id":"https:\/\/lyonbondyblog.fr\/LBB\/#\/schema\/logo\/image\/"},"sameAs":["https:\/\/www.facebook.com\/lyonbondyblog","https:\/\/x.com\/bondybloglyon"]},{"@type":"Person","@id":"https:\/\/lyonbondyblog.fr\/LBB\/#\/schema\/person\/b0602285b18dbff27c95620f60751bf9","name":"Sofia Azzedine","description":"Etudiante \u00e0 l'Institut d'Etude du D\u00e9veloppement apr\u00e8s un parcours du combattant pass\u00e9 dans les m\u00e9andres de la Science Politique, entre la Sociologie et le Journalisme et les Langues Etrang\u00e8res. Je souhaite toujours explorer ces banlieues plurielles m\u00e9connues et mal trait\u00e9es pour jeter au sol ces pr\u00e9jug\u00e9s. Tout cela, pour \u00e9luder toute l'humanit\u00e9 vivace qui existe dans ces r\u00e9gions de la diff\u00e9rence et de l'indiff\u00e9rence et faire parler cette jeunesse silencieusement bavarde.","url":"https:\/\/lyonbondyblog.fr\/LBB\/author\/sofia\/"}]}},"_links":{"self":[{"href":"https:\/\/lyonbondyblog.fr\/LBB\/wp-json\/wp\/v2\/posts\/1401","targetHints":{"allow":["GET"]}}],"collection":[{"href":"https:\/\/lyonbondyblog.fr\/LBB\/wp-json\/wp\/v2\/posts"}],"about":[{"href":"https:\/\/lyonbondyblog.fr\/LBB\/wp-json\/wp\/v2\/types\/post"}],"author":[{"embeddable":true,"href":"https:\/\/lyonbondyblog.fr\/LBB\/wp-json\/wp\/v2\/users\/7"}],"replies":[{"embeddable":true,"href":"https:\/\/lyonbondyblog.fr\/LBB\/wp-json\/wp\/v2\/comments?post=1401"}],"version-history":[{"count":0,"href":"https:\/\/lyonbondyblog.fr\/LBB\/wp-json\/wp\/v2\/posts\/1401\/revisions"}],"wp:featuredmedia":[{"embeddable":true,"href":"https:\/\/lyonbondyblog.fr\/LBB\/wp-json\/wp\/v2\/media\/1403"}],"wp:attachment":[{"href":"https:\/\/lyonbondyblog.fr\/LBB\/wp-json\/wp\/v2\/media?parent=1401"}],"wp:term":[{"taxonomy":"category","embeddable":true,"href":"https:\/\/lyonbondyblog.fr\/LBB\/wp-json\/wp\/v2\/categories?post=1401"},{"taxonomy":"post_tag","embeddable":true,"href":"https:\/\/lyonbondyblog.fr\/LBB\/wp-json\/wp\/v2\/tags?post=1401"}],"curies":[{"name":"wp","href":"https:\/\/api.w.org\/{rel}","templated":true}]}}