{"id":13680,"date":"2018-07-23T14:31:11","date_gmt":"2018-07-23T12:31:11","guid":{"rendered":"http:\/\/lyonbondyblog.fr\/LBB\/?p=13680"},"modified":"2018-07-23T14:31:11","modified_gmt":"2018-07-23T12:31:11","slug":"chronique-judiciaire-vos-papiers-sil-vous-plait","status":"publish","type":"post","link":"https:\/\/lyonbondyblog.fr\/LBB\/chronique-judiciaire-vos-papiers-sil-vous-plait\/","title":{"rendered":"Chronique Judiciaire : Vos papiers s&rsquo;il vous plait !"},"content":{"rendered":"<p style=\"text-align: justify;\"><em>Tribunal de grande instance de Lyon, comparution imm\u00e9diate du vendredi 13 juillet 2018.<\/em><\/p>\n<p style=\"text-align: justify;\">C\u2019est une affaire humainement compliqu\u00e9e qu\u2019a d\u00fb juger la cour du tribunal de grande instance de Lyon ce vendredi 13 juillet. Dans une salle bien remplie et plut\u00f4t bruyante la juge appelle l\u2019accus\u00e9.<\/p>\n<p style=\"text-align: justify;\">Un long moment se passe entre l\u2019appel de monsieur Karama et son arriv\u00e9e. Un brouhaha s\u2019installe. L\u2019interpr\u00e8te de l\u2019accus\u00e9 s\u2019avance. Mr Karama ne parle pas fran\u00e7ais, le traducteur est l\u00e0 pour traduire ses propos et les questions pos\u00e9es par Madame la juge. Cette derni\u00e8re demande au traducteur dans quelle langue va-t-il traduire l&rsquo;audience \u00e0 l\u2019accus\u00e9 qui, selon ses dires, parlerait deux langues ; le perse et l\u2019anglais. Et c\u2019est donc en perse que la traduction se fera. L\u2019interpr\u00e8te pr\u00eate alors serment <em>\u00ab de traduire fid\u00e8lement \u00bb<\/em> les propos de l\u2019accus\u00e9 et de la cour. L\u2019audience peut alors commencer.<\/p>\n<p style=\"text-align: justify;\">Une sonnerie retentie, l\u2019accus\u00e9 arrive enfin escort\u00e9 par deux policiers. Le silence revient. V\u00eatu d\u2019un simple jean et d\u2019un maillot du Real Madrid sa tenue donne \u00e0 Mr Karama un faux air de d\u00e9contraction, mais la tension est clairement palpable sur le visage du jeune homme. Il regarde la salle, le public, puis se dirige vers son box avec un air de panique. Le traducteur le rejoint.<br \/>\nLa juge demande alors \u00e0 Mr Karama s\u2019il souhaite \u00eatre jug\u00e9 aujourd\u2019hui ou s&rsquo;il pr\u00e9f\u00e8re un renvoi d\u2019audience pour pr\u00e9parer sa d\u00e9fense. Celui-ci d\u00e9cide d\u2019\u00eatre fix\u00e9 sur son sort imm\u00e9diatement.<\/p>\n<p style=\"text-align: justify;\">N\u00e9 le 2 juin 1990 \u00e0 Karachi au Pakistan, le jeune accus\u00e9 se d\u00e9clare comme <em>\u00ab apatride \u00bb<\/em>, car il a l\u2019impression de n\u2019appartenir \u00e0 aucune nationalit\u00e9, de n\u2019avoir \u00e9t\u00e9 accept\u00e9 par aucun pays. Ses parents \u00e9tant Birman et Rohingya, ils ont d\u00fb fuir la Birmanie \u00e0 cause de l\u2019ins\u00e9curit\u00e9 et se sont install\u00e9 au Pakistan ou Mr Karama est n\u00e9e. Il explique alors qu\u2019en tant que Rohingya, on ne lui a pas donn\u00e9 la nationalit\u00e9 pakistanaise malgr\u00e9 le fait qu&rsquo;il soit n\u00e9 dans ce pays.<\/p>\n<p style=\"text-align: justify;\">Apr\u00e8s un simple contr\u00f4le de routine, un arr\u00eat\u00e9 du 9 mars 2018 avait condamn\u00e9 Mr Karama en situation irr\u00e9guli\u00e8re sur le territoire fran\u00e7ais \u00e0 \u00eatre renvoy\u00e9 en Su\u00e8de. Ayant d\u00e9pos\u00e9 deux demandes d\u2019asile en Su\u00e8de, la loi explique qu&rsquo;il doit \u00eatre renvoy\u00e9 dans le pays o\u00f9 il a effectu\u00e9 sa demande d\u2019asile qui jugera ensuite de sa situation administrative.<\/p>\n<p style=\"text-align: justify;\">Apr\u00e8s avoir d\u00e9j\u00e0 refus\u00e9 le 20 juin 2018 d\u2019embarquer en direction de la Su\u00e8de, l\u2019accus\u00e9 avait \u00e9t\u00e9 assign\u00e9e \u00e0 r\u00e9sidence avec obligation de pointage. Obligation qu\u2019il n\u2019a pas respect\u00e9e. Le 12 juillet dernier, Mr Karama a reconnu avoir une nouvelle fois refus\u00e9 d\u2019embarquer. L&rsquo;accus\u00e9 tombe en sanglots lorsque la juge lui demande s\u2019il peut apporter des pr\u00e9cisions aux faits qui lui sont rapport\u00e9s. Il d\u00e9clare alors en larme ne pas vouloir aller en Su\u00e8de car il sera ensuite renvoy\u00e9 au Pakistan o\u00f9 il n\u2019a personne, aucune attache et o\u00f9 sa vie serait menac\u00e9e. Le jeune homme semble avoir tr\u00e8s peur du climat d\u2019ins\u00e9curit\u00e9 qui r\u00e8gne dans toute l\u2019Asie du Sud, de plus en plus dangereuse et pr\u00e9caire surtout pour les Rohingyas.<\/p>\n<p style=\"text-align: justify;\">Vient le tour de la procureure de prendre la parole. Elle rappelle tout d\u2019abord qu\u2019\u00e9videmment la cour ici pr\u00e9sente n\u2019est, en aucun cas, comp\u00e9tente pour juger de la situation administrative de l\u2019accus\u00e9 et ne peut nullement interf\u00e9rer dans ce dossier. Apr\u00e8s avoir rappel\u00e9 les faits elle demande une peine de 3 mois d\u2019emprisonnement avec mandat de d\u00e9p\u00f4t<\/p>\n<p style=\"text-align: justify;\">C\u2019est ensuite au tour de l\u2019avocate de l\u2019accus\u00e9 de s&rsquo;exprimer. Elle rappelle \u00e9galement que le r\u00f4le de la cour n\u2019est pas de juger la situation de Mr Karama, mais qu\u2019en revanche il est important d\u2019en parler, car cela permet de mieux comprendre la situation. Apr\u00e8s deux ans v\u00e9cus en Su\u00e8de et deux refus de demande d\u2019asile, l\u2019accus\u00e9 est venu \u00e0 Lyon o\u00f9 se trouve peut-\u00eatre la seule famille qui lui reste. L\u2019avocate insiste aussi sur le fait que l\u2019accus\u00e9 a un casier judiciaire totalement vierge. De plus, Mr Karama serait malade, car il aurait des kystes. C\u2019est pour tous ces \u00e9l\u00e9ments que l\u2019avocate demande la cl\u00e9mence de la cour et seulement une peine avec sursis.<\/p>\n<p style=\"text-align: justify;\">Pour cl\u00f4turer l\u2019audience, la parole est donn\u00e9e une derni\u00e8re fois \u00e0 l\u2019accus\u00e9. Toujours en pleurs, il r\u00e9pond simplement <em>\u00ab Je demande juste \u00e0 ce que ma vie soit en s\u00e9curit\u00e9 \u00bb.<\/em><\/p>\n<p style=\"text-align: justify;\">Voil\u00e0 une affaire pas facile qui donnera sans doute \u00e0 la juge beaucoup de difficult\u00e9s. Si les faits sont simples et claire la situation d\u00e9licate de l\u2019accus\u00e9 rend le jugement beaucoup plus compliqu\u00e9. Mr Karama risque jusqu\u2019\u00e0 3 mois de prison ferme, mais il sera surtout probablement renvoy\u00e9 en Su\u00e8de, comme la loi le dit.<\/p>\n<!-- AddThis Advanced Settings generic via filter on the_content --><!-- AddThis Share Buttons generic via filter on the_content -->","protected":false},"excerpt":{"rendered":"<p>Tribunal de grande instance de Lyon, comparution imm\u00e9diate du vendredi 13 juillet 2018. C\u2019est une affaire humainement compliqu\u00e9e qu\u2019a d\u00fb juger la cour du tribunal &hellip; <!-- AddThis Advanced Settings generic via filter on wp_trim_excerpt --><!-- AddThis Share Buttons generic via filter on wp_trim_excerpt --><\/p>\n","protected":false},"author":7093,"featured_media":12755,"comment_status":"open","ping_status":"open","sticky":false,"template":"","format":"standard","meta":{"_FSMCFIC_featured_image_caption":"","_FSMCFIC_featured_image_nocaption":"","_FSMCFIC_featured_image_hide":"","footnotes":""},"categories":[965,4],"tags":[],"class_list":["post-13680","post","type-post","status-publish","format-standard","has-post-thumbnail","hentry","category-chronique-judiciaire","category-lyon"],"yoast_head":"<!-- This site is optimized with the Yoast SEO plugin v22.8 - https:\/\/yoast.com\/wordpress\/plugins\/seo\/ -->\n<title>Chronique Judiciaire : Vos papiers s&#039;il vous plait ! - Lyon Bondy Blog<\/title>\n<meta name=\"robots\" content=\"index, follow, max-snippet:-1, max-image-preview:large, max-video-preview:-1\" \/>\n<link rel=\"canonical\" href=\"https:\/\/lyonbondyblog.fr\/LBB\/chronique-judiciaire-vos-papiers-sil-vous-plait\/\" \/>\n<meta property=\"og:locale\" content=\"fr_FR\" \/>\n<meta property=\"og:type\" content=\"article\" \/>\n<meta property=\"og:title\" content=\"Chronique Judiciaire : Vos papiers s&#039;il vous plait ! - Lyon Bondy Blog\" \/>\n<meta property=\"og:description\" content=\"Tribunal de grande instance de Lyon, comparution imm\u00e9diate du vendredi 13 juillet 2018. C\u2019est une affaire humainement compliqu\u00e9e qu\u2019a d\u00fb juger la cour du tribunal &hellip;\" \/>\n<meta property=\"og:url\" content=\"https:\/\/lyonbondyblog.fr\/LBB\/chronique-judiciaire-vos-papiers-sil-vous-plait\/\" \/>\n<meta property=\"og:site_name\" content=\"Lyon Bondy Blog\" \/>\n<meta property=\"article:publisher\" content=\"https:\/\/www.facebook.com\/lyonbondyblog\" \/>\n<meta property=\"article:published_time\" content=\"2018-07-23T12:31:11+00:00\" \/>\n<meta property=\"og:image\" content=\"https:\/\/lyonbondyblog.fr\/LBB\/wp-content\/uploads\/2018\/03\/justicefiction_visuel-750x420-1.jpg\" \/>\n\t<meta property=\"og:image:width\" content=\"750\" \/>\n\t<meta property=\"og:image:height\" content=\"420\" \/>\n\t<meta property=\"og:image:type\" content=\"image\/jpeg\" \/>\n<meta name=\"author\" content=\"Cindy Da Silva\" \/>\n<meta name=\"twitter:card\" content=\"summary_large_image\" \/>\n<meta name=\"twitter:creator\" content=\"@bondybloglyon\" \/>\n<meta name=\"twitter:site\" content=\"@bondybloglyon\" \/>\n<script type=\"application\/ld+json\" class=\"yoast-schema-graph\">{\"@context\":\"https:\/\/schema.org\",\"@graph\":[{\"@type\":\"Article\",\"@id\":\"https:\/\/lyonbondyblog.fr\/LBB\/chronique-judiciaire-vos-papiers-sil-vous-plait\/#article\",\"isPartOf\":{\"@id\":\"https:\/\/lyonbondyblog.fr\/LBB\/chronique-judiciaire-vos-papiers-sil-vous-plait\/\"},\"author\":{\"name\":\"Cindy Da Silva\",\"@id\":\"https:\/\/lyonbondyblog.fr\/LBB\/#\/schema\/person\/05a48e5d3b925c658a4b6146cbab6138\"},\"headline\":\"Chronique Judiciaire : Vos papiers s&rsquo;il vous plait !\",\"datePublished\":\"2018-07-23T12:31:11+00:00\",\"dateModified\":\"2018-07-23T12:31:11+00:00\",\"mainEntityOfPage\":{\"@id\":\"https:\/\/lyonbondyblog.fr\/LBB\/chronique-judiciaire-vos-papiers-sil-vous-plait\/\"},\"wordCount\":865,\"commentCount\":0,\"publisher\":{\"@id\":\"https:\/\/lyonbondyblog.fr\/LBB\/#organization\"},\"image\":{\"@id\":\"https:\/\/lyonbondyblog.fr\/LBB\/chronique-judiciaire-vos-papiers-sil-vous-plait\/#primaryimage\"},\"thumbnailUrl\":\"https:\/\/lyonbondyblog.fr\/LBB\/wp-content\/uploads\/2018\/03\/justicefiction_visuel-750x420-1.jpg\",\"articleSection\":[\"Chronique judiciaire\",\"Lyon\"],\"inLanguage\":\"fr-FR\",\"potentialAction\":[{\"@type\":\"CommentAction\",\"name\":\"Comment\",\"target\":[\"https:\/\/lyonbondyblog.fr\/LBB\/chronique-judiciaire-vos-papiers-sil-vous-plait\/#respond\"]}]},{\"@type\":\"WebPage\",\"@id\":\"https:\/\/lyonbondyblog.fr\/LBB\/chronique-judiciaire-vos-papiers-sil-vous-plait\/\",\"url\":\"https:\/\/lyonbondyblog.fr\/LBB\/chronique-judiciaire-vos-papiers-sil-vous-plait\/\",\"name\":\"Chronique Judiciaire : Vos papiers s'il vous plait ! - Lyon Bondy Blog\",\"isPartOf\":{\"@id\":\"https:\/\/lyonbondyblog.fr\/LBB\/#website\"},\"primaryImageOfPage\":{\"@id\":\"https:\/\/lyonbondyblog.fr\/LBB\/chronique-judiciaire-vos-papiers-sil-vous-plait\/#primaryimage\"},\"image\":{\"@id\":\"https:\/\/lyonbondyblog.fr\/LBB\/chronique-judiciaire-vos-papiers-sil-vous-plait\/#primaryimage\"},\"thumbnailUrl\":\"https:\/\/lyonbondyblog.fr\/LBB\/wp-content\/uploads\/2018\/03\/justicefiction_visuel-750x420-1.jpg\",\"datePublished\":\"2018-07-23T12:31:11+00:00\",\"dateModified\":\"2018-07-23T12:31:11+00:00\",\"inLanguage\":\"fr-FR\",\"potentialAction\":[{\"@type\":\"ReadAction\",\"target\":[\"https:\/\/lyonbondyblog.fr\/LBB\/chronique-judiciaire-vos-papiers-sil-vous-plait\/\"]}]},{\"@type\":\"ImageObject\",\"inLanguage\":\"fr-FR\",\"@id\":\"https:\/\/lyonbondyblog.fr\/LBB\/chronique-judiciaire-vos-papiers-sil-vous-plait\/#primaryimage\",\"url\":\"https:\/\/lyonbondyblog.fr\/LBB\/wp-content\/uploads\/2018\/03\/justicefiction_visuel-750x420-1.jpg\",\"contentUrl\":\"https:\/\/lyonbondyblog.fr\/LBB\/wp-content\/uploads\/2018\/03\/justicefiction_visuel-750x420-1.jpg\",\"width\":\"750\",\"height\":\"420\"},{\"@type\":\"WebSite\",\"@id\":\"https:\/\/lyonbondyblog.fr\/LBB\/#website\",\"url\":\"https:\/\/lyonbondyblog.fr\/LBB\/\",\"name\":\"Lyon Bondy Blog\",\"description\":\"\",\"publisher\":{\"@id\":\"https:\/\/lyonbondyblog.fr\/LBB\/#organization\"},\"potentialAction\":[{\"@type\":\"SearchAction\",\"target\":{\"@type\":\"EntryPoint\",\"urlTemplate\":\"https:\/\/lyonbondyblog.fr\/LBB\/?s={search_term_string}\"},\"query-input\":\"required name=search_term_string\"}],\"inLanguage\":\"fr-FR\"},{\"@type\":\"Organization\",\"@id\":\"https:\/\/lyonbondyblog.fr\/LBB\/#organization\",\"name\":\"LYON BONDY BLOG\",\"url\":\"https:\/\/lyonbondyblog.fr\/LBB\/\",\"logo\":{\"@type\":\"ImageObject\",\"inLanguage\":\"fr-FR\",\"@id\":\"https:\/\/lyonbondyblog.fr\/LBB\/#\/schema\/logo\/image\/\",\"url\":\"http:\/\/lyonbondyblog.fr\/LBB\/wp-content\/uploads\/2014\/10\/logo-portable-144.png\",\"contentUrl\":\"http:\/\/lyonbondyblog.fr\/LBB\/wp-content\/uploads\/2014\/10\/logo-portable-144.png\",\"width\":144,\"height\":123,\"caption\":\"LYON BONDY BLOG\"},\"image\":{\"@id\":\"https:\/\/lyonbondyblog.fr\/LBB\/#\/schema\/logo\/image\/\"},\"sameAs\":[\"https:\/\/www.facebook.com\/lyonbondyblog\",\"https:\/\/x.com\/bondybloglyon\"]},{\"@type\":\"Person\",\"@id\":\"https:\/\/lyonbondyblog.fr\/LBB\/#\/schema\/person\/05a48e5d3b925c658a4b6146cbab6138\",\"name\":\"Cindy Da Silva\",\"url\":\"https:\/\/lyonbondyblog.fr\/LBB\/author\/cindy_dasilva\/\"}]}<\/script>\n<!-- \/ Yoast SEO plugin. -->","yoast_head_json":{"title":"Chronique Judiciaire : Vos papiers s'il vous plait ! - Lyon Bondy Blog","robots":{"index":"index","follow":"follow","max-snippet":"max-snippet:-1","max-image-preview":"max-image-preview:large","max-video-preview":"max-video-preview:-1"},"canonical":"https:\/\/lyonbondyblog.fr\/LBB\/chronique-judiciaire-vos-papiers-sil-vous-plait\/","og_locale":"fr_FR","og_type":"article","og_title":"Chronique Judiciaire : Vos papiers s'il vous plait ! - Lyon Bondy Blog","og_description":"Tribunal de grande instance de Lyon, comparution imm\u00e9diate du vendredi 13 juillet 2018. C\u2019est une affaire humainement compliqu\u00e9e qu\u2019a d\u00fb juger la cour du tribunal &hellip;","og_url":"https:\/\/lyonbondyblog.fr\/LBB\/chronique-judiciaire-vos-papiers-sil-vous-plait\/","og_site_name":"Lyon Bondy Blog","article_publisher":"https:\/\/www.facebook.com\/lyonbondyblog","article_published_time":"2018-07-23T12:31:11+00:00","og_image":[{"width":"750","height":"420","url":"https:\/\/lyonbondyblog.fr\/LBB\/wp-content\/uploads\/2018\/03\/justicefiction_visuel-750x420-1.jpg","type":"image\/jpeg"}],"author":"Cindy Da Silva","twitter_card":"summary_large_image","twitter_creator":"@bondybloglyon","twitter_site":"@bondybloglyon","schema":{"@context":"https:\/\/schema.org","@graph":[{"@type":"Article","@id":"https:\/\/lyonbondyblog.fr\/LBB\/chronique-judiciaire-vos-papiers-sil-vous-plait\/#article","isPartOf":{"@id":"https:\/\/lyonbondyblog.fr\/LBB\/chronique-judiciaire-vos-papiers-sil-vous-plait\/"},"author":{"name":"Cindy Da Silva","@id":"https:\/\/lyonbondyblog.fr\/LBB\/#\/schema\/person\/05a48e5d3b925c658a4b6146cbab6138"},"headline":"Chronique Judiciaire : Vos papiers s&rsquo;il vous plait !","datePublished":"2018-07-23T12:31:11+00:00","dateModified":"2018-07-23T12:31:11+00:00","mainEntityOfPage":{"@id":"https:\/\/lyonbondyblog.fr\/LBB\/chronique-judiciaire-vos-papiers-sil-vous-plait\/"},"wordCount":865,"commentCount":0,"publisher":{"@id":"https:\/\/lyonbondyblog.fr\/LBB\/#organization"},"image":{"@id":"https:\/\/lyonbondyblog.fr\/LBB\/chronique-judiciaire-vos-papiers-sil-vous-plait\/#primaryimage"},"thumbnailUrl":"https:\/\/lyonbondyblog.fr\/LBB\/wp-content\/uploads\/2018\/03\/justicefiction_visuel-750x420-1.jpg","articleSection":["Chronique judiciaire","Lyon"],"inLanguage":"fr-FR","potentialAction":[{"@type":"CommentAction","name":"Comment","target":["https:\/\/lyonbondyblog.fr\/LBB\/chronique-judiciaire-vos-papiers-sil-vous-plait\/#respond"]}]},{"@type":"WebPage","@id":"https:\/\/lyonbondyblog.fr\/LBB\/chronique-judiciaire-vos-papiers-sil-vous-plait\/","url":"https:\/\/lyonbondyblog.fr\/LBB\/chronique-judiciaire-vos-papiers-sil-vous-plait\/","name":"Chronique Judiciaire : Vos papiers s'il vous plait ! - Lyon Bondy Blog","isPartOf":{"@id":"https:\/\/lyonbondyblog.fr\/LBB\/#website"},"primaryImageOfPage":{"@id":"https:\/\/lyonbondyblog.fr\/LBB\/chronique-judiciaire-vos-papiers-sil-vous-plait\/#primaryimage"},"image":{"@id":"https:\/\/lyonbondyblog.fr\/LBB\/chronique-judiciaire-vos-papiers-sil-vous-plait\/#primaryimage"},"thumbnailUrl":"https:\/\/lyonbondyblog.fr\/LBB\/wp-content\/uploads\/2018\/03\/justicefiction_visuel-750x420-1.jpg","datePublished":"2018-07-23T12:31:11+00:00","dateModified":"2018-07-23T12:31:11+00:00","inLanguage":"fr-FR","potentialAction":[{"@type":"ReadAction","target":["https:\/\/lyonbondyblog.fr\/LBB\/chronique-judiciaire-vos-papiers-sil-vous-plait\/"]}]},{"@type":"ImageObject","inLanguage":"fr-FR","@id":"https:\/\/lyonbondyblog.fr\/LBB\/chronique-judiciaire-vos-papiers-sil-vous-plait\/#primaryimage","url":"https:\/\/lyonbondyblog.fr\/LBB\/wp-content\/uploads\/2018\/03\/justicefiction_visuel-750x420-1.jpg","contentUrl":"https:\/\/lyonbondyblog.fr\/LBB\/wp-content\/uploads\/2018\/03\/justicefiction_visuel-750x420-1.jpg","width":"750","height":"420"},{"@type":"WebSite","@id":"https:\/\/lyonbondyblog.fr\/LBB\/#website","url":"https:\/\/lyonbondyblog.fr\/LBB\/","name":"Lyon Bondy Blog","description":"","publisher":{"@id":"https:\/\/lyonbondyblog.fr\/LBB\/#organization"},"potentialAction":[{"@type":"SearchAction","target":{"@type":"EntryPoint","urlTemplate":"https:\/\/lyonbondyblog.fr\/LBB\/?s={search_term_string}"},"query-input":"required name=search_term_string"}],"inLanguage":"fr-FR"},{"@type":"Organization","@id":"https:\/\/lyonbondyblog.fr\/LBB\/#organization","name":"LYON BONDY BLOG","url":"https:\/\/lyonbondyblog.fr\/LBB\/","logo":{"@type":"ImageObject","inLanguage":"fr-FR","@id":"https:\/\/lyonbondyblog.fr\/LBB\/#\/schema\/logo\/image\/","url":"http:\/\/lyonbondyblog.fr\/LBB\/wp-content\/uploads\/2014\/10\/logo-portable-144.png","contentUrl":"http:\/\/lyonbondyblog.fr\/LBB\/wp-content\/uploads\/2014\/10\/logo-portable-144.png","width":144,"height":123,"caption":"LYON BONDY BLOG"},"image":{"@id":"https:\/\/lyonbondyblog.fr\/LBB\/#\/schema\/logo\/image\/"},"sameAs":["https:\/\/www.facebook.com\/lyonbondyblog","https:\/\/x.com\/bondybloglyon"]},{"@type":"Person","@id":"https:\/\/lyonbondyblog.fr\/LBB\/#\/schema\/person\/05a48e5d3b925c658a4b6146cbab6138","name":"Cindy Da Silva","url":"https:\/\/lyonbondyblog.fr\/LBB\/author\/cindy_dasilva\/"}]}},"_links":{"self":[{"href":"https:\/\/lyonbondyblog.fr\/LBB\/wp-json\/wp\/v2\/posts\/13680","targetHints":{"allow":["GET"]}}],"collection":[{"href":"https:\/\/lyonbondyblog.fr\/LBB\/wp-json\/wp\/v2\/posts"}],"about":[{"href":"https:\/\/lyonbondyblog.fr\/LBB\/wp-json\/wp\/v2\/types\/post"}],"author":[{"embeddable":true,"href":"https:\/\/lyonbondyblog.fr\/LBB\/wp-json\/wp\/v2\/users\/7093"}],"replies":[{"embeddable":true,"href":"https:\/\/lyonbondyblog.fr\/LBB\/wp-json\/wp\/v2\/comments?post=13680"}],"version-history":[{"count":4,"href":"https:\/\/lyonbondyblog.fr\/LBB\/wp-json\/wp\/v2\/posts\/13680\/revisions"}],"predecessor-version":[{"id":13749,"href":"https:\/\/lyonbondyblog.fr\/LBB\/wp-json\/wp\/v2\/posts\/13680\/revisions\/13749"}],"wp:featuredmedia":[{"embeddable":true,"href":"https:\/\/lyonbondyblog.fr\/LBB\/wp-json\/wp\/v2\/media\/12755"}],"wp:attachment":[{"href":"https:\/\/lyonbondyblog.fr\/LBB\/wp-json\/wp\/v2\/media?parent=13680"}],"wp:term":[{"taxonomy":"category","embeddable":true,"href":"https:\/\/lyonbondyblog.fr\/LBB\/wp-json\/wp\/v2\/categories?post=13680"},{"taxonomy":"post_tag","embeddable":true,"href":"https:\/\/lyonbondyblog.fr\/LBB\/wp-json\/wp\/v2\/tags?post=13680"}],"curies":[{"name":"wp","href":"https:\/\/api.w.org\/{rel}","templated":true}]}}