{"id":13580,"date":"2018-07-02T10:38:40","date_gmt":"2018-07-02T08:38:40","guid":{"rendered":"http:\/\/lyonbondyblog.fr\/LBB\/?p=13580"},"modified":"2018-07-02T11:58:10","modified_gmt":"2018-07-02T09:58:10","slug":"operations-de-maintien-de-la-paix-de-lonu-journee-dhommage-aux-casques-bleus-pour-le-70eme-anniversaire","status":"publish","type":"post","link":"https:\/\/lyonbondyblog.fr\/LBB\/operations-de-maintien-de-la-paix-de-lonu-journee-dhommage-aux-casques-bleus-pour-le-70eme-anniversaire\/","title":{"rendered":"Op\u00e9rations de maintien de La paix de l\u2019ONU\u00a0: journ\u00e9e d\u2019hommage aux Casques bleus pour le 70\u00e8me anniversaire"},"content":{"rendered":"<p style=\"text-align: justify;\"><em>\u00ab&nbsp;70 ann\u00e9es de service et de sacrifice&nbsp;\u00bb. C\u2019est par ce th\u00e8me que l\u2019Organisation des Nations Unies (ONU) a d\u00e9cid\u00e9 d\u2019honorer les Casques bleus, au palais des Nations, \u00e0 Gen\u00e8ve, lors de la Journ\u00e9e internationale des Casques bleus ce jeudi 31 mai. Une journ\u00e9e c\u00e9r\u00e9moniale charg\u00e9e de sens pour les militaires de l\u2019Association internationale des soldats de la paix (AISP), bas\u00e9e \u00e0 Lyon.<\/em><\/p>\n<p style=\"text-align: justify;\">&nbsp;<\/p>\n<p style=\"text-align: justify;\">La force de maintien de la paix de l\u2019Organisation des Nations unies n\u2019est pas une arm\u00e9e ni une ONG humanitaire, mais bien un outil unique et essentiel au maintien de la paix, gr\u00e2ce \u00e0 des actions de long terme, comme dans les 16 objectifs du d\u00e9veloppement. C\u2019est une force qui se veut paritaire et qui est constitu\u00e9e de soldats de 124 pays diff\u00e9rents.<\/p>\n<p style=\"text-align: justify;\">La journ\u00e9e commence avec une premi\u00e8re conf\u00e9rence donn\u00e9e par Laurent Attar-Bayrou, ancien Casque bleu et fondateur de l\u2019AISP, laquelle f\u00eate ses 30 ans. On salue l\u2019arriv\u00e9e du drapeau de l\u2019ONU mais aussi celle du casque bleu, symbolisant tous les fr\u00e8res disparus. Ce casque suivra la d\u00e9l\u00e9gation tout au long de la journ\u00e9e. M. Attar-Bayrou donne un discours sur le r\u00f4le de l\u2019AISP, son organisation. Cette derni\u00e8re fut cr\u00e9\u00e9e pour rassembler d\u2019anciens soldats de la paix, mais aussi pour apprendre les valeurs de la paix aux jeunes afin de ne plus revivre les horreurs de la guerre. Pour cela, l\u2019association a mis en place 6 programmes de formation plus ou moins cons\u00e9quents.<\/p>\n<p style=\"text-align: justify;\">Le premier est environnemental&nbsp;: son objectif est de former d\u2019anciens militaires au m\u00e9tier de gardes et gestionnaires d\u2019espaces naturels.<\/p>\n<p style=\"text-align: justify;\">L\u2019AISP-Mines est le deuxi\u00e8me, qui forme au d\u00e9minage depuis 2001 avec des actions pour permettre la r\u00e9habilitation d\u2019espaces min\u00e9s.<\/p>\n<p style=\"text-align: justify;\">Le troisi\u00e8me est un programme humanitaire, qui m\u00e8ne des campagnes de vaccination \u2013 comme au Rwanda avec 50 000 enfants vaccin\u00e9s \u2013 mais aussi de construction et restauration d\u2019\u00e9coles et h\u00f4pitaux.<\/p>\n<p style=\"text-align: justify;\">Le quatri\u00e8me est l\u2019ASSEO, pour l\u2019accueil, le soutien, la solidarit\u00e9, l\u2019\u00e9coute et l\u2019orientation d\u2019anciens militaires. C\u2019est un programme de soutien aux bless\u00e9s physiques et psychiques.<\/p>\n<p style=\"text-align: justify;\">Le cinqui\u00e8me, l\u2019Acad\u00e9mie internationale de la paix, est un programme de formation pour les d\u00e9cideurs et diplomates de demain, destin\u00e9 aux acteurs de la paix, civils comme militaires. Elle a pour objectif de devenir un centre d\u2019excellence en formant des \u00e9lites \u00e0 l&rsquo;int\u00e9gration d&rsquo;organisations internationales.<\/p>\n<p style=\"text-align: justify;\">Le dernier programme est celui des jeunes faiseurs de paix. Initi\u00e9 en Russie, il est maintenant aussi en place en Ukraine et Bi\u00e9lorussie. C\u2019est un programme de formation de jeunes \u00e0 la responsabilit\u00e9 avec des cours sur une dur\u00e9e d&rsquo;un an.<\/p>\n<p style=\"text-align: justify;\">Au terme de cette conf\u00e9rence donn\u00e9e par M. Attar Bayrou, un casque bleu fran\u00e7ais est donn\u00e9 \u00e0 la d\u00e9l\u00e9gation tch\u00e8que pour le nouveau mus\u00e9e des Soldats de la paix en R\u00e9publique Tch\u00e8que. Une \u00e9quipe de l\u2019ISCOM (Lyon) est remerci\u00e9e pour son travail de communication en vue de l\u2019expansion de ce programme.<\/p>\n<p style=\"text-align: justify;\">La premi\u00e8re c\u00e9r\u00e9monie a lieu sur l\u2019esplanade du palais des Nations. Le groupe de Casques bleus entre au pas, dirig\u00e9 par un soldat de la paix s\u00e9n\u00e9galais. On y d\u00e9core quatre soldats du prix Nobel de la paix, donn\u00e9 aux Casque bleus en 1988. Une chorale de jeunes faiseurs de paix russes accompagne cette c\u00e9r\u00e9monie par des chants traditionnels.<\/p>\n<p style=\"text-align: justify;\">Ensuite, la d\u00e9l\u00e9gation se d\u00e9place dans les jardins, afin de lever le drapeau de l\u2019ONU, symbole de paix, et de d\u00e9poser une gerbe pour les morts au combat. Corinne Momal-Vanian, directrice des conf\u00e9rences \u00e0 l\u2019ONU, donne un discours pour le Directeur g\u00e9n\u00e9ral des Nations unies \u00e0 Gen\u00e8ve, Michael M\u00f8ller. Elle souligne l\u2019importance des Casques bleus dans le monde et leurs multiples facettes, notamment humanitaires. Laurent Attar-Bayrou d\u00e9livre un message en l\u2019honneur de ses fr\u00e8res disparus, apr\u00e8s avoir observ\u00e9 une minute de silence. Il d\u00e9clare&nbsp;: <em>\u00ab&nbsp;[le r\u00eave des Casques bleus] est l\u2019utopie d\u2019un monde o\u00f9 il n\u2019y aurait pas besoin de soldats de la paix, celle d\u2019un monde o\u00f9 leurs proches n\u2019auraient pas \u00e0 les pleurer, celle d\u2019un monde o\u00f9 le mot paix n\u2019aurait pas besoin d\u2019exister&nbsp;\u00bb<\/em>.<\/p>\n<p style=\"text-align: justify;\">La journ\u00e9e se termine par une derni\u00e8re conf\u00e9rence officielle. Ant\u00f3nio Guterres, Secr\u00e9taire g\u00e9n\u00e9ral des Nations unies, d\u00e9livre un message vid\u00e9o dans lequel il exprime sa solidarit\u00e9 envers l\u2019ensemble des Casques bleus, en soulignant leur r\u00e9cent travail, dans les zones o\u00f9 ils sont affect\u00e9s, contre les attaques et le harc\u00e8lement sexuel. Michael M\u00f8ller s\u2019exprime ensuite, rappelant la premi\u00e8re mission des Casques bleus, le 29 mai 1948, pour observer la tr\u00eave entre Isra\u00ebl et ses voisins. Il rend hommage aux 3 733 soldats de la paix morts sur le terrain<span style=\"text-decoration: line-through;\">,<\/span> et explique que les Casques bleus sont indispensables \u00e0 la paix, \u00e0 la d\u00e9fense des citoyens, des droits humains et parfois des \u00e9lections. En effet il dit que les Soldats de la paix sont de plus en plus cibl\u00e9s et on compte 37 soldats morts au combat depuis le d\u00e9but de l&rsquo;ann\u00e9e 2018.<\/p>\n<p style=\"text-align: justify;\">Apr\u00e8s lui, M. Attar-Bayrou s\u2019exprime pour expliquer que la Journ\u00e9e internationale des Casques bleus est en l\u2019honneur des 3 733 disparus. Selon lui, <em>\u00ab&nbsp;la poursuite de la paix et du progr\u00e8s [\u2026] ne peut jamais \u00eatre paisible ni abandonn\u00e9e&nbsp;\u00bb<\/em>. Le service et le sacrifice des soldats de la paix sont donc bien une r\u00e9alit\u00e9&nbsp;: depuis 1948, les Casques bleus ont aid\u00e9 de nombreux pays \u00e0 passer de la guerre \u00e0 la paix dans ce qui est pour lui l\u2019id\u00e9al kantien de paix perp\u00e9tuelle Les missions sont certes de plus en plus dangereuses et complexes de part la pr\u00e9sence d\u2019un ennemi non-d\u00e9fini et il faut donc r\u00e9former l\u2019organisation. L\u2019ONU ayant \u00e9t\u00e9 cr\u00e9\u00e9e pour pr\u00e9server les g\u00e9n\u00e9rations futures du fl\u00e9au de la guerre, l\u2019action des Casques bleus en est digne, nous dit M. Attar-Bayrou. Les anciens Casques bleus membres de l\u2019AISP se veulent d\u2019honorables repr\u00e9sentants de tous leurs fr\u00e8res.<\/p>\n<p style=\"text-align: justify;\">Le g\u00e9n\u00e9ral Baillaud, ancien commandant adjoint de la Mission de l&rsquo;Organisation des Nations unies pour la stabilisation en R\u00e9publique d\u00e9mocratique du Congo (MONUSCO) est le dernier \u00e0 s\u2019exprimer. Lui qui a servi la France, l\u2019OTAN et l\u2019ONU, et a command\u00e9 20 000 Casques bleus au Congo il y a deux ans avant de rendre les armes en prenant sa retraite, tient \u00e0 pr\u00e9ciser, depuis son exp\u00e9rience du terrain, que la composante militaire n\u2019est pas la seule chez les soldats de la paix. En effet, il lui est arriv\u00e9 de voir repartir un h\u00e9licopt\u00e8re de secours des Casques bleus prenant en charge des bless\u00e9s tant chez les soldats de la paix que chez les rebelles et les forces congolaises Sur place, nous dit-il, ils ont aussi aid\u00e9 \u00e0 l\u2019acc\u00e8s aux zones enclav\u00e9es toujours en s\u2019entretenant avec les locaux. Leur travail est f\u00e9licit\u00e9 par les ambassadeurs maliens et qui t\u00e9moignent leur gratitude envers cette organisation qui a aid\u00e9 \u00e0 la stabilisation de leur pays. L\u2019ambassadeur du Congo, pr\u00e9sent, ne s\u2019est pas exprim\u00e9.<\/p>\n<p style=\"text-align: justify;\">La conf\u00e9rence s\u2019ach\u00e8ve sur une question d\u2019un ancien Casque bleu de 1983, qui demande une r\u00e9forme pour donner plus souvent des mandats offensifs aux soldats de la paix. Le g\u00e9n\u00e9ral Baillaud lui r\u00e9pond avec son exp\u00e9rience aupr\u00e8s de la MONUSCO, la seule mission ayant re\u00e7u un mandat offensif de neutralisation d\u2019un groupe arm\u00e9, sur une dur\u00e9e de neuf jours. Il souligne le fait qu\u2019un mandat offensif doit \u00eatre limit\u00e9 dans le temps, car l\u2019action au Congo dure toujours et que le but reste de prot\u00e9ger les civils et d\u2019atteindre une paix durable&nbsp;: il faut commencer et terminer le processus. D\u2019ailleurs, selon lui, les soldats de la paix restent une force multilat\u00e9rale compos\u00e9e de membres de 124 pays diff\u00e9rents, il faut donc une r\u00e9forme, mais le sujet des mandats offensifs est ardu. La journ\u00e9e se finit par des chants de la chorale de jeunes Russes faiseurs de paix.<\/p>\n<p style=\"text-align: justify;\">Avec les diff\u00e9rentes allocutions d\u2019anciens soldats, on peut voir que le travail continu des Casques bleus depuis 70 ans est, selon eux, b\u00e9n\u00e9fique et indispensable aux r\u00e9gions dans lequel il a lieu. Cette c\u00e9r\u00e9monie annuelle des Casques bleus est d\u2019une grande importance pour les v\u00e9t\u00e9rans, qui entendent ainsi le t\u00e9moignage de personnages importants de l&rsquo;organisation et observent un recueillement pour leurs fr\u00e8res, leurs amis disparus. C\u2019est aussi pour cette raison que M. J\u00e9r\u00f4me Samuel, ancien soldat de la paix, a effectu\u00e9 une marche de pr\u00e8s de 600 kilom\u00e8tres entre le 1<sup>er<\/sup> et le 22 juin, reliant le palais des Nations de Gen\u00e8ve \u00e0 l\u2019UNESCO, en l\u2019honneur de la fonction de Casque bleu.<\/p>\n<p style=\"text-align: justify;\">&nbsp;<\/p>\n<h4 style=\"text-align: justify;\">Jean Cotte<\/h4>\n<!-- AddThis Advanced Settings generic via filter on the_content --><!-- AddThis Share Buttons generic via filter on the_content -->","protected":false},"excerpt":{"rendered":"<p>\u00ab&nbsp;70 ann\u00e9es de service et de sacrifice&nbsp;\u00bb. C\u2019est par ce th\u00e8me que l\u2019Organisation des Nations Unies (ONU) a d\u00e9cid\u00e9 d\u2019honorer les Casques bleus, au palais &hellip; <!-- AddThis Advanced Settings generic via filter on wp_trim_excerpt --><!-- AddThis Share Buttons generic via filter on wp_trim_excerpt --><\/p>\n","protected":false},"author":1,"featured_media":13581,"comment_status":"open","ping_status":"open","sticky":false,"template":"","format":"standard","meta":{"_FSMCFIC_featured_image_caption":"","_FSMCFIC_featured_image_nocaption":"","_FSMCFIC_featured_image_hide":"","footnotes":""},"categories":[8,9],"tags":[],"class_list":["post-13580","post","type-post","status-publish","format-standard","has-post-thumbnail","hentry","category-france","category-international"],"yoast_head":"<!-- This site is optimized with the Yoast SEO plugin v22.8 - https:\/\/yoast.com\/wordpress\/plugins\/seo\/ -->\n<title>Op\u00e9rations de maintien de La paix de l\u2019ONU\u00a0: journ\u00e9e d\u2019hommage aux Casques bleus pour le 70\u00e8me anniversaire - Lyon Bondy Blog<\/title>\n<meta name=\"robots\" content=\"index, follow, max-snippet:-1, max-image-preview:large, max-video-preview:-1\" \/>\n<link rel=\"canonical\" href=\"https:\/\/lyonbondyblog.fr\/LBB\/operations-de-maintien-de-la-paix-de-lonu-journee-dhommage-aux-casques-bleus-pour-le-70eme-anniversaire\/\" \/>\n<meta property=\"og:locale\" content=\"fr_FR\" \/>\n<meta property=\"og:type\" content=\"article\" \/>\n<meta property=\"og:title\" content=\"Op\u00e9rations de maintien de La paix de l\u2019ONU\u00a0: journ\u00e9e d\u2019hommage aux Casques bleus pour le 70\u00e8me anniversaire - Lyon Bondy Blog\" \/>\n<meta property=\"og:description\" content=\"\u00ab&nbsp;70 ann\u00e9es de service et de sacrifice&nbsp;\u00bb. C\u2019est par ce th\u00e8me que l\u2019Organisation des Nations Unies (ONU) a d\u00e9cid\u00e9 d\u2019honorer les Casques bleus, au palais &hellip;\" \/>\n<meta property=\"og:url\" content=\"https:\/\/lyonbondyblog.fr\/LBB\/operations-de-maintien-de-la-paix-de-lonu-journee-dhommage-aux-casques-bleus-pour-le-70eme-anniversaire\/\" \/>\n<meta property=\"og:site_name\" content=\"Lyon Bondy Blog\" \/>\n<meta property=\"article:publisher\" content=\"https:\/\/www.facebook.com\/lyonbondyblog\" \/>\n<meta property=\"article:author\" content=\"https:\/\/www.facebook.com\/lyonbondyblog\" \/>\n<meta property=\"article:published_time\" content=\"2018-07-02T08:38:40+00:00\" \/>\n<meta property=\"article:modified_time\" content=\"2018-07-02T09:58:10+00:00\" \/>\n<meta property=\"og:image\" content=\"https:\/\/lyonbondyblog.fr\/LBB\/wp-content\/uploads\/2018\/07\/flag-3158666_1920.jpg\" \/>\n\t<meta property=\"og:image:width\" content=\"1920\" \/>\n\t<meta property=\"og:image:height\" content=\"1280\" \/>\n\t<meta property=\"og:image:type\" content=\"image\/jpeg\" \/>\n<meta name=\"author\" content=\"La r\u00e9daction\" \/>\n<meta name=\"twitter:card\" content=\"summary_large_image\" \/>\n<meta name=\"twitter:creator\" content=\"@BondyBlogLyon\" \/>\n<meta name=\"twitter:site\" content=\"@bondybloglyon\" \/>\n<script type=\"application\/ld+json\" class=\"yoast-schema-graph\">{\"@context\":\"https:\/\/schema.org\",\"@graph\":[{\"@type\":\"Article\",\"@id\":\"https:\/\/lyonbondyblog.fr\/LBB\/operations-de-maintien-de-la-paix-de-lonu-journee-dhommage-aux-casques-bleus-pour-le-70eme-anniversaire\/#article\",\"isPartOf\":{\"@id\":\"https:\/\/lyonbondyblog.fr\/LBB\/operations-de-maintien-de-la-paix-de-lonu-journee-dhommage-aux-casques-bleus-pour-le-70eme-anniversaire\/\"},\"author\":{\"name\":\"La r\u00e9daction\",\"@id\":\"https:\/\/lyonbondyblog.fr\/LBB\/#\/schema\/person\/e45f8d27baac75072daa0be50c409b25\"},\"headline\":\"Op\u00e9rations de maintien de La paix de l\u2019ONU\u00a0: journ\u00e9e d\u2019hommage aux Casques bleus pour le 70\u00e8me anniversaire\",\"datePublished\":\"2018-07-02T08:38:40+00:00\",\"dateModified\":\"2018-07-02T09:58:10+00:00\",\"mainEntityOfPage\":{\"@id\":\"https:\/\/lyonbondyblog.fr\/LBB\/operations-de-maintien-de-la-paix-de-lonu-journee-dhommage-aux-casques-bleus-pour-le-70eme-anniversaire\/\"},\"wordCount\":1590,\"commentCount\":0,\"publisher\":{\"@id\":\"https:\/\/lyonbondyblog.fr\/LBB\/#organization\"},\"image\":{\"@id\":\"https:\/\/lyonbondyblog.fr\/LBB\/operations-de-maintien-de-la-paix-de-lonu-journee-dhommage-aux-casques-bleus-pour-le-70eme-anniversaire\/#primaryimage\"},\"thumbnailUrl\":\"https:\/\/lyonbondyblog.fr\/LBB\/wp-content\/uploads\/2018\/07\/flag-3158666_1920.jpg\",\"articleSection\":[\"France\",\"International\"],\"inLanguage\":\"fr-FR\",\"potentialAction\":[{\"@type\":\"CommentAction\",\"name\":\"Comment\",\"target\":[\"https:\/\/lyonbondyblog.fr\/LBB\/operations-de-maintien-de-la-paix-de-lonu-journee-dhommage-aux-casques-bleus-pour-le-70eme-anniversaire\/#respond\"]}]},{\"@type\":\"WebPage\",\"@id\":\"https:\/\/lyonbondyblog.fr\/LBB\/operations-de-maintien-de-la-paix-de-lonu-journee-dhommage-aux-casques-bleus-pour-le-70eme-anniversaire\/\",\"url\":\"https:\/\/lyonbondyblog.fr\/LBB\/operations-de-maintien-de-la-paix-de-lonu-journee-dhommage-aux-casques-bleus-pour-le-70eme-anniversaire\/\",\"name\":\"Op\u00e9rations de maintien de La paix de l\u2019ONU\u00a0: journ\u00e9e d\u2019hommage aux Casques bleus pour le 70\u00e8me anniversaire - Lyon Bondy Blog\",\"isPartOf\":{\"@id\":\"https:\/\/lyonbondyblog.fr\/LBB\/#website\"},\"primaryImageOfPage\":{\"@id\":\"https:\/\/lyonbondyblog.fr\/LBB\/operations-de-maintien-de-la-paix-de-lonu-journee-dhommage-aux-casques-bleus-pour-le-70eme-anniversaire\/#primaryimage\"},\"image\":{\"@id\":\"https:\/\/lyonbondyblog.fr\/LBB\/operations-de-maintien-de-la-paix-de-lonu-journee-dhommage-aux-casques-bleus-pour-le-70eme-anniversaire\/#primaryimage\"},\"thumbnailUrl\":\"https:\/\/lyonbondyblog.fr\/LBB\/wp-content\/uploads\/2018\/07\/flag-3158666_1920.jpg\",\"datePublished\":\"2018-07-02T08:38:40+00:00\",\"dateModified\":\"2018-07-02T09:58:10+00:00\",\"inLanguage\":\"fr-FR\",\"potentialAction\":[{\"@type\":\"ReadAction\",\"target\":[\"https:\/\/lyonbondyblog.fr\/LBB\/operations-de-maintien-de-la-paix-de-lonu-journee-dhommage-aux-casques-bleus-pour-le-70eme-anniversaire\/\"]}]},{\"@type\":\"ImageObject\",\"inLanguage\":\"fr-FR\",\"@id\":\"https:\/\/lyonbondyblog.fr\/LBB\/operations-de-maintien-de-la-paix-de-lonu-journee-dhommage-aux-casques-bleus-pour-le-70eme-anniversaire\/#primaryimage\",\"url\":\"https:\/\/lyonbondyblog.fr\/LBB\/wp-content\/uploads\/2018\/07\/flag-3158666_1920.jpg\",\"contentUrl\":\"https:\/\/lyonbondyblog.fr\/LBB\/wp-content\/uploads\/2018\/07\/flag-3158666_1920.jpg\",\"width\":\"1920\",\"height\":\"1280\"},{\"@type\":\"WebSite\",\"@id\":\"https:\/\/lyonbondyblog.fr\/LBB\/#website\",\"url\":\"https:\/\/lyonbondyblog.fr\/LBB\/\",\"name\":\"Lyon Bondy Blog\",\"description\":\"\",\"publisher\":{\"@id\":\"https:\/\/lyonbondyblog.fr\/LBB\/#organization\"},\"potentialAction\":[{\"@type\":\"SearchAction\",\"target\":{\"@type\":\"EntryPoint\",\"urlTemplate\":\"https:\/\/lyonbondyblog.fr\/LBB\/?s={search_term_string}\"},\"query-input\":\"required name=search_term_string\"}],\"inLanguage\":\"fr-FR\"},{\"@type\":\"Organization\",\"@id\":\"https:\/\/lyonbondyblog.fr\/LBB\/#organization\",\"name\":\"LYON BONDY BLOG\",\"url\":\"https:\/\/lyonbondyblog.fr\/LBB\/\",\"logo\":{\"@type\":\"ImageObject\",\"inLanguage\":\"fr-FR\",\"@id\":\"https:\/\/lyonbondyblog.fr\/LBB\/#\/schema\/logo\/image\/\",\"url\":\"http:\/\/lyonbondyblog.fr\/LBB\/wp-content\/uploads\/2014\/10\/logo-portable-144.png\",\"contentUrl\":\"http:\/\/lyonbondyblog.fr\/LBB\/wp-content\/uploads\/2014\/10\/logo-portable-144.png\",\"width\":144,\"height\":123,\"caption\":\"LYON BONDY BLOG\"},\"image\":{\"@id\":\"https:\/\/lyonbondyblog.fr\/LBB\/#\/schema\/logo\/image\/\"},\"sameAs\":[\"https:\/\/www.facebook.com\/lyonbondyblog\",\"https:\/\/x.com\/bondybloglyon\"]},{\"@type\":\"Person\",\"@id\":\"https:\/\/lyonbondyblog.fr\/LBB\/#\/schema\/person\/e45f8d27baac75072daa0be50c409b25\",\"name\":\"La r\u00e9daction\",\"description\":\"Cr\u00e9e en 2008, la r\u00e9daction du Lyon Bondy Blog s'applique \u00e0 proposer une information locale diff\u00e9rente et compl\u00e9mentaire des m\u00e9dias traditionnels.\",\"sameAs\":[\"https:\/\/www.facebook.com\/lyonbondyblog\",\"https:\/\/x.com\/BondyBlogLyon\"],\"url\":\"https:\/\/lyonbondyblog.fr\/LBB\/author\/admin\/\"}]}<\/script>\n<!-- \/ Yoast SEO plugin. -->","yoast_head_json":{"title":"Op\u00e9rations de maintien de La paix de l\u2019ONU\u00a0: journ\u00e9e d\u2019hommage aux Casques bleus pour le 70\u00e8me anniversaire - Lyon Bondy Blog","robots":{"index":"index","follow":"follow","max-snippet":"max-snippet:-1","max-image-preview":"max-image-preview:large","max-video-preview":"max-video-preview:-1"},"canonical":"https:\/\/lyonbondyblog.fr\/LBB\/operations-de-maintien-de-la-paix-de-lonu-journee-dhommage-aux-casques-bleus-pour-le-70eme-anniversaire\/","og_locale":"fr_FR","og_type":"article","og_title":"Op\u00e9rations de maintien de La paix de l\u2019ONU\u00a0: journ\u00e9e d\u2019hommage aux Casques bleus pour le 70\u00e8me anniversaire - Lyon Bondy Blog","og_description":"\u00ab&nbsp;70 ann\u00e9es de service et de sacrifice&nbsp;\u00bb. C\u2019est par ce th\u00e8me que l\u2019Organisation des Nations Unies (ONU) a d\u00e9cid\u00e9 d\u2019honorer les Casques bleus, au palais &hellip;","og_url":"https:\/\/lyonbondyblog.fr\/LBB\/operations-de-maintien-de-la-paix-de-lonu-journee-dhommage-aux-casques-bleus-pour-le-70eme-anniversaire\/","og_site_name":"Lyon Bondy Blog","article_publisher":"https:\/\/www.facebook.com\/lyonbondyblog","article_author":"https:\/\/www.facebook.com\/lyonbondyblog","article_published_time":"2018-07-02T08:38:40+00:00","article_modified_time":"2018-07-02T09:58:10+00:00","og_image":[{"width":"1920","height":"1280","url":"https:\/\/lyonbondyblog.fr\/LBB\/wp-content\/uploads\/2018\/07\/flag-3158666_1920.jpg","type":"image\/jpeg"}],"author":"La r\u00e9daction","twitter_card":"summary_large_image","twitter_creator":"@BondyBlogLyon","twitter_site":"@bondybloglyon","schema":{"@context":"https:\/\/schema.org","@graph":[{"@type":"Article","@id":"https:\/\/lyonbondyblog.fr\/LBB\/operations-de-maintien-de-la-paix-de-lonu-journee-dhommage-aux-casques-bleus-pour-le-70eme-anniversaire\/#article","isPartOf":{"@id":"https:\/\/lyonbondyblog.fr\/LBB\/operations-de-maintien-de-la-paix-de-lonu-journee-dhommage-aux-casques-bleus-pour-le-70eme-anniversaire\/"},"author":{"name":"La r\u00e9daction","@id":"https:\/\/lyonbondyblog.fr\/LBB\/#\/schema\/person\/e45f8d27baac75072daa0be50c409b25"},"headline":"Op\u00e9rations de maintien de La paix de l\u2019ONU\u00a0: journ\u00e9e d\u2019hommage aux Casques bleus pour le 70\u00e8me anniversaire","datePublished":"2018-07-02T08:38:40+00:00","dateModified":"2018-07-02T09:58:10+00:00","mainEntityOfPage":{"@id":"https:\/\/lyonbondyblog.fr\/LBB\/operations-de-maintien-de-la-paix-de-lonu-journee-dhommage-aux-casques-bleus-pour-le-70eme-anniversaire\/"},"wordCount":1590,"commentCount":0,"publisher":{"@id":"https:\/\/lyonbondyblog.fr\/LBB\/#organization"},"image":{"@id":"https:\/\/lyonbondyblog.fr\/LBB\/operations-de-maintien-de-la-paix-de-lonu-journee-dhommage-aux-casques-bleus-pour-le-70eme-anniversaire\/#primaryimage"},"thumbnailUrl":"https:\/\/lyonbondyblog.fr\/LBB\/wp-content\/uploads\/2018\/07\/flag-3158666_1920.jpg","articleSection":["France","International"],"inLanguage":"fr-FR","potentialAction":[{"@type":"CommentAction","name":"Comment","target":["https:\/\/lyonbondyblog.fr\/LBB\/operations-de-maintien-de-la-paix-de-lonu-journee-dhommage-aux-casques-bleus-pour-le-70eme-anniversaire\/#respond"]}]},{"@type":"WebPage","@id":"https:\/\/lyonbondyblog.fr\/LBB\/operations-de-maintien-de-la-paix-de-lonu-journee-dhommage-aux-casques-bleus-pour-le-70eme-anniversaire\/","url":"https:\/\/lyonbondyblog.fr\/LBB\/operations-de-maintien-de-la-paix-de-lonu-journee-dhommage-aux-casques-bleus-pour-le-70eme-anniversaire\/","name":"Op\u00e9rations de maintien de La paix de l\u2019ONU\u00a0: journ\u00e9e d\u2019hommage aux Casques bleus pour le 70\u00e8me anniversaire - Lyon Bondy Blog","isPartOf":{"@id":"https:\/\/lyonbondyblog.fr\/LBB\/#website"},"primaryImageOfPage":{"@id":"https:\/\/lyonbondyblog.fr\/LBB\/operations-de-maintien-de-la-paix-de-lonu-journee-dhommage-aux-casques-bleus-pour-le-70eme-anniversaire\/#primaryimage"},"image":{"@id":"https:\/\/lyonbondyblog.fr\/LBB\/operations-de-maintien-de-la-paix-de-lonu-journee-dhommage-aux-casques-bleus-pour-le-70eme-anniversaire\/#primaryimage"},"thumbnailUrl":"https:\/\/lyonbondyblog.fr\/LBB\/wp-content\/uploads\/2018\/07\/flag-3158666_1920.jpg","datePublished":"2018-07-02T08:38:40+00:00","dateModified":"2018-07-02T09:58:10+00:00","inLanguage":"fr-FR","potentialAction":[{"@type":"ReadAction","target":["https:\/\/lyonbondyblog.fr\/LBB\/operations-de-maintien-de-la-paix-de-lonu-journee-dhommage-aux-casques-bleus-pour-le-70eme-anniversaire\/"]}]},{"@type":"ImageObject","inLanguage":"fr-FR","@id":"https:\/\/lyonbondyblog.fr\/LBB\/operations-de-maintien-de-la-paix-de-lonu-journee-dhommage-aux-casques-bleus-pour-le-70eme-anniversaire\/#primaryimage","url":"https:\/\/lyonbondyblog.fr\/LBB\/wp-content\/uploads\/2018\/07\/flag-3158666_1920.jpg","contentUrl":"https:\/\/lyonbondyblog.fr\/LBB\/wp-content\/uploads\/2018\/07\/flag-3158666_1920.jpg","width":"1920","height":"1280"},{"@type":"WebSite","@id":"https:\/\/lyonbondyblog.fr\/LBB\/#website","url":"https:\/\/lyonbondyblog.fr\/LBB\/","name":"Lyon Bondy Blog","description":"","publisher":{"@id":"https:\/\/lyonbondyblog.fr\/LBB\/#organization"},"potentialAction":[{"@type":"SearchAction","target":{"@type":"EntryPoint","urlTemplate":"https:\/\/lyonbondyblog.fr\/LBB\/?s={search_term_string}"},"query-input":"required name=search_term_string"}],"inLanguage":"fr-FR"},{"@type":"Organization","@id":"https:\/\/lyonbondyblog.fr\/LBB\/#organization","name":"LYON BONDY BLOG","url":"https:\/\/lyonbondyblog.fr\/LBB\/","logo":{"@type":"ImageObject","inLanguage":"fr-FR","@id":"https:\/\/lyonbondyblog.fr\/LBB\/#\/schema\/logo\/image\/","url":"http:\/\/lyonbondyblog.fr\/LBB\/wp-content\/uploads\/2014\/10\/logo-portable-144.png","contentUrl":"http:\/\/lyonbondyblog.fr\/LBB\/wp-content\/uploads\/2014\/10\/logo-portable-144.png","width":144,"height":123,"caption":"LYON BONDY BLOG"},"image":{"@id":"https:\/\/lyonbondyblog.fr\/LBB\/#\/schema\/logo\/image\/"},"sameAs":["https:\/\/www.facebook.com\/lyonbondyblog","https:\/\/x.com\/bondybloglyon"]},{"@type":"Person","@id":"https:\/\/lyonbondyblog.fr\/LBB\/#\/schema\/person\/e45f8d27baac75072daa0be50c409b25","name":"La r\u00e9daction","description":"Cr\u00e9e en 2008, la r\u00e9daction du Lyon Bondy Blog s'applique \u00e0 proposer une information locale diff\u00e9rente et compl\u00e9mentaire des m\u00e9dias traditionnels.","sameAs":["https:\/\/www.facebook.com\/lyonbondyblog","https:\/\/x.com\/BondyBlogLyon"],"url":"https:\/\/lyonbondyblog.fr\/LBB\/author\/admin\/"}]}},"_links":{"self":[{"href":"https:\/\/lyonbondyblog.fr\/LBB\/wp-json\/wp\/v2\/posts\/13580","targetHints":{"allow":["GET"]}}],"collection":[{"href":"https:\/\/lyonbondyblog.fr\/LBB\/wp-json\/wp\/v2\/posts"}],"about":[{"href":"https:\/\/lyonbondyblog.fr\/LBB\/wp-json\/wp\/v2\/types\/post"}],"author":[{"embeddable":true,"href":"https:\/\/lyonbondyblog.fr\/LBB\/wp-json\/wp\/v2\/users\/1"}],"replies":[{"embeddable":true,"href":"https:\/\/lyonbondyblog.fr\/LBB\/wp-json\/wp\/v2\/comments?post=13580"}],"version-history":[{"count":2,"href":"https:\/\/lyonbondyblog.fr\/LBB\/wp-json\/wp\/v2\/posts\/13580\/revisions"}],"predecessor-version":[{"id":13583,"href":"https:\/\/lyonbondyblog.fr\/LBB\/wp-json\/wp\/v2\/posts\/13580\/revisions\/13583"}],"wp:featuredmedia":[{"embeddable":true,"href":"https:\/\/lyonbondyblog.fr\/LBB\/wp-json\/wp\/v2\/media\/13581"}],"wp:attachment":[{"href":"https:\/\/lyonbondyblog.fr\/LBB\/wp-json\/wp\/v2\/media?parent=13580"}],"wp:term":[{"taxonomy":"category","embeddable":true,"href":"https:\/\/lyonbondyblog.fr\/LBB\/wp-json\/wp\/v2\/categories?post=13580"},{"taxonomy":"post_tag","embeddable":true,"href":"https:\/\/lyonbondyblog.fr\/LBB\/wp-json\/wp\/v2\/tags?post=13580"}],"curies":[{"name":"wp","href":"https:\/\/api.w.org\/{rel}","templated":true}]}}