{"id":13530,"date":"2018-06-26T09:36:43","date_gmt":"2018-06-26T07:36:43","guid":{"rendered":"http:\/\/lyonbondyblog.fr\/LBB\/?p=13530"},"modified":"2018-06-26T09:44:50","modified_gmt":"2018-06-26T07:44:50","slug":"augmentation-du-prix-de-lalcool-quen-pensent-les-jeunes-lyonnais","status":"publish","type":"post","link":"https:\/\/lyonbondyblog.fr\/LBB\/augmentation-du-prix-de-lalcool-quen-pensent-les-jeunes-lyonnais\/","title":{"rendered":"Augmentation du prix de l\u2019alcool : qu\u2019en pensent les jeunes lyonnais ?"},"content":{"rendered":"<div id=\"mp3jWrap_0\" class=\"mjp-s-wrapper s-graphic unsel-mjp \" style=\"font-size:18px;\"><span id=\"playpause_wrap_mp3j_0\" class=\"wrap_inline_mp3j\" style=\"font-weight:700;\"><span class=\"gfxbutton_mp3j play-mjp\" id=\"playpause_mp3j_0\" style=\"font-size:18px;\">&nbsp;&nbsp;&nbsp;&nbsp;&nbsp;<\/span>&nbsp;<span class=\"group_wrap\"><span class=\"bars_mp3j\"><span class=\"loadB_mp3j\" id=\"load_mp3j_0\"><\/span><span class=\"posbarB_mp3j\" id=\"posbar_mp3j_0\"><\/span><\/span><span class=\"T_mp3j\" id=\"T_mp3j_0\" style=\"font-size:18px;\">Reportage-alcool-wav<\/span><span class=\"indi_mp3j\" style=\"font-size:12.6px;\" id=\"statusMI_0\"><\/span><\/span><span class=\"vol_mp3j flipped\" id=\"vol_mp3j_0\"><\/span><\/span><\/div><span class=\"s-nosolution\" id=\"mp3j_nosolution_0\" style=\"display:none;\"><\/span><script>\nMP3jPLAYLISTS.inline_0 = [\n\t{ name: \"Reportage-alcool-wav\", formats: [\"mp3\"], mp3: \"aHR0cHM6Ly9seW9uYm9uZHlibG9nLmZyL0xCQi93cC1jb250ZW50L3VwbG9hZHMvMjAxOC8wNi9SZXBvcnRhZ2UtYWxjb29sLXdhdi5tcDM=\", counterpart:\"\", artist: \"\", image: \"\", imgurl: \"\" }\n];\n<\/script>\n\n<script>MP3jPLAYERS[0] = { list: MP3jPLAYLISTS.inline_0, tr:0, type:'single', lstate:'', loop:false, play_txt:'&nbsp;&nbsp;&nbsp;&nbsp;&nbsp;', pause_txt:'&nbsp;&nbsp;&nbsp;&nbsp;&nbsp;', pp_title:'', autoplay:false, download:false, vol:85, height:'' };<\/script>\n<p style=\"text-align: justify\"><em>En mai dernier, un sondage OpinionWay pour la Ligue nationale contre le Cancer intitul\u00e9 \u00ab\u00a0Les Fran\u00e7ais et la m\u00e9connaissance des risques li\u00e9s \u00e0 l\u2019alcool\u00a0\u00bb a \u00e9t\u00e9 r\u00e9alis\u00e9. Parmi les rubriques, l\u2019une portant sur le jugement concernant les mesures anti-alcool a d\u00e9montr\u00e9 que 62% des 18-24 ans sond\u00e9s seraient favorables \u00e0 l\u2019augmentation du prix de l\u2019alcool. Le LBB s\u2019est rendu place Bellecour pour recueillir l\u2019opinion des jeunes sur les diverses mesures anti-alcool propos\u00e9es.\u00a0<\/em><\/p>\n<figure id=\"attachment_13533\" aria-describedby=\"caption-attachment-13533\" style=\"width: 831px\" class=\"wp-caption aligncenter\"><a href=\"https:\/\/lyonbondyblog.fr\/LBB\/wp-content\/uploads\/2018\/06\/Le-jugement-port\u00e9-sur-les-mesures-anti-alcool.png\"><img loading=\"lazy\" decoding=\"async\" class=\"wp-image-13533 size-full\" src=\"https:\/\/lyonbondyblog.fr\/LBB\/wp-content\/uploads\/2018\/06\/Le-jugement-port\u00e9-sur-les-mesures-anti-alcool.png\" alt=\"\" width=\"831\" height=\"575\" srcset=\"https:\/\/lyonbondyblog.fr\/LBB\/wp-content\/uploads\/2018\/06\/Le-jugement-port\u00e9-sur-les-mesures-anti-alcool.png 831w, https:\/\/lyonbondyblog.fr\/LBB\/wp-content\/uploads\/2018\/06\/Le-jugement-port\u00e9-sur-les-mesures-anti-alcool-300x208.png 300w, https:\/\/lyonbondyblog.fr\/LBB\/wp-content\/uploads\/2018\/06\/Le-jugement-port\u00e9-sur-les-mesures-anti-alcool-768x531.png 768w, https:\/\/lyonbondyblog.fr\/LBB\/wp-content\/uploads\/2018\/06\/Le-jugement-port\u00e9-sur-les-mesures-anti-alcool-600x415.png 600w\" sizes=\"auto, (max-width: 831px) 100vw, 831px\" \/><\/a><figcaption id=\"caption-attachment-13533\" class=\"wp-caption-text\">Diverses mesures anti-alcool ont \u00e9t\u00e9 soumises au jugement des Fran\u00e7ais.<\/figcaption><\/figure>\n<p style=\"text-align: justify\">62% des 18-24 ans seraient favorables \u00e0 une augmentation du prix des produits contenant de l\u2019alcool selon un <a href=\"https:\/\/www.opinion-way.com\/fr\/component\/edocman\/opinionway-pour-la-ligue-contre-le-cancer-les-francais-et-la-meconnaissance-des-risques-lies-a-l-alcool-mai-2018\/viewdocument.html?Itemid=0\">sondage OpinionWay pour la Ligue nationale contre le Cancer<\/a> r\u00e9alis\u00e9 en mai 2018. Si le sondage portait sur la m\u00e9connaissance des risques li\u00e9s \u00e0 l\u2019alcool, c\u2019est la rubrique concernant le jugement port\u00e9 sur les mesures anti-alcool qui a entra\u00een\u00e9 de nombreuses r\u00e9actions. \u00ab\u00a0<em>Les fran\u00e7ais favorables \u00e0 l&rsquo;augmentation du prix de l&rsquo;alcool \u00e9taient bourr\u00e9s<\/em>\u00a0\u00bb ou encore\u00a0: \u00ab\u00a0<em>Pour l&rsquo;augmentation du tabac j&rsquo;ai rien dit. Pour la baisse des APL j&rsquo;ai \u00e9t\u00e9 gentille. Mais pour l&rsquo;alcool je REFUSE<\/em>\u00a0\u00bb, sont quelques-unes des r\u00e9actions suscit\u00e9es sur Twitter chez les jeunes.<\/p>\n<h3 style=\"text-align: justify\">L\u2019augmentation du prix de l\u2019alcool sans int\u00e9r\u00eat pour les jeunes consommateurs<\/h3>\n<p style=\"text-align: justify\">Place Bellecour, le Lyon Bondy Blog a interrog\u00e9 plus d\u2019une dizaine de jeunes afin de savoir s\u2019ils \u00e9taient favorables \u00e0 l\u2019augmentation du prix des produits contenant de l\u2019alcool comme mesure anti-alcool. D\u2019embl\u00e9e, une distinction se dessine entre les jeunes qui consomment de l&rsquo;alcool et ceux qui n&rsquo;en consomment pas. Les consommateurs r\u00e9guliers ne sont en effet pas favorables \u00e0 une telle augmentation. \u00ab\u00a0<em>J\u2019ai pas un \u00e9norme budget<\/em>\u00a0\u00bb, h\u00e9site Maude, 18 ans, un peu emb\u00eat\u00e9e \u00e0 l\u2019id\u00e9e de voir s\u2019accro\u00eetre les prix de l\u2019alcool. Si elle n\u2019est pas totalement contre, elle \u00e9voquera plus tard que ce genre de mesures ne pourront pas l\u2019emp\u00eacher de consommer, \u00e9tant \u00e0 un \u00e2ge \u00ab\u00a0<em>o\u00f9 on sait ce qu\u2019on veut et on sait que \u00e7a existe<\/em>\u00a0\u00bb.<\/p>\n<p style=\"text-align: justify\">Pour l\u2019une des jeunes filles interrog\u00e9es, une telle augmentation ne ferait que creuser un peu plus les in\u00e9galit\u00e9s. Selon elle, alors que les personnes ais\u00e9es peuvent d\u00e9j\u00e0 se permettre d\u2019acheter des produits haut de gamme, les personnes issues des quartiers populaires dont le budget est moindre n\u2019auront que plus de frais.<\/p>\n<h3 style=\"text-align: justify\">\u00ab\u00a0<em>Si \u00e7a permet d\u2019\u00e9viter des accidents et des morts, oui\u00a0<\/em>\u00bb<\/h3>\n<p style=\"text-align: justify\">Si la plupart des jeunes consommant de l\u2019alcool s\u2019av\u00e8rent contre l\u2019augmentation de son prix, ceux qui ne boivent que tr\u00e8s peu ou pas du tout ont un avis beaucoup moins n\u00e9gatif. Quand certains pensent que cela permettrait de r\u00e9duire sa consommation, d\u2019autres \u00e9voquent les risques li\u00e9s \u00e0 cette consommation tels que la d\u00e9gradation de la sant\u00e9 physique et morale ou encore de la vie sociale.<\/p>\n<p style=\"text-align: justify\">Quelques jeunes vont plus loin en \u00e9voquant une mesure d\u2019int\u00e9r\u00eat commun\u00a0: \u00ab\u00a0<em>Si \u00e7a peut prot\u00e9ger des personnes, si \u00e7a permet d\u2019\u00e9viter des accidents et des morts, oui\u00a0<\/em>\u00bb, affirme un des jeunes hommes interrog\u00e9s. N\u00e9anmoins, plusieurs apparaissent assez confus sur l\u2019objectif r\u00e9el de telles mesures, c\u2019est ainsi que poursuit le m\u00eame jeune\u00a0: \u00ab <em>Si c\u2019est juste pour l\u2019\u00e9conomie, juste pour faire plus d\u2019argent, non<\/em>\u00a0\u00bb.<\/p>\n<h3 style=\"text-align: justify\">\u00ab<em>\u00a0M\u00eame s\u2019il y a \u00e9crit fumer tue sur tous les paquets, il y a toujours autant de personnes qui fument\u00a0<\/em>\u00bb<\/h3>\n<p style=\"text-align: justify\">D\u2019autres mesures anti-alcool \u00e9taient soumises \u00e0 l\u2019opinion des interrog\u00e9s dans le sondage OpinionWay. Parmi celles-ci, le renforcement de la pr\u00e9vention chez les jeunes, l\u2019\u00e9tiquetage sur les produits alcoolis\u00e9s mentionnant les risques, ou encore l\u2019interdiction totale de la publicit\u00e9 pour ces m\u00eames produits. Le Lyon Bondy Blog s\u2019est int\u00e9ress\u00e9 \u00e0 l\u2019impact que pourraient avoir de telles mesures sur la consommation des jeunes, et les avis sont plut\u00f4t unanimes. Qu\u2019ils consomment ou non de l\u2019alcool, nombreux sont ceux qui, bien qu\u2019ils y soient favorables, estiment que ces diverses mesures n\u2019auraient pas d\u2019impact sur leur consommation. D\u2019ailleurs, la plupart font r\u00e9f\u00e9rence \u00e0 l\u2019augmentation du prix du tabac ou encore aux paquets \u00ab\u00a0<em>affreux<\/em>\u00a0\u00bb qui ne freinent que tr\u00e8s peu voire pas du tout les fumeurs\u00a0:\u00a0\u00ab\u00a0<em>M\u00eame s\u2019il y a \u00e9crit fumer tue sur tous les paquets, il y a toujours autant de personnes qui fument\u00a0<\/em>\u00bb, estime une jeune de 19 ans. Parmi les interrog\u00e9s, un jeune homme de 23 ans, anciennement alcoolique, porte lui aussi le m\u00eame regard sur les diff\u00e9rentes mesures \u00e9voqu\u00e9es\u00a0: \u00ab\u00a0<em>Quand on a besoin d\u2019alcool, c\u2019est rare qu\u2019on fasse r\u00e9f\u00e9rence \u00e0 une pub qu\u2019on a vu\u00a0<\/em>\u00bb.<\/p>\n<p style=\"text-align: justify\">M\u00eame si bon nombre des jeunes estiment qu&rsquo;\u00e0 leur \u00e2ge les mesures anti-alcool ne pourraient avoir d\u2019effet sur leur propre consommation, la pr\u00e9vention d\u00e8s le plus jeune \u00e2ge leur appara\u00eet n\u00e9cessaire\u00a0: \u00ab S&rsquo;ils consid\u00e9raient moins l&rsquo;alcool<em>\u00a0comme une norme, peut-\u00eatre que \u00e7a les freinerait un petit peu<\/em>\u00a0\u00bb, affirme Charlotte, 19 ans.<\/p>\n<figure id=\"attachment_13534\" aria-describedby=\"caption-attachment-13534\" style=\"width: 830px\" class=\"wp-caption aligncenter\"><a href=\"https:\/\/lyonbondyblog.fr\/LBB\/wp-content\/uploads\/2018\/06\/Le-profil-des-personnes-interrog\u00e9es.png\"><img loading=\"lazy\" decoding=\"async\" class=\"wp-image-13534 size-full\" src=\"https:\/\/lyonbondyblog.fr\/LBB\/wp-content\/uploads\/2018\/06\/Le-profil-des-personnes-interrog\u00e9es.png\" alt=\"\" width=\"830\" height=\"574\" srcset=\"https:\/\/lyonbondyblog.fr\/LBB\/wp-content\/uploads\/2018\/06\/Le-profil-des-personnes-interrog\u00e9es.png 830w, https:\/\/lyonbondyblog.fr\/LBB\/wp-content\/uploads\/2018\/06\/Le-profil-des-personnes-interrog\u00e9es-300x207.png 300w, https:\/\/lyonbondyblog.fr\/LBB\/wp-content\/uploads\/2018\/06\/Le-profil-des-personnes-interrog\u00e9es-768x531.png 768w, https:\/\/lyonbondyblog.fr\/LBB\/wp-content\/uploads\/2018\/06\/Le-profil-des-personnes-interrog\u00e9es-600x415.png 600w\" sizes=\"auto, (max-width: 830px) 100vw, 830px\" \/><\/a><figcaption id=\"caption-attachment-13534\" class=\"wp-caption-text\">Le profil des personnes interrog\u00e9es dans le sondage OpinionWay pour la Ligue nationale contre le Cancer.<\/figcaption><\/figure>\n<p style=\"text-align: justify\">Finalement, les avis r\u00e9colt\u00e9s sont tr\u00e8s divers et souvent fonction de la consommation d\u2019alcool des jeunes. Pour ce sondage, sur 1 004 personnes sond\u00e9es, seules 10% \u00e9taient des jeunes dont on ne connait pas la consommation. Tout l\u2019int\u00e9r\u00eat donc, de bien s\u2019attarder sur les chiffres et le profil des personnes interrog\u00e9es.<\/p>\n<h4 style=\"text-align: right\">Montage audio : BOISSEAU Prescillia.<\/h4>\n<!-- AddThis Advanced Settings generic via filter on the_content --><!-- AddThis Share Buttons generic via filter on the_content -->","protected":false},"excerpt":{"rendered":"<p>En mai dernier, un sondage OpinionWay pour la Ligue nationale contre le Cancer intitul\u00e9 \u00ab\u00a0Les Fran\u00e7ais et la m\u00e9connaissance des risques li\u00e9s \u00e0 l\u2019alcool\u00a0\u00bb a &hellip; <!-- AddThis Advanced Settings generic via filter on wp_trim_excerpt --><!-- AddThis Share Buttons generic via filter on wp_trim_excerpt --><\/p>\n","protected":false},"author":5459,"featured_media":13532,"comment_status":"open","ping_status":"open","sticky":false,"template":"","format":"standard","meta":{"_FSMCFIC_featured_image_caption":"","_FSMCFIC_featured_image_nocaption":"","_FSMCFIC_featured_image_hide":"","footnotes":""},"categories":[2256,4,3889],"tags":[],"class_list":["post-13530","post","type-post","status-publish","format-standard","has-post-thumbnail","hentry","category-audio","category-lyon","category-sante"],"yoast_head":"<!-- This site is optimized with the Yoast SEO plugin v22.8 - https:\/\/yoast.com\/wordpress\/plugins\/seo\/ -->\n<title>Augmentation du prix de l\u2019alcool : qu\u2019en pensent les jeunes lyonnais ? - Lyon Bondy Blog<\/title>\n<meta name=\"robots\" content=\"index, follow, max-snippet:-1, max-image-preview:large, max-video-preview:-1\" \/>\n<link rel=\"canonical\" href=\"https:\/\/lyonbondyblog.fr\/LBB\/augmentation-du-prix-de-lalcool-quen-pensent-les-jeunes-lyonnais\/\" \/>\n<meta property=\"og:locale\" content=\"fr_FR\" \/>\n<meta property=\"og:type\" content=\"article\" \/>\n<meta property=\"og:title\" content=\"Augmentation du prix de l\u2019alcool : qu\u2019en pensent les jeunes lyonnais ? - Lyon Bondy Blog\" \/>\n<meta property=\"og:description\" content=\"En mai dernier, un sondage OpinionWay pour la Ligue nationale contre le Cancer intitul\u00e9 \u00ab\u00a0Les Fran\u00e7ais et la m\u00e9connaissance des risques li\u00e9s \u00e0 l\u2019alcool\u00a0\u00bb a &hellip;\" \/>\n<meta property=\"og:url\" content=\"https:\/\/lyonbondyblog.fr\/LBB\/augmentation-du-prix-de-lalcool-quen-pensent-les-jeunes-lyonnais\/\" \/>\n<meta property=\"og:site_name\" content=\"Lyon Bondy Blog\" \/>\n<meta property=\"article:publisher\" content=\"https:\/\/www.facebook.com\/lyonbondyblog\" \/>\n<meta property=\"article:published_time\" content=\"2018-06-26T07:36:43+00:00\" \/>\n<meta property=\"article:modified_time\" content=\"2018-06-26T07:44:50+00:00\" \/>\n<meta property=\"og:image\" content=\"https:\/\/lyonbondyblog.fr\/LBB\/wp-content\/uploads\/2018\/06\/glasses-919071_1920.jpg\" \/>\n\t<meta property=\"og:image:width\" content=\"1920\" \/>\n\t<meta property=\"og:image:height\" content=\"1275\" \/>\n\t<meta property=\"og:image:type\" content=\"image\/jpeg\" \/>\n<meta name=\"author\" content=\"Melek Gunes\" \/>\n<meta name=\"twitter:card\" content=\"summary_large_image\" \/>\n<meta name=\"twitter:creator\" content=\"@bondybloglyon\" \/>\n<meta name=\"twitter:site\" content=\"@bondybloglyon\" \/>\n<script type=\"application\/ld+json\" class=\"yoast-schema-graph\">{\"@context\":\"https:\/\/schema.org\",\"@graph\":[{\"@type\":\"Article\",\"@id\":\"https:\/\/lyonbondyblog.fr\/LBB\/augmentation-du-prix-de-lalcool-quen-pensent-les-jeunes-lyonnais\/#article\",\"isPartOf\":{\"@id\":\"https:\/\/lyonbondyblog.fr\/LBB\/augmentation-du-prix-de-lalcool-quen-pensent-les-jeunes-lyonnais\/\"},\"author\":{\"name\":\"Melek Gunes\",\"@id\":\"https:\/\/lyonbondyblog.fr\/LBB\/#\/schema\/person\/6fa49e456fa13e2867a91c4b33659963\"},\"headline\":\"Augmentation du prix de l\u2019alcool : qu\u2019en pensent les jeunes lyonnais ?\",\"datePublished\":\"2018-06-26T07:36:43+00:00\",\"dateModified\":\"2018-06-26T07:44:50+00:00\",\"mainEntityOfPage\":{\"@id\":\"https:\/\/lyonbondyblog.fr\/LBB\/augmentation-du-prix-de-lalcool-quen-pensent-les-jeunes-lyonnais\/\"},\"wordCount\":981,\"commentCount\":0,\"publisher\":{\"@id\":\"https:\/\/lyonbondyblog.fr\/LBB\/#organization\"},\"image\":{\"@id\":\"https:\/\/lyonbondyblog.fr\/LBB\/augmentation-du-prix-de-lalcool-quen-pensent-les-jeunes-lyonnais\/#primaryimage\"},\"thumbnailUrl\":\"https:\/\/lyonbondyblog.fr\/LBB\/wp-content\/uploads\/2018\/06\/glasses-919071_1920.jpg\",\"articleSection\":[\"Audio\",\"Lyon\",\"Sant\u00e9\"],\"inLanguage\":\"fr-FR\",\"potentialAction\":[{\"@type\":\"CommentAction\",\"name\":\"Comment\",\"target\":[\"https:\/\/lyonbondyblog.fr\/LBB\/augmentation-du-prix-de-lalcool-quen-pensent-les-jeunes-lyonnais\/#respond\"]}]},{\"@type\":\"WebPage\",\"@id\":\"https:\/\/lyonbondyblog.fr\/LBB\/augmentation-du-prix-de-lalcool-quen-pensent-les-jeunes-lyonnais\/\",\"url\":\"https:\/\/lyonbondyblog.fr\/LBB\/augmentation-du-prix-de-lalcool-quen-pensent-les-jeunes-lyonnais\/\",\"name\":\"Augmentation du prix de l\u2019alcool : qu\u2019en pensent les jeunes lyonnais ? - Lyon Bondy Blog\",\"isPartOf\":{\"@id\":\"https:\/\/lyonbondyblog.fr\/LBB\/#website\"},\"primaryImageOfPage\":{\"@id\":\"https:\/\/lyonbondyblog.fr\/LBB\/augmentation-du-prix-de-lalcool-quen-pensent-les-jeunes-lyonnais\/#primaryimage\"},\"image\":{\"@id\":\"https:\/\/lyonbondyblog.fr\/LBB\/augmentation-du-prix-de-lalcool-quen-pensent-les-jeunes-lyonnais\/#primaryimage\"},\"thumbnailUrl\":\"https:\/\/lyonbondyblog.fr\/LBB\/wp-content\/uploads\/2018\/06\/glasses-919071_1920.jpg\",\"datePublished\":\"2018-06-26T07:36:43+00:00\",\"dateModified\":\"2018-06-26T07:44:50+00:00\",\"inLanguage\":\"fr-FR\",\"potentialAction\":[{\"@type\":\"ReadAction\",\"target\":[\"https:\/\/lyonbondyblog.fr\/LBB\/augmentation-du-prix-de-lalcool-quen-pensent-les-jeunes-lyonnais\/\"]}]},{\"@type\":\"ImageObject\",\"inLanguage\":\"fr-FR\",\"@id\":\"https:\/\/lyonbondyblog.fr\/LBB\/augmentation-du-prix-de-lalcool-quen-pensent-les-jeunes-lyonnais\/#primaryimage\",\"url\":\"https:\/\/lyonbondyblog.fr\/LBB\/wp-content\/uploads\/2018\/06\/glasses-919071_1920.jpg\",\"contentUrl\":\"https:\/\/lyonbondyblog.fr\/LBB\/wp-content\/uploads\/2018\/06\/glasses-919071_1920.jpg\",\"width\":\"1920\",\"height\":\"1275\"},{\"@type\":\"WebSite\",\"@id\":\"https:\/\/lyonbondyblog.fr\/LBB\/#website\",\"url\":\"https:\/\/lyonbondyblog.fr\/LBB\/\",\"name\":\"Lyon Bondy Blog\",\"description\":\"\",\"publisher\":{\"@id\":\"https:\/\/lyonbondyblog.fr\/LBB\/#organization\"},\"potentialAction\":[{\"@type\":\"SearchAction\",\"target\":{\"@type\":\"EntryPoint\",\"urlTemplate\":\"https:\/\/lyonbondyblog.fr\/LBB\/?s={search_term_string}\"},\"query-input\":\"required name=search_term_string\"}],\"inLanguage\":\"fr-FR\"},{\"@type\":\"Organization\",\"@id\":\"https:\/\/lyonbondyblog.fr\/LBB\/#organization\",\"name\":\"LYON BONDY BLOG\",\"url\":\"https:\/\/lyonbondyblog.fr\/LBB\/\",\"logo\":{\"@type\":\"ImageObject\",\"inLanguage\":\"fr-FR\",\"@id\":\"https:\/\/lyonbondyblog.fr\/LBB\/#\/schema\/logo\/image\/\",\"url\":\"http:\/\/lyonbondyblog.fr\/LBB\/wp-content\/uploads\/2014\/10\/logo-portable-144.png\",\"contentUrl\":\"http:\/\/lyonbondyblog.fr\/LBB\/wp-content\/uploads\/2014\/10\/logo-portable-144.png\",\"width\":144,\"height\":123,\"caption\":\"LYON BONDY BLOG\"},\"image\":{\"@id\":\"https:\/\/lyonbondyblog.fr\/LBB\/#\/schema\/logo\/image\/\"},\"sameAs\":[\"https:\/\/www.facebook.com\/lyonbondyblog\",\"https:\/\/x.com\/bondybloglyon\"]},{\"@type\":\"Person\",\"@id\":\"https:\/\/lyonbondyblog.fr\/LBB\/#\/schema\/person\/6fa49e456fa13e2867a91c4b33659963\",\"name\":\"Melek Gunes\",\"url\":\"https:\/\/lyonbondyblog.fr\/LBB\/author\/melek_gunes\/\"}]}<\/script>\n<!-- \/ Yoast SEO plugin. -->","yoast_head_json":{"title":"Augmentation du prix de l\u2019alcool : qu\u2019en pensent les jeunes lyonnais ? - Lyon Bondy Blog","robots":{"index":"index","follow":"follow","max-snippet":"max-snippet:-1","max-image-preview":"max-image-preview:large","max-video-preview":"max-video-preview:-1"},"canonical":"https:\/\/lyonbondyblog.fr\/LBB\/augmentation-du-prix-de-lalcool-quen-pensent-les-jeunes-lyonnais\/","og_locale":"fr_FR","og_type":"article","og_title":"Augmentation du prix de l\u2019alcool : qu\u2019en pensent les jeunes lyonnais ? - Lyon Bondy Blog","og_description":"En mai dernier, un sondage OpinionWay pour la Ligue nationale contre le Cancer intitul\u00e9 \u00ab\u00a0Les Fran\u00e7ais et la m\u00e9connaissance des risques li\u00e9s \u00e0 l\u2019alcool\u00a0\u00bb a &hellip;","og_url":"https:\/\/lyonbondyblog.fr\/LBB\/augmentation-du-prix-de-lalcool-quen-pensent-les-jeunes-lyonnais\/","og_site_name":"Lyon Bondy Blog","article_publisher":"https:\/\/www.facebook.com\/lyonbondyblog","article_published_time":"2018-06-26T07:36:43+00:00","article_modified_time":"2018-06-26T07:44:50+00:00","og_image":[{"width":"1920","height":"1275","url":"https:\/\/lyonbondyblog.fr\/LBB\/wp-content\/uploads\/2018\/06\/glasses-919071_1920.jpg","type":"image\/jpeg"}],"author":"Melek Gunes","twitter_card":"summary_large_image","twitter_creator":"@bondybloglyon","twitter_site":"@bondybloglyon","schema":{"@context":"https:\/\/schema.org","@graph":[{"@type":"Article","@id":"https:\/\/lyonbondyblog.fr\/LBB\/augmentation-du-prix-de-lalcool-quen-pensent-les-jeunes-lyonnais\/#article","isPartOf":{"@id":"https:\/\/lyonbondyblog.fr\/LBB\/augmentation-du-prix-de-lalcool-quen-pensent-les-jeunes-lyonnais\/"},"author":{"name":"Melek Gunes","@id":"https:\/\/lyonbondyblog.fr\/LBB\/#\/schema\/person\/6fa49e456fa13e2867a91c4b33659963"},"headline":"Augmentation du prix de l\u2019alcool : qu\u2019en pensent les jeunes lyonnais ?","datePublished":"2018-06-26T07:36:43+00:00","dateModified":"2018-06-26T07:44:50+00:00","mainEntityOfPage":{"@id":"https:\/\/lyonbondyblog.fr\/LBB\/augmentation-du-prix-de-lalcool-quen-pensent-les-jeunes-lyonnais\/"},"wordCount":981,"commentCount":0,"publisher":{"@id":"https:\/\/lyonbondyblog.fr\/LBB\/#organization"},"image":{"@id":"https:\/\/lyonbondyblog.fr\/LBB\/augmentation-du-prix-de-lalcool-quen-pensent-les-jeunes-lyonnais\/#primaryimage"},"thumbnailUrl":"https:\/\/lyonbondyblog.fr\/LBB\/wp-content\/uploads\/2018\/06\/glasses-919071_1920.jpg","articleSection":["Audio","Lyon","Sant\u00e9"],"inLanguage":"fr-FR","potentialAction":[{"@type":"CommentAction","name":"Comment","target":["https:\/\/lyonbondyblog.fr\/LBB\/augmentation-du-prix-de-lalcool-quen-pensent-les-jeunes-lyonnais\/#respond"]}]},{"@type":"WebPage","@id":"https:\/\/lyonbondyblog.fr\/LBB\/augmentation-du-prix-de-lalcool-quen-pensent-les-jeunes-lyonnais\/","url":"https:\/\/lyonbondyblog.fr\/LBB\/augmentation-du-prix-de-lalcool-quen-pensent-les-jeunes-lyonnais\/","name":"Augmentation du prix de l\u2019alcool : qu\u2019en pensent les jeunes lyonnais ? - Lyon Bondy Blog","isPartOf":{"@id":"https:\/\/lyonbondyblog.fr\/LBB\/#website"},"primaryImageOfPage":{"@id":"https:\/\/lyonbondyblog.fr\/LBB\/augmentation-du-prix-de-lalcool-quen-pensent-les-jeunes-lyonnais\/#primaryimage"},"image":{"@id":"https:\/\/lyonbondyblog.fr\/LBB\/augmentation-du-prix-de-lalcool-quen-pensent-les-jeunes-lyonnais\/#primaryimage"},"thumbnailUrl":"https:\/\/lyonbondyblog.fr\/LBB\/wp-content\/uploads\/2018\/06\/glasses-919071_1920.jpg","datePublished":"2018-06-26T07:36:43+00:00","dateModified":"2018-06-26T07:44:50+00:00","inLanguage":"fr-FR","potentialAction":[{"@type":"ReadAction","target":["https:\/\/lyonbondyblog.fr\/LBB\/augmentation-du-prix-de-lalcool-quen-pensent-les-jeunes-lyonnais\/"]}]},{"@type":"ImageObject","inLanguage":"fr-FR","@id":"https:\/\/lyonbondyblog.fr\/LBB\/augmentation-du-prix-de-lalcool-quen-pensent-les-jeunes-lyonnais\/#primaryimage","url":"https:\/\/lyonbondyblog.fr\/LBB\/wp-content\/uploads\/2018\/06\/glasses-919071_1920.jpg","contentUrl":"https:\/\/lyonbondyblog.fr\/LBB\/wp-content\/uploads\/2018\/06\/glasses-919071_1920.jpg","width":"1920","height":"1275"},{"@type":"WebSite","@id":"https:\/\/lyonbondyblog.fr\/LBB\/#website","url":"https:\/\/lyonbondyblog.fr\/LBB\/","name":"Lyon Bondy Blog","description":"","publisher":{"@id":"https:\/\/lyonbondyblog.fr\/LBB\/#organization"},"potentialAction":[{"@type":"SearchAction","target":{"@type":"EntryPoint","urlTemplate":"https:\/\/lyonbondyblog.fr\/LBB\/?s={search_term_string}"},"query-input":"required name=search_term_string"}],"inLanguage":"fr-FR"},{"@type":"Organization","@id":"https:\/\/lyonbondyblog.fr\/LBB\/#organization","name":"LYON BONDY BLOG","url":"https:\/\/lyonbondyblog.fr\/LBB\/","logo":{"@type":"ImageObject","inLanguage":"fr-FR","@id":"https:\/\/lyonbondyblog.fr\/LBB\/#\/schema\/logo\/image\/","url":"http:\/\/lyonbondyblog.fr\/LBB\/wp-content\/uploads\/2014\/10\/logo-portable-144.png","contentUrl":"http:\/\/lyonbondyblog.fr\/LBB\/wp-content\/uploads\/2014\/10\/logo-portable-144.png","width":144,"height":123,"caption":"LYON BONDY BLOG"},"image":{"@id":"https:\/\/lyonbondyblog.fr\/LBB\/#\/schema\/logo\/image\/"},"sameAs":["https:\/\/www.facebook.com\/lyonbondyblog","https:\/\/x.com\/bondybloglyon"]},{"@type":"Person","@id":"https:\/\/lyonbondyblog.fr\/LBB\/#\/schema\/person\/6fa49e456fa13e2867a91c4b33659963","name":"Melek Gunes","url":"https:\/\/lyonbondyblog.fr\/LBB\/author\/melek_gunes\/"}]}},"_links":{"self":[{"href":"https:\/\/lyonbondyblog.fr\/LBB\/wp-json\/wp\/v2\/posts\/13530","targetHints":{"allow":["GET"]}}],"collection":[{"href":"https:\/\/lyonbondyblog.fr\/LBB\/wp-json\/wp\/v2\/posts"}],"about":[{"href":"https:\/\/lyonbondyblog.fr\/LBB\/wp-json\/wp\/v2\/types\/post"}],"author":[{"embeddable":true,"href":"https:\/\/lyonbondyblog.fr\/LBB\/wp-json\/wp\/v2\/users\/5459"}],"replies":[{"embeddable":true,"href":"https:\/\/lyonbondyblog.fr\/LBB\/wp-json\/wp\/v2\/comments?post=13530"}],"version-history":[{"count":10,"href":"https:\/\/lyonbondyblog.fr\/LBB\/wp-json\/wp\/v2\/posts\/13530\/revisions"}],"predecessor-version":[{"id":13547,"href":"https:\/\/lyonbondyblog.fr\/LBB\/wp-json\/wp\/v2\/posts\/13530\/revisions\/13547"}],"wp:featuredmedia":[{"embeddable":true,"href":"https:\/\/lyonbondyblog.fr\/LBB\/wp-json\/wp\/v2\/media\/13532"}],"wp:attachment":[{"href":"https:\/\/lyonbondyblog.fr\/LBB\/wp-json\/wp\/v2\/media?parent=13530"}],"wp:term":[{"taxonomy":"category","embeddable":true,"href":"https:\/\/lyonbondyblog.fr\/LBB\/wp-json\/wp\/v2\/categories?post=13530"},{"taxonomy":"post_tag","embeddable":true,"href":"https:\/\/lyonbondyblog.fr\/LBB\/wp-json\/wp\/v2\/tags?post=13530"}],"curies":[{"name":"wp","href":"https:\/\/api.w.org\/{rel}","templated":true}]}}