{"id":1348,"date":"2012-08-30T12:45:31","date_gmt":"2012-08-30T10:45:31","guid":{"rendered":"http:\/\/lyonbondyblog.fr\/LBB\/?p=1348"},"modified":"2013-07-25T12:49:54","modified_gmt":"2013-07-25T10:49:54","slug":"echo-organise-la-pression-citoyenne","status":"publish","type":"post","link":"https:\/\/lyonbondyblog.fr\/LBB\/echo-organise-la-pression-citoyenne\/","title":{"rendered":"ECHO organise la pression citoyenne"},"content":{"rendered":"<p><strong>Aujourd&rsquo;hui on parle de la responsabilit\u00e9 sociale des universit\u00e9s et du Community organizing avec Adrien Roux et David Bodinier de l&rsquo;association ECHO (Espace pour des Communaut\u00e9s et Habitants Organis\u00e9s).<\/strong><\/p>\n<div>\n<p><a href=\"https:\/\/lyonbondyblog.fr\/LBB\/wp-content\/uploads\/2013\/07\/echos.jpg\"><img loading=\"lazy\" decoding=\"async\" class=\"size-full wp-image-1349 alignleft\" alt=\"echos\" src=\"https:\/\/lyonbondyblog.fr\/LBB\/wp-content\/uploads\/2013\/07\/echos.jpg\" width=\"400\" height=\"225\" srcset=\"https:\/\/lyonbondyblog.fr\/LBB\/wp-content\/uploads\/2013\/07\/echos.jpg 400w, https:\/\/lyonbondyblog.fr\/LBB\/wp-content\/uploads\/2013\/07\/echos-300x168.jpg 300w\" sizes=\"auto, (max-width: 400px) 100vw, 400px\" \/><\/a>Kesako le Community organizing\u00a0? Litt\u00e9ralement, une organisation d&rsquo;alliances citoyennes. Concr\u00e8tement, le but est d&rsquo;envisager diff\u00e9remment la participation des jeunes dans les quartiers. On peut le transcrire par\u00a0: \u00ab\u00a0faire agir plut\u00f4t qu&rsquo;agir\u00a0\u00bb, un petit parall\u00e8le avec l&rsquo;\u00e9ducation populaire.<\/p>\n<p>Adrien Roux et David Bodinier sont engag\u00e9s dans<a href=\"http:\/\/projet-echo.org\"> \u00a0\u00a0l\u2019association ECHO<\/a> (Espace pour des Communaut\u00e9s et Habitants Organis\u00e9s), qu&rsquo;ils ont mont\u00e9 \u00e0 huit en 2010. L&rsquo;objectif est d&rsquo;exp\u00e9rimenter cette forme de mobilisation sociale, in\u00e9dite en France. Et de cr\u00e9er une Alliance Citoyenne qui rassemble une grande diversit\u00e9 d&rsquo;organisations dans l\u2019expression et la d\u00e9fense des int\u00e9r\u00eats collectifs de la cit\u00e9. Contrairement \u00e0 l\u2019approche participative qui permet l&rsquo;expression des avis individuels, les m\u00e9thodes de Saul Alinsky (\u00e9crivain et sociologue am\u00e9ricain, auteur notamment de l&rsquo;excellent Manuel du travailleur social) visent \u00e0 organiser les habitants pour qu&rsquo;ils agissent collectivement sur les d\u00e9cideurs publics, les bailleurs, les entreprises priv\u00e9es\u2026 Il cite un exemple\u00a0: les poubelles s&rsquo;entassaient dans le quartier. Plut\u00f4t que de lancer une p\u00e9tition, ils ont vid\u00e9 les poubelles et en ont rempli le bureau d&rsquo;un d\u00e9cideur. Lamentable, inacceptable, leur a-t-on dit. Mais \u00e7a a march\u00e9. Plus de poubelles qui s&rsquo;entassent.<\/p>\n<p><strong>Le conflit comme point de d\u00e9part de l&rsquo;action<\/strong><\/p>\n<p>Des espaces de paroles, dits \u00ab\u00a0<em>one to one\u00a0<\/em>\u00bb (en face \u00e0 face), permettent de laisser s\u2019exprimer les d\u00e9sirs, et surtout les col\u00e8res des individus pour identifier les probl\u00e9matiques communes \u00e0 r\u00e9soudre. Pour d\u00e9fendre les int\u00e9r\u00eats collectifs, la confrontation serait donc mieux que la n\u00e9gation du conflit. Il insiste sur le fait d&rsquo;utiliser la col\u00e8re comme point de d\u00e9part de l&rsquo;action. Tiens c&rsquo;est marrant, il nous dit \u00e7a tout calmement.<\/p>\n<p>Adrien Roux souligne qu\u2019il s\u2019agit d\u2019organiser la pression citoyenne, de permettre des r\u00e8gles du jeu \u00e9quitables, face \u00e0 des lobbys puissants. Concr\u00e8tement, au d\u00e9but de l&rsquo;action sur Grenoble, ils ne sont pas all\u00e9s voir les travailleurs sociaux mais les \u00ab\u00a0leaders\u00a0\u00bb sociaux, sur lesquels se base le community organizing. <em>\u00ab\u00a0On voulait s&rsquo;immerger dans les quartiers. On a d\u00e9ambul\u00e9 dans les rues. On a vraiment essay\u00e9 de<\/em><em> conna\u00eetre de fond en comble le territoire, \u00e0 partir de ce que vivent les gens\u00a0\u00bb<\/em>, relate-t-il. On utilise ces fameux leaders au d\u00e9triment des travailleurs sociaux. <em>\u00ab\u00a0Ils sont en conflit d\u2019all\u00e9geance\u00a0\u00bb<\/em>, confie-t-il. All\u00e9geance envers les gens qu&rsquo;ils sont cens\u00e9s aid\u00e9. Et all\u00e9geance envers les institutions qui les paie. Il pond\u00e8re son propos\u00a0: <em>\u00ab\u00a0Ils ont un r\u00f4le important malgr\u00e9 tout\u00a0\u00bb<\/em>.<\/p>\n<\/div>\n<!-- AddThis Advanced Settings generic via filter on the_content --><!-- AddThis Share Buttons generic via filter on the_content -->","protected":false},"excerpt":{"rendered":"<p>Aujourd&rsquo;hui on parle de la responsabilit\u00e9 sociale des universit\u00e9s et du Community organizing avec Adrien Roux et David Bodinier de l&rsquo;association ECHO (Espace pour des &hellip; <!-- AddThis Advanced Settings generic via filter on wp_trim_excerpt --><!-- AddThis Share Buttons generic via filter on wp_trim_excerpt --><\/p>\n","protected":false},"author":5,"featured_media":1351,"comment_status":"open","ping_status":"open","sticky":false,"template":"","format":"standard","meta":{"_FSMCFIC_featured_image_caption":"","_FSMCFIC_featured_image_nocaption":"","_FSMCFIC_featured_image_hide":"","footnotes":""},"categories":[5,4,2],"tags":[593,435,595,599,598,588,594,596,590,591,10,112,589,597,592,24],"class_list":["post-1348","post","type-post","status-publish","format-standard","has-post-thumbnail","hentry","category-ambiance","category-lyon","category-societe","tag-adrien-roux","tag-association","tag-association-echo","tag-citoyen","tag-citoyenne","tag-community-organizing","tag-david-bodinier","tag-espace-pour-des-communautes-et-habitants-organises","tag-internet","tag-lobbys","tag-lyon-2","tag-lyon-bondy-blog","tag-numerique","tag-pression","tag-saul-alinsky","tag-societe-2"],"yoast_head":"<!-- This site is optimized with the Yoast SEO plugin v22.8 - https:\/\/yoast.com\/wordpress\/plugins\/seo\/ -->\n<title>ECHO organise la pression citoyenne - Lyon Bondy Blog<\/title>\n<meta name=\"robots\" content=\"index, follow, max-snippet:-1, max-image-preview:large, max-video-preview:-1\" \/>\n<link rel=\"canonical\" href=\"https:\/\/lyonbondyblog.fr\/LBB\/echo-organise-la-pression-citoyenne\/\" \/>\n<meta property=\"og:locale\" content=\"fr_FR\" \/>\n<meta property=\"og:type\" content=\"article\" \/>\n<meta property=\"og:title\" content=\"ECHO organise la pression citoyenne - Lyon Bondy Blog\" \/>\n<meta property=\"og:description\" content=\"Aujourd&rsquo;hui on parle de la responsabilit\u00e9 sociale des universit\u00e9s et du Community organizing avec Adrien Roux et David Bodinier de l&rsquo;association ECHO (Espace pour des &hellip;\" \/>\n<meta property=\"og:url\" content=\"https:\/\/lyonbondyblog.fr\/LBB\/echo-organise-la-pression-citoyenne\/\" \/>\n<meta property=\"og:site_name\" content=\"Lyon Bondy Blog\" \/>\n<meta property=\"article:publisher\" content=\"https:\/\/www.facebook.com\/lyonbondyblog\" \/>\n<meta property=\"article:author\" content=\"https:\/\/www.facebook.com\/horsdes.clous\" \/>\n<meta property=\"article:published_time\" content=\"2012-08-30T10:45:31+00:00\" \/>\n<meta property=\"article:modified_time\" content=\"2013-07-25T10:49:54+00:00\" \/>\n<meta property=\"og:image\" content=\"https:\/\/lyonbondyblog.fr\/LBB\/wp-content\/uploads\/2013\/07\/echos-Copie.jpg\" \/>\n\t<meta property=\"og:image:width\" content=\"400\" \/>\n\t<meta property=\"og:image:height\" content=\"200\" \/>\n\t<meta property=\"og:image:type\" content=\"image\/jpeg\" \/>\n<meta name=\"author\" content=\"Sebastien Gonzalvez\" \/>\n<meta name=\"twitter:card\" content=\"summary_large_image\" \/>\n<meta name=\"twitter:creator\" content=\"@HorsDesClous\" \/>\n<meta name=\"twitter:site\" content=\"@bondybloglyon\" \/>\n<script type=\"application\/ld+json\" class=\"yoast-schema-graph\">{\"@context\":\"https:\/\/schema.org\",\"@graph\":[{\"@type\":\"Article\",\"@id\":\"https:\/\/lyonbondyblog.fr\/LBB\/echo-organise-la-pression-citoyenne\/#article\",\"isPartOf\":{\"@id\":\"https:\/\/lyonbondyblog.fr\/LBB\/echo-organise-la-pression-citoyenne\/\"},\"author\":{\"name\":\"Sebastien Gonzalvez\",\"@id\":\"https:\/\/lyonbondyblog.fr\/LBB\/#\/schema\/person\/82f74993772cde3b8626b9080369ec0c\"},\"headline\":\"ECHO organise la pression citoyenne\",\"datePublished\":\"2012-08-30T10:45:31+00:00\",\"dateModified\":\"2013-07-25T10:49:54+00:00\",\"mainEntityOfPage\":{\"@id\":\"https:\/\/lyonbondyblog.fr\/LBB\/echo-organise-la-pression-citoyenne\/\"},\"wordCount\":467,\"commentCount\":0,\"publisher\":{\"@id\":\"https:\/\/lyonbondyblog.fr\/LBB\/#organization\"},\"image\":{\"@id\":\"https:\/\/lyonbondyblog.fr\/LBB\/echo-organise-la-pression-citoyenne\/#primaryimage\"},\"thumbnailUrl\":\"https:\/\/lyonbondyblog.fr\/LBB\/wp-content\/uploads\/2013\/07\/echos-Copie.jpg\",\"keywords\":[\"Adrien Roux\",\"association\",\"association ECHO\",\"citoyen\",\"citoyenne\",\"community organizing\",\"David Bodinier\",\"Espace pour des Communaut\u00e9s et Habitants Organis\u00e9s\",\"internet\",\"lobbys\",\"lyon\",\"Lyon Bondy Blog\",\"num\u00e9rique\",\"pression\",\"Saul Alinsky\",\"societe\"],\"articleSection\":[\"Ambiance\",\"Lyon\",\"Soci\u00e9t\u00e9\"],\"inLanguage\":\"fr-FR\",\"potentialAction\":[{\"@type\":\"CommentAction\",\"name\":\"Comment\",\"target\":[\"https:\/\/lyonbondyblog.fr\/LBB\/echo-organise-la-pression-citoyenne\/#respond\"]}]},{\"@type\":\"WebPage\",\"@id\":\"https:\/\/lyonbondyblog.fr\/LBB\/echo-organise-la-pression-citoyenne\/\",\"url\":\"https:\/\/lyonbondyblog.fr\/LBB\/echo-organise-la-pression-citoyenne\/\",\"name\":\"ECHO organise la pression citoyenne - Lyon Bondy Blog\",\"isPartOf\":{\"@id\":\"https:\/\/lyonbondyblog.fr\/LBB\/#website\"},\"primaryImageOfPage\":{\"@id\":\"https:\/\/lyonbondyblog.fr\/LBB\/echo-organise-la-pression-citoyenne\/#primaryimage\"},\"image\":{\"@id\":\"https:\/\/lyonbondyblog.fr\/LBB\/echo-organise-la-pression-citoyenne\/#primaryimage\"},\"thumbnailUrl\":\"https:\/\/lyonbondyblog.fr\/LBB\/wp-content\/uploads\/2013\/07\/echos-Copie.jpg\",\"datePublished\":\"2012-08-30T10:45:31+00:00\",\"dateModified\":\"2013-07-25T10:49:54+00:00\",\"inLanguage\":\"fr-FR\",\"potentialAction\":[{\"@type\":\"ReadAction\",\"target\":[\"https:\/\/lyonbondyblog.fr\/LBB\/echo-organise-la-pression-citoyenne\/\"]}]},{\"@type\":\"ImageObject\",\"inLanguage\":\"fr-FR\",\"@id\":\"https:\/\/lyonbondyblog.fr\/LBB\/echo-organise-la-pression-citoyenne\/#primaryimage\",\"url\":\"https:\/\/lyonbondyblog.fr\/LBB\/wp-content\/uploads\/2013\/07\/echos-Copie.jpg\",\"contentUrl\":\"https:\/\/lyonbondyblog.fr\/LBB\/wp-content\/uploads\/2013\/07\/echos-Copie.jpg\",\"width\":400,\"height\":200},{\"@type\":\"WebSite\",\"@id\":\"https:\/\/lyonbondyblog.fr\/LBB\/#website\",\"url\":\"https:\/\/lyonbondyblog.fr\/LBB\/\",\"name\":\"Lyon Bondy Blog\",\"description\":\"\",\"publisher\":{\"@id\":\"https:\/\/lyonbondyblog.fr\/LBB\/#organization\"},\"potentialAction\":[{\"@type\":\"SearchAction\",\"target\":{\"@type\":\"EntryPoint\",\"urlTemplate\":\"https:\/\/lyonbondyblog.fr\/LBB\/?s={search_term_string}\"},\"query-input\":\"required name=search_term_string\"}],\"inLanguage\":\"fr-FR\"},{\"@type\":\"Organization\",\"@id\":\"https:\/\/lyonbondyblog.fr\/LBB\/#organization\",\"name\":\"LYON BONDY BLOG\",\"url\":\"https:\/\/lyonbondyblog.fr\/LBB\/\",\"logo\":{\"@type\":\"ImageObject\",\"inLanguage\":\"fr-FR\",\"@id\":\"https:\/\/lyonbondyblog.fr\/LBB\/#\/schema\/logo\/image\/\",\"url\":\"http:\/\/lyonbondyblog.fr\/LBB\/wp-content\/uploads\/2014\/10\/logo-portable-144.png\",\"contentUrl\":\"http:\/\/lyonbondyblog.fr\/LBB\/wp-content\/uploads\/2014\/10\/logo-portable-144.png\",\"width\":144,\"height\":123,\"caption\":\"LYON BONDY BLOG\"},\"image\":{\"@id\":\"https:\/\/lyonbondyblog.fr\/LBB\/#\/schema\/logo\/image\/\"},\"sameAs\":[\"https:\/\/www.facebook.com\/lyonbondyblog\",\"https:\/\/x.com\/bondybloglyon\"]},{\"@type\":\"Person\",\"@id\":\"https:\/\/lyonbondyblog.fr\/LBB\/#\/schema\/person\/82f74993772cde3b8626b9080369ec0c\",\"name\":\"Sebastien Gonzalvez\",\"description\":\"Journaliste plurim\u00e9dias. R\u00e9dacteur en chef \u00e0 @BondyBlogLyon @HorsDesClous https:\/\/www.facebook.com\/horsdes.clous\",\"sameAs\":[\"https:\/\/www.facebook.com\/horsdes.clous\",\"https:\/\/x.com\/HorsDesClous\"],\"url\":\"https:\/\/lyonbondyblog.fr\/LBB\/author\/seb\/\"}]}<\/script>\n<!-- \/ Yoast SEO plugin. -->","yoast_head_json":{"title":"ECHO organise la pression citoyenne - Lyon Bondy Blog","robots":{"index":"index","follow":"follow","max-snippet":"max-snippet:-1","max-image-preview":"max-image-preview:large","max-video-preview":"max-video-preview:-1"},"canonical":"https:\/\/lyonbondyblog.fr\/LBB\/echo-organise-la-pression-citoyenne\/","og_locale":"fr_FR","og_type":"article","og_title":"ECHO organise la pression citoyenne - Lyon Bondy Blog","og_description":"Aujourd&rsquo;hui on parle de la responsabilit\u00e9 sociale des universit\u00e9s et du Community organizing avec Adrien Roux et David Bodinier de l&rsquo;association ECHO (Espace pour des &hellip;","og_url":"https:\/\/lyonbondyblog.fr\/LBB\/echo-organise-la-pression-citoyenne\/","og_site_name":"Lyon Bondy Blog","article_publisher":"https:\/\/www.facebook.com\/lyonbondyblog","article_author":"https:\/\/www.facebook.com\/horsdes.clous","article_published_time":"2012-08-30T10:45:31+00:00","article_modified_time":"2013-07-25T10:49:54+00:00","og_image":[{"width":400,"height":200,"url":"https:\/\/lyonbondyblog.fr\/LBB\/wp-content\/uploads\/2013\/07\/echos-Copie.jpg","type":"image\/jpeg"}],"author":"Sebastien Gonzalvez","twitter_card":"summary_large_image","twitter_creator":"@HorsDesClous","twitter_site":"@bondybloglyon","schema":{"@context":"https:\/\/schema.org","@graph":[{"@type":"Article","@id":"https:\/\/lyonbondyblog.fr\/LBB\/echo-organise-la-pression-citoyenne\/#article","isPartOf":{"@id":"https:\/\/lyonbondyblog.fr\/LBB\/echo-organise-la-pression-citoyenne\/"},"author":{"name":"Sebastien Gonzalvez","@id":"https:\/\/lyonbondyblog.fr\/LBB\/#\/schema\/person\/82f74993772cde3b8626b9080369ec0c"},"headline":"ECHO organise la pression citoyenne","datePublished":"2012-08-30T10:45:31+00:00","dateModified":"2013-07-25T10:49:54+00:00","mainEntityOfPage":{"@id":"https:\/\/lyonbondyblog.fr\/LBB\/echo-organise-la-pression-citoyenne\/"},"wordCount":467,"commentCount":0,"publisher":{"@id":"https:\/\/lyonbondyblog.fr\/LBB\/#organization"},"image":{"@id":"https:\/\/lyonbondyblog.fr\/LBB\/echo-organise-la-pression-citoyenne\/#primaryimage"},"thumbnailUrl":"https:\/\/lyonbondyblog.fr\/LBB\/wp-content\/uploads\/2013\/07\/echos-Copie.jpg","keywords":["Adrien Roux","association","association ECHO","citoyen","citoyenne","community organizing","David Bodinier","Espace pour des Communaut\u00e9s et Habitants Organis\u00e9s","internet","lobbys","lyon","Lyon Bondy Blog","num\u00e9rique","pression","Saul Alinsky","societe"],"articleSection":["Ambiance","Lyon","Soci\u00e9t\u00e9"],"inLanguage":"fr-FR","potentialAction":[{"@type":"CommentAction","name":"Comment","target":["https:\/\/lyonbondyblog.fr\/LBB\/echo-organise-la-pression-citoyenne\/#respond"]}]},{"@type":"WebPage","@id":"https:\/\/lyonbondyblog.fr\/LBB\/echo-organise-la-pression-citoyenne\/","url":"https:\/\/lyonbondyblog.fr\/LBB\/echo-organise-la-pression-citoyenne\/","name":"ECHO organise la pression citoyenne - Lyon Bondy Blog","isPartOf":{"@id":"https:\/\/lyonbondyblog.fr\/LBB\/#website"},"primaryImageOfPage":{"@id":"https:\/\/lyonbondyblog.fr\/LBB\/echo-organise-la-pression-citoyenne\/#primaryimage"},"image":{"@id":"https:\/\/lyonbondyblog.fr\/LBB\/echo-organise-la-pression-citoyenne\/#primaryimage"},"thumbnailUrl":"https:\/\/lyonbondyblog.fr\/LBB\/wp-content\/uploads\/2013\/07\/echos-Copie.jpg","datePublished":"2012-08-30T10:45:31+00:00","dateModified":"2013-07-25T10:49:54+00:00","inLanguage":"fr-FR","potentialAction":[{"@type":"ReadAction","target":["https:\/\/lyonbondyblog.fr\/LBB\/echo-organise-la-pression-citoyenne\/"]}]},{"@type":"ImageObject","inLanguage":"fr-FR","@id":"https:\/\/lyonbondyblog.fr\/LBB\/echo-organise-la-pression-citoyenne\/#primaryimage","url":"https:\/\/lyonbondyblog.fr\/LBB\/wp-content\/uploads\/2013\/07\/echos-Copie.jpg","contentUrl":"https:\/\/lyonbondyblog.fr\/LBB\/wp-content\/uploads\/2013\/07\/echos-Copie.jpg","width":400,"height":200},{"@type":"WebSite","@id":"https:\/\/lyonbondyblog.fr\/LBB\/#website","url":"https:\/\/lyonbondyblog.fr\/LBB\/","name":"Lyon Bondy Blog","description":"","publisher":{"@id":"https:\/\/lyonbondyblog.fr\/LBB\/#organization"},"potentialAction":[{"@type":"SearchAction","target":{"@type":"EntryPoint","urlTemplate":"https:\/\/lyonbondyblog.fr\/LBB\/?s={search_term_string}"},"query-input":"required name=search_term_string"}],"inLanguage":"fr-FR"},{"@type":"Organization","@id":"https:\/\/lyonbondyblog.fr\/LBB\/#organization","name":"LYON BONDY BLOG","url":"https:\/\/lyonbondyblog.fr\/LBB\/","logo":{"@type":"ImageObject","inLanguage":"fr-FR","@id":"https:\/\/lyonbondyblog.fr\/LBB\/#\/schema\/logo\/image\/","url":"http:\/\/lyonbondyblog.fr\/LBB\/wp-content\/uploads\/2014\/10\/logo-portable-144.png","contentUrl":"http:\/\/lyonbondyblog.fr\/LBB\/wp-content\/uploads\/2014\/10\/logo-portable-144.png","width":144,"height":123,"caption":"LYON BONDY BLOG"},"image":{"@id":"https:\/\/lyonbondyblog.fr\/LBB\/#\/schema\/logo\/image\/"},"sameAs":["https:\/\/www.facebook.com\/lyonbondyblog","https:\/\/x.com\/bondybloglyon"]},{"@type":"Person","@id":"https:\/\/lyonbondyblog.fr\/LBB\/#\/schema\/person\/82f74993772cde3b8626b9080369ec0c","name":"Sebastien Gonzalvez","description":"Journaliste plurim\u00e9dias. R\u00e9dacteur en chef \u00e0 @BondyBlogLyon @HorsDesClous https:\/\/www.facebook.com\/horsdes.clous","sameAs":["https:\/\/www.facebook.com\/horsdes.clous","https:\/\/x.com\/HorsDesClous"],"url":"https:\/\/lyonbondyblog.fr\/LBB\/author\/seb\/"}]}},"_links":{"self":[{"href":"https:\/\/lyonbondyblog.fr\/LBB\/wp-json\/wp\/v2\/posts\/1348","targetHints":{"allow":["GET"]}}],"collection":[{"href":"https:\/\/lyonbondyblog.fr\/LBB\/wp-json\/wp\/v2\/posts"}],"about":[{"href":"https:\/\/lyonbondyblog.fr\/LBB\/wp-json\/wp\/v2\/types\/post"}],"author":[{"embeddable":true,"href":"https:\/\/lyonbondyblog.fr\/LBB\/wp-json\/wp\/v2\/users\/5"}],"replies":[{"embeddable":true,"href":"https:\/\/lyonbondyblog.fr\/LBB\/wp-json\/wp\/v2\/comments?post=1348"}],"version-history":[{"count":0,"href":"https:\/\/lyonbondyblog.fr\/LBB\/wp-json\/wp\/v2\/posts\/1348\/revisions"}],"wp:featuredmedia":[{"embeddable":true,"href":"https:\/\/lyonbondyblog.fr\/LBB\/wp-json\/wp\/v2\/media\/1351"}],"wp:attachment":[{"href":"https:\/\/lyonbondyblog.fr\/LBB\/wp-json\/wp\/v2\/media?parent=1348"}],"wp:term":[{"taxonomy":"category","embeddable":true,"href":"https:\/\/lyonbondyblog.fr\/LBB\/wp-json\/wp\/v2\/categories?post=1348"},{"taxonomy":"post_tag","embeddable":true,"href":"https:\/\/lyonbondyblog.fr\/LBB\/wp-json\/wp\/v2\/tags?post=1348"}],"curies":[{"name":"wp","href":"https:\/\/api.w.org\/{rel}","templated":true}]}}