{"id":13441,"date":"2018-06-15T10:52:29","date_gmt":"2018-06-15T08:52:29","guid":{"rendered":"http:\/\/lyonbondyblog.fr\/LBB\/?p=13441"},"modified":"2018-06-15T10:52:29","modified_gmt":"2018-06-15T08:52:29","slug":"justice-droit-devant","status":"publish","type":"post","link":"https:\/\/lyonbondyblog.fr\/LBB\/justice-droit-devant\/","title":{"rendered":"JUSTICE\u00a0: DROIT DEVANT\u00a0!"},"content":{"rendered":"<p style=\"text-align: justify\"><em>Depuis mardi 12 juin dernier, le Bus du droit sillonne les quartiers populaires de la M\u00e9tropole lyonnaise. \u00c0 <\/em><em>son bord, des avocats b\u00e9n\u00e9voles qui ont r\u00e9pondu pr\u00e9sents pour permettre \u00e0 toutes et \u00e0 tous d\u2019avoir acc\u00e8s au droit, dans des communes o\u00f9 nombreuses sont les personnes qui n\u2019osent plus pousser les portes d\u2019un palais de justice. <\/em><\/p>\n<p style=\"text-align: justify\">Faciliter le premier pas vers l\u2019acc\u00e8s au droit, c\u2019est le projet dans lequel le Bus du droit s\u2019inscrit. Inaugur\u00e9 le mercredi 6 juin dernier, le dispositif, \u00e0 l\u2019initiative du CDAD du Rh\u00f4ne (Conseil D\u00e9partemental d\u2019Acc\u00e8s au Droit) et du Barreau de Lyon et en partenariat avec les Restos du c\u0153ur, le Sytral, la Pr\u00e9fecture et la M\u00e9tropole, se veut une r\u00e9ponse \u00e0 la probl\u00e9matique de l\u2019acc\u00e8s \u00e0 l\u2019information juridique dans les quartiers populaires de la M\u00e9tropole de Lyon. Dans cette d\u00e9marche de proximit\u00e9, quoi de mieux qu\u2019un bus afin de se rendre directement \u00e0 la rencontre des personnes en situation de pr\u00e9carit\u00e9, bien souvent isol\u00e9es.<\/p>\n<figure id=\"attachment_13442\" aria-describedby=\"caption-attachment-13442\" style=\"width: 1024px\" class=\"wp-caption aligncenter\"><a href=\"https:\/\/lyonbondyblog.fr\/LBB\/wp-content\/uploads\/2018\/06\/DSC01654.jpg\"><img loading=\"lazy\" decoding=\"async\" class=\"wp-image-13442 size-large\" src=\"https:\/\/lyonbondyblog.fr\/LBB\/wp-content\/uploads\/2018\/06\/DSC01654-1024x576.jpg\" alt=\"\" width=\"1024\" height=\"576\" srcset=\"https:\/\/lyonbondyblog.fr\/LBB\/wp-content\/uploads\/2018\/06\/DSC01654-1024x576.jpg 1024w, https:\/\/lyonbondyblog.fr\/LBB\/wp-content\/uploads\/2018\/06\/DSC01654-300x169.jpg 300w, https:\/\/lyonbondyblog.fr\/LBB\/wp-content\/uploads\/2018\/06\/DSC01654-768x432.jpg 768w, https:\/\/lyonbondyblog.fr\/LBB\/wp-content\/uploads\/2018\/06\/DSC01654-600x338.jpg 600w, https:\/\/lyonbondyblog.fr\/LBB\/wp-content\/uploads\/2018\/06\/DSC01654-1140x641.jpg 1140w\" sizes=\"auto, (max-width: 1024px) 100vw, 1024px\" \/><\/a><figcaption id=\"caption-attachment-13442\" class=\"wp-caption-text\">Dans le Bus du droit, deux petits bureaux ont \u00e9t\u00e9 am\u00e9nag\u00e9s pour recevoir les justiciables en toute confidentialit\u00e9. Cr\u00e9dit photo : Prescillia Boisseau \/ Lyon Bondy Blog<\/figcaption><\/figure>\n<p style=\"text-align: justify\">L\u2019aide apport\u00e9e n\u2019est soumise \u00e0 aucune condition de ressources. Pour toute consultation, il suffit de franchir la porte d\u2019un des centres des Restos du c\u0153ur o\u00f9 des b\u00e9n\u00e9voles seront charg\u00e9s de pr\u00e9parer le dossier et de fixer les rendez-vous. Le bus TCL, c\u00e9d\u00e9 par le Sytral, a \u00e9t\u00e9 r\u00e9am\u00e9nag\u00e9 pour accueillir les justiciables en toute confidentialit\u00e9\u00a0: deux petits bureaux de consultations ferm\u00e9s et une salle d\u2019attente. Dans leurs cabinets improvis\u00e9s, deux avocats informent et orientent gratuitement pendant toute une matin\u00e9e et ce pour tout type de cas.<\/p>\n<h3 style=\"text-align: justify\">\u00ab\u00a0Gr\u00e2ce \u00e0 ce dispositif, la justice devient un peu moins opaque pour ces personnes en situation de pr\u00e9carit\u00e9\u00a0\u00bb<\/h3>\n<p style=\"text-align: justify\">De leur plein gr\u00e9 et b\u00e9n\u00e9volement, nombreux sont les avocats lyonnais qui ont r\u00e9pondu pr\u00e9sents \u00e0 l\u2019appel. Pour l\u2019une des avocates b\u00e9n\u00e9voles interrog\u00e9e devant le Bus du droit stationn\u00e9 jeudi 14 juin dernier au centre social de la Sauvegarde de la Duch\u00e8re, il \u00e9tait normal de participer au projet\u00a0: \u00ab\u00a0<em>On essaye d\u2019\u00eatre pr\u00e9sent quand il y a ce genre de probl\u00e9matiques et puis les avocats sont habitu\u00e9s \u00e0 travailler pro-bono, c\u2019est ancestral dans l\u2019Histoire de l\u2019avocature\u00a0<\/em>\u00bb. Selon cette avocate g\u00e9n\u00e9raliste, cette mission rel\u00e8ve d\u2019un v\u00e9ritable besoin\u00a0:\u00a0\u00ab\u00a0<em>Ce n\u2019est pas facile pour ces personnes de franchir le cap d\u2019un palais de justice, sur certaines communes, il y a des gens qui sont s\u00e9dentaires, qui ne se d\u00e9placent que dans leur quartier\u00a0<\/em>\u00bb et d\u2019ajouter\u00a0: \u00ab\u00a0<em>Au moins ici, ils sont dans un environnement auquel ils sont habitu\u00e9s, gr\u00e2ce \u00e0 ce dispositif, la justice devient un peu moins opaque pour ces personnes en situation de pr\u00e9carit\u00e9\u00a0<\/em>\u00bb.<\/p>\n<h3 style=\"text-align: justify\">\u00c0 Paris, plus de dix ans pour le Bus de la Solidarit\u00e9<\/h3>\n<p style=\"text-align: justify\">Op\u00e9ration in\u00e9dite pour les avocats lyonnais, c\u2019est depuis 2003 qu\u2019\u00e0 Paris, le Bus de la Solidarit\u00e9 permet \u00e0 quiconque d\u2019avoir acc\u00e8s au droit, avec ou sans rendez-vous. Quinze ans donc, que des avocats b\u00e9n\u00e9voles du Barreau de Paris en partenariat avec l\u2019association Droits d\u2019Urgence et la Ville, assurent des permanences gratuites chaque semaine dans les diff\u00e9rents arrondissements. Des journ\u00e9es sont m\u00eame consacr\u00e9es \u00e0 l\u2019accueil des femmes victimes de violences et de harc\u00e8lement sexuel, (dont les 24 et 25 novembre prochains).<\/p>\n<p style=\"text-align: justify\">Un bel exemple qu\u2019a donc suivi la Ville de Lyon, o\u00f9 la dur\u00e9e de l\u2019op\u00e9ration n\u2019est pas encore d\u00e9termin\u00e9e. Farid Hamel, b\u00e2tonnier du Barreau de Lyon, confiait en tout cas au <a href=\"https:\/\/www.20minutes.fr\/societe\/2285667-20180608-lyon-permanences-gratuites-avocats-assurees-bus-favoriser-acces-droit-plus-precaires\">20 minutes<\/a>\u00a0son souhait de voir les choses se bousculer pour que ce genre d\u2019initiatives ne soient plus indispensables\u00a0: \u00ab\u00a0<em>Je souhaite que le bus s\u2019arr\u00eate\u00a0vite et que la soci\u00e9t\u00e9 assume et reprenne toutes ces fonctions<\/em>\u00a0\u00bb. Pour le moment, les communes qui accueilleront prochainement le bus sont\u00a0: V\u00e9nissieux (19 juin), Rillieux-la-Pape (20 juin), Saint-Priest (21 juin) et Givors (26 juin).<\/p>\n<!-- AddThis Advanced Settings generic via filter on the_content --><!-- AddThis Share Buttons generic via filter on the_content -->","protected":false},"excerpt":{"rendered":"<p>Depuis mardi 12 juin dernier, le Bus du droit sillonne les quartiers populaires de la M\u00e9tropole lyonnaise. \u00c0 son bord, des avocats b\u00e9n\u00e9voles qui ont &hellip; <!-- AddThis Advanced Settings generic via filter on wp_trim_excerpt --><!-- AddThis Share Buttons generic via filter on wp_trim_excerpt --><\/p>\n","protected":false},"author":5080,"featured_media":13445,"comment_status":"open","ping_status":"open","sticky":false,"template":"","format":"standard","meta":{"_FSMCFIC_featured_image_caption":"","_FSMCFIC_featured_image_nocaption":"","_FSMCFIC_featured_image_hide":"","footnotes":""},"categories":[3898,4],"tags":[],"class_list":["post-13441","post","type-post","status-publish","format-standard","has-post-thumbnail","hentry","category-justice","category-lyon"],"yoast_head":"<!-- This site is optimized with the Yoast SEO plugin v22.8 - https:\/\/yoast.com\/wordpress\/plugins\/seo\/ -->\n<title>JUSTICE\u00a0: DROIT DEVANT\u00a0! - Lyon Bondy Blog<\/title>\n<meta name=\"robots\" content=\"index, follow, max-snippet:-1, max-image-preview:large, max-video-preview:-1\" \/>\n<link rel=\"canonical\" href=\"https:\/\/lyonbondyblog.fr\/LBB\/justice-droit-devant\/\" \/>\n<meta property=\"og:locale\" content=\"fr_FR\" \/>\n<meta property=\"og:type\" content=\"article\" \/>\n<meta property=\"og:title\" content=\"JUSTICE\u00a0: DROIT DEVANT\u00a0! - Lyon Bondy Blog\" \/>\n<meta property=\"og:description\" content=\"Depuis mardi 12 juin dernier, le Bus du droit sillonne les quartiers populaires de la M\u00e9tropole lyonnaise. \u00c0 son bord, des avocats b\u00e9n\u00e9voles qui ont &hellip;\" \/>\n<meta property=\"og:url\" content=\"https:\/\/lyonbondyblog.fr\/LBB\/justice-droit-devant\/\" \/>\n<meta property=\"og:site_name\" content=\"Lyon Bondy Blog\" \/>\n<meta property=\"article:publisher\" content=\"https:\/\/www.facebook.com\/lyonbondyblog\" \/>\n<meta property=\"article:published_time\" content=\"2018-06-15T08:52:29+00:00\" \/>\n<meta property=\"og:image\" content=\"https:\/\/lyonbondyblog.fr\/LBB\/wp-content\/uploads\/2018\/06\/DSC01647-1024x576.jpg\" \/>\n\t<meta property=\"og:image:width\" content=\"1024\" \/>\n\t<meta property=\"og:image:height\" content=\"576\" \/>\n\t<meta property=\"og:image:type\" content=\"image\/jpeg\" \/>\n<meta name=\"author\" content=\"Prescillia Boisseau\" \/>\n<meta name=\"twitter:card\" content=\"summary_large_image\" \/>\n<meta name=\"twitter:creator\" content=\"@bondybloglyon\" \/>\n<meta name=\"twitter:site\" content=\"@bondybloglyon\" \/>\n<script type=\"application\/ld+json\" class=\"yoast-schema-graph\">{\"@context\":\"https:\/\/schema.org\",\"@graph\":[{\"@type\":\"Article\",\"@id\":\"https:\/\/lyonbondyblog.fr\/LBB\/justice-droit-devant\/#article\",\"isPartOf\":{\"@id\":\"https:\/\/lyonbondyblog.fr\/LBB\/justice-droit-devant\/\"},\"author\":{\"name\":\"Prescillia Boisseau\",\"@id\":\"https:\/\/lyonbondyblog.fr\/LBB\/#\/schema\/person\/924a42b043dac94198a2c439fa05c034\"},\"headline\":\"JUSTICE\u00a0: DROIT DEVANT\u00a0!\",\"datePublished\":\"2018-06-15T08:52:29+00:00\",\"dateModified\":\"2018-06-15T08:52:29+00:00\",\"mainEntityOfPage\":{\"@id\":\"https:\/\/lyonbondyblog.fr\/LBB\/justice-droit-devant\/\"},\"wordCount\":720,\"commentCount\":0,\"publisher\":{\"@id\":\"https:\/\/lyonbondyblog.fr\/LBB\/#organization\"},\"image\":{\"@id\":\"https:\/\/lyonbondyblog.fr\/LBB\/justice-droit-devant\/#primaryimage\"},\"thumbnailUrl\":\"https:\/\/lyonbondyblog.fr\/LBB\/wp-content\/uploads\/2018\/06\/DSC01647.jpg\",\"articleSection\":[\"Justice\",\"Lyon\"],\"inLanguage\":\"fr-FR\",\"potentialAction\":[{\"@type\":\"CommentAction\",\"name\":\"Comment\",\"target\":[\"https:\/\/lyonbondyblog.fr\/LBB\/justice-droit-devant\/#respond\"]}]},{\"@type\":\"WebPage\",\"@id\":\"https:\/\/lyonbondyblog.fr\/LBB\/justice-droit-devant\/\",\"url\":\"https:\/\/lyonbondyblog.fr\/LBB\/justice-droit-devant\/\",\"name\":\"JUSTICE\u00a0: DROIT DEVANT\u00a0! - Lyon Bondy Blog\",\"isPartOf\":{\"@id\":\"https:\/\/lyonbondyblog.fr\/LBB\/#website\"},\"primaryImageOfPage\":{\"@id\":\"https:\/\/lyonbondyblog.fr\/LBB\/justice-droit-devant\/#primaryimage\"},\"image\":{\"@id\":\"https:\/\/lyonbondyblog.fr\/LBB\/justice-droit-devant\/#primaryimage\"},\"thumbnailUrl\":\"https:\/\/lyonbondyblog.fr\/LBB\/wp-content\/uploads\/2018\/06\/DSC01647.jpg\",\"datePublished\":\"2018-06-15T08:52:29+00:00\",\"dateModified\":\"2018-06-15T08:52:29+00:00\",\"inLanguage\":\"fr-FR\",\"potentialAction\":[{\"@type\":\"ReadAction\",\"target\":[\"https:\/\/lyonbondyblog.fr\/LBB\/justice-droit-devant\/\"]}]},{\"@type\":\"ImageObject\",\"inLanguage\":\"fr-FR\",\"@id\":\"https:\/\/lyonbondyblog.fr\/LBB\/justice-droit-devant\/#primaryimage\",\"url\":\"https:\/\/lyonbondyblog.fr\/LBB\/wp-content\/uploads\/2018\/06\/DSC01647.jpg\",\"contentUrl\":\"https:\/\/lyonbondyblog.fr\/LBB\/wp-content\/uploads\/2018\/06\/DSC01647.jpg\",\"width\":\"3456\",\"height\":\"1944\"},{\"@type\":\"WebSite\",\"@id\":\"https:\/\/lyonbondyblog.fr\/LBB\/#website\",\"url\":\"https:\/\/lyonbondyblog.fr\/LBB\/\",\"name\":\"Lyon Bondy Blog\",\"description\":\"\",\"publisher\":{\"@id\":\"https:\/\/lyonbondyblog.fr\/LBB\/#organization\"},\"potentialAction\":[{\"@type\":\"SearchAction\",\"target\":{\"@type\":\"EntryPoint\",\"urlTemplate\":\"https:\/\/lyonbondyblog.fr\/LBB\/?s={search_term_string}\"},\"query-input\":\"required name=search_term_string\"}],\"inLanguage\":\"fr-FR\"},{\"@type\":\"Organization\",\"@id\":\"https:\/\/lyonbondyblog.fr\/LBB\/#organization\",\"name\":\"LYON BONDY BLOG\",\"url\":\"https:\/\/lyonbondyblog.fr\/LBB\/\",\"logo\":{\"@type\":\"ImageObject\",\"inLanguage\":\"fr-FR\",\"@id\":\"https:\/\/lyonbondyblog.fr\/LBB\/#\/schema\/logo\/image\/\",\"url\":\"http:\/\/lyonbondyblog.fr\/LBB\/wp-content\/uploads\/2014\/10\/logo-portable-144.png\",\"contentUrl\":\"http:\/\/lyonbondyblog.fr\/LBB\/wp-content\/uploads\/2014\/10\/logo-portable-144.png\",\"width\":144,\"height\":123,\"caption\":\"LYON BONDY BLOG\"},\"image\":{\"@id\":\"https:\/\/lyonbondyblog.fr\/LBB\/#\/schema\/logo\/image\/\"},\"sameAs\":[\"https:\/\/www.facebook.com\/lyonbondyblog\",\"https:\/\/x.com\/bondybloglyon\"]},{\"@type\":\"Person\",\"@id\":\"https:\/\/lyonbondyblog.fr\/LBB\/#\/schema\/person\/924a42b043dac94198a2c439fa05c034\",\"name\":\"Prescillia Boisseau\",\"url\":\"https:\/\/lyonbondyblog.fr\/LBB\/author\/boisseau-prescillia\/\"}]}<\/script>\n<!-- \/ Yoast SEO plugin. -->","yoast_head_json":{"title":"JUSTICE\u00a0: DROIT DEVANT\u00a0! - Lyon Bondy Blog","robots":{"index":"index","follow":"follow","max-snippet":"max-snippet:-1","max-image-preview":"max-image-preview:large","max-video-preview":"max-video-preview:-1"},"canonical":"https:\/\/lyonbondyblog.fr\/LBB\/justice-droit-devant\/","og_locale":"fr_FR","og_type":"article","og_title":"JUSTICE\u00a0: DROIT DEVANT\u00a0! - Lyon Bondy Blog","og_description":"Depuis mardi 12 juin dernier, le Bus du droit sillonne les quartiers populaires de la M\u00e9tropole lyonnaise. \u00c0 son bord, des avocats b\u00e9n\u00e9voles qui ont &hellip;","og_url":"https:\/\/lyonbondyblog.fr\/LBB\/justice-droit-devant\/","og_site_name":"Lyon Bondy Blog","article_publisher":"https:\/\/www.facebook.com\/lyonbondyblog","article_published_time":"2018-06-15T08:52:29+00:00","og_image":[{"width":"1024","height":"576","url":"https:\/\/lyonbondyblog.fr\/LBB\/wp-content\/uploads\/2018\/06\/DSC01647-1024x576.jpg","type":"image\/jpeg"}],"author":"Prescillia Boisseau","twitter_card":"summary_large_image","twitter_creator":"@bondybloglyon","twitter_site":"@bondybloglyon","schema":{"@context":"https:\/\/schema.org","@graph":[{"@type":"Article","@id":"https:\/\/lyonbondyblog.fr\/LBB\/justice-droit-devant\/#article","isPartOf":{"@id":"https:\/\/lyonbondyblog.fr\/LBB\/justice-droit-devant\/"},"author":{"name":"Prescillia Boisseau","@id":"https:\/\/lyonbondyblog.fr\/LBB\/#\/schema\/person\/924a42b043dac94198a2c439fa05c034"},"headline":"JUSTICE\u00a0: DROIT DEVANT\u00a0!","datePublished":"2018-06-15T08:52:29+00:00","dateModified":"2018-06-15T08:52:29+00:00","mainEntityOfPage":{"@id":"https:\/\/lyonbondyblog.fr\/LBB\/justice-droit-devant\/"},"wordCount":720,"commentCount":0,"publisher":{"@id":"https:\/\/lyonbondyblog.fr\/LBB\/#organization"},"image":{"@id":"https:\/\/lyonbondyblog.fr\/LBB\/justice-droit-devant\/#primaryimage"},"thumbnailUrl":"https:\/\/lyonbondyblog.fr\/LBB\/wp-content\/uploads\/2018\/06\/DSC01647.jpg","articleSection":["Justice","Lyon"],"inLanguage":"fr-FR","potentialAction":[{"@type":"CommentAction","name":"Comment","target":["https:\/\/lyonbondyblog.fr\/LBB\/justice-droit-devant\/#respond"]}]},{"@type":"WebPage","@id":"https:\/\/lyonbondyblog.fr\/LBB\/justice-droit-devant\/","url":"https:\/\/lyonbondyblog.fr\/LBB\/justice-droit-devant\/","name":"JUSTICE\u00a0: DROIT DEVANT\u00a0! - Lyon Bondy Blog","isPartOf":{"@id":"https:\/\/lyonbondyblog.fr\/LBB\/#website"},"primaryImageOfPage":{"@id":"https:\/\/lyonbondyblog.fr\/LBB\/justice-droit-devant\/#primaryimage"},"image":{"@id":"https:\/\/lyonbondyblog.fr\/LBB\/justice-droit-devant\/#primaryimage"},"thumbnailUrl":"https:\/\/lyonbondyblog.fr\/LBB\/wp-content\/uploads\/2018\/06\/DSC01647.jpg","datePublished":"2018-06-15T08:52:29+00:00","dateModified":"2018-06-15T08:52:29+00:00","inLanguage":"fr-FR","potentialAction":[{"@type":"ReadAction","target":["https:\/\/lyonbondyblog.fr\/LBB\/justice-droit-devant\/"]}]},{"@type":"ImageObject","inLanguage":"fr-FR","@id":"https:\/\/lyonbondyblog.fr\/LBB\/justice-droit-devant\/#primaryimage","url":"https:\/\/lyonbondyblog.fr\/LBB\/wp-content\/uploads\/2018\/06\/DSC01647.jpg","contentUrl":"https:\/\/lyonbondyblog.fr\/LBB\/wp-content\/uploads\/2018\/06\/DSC01647.jpg","width":"3456","height":"1944"},{"@type":"WebSite","@id":"https:\/\/lyonbondyblog.fr\/LBB\/#website","url":"https:\/\/lyonbondyblog.fr\/LBB\/","name":"Lyon Bondy Blog","description":"","publisher":{"@id":"https:\/\/lyonbondyblog.fr\/LBB\/#organization"},"potentialAction":[{"@type":"SearchAction","target":{"@type":"EntryPoint","urlTemplate":"https:\/\/lyonbondyblog.fr\/LBB\/?s={search_term_string}"},"query-input":"required name=search_term_string"}],"inLanguage":"fr-FR"},{"@type":"Organization","@id":"https:\/\/lyonbondyblog.fr\/LBB\/#organization","name":"LYON BONDY BLOG","url":"https:\/\/lyonbondyblog.fr\/LBB\/","logo":{"@type":"ImageObject","inLanguage":"fr-FR","@id":"https:\/\/lyonbondyblog.fr\/LBB\/#\/schema\/logo\/image\/","url":"http:\/\/lyonbondyblog.fr\/LBB\/wp-content\/uploads\/2014\/10\/logo-portable-144.png","contentUrl":"http:\/\/lyonbondyblog.fr\/LBB\/wp-content\/uploads\/2014\/10\/logo-portable-144.png","width":144,"height":123,"caption":"LYON BONDY BLOG"},"image":{"@id":"https:\/\/lyonbondyblog.fr\/LBB\/#\/schema\/logo\/image\/"},"sameAs":["https:\/\/www.facebook.com\/lyonbondyblog","https:\/\/x.com\/bondybloglyon"]},{"@type":"Person","@id":"https:\/\/lyonbondyblog.fr\/LBB\/#\/schema\/person\/924a42b043dac94198a2c439fa05c034","name":"Prescillia Boisseau","url":"https:\/\/lyonbondyblog.fr\/LBB\/author\/boisseau-prescillia\/"}]}},"_links":{"self":[{"href":"https:\/\/lyonbondyblog.fr\/LBB\/wp-json\/wp\/v2\/posts\/13441","targetHints":{"allow":["GET"]}}],"collection":[{"href":"https:\/\/lyonbondyblog.fr\/LBB\/wp-json\/wp\/v2\/posts"}],"about":[{"href":"https:\/\/lyonbondyblog.fr\/LBB\/wp-json\/wp\/v2\/types\/post"}],"author":[{"embeddable":true,"href":"https:\/\/lyonbondyblog.fr\/LBB\/wp-json\/wp\/v2\/users\/5080"}],"replies":[{"embeddable":true,"href":"https:\/\/lyonbondyblog.fr\/LBB\/wp-json\/wp\/v2\/comments?post=13441"}],"version-history":[{"count":8,"href":"https:\/\/lyonbondyblog.fr\/LBB\/wp-json\/wp\/v2\/posts\/13441\/revisions"}],"predecessor-version":[{"id":13451,"href":"https:\/\/lyonbondyblog.fr\/LBB\/wp-json\/wp\/v2\/posts\/13441\/revisions\/13451"}],"wp:featuredmedia":[{"embeddable":true,"href":"https:\/\/lyonbondyblog.fr\/LBB\/wp-json\/wp\/v2\/media\/13445"}],"wp:attachment":[{"href":"https:\/\/lyonbondyblog.fr\/LBB\/wp-json\/wp\/v2\/media?parent=13441"}],"wp:term":[{"taxonomy":"category","embeddable":true,"href":"https:\/\/lyonbondyblog.fr\/LBB\/wp-json\/wp\/v2\/categories?post=13441"},{"taxonomy":"post_tag","embeddable":true,"href":"https:\/\/lyonbondyblog.fr\/LBB\/wp-json\/wp\/v2\/tags?post=13441"}],"curies":[{"name":"wp","href":"https:\/\/api.w.org\/{rel}","templated":true}]}}