{"id":13435,"date":"2018-06-14T20:14:52","date_gmt":"2018-06-14T18:14:52","guid":{"rendered":"http:\/\/lyonbondyblog.fr\/LBB\/?p=13435"},"modified":"2018-06-14T20:14:52","modified_gmt":"2018-06-14T18:14:52","slug":"challenger-de-lyon-le-choc-de-la-jeunesse-pour-kecmanovic","status":"publish","type":"post","link":"https:\/\/lyonbondyblog.fr\/LBB\/challenger-de-lyon-le-choc-de-la-jeunesse-pour-kecmanovic\/","title":{"rendered":"Challenger de Lyon :  le choc de la jeunesse pour Kecmanovic"},"content":{"rendered":"<p>La quatri\u00e8me journ\u00e9e du Challenger de Lyon a \u00e9t\u00e9 marqu\u00e9 par le duel entre le Serbe Miomir Kecmanovic (205\u00e8) et le Su\u00e9dois Mikael Ymer (364\u00e8). Un choc remport\u00e9 par le plus jeune des deux apr\u00e8s une fin de\u00a0match haute en suspens. C\u00f4t\u00e9 bleus Antoine Hoang a chut\u00e9 contre le tenant du titre et Benjamin Bonzi a cal\u00e9 contre Roberto Marcora.<\/p>\n<p>&nbsp;<\/p>\n<p>La troisi\u00e8me rotation sur le court principal de l\u2019Open Sopra Steria \u00e9tait la plus all\u00e9chante sur le papier. Deux jeunes prometteurs de 18 et 19 ans face-\u00e0 face pour la toute premi\u00e8re fois de leur carri\u00e8re. Le cadet a r\u00e9ussi l\u2019an dernier \u00e0 se glisser parmi les 200 meilleurs joueurs du monde et le second est un ancien n\u00b01 mondial junior. C\u2019est le Serbe qui a pris les devants dans ce match en remportant le premier set 6\/2. La deuxi\u00e8me aurait pu \/ d\u00fb tourner \u00e0 l\u2019avantage du Su\u00e9dois qui s\u2019empare \u00e0 trois reprises du service adverse, sans jamais parvenir \u00e0 concr\u00e9tiser cet avantage. Ymer se procurera 13 balles de set et se permettra le luxe de sauver quatre balles de match pour pousser son adversaire au tie-break. Le tout apr\u00e8s avoir contest\u00e9 longuement une d\u00e9cision de l\u2019arbitre de chaise Arnaud Gabas.<\/p>\n<p><a href=\"https:\/\/lyonbondyblog.fr\/LBB\/wp-content\/uploads\/2018\/06\/MY-.jpg\"><img loading=\"lazy\" decoding=\"async\" class=\"size-medium wp-image-13437 aligncenter\" src=\"https:\/\/lyonbondyblog.fr\/LBB\/wp-content\/uploads\/2018\/06\/MY--300x225.jpg\" alt=\"\" width=\"300\" height=\"225\" srcset=\"https:\/\/lyonbondyblog.fr\/LBB\/wp-content\/uploads\/2018\/06\/MY--300x225.jpg 300w, https:\/\/lyonbondyblog.fr\/LBB\/wp-content\/uploads\/2018\/06\/MY--768x576.jpg 768w, https:\/\/lyonbondyblog.fr\/LBB\/wp-content\/uploads\/2018\/06\/MY--1024x768.jpg 1024w, https:\/\/lyonbondyblog.fr\/LBB\/wp-content\/uploads\/2018\/06\/MY--600x450.jpg 600w\" sizes=\"auto, (max-width: 300px) 100vw, 300px\" \/><\/a><\/p>\n<p><a href=\"https:\/\/lyonbondyblog.fr\/LBB\/wp-content\/uploads\/2018\/06\/IMG_0979-1.jpg\"><img loading=\"lazy\" decoding=\"async\" class=\"size-medium wp-image-13439 aligncenter\" src=\"https:\/\/lyonbondyblog.fr\/LBB\/wp-content\/uploads\/2018\/06\/IMG_0979-1-300x225.jpg\" alt=\"\" width=\"300\" height=\"225\" srcset=\"https:\/\/lyonbondyblog.fr\/LBB\/wp-content\/uploads\/2018\/06\/IMG_0979-1-300x225.jpg 300w, https:\/\/lyonbondyblog.fr\/LBB\/wp-content\/uploads\/2018\/06\/IMG_0979-1-768x576.jpg 768w, https:\/\/lyonbondyblog.fr\/LBB\/wp-content\/uploads\/2018\/06\/IMG_0979-1-1024x768.jpg 1024w, https:\/\/lyonbondyblog.fr\/LBB\/wp-content\/uploads\/2018\/06\/IMG_0979-1-600x450.jpg 600w\" sizes=\"auto, (max-width: 300px) 100vw, 300px\" \/><\/a><\/p>\n<p>&nbsp;<\/p>\n<h5>Dialogue de sourds entre Mikael Ymer et Arnaud Gabas. Cr\u00e9dits photos : Hugo Dervissoglou \/ Lyon Bondy Blog.<\/h5>\n<hr \/>\n<p>A nouveau Miomir Kecmanovic a sembl\u00e9 tenir le match en s\u2019emparant d\u00e8s son premier point de retour du service des son adversaire. Menant 6 \/ 3 il va se crisper et refuser de suivre ses coups puissants au filet. Il lui faudra attendre la neuvi\u00e8me balle de match pour conclure. \u00ab\u00a0Je me suis dit que je ne pouvais pas laisser passer une si belle occasion de conclure. J\u2019ai essay\u00e9 de rester calme pour finir en deux sets\u00a0\u00bb a d\u00e9clar\u00e9 le natif de Belgrade.<\/p>\n<h2>Auger- Aliassime n\u2019a pas train\u00e9, Bonzi a d\u00e9marr\u00e9 trop tard<\/h2>\n<p>Le tenant du titre F\u00e9lix Auger-Aliassime qui avait \u00e9t\u00e9 interrompu \u00e0 6\/3 4\/5 contre Antoine Hoang n\u2019aura eu besoin que de trois jeux pour se qualifier en 1\/4. Une victoire 6\/3 7\/5 qui lui permettra d\u2019affronter le Fran\u00e7ais Alexandre Muller demain. \u00ab\u00a0J\u2019ai mis trop de temps \u00e0 rentrer dans mon match\u00a0 . Le tie-break s\u00a0\u2018est jou\u00e9 \u00e0 peu de choses\u00a0\u00bb. Cette r\u00e9action \u00e0 la sortie du court au micro de nos confr\u00e8res de TLM de Benjamin Bonzi r\u00e9sume parfaitement cette rencontre perdue 6\/0 7\/6(4). Apr\u00e8s avoir remport\u00e9 \u00e0 \u00a0 peine 10 points dans le premier set le Francilien a connu un sursaut d\u2019orgueil dans le second. Il s\u2019incline finalement sur un ace de l\u2019Italien d\u00e9j\u00e0 tombeur de Quentin Halys au premier tour. Finaliste l\u2019an dernier Mathias Bourgue a chut\u00e9 contre l\u2019Australien Alexei Popyrin 6\/4 6\/4. Dans le bas du tableau le Chilien Christian Garin s\u2019est qualifi\u00e9 en dominant le Texan Mitchell Krueger 3\/6 6\/3 7\/5.<\/p>\n<!-- AddThis Advanced Settings generic via filter on the_content --><!-- AddThis Share Buttons generic via filter on the_content -->","protected":false},"excerpt":{"rendered":"<p>La quatri\u00e8me journ\u00e9e du Challenger de Lyon a \u00e9t\u00e9 marqu\u00e9 par le duel entre le Serbe Miomir Kecmanovic (205\u00e8) et le Su\u00e9dois Mikael Ymer (364\u00e8). &hellip; <!-- AddThis Advanced Settings generic via filter on wp_trim_excerpt --><!-- AddThis Share Buttons generic via filter on wp_trim_excerpt --><\/p>\n","protected":false},"author":5729,"featured_media":13436,"comment_status":"open","ping_status":"open","sticky":false,"template":"","format":"standard","meta":{"_FSMCFIC_featured_image_caption":"","_FSMCFIC_featured_image_nocaption":"","_FSMCFIC_featured_image_hide":"","footnotes":""},"categories":[4,2862,4033],"tags":[10,3012],"class_list":["post-13435","post","type-post","status-publish","format-standard","has-post-thumbnail","hentry","category-lyon","category-sport","category-tennis","tag-lyon-2","tag-tennis"],"yoast_head":"<!-- This site is optimized with the Yoast SEO plugin v22.8 - https:\/\/yoast.com\/wordpress\/plugins\/seo\/ -->\n<title>Challenger de Lyon : le choc de la jeunesse pour Kecmanovic - Lyon Bondy Blog<\/title>\n<meta name=\"description\" content=\"La quatri\u00e8me journ\u00e9e du Challenger de Lyon a \u00e9t\u00e9 marqu\u00e9 par le duel entre le Serbe Miomir Kecmanovic (205\u00e8) et le Su\u00e9dois Mikael Ymer (364\u00e8).\" \/>\n<meta name=\"robots\" content=\"index, follow, max-snippet:-1, max-image-preview:large, max-video-preview:-1\" \/>\n<link rel=\"canonical\" href=\"https:\/\/lyonbondyblog.fr\/LBB\/challenger-de-lyon-le-choc-de-la-jeunesse-pour-kecmanovic\/\" \/>\n<meta property=\"og:locale\" content=\"fr_FR\" \/>\n<meta property=\"og:type\" content=\"article\" \/>\n<meta property=\"og:title\" content=\"Challenger de Lyon : le choc de la jeunesse pour Kecmanovic - Lyon Bondy Blog\" \/>\n<meta property=\"og:description\" content=\"La quatri\u00e8me journ\u00e9e du Challenger de Lyon a \u00e9t\u00e9 marqu\u00e9 par le duel entre le Serbe Miomir Kecmanovic (205\u00e8) et le Su\u00e9dois Mikael Ymer (364\u00e8).\" \/>\n<meta property=\"og:url\" content=\"https:\/\/lyonbondyblog.fr\/LBB\/challenger-de-lyon-le-choc-de-la-jeunesse-pour-kecmanovic\/\" \/>\n<meta property=\"og:site_name\" content=\"Lyon Bondy Blog\" \/>\n<meta property=\"article:publisher\" content=\"https:\/\/www.facebook.com\/lyonbondyblog\" \/>\n<meta property=\"article:published_time\" content=\"2018-06-14T18:14:52+00:00\" \/>\n<meta property=\"og:image\" content=\"https:\/\/lyonbondyblog.fr\/LBB\/wp-content\/uploads\/2018\/06\/MK.jpg\" \/>\n\t<meta property=\"og:image:width\" content=\"4000\" \/>\n\t<meta property=\"og:image:height\" content=\"3000\" \/>\n\t<meta property=\"og:image:type\" content=\"image\/jpeg\" \/>\n<meta name=\"author\" content=\"Hugo Dervissoglou\" \/>\n<meta name=\"twitter:card\" content=\"summary_large_image\" \/>\n<meta name=\"twitter:creator\" content=\"@bondybloglyon\" \/>\n<meta name=\"twitter:site\" content=\"@bondybloglyon\" \/>\n<script type=\"application\/ld+json\" class=\"yoast-schema-graph\">{\"@context\":\"https:\/\/schema.org\",\"@graph\":[{\"@type\":\"Article\",\"@id\":\"https:\/\/lyonbondyblog.fr\/LBB\/challenger-de-lyon-le-choc-de-la-jeunesse-pour-kecmanovic\/#article\",\"isPartOf\":{\"@id\":\"https:\/\/lyonbondyblog.fr\/LBB\/challenger-de-lyon-le-choc-de-la-jeunesse-pour-kecmanovic\/\"},\"author\":{\"name\":\"Hugo Dervissoglou\",\"@id\":\"https:\/\/lyonbondyblog.fr\/LBB\/#\/schema\/person\/6efc096be909f1122de1b82592e04e6e\"},\"headline\":\"Challenger de Lyon : le choc de la jeunesse pour Kecmanovic\",\"datePublished\":\"2018-06-14T18:14:52+00:00\",\"dateModified\":\"2018-06-14T18:14:52+00:00\",\"mainEntityOfPage\":{\"@id\":\"https:\/\/lyonbondyblog.fr\/LBB\/challenger-de-lyon-le-choc-de-la-jeunesse-pour-kecmanovic\/\"},\"wordCount\":490,\"commentCount\":0,\"publisher\":{\"@id\":\"https:\/\/lyonbondyblog.fr\/LBB\/#organization\"},\"image\":{\"@id\":\"https:\/\/lyonbondyblog.fr\/LBB\/challenger-de-lyon-le-choc-de-la-jeunesse-pour-kecmanovic\/#primaryimage\"},\"thumbnailUrl\":\"https:\/\/lyonbondyblog.fr\/LBB\/wp-content\/uploads\/2018\/06\/MK.jpg\",\"keywords\":[\"lyon\",\"tennis\"],\"articleSection\":[\"Lyon\",\"Sport\",\"Tennis\"],\"inLanguage\":\"fr-FR\",\"potentialAction\":[{\"@type\":\"CommentAction\",\"name\":\"Comment\",\"target\":[\"https:\/\/lyonbondyblog.fr\/LBB\/challenger-de-lyon-le-choc-de-la-jeunesse-pour-kecmanovic\/#respond\"]}]},{\"@type\":\"WebPage\",\"@id\":\"https:\/\/lyonbondyblog.fr\/LBB\/challenger-de-lyon-le-choc-de-la-jeunesse-pour-kecmanovic\/\",\"url\":\"https:\/\/lyonbondyblog.fr\/LBB\/challenger-de-lyon-le-choc-de-la-jeunesse-pour-kecmanovic\/\",\"name\":\"Challenger de Lyon : le choc de la jeunesse pour Kecmanovic - Lyon Bondy Blog\",\"isPartOf\":{\"@id\":\"https:\/\/lyonbondyblog.fr\/LBB\/#website\"},\"primaryImageOfPage\":{\"@id\":\"https:\/\/lyonbondyblog.fr\/LBB\/challenger-de-lyon-le-choc-de-la-jeunesse-pour-kecmanovic\/#primaryimage\"},\"image\":{\"@id\":\"https:\/\/lyonbondyblog.fr\/LBB\/challenger-de-lyon-le-choc-de-la-jeunesse-pour-kecmanovic\/#primaryimage\"},\"thumbnailUrl\":\"https:\/\/lyonbondyblog.fr\/LBB\/wp-content\/uploads\/2018\/06\/MK.jpg\",\"datePublished\":\"2018-06-14T18:14:52+00:00\",\"dateModified\":\"2018-06-14T18:14:52+00:00\",\"description\":\"La quatri\u00e8me journ\u00e9e du Challenger de Lyon a \u00e9t\u00e9 marqu\u00e9 par le duel entre le Serbe Miomir Kecmanovic (205\u00e8) et le Su\u00e9dois Mikael Ymer (364\u00e8).\",\"inLanguage\":\"fr-FR\",\"potentialAction\":[{\"@type\":\"ReadAction\",\"target\":[\"https:\/\/lyonbondyblog.fr\/LBB\/challenger-de-lyon-le-choc-de-la-jeunesse-pour-kecmanovic\/\"]}]},{\"@type\":\"ImageObject\",\"inLanguage\":\"fr-FR\",\"@id\":\"https:\/\/lyonbondyblog.fr\/LBB\/challenger-de-lyon-le-choc-de-la-jeunesse-pour-kecmanovic\/#primaryimage\",\"url\":\"https:\/\/lyonbondyblog.fr\/LBB\/wp-content\/uploads\/2018\/06\/MK.jpg\",\"contentUrl\":\"https:\/\/lyonbondyblog.fr\/LBB\/wp-content\/uploads\/2018\/06\/MK.jpg\",\"width\":\"4000\",\"height\":\"3000\"},{\"@type\":\"WebSite\",\"@id\":\"https:\/\/lyonbondyblog.fr\/LBB\/#website\",\"url\":\"https:\/\/lyonbondyblog.fr\/LBB\/\",\"name\":\"Lyon Bondy Blog\",\"description\":\"\",\"publisher\":{\"@id\":\"https:\/\/lyonbondyblog.fr\/LBB\/#organization\"},\"potentialAction\":[{\"@type\":\"SearchAction\",\"target\":{\"@type\":\"EntryPoint\",\"urlTemplate\":\"https:\/\/lyonbondyblog.fr\/LBB\/?s={search_term_string}\"},\"query-input\":\"required name=search_term_string\"}],\"inLanguage\":\"fr-FR\"},{\"@type\":\"Organization\",\"@id\":\"https:\/\/lyonbondyblog.fr\/LBB\/#organization\",\"name\":\"LYON BONDY BLOG\",\"url\":\"https:\/\/lyonbondyblog.fr\/LBB\/\",\"logo\":{\"@type\":\"ImageObject\",\"inLanguage\":\"fr-FR\",\"@id\":\"https:\/\/lyonbondyblog.fr\/LBB\/#\/schema\/logo\/image\/\",\"url\":\"http:\/\/lyonbondyblog.fr\/LBB\/wp-content\/uploads\/2014\/10\/logo-portable-144.png\",\"contentUrl\":\"http:\/\/lyonbondyblog.fr\/LBB\/wp-content\/uploads\/2014\/10\/logo-portable-144.png\",\"width\":144,\"height\":123,\"caption\":\"LYON BONDY BLOG\"},\"image\":{\"@id\":\"https:\/\/lyonbondyblog.fr\/LBB\/#\/schema\/logo\/image\/\"},\"sameAs\":[\"https:\/\/www.facebook.com\/lyonbondyblog\",\"https:\/\/x.com\/bondybloglyon\"]},{\"@type\":\"Person\",\"@id\":\"https:\/\/lyonbondyblog.fr\/LBB\/#\/schema\/person\/6efc096be909f1122de1b82592e04e6e\",\"name\":\"Hugo Dervissoglou\",\"url\":\"https:\/\/lyonbondyblog.fr\/LBB\/author\/hugo_dervissoglou\/\"}]}<\/script>\n<!-- \/ Yoast SEO plugin. -->","yoast_head_json":{"title":"Challenger de Lyon : le choc de la jeunesse pour Kecmanovic - Lyon Bondy Blog","description":"La quatri\u00e8me journ\u00e9e du Challenger de Lyon a \u00e9t\u00e9 marqu\u00e9 par le duel entre le Serbe Miomir Kecmanovic (205\u00e8) et le Su\u00e9dois Mikael Ymer (364\u00e8).","robots":{"index":"index","follow":"follow","max-snippet":"max-snippet:-1","max-image-preview":"max-image-preview:large","max-video-preview":"max-video-preview:-1"},"canonical":"https:\/\/lyonbondyblog.fr\/LBB\/challenger-de-lyon-le-choc-de-la-jeunesse-pour-kecmanovic\/","og_locale":"fr_FR","og_type":"article","og_title":"Challenger de Lyon : le choc de la jeunesse pour Kecmanovic - Lyon Bondy Blog","og_description":"La quatri\u00e8me journ\u00e9e du Challenger de Lyon a \u00e9t\u00e9 marqu\u00e9 par le duel entre le Serbe Miomir Kecmanovic (205\u00e8) et le Su\u00e9dois Mikael Ymer (364\u00e8).","og_url":"https:\/\/lyonbondyblog.fr\/LBB\/challenger-de-lyon-le-choc-de-la-jeunesse-pour-kecmanovic\/","og_site_name":"Lyon Bondy Blog","article_publisher":"https:\/\/www.facebook.com\/lyonbondyblog","article_published_time":"2018-06-14T18:14:52+00:00","og_image":[{"width":"4000","height":"3000","url":"https:\/\/lyonbondyblog.fr\/LBB\/wp-content\/uploads\/2018\/06\/MK.jpg","type":"image\/jpeg"}],"author":"Hugo Dervissoglou","twitter_card":"summary_large_image","twitter_creator":"@bondybloglyon","twitter_site":"@bondybloglyon","schema":{"@context":"https:\/\/schema.org","@graph":[{"@type":"Article","@id":"https:\/\/lyonbondyblog.fr\/LBB\/challenger-de-lyon-le-choc-de-la-jeunesse-pour-kecmanovic\/#article","isPartOf":{"@id":"https:\/\/lyonbondyblog.fr\/LBB\/challenger-de-lyon-le-choc-de-la-jeunesse-pour-kecmanovic\/"},"author":{"name":"Hugo Dervissoglou","@id":"https:\/\/lyonbondyblog.fr\/LBB\/#\/schema\/person\/6efc096be909f1122de1b82592e04e6e"},"headline":"Challenger de Lyon : le choc de la jeunesse pour Kecmanovic","datePublished":"2018-06-14T18:14:52+00:00","dateModified":"2018-06-14T18:14:52+00:00","mainEntityOfPage":{"@id":"https:\/\/lyonbondyblog.fr\/LBB\/challenger-de-lyon-le-choc-de-la-jeunesse-pour-kecmanovic\/"},"wordCount":490,"commentCount":0,"publisher":{"@id":"https:\/\/lyonbondyblog.fr\/LBB\/#organization"},"image":{"@id":"https:\/\/lyonbondyblog.fr\/LBB\/challenger-de-lyon-le-choc-de-la-jeunesse-pour-kecmanovic\/#primaryimage"},"thumbnailUrl":"https:\/\/lyonbondyblog.fr\/LBB\/wp-content\/uploads\/2018\/06\/MK.jpg","keywords":["lyon","tennis"],"articleSection":["Lyon","Sport","Tennis"],"inLanguage":"fr-FR","potentialAction":[{"@type":"CommentAction","name":"Comment","target":["https:\/\/lyonbondyblog.fr\/LBB\/challenger-de-lyon-le-choc-de-la-jeunesse-pour-kecmanovic\/#respond"]}]},{"@type":"WebPage","@id":"https:\/\/lyonbondyblog.fr\/LBB\/challenger-de-lyon-le-choc-de-la-jeunesse-pour-kecmanovic\/","url":"https:\/\/lyonbondyblog.fr\/LBB\/challenger-de-lyon-le-choc-de-la-jeunesse-pour-kecmanovic\/","name":"Challenger de Lyon : le choc de la jeunesse pour Kecmanovic - Lyon Bondy Blog","isPartOf":{"@id":"https:\/\/lyonbondyblog.fr\/LBB\/#website"},"primaryImageOfPage":{"@id":"https:\/\/lyonbondyblog.fr\/LBB\/challenger-de-lyon-le-choc-de-la-jeunesse-pour-kecmanovic\/#primaryimage"},"image":{"@id":"https:\/\/lyonbondyblog.fr\/LBB\/challenger-de-lyon-le-choc-de-la-jeunesse-pour-kecmanovic\/#primaryimage"},"thumbnailUrl":"https:\/\/lyonbondyblog.fr\/LBB\/wp-content\/uploads\/2018\/06\/MK.jpg","datePublished":"2018-06-14T18:14:52+00:00","dateModified":"2018-06-14T18:14:52+00:00","description":"La quatri\u00e8me journ\u00e9e du Challenger de Lyon a \u00e9t\u00e9 marqu\u00e9 par le duel entre le Serbe Miomir Kecmanovic (205\u00e8) et le Su\u00e9dois Mikael Ymer (364\u00e8).","inLanguage":"fr-FR","potentialAction":[{"@type":"ReadAction","target":["https:\/\/lyonbondyblog.fr\/LBB\/challenger-de-lyon-le-choc-de-la-jeunesse-pour-kecmanovic\/"]}]},{"@type":"ImageObject","inLanguage":"fr-FR","@id":"https:\/\/lyonbondyblog.fr\/LBB\/challenger-de-lyon-le-choc-de-la-jeunesse-pour-kecmanovic\/#primaryimage","url":"https:\/\/lyonbondyblog.fr\/LBB\/wp-content\/uploads\/2018\/06\/MK.jpg","contentUrl":"https:\/\/lyonbondyblog.fr\/LBB\/wp-content\/uploads\/2018\/06\/MK.jpg","width":"4000","height":"3000"},{"@type":"WebSite","@id":"https:\/\/lyonbondyblog.fr\/LBB\/#website","url":"https:\/\/lyonbondyblog.fr\/LBB\/","name":"Lyon Bondy Blog","description":"","publisher":{"@id":"https:\/\/lyonbondyblog.fr\/LBB\/#organization"},"potentialAction":[{"@type":"SearchAction","target":{"@type":"EntryPoint","urlTemplate":"https:\/\/lyonbondyblog.fr\/LBB\/?s={search_term_string}"},"query-input":"required name=search_term_string"}],"inLanguage":"fr-FR"},{"@type":"Organization","@id":"https:\/\/lyonbondyblog.fr\/LBB\/#organization","name":"LYON BONDY BLOG","url":"https:\/\/lyonbondyblog.fr\/LBB\/","logo":{"@type":"ImageObject","inLanguage":"fr-FR","@id":"https:\/\/lyonbondyblog.fr\/LBB\/#\/schema\/logo\/image\/","url":"http:\/\/lyonbondyblog.fr\/LBB\/wp-content\/uploads\/2014\/10\/logo-portable-144.png","contentUrl":"http:\/\/lyonbondyblog.fr\/LBB\/wp-content\/uploads\/2014\/10\/logo-portable-144.png","width":144,"height":123,"caption":"LYON BONDY BLOG"},"image":{"@id":"https:\/\/lyonbondyblog.fr\/LBB\/#\/schema\/logo\/image\/"},"sameAs":["https:\/\/www.facebook.com\/lyonbondyblog","https:\/\/x.com\/bondybloglyon"]},{"@type":"Person","@id":"https:\/\/lyonbondyblog.fr\/LBB\/#\/schema\/person\/6efc096be909f1122de1b82592e04e6e","name":"Hugo Dervissoglou","url":"https:\/\/lyonbondyblog.fr\/LBB\/author\/hugo_dervissoglou\/"}]}},"_links":{"self":[{"href":"https:\/\/lyonbondyblog.fr\/LBB\/wp-json\/wp\/v2\/posts\/13435","targetHints":{"allow":["GET"]}}],"collection":[{"href":"https:\/\/lyonbondyblog.fr\/LBB\/wp-json\/wp\/v2\/posts"}],"about":[{"href":"https:\/\/lyonbondyblog.fr\/LBB\/wp-json\/wp\/v2\/types\/post"}],"author":[{"embeddable":true,"href":"https:\/\/lyonbondyblog.fr\/LBB\/wp-json\/wp\/v2\/users\/5729"}],"replies":[{"embeddable":true,"href":"https:\/\/lyonbondyblog.fr\/LBB\/wp-json\/wp\/v2\/comments?post=13435"}],"version-history":[{"count":1,"href":"https:\/\/lyonbondyblog.fr\/LBB\/wp-json\/wp\/v2\/posts\/13435\/revisions"}],"predecessor-version":[{"id":13440,"href":"https:\/\/lyonbondyblog.fr\/LBB\/wp-json\/wp\/v2\/posts\/13435\/revisions\/13440"}],"wp:featuredmedia":[{"embeddable":true,"href":"https:\/\/lyonbondyblog.fr\/LBB\/wp-json\/wp\/v2\/media\/13436"}],"wp:attachment":[{"href":"https:\/\/lyonbondyblog.fr\/LBB\/wp-json\/wp\/v2\/media?parent=13435"}],"wp:term":[{"taxonomy":"category","embeddable":true,"href":"https:\/\/lyonbondyblog.fr\/LBB\/wp-json\/wp\/v2\/categories?post=13435"},{"taxonomy":"post_tag","embeddable":true,"href":"https:\/\/lyonbondyblog.fr\/LBB\/wp-json\/wp\/v2\/tags?post=13435"}],"curies":[{"name":"wp","href":"https:\/\/api.w.org\/{rel}","templated":true}]}}