{"id":1329,"date":"2011-03-13T11:16:07","date_gmt":"2011-03-13T10:16:07","guid":{"rendered":"http:\/\/lyonbondyblog.fr\/LBB\/?p=1329"},"modified":"2013-07-25T11:20:56","modified_gmt":"2013-07-25T09:20:56","slug":"chronique-judiciaire-le-systeme-ne-marche-pas-bien","status":"publish","type":"post","link":"https:\/\/lyonbondyblog.fr\/LBB\/chronique-judiciaire-le-systeme-ne-marche-pas-bien\/","title":{"rendered":"CHRONIQUE JUDICIAIRE : \u00ab Le syst\u00e8me ne marche pas bien \u00bb"},"content":{"rendered":"<p><strong>Tribunal de Grande Instance de Lyon, mercredi 2 mars 2011.<\/strong><\/p>\n<div>\n<p><a href=\"https:\/\/lyonbondyblog.fr\/LBB\/wp-content\/uploads\/2013\/07\/justice.jpg\"><img loading=\"lazy\" decoding=\"async\" class=\"size-full wp-image-1311 alignleft\" alt=\"justice\" src=\"https:\/\/lyonbondyblog.fr\/LBB\/wp-content\/uploads\/2013\/07\/justice.jpg\" width=\"400\" height=\"300\" srcset=\"https:\/\/lyonbondyblog.fr\/LBB\/wp-content\/uploads\/2013\/07\/justice.jpg 400w, https:\/\/lyonbondyblog.fr\/LBB\/wp-content\/uploads\/2013\/07\/justice-300x225.jpg 300w\" sizes=\"auto, (max-width: 400px) 100vw, 400px\" \/><\/a>Ancienne chronique assez caract\u00e9ristique de la p\u00e9riode Sarkozy.<\/p>\n<p>Monsieur Seydoux* comparait aujourd\u2019hui devant le tribunal pour entr\u00e9e irr\u00e9guli\u00e8re dans le pays et d\u00e9tention de documents falsifi\u00e9s. Le pr\u00e9sident prend la parole\u00a0: <em>\u00ab\u00a0Monsieur Seydoux, vous vous pr\u00e9sentez suite \u00e0 un proc\u00e9d\u00e9 que je n\u2019affectionne pas particuli\u00e8rement, une d\u00e9nonciation anonyme. Un appel pr\u00e9cisant que vous pr\u00e9tendiez vous appeler Monsieur Damien*, et que vous travailliez dans une entreprise de nettoyage pr\u00e8s de la Part-Dieu. On vous a donc interpell\u00e9\u00a0\u00bb<\/em>. M\u00eame les juges n\u2019appr\u00e9cient pas la d\u00e9nonciation anonyme. Le d\u00e9nonciateur a surement voulu prot\u00e9ger nos rues d\u2019un travailleur ill\u00e9gal. Un vrai \u00ab\u00a0bon citoyen\u00a0\u00bb comme le gouvernement actuel les aime (sic). <em>\u00ab\u00a0Je vous plains. Les lois sur l\u2019immigration font que l\u2019Etat va vous renvoyer dans votre pays\u00a0\u00bb<\/em>. Au moins c\u2019est dit.<\/p>\n<p>Monsieur Seydoux a \u00e9t\u00e9 interpell\u00e9 en possession d\u2019un faux passeport, qu\u2019il dit poss\u00e9der depuis six mois. <em>\u00ab\u00a0Vous, vous avez du travail. Vous n\u2019\u00eates pas un d\u00e9linquant\u00a0\u00bb<\/em>. Ce qui n\u2019a pas emp\u00eacher ce dernier d\u2019effectuer trois mois d\u2019emprisonnement, en 2007, pour \u00eatre entr\u00e9 ill\u00e9galement en France : <em>\u00ab\u00a0A votre sortie en 2007, on ne vous a pas raccompagn\u00e9 \u00e0 la fronti\u00e8re\u00a0? \u2013 Non Monsieur<\/em>. Et le juge de conclure<em>\u00a0: \u2013 On voit que le syst\u00e8me ne marche pas bien\u00a0\u00bb<\/em>. A sa sortie de prison en 2007, Monsieur Seydoux \u00e9cope \u00e9galement d\u2019une interdiction de cinq ans de revenir en France. Le pr\u00e9sident insiste. <em>\u00ab\u00a0Le malheur pour vous, ce sont les nouvelles lois sur l\u2019immigration. Dans lesquelles vous ne remplissez pas les conditions. D\u2019autant que les cinq ans d\u2019interdiction sont toujours en cours\u00a0\u00bb<\/em>. Est-ce la tension entre magistrats et gouvernement qui transparait dans ces propos\u00a0?<\/p>\n<p>Le procureur r\u00e9clame une peine de quatre mois d\u2019emprisonnement avec mandat de d\u00e9p\u00f4t (il repart directement en prison) et une interdiction de deux ans de territoire. L\u2019avocate de la d\u00e9fense entre en sc\u00e8ne. Et met \u00e9galement en lumi\u00e8re les limites des reconduites \u00e0 la fronti\u00e8re. <em>\u00ab\u00a0C\u2019est compliqu\u00e9 Monsieur le pr\u00e9sident, on ne l\u2019a pas raccompagn\u00e9, il devait donc rentrer par ses propres moyens. Et puis il n\u2019a pas de papiers pour faire les d\u00e9marches\u00a0\u00bb. <\/em>Et l\u2019avocate de conclure\u00a0<em>: \u00ab\u00a0Depuis 1998, c\u2019est sa deuxi\u00e8me proc\u00e9dure. Mais il utilisait ses documents pour faire un m\u00e9tier pas facile. Pour gagner sa vie\u00a0\u00bb<\/em>.<\/p>\n<p>Apr\u00e8s d\u00e9lib\u00e9ration, Monsieur Seydoux est jug\u00e9 coupable pour entr\u00e9e irr\u00e9guli\u00e8re et d\u00e9tention de papiers falsifi\u00e9s. Le juge requiert une peine de trois mois de prison ferme, avec mandat de d\u00e9p\u00f4t. <em>\u00ab\u00a0Monsieur Seydoux, \u00e0 la fin de votre peine, soit vous serez reconduit \u00e0 la fronti\u00e8re par les autorit\u00e9s, soit vous continuerez votre cavale\u00a0\u00bb<\/em>. M\u00eame les juges ne se font plus d\u2019illusion sur le syst\u00e8me de reconduite aux fronti\u00e8res.<\/p>\n<p>* Les noms sont volontairement chang\u00e9s<\/p>\n<\/div>\n<!-- AddThis Advanced Settings generic via filter on the_content --><!-- AddThis Share Buttons generic via filter on the_content -->","protected":false},"excerpt":{"rendered":"<p>Tribunal de Grande Instance de Lyon, mercredi 2 mars 2011. Ancienne chronique assez caract\u00e9ristique de la p\u00e9riode Sarkozy. Monsieur Seydoux* comparait aujourd\u2019hui devant le tribunal &hellip; <!-- AddThis Advanced Settings generic via filter on wp_trim_excerpt --><!-- AddThis Share Buttons generic via filter on wp_trim_excerpt --><\/p>\n","protected":false},"author":5,"featured_media":1313,"comment_status":"open","ping_status":"open","sticky":false,"template":"","format":"standard","meta":{"_FSMCFIC_featured_image_caption":"","_FSMCFIC_featured_image_nocaption":"","_FSMCFIC_featured_image_hide":"","footnotes":""},"categories":[5,4,2],"tags":[561,12,578,579,395,10,112,558,559],"class_list":["post-1329","post","type-post","status-publish","format-standard","has-post-thumbnail","hentry","category-ambiance","category-lyon","category-societe","tag-14e-chambre","tag-chronique","tag-comparution-immediate","tag-instance","tag-justice","tag-lyon-2","tag-lyon-bondy-blog","tag-tgi","tag-tribunal"],"yoast_head":"<!-- This site is optimized with the Yoast SEO plugin v22.8 - https:\/\/yoast.com\/wordpress\/plugins\/seo\/ -->\n<title>CHRONIQUE JUDICIAIRE : \u00ab Le syst\u00e8me ne marche pas bien \u00bb - Lyon Bondy Blog<\/title>\n<meta name=\"robots\" content=\"index, follow, max-snippet:-1, max-image-preview:large, max-video-preview:-1\" \/>\n<link rel=\"canonical\" href=\"https:\/\/lyonbondyblog.fr\/LBB\/chronique-judiciaire-le-systeme-ne-marche-pas-bien\/\" \/>\n<meta property=\"og:locale\" content=\"fr_FR\" \/>\n<meta property=\"og:type\" content=\"article\" \/>\n<meta property=\"og:title\" content=\"CHRONIQUE JUDICIAIRE : \u00ab Le syst\u00e8me ne marche pas bien \u00bb - Lyon Bondy Blog\" \/>\n<meta property=\"og:description\" content=\"Tribunal de Grande Instance de Lyon, mercredi 2 mars 2011. Ancienne chronique assez caract\u00e9ristique de la p\u00e9riode Sarkozy. Monsieur Seydoux* comparait aujourd\u2019hui devant le tribunal &hellip;\" \/>\n<meta property=\"og:url\" content=\"https:\/\/lyonbondyblog.fr\/LBB\/chronique-judiciaire-le-systeme-ne-marche-pas-bien\/\" \/>\n<meta property=\"og:site_name\" content=\"Lyon Bondy Blog\" \/>\n<meta property=\"article:publisher\" content=\"https:\/\/www.facebook.com\/lyonbondyblog\" \/>\n<meta property=\"article:author\" content=\"https:\/\/www.facebook.com\/horsdes.clous\" \/>\n<meta property=\"article:published_time\" content=\"2011-03-13T10:16:07+00:00\" \/>\n<meta property=\"article:modified_time\" content=\"2013-07-25T09:20:56+00:00\" \/>\n<meta property=\"og:image\" content=\"https:\/\/lyonbondyblog.fr\/LBB\/wp-content\/uploads\/2013\/07\/justice-Copie.jpg\" \/>\n\t<meta property=\"og:image:width\" content=\"400\" \/>\n\t<meta property=\"og:image:height\" content=\"200\" \/>\n\t<meta property=\"og:image:type\" content=\"image\/jpeg\" \/>\n<meta name=\"author\" content=\"Sebastien Gonzalvez\" \/>\n<meta name=\"twitter:card\" content=\"summary_large_image\" \/>\n<meta name=\"twitter:creator\" content=\"@HorsDesClous\" \/>\n<meta name=\"twitter:site\" content=\"@bondybloglyon\" \/>\n<script type=\"application\/ld+json\" class=\"yoast-schema-graph\">{\"@context\":\"https:\/\/schema.org\",\"@graph\":[{\"@type\":\"Article\",\"@id\":\"https:\/\/lyonbondyblog.fr\/LBB\/chronique-judiciaire-le-systeme-ne-marche-pas-bien\/#article\",\"isPartOf\":{\"@id\":\"https:\/\/lyonbondyblog.fr\/LBB\/chronique-judiciaire-le-systeme-ne-marche-pas-bien\/\"},\"author\":{\"name\":\"Sebastien Gonzalvez\",\"@id\":\"https:\/\/lyonbondyblog.fr\/LBB\/#\/schema\/person\/82f74993772cde3b8626b9080369ec0c\"},\"headline\":\"CHRONIQUE JUDICIAIRE : \u00ab Le syst\u00e8me ne marche pas bien \u00bb\",\"datePublished\":\"2011-03-13T10:16:07+00:00\",\"dateModified\":\"2013-07-25T09:20:56+00:00\",\"mainEntityOfPage\":{\"@id\":\"https:\/\/lyonbondyblog.fr\/LBB\/chronique-judiciaire-le-systeme-ne-marche-pas-bien\/\"},\"wordCount\":526,\"commentCount\":0,\"publisher\":{\"@id\":\"https:\/\/lyonbondyblog.fr\/LBB\/#organization\"},\"image\":{\"@id\":\"https:\/\/lyonbondyblog.fr\/LBB\/chronique-judiciaire-le-systeme-ne-marche-pas-bien\/#primaryimage\"},\"thumbnailUrl\":\"https:\/\/lyonbondyblog.fr\/LBB\/wp-content\/uploads\/2013\/07\/justice-Copie.jpg\",\"keywords\":[\"14e chambre\",\"chronique\",\"comparution imm\u00e9diate\",\"instance\",\"justice\",\"lyon\",\"Lyon Bondy Blog\",\"tgi\",\"tribunal\"],\"articleSection\":[\"Ambiance\",\"Lyon\",\"Soci\u00e9t\u00e9\"],\"inLanguage\":\"fr-FR\",\"potentialAction\":[{\"@type\":\"CommentAction\",\"name\":\"Comment\",\"target\":[\"https:\/\/lyonbondyblog.fr\/LBB\/chronique-judiciaire-le-systeme-ne-marche-pas-bien\/#respond\"]}]},{\"@type\":\"WebPage\",\"@id\":\"https:\/\/lyonbondyblog.fr\/LBB\/chronique-judiciaire-le-systeme-ne-marche-pas-bien\/\",\"url\":\"https:\/\/lyonbondyblog.fr\/LBB\/chronique-judiciaire-le-systeme-ne-marche-pas-bien\/\",\"name\":\"CHRONIQUE JUDICIAIRE : \u00ab Le syst\u00e8me ne marche pas bien \u00bb - Lyon Bondy Blog\",\"isPartOf\":{\"@id\":\"https:\/\/lyonbondyblog.fr\/LBB\/#website\"},\"primaryImageOfPage\":{\"@id\":\"https:\/\/lyonbondyblog.fr\/LBB\/chronique-judiciaire-le-systeme-ne-marche-pas-bien\/#primaryimage\"},\"image\":{\"@id\":\"https:\/\/lyonbondyblog.fr\/LBB\/chronique-judiciaire-le-systeme-ne-marche-pas-bien\/#primaryimage\"},\"thumbnailUrl\":\"https:\/\/lyonbondyblog.fr\/LBB\/wp-content\/uploads\/2013\/07\/justice-Copie.jpg\",\"datePublished\":\"2011-03-13T10:16:07+00:00\",\"dateModified\":\"2013-07-25T09:20:56+00:00\",\"inLanguage\":\"fr-FR\",\"potentialAction\":[{\"@type\":\"ReadAction\",\"target\":[\"https:\/\/lyonbondyblog.fr\/LBB\/chronique-judiciaire-le-systeme-ne-marche-pas-bien\/\"]}]},{\"@type\":\"ImageObject\",\"inLanguage\":\"fr-FR\",\"@id\":\"https:\/\/lyonbondyblog.fr\/LBB\/chronique-judiciaire-le-systeme-ne-marche-pas-bien\/#primaryimage\",\"url\":\"https:\/\/lyonbondyblog.fr\/LBB\/wp-content\/uploads\/2013\/07\/justice-Copie.jpg\",\"contentUrl\":\"https:\/\/lyonbondyblog.fr\/LBB\/wp-content\/uploads\/2013\/07\/justice-Copie.jpg\",\"width\":400,\"height\":200},{\"@type\":\"WebSite\",\"@id\":\"https:\/\/lyonbondyblog.fr\/LBB\/#website\",\"url\":\"https:\/\/lyonbondyblog.fr\/LBB\/\",\"name\":\"Lyon Bondy Blog\",\"description\":\"\",\"publisher\":{\"@id\":\"https:\/\/lyonbondyblog.fr\/LBB\/#organization\"},\"potentialAction\":[{\"@type\":\"SearchAction\",\"target\":{\"@type\":\"EntryPoint\",\"urlTemplate\":\"https:\/\/lyonbondyblog.fr\/LBB\/?s={search_term_string}\"},\"query-input\":\"required name=search_term_string\"}],\"inLanguage\":\"fr-FR\"},{\"@type\":\"Organization\",\"@id\":\"https:\/\/lyonbondyblog.fr\/LBB\/#organization\",\"name\":\"LYON BONDY BLOG\",\"url\":\"https:\/\/lyonbondyblog.fr\/LBB\/\",\"logo\":{\"@type\":\"ImageObject\",\"inLanguage\":\"fr-FR\",\"@id\":\"https:\/\/lyonbondyblog.fr\/LBB\/#\/schema\/logo\/image\/\",\"url\":\"http:\/\/lyonbondyblog.fr\/LBB\/wp-content\/uploads\/2014\/10\/logo-portable-144.png\",\"contentUrl\":\"http:\/\/lyonbondyblog.fr\/LBB\/wp-content\/uploads\/2014\/10\/logo-portable-144.png\",\"width\":144,\"height\":123,\"caption\":\"LYON BONDY BLOG\"},\"image\":{\"@id\":\"https:\/\/lyonbondyblog.fr\/LBB\/#\/schema\/logo\/image\/\"},\"sameAs\":[\"https:\/\/www.facebook.com\/lyonbondyblog\",\"https:\/\/x.com\/bondybloglyon\"]},{\"@type\":\"Person\",\"@id\":\"https:\/\/lyonbondyblog.fr\/LBB\/#\/schema\/person\/82f74993772cde3b8626b9080369ec0c\",\"name\":\"Sebastien Gonzalvez\",\"description\":\"Journaliste plurim\u00e9dias. R\u00e9dacteur en chef \u00e0 @BondyBlogLyon @HorsDesClous https:\/\/www.facebook.com\/horsdes.clous\",\"sameAs\":[\"https:\/\/www.facebook.com\/horsdes.clous\",\"https:\/\/x.com\/HorsDesClous\"],\"url\":\"https:\/\/lyonbondyblog.fr\/LBB\/author\/seb\/\"}]}<\/script>\n<!-- \/ Yoast SEO plugin. -->","yoast_head_json":{"title":"CHRONIQUE JUDICIAIRE : \u00ab Le syst\u00e8me ne marche pas bien \u00bb - Lyon Bondy Blog","robots":{"index":"index","follow":"follow","max-snippet":"max-snippet:-1","max-image-preview":"max-image-preview:large","max-video-preview":"max-video-preview:-1"},"canonical":"https:\/\/lyonbondyblog.fr\/LBB\/chronique-judiciaire-le-systeme-ne-marche-pas-bien\/","og_locale":"fr_FR","og_type":"article","og_title":"CHRONIQUE JUDICIAIRE : \u00ab Le syst\u00e8me ne marche pas bien \u00bb - Lyon Bondy Blog","og_description":"Tribunal de Grande Instance de Lyon, mercredi 2 mars 2011. Ancienne chronique assez caract\u00e9ristique de la p\u00e9riode Sarkozy. Monsieur Seydoux* comparait aujourd\u2019hui devant le tribunal &hellip;","og_url":"https:\/\/lyonbondyblog.fr\/LBB\/chronique-judiciaire-le-systeme-ne-marche-pas-bien\/","og_site_name":"Lyon Bondy Blog","article_publisher":"https:\/\/www.facebook.com\/lyonbondyblog","article_author":"https:\/\/www.facebook.com\/horsdes.clous","article_published_time":"2011-03-13T10:16:07+00:00","article_modified_time":"2013-07-25T09:20:56+00:00","og_image":[{"width":400,"height":200,"url":"https:\/\/lyonbondyblog.fr\/LBB\/wp-content\/uploads\/2013\/07\/justice-Copie.jpg","type":"image\/jpeg"}],"author":"Sebastien Gonzalvez","twitter_card":"summary_large_image","twitter_creator":"@HorsDesClous","twitter_site":"@bondybloglyon","schema":{"@context":"https:\/\/schema.org","@graph":[{"@type":"Article","@id":"https:\/\/lyonbondyblog.fr\/LBB\/chronique-judiciaire-le-systeme-ne-marche-pas-bien\/#article","isPartOf":{"@id":"https:\/\/lyonbondyblog.fr\/LBB\/chronique-judiciaire-le-systeme-ne-marche-pas-bien\/"},"author":{"name":"Sebastien Gonzalvez","@id":"https:\/\/lyonbondyblog.fr\/LBB\/#\/schema\/person\/82f74993772cde3b8626b9080369ec0c"},"headline":"CHRONIQUE JUDICIAIRE : \u00ab Le syst\u00e8me ne marche pas bien \u00bb","datePublished":"2011-03-13T10:16:07+00:00","dateModified":"2013-07-25T09:20:56+00:00","mainEntityOfPage":{"@id":"https:\/\/lyonbondyblog.fr\/LBB\/chronique-judiciaire-le-systeme-ne-marche-pas-bien\/"},"wordCount":526,"commentCount":0,"publisher":{"@id":"https:\/\/lyonbondyblog.fr\/LBB\/#organization"},"image":{"@id":"https:\/\/lyonbondyblog.fr\/LBB\/chronique-judiciaire-le-systeme-ne-marche-pas-bien\/#primaryimage"},"thumbnailUrl":"https:\/\/lyonbondyblog.fr\/LBB\/wp-content\/uploads\/2013\/07\/justice-Copie.jpg","keywords":["14e chambre","chronique","comparution imm\u00e9diate","instance","justice","lyon","Lyon Bondy Blog","tgi","tribunal"],"articleSection":["Ambiance","Lyon","Soci\u00e9t\u00e9"],"inLanguage":"fr-FR","potentialAction":[{"@type":"CommentAction","name":"Comment","target":["https:\/\/lyonbondyblog.fr\/LBB\/chronique-judiciaire-le-systeme-ne-marche-pas-bien\/#respond"]}]},{"@type":"WebPage","@id":"https:\/\/lyonbondyblog.fr\/LBB\/chronique-judiciaire-le-systeme-ne-marche-pas-bien\/","url":"https:\/\/lyonbondyblog.fr\/LBB\/chronique-judiciaire-le-systeme-ne-marche-pas-bien\/","name":"CHRONIQUE JUDICIAIRE : \u00ab Le syst\u00e8me ne marche pas bien \u00bb - Lyon Bondy Blog","isPartOf":{"@id":"https:\/\/lyonbondyblog.fr\/LBB\/#website"},"primaryImageOfPage":{"@id":"https:\/\/lyonbondyblog.fr\/LBB\/chronique-judiciaire-le-systeme-ne-marche-pas-bien\/#primaryimage"},"image":{"@id":"https:\/\/lyonbondyblog.fr\/LBB\/chronique-judiciaire-le-systeme-ne-marche-pas-bien\/#primaryimage"},"thumbnailUrl":"https:\/\/lyonbondyblog.fr\/LBB\/wp-content\/uploads\/2013\/07\/justice-Copie.jpg","datePublished":"2011-03-13T10:16:07+00:00","dateModified":"2013-07-25T09:20:56+00:00","inLanguage":"fr-FR","potentialAction":[{"@type":"ReadAction","target":["https:\/\/lyonbondyblog.fr\/LBB\/chronique-judiciaire-le-systeme-ne-marche-pas-bien\/"]}]},{"@type":"ImageObject","inLanguage":"fr-FR","@id":"https:\/\/lyonbondyblog.fr\/LBB\/chronique-judiciaire-le-systeme-ne-marche-pas-bien\/#primaryimage","url":"https:\/\/lyonbondyblog.fr\/LBB\/wp-content\/uploads\/2013\/07\/justice-Copie.jpg","contentUrl":"https:\/\/lyonbondyblog.fr\/LBB\/wp-content\/uploads\/2013\/07\/justice-Copie.jpg","width":400,"height":200},{"@type":"WebSite","@id":"https:\/\/lyonbondyblog.fr\/LBB\/#website","url":"https:\/\/lyonbondyblog.fr\/LBB\/","name":"Lyon Bondy Blog","description":"","publisher":{"@id":"https:\/\/lyonbondyblog.fr\/LBB\/#organization"},"potentialAction":[{"@type":"SearchAction","target":{"@type":"EntryPoint","urlTemplate":"https:\/\/lyonbondyblog.fr\/LBB\/?s={search_term_string}"},"query-input":"required name=search_term_string"}],"inLanguage":"fr-FR"},{"@type":"Organization","@id":"https:\/\/lyonbondyblog.fr\/LBB\/#organization","name":"LYON BONDY BLOG","url":"https:\/\/lyonbondyblog.fr\/LBB\/","logo":{"@type":"ImageObject","inLanguage":"fr-FR","@id":"https:\/\/lyonbondyblog.fr\/LBB\/#\/schema\/logo\/image\/","url":"http:\/\/lyonbondyblog.fr\/LBB\/wp-content\/uploads\/2014\/10\/logo-portable-144.png","contentUrl":"http:\/\/lyonbondyblog.fr\/LBB\/wp-content\/uploads\/2014\/10\/logo-portable-144.png","width":144,"height":123,"caption":"LYON BONDY BLOG"},"image":{"@id":"https:\/\/lyonbondyblog.fr\/LBB\/#\/schema\/logo\/image\/"},"sameAs":["https:\/\/www.facebook.com\/lyonbondyblog","https:\/\/x.com\/bondybloglyon"]},{"@type":"Person","@id":"https:\/\/lyonbondyblog.fr\/LBB\/#\/schema\/person\/82f74993772cde3b8626b9080369ec0c","name":"Sebastien Gonzalvez","description":"Journaliste plurim\u00e9dias. R\u00e9dacteur en chef \u00e0 @BondyBlogLyon @HorsDesClous https:\/\/www.facebook.com\/horsdes.clous","sameAs":["https:\/\/www.facebook.com\/horsdes.clous","https:\/\/x.com\/HorsDesClous"],"url":"https:\/\/lyonbondyblog.fr\/LBB\/author\/seb\/"}]}},"_links":{"self":[{"href":"https:\/\/lyonbondyblog.fr\/LBB\/wp-json\/wp\/v2\/posts\/1329","targetHints":{"allow":["GET"]}}],"collection":[{"href":"https:\/\/lyonbondyblog.fr\/LBB\/wp-json\/wp\/v2\/posts"}],"about":[{"href":"https:\/\/lyonbondyblog.fr\/LBB\/wp-json\/wp\/v2\/types\/post"}],"author":[{"embeddable":true,"href":"https:\/\/lyonbondyblog.fr\/LBB\/wp-json\/wp\/v2\/users\/5"}],"replies":[{"embeddable":true,"href":"https:\/\/lyonbondyblog.fr\/LBB\/wp-json\/wp\/v2\/comments?post=1329"}],"version-history":[{"count":0,"href":"https:\/\/lyonbondyblog.fr\/LBB\/wp-json\/wp\/v2\/posts\/1329\/revisions"}],"wp:featuredmedia":[{"embeddable":true,"href":"https:\/\/lyonbondyblog.fr\/LBB\/wp-json\/wp\/v2\/media\/1313"}],"wp:attachment":[{"href":"https:\/\/lyonbondyblog.fr\/LBB\/wp-json\/wp\/v2\/media?parent=1329"}],"wp:term":[{"taxonomy":"category","embeddable":true,"href":"https:\/\/lyonbondyblog.fr\/LBB\/wp-json\/wp\/v2\/categories?post=1329"},{"taxonomy":"post_tag","embeddable":true,"href":"https:\/\/lyonbondyblog.fr\/LBB\/wp-json\/wp\/v2\/tags?post=1329"}],"curies":[{"name":"wp","href":"https:\/\/api.w.org\/{rel}","templated":true}]}}