{"id":13280,"date":"2018-06-11T11:32:57","date_gmt":"2018-06-11T09:32:57","guid":{"rendered":"http:\/\/lyonbondyblog.fr\/LBB\/?p=13280"},"modified":"2018-06-11T18:35:10","modified_gmt":"2018-06-11T16:35:10","slug":"chronique-judiciaire-une-pluie-de-cannabis-stupefiante","status":"publish","type":"post","link":"https:\/\/lyonbondyblog.fr\/LBB\/chronique-judiciaire-une-pluie-de-cannabis-stupefiante\/","title":{"rendered":"Chronique Judiciaire : Une pluie de cannabis stup\u00e9fiante"},"content":{"rendered":"<p align=\"LEFT\"><span style=\"color: #000000;font-family: georgia, palatino, serif;font-size: 12pt\"><i>Tribunal de grande instance de Lyon, comparution imm\u00e9diate du mardi 5 juin 2018.<\/i><\/span><\/p>\n<p align=\"JUSTIFY\"><span style=\"color: #000000;font-family: georgia, palatino, serif;font-size: 12pt\">C&rsquo;est dans une salle dissip\u00e9e et bruyante, aux alentours de 15 heures, que compara\u00eet un nouveau pr\u00e9venu au tribunal de grande instance de Lyon. Sonnerie de t\u00e9l\u00e9phone, bavardages, ou encore va-et-vient des avocats&#8230; un remue-m\u00e9nage envahit le d\u00e9but de l&rsquo;audience. L&rsquo;huissier, contraint de hausser la voix, annonce le nom de l&rsquo;individu qui se pr\u00e9sente \u00e0 l&rsquo;int\u00e9rieur du box des accus\u00e9s. Entour\u00e9 par deux gardiens de la paix, Johan* n&rsquo;a pas l&rsquo;air de s&rsquo;inqui\u00e9ter de sa situation. Du haut de ses 25 ans, le jeune homme commence \u00e0 bien conna\u00eetre les quatre murs qui l&rsquo;entourent. D\u00e9j\u00e0 jug\u00e9 ult\u00e9rieurement pour plusieurs d\u00e9lits, il affronte la t\u00eate haute, d&rsquo;un air imperturbable et placide, les paroles du juge. N\u00e9anmoins, il se pourrait bien que cette fois, les faits reproch\u00e9s au r\u00e9cidiviste soient plus contraignants. <\/span><\/p>\n<p align=\"JUSTIFY\"><span style=\"color: #000000;font-family: georgia, palatino, serif;font-size: 12pt\">Actuellement plac\u00e9 en d\u00e9tention, Johan est suspect\u00e9 d&rsquo;avoir \u00ab\u00a0d\u00e9tenu sans autorisation du cannabis et d&rsquo;en avoir offert ou c\u00e9d\u00e9 du 15 mars au 24 avril 2018 dans la commune de V\u00e9nissieux\u00a0\u00bb, ville o\u00f9 il habite par ailleurs avec sa m\u00e8re. Selon les dires de madame le juge, il compara\u00eet \u00e9galement pour avoir \u00ab\u00a0r\u00e9sist\u00e9 avec violence, seul et sans arme, \u00e0 des policiers, boulevard L\u00e9nine\u00a0\u00bb. Seulement voil\u00e0, le cas de Johan est particulier. Depuis le 26 f\u00e9vrier, le jeune V\u00e9nissian \u00e9tait incarc\u00e9r\u00e9 en semi-libert\u00e9 pour lui permettre de trouver du travail, et ce, jusqu&rsquo;au 11 septembre 2018, avant d&rsquo;\u00eatre d\u00e9finitivement rel\u00e2ch\u00e9. Johan avait m\u00eame r\u00e9ussi \u00e0 obtenir un \u00e9largissement de cet am\u00e9nagement de peine, plus astreinte aux horaires impos\u00e9s. Visiblement, le jeune homme a pr\u00e9f\u00e9r\u00e9 profiter de son temps libre pour s&rsquo;abandonner \u00e0 quelques activit\u00e9s bien mieux r\u00e9mun\u00e9r\u00e9es qu&rsquo;un petit job sur les abords lyonnais.<\/span><\/p>\n<p align=\"JUSTIFY\"><span style=\"color: #000000;font-family: georgia, palatino, serif;font-size: 12pt\">Avant que Johan ne soit interpell\u00e9, les policiers avaient d\u00e9j\u00e0 men\u00e9 une enqu\u00eate pr\u00e9liminaire pour associer le gar\u00e7on au trafic de stup\u00e9fiants. Les faits remontent alors \u00e0 mi-avril. Un appel t\u00e9l\u00e9phonique anonyme interpelle la police municipale de V\u00e9nissieux. Une personne leur confie qu&rsquo;elle voit, depuis l&rsquo;immeuble o\u00f9 elle r\u00e9side, de la r\u00e9sine de cannabis \u00ab\u00a0sauter\u00a0\u00bb par dessus l&rsquo;appartement d&rsquo;un de ses voisins. Et qu&rsquo;\u00e0 partir de l\u00e0, un homme r\u00e9alise des livraisons \u00e0 l&rsquo;aide de son scooter. Les agents, intrigu\u00e9s par ces aveux d\u00e9concertants, envisagent donc de s&rsquo;int\u00e9resser au locataire de l&rsquo;appartement mentionn\u00e9. Quelques jours plus tard, apr\u00e8s s&rsquo;\u00eatre rendu compte que les accusations port\u00e9es par un inconnu s&rsquo;av\u00e9raient exactes, les policiers d\u00e9cident de contr\u00f4ler le r\u00e9sidant de l&rsquo;appartement, \u00e0 l&rsquo;ext\u00e9rieur de chez lui. Ce dernier finit par avouer qu&rsquo;il a \u00e9t\u00e9 forc\u00e9 par des vendeurs de drogue \u00e0 prendre dans son domicile les livraisons d&rsquo;un d\u00e9nomm\u00e9 \u00ab\u00a0Jojo\u00a0\u00bb, chef de l&rsquo;\u00e9quipe et personnage populaire du quartier. \u00ab\u00a0C&rsquo;est bien votre surnom Jojo\u00a0?\u00bb, interroge le juge, avant de continuer \u00e0 relater les faits. Johan, acquiesce en faisant un signe de la t\u00eate avant de l\u00e2cher un simple \u00ab\u00a0Oui\u00a0\u00bb.<\/span><\/p>\n<p align=\"JUSTIFY\"><span style=\"color: #000000;font-family: georgia, palatino, serif;font-size: 12pt\">S&rsquo;en suit une d\u00e9position au domicile du locataire. Arriv\u00e9s en bas de son immeuble, les agents se voient r\u00e9server un accueil des plus \u00ab\u00a0chaleureux\u00a0\u00bb par la jeunesse locale qui entoure le quartier. Jets de pierres, agressivit\u00e9, le tout saupoudr\u00e9 de quelques insultes r\u00e9sonne alors dans le boulevard. Au m\u00eame moment, d&rsquo;autres mineurs crient \u00ab\u00a0Jette jette ! \u00bb en dessous de l&rsquo;appartement perquisitionn\u00e9. Sans perdre une minute, les policiers se d\u00e9p\u00eachent d&rsquo;atteindre le logement, situ\u00e9 au 14e \u00e9tage. Lorsqu&rsquo;ils ouvrent la porte, ils aper\u00e7oivent deux adolescents p\u00e9trifi\u00e9s dans le salon et plus loin, Johan jetant des objets depuis la loggia. L&rsquo;individu tient dans sa main une valise noire qu&rsquo;il cherche \u00e0 exp\u00e9dier par dessus la fen\u00eatre. Les policiers, tentent en vain de le raisonner et de prendre l&rsquo;objet qu&rsquo;il poss\u00e8de. Cependant, Johan ne se montre pas vraiment coop\u00e9ratif. Il essaye m\u00eame de frapper l&rsquo;un des hommes avec le bagage en lui administrant un coup de coude. L&rsquo;accus\u00e9, compl\u00e8tement scandalis\u00e9 par les propos du juge plaide\u00a0: \u00ab\u00a0Je n&rsquo;ai jamais port\u00e9 un seul coup contre les policiers. Ils \u00e9taient quatre, j&rsquo;\u00e9tais bien conscient que je ne pouvais rien faire. On dirait une histoire de film ce que vous dites \u00bb. Le juge r\u00e9torque imm\u00e9diatement\u00a0: \u00ab\u00a0Une histoire de film qui vous a valu deux coups au visage et la r\u00e9alisation d&rsquo;un balayage, au vu des nombreux outils tranchants que les policiers vous ont vu regarder. C&rsquo;est seulement en vous ma\u00eetrisant et en vous \u00e9cartant de la fen\u00eatre que vous avez fini par \u00eatre interpell\u00e9. C&rsquo;est cela pour vous, rechercher assid\u00fbment du travail\u00a0?\u00a0\u00bb, questionne-t-il. Pour d\u00e9montrer son r\u00e9pondant, Johan pr\u00e9cise qu&rsquo;il a tout de m\u00eame r\u00e9ussi \u00e0 trouver un stage en restauration rapide, avant de d\u00e9fendre son r\u00f4le dans l&rsquo;affaire\u00a0: \u00ab\u00a0Je n&rsquo;\u00e9tais pas le g\u00e9rant. J&rsquo;\u00e9tais un simple revendeur, en bas de l&rsquo;\u00e9chelle. J&rsquo;admets avoir vendu des stup\u00e9fiants pendant un mois, je faisais \u00e7a pendant mes heures de semi-libert\u00e9 mais c&rsquo;est tout\u00a0\u00bb.<\/span><\/p>\n<p align=\"JUSTIFY\"><span style=\"color: #000000;font-family: georgia, palatino, serif;font-size: 12pt\">Au total, 11,2 kilos de r\u00e9sine de cannabis vont \u00eatre retrouv\u00e9s dans l&rsquo;appartement en plusieurs conditionnements, mardi 24 avril. Sans compter ceux qui ont \u00e9t\u00e9 r\u00e9ceptionn\u00e9s depuis le bas de l&rsquo;immeuble, par les jeunes lors de l&rsquo;interpellation de Johan. Des centaines d&#8217;emballages avec des inscriptions pour la vente au d\u00e9tail seront \u00e9galement identifi\u00e9s. La femme du locataire a indiqu\u00e9 par la suite qu&rsquo;elle et sa famille \u00e9taient victimes de pressions extr\u00eamement importantes. Menac\u00e9s de repr\u00e9sailles s&rsquo;ils n&rsquo;ex\u00e9cutaient pas les ordres, ils ont fini par accepter de garder chez eux la marchandise. \u00ab Les enfants des locataires ont aussi pr\u00e9cis\u00e9 qu&rsquo;ils vous voyaient poser et prendre des choses parfois sur le balcon. Vous passiez m\u00eame quand les parents n&rsquo;\u00e9taient pas pr\u00e9sents. Votre r\u00f4le n&rsquo;\u00e9tait pas tout \u00e0 fait celui que vous d\u00e9fendiez apparemment \u00bb, \u00e9voque le juge. Agac\u00e9 et ne tenant plus en place, l&rsquo;avocat de l&rsquo;accus\u00e9 se fait reprendre pour rester assis. Au vu des 11 autres mentions au casier judiciaire et de l&rsquo;accord de semi-libert\u00e9 non respect\u00e9, le procureur requiert 3 ans d&#8217;emprisonnement ferme contre Johan. <\/span><\/p>\n<p align=\"JUSTIFY\"><span style=\"color: #000000;font-family: georgia, palatino, serif;font-size: 12pt\">Suite au r\u00e9quisitoire fix\u00e9, l&rsquo;avocat de Johan, compl\u00e8tement \u00e9berlu\u00e9 par la peine \u00e9voqu\u00e9e, prend \u00e0 son tour la parole pour plaider en sa faveur. Sa voix occupe alors toute la salle d&rsquo;audience, laissant aux oubliettes le brouhaha du public en d\u00e9but de comparution. \u00ab\u00a0Je suis triste. Je suis extr\u00eamement triste pour Johan que je connais depuis sa premi\u00e8re incarc\u00e9ration. Certes, ce n&rsquo;est pas un angelot mais il n&rsquo;a pas vendu d&rsquo;h\u00e9ro\u00efne ou de coca\u00efne. On sait que le cannabis est partout, que la moiti\u00e9 des \u00e9l\u00e8ves fument. Et on commence \u00e0 se rendre compte, avec les diff\u00e9rentes \u00e9tudes men\u00e9es que la prohibition est vou\u00e9e \u00e0 l&rsquo;\u00e9chec. Le Portugal, \u00e0 c\u00f4t\u00e9 de chez nous, est un pays exemple avec la d\u00e9p\u00e9nalisation de toutes les drogues\u00a0\u00bb, d\u00e9veloppe-t-il. L&rsquo;avocat encha\u00eene son plaidoyer en insistant sur le caract\u00e8re \u00ab\u00a0charmant et gentil du jeune homme\u00a0\u00bb, avant d&rsquo;intervenir sur certains passages flous de l&rsquo;enqu\u00eate\u00a0: \u00ab\u00a0Est-ce qu&rsquo;on a trouv\u00e9 des \u00e9l\u00e9ments pour dire qu&rsquo;il s&rsquo;en soit mis plein les fouilles\u00a0? Parce que c&rsquo;est \u00e7a, si on veut essayer de lui \u00e9tablir un rang dans la monarchie des stup\u00e9fiants. On ouvre une instruction et on va v\u00e9rifier si effectivement celui-ci est g\u00e9rant ou non \u00bb. Positionn\u00e9 devant Johan, l&rsquo;avocat termine sa d\u00e9fense en laissant \u00e9clater sa col\u00e8re avec des termes forts, parfois m\u00eame grossiers\u00a0: \u00ab\u00a0On est dans une soci\u00e9t\u00e9 d&rsquo;une hypocrisie flagrante. Je trouve \u00e7a d\u00e9gueulasse ! La proc\u00e9dure p\u00e9nale est faite pour des gens comme lui, qui ont des vies de merde. Il faut qu&rsquo;on trouve des solutions plut\u00f4t que de mettre de c\u00f4t\u00e9 tous ces jeunes. On va \u00e0 l&rsquo;encontre de la marche du monde\u00a0\u00bb, conclut-il.<\/span><\/p>\n<p align=\"JUSTIFY\"><span style=\"font-family: georgia, palatino, serif;font-size: 12pt\"><span style=\"color: #000000\">Il est d\u00e9sormais 16 h 30. Le d\u00e9lib\u00e9r\u00e9 a lieu d&#8217;embl\u00e9e apr\u00e8s la cl\u00f4ture des d\u00e9bats. Une demi-heure\u00a0 plus tard, le tribunal prononce son jugement. Johan est condamn\u00e9 \u00e0 une peine de deux ans d&#8217;emprisonnement ferme ainsi que d&rsquo;un mandat de d\u00e9p\u00f4t.\u00a0<\/span><span style=\"color: #000000\">\u00c0\u00a0<\/span><span style=\"color: #000000\">l&rsquo;entente des paroles du juge, le pr\u00e9venu ne laisse entrevoir aucune \u00e9motion. Avant de sortir du box, Johan l\u00e8ve la main droite pour saluer ses amis, assis dans le fond de la salle, leur esquisse un l\u00e9ger sourire, puis s&rsquo;\u00e9loigne. <\/span><\/span><\/p>\n<p><span style=\"color: #000000;font-family: georgia, palatino, serif;font-size: 12pt\">Au suivant\u00a0!<\/span><\/p>\n<p><span style=\"color: #000000;font-family: georgia, palatino, serif;font-size: 12pt\">*Le pr\u00e9nom a \u00e9t\u00e9 modifi\u00e9 afin de pr\u00e9server l\u2019anonymat.<\/span><\/p>\n<!-- AddThis Advanced Settings generic via filter on the_content --><!-- AddThis Share Buttons generic via filter on the_content -->","protected":false},"excerpt":{"rendered":"<p>Tribunal de grande instance de Lyon, comparution imm\u00e9diate du mardi 5 juin 2018. C&rsquo;est dans une salle dissip\u00e9e et bruyante, aux alentours de 15 heures, &hellip; <!-- AddThis Advanced Settings generic via filter on wp_trim_excerpt --><!-- AddThis Share Buttons generic via filter on wp_trim_excerpt --><\/p>\n","protected":false},"author":5460,"featured_media":11274,"comment_status":"open","ping_status":"open","sticky":false,"template":"","format":"standard","meta":{"_FSMCFIC_featured_image_caption":"","_FSMCFIC_featured_image_nocaption":"","_FSMCFIC_featured_image_hide":"","footnotes":""},"categories":[965,3898,4],"tags":[],"class_list":["post-13280","post","type-post","status-publish","format-standard","has-post-thumbnail","hentry","category-chronique-judiciaire","category-justice","category-lyon"],"yoast_head":"<!-- This site is optimized with the Yoast SEO plugin v22.8 - https:\/\/yoast.com\/wordpress\/plugins\/seo\/ -->\n<title>Chronique Judiciaire : Une pluie de cannabis stup\u00e9fiante - Lyon Bondy Blog<\/title>\n<meta name=\"robots\" content=\"index, follow, max-snippet:-1, max-image-preview:large, max-video-preview:-1\" \/>\n<link rel=\"canonical\" href=\"https:\/\/lyonbondyblog.fr\/LBB\/chronique-judiciaire-une-pluie-de-cannabis-stupefiante\/\" \/>\n<meta property=\"og:locale\" content=\"fr_FR\" \/>\n<meta property=\"og:type\" content=\"article\" \/>\n<meta property=\"og:title\" content=\"Chronique Judiciaire : Une pluie de cannabis stup\u00e9fiante - Lyon Bondy Blog\" \/>\n<meta property=\"og:description\" content=\"Tribunal de grande instance de Lyon, comparution imm\u00e9diate du mardi 5 juin 2018. C&rsquo;est dans une salle dissip\u00e9e et bruyante, aux alentours de 15 heures, &hellip;\" \/>\n<meta property=\"og:url\" content=\"https:\/\/lyonbondyblog.fr\/LBB\/chronique-judiciaire-une-pluie-de-cannabis-stupefiante\/\" \/>\n<meta property=\"og:site_name\" content=\"Lyon Bondy Blog\" \/>\n<meta property=\"article:publisher\" content=\"https:\/\/www.facebook.com\/lyonbondyblog\" \/>\n<meta property=\"article:published_time\" content=\"2018-06-11T09:32:57+00:00\" \/>\n<meta property=\"article:modified_time\" content=\"2018-06-11T16:35:10+00:00\" \/>\n<meta property=\"og:image\" content=\"https:\/\/lyonbondyblog.fr\/LBB\/wp-content\/uploads\/2017\/04\/justicefiction_visuel-1024x681.jpg\" \/>\n\t<meta property=\"og:image:width\" content=\"1024\" \/>\n\t<meta property=\"og:image:height\" content=\"681\" \/>\n\t<meta property=\"og:image:type\" content=\"image\/jpeg\" \/>\n<meta name=\"author\" content=\"C\u00e9lia Demolis\" \/>\n<meta name=\"twitter:card\" content=\"summary_large_image\" \/>\n<meta name=\"twitter:creator\" content=\"@bondybloglyon\" \/>\n<meta name=\"twitter:site\" content=\"@bondybloglyon\" \/>\n<script type=\"application\/ld+json\" class=\"yoast-schema-graph\">{\"@context\":\"https:\/\/schema.org\",\"@graph\":[{\"@type\":\"Article\",\"@id\":\"https:\/\/lyonbondyblog.fr\/LBB\/chronique-judiciaire-une-pluie-de-cannabis-stupefiante\/#article\",\"isPartOf\":{\"@id\":\"https:\/\/lyonbondyblog.fr\/LBB\/chronique-judiciaire-une-pluie-de-cannabis-stupefiante\/\"},\"author\":{\"name\":\"C\u00e9lia Demolis\",\"@id\":\"https:\/\/lyonbondyblog.fr\/LBB\/#\/schema\/person\/4a4f51973812292781d17b5d909e7af7\"},\"headline\":\"Chronique Judiciaire : Une pluie de cannabis stup\u00e9fiante\",\"datePublished\":\"2018-06-11T09:32:57+00:00\",\"dateModified\":\"2018-06-11T16:35:10+00:00\",\"mainEntityOfPage\":{\"@id\":\"https:\/\/lyonbondyblog.fr\/LBB\/chronique-judiciaire-une-pluie-de-cannabis-stupefiante\/\"},\"wordCount\":1469,\"commentCount\":0,\"publisher\":{\"@id\":\"https:\/\/lyonbondyblog.fr\/LBB\/#organization\"},\"image\":{\"@id\":\"https:\/\/lyonbondyblog.fr\/LBB\/chronique-judiciaire-une-pluie-de-cannabis-stupefiante\/#primaryimage\"},\"thumbnailUrl\":\"https:\/\/lyonbondyblog.fr\/LBB\/wp-content\/uploads\/2017\/04\/justicefiction_visuel.jpg\",\"articleSection\":[\"Chronique judiciaire\",\"Justice\",\"Lyon\"],\"inLanguage\":\"fr-FR\",\"potentialAction\":[{\"@type\":\"CommentAction\",\"name\":\"Comment\",\"target\":[\"https:\/\/lyonbondyblog.fr\/LBB\/chronique-judiciaire-une-pluie-de-cannabis-stupefiante\/#respond\"]}]},{\"@type\":\"WebPage\",\"@id\":\"https:\/\/lyonbondyblog.fr\/LBB\/chronique-judiciaire-une-pluie-de-cannabis-stupefiante\/\",\"url\":\"https:\/\/lyonbondyblog.fr\/LBB\/chronique-judiciaire-une-pluie-de-cannabis-stupefiante\/\",\"name\":\"Chronique Judiciaire : Une pluie de cannabis stup\u00e9fiante - Lyon Bondy Blog\",\"isPartOf\":{\"@id\":\"https:\/\/lyonbondyblog.fr\/LBB\/#website\"},\"primaryImageOfPage\":{\"@id\":\"https:\/\/lyonbondyblog.fr\/LBB\/chronique-judiciaire-une-pluie-de-cannabis-stupefiante\/#primaryimage\"},\"image\":{\"@id\":\"https:\/\/lyonbondyblog.fr\/LBB\/chronique-judiciaire-une-pluie-de-cannabis-stupefiante\/#primaryimage\"},\"thumbnailUrl\":\"https:\/\/lyonbondyblog.fr\/LBB\/wp-content\/uploads\/2017\/04\/justicefiction_visuel.jpg\",\"datePublished\":\"2018-06-11T09:32:57+00:00\",\"dateModified\":\"2018-06-11T16:35:10+00:00\",\"inLanguage\":\"fr-FR\",\"potentialAction\":[{\"@type\":\"ReadAction\",\"target\":[\"https:\/\/lyonbondyblog.fr\/LBB\/chronique-judiciaire-une-pluie-de-cannabis-stupefiante\/\"]}]},{\"@type\":\"ImageObject\",\"inLanguage\":\"fr-FR\",\"@id\":\"https:\/\/lyonbondyblog.fr\/LBB\/chronique-judiciaire-une-pluie-de-cannabis-stupefiante\/#primaryimage\",\"url\":\"https:\/\/lyonbondyblog.fr\/LBB\/wp-content\/uploads\/2017\/04\/justicefiction_visuel.jpg\",\"contentUrl\":\"https:\/\/lyonbondyblog.fr\/LBB\/wp-content\/uploads\/2017\/04\/justicefiction_visuel.jpg\",\"width\":\"4256\",\"height\":\"2832\"},{\"@type\":\"WebSite\",\"@id\":\"https:\/\/lyonbondyblog.fr\/LBB\/#website\",\"url\":\"https:\/\/lyonbondyblog.fr\/LBB\/\",\"name\":\"Lyon Bondy Blog\",\"description\":\"\",\"publisher\":{\"@id\":\"https:\/\/lyonbondyblog.fr\/LBB\/#organization\"},\"potentialAction\":[{\"@type\":\"SearchAction\",\"target\":{\"@type\":\"EntryPoint\",\"urlTemplate\":\"https:\/\/lyonbondyblog.fr\/LBB\/?s={search_term_string}\"},\"query-input\":\"required name=search_term_string\"}],\"inLanguage\":\"fr-FR\"},{\"@type\":\"Organization\",\"@id\":\"https:\/\/lyonbondyblog.fr\/LBB\/#organization\",\"name\":\"LYON BONDY BLOG\",\"url\":\"https:\/\/lyonbondyblog.fr\/LBB\/\",\"logo\":{\"@type\":\"ImageObject\",\"inLanguage\":\"fr-FR\",\"@id\":\"https:\/\/lyonbondyblog.fr\/LBB\/#\/schema\/logo\/image\/\",\"url\":\"http:\/\/lyonbondyblog.fr\/LBB\/wp-content\/uploads\/2014\/10\/logo-portable-144.png\",\"contentUrl\":\"http:\/\/lyonbondyblog.fr\/LBB\/wp-content\/uploads\/2014\/10\/logo-portable-144.png\",\"width\":144,\"height\":123,\"caption\":\"LYON BONDY BLOG\"},\"image\":{\"@id\":\"https:\/\/lyonbondyblog.fr\/LBB\/#\/schema\/logo\/image\/\"},\"sameAs\":[\"https:\/\/www.facebook.com\/lyonbondyblog\",\"https:\/\/x.com\/bondybloglyon\"]},{\"@type\":\"Person\",\"@id\":\"https:\/\/lyonbondyblog.fr\/LBB\/#\/schema\/person\/4a4f51973812292781d17b5d909e7af7\",\"name\":\"C\u00e9lia Demolis\",\"url\":\"https:\/\/lyonbondyblog.fr\/LBB\/author\/celia_demolis\/\"}]}<\/script>\n<!-- \/ Yoast SEO plugin. -->","yoast_head_json":{"title":"Chronique Judiciaire : Une pluie de cannabis stup\u00e9fiante - Lyon Bondy Blog","robots":{"index":"index","follow":"follow","max-snippet":"max-snippet:-1","max-image-preview":"max-image-preview:large","max-video-preview":"max-video-preview:-1"},"canonical":"https:\/\/lyonbondyblog.fr\/LBB\/chronique-judiciaire-une-pluie-de-cannabis-stupefiante\/","og_locale":"fr_FR","og_type":"article","og_title":"Chronique Judiciaire : Une pluie de cannabis stup\u00e9fiante - Lyon Bondy Blog","og_description":"Tribunal de grande instance de Lyon, comparution imm\u00e9diate du mardi 5 juin 2018. C&rsquo;est dans une salle dissip\u00e9e et bruyante, aux alentours de 15 heures, &hellip;","og_url":"https:\/\/lyonbondyblog.fr\/LBB\/chronique-judiciaire-une-pluie-de-cannabis-stupefiante\/","og_site_name":"Lyon Bondy Blog","article_publisher":"https:\/\/www.facebook.com\/lyonbondyblog","article_published_time":"2018-06-11T09:32:57+00:00","article_modified_time":"2018-06-11T16:35:10+00:00","og_image":[{"width":"1024","height":"681","url":"https:\/\/lyonbondyblog.fr\/LBB\/wp-content\/uploads\/2017\/04\/justicefiction_visuel-1024x681.jpg","type":"image\/jpeg"}],"author":"C\u00e9lia Demolis","twitter_card":"summary_large_image","twitter_creator":"@bondybloglyon","twitter_site":"@bondybloglyon","schema":{"@context":"https:\/\/schema.org","@graph":[{"@type":"Article","@id":"https:\/\/lyonbondyblog.fr\/LBB\/chronique-judiciaire-une-pluie-de-cannabis-stupefiante\/#article","isPartOf":{"@id":"https:\/\/lyonbondyblog.fr\/LBB\/chronique-judiciaire-une-pluie-de-cannabis-stupefiante\/"},"author":{"name":"C\u00e9lia Demolis","@id":"https:\/\/lyonbondyblog.fr\/LBB\/#\/schema\/person\/4a4f51973812292781d17b5d909e7af7"},"headline":"Chronique Judiciaire : Une pluie de cannabis stup\u00e9fiante","datePublished":"2018-06-11T09:32:57+00:00","dateModified":"2018-06-11T16:35:10+00:00","mainEntityOfPage":{"@id":"https:\/\/lyonbondyblog.fr\/LBB\/chronique-judiciaire-une-pluie-de-cannabis-stupefiante\/"},"wordCount":1469,"commentCount":0,"publisher":{"@id":"https:\/\/lyonbondyblog.fr\/LBB\/#organization"},"image":{"@id":"https:\/\/lyonbondyblog.fr\/LBB\/chronique-judiciaire-une-pluie-de-cannabis-stupefiante\/#primaryimage"},"thumbnailUrl":"https:\/\/lyonbondyblog.fr\/LBB\/wp-content\/uploads\/2017\/04\/justicefiction_visuel.jpg","articleSection":["Chronique judiciaire","Justice","Lyon"],"inLanguage":"fr-FR","potentialAction":[{"@type":"CommentAction","name":"Comment","target":["https:\/\/lyonbondyblog.fr\/LBB\/chronique-judiciaire-une-pluie-de-cannabis-stupefiante\/#respond"]}]},{"@type":"WebPage","@id":"https:\/\/lyonbondyblog.fr\/LBB\/chronique-judiciaire-une-pluie-de-cannabis-stupefiante\/","url":"https:\/\/lyonbondyblog.fr\/LBB\/chronique-judiciaire-une-pluie-de-cannabis-stupefiante\/","name":"Chronique Judiciaire : Une pluie de cannabis stup\u00e9fiante - Lyon Bondy Blog","isPartOf":{"@id":"https:\/\/lyonbondyblog.fr\/LBB\/#website"},"primaryImageOfPage":{"@id":"https:\/\/lyonbondyblog.fr\/LBB\/chronique-judiciaire-une-pluie-de-cannabis-stupefiante\/#primaryimage"},"image":{"@id":"https:\/\/lyonbondyblog.fr\/LBB\/chronique-judiciaire-une-pluie-de-cannabis-stupefiante\/#primaryimage"},"thumbnailUrl":"https:\/\/lyonbondyblog.fr\/LBB\/wp-content\/uploads\/2017\/04\/justicefiction_visuel.jpg","datePublished":"2018-06-11T09:32:57+00:00","dateModified":"2018-06-11T16:35:10+00:00","inLanguage":"fr-FR","potentialAction":[{"@type":"ReadAction","target":["https:\/\/lyonbondyblog.fr\/LBB\/chronique-judiciaire-une-pluie-de-cannabis-stupefiante\/"]}]},{"@type":"ImageObject","inLanguage":"fr-FR","@id":"https:\/\/lyonbondyblog.fr\/LBB\/chronique-judiciaire-une-pluie-de-cannabis-stupefiante\/#primaryimage","url":"https:\/\/lyonbondyblog.fr\/LBB\/wp-content\/uploads\/2017\/04\/justicefiction_visuel.jpg","contentUrl":"https:\/\/lyonbondyblog.fr\/LBB\/wp-content\/uploads\/2017\/04\/justicefiction_visuel.jpg","width":"4256","height":"2832"},{"@type":"WebSite","@id":"https:\/\/lyonbondyblog.fr\/LBB\/#website","url":"https:\/\/lyonbondyblog.fr\/LBB\/","name":"Lyon Bondy Blog","description":"","publisher":{"@id":"https:\/\/lyonbondyblog.fr\/LBB\/#organization"},"potentialAction":[{"@type":"SearchAction","target":{"@type":"EntryPoint","urlTemplate":"https:\/\/lyonbondyblog.fr\/LBB\/?s={search_term_string}"},"query-input":"required name=search_term_string"}],"inLanguage":"fr-FR"},{"@type":"Organization","@id":"https:\/\/lyonbondyblog.fr\/LBB\/#organization","name":"LYON BONDY BLOG","url":"https:\/\/lyonbondyblog.fr\/LBB\/","logo":{"@type":"ImageObject","inLanguage":"fr-FR","@id":"https:\/\/lyonbondyblog.fr\/LBB\/#\/schema\/logo\/image\/","url":"http:\/\/lyonbondyblog.fr\/LBB\/wp-content\/uploads\/2014\/10\/logo-portable-144.png","contentUrl":"http:\/\/lyonbondyblog.fr\/LBB\/wp-content\/uploads\/2014\/10\/logo-portable-144.png","width":144,"height":123,"caption":"LYON BONDY BLOG"},"image":{"@id":"https:\/\/lyonbondyblog.fr\/LBB\/#\/schema\/logo\/image\/"},"sameAs":["https:\/\/www.facebook.com\/lyonbondyblog","https:\/\/x.com\/bondybloglyon"]},{"@type":"Person","@id":"https:\/\/lyonbondyblog.fr\/LBB\/#\/schema\/person\/4a4f51973812292781d17b5d909e7af7","name":"C\u00e9lia Demolis","url":"https:\/\/lyonbondyblog.fr\/LBB\/author\/celia_demolis\/"}]}},"_links":{"self":[{"href":"https:\/\/lyonbondyblog.fr\/LBB\/wp-json\/wp\/v2\/posts\/13280","targetHints":{"allow":["GET"]}}],"collection":[{"href":"https:\/\/lyonbondyblog.fr\/LBB\/wp-json\/wp\/v2\/posts"}],"about":[{"href":"https:\/\/lyonbondyblog.fr\/LBB\/wp-json\/wp\/v2\/types\/post"}],"author":[{"embeddable":true,"href":"https:\/\/lyonbondyblog.fr\/LBB\/wp-json\/wp\/v2\/users\/5460"}],"replies":[{"embeddable":true,"href":"https:\/\/lyonbondyblog.fr\/LBB\/wp-json\/wp\/v2\/comments?post=13280"}],"version-history":[{"count":12,"href":"https:\/\/lyonbondyblog.fr\/LBB\/wp-json\/wp\/v2\/posts\/13280\/revisions"}],"predecessor-version":[{"id":13319,"href":"https:\/\/lyonbondyblog.fr\/LBB\/wp-json\/wp\/v2\/posts\/13280\/revisions\/13319"}],"wp:featuredmedia":[{"embeddable":true,"href":"https:\/\/lyonbondyblog.fr\/LBB\/wp-json\/wp\/v2\/media\/11274"}],"wp:attachment":[{"href":"https:\/\/lyonbondyblog.fr\/LBB\/wp-json\/wp\/v2\/media?parent=13280"}],"wp:term":[{"taxonomy":"category","embeddable":true,"href":"https:\/\/lyonbondyblog.fr\/LBB\/wp-json\/wp\/v2\/categories?post=13280"},{"taxonomy":"post_tag","embeddable":true,"href":"https:\/\/lyonbondyblog.fr\/LBB\/wp-json\/wp\/v2\/tags?post=13280"}],"curies":[{"name":"wp","href":"https:\/\/api.w.org\/{rel}","templated":true}]}}