{"id":13273,"date":"2018-06-07T17:01:24","date_gmt":"2018-06-07T15:01:24","guid":{"rendered":"http:\/\/lyonbondyblog.fr\/LBB\/?p=13273"},"modified":"2018-06-08T09:25:59","modified_gmt":"2018-06-08T07:25:59","slug":"lecole-gilbert-dru-occupee-pour-soutenir-une-famille-a-la-rue","status":"publish","type":"post","link":"https:\/\/lyonbondyblog.fr\/LBB\/lecole-gilbert-dru-occupee-pour-soutenir-une-famille-a-la-rue\/","title":{"rendered":"L\u2019\u00e9cole Gilbert Dru occup\u00e9e pour soutenir une famille \u00e0 la rue"},"content":{"rendered":"<p><strong>Un go\u00fbter solidaire est organis\u00e9 aujourd\u2019hui depuis&nbsp;16h30 \u00e0 l\u2019\u00e9cole Gilbert Dru, situ\u00e9e grande rue de Guilloti\u00e8re, en soutien d\u2019une famille originaire de Bosnie qui s\u2019est retrouv\u00e9e sans domicile. La famille de 5 personnes, dont 3 enfants scolaris\u00e9s \u00e0 l\u2019\u00e9cole Gilbert Dru,&nbsp;est arriv\u00e9e en France en 2012 et avait d\u00e9j\u00e0 v\u00e9cu des difficult\u00e9s similaires auparavant.<\/strong><\/p>\n<p>Jusqu\u2019au 31 mai, la famille habitait dans un appartement dont le bail a cess\u00e9. Depuis ce jour-l\u00e0, ils ont d\u2019abord \u00e9t\u00e9 h\u00e9berg\u00e9s par des parents d\u2019\u00e9l\u00e8ve, puis ont pass\u00e9 deux nuits \u00e0 l\u2019h\u00f4tel pay\u00e9es par un go\u00fbter solidaire. Le lundi 4 juin, ne trouvant plus de solutions, un collectif de parents et d\u2019enseignants ont commenc\u00e9 \u00e0 occuper l\u2019\u00e9cole chaque nuit pour faire entendre leur voix.<\/p>\n<p>L\u2019\u00e9cole Gibert Dru est famili\u00e8re avec ce genre de situation. En septembre 2016, <a href=\"https:\/\/www.rue89lyon.fr\/2016\/09\/28\/enfants-sdf-lecole-gilbert-dru-de-guillotiere-deja-rue\/\">un rassemblement avait \u00e9t\u00e9 organis\u00e9<\/a> pour trouver une solution au probl\u00e8me de l\u2019h\u00e9bergement de dix enfants sans-abri de l\u2019\u00e9cole. Cette situation repose la question des <a href=\"https:\/\/lyonbondyblog.fr\/LBB\/300-enfants-lagglomeration-lyonnaise-dorment\/\">enfants \u00e0 la rue dans l\u2019agglom\u00e9ration lyonnaise<\/a>.<\/p>\n<p style=\"text-align: right;\"><strong>Melek Gunes<\/strong><\/p>\n<!-- AddThis Advanced Settings generic via filter on the_content --><!-- AddThis Share Buttons generic via filter on the_content -->","protected":false},"excerpt":{"rendered":"<p>Un go\u00fbter solidaire est organis\u00e9 aujourd\u2019hui depuis&nbsp;16h30 \u00e0 l\u2019\u00e9cole Gilbert Dru, situ\u00e9e grande rue de Guilloti\u00e8re, en soutien d\u2019une famille originaire de Bosnie qui s\u2019est &hellip; <!-- AddThis Advanced Settings generic via filter on wp_trim_excerpt --><!-- AddThis Share Buttons generic via filter on wp_trim_excerpt --><\/p>\n","protected":false},"author":5459,"featured_media":13275,"comment_status":"open","ping_status":"open","sticky":false,"template":"","format":"standard","meta":{"_FSMCFIC_featured_image_caption":"","_FSMCFIC_featured_image_nocaption":"","_FSMCFIC_featured_image_hide":"","footnotes":""},"categories":[4,2],"tags":[],"class_list":["post-13273","post","type-post","status-publish","format-standard","has-post-thumbnail","hentry","category-lyon","category-societe"],"yoast_head":"<!-- This site is optimized with the Yoast SEO plugin v22.8 - https:\/\/yoast.com\/wordpress\/plugins\/seo\/ -->\n<title>L\u2019\u00e9cole Gilbert Dru occup\u00e9e pour soutenir une famille \u00e0 la rue - Lyon Bondy Blog<\/title>\n<meta name=\"robots\" content=\"index, follow, max-snippet:-1, max-image-preview:large, max-video-preview:-1\" \/>\n<link rel=\"canonical\" href=\"https:\/\/lyonbondyblog.fr\/LBB\/lecole-gilbert-dru-occupee-pour-soutenir-une-famille-a-la-rue\/\" \/>\n<meta property=\"og:locale\" content=\"fr_FR\" \/>\n<meta property=\"og:type\" content=\"article\" \/>\n<meta property=\"og:title\" content=\"L\u2019\u00e9cole Gilbert Dru occup\u00e9e pour soutenir une famille \u00e0 la rue - Lyon Bondy Blog\" \/>\n<meta property=\"og:description\" content=\"Un go\u00fbter solidaire est organis\u00e9 aujourd\u2019hui depuis&nbsp;16h30 \u00e0 l\u2019\u00e9cole Gilbert Dru, situ\u00e9e grande rue de Guilloti\u00e8re, en soutien d\u2019une famille originaire de Bosnie qui s\u2019est &hellip;\" \/>\n<meta property=\"og:url\" content=\"https:\/\/lyonbondyblog.fr\/LBB\/lecole-gilbert-dru-occupee-pour-soutenir-une-famille-a-la-rue\/\" \/>\n<meta property=\"og:site_name\" content=\"Lyon Bondy Blog\" \/>\n<meta property=\"article:publisher\" content=\"https:\/\/www.facebook.com\/lyonbondyblog\" \/>\n<meta property=\"article:published_time\" content=\"2018-06-07T15:01:24+00:00\" \/>\n<meta property=\"article:modified_time\" content=\"2018-06-08T07:25:59+00:00\" \/>\n<meta property=\"og:image\" content=\"https:\/\/lyonbondyblog.fr\/LBB\/wp-content\/uploads\/2018\/06\/IMG-20180604-WA0000.jpg\" \/>\n\t<meta property=\"og:image:width\" content=\"1600\" \/>\n\t<meta property=\"og:image:height\" content=\"1200\" \/>\n\t<meta property=\"og:image:type\" content=\"image\/jpeg\" \/>\n<meta name=\"author\" content=\"Melek Gunes\" \/>\n<meta name=\"twitter:card\" content=\"summary_large_image\" \/>\n<meta name=\"twitter:creator\" content=\"@bondybloglyon\" \/>\n<meta name=\"twitter:site\" content=\"@bondybloglyon\" \/>\n<script type=\"application\/ld+json\" class=\"yoast-schema-graph\">{\"@context\":\"https:\/\/schema.org\",\"@graph\":[{\"@type\":\"Article\",\"@id\":\"https:\/\/lyonbondyblog.fr\/LBB\/lecole-gilbert-dru-occupee-pour-soutenir-une-famille-a-la-rue\/#article\",\"isPartOf\":{\"@id\":\"https:\/\/lyonbondyblog.fr\/LBB\/lecole-gilbert-dru-occupee-pour-soutenir-une-famille-a-la-rue\/\"},\"author\":{\"name\":\"Melek Gunes\",\"@id\":\"https:\/\/lyonbondyblog.fr\/LBB\/#\/schema\/person\/6fa49e456fa13e2867a91c4b33659963\"},\"headline\":\"L\u2019\u00e9cole Gilbert Dru occup\u00e9e pour soutenir une famille \u00e0 la rue\",\"datePublished\":\"2018-06-07T15:01:24+00:00\",\"dateModified\":\"2018-06-08T07:25:59+00:00\",\"mainEntityOfPage\":{\"@id\":\"https:\/\/lyonbondyblog.fr\/LBB\/lecole-gilbert-dru-occupee-pour-soutenir-une-famille-a-la-rue\/\"},\"wordCount\":205,\"commentCount\":0,\"publisher\":{\"@id\":\"https:\/\/lyonbondyblog.fr\/LBB\/#organization\"},\"image\":{\"@id\":\"https:\/\/lyonbondyblog.fr\/LBB\/lecole-gilbert-dru-occupee-pour-soutenir-une-famille-a-la-rue\/#primaryimage\"},\"thumbnailUrl\":\"https:\/\/lyonbondyblog.fr\/LBB\/wp-content\/uploads\/2018\/06\/IMG-20180604-WA0000.jpg\",\"articleSection\":[\"Lyon\",\"Soci\u00e9t\u00e9\"],\"inLanguage\":\"fr-FR\",\"potentialAction\":[{\"@type\":\"CommentAction\",\"name\":\"Comment\",\"target\":[\"https:\/\/lyonbondyblog.fr\/LBB\/lecole-gilbert-dru-occupee-pour-soutenir-une-famille-a-la-rue\/#respond\"]}]},{\"@type\":\"WebPage\",\"@id\":\"https:\/\/lyonbondyblog.fr\/LBB\/lecole-gilbert-dru-occupee-pour-soutenir-une-famille-a-la-rue\/\",\"url\":\"https:\/\/lyonbondyblog.fr\/LBB\/lecole-gilbert-dru-occupee-pour-soutenir-une-famille-a-la-rue\/\",\"name\":\"L\u2019\u00e9cole Gilbert Dru occup\u00e9e pour soutenir une famille \u00e0 la rue - Lyon Bondy Blog\",\"isPartOf\":{\"@id\":\"https:\/\/lyonbondyblog.fr\/LBB\/#website\"},\"primaryImageOfPage\":{\"@id\":\"https:\/\/lyonbondyblog.fr\/LBB\/lecole-gilbert-dru-occupee-pour-soutenir-une-famille-a-la-rue\/#primaryimage\"},\"image\":{\"@id\":\"https:\/\/lyonbondyblog.fr\/LBB\/lecole-gilbert-dru-occupee-pour-soutenir-une-famille-a-la-rue\/#primaryimage\"},\"thumbnailUrl\":\"https:\/\/lyonbondyblog.fr\/LBB\/wp-content\/uploads\/2018\/06\/IMG-20180604-WA0000.jpg\",\"datePublished\":\"2018-06-07T15:01:24+00:00\",\"dateModified\":\"2018-06-08T07:25:59+00:00\",\"inLanguage\":\"fr-FR\",\"potentialAction\":[{\"@type\":\"ReadAction\",\"target\":[\"https:\/\/lyonbondyblog.fr\/LBB\/lecole-gilbert-dru-occupee-pour-soutenir-une-famille-a-la-rue\/\"]}]},{\"@type\":\"ImageObject\",\"inLanguage\":\"fr-FR\",\"@id\":\"https:\/\/lyonbondyblog.fr\/LBB\/lecole-gilbert-dru-occupee-pour-soutenir-une-famille-a-la-rue\/#primaryimage\",\"url\":\"https:\/\/lyonbondyblog.fr\/LBB\/wp-content\/uploads\/2018\/06\/IMG-20180604-WA0000.jpg\",\"contentUrl\":\"https:\/\/lyonbondyblog.fr\/LBB\/wp-content\/uploads\/2018\/06\/IMG-20180604-WA0000.jpg\",\"width\":\"1600\",\"height\":\"1200\",\"caption\":\"Cr\u00e9dit Julie Mulot.\"},{\"@type\":\"WebSite\",\"@id\":\"https:\/\/lyonbondyblog.fr\/LBB\/#website\",\"url\":\"https:\/\/lyonbondyblog.fr\/LBB\/\",\"name\":\"Lyon Bondy Blog\",\"description\":\"\",\"publisher\":{\"@id\":\"https:\/\/lyonbondyblog.fr\/LBB\/#organization\"},\"potentialAction\":[{\"@type\":\"SearchAction\",\"target\":{\"@type\":\"EntryPoint\",\"urlTemplate\":\"https:\/\/lyonbondyblog.fr\/LBB\/?s={search_term_string}\"},\"query-input\":\"required name=search_term_string\"}],\"inLanguage\":\"fr-FR\"},{\"@type\":\"Organization\",\"@id\":\"https:\/\/lyonbondyblog.fr\/LBB\/#organization\",\"name\":\"LYON BONDY BLOG\",\"url\":\"https:\/\/lyonbondyblog.fr\/LBB\/\",\"logo\":{\"@type\":\"ImageObject\",\"inLanguage\":\"fr-FR\",\"@id\":\"https:\/\/lyonbondyblog.fr\/LBB\/#\/schema\/logo\/image\/\",\"url\":\"http:\/\/lyonbondyblog.fr\/LBB\/wp-content\/uploads\/2014\/10\/logo-portable-144.png\",\"contentUrl\":\"http:\/\/lyonbondyblog.fr\/LBB\/wp-content\/uploads\/2014\/10\/logo-portable-144.png\",\"width\":144,\"height\":123,\"caption\":\"LYON BONDY BLOG\"},\"image\":{\"@id\":\"https:\/\/lyonbondyblog.fr\/LBB\/#\/schema\/logo\/image\/\"},\"sameAs\":[\"https:\/\/www.facebook.com\/lyonbondyblog\",\"https:\/\/x.com\/bondybloglyon\"]},{\"@type\":\"Person\",\"@id\":\"https:\/\/lyonbondyblog.fr\/LBB\/#\/schema\/person\/6fa49e456fa13e2867a91c4b33659963\",\"name\":\"Melek Gunes\",\"url\":\"https:\/\/lyonbondyblog.fr\/LBB\/author\/melek_gunes\/\"}]}<\/script>\n<!-- \/ Yoast SEO plugin. -->","yoast_head_json":{"title":"L\u2019\u00e9cole Gilbert Dru occup\u00e9e pour soutenir une famille \u00e0 la rue - Lyon Bondy Blog","robots":{"index":"index","follow":"follow","max-snippet":"max-snippet:-1","max-image-preview":"max-image-preview:large","max-video-preview":"max-video-preview:-1"},"canonical":"https:\/\/lyonbondyblog.fr\/LBB\/lecole-gilbert-dru-occupee-pour-soutenir-une-famille-a-la-rue\/","og_locale":"fr_FR","og_type":"article","og_title":"L\u2019\u00e9cole Gilbert Dru occup\u00e9e pour soutenir une famille \u00e0 la rue - Lyon Bondy Blog","og_description":"Un go\u00fbter solidaire est organis\u00e9 aujourd\u2019hui depuis&nbsp;16h30 \u00e0 l\u2019\u00e9cole Gilbert Dru, situ\u00e9e grande rue de Guilloti\u00e8re, en soutien d\u2019une famille originaire de Bosnie qui s\u2019est &hellip;","og_url":"https:\/\/lyonbondyblog.fr\/LBB\/lecole-gilbert-dru-occupee-pour-soutenir-une-famille-a-la-rue\/","og_site_name":"Lyon Bondy Blog","article_publisher":"https:\/\/www.facebook.com\/lyonbondyblog","article_published_time":"2018-06-07T15:01:24+00:00","article_modified_time":"2018-06-08T07:25:59+00:00","og_image":[{"width":"1600","height":"1200","url":"https:\/\/lyonbondyblog.fr\/LBB\/wp-content\/uploads\/2018\/06\/IMG-20180604-WA0000.jpg","type":"image\/jpeg"}],"author":"Melek Gunes","twitter_card":"summary_large_image","twitter_creator":"@bondybloglyon","twitter_site":"@bondybloglyon","schema":{"@context":"https:\/\/schema.org","@graph":[{"@type":"Article","@id":"https:\/\/lyonbondyblog.fr\/LBB\/lecole-gilbert-dru-occupee-pour-soutenir-une-famille-a-la-rue\/#article","isPartOf":{"@id":"https:\/\/lyonbondyblog.fr\/LBB\/lecole-gilbert-dru-occupee-pour-soutenir-une-famille-a-la-rue\/"},"author":{"name":"Melek Gunes","@id":"https:\/\/lyonbondyblog.fr\/LBB\/#\/schema\/person\/6fa49e456fa13e2867a91c4b33659963"},"headline":"L\u2019\u00e9cole Gilbert Dru occup\u00e9e pour soutenir une famille \u00e0 la rue","datePublished":"2018-06-07T15:01:24+00:00","dateModified":"2018-06-08T07:25:59+00:00","mainEntityOfPage":{"@id":"https:\/\/lyonbondyblog.fr\/LBB\/lecole-gilbert-dru-occupee-pour-soutenir-une-famille-a-la-rue\/"},"wordCount":205,"commentCount":0,"publisher":{"@id":"https:\/\/lyonbondyblog.fr\/LBB\/#organization"},"image":{"@id":"https:\/\/lyonbondyblog.fr\/LBB\/lecole-gilbert-dru-occupee-pour-soutenir-une-famille-a-la-rue\/#primaryimage"},"thumbnailUrl":"https:\/\/lyonbondyblog.fr\/LBB\/wp-content\/uploads\/2018\/06\/IMG-20180604-WA0000.jpg","articleSection":["Lyon","Soci\u00e9t\u00e9"],"inLanguage":"fr-FR","potentialAction":[{"@type":"CommentAction","name":"Comment","target":["https:\/\/lyonbondyblog.fr\/LBB\/lecole-gilbert-dru-occupee-pour-soutenir-une-famille-a-la-rue\/#respond"]}]},{"@type":"WebPage","@id":"https:\/\/lyonbondyblog.fr\/LBB\/lecole-gilbert-dru-occupee-pour-soutenir-une-famille-a-la-rue\/","url":"https:\/\/lyonbondyblog.fr\/LBB\/lecole-gilbert-dru-occupee-pour-soutenir-une-famille-a-la-rue\/","name":"L\u2019\u00e9cole Gilbert Dru occup\u00e9e pour soutenir une famille \u00e0 la rue - Lyon Bondy Blog","isPartOf":{"@id":"https:\/\/lyonbondyblog.fr\/LBB\/#website"},"primaryImageOfPage":{"@id":"https:\/\/lyonbondyblog.fr\/LBB\/lecole-gilbert-dru-occupee-pour-soutenir-une-famille-a-la-rue\/#primaryimage"},"image":{"@id":"https:\/\/lyonbondyblog.fr\/LBB\/lecole-gilbert-dru-occupee-pour-soutenir-une-famille-a-la-rue\/#primaryimage"},"thumbnailUrl":"https:\/\/lyonbondyblog.fr\/LBB\/wp-content\/uploads\/2018\/06\/IMG-20180604-WA0000.jpg","datePublished":"2018-06-07T15:01:24+00:00","dateModified":"2018-06-08T07:25:59+00:00","inLanguage":"fr-FR","potentialAction":[{"@type":"ReadAction","target":["https:\/\/lyonbondyblog.fr\/LBB\/lecole-gilbert-dru-occupee-pour-soutenir-une-famille-a-la-rue\/"]}]},{"@type":"ImageObject","inLanguage":"fr-FR","@id":"https:\/\/lyonbondyblog.fr\/LBB\/lecole-gilbert-dru-occupee-pour-soutenir-une-famille-a-la-rue\/#primaryimage","url":"https:\/\/lyonbondyblog.fr\/LBB\/wp-content\/uploads\/2018\/06\/IMG-20180604-WA0000.jpg","contentUrl":"https:\/\/lyonbondyblog.fr\/LBB\/wp-content\/uploads\/2018\/06\/IMG-20180604-WA0000.jpg","width":"1600","height":"1200","caption":"Cr\u00e9dit Julie Mulot."},{"@type":"WebSite","@id":"https:\/\/lyonbondyblog.fr\/LBB\/#website","url":"https:\/\/lyonbondyblog.fr\/LBB\/","name":"Lyon Bondy Blog","description":"","publisher":{"@id":"https:\/\/lyonbondyblog.fr\/LBB\/#organization"},"potentialAction":[{"@type":"SearchAction","target":{"@type":"EntryPoint","urlTemplate":"https:\/\/lyonbondyblog.fr\/LBB\/?s={search_term_string}"},"query-input":"required name=search_term_string"}],"inLanguage":"fr-FR"},{"@type":"Organization","@id":"https:\/\/lyonbondyblog.fr\/LBB\/#organization","name":"LYON BONDY BLOG","url":"https:\/\/lyonbondyblog.fr\/LBB\/","logo":{"@type":"ImageObject","inLanguage":"fr-FR","@id":"https:\/\/lyonbondyblog.fr\/LBB\/#\/schema\/logo\/image\/","url":"http:\/\/lyonbondyblog.fr\/LBB\/wp-content\/uploads\/2014\/10\/logo-portable-144.png","contentUrl":"http:\/\/lyonbondyblog.fr\/LBB\/wp-content\/uploads\/2014\/10\/logo-portable-144.png","width":144,"height":123,"caption":"LYON BONDY BLOG"},"image":{"@id":"https:\/\/lyonbondyblog.fr\/LBB\/#\/schema\/logo\/image\/"},"sameAs":["https:\/\/www.facebook.com\/lyonbondyblog","https:\/\/x.com\/bondybloglyon"]},{"@type":"Person","@id":"https:\/\/lyonbondyblog.fr\/LBB\/#\/schema\/person\/6fa49e456fa13e2867a91c4b33659963","name":"Melek Gunes","url":"https:\/\/lyonbondyblog.fr\/LBB\/author\/melek_gunes\/"}]}},"_links":{"self":[{"href":"https:\/\/lyonbondyblog.fr\/LBB\/wp-json\/wp\/v2\/posts\/13273","targetHints":{"allow":["GET"]}}],"collection":[{"href":"https:\/\/lyonbondyblog.fr\/LBB\/wp-json\/wp\/v2\/posts"}],"about":[{"href":"https:\/\/lyonbondyblog.fr\/LBB\/wp-json\/wp\/v2\/types\/post"}],"author":[{"embeddable":true,"href":"https:\/\/lyonbondyblog.fr\/LBB\/wp-json\/wp\/v2\/users\/5459"}],"replies":[{"embeddable":true,"href":"https:\/\/lyonbondyblog.fr\/LBB\/wp-json\/wp\/v2\/comments?post=13273"}],"version-history":[{"count":2,"href":"https:\/\/lyonbondyblog.fr\/LBB\/wp-json\/wp\/v2\/posts\/13273\/revisions"}],"predecessor-version":[{"id":13276,"href":"https:\/\/lyonbondyblog.fr\/LBB\/wp-json\/wp\/v2\/posts\/13273\/revisions\/13276"}],"wp:featuredmedia":[{"embeddable":true,"href":"https:\/\/lyonbondyblog.fr\/LBB\/wp-json\/wp\/v2\/media\/13275"}],"wp:attachment":[{"href":"https:\/\/lyonbondyblog.fr\/LBB\/wp-json\/wp\/v2\/media?parent=13273"}],"wp:term":[{"taxonomy":"category","embeddable":true,"href":"https:\/\/lyonbondyblog.fr\/LBB\/wp-json\/wp\/v2\/categories?post=13273"},{"taxonomy":"post_tag","embeddable":true,"href":"https:\/\/lyonbondyblog.fr\/LBB\/wp-json\/wp\/v2\/tags?post=13273"}],"curies":[{"name":"wp","href":"https:\/\/api.w.org\/{rel}","templated":true}]}}