{"id":13270,"date":"2018-06-12T14:00:50","date_gmt":"2018-06-12T12:00:50","guid":{"rendered":"http:\/\/lyonbondyblog.fr\/LBB\/?p=13270"},"modified":"2018-06-12T14:00:50","modified_gmt":"2018-06-12T12:00:50","slug":"suppression-des-aides-municipales-aux-familles-de-delinquants-a-rillieux-la-pape-les-habitants-repondent","status":"publish","type":"post","link":"https:\/\/lyonbondyblog.fr\/LBB\/suppression-des-aides-municipales-aux-familles-de-delinquants-a-rillieux-la-pape-les-habitants-repondent\/","title":{"rendered":"\u00ab Suppression des aides municipales aux familles de d\u00e9linquants \u00bb, \u00e0 Rillieux-la-Pape les habitants r\u00e9pondent"},"content":{"rendered":"<p><em>\u00c9lu \u00e0 la mairie de la commune de Rillieux-la-Pape le 30 mars 2014, Alexandre Vincendet du parti Les R\u00e9publicains, \u00e0 35 ans, fait partie des plus jeunes maires de France. Repr\u00e9sentant de l\u2019Etat dans la commune, il est \u00e9galement officier d\u2019\u00e9tat civil et au PJ. Et ce statut, Alexandre Vincendet tient \u00e0 le faire transpara\u00eetre dans son mandat de maire o\u00f9 il entend lutter contre l\u2019ins\u00e9curit\u00e9 et la d\u00e9linquance constante dans sa ville. Pour ce faire, le maire de Rillieux d\u00e9clarait sur BFM TV au mois de mars dernier qu\u2019il comptait supprimer les aides municipales aux familles de d\u00e9linquants mineurs. Le Lyon Bondy Blog est all\u00e9 \u00e0 la rencontre des Rilliards afin de recueillir leurs t\u00e9moignages sur l\u2019environnement politique dans leur commune.<\/em><\/p>\n<figure id=\"attachment_13300\" aria-describedby=\"caption-attachment-13300\" style=\"width: 4032px\" class=\"wp-caption alignnone\"><img loading=\"lazy\" decoding=\"async\" class=\"wp-image-13300 size-full\" src=\"https:\/\/lyonbondyblog.fr\/LBB\/wp-content\/uploads\/2018\/06\/20180605_124227.jpg\" alt=\"\" width=\"4032\" height=\"3024\" srcset=\"https:\/\/lyonbondyblog.fr\/LBB\/wp-content\/uploads\/2018\/06\/20180605_124227.jpg 4032w, https:\/\/lyonbondyblog.fr\/LBB\/wp-content\/uploads\/2018\/06\/20180605_124227-300x225.jpg 300w, https:\/\/lyonbondyblog.fr\/LBB\/wp-content\/uploads\/2018\/06\/20180605_124227-768x576.jpg 768w, https:\/\/lyonbondyblog.fr\/LBB\/wp-content\/uploads\/2018\/06\/20180605_124227-1024x768.jpg 1024w, https:\/\/lyonbondyblog.fr\/LBB\/wp-content\/uploads\/2018\/06\/20180605_124227-600x450.jpg 600w\" sizes=\"auto, (max-width: 4032px) 100vw, 4032px\" \/><figcaption id=\"caption-attachment-13300\" class=\"wp-caption-text\">Cr\u00e9dits: Damien Mounia \/ Lyon Bondy Blog<\/figcaption><\/figure>\n<p><u><a href=\"https:\/\/fr.wikipedia.org\/wiki\/Rillieux-la-Pape\">Rillieux-la-Pape<\/a><\/u>, commune situ\u00e9e en banlieue nord-est de Lyon, en bordure de la m\u00e9tropole de Lyon conna\u00eet un taux de d\u00e9linquance relativement \u00e9lev\u00e9. Le point d\u2019orgue de la campagne d\u2019Alexandre Vincendet en 2014, \u00e9tait la mise en place de certaines mesures ayant pour but de r\u00e9duire cette d\u00e9linquance. Il a renforc\u00e9 ainsi l\u2019effectif et l\u2019\u00e9quipement des policiers municipaux dans la commune, et il a dot\u00e9 la ville de plus d\u2019une cinquantaine de cam\u00e9ras de surveillance. Selon le maire de Rillieux, ces mesures drastiques ont port\u00e9 leurs fruits car le taux de d\u00e9linquances \u00e0 Rillieux a connu une baisse de 16 % entre 2015 et 2016.<\/p>\n<p>Les chiffres parlent d\u2019eux-m\u00eames. En 2014 le site <u><a href=\"http:\/\/www.linternaute.com\/actualite\/delinquance\/rillieux-la-pape\/ville-69286\">l\u2019internaute.com<\/a><\/u> classait le d\u00e9partement du Rh\u00f4ne \u00e0 la 26<sup>\u00e8me<\/sup> place des d\u00e9partements les plus dangereux de France sur 101 d\u00e9partements, avec un taux de crimes et de d\u00e9lits estim\u00e9 \u00e0 50,34 pour mille habitants. Aujourd\u2019hui, <u><a href=\"https:\/\/ville-data.com\/delinquance-France\">le Rh\u00f4ne se classe 28\u00e8me sur 105 d\u00e9partements <\/a><\/u>analys\u00e9s, avec une chance sur 19 en moyenne d&rsquo;\u00eatre victime sur une ann\u00e9e d&rsquo;un crime ou d&rsquo;un d\u00e9lit. \u00c0 titre de comparaison, \u00e0 Wallis et Futuna, dernier du classement, ce taux est de 1 sur 82, alors qu\u2019\u00e0 Paris, le plus mauvais \u00e9l\u00e8ve de ce classement, il est de 1 sur 17.<\/p>\n<h2>Rillieux parmi les mauvais \u00e9l\u00e8ves du Rh\u00f4ne<\/h2>\n<p>Concernant la ville de Rillieux plus pr\u00e9cis\u00e9ment, le site <u><a href=\"http:\/\/www.citoyens-et-francais.fr\/article-la-liste-des-quartiers-sensibles-de-france-ou-regnent-la-delinquance-les-dealers-les-armes-et-les-is-125522553.html\">citoyens-et-fran\u00e7ais.fr<\/a><\/u> est all\u00e9 lui-aussi de son petit classement. En effet, sur quatre niveaux de sensibilit\u00e9 r\u00e9pertori\u00e9s, la ville de Rillieux-la-Pape se classe au niveau 2 en compagnie des villes de Bron (Teraillon), Givors (Les Vergnes), Lyon 8<sup>\u00e8me<\/sup> (Etats-Unis \/ Mermoz), Lyon 9<sup>\u00e8me<\/sup> (La Duch\u00e8re), Saint-Priest (Bel-Air) et Villeurbanne (Les Buers). Ce niveau 2 renvoie alors aux quartiers sensibles tr\u00e8s difficiles avec des d\u00e9linquances r\u00e9guli\u00e8res.<\/p>\n<p>Ces divers classements ont donc pouss\u00e9 Alexandre Vincendet \u00e0 r\u00e9agir et \u00e0 prendre des d\u00e9cisions radicales au niveau de ce taux de d\u00e9linquance. Deux de nos journalistes sont all\u00e9s au c\u0153ur du probl\u00e8me, en allant sonder les habitants de Rillieux sur la d\u00e9claration tenue par leur maire.<\/p>\n<h2>Les Rilliards s\u2019expriment<\/h2>\n<div id=\"mp3jWrap_0\" class=\"mjp-s-wrapper s-graphic unsel-mjp \" style=\"font-size:18px;\"><span id=\"playpause_wrap_mp3j_0\" class=\"wrap_inline_mp3j\" style=\"font-weight:700;\"><span class=\"gfxbutton_mp3j play-mjp\" id=\"playpause_mp3j_0\" style=\"font-size:18px;\">&nbsp;&nbsp;&nbsp;&nbsp;&nbsp;<\/span>&nbsp;<span class=\"group_wrap\"><span class=\"bars_mp3j\"><span class=\"loadB_mp3j\" id=\"load_mp3j_0\"><\/span><span class=\"posbarB_mp3j\" id=\"posbar_mp3j_0\"><\/span><\/span><span class=\"T_mp3j\" id=\"T_mp3j_0\" style=\"font-size:18px;\">S\u00e9quence-01<\/span><span class=\"indi_mp3j\" style=\"font-size:12.6px;\" id=\"statusMI_0\"><\/span><\/span><span class=\"vol_mp3j flipped\" id=\"vol_mp3j_0\"><\/span><\/span><\/div><span class=\"s-nosolution\" id=\"mp3j_nosolution_0\" style=\"display:none;\"><\/span><script>\nMP3jPLAYLISTS.inline_0 = [\n\t{ name: \"S\u00e9quence-01\", formats: [\"mp3\"], mp3: \"aHR0cHM6Ly9seW9uYm9uZHlibG9nLmZyL0xCQi93cC1jb250ZW50L3VwbG9hZHMvMjAxOC8wNi9Tw6lxdWVuY2UtMDEubXAz\", counterpart:\"\", artist: \"\", image: \"\", imgurl: \"\" }\n];\n<\/script>\n\n<script>MP3jPLAYERS[0] = { list: MP3jPLAYLISTS.inline_0, tr:0, type:'single', lstate:'', loop:false, play_txt:'&nbsp;&nbsp;&nbsp;&nbsp;&nbsp;', pause_txt:'&nbsp;&nbsp;&nbsp;&nbsp;&nbsp;', pp_title:'', autoplay:false, download:false, vol:85, height:'' };<\/script>\n<h2>\u00ab\u00a0On veut accompagner ces jeunes qui sont partis sur le mauvais chemin\u00a0\u00bb<\/h2>\n<p>Contact\u00e9 par nos journalistes, Julien Smati, le 1<sup>er<\/sup> adjoint du maire de Rillieux, a tenu \u00e0 clarifier les choses en soulignant un dispositif d\u2019accompagnement pour sortir les premiers concern\u00e9s des d\u00e9linquances.<\/p>\n<div id=\"mp3jWrap_1\" class=\"mjp-s-wrapper s-graphic unsel-mjp \" style=\"font-size:18px;\"><span id=\"playpause_wrap_mp3j_1\" class=\"wrap_inline_mp3j\" style=\"font-weight:700;\"><span class=\"gfxbutton_mp3j play-mjp\" id=\"playpause_mp3j_1\" style=\"font-size:18px;\">&nbsp;&nbsp;&nbsp;&nbsp;&nbsp;<\/span>&nbsp;<span class=\"group_wrap\"><span class=\"bars_mp3j\"><span class=\"loadB_mp3j\" id=\"load_mp3j_1\"><\/span><span class=\"posbarB_mp3j\" id=\"posbar_mp3j_1\"><\/span><\/span><span class=\"T_mp3j\" id=\"T_mp3j_1\" style=\"font-size:18px;\">S\u00e9quence-02<\/span><span class=\"indi_mp3j\" style=\"font-size:12.6px;\" id=\"statusMI_1\"><\/span><\/span><span class=\"vol_mp3j flipped\" id=\"vol_mp3j_1\"><\/span><\/span><\/div><span class=\"s-nosolution\" id=\"mp3j_nosolution_1\" style=\"display:none;\"><\/span><script>\nMP3jPLAYLISTS.inline_1 = [\n\t{ name: \"S\u00e9quence-02\", formats: [\"mp3\"], mp3: \"aHR0cHM6Ly9seW9uYm9uZHlibG9nLmZyL0xCQi93cC1jb250ZW50L3VwbG9hZHMvMjAxOC8wNi9Tw6lxdWVuY2UtMDIubXAz\", counterpart:\"\", artist: \"\", image: \"\", imgurl: \"\" }\n];\n<\/script>\n\n<script>MP3jPLAYERS[1] = { list: MP3jPLAYLISTS.inline_1, tr:0, type:'single', lstate:'', loop:false, play_txt:'&nbsp;&nbsp;&nbsp;&nbsp;&nbsp;', pause_txt:'&nbsp;&nbsp;&nbsp;&nbsp;&nbsp;', pp_title:'', autoplay:false, download:false, vol:85, height:'' };<\/script>\n<h2>\u00ab\u00a0Il fait tout pour exacerber ce sentiment de r\u00e9volte\u00a0\u00bb<\/h2>\n<p>Marc Cachard, Conseiller de la M\u00e9tropole de Lyon et Membre de la commission : Finances, institutions, ressources et organisation territoriale, est lui aussi revenu sur les propos tenus par Alexandre Vincendet. Pour le&nbsp;Socialiste et r\u00e9publicain m\u00e9tropolitain, en tant qu&rsquo;habitant de Rillieux, cette mesure ne correspond \u00e0 rien financi\u00e8rement. Elle rel\u00e8ve simplement du symbole politique et pour lui, Monsieur le Maire a tout simplement fait le choix du \u00ab\u00a0buzz\u00a0\u00bb m\u00e9diatique.<\/p>\n<div id=\"mp3jWrap_2\" class=\"mjp-s-wrapper s-graphic unsel-mjp \" style=\"font-size:18px;\"><span id=\"playpause_wrap_mp3j_2\" class=\"wrap_inline_mp3j\" style=\"font-weight:700;\"><span class=\"gfxbutton_mp3j play-mjp\" id=\"playpause_mp3j_2\" style=\"font-size:18px;\">&nbsp;&nbsp;&nbsp;&nbsp;&nbsp;<\/span>&nbsp;<span class=\"group_wrap\"><span class=\"bars_mp3j\"><span class=\"loadB_mp3j\" id=\"load_mp3j_2\"><\/span><span class=\"posbarB_mp3j\" id=\"posbar_mp3j_2\"><\/span><\/span><span class=\"T_mp3j\" id=\"T_mp3j_2\" style=\"font-size:18px;\">S\u00e9quence-03<\/span><span class=\"indi_mp3j\" style=\"font-size:12.6px;\" id=\"statusMI_2\"><\/span><\/span><span class=\"vol_mp3j flipped\" id=\"vol_mp3j_2\"><\/span><\/span><\/div><span class=\"s-nosolution\" id=\"mp3j_nosolution_2\" style=\"display:none;\"><\/span><script>\nMP3jPLAYLISTS.inline_2 = [\n\t{ name: \"S\u00e9quence-03\", formats: [\"mp3\"], mp3: \"aHR0cHM6Ly9seW9uYm9uZHlibG9nLmZyL0xCQi93cC1jb250ZW50L3VwbG9hZHMvMjAxOC8wNi9Tw6lxdWVuY2UtMDMubXAz\", counterpart:\"\", artist: \"\", image: \"\", imgurl: \"\" }\n];\n<\/script>\n\n<script>MP3jPLAYERS[2] = { list: MP3jPLAYLISTS.inline_2, tr:0, type:'single', lstate:'', loop:false, play_txt:'&nbsp;&nbsp;&nbsp;&nbsp;&nbsp;', pause_txt:'&nbsp;&nbsp;&nbsp;&nbsp;&nbsp;', pp_title:'', autoplay:false, download:false, vol:85, height:'' };<\/script>\n<h4 style=\"text-align: right;\">&nbsp;<\/h4>\n<!-- AddThis Advanced Settings generic via filter on the_content --><!-- AddThis Share Buttons generic via filter on the_content -->","protected":false},"excerpt":{"rendered":"<p>\u00c9lu \u00e0 la mairie de la commune de Rillieux-la-Pape le 30 mars 2014, Alexandre Vincendet du parti Les R\u00e9publicains, \u00e0 35 ans, fait partie des &hellip; <!-- AddThis Advanced Settings generic via filter on wp_trim_excerpt --><!-- AddThis Share Buttons generic via filter on wp_trim_excerpt --><\/p>\n","protected":false},"author":5459,"featured_media":13299,"comment_status":"open","ping_status":"open","sticky":false,"template":"","format":"standard","meta":{"_FSMCFIC_featured_image_caption":"","_FSMCFIC_featured_image_nocaption":"","_FSMCFIC_featured_image_hide":"","footnotes":""},"categories":[6,3887,2],"tags":[],"class_list":["post-13270","post","type-post","status-publish","format-standard","has-post-thumbnail","hentry","category-politique","category-securite","category-societe"],"yoast_head":"<!-- This site is optimized with the Yoast SEO plugin v22.8 - https:\/\/yoast.com\/wordpress\/plugins\/seo\/ -->\n<title>\u00ab Suppression des aides municipales aux familles de d\u00e9linquants \u00bb, \u00e0 Rillieux-la-Pape les habitants r\u00e9pondent - Lyon Bondy Blog<\/title>\n<meta name=\"robots\" content=\"index, follow, max-snippet:-1, max-image-preview:large, max-video-preview:-1\" \/>\n<link rel=\"canonical\" href=\"https:\/\/lyonbondyblog.fr\/LBB\/suppression-des-aides-municipales-aux-familles-de-delinquants-a-rillieux-la-pape-les-habitants-repondent\/\" \/>\n<meta property=\"og:locale\" content=\"fr_FR\" \/>\n<meta property=\"og:type\" content=\"article\" \/>\n<meta property=\"og:title\" content=\"\u00ab Suppression des aides municipales aux familles de d\u00e9linquants \u00bb, \u00e0 Rillieux-la-Pape les habitants r\u00e9pondent - Lyon Bondy Blog\" \/>\n<meta property=\"og:description\" content=\"\u00c9lu \u00e0 la mairie de la commune de Rillieux-la-Pape le 30 mars 2014, Alexandre Vincendet du parti Les R\u00e9publicains, \u00e0 35 ans, fait partie des &hellip;\" \/>\n<meta property=\"og:url\" content=\"https:\/\/lyonbondyblog.fr\/LBB\/suppression-des-aides-municipales-aux-familles-de-delinquants-a-rillieux-la-pape-les-habitants-repondent\/\" \/>\n<meta property=\"og:site_name\" content=\"Lyon Bondy Blog\" \/>\n<meta property=\"article:publisher\" content=\"https:\/\/www.facebook.com\/lyonbondyblog\" \/>\n<meta property=\"article:published_time\" content=\"2018-06-12T12:00:50+00:00\" \/>\n<meta property=\"og:image\" content=\"https:\/\/lyonbondyblog.fr\/LBB\/wp-content\/uploads\/2018\/06\/20180605_124351-1-1024x768.jpg\" \/>\n\t<meta property=\"og:image:width\" content=\"1024\" \/>\n\t<meta property=\"og:image:height\" content=\"768\" \/>\n\t<meta property=\"og:image:type\" content=\"image\/jpeg\" \/>\n<meta name=\"author\" content=\"Melek Gunes\" \/>\n<meta name=\"twitter:card\" content=\"summary_large_image\" \/>\n<meta name=\"twitter:creator\" content=\"@bondybloglyon\" \/>\n<meta name=\"twitter:site\" content=\"@bondybloglyon\" \/>\n<script type=\"application\/ld+json\" class=\"yoast-schema-graph\">{\"@context\":\"https:\/\/schema.org\",\"@graph\":[{\"@type\":\"Article\",\"@id\":\"https:\/\/lyonbondyblog.fr\/LBB\/suppression-des-aides-municipales-aux-familles-de-delinquants-a-rillieux-la-pape-les-habitants-repondent\/#article\",\"isPartOf\":{\"@id\":\"https:\/\/lyonbondyblog.fr\/LBB\/suppression-des-aides-municipales-aux-familles-de-delinquants-a-rillieux-la-pape-les-habitants-repondent\/\"},\"author\":{\"name\":\"Melek Gunes\",\"@id\":\"https:\/\/lyonbondyblog.fr\/LBB\/#\/schema\/person\/6fa49e456fa13e2867a91c4b33659963\"},\"headline\":\"\u00ab Suppression des aides municipales aux familles de d\u00e9linquants \u00bb, \u00e0 Rillieux-la-Pape les habitants r\u00e9pondent\",\"datePublished\":\"2018-06-12T12:00:50+00:00\",\"dateModified\":\"2018-06-12T12:00:50+00:00\",\"mainEntityOfPage\":{\"@id\":\"https:\/\/lyonbondyblog.fr\/LBB\/suppression-des-aides-municipales-aux-familles-de-delinquants-a-rillieux-la-pape-les-habitants-repondent\/\"},\"wordCount\":687,\"commentCount\":1,\"publisher\":{\"@id\":\"https:\/\/lyonbondyblog.fr\/LBB\/#organization\"},\"image\":{\"@id\":\"https:\/\/lyonbondyblog.fr\/LBB\/suppression-des-aides-municipales-aux-familles-de-delinquants-a-rillieux-la-pape-les-habitants-repondent\/#primaryimage\"},\"thumbnailUrl\":\"https:\/\/lyonbondyblog.fr\/LBB\/wp-content\/uploads\/2018\/06\/20180605_124351-1.jpg\",\"articleSection\":[\"Politique\",\"S\u00e9curit\u00e9\",\"Soci\u00e9t\u00e9\"],\"inLanguage\":\"fr-FR\",\"potentialAction\":[{\"@type\":\"CommentAction\",\"name\":\"Comment\",\"target\":[\"https:\/\/lyonbondyblog.fr\/LBB\/suppression-des-aides-municipales-aux-familles-de-delinquants-a-rillieux-la-pape-les-habitants-repondent\/#respond\"]}]},{\"@type\":\"WebPage\",\"@id\":\"https:\/\/lyonbondyblog.fr\/LBB\/suppression-des-aides-municipales-aux-familles-de-delinquants-a-rillieux-la-pape-les-habitants-repondent\/\",\"url\":\"https:\/\/lyonbondyblog.fr\/LBB\/suppression-des-aides-municipales-aux-familles-de-delinquants-a-rillieux-la-pape-les-habitants-repondent\/\",\"name\":\"\u00ab Suppression des aides municipales aux familles de d\u00e9linquants \u00bb, \u00e0 Rillieux-la-Pape les habitants r\u00e9pondent - Lyon Bondy Blog\",\"isPartOf\":{\"@id\":\"https:\/\/lyonbondyblog.fr\/LBB\/#website\"},\"primaryImageOfPage\":{\"@id\":\"https:\/\/lyonbondyblog.fr\/LBB\/suppression-des-aides-municipales-aux-familles-de-delinquants-a-rillieux-la-pape-les-habitants-repondent\/#primaryimage\"},\"image\":{\"@id\":\"https:\/\/lyonbondyblog.fr\/LBB\/suppression-des-aides-municipales-aux-familles-de-delinquants-a-rillieux-la-pape-les-habitants-repondent\/#primaryimage\"},\"thumbnailUrl\":\"https:\/\/lyonbondyblog.fr\/LBB\/wp-content\/uploads\/2018\/06\/20180605_124351-1.jpg\",\"datePublished\":\"2018-06-12T12:00:50+00:00\",\"dateModified\":\"2018-06-12T12:00:50+00:00\",\"inLanguage\":\"fr-FR\",\"potentialAction\":[{\"@type\":\"ReadAction\",\"target\":[\"https:\/\/lyonbondyblog.fr\/LBB\/suppression-des-aides-municipales-aux-familles-de-delinquants-a-rillieux-la-pape-les-habitants-repondent\/\"]}]},{\"@type\":\"ImageObject\",\"inLanguage\":\"fr-FR\",\"@id\":\"https:\/\/lyonbondyblog.fr\/LBB\/suppression-des-aides-municipales-aux-familles-de-delinquants-a-rillieux-la-pape-les-habitants-repondent\/#primaryimage\",\"url\":\"https:\/\/lyonbondyblog.fr\/LBB\/wp-content\/uploads\/2018\/06\/20180605_124351-1.jpg\",\"contentUrl\":\"https:\/\/lyonbondyblog.fr\/LBB\/wp-content\/uploads\/2018\/06\/20180605_124351-1.jpg\",\"width\":\"4032\",\"height\":\"3024\"},{\"@type\":\"WebSite\",\"@id\":\"https:\/\/lyonbondyblog.fr\/LBB\/#website\",\"url\":\"https:\/\/lyonbondyblog.fr\/LBB\/\",\"name\":\"Lyon Bondy Blog\",\"description\":\"\",\"publisher\":{\"@id\":\"https:\/\/lyonbondyblog.fr\/LBB\/#organization\"},\"potentialAction\":[{\"@type\":\"SearchAction\",\"target\":{\"@type\":\"EntryPoint\",\"urlTemplate\":\"https:\/\/lyonbondyblog.fr\/LBB\/?s={search_term_string}\"},\"query-input\":\"required name=search_term_string\"}],\"inLanguage\":\"fr-FR\"},{\"@type\":\"Organization\",\"@id\":\"https:\/\/lyonbondyblog.fr\/LBB\/#organization\",\"name\":\"LYON BONDY BLOG\",\"url\":\"https:\/\/lyonbondyblog.fr\/LBB\/\",\"logo\":{\"@type\":\"ImageObject\",\"inLanguage\":\"fr-FR\",\"@id\":\"https:\/\/lyonbondyblog.fr\/LBB\/#\/schema\/logo\/image\/\",\"url\":\"http:\/\/lyonbondyblog.fr\/LBB\/wp-content\/uploads\/2014\/10\/logo-portable-144.png\",\"contentUrl\":\"http:\/\/lyonbondyblog.fr\/LBB\/wp-content\/uploads\/2014\/10\/logo-portable-144.png\",\"width\":144,\"height\":123,\"caption\":\"LYON BONDY BLOG\"},\"image\":{\"@id\":\"https:\/\/lyonbondyblog.fr\/LBB\/#\/schema\/logo\/image\/\"},\"sameAs\":[\"https:\/\/www.facebook.com\/lyonbondyblog\",\"https:\/\/x.com\/bondybloglyon\"]},{\"@type\":\"Person\",\"@id\":\"https:\/\/lyonbondyblog.fr\/LBB\/#\/schema\/person\/6fa49e456fa13e2867a91c4b33659963\",\"name\":\"Melek Gunes\",\"url\":\"https:\/\/lyonbondyblog.fr\/LBB\/author\/melek_gunes\/\"}]}<\/script>\n<!-- \/ Yoast SEO plugin. -->","yoast_head_json":{"title":"\u00ab Suppression des aides municipales aux familles de d\u00e9linquants \u00bb, \u00e0 Rillieux-la-Pape les habitants r\u00e9pondent - Lyon Bondy Blog","robots":{"index":"index","follow":"follow","max-snippet":"max-snippet:-1","max-image-preview":"max-image-preview:large","max-video-preview":"max-video-preview:-1"},"canonical":"https:\/\/lyonbondyblog.fr\/LBB\/suppression-des-aides-municipales-aux-familles-de-delinquants-a-rillieux-la-pape-les-habitants-repondent\/","og_locale":"fr_FR","og_type":"article","og_title":"\u00ab Suppression des aides municipales aux familles de d\u00e9linquants \u00bb, \u00e0 Rillieux-la-Pape les habitants r\u00e9pondent - Lyon Bondy Blog","og_description":"\u00c9lu \u00e0 la mairie de la commune de Rillieux-la-Pape le 30 mars 2014, Alexandre Vincendet du parti Les R\u00e9publicains, \u00e0 35 ans, fait partie des &hellip;","og_url":"https:\/\/lyonbondyblog.fr\/LBB\/suppression-des-aides-municipales-aux-familles-de-delinquants-a-rillieux-la-pape-les-habitants-repondent\/","og_site_name":"Lyon Bondy Blog","article_publisher":"https:\/\/www.facebook.com\/lyonbondyblog","article_published_time":"2018-06-12T12:00:50+00:00","og_image":[{"width":"1024","height":"768","url":"https:\/\/lyonbondyblog.fr\/LBB\/wp-content\/uploads\/2018\/06\/20180605_124351-1-1024x768.jpg","type":"image\/jpeg"}],"author":"Melek Gunes","twitter_card":"summary_large_image","twitter_creator":"@bondybloglyon","twitter_site":"@bondybloglyon","schema":{"@context":"https:\/\/schema.org","@graph":[{"@type":"Article","@id":"https:\/\/lyonbondyblog.fr\/LBB\/suppression-des-aides-municipales-aux-familles-de-delinquants-a-rillieux-la-pape-les-habitants-repondent\/#article","isPartOf":{"@id":"https:\/\/lyonbondyblog.fr\/LBB\/suppression-des-aides-municipales-aux-familles-de-delinquants-a-rillieux-la-pape-les-habitants-repondent\/"},"author":{"name":"Melek Gunes","@id":"https:\/\/lyonbondyblog.fr\/LBB\/#\/schema\/person\/6fa49e456fa13e2867a91c4b33659963"},"headline":"\u00ab Suppression des aides municipales aux familles de d\u00e9linquants \u00bb, \u00e0 Rillieux-la-Pape les habitants r\u00e9pondent","datePublished":"2018-06-12T12:00:50+00:00","dateModified":"2018-06-12T12:00:50+00:00","mainEntityOfPage":{"@id":"https:\/\/lyonbondyblog.fr\/LBB\/suppression-des-aides-municipales-aux-familles-de-delinquants-a-rillieux-la-pape-les-habitants-repondent\/"},"wordCount":687,"commentCount":1,"publisher":{"@id":"https:\/\/lyonbondyblog.fr\/LBB\/#organization"},"image":{"@id":"https:\/\/lyonbondyblog.fr\/LBB\/suppression-des-aides-municipales-aux-familles-de-delinquants-a-rillieux-la-pape-les-habitants-repondent\/#primaryimage"},"thumbnailUrl":"https:\/\/lyonbondyblog.fr\/LBB\/wp-content\/uploads\/2018\/06\/20180605_124351-1.jpg","articleSection":["Politique","S\u00e9curit\u00e9","Soci\u00e9t\u00e9"],"inLanguage":"fr-FR","potentialAction":[{"@type":"CommentAction","name":"Comment","target":["https:\/\/lyonbondyblog.fr\/LBB\/suppression-des-aides-municipales-aux-familles-de-delinquants-a-rillieux-la-pape-les-habitants-repondent\/#respond"]}]},{"@type":"WebPage","@id":"https:\/\/lyonbondyblog.fr\/LBB\/suppression-des-aides-municipales-aux-familles-de-delinquants-a-rillieux-la-pape-les-habitants-repondent\/","url":"https:\/\/lyonbondyblog.fr\/LBB\/suppression-des-aides-municipales-aux-familles-de-delinquants-a-rillieux-la-pape-les-habitants-repondent\/","name":"\u00ab Suppression des aides municipales aux familles de d\u00e9linquants \u00bb, \u00e0 Rillieux-la-Pape les habitants r\u00e9pondent - Lyon Bondy Blog","isPartOf":{"@id":"https:\/\/lyonbondyblog.fr\/LBB\/#website"},"primaryImageOfPage":{"@id":"https:\/\/lyonbondyblog.fr\/LBB\/suppression-des-aides-municipales-aux-familles-de-delinquants-a-rillieux-la-pape-les-habitants-repondent\/#primaryimage"},"image":{"@id":"https:\/\/lyonbondyblog.fr\/LBB\/suppression-des-aides-municipales-aux-familles-de-delinquants-a-rillieux-la-pape-les-habitants-repondent\/#primaryimage"},"thumbnailUrl":"https:\/\/lyonbondyblog.fr\/LBB\/wp-content\/uploads\/2018\/06\/20180605_124351-1.jpg","datePublished":"2018-06-12T12:00:50+00:00","dateModified":"2018-06-12T12:00:50+00:00","inLanguage":"fr-FR","potentialAction":[{"@type":"ReadAction","target":["https:\/\/lyonbondyblog.fr\/LBB\/suppression-des-aides-municipales-aux-familles-de-delinquants-a-rillieux-la-pape-les-habitants-repondent\/"]}]},{"@type":"ImageObject","inLanguage":"fr-FR","@id":"https:\/\/lyonbondyblog.fr\/LBB\/suppression-des-aides-municipales-aux-familles-de-delinquants-a-rillieux-la-pape-les-habitants-repondent\/#primaryimage","url":"https:\/\/lyonbondyblog.fr\/LBB\/wp-content\/uploads\/2018\/06\/20180605_124351-1.jpg","contentUrl":"https:\/\/lyonbondyblog.fr\/LBB\/wp-content\/uploads\/2018\/06\/20180605_124351-1.jpg","width":"4032","height":"3024"},{"@type":"WebSite","@id":"https:\/\/lyonbondyblog.fr\/LBB\/#website","url":"https:\/\/lyonbondyblog.fr\/LBB\/","name":"Lyon Bondy Blog","description":"","publisher":{"@id":"https:\/\/lyonbondyblog.fr\/LBB\/#organization"},"potentialAction":[{"@type":"SearchAction","target":{"@type":"EntryPoint","urlTemplate":"https:\/\/lyonbondyblog.fr\/LBB\/?s={search_term_string}"},"query-input":"required name=search_term_string"}],"inLanguage":"fr-FR"},{"@type":"Organization","@id":"https:\/\/lyonbondyblog.fr\/LBB\/#organization","name":"LYON BONDY BLOG","url":"https:\/\/lyonbondyblog.fr\/LBB\/","logo":{"@type":"ImageObject","inLanguage":"fr-FR","@id":"https:\/\/lyonbondyblog.fr\/LBB\/#\/schema\/logo\/image\/","url":"http:\/\/lyonbondyblog.fr\/LBB\/wp-content\/uploads\/2014\/10\/logo-portable-144.png","contentUrl":"http:\/\/lyonbondyblog.fr\/LBB\/wp-content\/uploads\/2014\/10\/logo-portable-144.png","width":144,"height":123,"caption":"LYON BONDY BLOG"},"image":{"@id":"https:\/\/lyonbondyblog.fr\/LBB\/#\/schema\/logo\/image\/"},"sameAs":["https:\/\/www.facebook.com\/lyonbondyblog","https:\/\/x.com\/bondybloglyon"]},{"@type":"Person","@id":"https:\/\/lyonbondyblog.fr\/LBB\/#\/schema\/person\/6fa49e456fa13e2867a91c4b33659963","name":"Melek Gunes","url":"https:\/\/lyonbondyblog.fr\/LBB\/author\/melek_gunes\/"}]}},"_links":{"self":[{"href":"https:\/\/lyonbondyblog.fr\/LBB\/wp-json\/wp\/v2\/posts\/13270","targetHints":{"allow":["GET"]}}],"collection":[{"href":"https:\/\/lyonbondyblog.fr\/LBB\/wp-json\/wp\/v2\/posts"}],"about":[{"href":"https:\/\/lyonbondyblog.fr\/LBB\/wp-json\/wp\/v2\/types\/post"}],"author":[{"embeddable":true,"href":"https:\/\/lyonbondyblog.fr\/LBB\/wp-json\/wp\/v2\/users\/5459"}],"replies":[{"embeddable":true,"href":"https:\/\/lyonbondyblog.fr\/LBB\/wp-json\/wp\/v2\/comments?post=13270"}],"version-history":[{"count":7,"href":"https:\/\/lyonbondyblog.fr\/LBB\/wp-json\/wp\/v2\/posts\/13270\/revisions"}],"predecessor-version":[{"id":13322,"href":"https:\/\/lyonbondyblog.fr\/LBB\/wp-json\/wp\/v2\/posts\/13270\/revisions\/13322"}],"wp:featuredmedia":[{"embeddable":true,"href":"https:\/\/lyonbondyblog.fr\/LBB\/wp-json\/wp\/v2\/media\/13299"}],"wp:attachment":[{"href":"https:\/\/lyonbondyblog.fr\/LBB\/wp-json\/wp\/v2\/media?parent=13270"}],"wp:term":[{"taxonomy":"category","embeddable":true,"href":"https:\/\/lyonbondyblog.fr\/LBB\/wp-json\/wp\/v2\/categories?post=13270"},{"taxonomy":"post_tag","embeddable":true,"href":"https:\/\/lyonbondyblog.fr\/LBB\/wp-json\/wp\/v2\/tags?post=13270"}],"curies":[{"name":"wp","href":"https:\/\/api.w.org\/{rel}","templated":true}]}}