{"id":13081,"date":"2018-05-11T23:03:47","date_gmt":"2018-05-11T21:03:47","guid":{"rendered":"http:\/\/lyonbondyblog.fr\/LBB\/?p=13081"},"modified":"2018-05-11T23:12:47","modified_gmt":"2018-05-11T21:12:47","slug":"la-duchere-conclut-en-beaute","status":"publish","type":"post","link":"https:\/\/lyonbondyblog.fr\/LBB\/la-duchere-conclut-en-beaute\/","title":{"rendered":"La Duch\u00e8re conclut en beaut\u00e9 contre Chambly"},"content":{"rendered":"<h3>L&rsquo;AS Lyon-Duch\u00e8re \u00e9tait menac\u00e9e de rel\u00e9gation avant le coup d&rsquo;envoi de la 32\u00e8 et derni\u00e8re journ\u00e9e de National. Les Lyonnais ont pris le meilleur sur Chambly 1-0 pour assurer leur place en troisi\u00e8me division.<\/h3>\n<div>Sur la pelouse du stade de Balmont les Lyonnais ont \u00e9t\u00e9 les premiers \u00e0 mettre le pied sur le ballon. Entreprenants ils se sont procur\u00e9 trois occasions franches dans les dix premi\u00e8res minutes par l&rsquo;interm\u00e9diaire du n17 Oumar Camara. C&rsquo;est ce dernier qui sera l&rsquo;auteur du centre pour la t\u00eate d\u00e9crois\u00e9e de l&rsquo;ancien mon\u00e9gasque <a href=\"https:\/\/www.lequipe.fr\/Football\/FootballFicheJoueur32044.html\">Jackson Mendes da Silva<\/a> apr\u00e8s 13 minutes. Encourag\u00e9e par un kop jeune, l&rsquo;\u00e9quipe du plateau a mis la pression sur le demi-finaliste de la Coupe de France en se procurant de nouvelles occasions aux alentours de la 30\u00e8 minute. Chambly n&rsquo;aura procur\u00e9 des frissons \u00e0 son kop d&rsquo;une quinzaine d&rsquo;ultras qu&rsquo;\u00e0 deux occasions dont une t\u00eate piqu\u00e9e de Lassana Doucour\u00e9, sauv\u00e9e sur sa ligne par l&rsquo;impeccable gardien de but Jean Ndjalkonoghmatha.<\/div>\n<div>&nbsp;<\/div>\n<div>\n<figure id=\"attachment_13085\" aria-describedby=\"caption-attachment-13085\" style=\"width: 3264px\" class=\"wp-caption aligncenter\"><img loading=\"lazy\" decoding=\"async\" class=\"wp-image-13085 size-full\" src=\"https:\/\/lyonbondyblog.fr\/LBB\/wp-content\/uploads\/2018\/05\/Kop-chambly-.jpg\" alt=\"\" width=\"3264\" height=\"2448\" srcset=\"https:\/\/lyonbondyblog.fr\/LBB\/wp-content\/uploads\/2018\/05\/Kop-chambly-.jpg 3264w, https:\/\/lyonbondyblog.fr\/LBB\/wp-content\/uploads\/2018\/05\/Kop-chambly--300x225.jpg 300w, https:\/\/lyonbondyblog.fr\/LBB\/wp-content\/uploads\/2018\/05\/Kop-chambly--768x576.jpg 768w, https:\/\/lyonbondyblog.fr\/LBB\/wp-content\/uploads\/2018\/05\/Kop-chambly--1024x768.jpg 1024w, https:\/\/lyonbondyblog.fr\/LBB\/wp-content\/uploads\/2018\/05\/Kop-chambly--600x450.jpg 600w\" sizes=\"auto, (max-width: 3264px) 100vw, 3264px\" \/><figcaption id=\"caption-attachment-13085\" class=\"wp-caption-text\">Une quinzaine de supporters avaient fait le long d\u00e9placement depuis l&rsquo;Oise pour supporter leur \u00e9quipe. Cr\u00e9dit : Hugo Dervissoglou<\/figcaption><\/figure>\n<\/div>\n<div>\n<div>\n<h2>L&rsquo;envie \u00e9tait lyonnaise<\/h2>\n<div>La deuxi\u00e8me mi-temps a \u00e9t\u00e9 plus \u00e9quilibr\u00e9, son principal temps fort \u00e9tant une frappe de l&rsquo;attaquant lyonnais Matthieu Ezikian contr\u00e9e par une sortie de Simon Pontdem\u00e9. Dans une partie ouverte, les Duch\u00e9rois ont montr\u00e9 plus d&rsquo;envie que les joueurs de Bruno Luzi. Les centres des Franciliens n&rsquo;ont pas trouv\u00e9 preneur malgr\u00e9 la pr\u00e9sence des deux pivots Lassana Doucour\u00e9 et Hamidou Keyta. Les quelques ballons disput\u00e9s sont tomb\u00e9s dans l&rsquo;escarcelle des locaux appliqu\u00e9s, ambitieux et plus pr\u00e9cis. Ce succ\u00e8s 1-0 permet aux Duch\u00e8rois d&rsquo;assurer leur place en national. Ils terminent la saison avec 42 points soit la huiti\u00e8me place \u00e0 \u00e9galit\u00e9 avec Laval et Boulogne-sur-Mer. Chambly boucle sa saison avec 40 points et \u00e9chappe \u00e0 la rel\u00e9gation. Le couperet est tomb\u00e9 pour Cr\u00e9teil et l&rsquo;\u00e9quipe <a href=\"https:\/\/www.fff.fr\/championnats\/fff\/federation-francaise-de-football\/2016\/329866-national\/phase-1\/poule-1\/derniers-resultats\">surprise de l&rsquo;an dernier &nbsp;Marseille-Consolat<\/a>. Les Herbiers n&rsquo;ont pas connu la m\u00eame r\u00e9ussite qu&rsquo;en Coupe de France. La d\u00e9faite 4-1 \u00e0 B\u00e9ziers les condamnent \u00e0 la rel\u00e9gation. <a href=\"http:\/\/www.foot-national.com\/foot-beziers-en-ligue-2-grenoble-en-barrage-les-herbiers-en-n2-107260.html\">Les Biterrois<\/a> sont promus en Ligue 2 et laissent leur place de barragiste \u00e0 Grenoble.&nbsp;<\/div>\n<\/div>\n<\/div>\n<div>&nbsp;<\/div>\n<div>\n<figure id=\"attachment_13086\" aria-describedby=\"caption-attachment-13086\" style=\"width: 3264px\" class=\"wp-caption aligncenter\"><img loading=\"lazy\" decoding=\"async\" class=\"wp-image-13086 size-full\" src=\"https:\/\/lyonbondyblog.fr\/LBB\/wp-content\/uploads\/2018\/05\/KOP-ASD.jpg\" alt=\"\" width=\"3264\" height=\"2448\" srcset=\"https:\/\/lyonbondyblog.fr\/LBB\/wp-content\/uploads\/2018\/05\/KOP-ASD.jpg 3264w, https:\/\/lyonbondyblog.fr\/LBB\/wp-content\/uploads\/2018\/05\/KOP-ASD-300x225.jpg 300w, https:\/\/lyonbondyblog.fr\/LBB\/wp-content\/uploads\/2018\/05\/KOP-ASD-768x576.jpg 768w, https:\/\/lyonbondyblog.fr\/LBB\/wp-content\/uploads\/2018\/05\/KOP-ASD-1024x768.jpg 1024w, https:\/\/lyonbondyblog.fr\/LBB\/wp-content\/uploads\/2018\/05\/KOP-ASD-600x450.jpg 600w\" sizes=\"auto, (max-width: 3264px) 100vw, 3264px\" \/><figcaption id=\"caption-attachment-13086\" class=\"wp-caption-text\">Le kop duch\u00e8rois au soutien des joueurs du plateau. Cr\u00e9dit : Hugo Dervissoglou<\/figcaption><\/figure>\n<\/div>\n<p>&nbsp;<\/p>\n<!-- AddThis Advanced Settings generic via filter on the_content --><!-- AddThis Share Buttons generic via filter on the_content -->","protected":false},"excerpt":{"rendered":"<p>L&rsquo;AS Lyon-Duch\u00e8re \u00e9tait menac\u00e9e de rel\u00e9gation avant le coup d&rsquo;envoi de la 32\u00e8 et derni\u00e8re journ\u00e9e de National. Les Lyonnais ont pris le meilleur sur &hellip; <!-- AddThis Advanced Settings generic via filter on wp_trim_excerpt --><!-- AddThis Share Buttons generic via filter on wp_trim_excerpt --><\/p>\n","protected":false},"author":1,"featured_media":13082,"comment_status":"open","ping_status":"open","sticky":false,"template":"","format":"standard","meta":{"_FSMCFIC_featured_image_caption":"","_FSMCFIC_featured_image_nocaption":"","_FSMCFIC_featured_image_hide":"","footnotes":""},"categories":[4,2862],"tags":[624,1864,2898],"class_list":["post-13081","post","type-post","status-publish","format-standard","has-post-thumbnail","hentry","category-lyon","category-sport","tag-football","tag-lyon-la-duchere","tag-national"],"yoast_head":"<!-- This site is optimized with the Yoast SEO plugin v22.8 - https:\/\/yoast.com\/wordpress\/plugins\/seo\/ -->\n<title>La Duch\u00e8re conclut en beaut\u00e9 contre Chambly - Lyon Bondy Blog<\/title>\n<meta name=\"description\" content=\"L&#039;AS Lyon-Duch\u00e8re \u00e9tait menac\u00e9e de rel\u00e9gation avant le coup d&#039;envoi de la 32\u00e8 et derni\u00e8re journ\u00e9e de National\" \/>\n<meta name=\"robots\" content=\"index, follow, max-snippet:-1, max-image-preview:large, max-video-preview:-1\" \/>\n<link rel=\"canonical\" href=\"https:\/\/lyonbondyblog.fr\/LBB\/la-duchere-conclut-en-beaute\/\" \/>\n<meta property=\"og:locale\" content=\"fr_FR\" \/>\n<meta property=\"og:type\" content=\"article\" \/>\n<meta property=\"og:title\" content=\"La Duch\u00e8re conclut en beaut\u00e9 contre Chambly - Lyon Bondy Blog\" \/>\n<meta property=\"og:description\" content=\"L&#039;AS Lyon-Duch\u00e8re \u00e9tait menac\u00e9e de rel\u00e9gation avant le coup d&#039;envoi de la 32\u00e8 et derni\u00e8re journ\u00e9e de National\" \/>\n<meta property=\"og:url\" content=\"https:\/\/lyonbondyblog.fr\/LBB\/la-duchere-conclut-en-beaute\/\" \/>\n<meta property=\"og:site_name\" content=\"Lyon Bondy Blog\" \/>\n<meta property=\"article:publisher\" content=\"https:\/\/www.facebook.com\/lyonbondyblog\" \/>\n<meta property=\"article:author\" content=\"https:\/\/www.facebook.com\/lyonbondyblog\" \/>\n<meta property=\"article:published_time\" content=\"2018-05-11T21:03:47+00:00\" \/>\n<meta property=\"article:modified_time\" content=\"2018-05-11T21:12:47+00:00\" \/>\n<meta property=\"og:image\" content=\"https:\/\/lyonbondyblog.fr\/LBB\/wp-content\/uploads\/2018\/05\/Photos-Une-ASD.jpg\" \/>\n\t<meta property=\"og:image:width\" content=\"3264\" \/>\n\t<meta property=\"og:image:height\" content=\"2448\" \/>\n\t<meta property=\"og:image:type\" content=\"image\/jpeg\" \/>\n<meta name=\"author\" content=\"La r\u00e9daction\" \/>\n<meta name=\"twitter:card\" content=\"summary_large_image\" \/>\n<meta name=\"twitter:creator\" content=\"@BondyBlogLyon\" \/>\n<meta name=\"twitter:site\" content=\"@bondybloglyon\" \/>\n<script type=\"application\/ld+json\" class=\"yoast-schema-graph\">{\"@context\":\"https:\/\/schema.org\",\"@graph\":[{\"@type\":\"Article\",\"@id\":\"https:\/\/lyonbondyblog.fr\/LBB\/la-duchere-conclut-en-beaute\/#article\",\"isPartOf\":{\"@id\":\"https:\/\/lyonbondyblog.fr\/LBB\/la-duchere-conclut-en-beaute\/\"},\"author\":{\"name\":\"La r\u00e9daction\",\"@id\":\"https:\/\/lyonbondyblog.fr\/LBB\/#\/schema\/person\/e45f8d27baac75072daa0be50c409b25\"},\"headline\":\"La Duch\u00e8re conclut en beaut\u00e9 contre Chambly\",\"datePublished\":\"2018-05-11T21:03:47+00:00\",\"dateModified\":\"2018-05-11T21:12:47+00:00\",\"mainEntityOfPage\":{\"@id\":\"https:\/\/lyonbondyblog.fr\/LBB\/la-duchere-conclut-en-beaute\/\"},\"wordCount\":413,\"commentCount\":0,\"publisher\":{\"@id\":\"https:\/\/lyonbondyblog.fr\/LBB\/#organization\"},\"image\":{\"@id\":\"https:\/\/lyonbondyblog.fr\/LBB\/la-duchere-conclut-en-beaute\/#primaryimage\"},\"thumbnailUrl\":\"https:\/\/lyonbondyblog.fr\/LBB\/wp-content\/uploads\/2018\/05\/Photos-Une-ASD.jpg\",\"keywords\":[\"Football\",\"Lyon La Duch\u00e8re\",\"national\"],\"articleSection\":[\"Lyon\",\"Sport\"],\"inLanguage\":\"fr-FR\",\"potentialAction\":[{\"@type\":\"CommentAction\",\"name\":\"Comment\",\"target\":[\"https:\/\/lyonbondyblog.fr\/LBB\/la-duchere-conclut-en-beaute\/#respond\"]}]},{\"@type\":\"WebPage\",\"@id\":\"https:\/\/lyonbondyblog.fr\/LBB\/la-duchere-conclut-en-beaute\/\",\"url\":\"https:\/\/lyonbondyblog.fr\/LBB\/la-duchere-conclut-en-beaute\/\",\"name\":\"La Duch\u00e8re conclut en beaut\u00e9 contre Chambly - Lyon Bondy Blog\",\"isPartOf\":{\"@id\":\"https:\/\/lyonbondyblog.fr\/LBB\/#website\"},\"primaryImageOfPage\":{\"@id\":\"https:\/\/lyonbondyblog.fr\/LBB\/la-duchere-conclut-en-beaute\/#primaryimage\"},\"image\":{\"@id\":\"https:\/\/lyonbondyblog.fr\/LBB\/la-duchere-conclut-en-beaute\/#primaryimage\"},\"thumbnailUrl\":\"https:\/\/lyonbondyblog.fr\/LBB\/wp-content\/uploads\/2018\/05\/Photos-Une-ASD.jpg\",\"datePublished\":\"2018-05-11T21:03:47+00:00\",\"dateModified\":\"2018-05-11T21:12:47+00:00\",\"description\":\"L'AS Lyon-Duch\u00e8re \u00e9tait menac\u00e9e de rel\u00e9gation avant le coup d'envoi de la 32\u00e8 et derni\u00e8re journ\u00e9e de National\",\"inLanguage\":\"fr-FR\",\"potentialAction\":[{\"@type\":\"ReadAction\",\"target\":[\"https:\/\/lyonbondyblog.fr\/LBB\/la-duchere-conclut-en-beaute\/\"]}]},{\"@type\":\"ImageObject\",\"inLanguage\":\"fr-FR\",\"@id\":\"https:\/\/lyonbondyblog.fr\/LBB\/la-duchere-conclut-en-beaute\/#primaryimage\",\"url\":\"https:\/\/lyonbondyblog.fr\/LBB\/wp-content\/uploads\/2018\/05\/Photos-Une-ASD.jpg\",\"contentUrl\":\"https:\/\/lyonbondyblog.fr\/LBB\/wp-content\/uploads\/2018\/05\/Photos-Une-ASD.jpg\",\"width\":\"3264\",\"height\":\"2448\",\"caption\":\"Fin d'une premi\u00e8re mi-temps largement domin\u00e9e par La Duch\u00e8re. Photo : Hugo Dervissoglou\"},{\"@type\":\"WebSite\",\"@id\":\"https:\/\/lyonbondyblog.fr\/LBB\/#website\",\"url\":\"https:\/\/lyonbondyblog.fr\/LBB\/\",\"name\":\"Lyon Bondy Blog\",\"description\":\"\",\"publisher\":{\"@id\":\"https:\/\/lyonbondyblog.fr\/LBB\/#organization\"},\"potentialAction\":[{\"@type\":\"SearchAction\",\"target\":{\"@type\":\"EntryPoint\",\"urlTemplate\":\"https:\/\/lyonbondyblog.fr\/LBB\/?s={search_term_string}\"},\"query-input\":\"required name=search_term_string\"}],\"inLanguage\":\"fr-FR\"},{\"@type\":\"Organization\",\"@id\":\"https:\/\/lyonbondyblog.fr\/LBB\/#organization\",\"name\":\"LYON BONDY BLOG\",\"url\":\"https:\/\/lyonbondyblog.fr\/LBB\/\",\"logo\":{\"@type\":\"ImageObject\",\"inLanguage\":\"fr-FR\",\"@id\":\"https:\/\/lyonbondyblog.fr\/LBB\/#\/schema\/logo\/image\/\",\"url\":\"http:\/\/lyonbondyblog.fr\/LBB\/wp-content\/uploads\/2014\/10\/logo-portable-144.png\",\"contentUrl\":\"http:\/\/lyonbondyblog.fr\/LBB\/wp-content\/uploads\/2014\/10\/logo-portable-144.png\",\"width\":144,\"height\":123,\"caption\":\"LYON BONDY BLOG\"},\"image\":{\"@id\":\"https:\/\/lyonbondyblog.fr\/LBB\/#\/schema\/logo\/image\/\"},\"sameAs\":[\"https:\/\/www.facebook.com\/lyonbondyblog\",\"https:\/\/x.com\/bondybloglyon\"]},{\"@type\":\"Person\",\"@id\":\"https:\/\/lyonbondyblog.fr\/LBB\/#\/schema\/person\/e45f8d27baac75072daa0be50c409b25\",\"name\":\"La r\u00e9daction\",\"description\":\"Cr\u00e9e en 2008, la r\u00e9daction du Lyon Bondy Blog s'applique \u00e0 proposer une information locale diff\u00e9rente et compl\u00e9mentaire des m\u00e9dias traditionnels.\",\"sameAs\":[\"https:\/\/www.facebook.com\/lyonbondyblog\",\"https:\/\/x.com\/BondyBlogLyon\"],\"url\":\"https:\/\/lyonbondyblog.fr\/LBB\/author\/admin\/\"}]}<\/script>\n<!-- \/ Yoast SEO plugin. -->","yoast_head_json":{"title":"La Duch\u00e8re conclut en beaut\u00e9 contre Chambly - Lyon Bondy Blog","description":"L'AS Lyon-Duch\u00e8re \u00e9tait menac\u00e9e de rel\u00e9gation avant le coup d'envoi de la 32\u00e8 et derni\u00e8re journ\u00e9e de National","robots":{"index":"index","follow":"follow","max-snippet":"max-snippet:-1","max-image-preview":"max-image-preview:large","max-video-preview":"max-video-preview:-1"},"canonical":"https:\/\/lyonbondyblog.fr\/LBB\/la-duchere-conclut-en-beaute\/","og_locale":"fr_FR","og_type":"article","og_title":"La Duch\u00e8re conclut en beaut\u00e9 contre Chambly - Lyon Bondy Blog","og_description":"L'AS Lyon-Duch\u00e8re \u00e9tait menac\u00e9e de rel\u00e9gation avant le coup d'envoi de la 32\u00e8 et derni\u00e8re journ\u00e9e de National","og_url":"https:\/\/lyonbondyblog.fr\/LBB\/la-duchere-conclut-en-beaute\/","og_site_name":"Lyon Bondy Blog","article_publisher":"https:\/\/www.facebook.com\/lyonbondyblog","article_author":"https:\/\/www.facebook.com\/lyonbondyblog","article_published_time":"2018-05-11T21:03:47+00:00","article_modified_time":"2018-05-11T21:12:47+00:00","og_image":[{"width":"3264","height":"2448","url":"https:\/\/lyonbondyblog.fr\/LBB\/wp-content\/uploads\/2018\/05\/Photos-Une-ASD.jpg","type":"image\/jpeg"}],"author":"La r\u00e9daction","twitter_card":"summary_large_image","twitter_creator":"@BondyBlogLyon","twitter_site":"@bondybloglyon","schema":{"@context":"https:\/\/schema.org","@graph":[{"@type":"Article","@id":"https:\/\/lyonbondyblog.fr\/LBB\/la-duchere-conclut-en-beaute\/#article","isPartOf":{"@id":"https:\/\/lyonbondyblog.fr\/LBB\/la-duchere-conclut-en-beaute\/"},"author":{"name":"La r\u00e9daction","@id":"https:\/\/lyonbondyblog.fr\/LBB\/#\/schema\/person\/e45f8d27baac75072daa0be50c409b25"},"headline":"La Duch\u00e8re conclut en beaut\u00e9 contre Chambly","datePublished":"2018-05-11T21:03:47+00:00","dateModified":"2018-05-11T21:12:47+00:00","mainEntityOfPage":{"@id":"https:\/\/lyonbondyblog.fr\/LBB\/la-duchere-conclut-en-beaute\/"},"wordCount":413,"commentCount":0,"publisher":{"@id":"https:\/\/lyonbondyblog.fr\/LBB\/#organization"},"image":{"@id":"https:\/\/lyonbondyblog.fr\/LBB\/la-duchere-conclut-en-beaute\/#primaryimage"},"thumbnailUrl":"https:\/\/lyonbondyblog.fr\/LBB\/wp-content\/uploads\/2018\/05\/Photos-Une-ASD.jpg","keywords":["Football","Lyon La Duch\u00e8re","national"],"articleSection":["Lyon","Sport"],"inLanguage":"fr-FR","potentialAction":[{"@type":"CommentAction","name":"Comment","target":["https:\/\/lyonbondyblog.fr\/LBB\/la-duchere-conclut-en-beaute\/#respond"]}]},{"@type":"WebPage","@id":"https:\/\/lyonbondyblog.fr\/LBB\/la-duchere-conclut-en-beaute\/","url":"https:\/\/lyonbondyblog.fr\/LBB\/la-duchere-conclut-en-beaute\/","name":"La Duch\u00e8re conclut en beaut\u00e9 contre Chambly - Lyon Bondy Blog","isPartOf":{"@id":"https:\/\/lyonbondyblog.fr\/LBB\/#website"},"primaryImageOfPage":{"@id":"https:\/\/lyonbondyblog.fr\/LBB\/la-duchere-conclut-en-beaute\/#primaryimage"},"image":{"@id":"https:\/\/lyonbondyblog.fr\/LBB\/la-duchere-conclut-en-beaute\/#primaryimage"},"thumbnailUrl":"https:\/\/lyonbondyblog.fr\/LBB\/wp-content\/uploads\/2018\/05\/Photos-Une-ASD.jpg","datePublished":"2018-05-11T21:03:47+00:00","dateModified":"2018-05-11T21:12:47+00:00","description":"L'AS Lyon-Duch\u00e8re \u00e9tait menac\u00e9e de rel\u00e9gation avant le coup d'envoi de la 32\u00e8 et derni\u00e8re journ\u00e9e de National","inLanguage":"fr-FR","potentialAction":[{"@type":"ReadAction","target":["https:\/\/lyonbondyblog.fr\/LBB\/la-duchere-conclut-en-beaute\/"]}]},{"@type":"ImageObject","inLanguage":"fr-FR","@id":"https:\/\/lyonbondyblog.fr\/LBB\/la-duchere-conclut-en-beaute\/#primaryimage","url":"https:\/\/lyonbondyblog.fr\/LBB\/wp-content\/uploads\/2018\/05\/Photos-Une-ASD.jpg","contentUrl":"https:\/\/lyonbondyblog.fr\/LBB\/wp-content\/uploads\/2018\/05\/Photos-Une-ASD.jpg","width":"3264","height":"2448","caption":"Fin d'une premi\u00e8re mi-temps largement domin\u00e9e par La Duch\u00e8re. Photo : Hugo Dervissoglou"},{"@type":"WebSite","@id":"https:\/\/lyonbondyblog.fr\/LBB\/#website","url":"https:\/\/lyonbondyblog.fr\/LBB\/","name":"Lyon Bondy Blog","description":"","publisher":{"@id":"https:\/\/lyonbondyblog.fr\/LBB\/#organization"},"potentialAction":[{"@type":"SearchAction","target":{"@type":"EntryPoint","urlTemplate":"https:\/\/lyonbondyblog.fr\/LBB\/?s={search_term_string}"},"query-input":"required name=search_term_string"}],"inLanguage":"fr-FR"},{"@type":"Organization","@id":"https:\/\/lyonbondyblog.fr\/LBB\/#organization","name":"LYON BONDY BLOG","url":"https:\/\/lyonbondyblog.fr\/LBB\/","logo":{"@type":"ImageObject","inLanguage":"fr-FR","@id":"https:\/\/lyonbondyblog.fr\/LBB\/#\/schema\/logo\/image\/","url":"http:\/\/lyonbondyblog.fr\/LBB\/wp-content\/uploads\/2014\/10\/logo-portable-144.png","contentUrl":"http:\/\/lyonbondyblog.fr\/LBB\/wp-content\/uploads\/2014\/10\/logo-portable-144.png","width":144,"height":123,"caption":"LYON BONDY BLOG"},"image":{"@id":"https:\/\/lyonbondyblog.fr\/LBB\/#\/schema\/logo\/image\/"},"sameAs":["https:\/\/www.facebook.com\/lyonbondyblog","https:\/\/x.com\/bondybloglyon"]},{"@type":"Person","@id":"https:\/\/lyonbondyblog.fr\/LBB\/#\/schema\/person\/e45f8d27baac75072daa0be50c409b25","name":"La r\u00e9daction","description":"Cr\u00e9e en 2008, la r\u00e9daction du Lyon Bondy Blog s'applique \u00e0 proposer une information locale diff\u00e9rente et compl\u00e9mentaire des m\u00e9dias traditionnels.","sameAs":["https:\/\/www.facebook.com\/lyonbondyblog","https:\/\/x.com\/BondyBlogLyon"],"url":"https:\/\/lyonbondyblog.fr\/LBB\/author\/admin\/"}]}},"_links":{"self":[{"href":"https:\/\/lyonbondyblog.fr\/LBB\/wp-json\/wp\/v2\/posts\/13081","targetHints":{"allow":["GET"]}}],"collection":[{"href":"https:\/\/lyonbondyblog.fr\/LBB\/wp-json\/wp\/v2\/posts"}],"about":[{"href":"https:\/\/lyonbondyblog.fr\/LBB\/wp-json\/wp\/v2\/types\/post"}],"author":[{"embeddable":true,"href":"https:\/\/lyonbondyblog.fr\/LBB\/wp-json\/wp\/v2\/users\/1"}],"replies":[{"embeddable":true,"href":"https:\/\/lyonbondyblog.fr\/LBB\/wp-json\/wp\/v2\/comments?post=13081"}],"version-history":[{"count":6,"href":"https:\/\/lyonbondyblog.fr\/LBB\/wp-json\/wp\/v2\/posts\/13081\/revisions"}],"predecessor-version":[{"id":13090,"href":"https:\/\/lyonbondyblog.fr\/LBB\/wp-json\/wp\/v2\/posts\/13081\/revisions\/13090"}],"wp:featuredmedia":[{"embeddable":true,"href":"https:\/\/lyonbondyblog.fr\/LBB\/wp-json\/wp\/v2\/media\/13082"}],"wp:attachment":[{"href":"https:\/\/lyonbondyblog.fr\/LBB\/wp-json\/wp\/v2\/media?parent=13081"}],"wp:term":[{"taxonomy":"category","embeddable":true,"href":"https:\/\/lyonbondyblog.fr\/LBB\/wp-json\/wp\/v2\/categories?post=13081"},{"taxonomy":"post_tag","embeddable":true,"href":"https:\/\/lyonbondyblog.fr\/LBB\/wp-json\/wp\/v2\/tags?post=13081"}],"curies":[{"name":"wp","href":"https:\/\/api.w.org\/{rel}","templated":true}]}}