{"id":13039,"date":"2018-05-03T13:23:19","date_gmt":"2018-05-03T11:23:19","guid":{"rendered":"http:\/\/lyonbondyblog.fr\/LBB\/?p=13039"},"modified":"2018-05-03T13:23:19","modified_gmt":"2018-05-03T11:23:19","slug":"nathalie-perrin-gilbert-on-ne-peut-pas-continuer-avec-un-modele-economique-et-social-qui-nous-emmene-droit-dans-le-mur","status":"publish","type":"post","link":"https:\/\/lyonbondyblog.fr\/LBB\/nathalie-perrin-gilbert-on-ne-peut-pas-continuer-avec-un-modele-economique-et-social-qui-nous-emmene-droit-dans-le-mur\/","title":{"rendered":"Nathalie Perrin-Gilbert : \u00ab On ne peut pas continuer avec un mod\u00e8le \u00e9conomique et social qui nous emm\u00e8ne droit dans le mur \u00bb"},"content":{"rendered":"<p style=\"text-align: justify;\"><em>Ce mercredi 2 mai se tenait la conf\u00e9rence de presse de mi-parcours de mandat des \u00e9lu.e.s Lyon Citoyenne &amp; Solidaire du 1er arrondissement. Une conf\u00e9rence de presse lors de laquelle quatre grands axes ont \u00e9t\u00e9 \u00e9voqu\u00e9s tels que la d\u00e9fense du service public municipal, le d\u00e9veloppement de la participation citoyenne, la protection \u00e9cologique et la cr\u00e9ation de solidarit\u00e9 internationale. En marge de cette conf\u00e9rence, Nathalie Perrin-Gilbert, maire du 1<sup>er<\/sup> arrondissement est revenue pour le LBB sur son actualit\u00e9.<\/em><\/p>\n<p style=\"text-align: justify;\"><em>&nbsp;<\/em><\/p>\n<h3 style=\"text-align: justify;\">Concernant votre actualit\u00e9, on parle principalement d\u2019une situation quelque peu tendue au sein du GRAM, qu\u2019en est-il de votre situation&nbsp;?<\/h3>\n<p style=\"text-align: justify;\">\u00ab&nbsp;Je ne suis pas parti du GRAM et je n\u2019en suis jamais parti. Le GRAM nous l\u2019avons cofond\u00e9 avec Renaud Payre \u00e0 la fin de l\u2019ann\u00e9e 2011. C\u2019\u00e9tait un collectif c\u2019est devenu une association en 2013. Je n\u2019ai jamais occup\u00e9 de fonctions au sein du GRAM, je n\u2019ai jamais \u00e9t\u00e9 pr\u00e9sidente ou autre, le pr\u00e9sident a toujours \u00e9t\u00e9 Renaud Payre. Il y a eu une tentative de la part du bureau du GRAM d\u2019exclure un certain nombre d\u2019adh\u00e9rents, de m\u2019exclure \u00e9galement, mais moi je n\u2019en \u00e9tais jamais parti et les adh\u00e9rents ont convoqu\u00e9 une assembl\u00e9e des adh\u00e9rents comme nos statuts le permettent et face \u00e0 cette demande des adh\u00e9rents d\u2019un d\u00e9bat sur la direction du GRAM, sa ligne directrice, puisque Renaud Payre en tant que Pr\u00e9sident avait fait des d\u00e9clarations dans la presse, notamment dans le Progr\u00e8s. Le Pr\u00e9sident et les membres du bureau ont pr\u00e9f\u00e9r\u00e9 d\u00e9missionner le jour m\u00eame de l\u2019assembl\u00e9e des adh\u00e9rents pour ne pas avoir \u00e0 rendre compte aux adh\u00e9rents de leurs propos et de ce fait ils sont d\u00e9missionnaires, mais le GRAM lui reste, j\u2019en fais toujours partie, des membres anciens en font toujours partie, des nouveaux sont \u00e9galement arriv\u00e9s. Non seulement le GRAM continue, mais je n\u2019en suis jamais parti et je ne partirai pas.&nbsp;\u00bb<\/p>\n<p style=\"text-align: justify;\">&nbsp;<\/p>\n<h3 style=\"text-align: justify;\">Aujourd\u2019hui comment faites-vous pour travailler avec les autres \u00e9lus <em>(Andr\u00e9 Gachet, Jean-Pierre Bouchard, Marwan Martelli, Arthur Remy et Corinne Soulanet)<\/em>&nbsp;?<\/h3>\n<p style=\"text-align: justify;\">\u00ab&nbsp;Les adh\u00e9rents qui \u00e9taient sur la ligne de monsieur Payre sont partis avec l\u2019ancien pr\u00e9sident. Selon moi, qu\u2019un Pr\u00e9sident et qu\u2019un bureau ne veuillent pas dialoguer avec les adh\u00e9rents d\u2019une association, ne veulent pas rendre compte de leurs propos dans la presse, cela me pose question. Pourquoi au lieu d\u2019en discuter en interne, ils ont pr\u00e9f\u00e9r\u00e9 d\u00e9missionner, faire une conf\u00e9rence de presse le jour m\u00eame de notre assembl\u00e9e des adh\u00e9rents ? J\u2019ai envie de dire qu\u2019ils ont fait le choix de s\u2019exclure et de partir tout simplement, et apr\u00e8s concernant les membres actuels du GRAM, il y a des anciens, des nouveaux, et on est toujours sur la m\u00eame notion d\u2019une association citoyenne, engag\u00e9e en politique, engag\u00e9e \u00e0 gauche, pour des valeurs humanistes, \u00e9cologistes et on continue.&nbsp;\u00bb<\/p>\n<p style=\"text-align: justify;\">&nbsp;<\/p>\n<h3 style=\"text-align: justify;\">Vous en \u00eates \u00e0 votre 3\u00e8me mandat en tant que maire du 1er arrondissement, quels sont vos projets pour 2020 en politique ?<\/h3>\n<p style=\"text-align: justify;\">\u00ab&nbsp;Moi je souhaite pouvoir contribuer \u00e0 une liste de gauche, mais une liste de gauche non pas comme on voudrait parfois nous pr\u00e9senter comme une gauche radicale, une gauche extr\u00e9miste, mais simplement de gauche. On voit sur l\u2019\u00e9chiquier politique un d\u00e9port vers la droite, donc ceux qui restent sur leurs valeurs initiales. Aujourd\u2019hui on est qualifi\u00e9 d\u2019extr\u00eame gauche, mais non, on est simplement l\u00e0 o\u00f9 on \u00e9tait d\u00e9j\u00e0 il y a quelques ann\u00e9es avec les m\u00eames valeurs et je ne vois pas pourquoi on nous qualifierait d\u2019extr\u00eame gauche aujourd\u2019hui. Donc c\u2019est rassembler sur cette base de convictions, moi je parle d\u2019une gauche de convictions et de constructions. La conviction c\u2019est qu\u2019on ne peut pas continuer avec un mod\u00e8le \u00e9conomique et social qui nous emm\u00e8ne droit dans le mur, que le mythe de la croissance c\u2019est fini, qu\u2019il faut r\u00e9fl\u00e9chir \u00e0 un d\u00e9veloppement plus respectueux de la plan\u00e8te, mais aussi des hommes cela signifie aussi d\u00e9fendre les services publics de proximit\u00e9, et donc les fonctionnaires aussi qui rendent des missions pour l\u2019\u00e9tat, il faut arr\u00eater de mettre en concurrence les Fran\u00e7ais entre eux. Donc nous on est contre cette destruction programm\u00e9e de l\u2019\u00e9tat social, on pense aussi que le mod\u00e8le \u00e9conomique lib\u00e9ral nous am\u00e8ne droit dans le mur, que les ressources ne sont pas infinies et donc on veut un nouveau mod\u00e8le de d\u00e9veloppement plus respectueux, plus \u00e9cologique, plus \u00e9galitaire aussi. C\u2019est ce mod\u00e8le-l\u00e0 qu\u2019on veut d\u00e9fendre et je ne pense pas que c\u2019est d\u2019\u00eatre extr\u00eame gauche que d\u00e9fendre ce mod\u00e8le. C\u2019est \u00eatre \u00e9cologique, c\u2019est \u00eatre humaniste. Donc mon objectif c\u2019est rassembler toutes celles et tous ceux qui ont envie de d\u00e9fendre cette vision pour notre ville.&nbsp;\u00bb<\/p>\n<p style=\"text-align: justify;\">&nbsp;<\/p>\n<h3 style=\"text-align: justify;\">Est-ce que dans ces projets il n\u2019y aurait pas une possible alliance \u00e0 gauche avec France Insoumise par exemple ou le front de gauche tout simplement pour rester dans une politique de gauche ?<\/h3>\n<p style=\"text-align: justify;\">\u00ab&nbsp;L\u2019id\u00e9e c\u2019est que tout le monde soit le bienvenu c\u2019est-\u00e0-dire que moi je souhaite qu\u2019il y ait cette union-l\u00e0. Je pr\u00e9f\u00e8re parler d\u2019union que d\u2019unit\u00e9. Une union responsable, une union en se disant qu\u2019on a la responsabilit\u00e9 de mettre fin \u00e0 cette braderie municipale, \u00e0 cette perte des services publics, cette perte de solidarit\u00e9 sur notre territoire. Donc on doit aujourd\u2019hui gagner la ville de Lyon et pour gagner il faut s\u2019unir alors unissons-nous sur ce qui nous rassemble. Nous ne sommes pas identiques, mais nous avons des valeurs communes, un socle suffisant pour faire campagne ensemble, unissons-nous. Ce message il s\u2019adresse \u00e0 la France Insoumise, \u00e0 G\u00e9n\u00e9ration Hamon, au Parti communiste, \u00e0 Europe Ecologie Les Verts, il s\u2019adresse aux citoyens, il s\u2019adresse donc \u00e0 un ensemble et apr\u00e8s l\u2019id\u00e9e c\u2019est de dire d\u00e9passons simplement la logique d\u2019accord entre partis, pr\u00e9sentons ensemble un socle commun, peu importe nos \u00e9tiquettes. Ce qui compte c\u2019est le fond de notre proposition et chacun y aura sa place et ce que j\u2019aimerais c\u2019est qu\u2019on arrive \u00e0 pr\u00e9senter autre chose que l\u2019alliance PC, G\u00e9n\u00e9ration, FI, ELV, mais qu\u2019on soit v\u00e9ritablement sur une proposition pour Lyon o\u00f9 chacun se retrouve et o\u00f9 chacun est le bienvenu.&nbsp;\u00bb<\/p>\n<p style=\"text-align: justify;\">&nbsp;<\/p>\n<h3 style=\"text-align: justify;\">Nous aimerions revenir maintenant sur les \u00e9v\u00e9nements de ce lundi avec Renaud Payre, pr\u00e9sident de science politique Lyon. Vous \u00eates intervenue \u00e0 l\u2019institut Science-Po, invit\u00e9e par les \u00e9tudiants, pour une conf\u00e9rence concernant l\u2019accueil des migrants, et il semblerait qu\u2019il y aurait beaucoup de difficult\u00e9s \u00e0 ce que cela se fasse ? Avez-vous des explications l\u00e0-dessus ?<\/h3>\n<p style=\"text-align: justify;\">\u00ab&nbsp;Je n\u2019ai pas d\u2019explications, moi je sais que les \u00e9tudiants engag\u00e9s dans l\u2019IEP Lyon en lutte m\u2019ont invit\u00e9 \u00e0 venir pour parler sur un sujet sur lequel je suis engag\u00e9e depuis de nombreuses ann\u00e9es, la question des migrations, la question de l\u2019accueil, de l\u2019hospitalit\u00e9 et plus r\u00e9cemment les mineurs non accompagn\u00e9s puisque la M\u00e9tropole \u00e0 pris cette comp\u00e9tence \u00e0 partir du 1<sup>er<\/sup> janvier 2015. Ces \u00e9tudiants de science-po m\u2019ont reconnu cet engagement sur la question et ils m\u2019ont donc invit\u00e9 \u00e0 parler de ce sujet. Je n\u2019y suis pas all\u00e9e en tant que Nathalie Perrin-Gilbert du GRAM, j\u2019y suis all\u00e9e en tant que Nathalie Perrin-Gilbert engag\u00e9e depuis de nombreuses ann\u00e9es dans la d\u00e9fense des migrants. Que certains aient eu peur de ma pr\u00e9sence \u00e0 l\u2019IEP et aient voulu l\u2019\u00e9viter et aient fait pression sur des \u00e9tudiants j\u2019ai envie de dire que \u00e7a les appartient, cela montre aussi des m\u00e9thodes qui ne sont pas les miennes, l\u2019essentiel c\u2019est que la conf\u00e9rence s\u2019est faite. Il ne faudrait pas confondre le r\u00f4le de ces \u00e9tudiants qui d\u00e9fendent, ils sont solidaires avec Lyon 2, avec l\u2019ensemble des \u00e9tudiants qui voient leur universit\u00e9 devenir s\u00e9lective \u00e0 l\u2019entr\u00e9e, ne plus pouvoir choisir leur voie d\u2019\u00e9tude, donc les \u00e9tudiants de l\u2019IEP se veulent solidaires de ce mouvement-l\u00e0. C\u2019est un mouvement qui d\u00e9passe bien l\u2019IEP et Lyon et il faut que la direction de l\u2019IEP en ait conscience et n\u2019importe pas au sein de l\u2019IEP des conflits politiciens qui n\u2019ont pas lieu d\u2019\u00eatre. On attend du directeur de l\u2019IEP qu\u2019il soit bienveillant avec ses \u00e9tudiants, le reste n\u2019a pas \u00e0 faire au sein de l\u2019\u00e9cole.&nbsp;\u00bb<\/p>\n<!-- AddThis Advanced Settings generic via filter on the_content --><!-- AddThis Share Buttons generic via filter on the_content -->","protected":false},"excerpt":{"rendered":"<p>Ce mercredi 2 mai se tenait la conf\u00e9rence de presse de mi-parcours de mandat des \u00e9lu.e.s Lyon Citoyenne &amp; Solidaire du 1er arrondissement. Une conf\u00e9rence &hellip; <!-- AddThis Advanced Settings generic via filter on wp_trim_excerpt --><!-- AddThis Share Buttons generic via filter on wp_trim_excerpt --><\/p>\n","protected":false},"author":1,"featured_media":13040,"comment_status":"open","ping_status":"open","sticky":false,"template":"","format":"standard","meta":{"_FSMCFIC_featured_image_caption":"","_FSMCFIC_featured_image_nocaption":"","_FSMCFIC_featured_image_hide":"","footnotes":""},"categories":[4,6],"tags":[],"class_list":["post-13039","post","type-post","status-publish","format-standard","has-post-thumbnail","hentry","category-lyon","category-politique"],"yoast_head":"<!-- This site is optimized with the Yoast SEO plugin v22.8 - https:\/\/yoast.com\/wordpress\/plugins\/seo\/ -->\n<title>Nathalie Perrin-Gilbert : \u00ab On ne peut pas continuer avec un mod\u00e8le \u00e9conomique et social qui nous emm\u00e8ne droit dans le mur \u00bb - Lyon Bondy Blog<\/title>\n<meta name=\"robots\" content=\"index, follow, max-snippet:-1, max-image-preview:large, max-video-preview:-1\" \/>\n<link rel=\"canonical\" href=\"https:\/\/lyonbondyblog.fr\/LBB\/nathalie-perrin-gilbert-on-ne-peut-pas-continuer-avec-un-modele-economique-et-social-qui-nous-emmene-droit-dans-le-mur\/\" \/>\n<meta property=\"og:locale\" content=\"fr_FR\" \/>\n<meta property=\"og:type\" content=\"article\" \/>\n<meta property=\"og:title\" content=\"Nathalie Perrin-Gilbert : \u00ab On ne peut pas continuer avec un mod\u00e8le \u00e9conomique et social qui nous emm\u00e8ne droit dans le mur \u00bb - Lyon Bondy Blog\" \/>\n<meta property=\"og:description\" content=\"Ce mercredi 2 mai se tenait la conf\u00e9rence de presse de mi-parcours de mandat des \u00e9lu.e.s Lyon Citoyenne &amp; Solidaire du 1er arrondissement. Une conf\u00e9rence &hellip;\" \/>\n<meta property=\"og:url\" content=\"https:\/\/lyonbondyblog.fr\/LBB\/nathalie-perrin-gilbert-on-ne-peut-pas-continuer-avec-un-modele-economique-et-social-qui-nous-emmene-droit-dans-le-mur\/\" \/>\n<meta property=\"og:site_name\" content=\"Lyon Bondy Blog\" \/>\n<meta property=\"article:publisher\" content=\"https:\/\/www.facebook.com\/lyonbondyblog\" \/>\n<meta property=\"article:author\" content=\"https:\/\/www.facebook.com\/lyonbondyblog\" \/>\n<meta property=\"article:published_time\" content=\"2018-05-03T11:23:19+00:00\" \/>\n<meta property=\"og:image\" content=\"https:\/\/lyonbondyblog.fr\/LBB\/wp-content\/uploads\/2018\/05\/20180502_123153-1024x768.jpg\" \/>\n\t<meta property=\"og:image:width\" content=\"1024\" \/>\n\t<meta property=\"og:image:height\" content=\"768\" \/>\n\t<meta property=\"og:image:type\" content=\"image\/jpeg\" \/>\n<meta name=\"author\" content=\"La r\u00e9daction\" \/>\n<meta name=\"twitter:card\" content=\"summary_large_image\" \/>\n<meta name=\"twitter:creator\" content=\"@BondyBlogLyon\" \/>\n<meta name=\"twitter:site\" content=\"@bondybloglyon\" \/>\n<script type=\"application\/ld+json\" class=\"yoast-schema-graph\">{\"@context\":\"https:\/\/schema.org\",\"@graph\":[{\"@type\":\"Article\",\"@id\":\"https:\/\/lyonbondyblog.fr\/LBB\/nathalie-perrin-gilbert-on-ne-peut-pas-continuer-avec-un-modele-economique-et-social-qui-nous-emmene-droit-dans-le-mur\/#article\",\"isPartOf\":{\"@id\":\"https:\/\/lyonbondyblog.fr\/LBB\/nathalie-perrin-gilbert-on-ne-peut-pas-continuer-avec-un-modele-economique-et-social-qui-nous-emmene-droit-dans-le-mur\/\"},\"author\":{\"name\":\"La r\u00e9daction\",\"@id\":\"https:\/\/lyonbondyblog.fr\/LBB\/#\/schema\/person\/e45f8d27baac75072daa0be50c409b25\"},\"headline\":\"Nathalie Perrin-Gilbert : \u00ab On ne peut pas continuer avec un mod\u00e8le \u00e9conomique et social qui nous emm\u00e8ne droit dans le mur \u00bb\",\"datePublished\":\"2018-05-03T11:23:19+00:00\",\"dateModified\":\"2018-05-03T11:23:19+00:00\",\"mainEntityOfPage\":{\"@id\":\"https:\/\/lyonbondyblog.fr\/LBB\/nathalie-perrin-gilbert-on-ne-peut-pas-continuer-avec-un-modele-economique-et-social-qui-nous-emmene-droit-dans-le-mur\/\"},\"wordCount\":1533,\"commentCount\":5,\"publisher\":{\"@id\":\"https:\/\/lyonbondyblog.fr\/LBB\/#organization\"},\"image\":{\"@id\":\"https:\/\/lyonbondyblog.fr\/LBB\/nathalie-perrin-gilbert-on-ne-peut-pas-continuer-avec-un-modele-economique-et-social-qui-nous-emmene-droit-dans-le-mur\/#primaryimage\"},\"thumbnailUrl\":\"https:\/\/lyonbondyblog.fr\/LBB\/wp-content\/uploads\/2018\/05\/20180502_123153.jpg\",\"articleSection\":[\"Lyon\",\"Politique\"],\"inLanguage\":\"fr-FR\",\"potentialAction\":[{\"@type\":\"CommentAction\",\"name\":\"Comment\",\"target\":[\"https:\/\/lyonbondyblog.fr\/LBB\/nathalie-perrin-gilbert-on-ne-peut-pas-continuer-avec-un-modele-economique-et-social-qui-nous-emmene-droit-dans-le-mur\/#respond\"]}]},{\"@type\":\"WebPage\",\"@id\":\"https:\/\/lyonbondyblog.fr\/LBB\/nathalie-perrin-gilbert-on-ne-peut-pas-continuer-avec-un-modele-economique-et-social-qui-nous-emmene-droit-dans-le-mur\/\",\"url\":\"https:\/\/lyonbondyblog.fr\/LBB\/nathalie-perrin-gilbert-on-ne-peut-pas-continuer-avec-un-modele-economique-et-social-qui-nous-emmene-droit-dans-le-mur\/\",\"name\":\"Nathalie Perrin-Gilbert : \u00ab On ne peut pas continuer avec un mod\u00e8le \u00e9conomique et social qui nous emm\u00e8ne droit dans le mur \u00bb - Lyon Bondy Blog\",\"isPartOf\":{\"@id\":\"https:\/\/lyonbondyblog.fr\/LBB\/#website\"},\"primaryImageOfPage\":{\"@id\":\"https:\/\/lyonbondyblog.fr\/LBB\/nathalie-perrin-gilbert-on-ne-peut-pas-continuer-avec-un-modele-economique-et-social-qui-nous-emmene-droit-dans-le-mur\/#primaryimage\"},\"image\":{\"@id\":\"https:\/\/lyonbondyblog.fr\/LBB\/nathalie-perrin-gilbert-on-ne-peut-pas-continuer-avec-un-modele-economique-et-social-qui-nous-emmene-droit-dans-le-mur\/#primaryimage\"},\"thumbnailUrl\":\"https:\/\/lyonbondyblog.fr\/LBB\/wp-content\/uploads\/2018\/05\/20180502_123153.jpg\",\"datePublished\":\"2018-05-03T11:23:19+00:00\",\"dateModified\":\"2018-05-03T11:23:19+00:00\",\"inLanguage\":\"fr-FR\",\"potentialAction\":[{\"@type\":\"ReadAction\",\"target\":[\"https:\/\/lyonbondyblog.fr\/LBB\/nathalie-perrin-gilbert-on-ne-peut-pas-continuer-avec-un-modele-economique-et-social-qui-nous-emmene-droit-dans-le-mur\/\"]}]},{\"@type\":\"ImageObject\",\"inLanguage\":\"fr-FR\",\"@id\":\"https:\/\/lyonbondyblog.fr\/LBB\/nathalie-perrin-gilbert-on-ne-peut-pas-continuer-avec-un-modele-economique-et-social-qui-nous-emmene-droit-dans-le-mur\/#primaryimage\",\"url\":\"https:\/\/lyonbondyblog.fr\/LBB\/wp-content\/uploads\/2018\/05\/20180502_123153.jpg\",\"contentUrl\":\"https:\/\/lyonbondyblog.fr\/LBB\/wp-content\/uploads\/2018\/05\/20180502_123153.jpg\",\"width\":\"4032\",\"height\":\"3024\"},{\"@type\":\"WebSite\",\"@id\":\"https:\/\/lyonbondyblog.fr\/LBB\/#website\",\"url\":\"https:\/\/lyonbondyblog.fr\/LBB\/\",\"name\":\"Lyon Bondy Blog\",\"description\":\"\",\"publisher\":{\"@id\":\"https:\/\/lyonbondyblog.fr\/LBB\/#organization\"},\"potentialAction\":[{\"@type\":\"SearchAction\",\"target\":{\"@type\":\"EntryPoint\",\"urlTemplate\":\"https:\/\/lyonbondyblog.fr\/LBB\/?s={search_term_string}\"},\"query-input\":\"required name=search_term_string\"}],\"inLanguage\":\"fr-FR\"},{\"@type\":\"Organization\",\"@id\":\"https:\/\/lyonbondyblog.fr\/LBB\/#organization\",\"name\":\"LYON BONDY BLOG\",\"url\":\"https:\/\/lyonbondyblog.fr\/LBB\/\",\"logo\":{\"@type\":\"ImageObject\",\"inLanguage\":\"fr-FR\",\"@id\":\"https:\/\/lyonbondyblog.fr\/LBB\/#\/schema\/logo\/image\/\",\"url\":\"http:\/\/lyonbondyblog.fr\/LBB\/wp-content\/uploads\/2014\/10\/logo-portable-144.png\",\"contentUrl\":\"http:\/\/lyonbondyblog.fr\/LBB\/wp-content\/uploads\/2014\/10\/logo-portable-144.png\",\"width\":144,\"height\":123,\"caption\":\"LYON BONDY BLOG\"},\"image\":{\"@id\":\"https:\/\/lyonbondyblog.fr\/LBB\/#\/schema\/logo\/image\/\"},\"sameAs\":[\"https:\/\/www.facebook.com\/lyonbondyblog\",\"https:\/\/x.com\/bondybloglyon\"]},{\"@type\":\"Person\",\"@id\":\"https:\/\/lyonbondyblog.fr\/LBB\/#\/schema\/person\/e45f8d27baac75072daa0be50c409b25\",\"name\":\"La r\u00e9daction\",\"description\":\"Cr\u00e9e en 2008, la r\u00e9daction du Lyon Bondy Blog s'applique \u00e0 proposer une information locale diff\u00e9rente et compl\u00e9mentaire des m\u00e9dias traditionnels.\",\"sameAs\":[\"https:\/\/www.facebook.com\/lyonbondyblog\",\"https:\/\/x.com\/BondyBlogLyon\"],\"url\":\"https:\/\/lyonbondyblog.fr\/LBB\/author\/admin\/\"}]}<\/script>\n<!-- \/ Yoast SEO plugin. -->","yoast_head_json":{"title":"Nathalie Perrin-Gilbert : \u00ab On ne peut pas continuer avec un mod\u00e8le \u00e9conomique et social qui nous emm\u00e8ne droit dans le mur \u00bb - Lyon Bondy Blog","robots":{"index":"index","follow":"follow","max-snippet":"max-snippet:-1","max-image-preview":"max-image-preview:large","max-video-preview":"max-video-preview:-1"},"canonical":"https:\/\/lyonbondyblog.fr\/LBB\/nathalie-perrin-gilbert-on-ne-peut-pas-continuer-avec-un-modele-economique-et-social-qui-nous-emmene-droit-dans-le-mur\/","og_locale":"fr_FR","og_type":"article","og_title":"Nathalie Perrin-Gilbert : \u00ab On ne peut pas continuer avec un mod\u00e8le \u00e9conomique et social qui nous emm\u00e8ne droit dans le mur \u00bb - Lyon Bondy Blog","og_description":"Ce mercredi 2 mai se tenait la conf\u00e9rence de presse de mi-parcours de mandat des \u00e9lu.e.s Lyon Citoyenne &amp; Solidaire du 1er arrondissement. Une conf\u00e9rence &hellip;","og_url":"https:\/\/lyonbondyblog.fr\/LBB\/nathalie-perrin-gilbert-on-ne-peut-pas-continuer-avec-un-modele-economique-et-social-qui-nous-emmene-droit-dans-le-mur\/","og_site_name":"Lyon Bondy Blog","article_publisher":"https:\/\/www.facebook.com\/lyonbondyblog","article_author":"https:\/\/www.facebook.com\/lyonbondyblog","article_published_time":"2018-05-03T11:23:19+00:00","og_image":[{"width":"1024","height":"768","url":"https:\/\/lyonbondyblog.fr\/LBB\/wp-content\/uploads\/2018\/05\/20180502_123153-1024x768.jpg","type":"image\/jpeg"}],"author":"La r\u00e9daction","twitter_card":"summary_large_image","twitter_creator":"@BondyBlogLyon","twitter_site":"@bondybloglyon","schema":{"@context":"https:\/\/schema.org","@graph":[{"@type":"Article","@id":"https:\/\/lyonbondyblog.fr\/LBB\/nathalie-perrin-gilbert-on-ne-peut-pas-continuer-avec-un-modele-economique-et-social-qui-nous-emmene-droit-dans-le-mur\/#article","isPartOf":{"@id":"https:\/\/lyonbondyblog.fr\/LBB\/nathalie-perrin-gilbert-on-ne-peut-pas-continuer-avec-un-modele-economique-et-social-qui-nous-emmene-droit-dans-le-mur\/"},"author":{"name":"La r\u00e9daction","@id":"https:\/\/lyonbondyblog.fr\/LBB\/#\/schema\/person\/e45f8d27baac75072daa0be50c409b25"},"headline":"Nathalie Perrin-Gilbert : \u00ab On ne peut pas continuer avec un mod\u00e8le \u00e9conomique et social qui nous emm\u00e8ne droit dans le mur \u00bb","datePublished":"2018-05-03T11:23:19+00:00","dateModified":"2018-05-03T11:23:19+00:00","mainEntityOfPage":{"@id":"https:\/\/lyonbondyblog.fr\/LBB\/nathalie-perrin-gilbert-on-ne-peut-pas-continuer-avec-un-modele-economique-et-social-qui-nous-emmene-droit-dans-le-mur\/"},"wordCount":1533,"commentCount":5,"publisher":{"@id":"https:\/\/lyonbondyblog.fr\/LBB\/#organization"},"image":{"@id":"https:\/\/lyonbondyblog.fr\/LBB\/nathalie-perrin-gilbert-on-ne-peut-pas-continuer-avec-un-modele-economique-et-social-qui-nous-emmene-droit-dans-le-mur\/#primaryimage"},"thumbnailUrl":"https:\/\/lyonbondyblog.fr\/LBB\/wp-content\/uploads\/2018\/05\/20180502_123153.jpg","articleSection":["Lyon","Politique"],"inLanguage":"fr-FR","potentialAction":[{"@type":"CommentAction","name":"Comment","target":["https:\/\/lyonbondyblog.fr\/LBB\/nathalie-perrin-gilbert-on-ne-peut-pas-continuer-avec-un-modele-economique-et-social-qui-nous-emmene-droit-dans-le-mur\/#respond"]}]},{"@type":"WebPage","@id":"https:\/\/lyonbondyblog.fr\/LBB\/nathalie-perrin-gilbert-on-ne-peut-pas-continuer-avec-un-modele-economique-et-social-qui-nous-emmene-droit-dans-le-mur\/","url":"https:\/\/lyonbondyblog.fr\/LBB\/nathalie-perrin-gilbert-on-ne-peut-pas-continuer-avec-un-modele-economique-et-social-qui-nous-emmene-droit-dans-le-mur\/","name":"Nathalie Perrin-Gilbert : \u00ab On ne peut pas continuer avec un mod\u00e8le \u00e9conomique et social qui nous emm\u00e8ne droit dans le mur \u00bb - Lyon Bondy Blog","isPartOf":{"@id":"https:\/\/lyonbondyblog.fr\/LBB\/#website"},"primaryImageOfPage":{"@id":"https:\/\/lyonbondyblog.fr\/LBB\/nathalie-perrin-gilbert-on-ne-peut-pas-continuer-avec-un-modele-economique-et-social-qui-nous-emmene-droit-dans-le-mur\/#primaryimage"},"image":{"@id":"https:\/\/lyonbondyblog.fr\/LBB\/nathalie-perrin-gilbert-on-ne-peut-pas-continuer-avec-un-modele-economique-et-social-qui-nous-emmene-droit-dans-le-mur\/#primaryimage"},"thumbnailUrl":"https:\/\/lyonbondyblog.fr\/LBB\/wp-content\/uploads\/2018\/05\/20180502_123153.jpg","datePublished":"2018-05-03T11:23:19+00:00","dateModified":"2018-05-03T11:23:19+00:00","inLanguage":"fr-FR","potentialAction":[{"@type":"ReadAction","target":["https:\/\/lyonbondyblog.fr\/LBB\/nathalie-perrin-gilbert-on-ne-peut-pas-continuer-avec-un-modele-economique-et-social-qui-nous-emmene-droit-dans-le-mur\/"]}]},{"@type":"ImageObject","inLanguage":"fr-FR","@id":"https:\/\/lyonbondyblog.fr\/LBB\/nathalie-perrin-gilbert-on-ne-peut-pas-continuer-avec-un-modele-economique-et-social-qui-nous-emmene-droit-dans-le-mur\/#primaryimage","url":"https:\/\/lyonbondyblog.fr\/LBB\/wp-content\/uploads\/2018\/05\/20180502_123153.jpg","contentUrl":"https:\/\/lyonbondyblog.fr\/LBB\/wp-content\/uploads\/2018\/05\/20180502_123153.jpg","width":"4032","height":"3024"},{"@type":"WebSite","@id":"https:\/\/lyonbondyblog.fr\/LBB\/#website","url":"https:\/\/lyonbondyblog.fr\/LBB\/","name":"Lyon Bondy Blog","description":"","publisher":{"@id":"https:\/\/lyonbondyblog.fr\/LBB\/#organization"},"potentialAction":[{"@type":"SearchAction","target":{"@type":"EntryPoint","urlTemplate":"https:\/\/lyonbondyblog.fr\/LBB\/?s={search_term_string}"},"query-input":"required name=search_term_string"}],"inLanguage":"fr-FR"},{"@type":"Organization","@id":"https:\/\/lyonbondyblog.fr\/LBB\/#organization","name":"LYON BONDY BLOG","url":"https:\/\/lyonbondyblog.fr\/LBB\/","logo":{"@type":"ImageObject","inLanguage":"fr-FR","@id":"https:\/\/lyonbondyblog.fr\/LBB\/#\/schema\/logo\/image\/","url":"http:\/\/lyonbondyblog.fr\/LBB\/wp-content\/uploads\/2014\/10\/logo-portable-144.png","contentUrl":"http:\/\/lyonbondyblog.fr\/LBB\/wp-content\/uploads\/2014\/10\/logo-portable-144.png","width":144,"height":123,"caption":"LYON BONDY BLOG"},"image":{"@id":"https:\/\/lyonbondyblog.fr\/LBB\/#\/schema\/logo\/image\/"},"sameAs":["https:\/\/www.facebook.com\/lyonbondyblog","https:\/\/x.com\/bondybloglyon"]},{"@type":"Person","@id":"https:\/\/lyonbondyblog.fr\/LBB\/#\/schema\/person\/e45f8d27baac75072daa0be50c409b25","name":"La r\u00e9daction","description":"Cr\u00e9e en 2008, la r\u00e9daction du Lyon Bondy Blog s'applique \u00e0 proposer une information locale diff\u00e9rente et compl\u00e9mentaire des m\u00e9dias traditionnels.","sameAs":["https:\/\/www.facebook.com\/lyonbondyblog","https:\/\/x.com\/BondyBlogLyon"],"url":"https:\/\/lyonbondyblog.fr\/LBB\/author\/admin\/"}]}},"_links":{"self":[{"href":"https:\/\/lyonbondyblog.fr\/LBB\/wp-json\/wp\/v2\/posts\/13039","targetHints":{"allow":["GET"]}}],"collection":[{"href":"https:\/\/lyonbondyblog.fr\/LBB\/wp-json\/wp\/v2\/posts"}],"about":[{"href":"https:\/\/lyonbondyblog.fr\/LBB\/wp-json\/wp\/v2\/types\/post"}],"author":[{"embeddable":true,"href":"https:\/\/lyonbondyblog.fr\/LBB\/wp-json\/wp\/v2\/users\/1"}],"replies":[{"embeddable":true,"href":"https:\/\/lyonbondyblog.fr\/LBB\/wp-json\/wp\/v2\/comments?post=13039"}],"version-history":[{"count":1,"href":"https:\/\/lyonbondyblog.fr\/LBB\/wp-json\/wp\/v2\/posts\/13039\/revisions"}],"predecessor-version":[{"id":13041,"href":"https:\/\/lyonbondyblog.fr\/LBB\/wp-json\/wp\/v2\/posts\/13039\/revisions\/13041"}],"wp:featuredmedia":[{"embeddable":true,"href":"https:\/\/lyonbondyblog.fr\/LBB\/wp-json\/wp\/v2\/media\/13040"}],"wp:attachment":[{"href":"https:\/\/lyonbondyblog.fr\/LBB\/wp-json\/wp\/v2\/media?parent=13039"}],"wp:term":[{"taxonomy":"category","embeddable":true,"href":"https:\/\/lyonbondyblog.fr\/LBB\/wp-json\/wp\/v2\/categories?post=13039"},{"taxonomy":"post_tag","embeddable":true,"href":"https:\/\/lyonbondyblog.fr\/LBB\/wp-json\/wp\/v2\/tags?post=13039"}],"curies":[{"name":"wp","href":"https:\/\/api.w.org\/{rel}","templated":true}]}}