{"id":13028,"date":"2018-05-03T12:08:16","date_gmt":"2018-05-03T10:08:16","guid":{"rendered":"http:\/\/lyonbondyblog.fr\/LBB\/?p=13028"},"modified":"2021-07-08T09:46:07","modified_gmt":"2021-07-08T07:46:07","slug":"comment-jai-essaye-de-porter-plainte-contre-macdonalds-et-echoue","status":"publish","type":"post","link":"https:\/\/lyonbondyblog.fr\/LBB\/comment-jai-essaye-de-porter-plainte-contre-macdonalds-et-echoue\/","title":{"rendered":"Comment j&rsquo;ai essay\u00e9 de porter plainte contre MacDonald&rsquo;s (et \u00e9chou\u00e9)"},"content":{"rendered":"<p style=\"text-align: justify\">C&rsquo;est l&rsquo;histoire de David, un petit berger, qui affronte Goliath, un g\u00e9ant surpuissant. En 2018, le mythe a bien chang\u00e9 : Goliath gagne sans surprise&#8230; et tout le monde s&rsquo;en fout. Fin de l&rsquo;histoire ?<\/p>\n<p style=\"text-align: justify\">Cette histoire, c&rsquo;est d&rsquo;abord celle d&rsquo;un syst\u00e8me qui marche sur la t\u00eate. Un syst\u00e8me qui reconna\u00eet d&rsquo;une part le danger que repr\u00e9sente la consommation d&rsquo;aliments sucr\u00e9s, gras ou sal\u00e9s. Un syst\u00e8me qui reconna\u00eet d&rsquo;autre part que <a href=\"http:\/\/www.lemonde.fr\/idees\/article\/2012\/06\/26\/la-publicite-peut-avoir-des-effets-nocifs-sur-la-societe_1724489_3232.html\" target=\"_blank\" rel=\"noopener\">la publicit\u00e9 n&rsquo;est pas sans effet sur la consommation<\/a>. Mais un syst\u00e8me qui, au final, pr\u00e9tend lutter contre la malnutrition tout en acceptant la publicit\u00e9 pour des aliments dangereux.<\/p>\n<figure id=\"attachment_13030\" aria-describedby=\"caption-attachment-13030\" style=\"width: 3456px\" class=\"wp-caption alignleft\"><img loading=\"lazy\" decoding=\"async\" class=\"wp-image-13030 size-full\" src=\"https:\/\/lyonbondyblog.fr\/LBB\/wp-content\/uploads\/2018\/05\/P1190006.jpg\" alt=\"\" width=\"3456\" height=\"4608\" srcset=\"https:\/\/lyonbondyblog.fr\/LBB\/wp-content\/uploads\/2018\/05\/P1190006.jpg 3456w, https:\/\/lyonbondyblog.fr\/LBB\/wp-content\/uploads\/2018\/05\/P1190006-225x300.jpg 225w, https:\/\/lyonbondyblog.fr\/LBB\/wp-content\/uploads\/2018\/05\/P1190006-768x1024.jpg 768w, https:\/\/lyonbondyblog.fr\/LBB\/wp-content\/uploads\/2018\/05\/P1190006-600x800.jpg 600w\" sizes=\"auto, (max-width: 3456px) 100vw, 3456px\" \/><figcaption id=\"caption-attachment-13030\" class=\"wp-caption-text\">\u00a9AlexisDumont \/ LyonBondyBlog<\/figcaption><\/figure>\n<p style=\"text-align: justify\"><a href=\"https:\/\/www.legifrance.gouv.fr\/affichTexte.do?cidTexte=JORFTEXT000000787078&amp;dateTexte=&amp;categorieLien=id\" target=\"_blank\" rel=\"noopener\">La loi est comme \u00e7a<\/a>. Comme pour la cigarette : c&rsquo;est dangereux pour les gens, mais \u00e7a rapporte de l&rsquo;argent, alors on \u00e9vite de trop y toucher. Enfin bon, que dit-elle, cette loi ? Entr\u00e9e en vigueur en 2007, elle oblige les annonceurs \u00e0 ins\u00e9rer dans leurs publicit\u00e9s pour des aliments jug\u00e9s mauvais pour la sant\u00e9 (comme ceux de MacDonald&rsquo;s, au hasard) un message de pr\u00e9vention couvrant au moins 7 % de la surface globale. C&rsquo;est valable, par exemple, pour les affiches dans les panneaux JCDecaux qui fleurissent \u00e0 Lyon \u00e0 tous les coins de rue. Vachement contraignante, cette loi&#8230; depuis qu&rsquo;elle est en place, c&rsquo;est vrai que tous les gosses refusent d&rsquo;aller au <em>fast-food<\/em> et demandent plus de l\u00e9gumes \u00e0 leurs parents.<\/p>\n<figure id=\"attachment_13031\" aria-describedby=\"caption-attachment-13031\" style=\"width: 3456px\" class=\"wp-caption alignright\"><img loading=\"lazy\" decoding=\"async\" class=\"wp-image-13031 size-full\" src=\"https:\/\/lyonbondyblog.fr\/LBB\/wp-content\/uploads\/2018\/05\/P1190004.jpg\" alt=\"\" width=\"3456\" height=\"4608\" srcset=\"https:\/\/lyonbondyblog.fr\/LBB\/wp-content\/uploads\/2018\/05\/P1190004.jpg 3456w, https:\/\/lyonbondyblog.fr\/LBB\/wp-content\/uploads\/2018\/05\/P1190004-225x300.jpg 225w, https:\/\/lyonbondyblog.fr\/LBB\/wp-content\/uploads\/2018\/05\/P1190004-768x1024.jpg 768w, https:\/\/lyonbondyblog.fr\/LBB\/wp-content\/uploads\/2018\/05\/P1190004-600x800.jpg 600w\" sizes=\"auto, (max-width: 3456px) 100vw, 3456px\" \/><figcaption id=\"caption-attachment-13031\" class=\"wp-caption-text\">\u00a9AlexisDumont \/ LyonBondyBlog<\/figcaption><\/figure>\n<p style=\"text-align: justify\">Sauf que m\u00eame si elle est relativement faible par rapport \u00e0 l&rsquo;ampleur du probl\u00e8me (<a href=\"http:\/\/inpes.santepubliquefrance.fr\/30000\/actus2015\/028-obesite-infantile.asp\">celui de l&rsquo;ob\u00e9sit\u00e9, en hausse quasi-permanente depuis les ann\u00e9es 1970 en France)<\/a> qu&rsquo;elle a vocation \u00e0 combattre, la loi c&rsquo;est la loi. Quoique&#8230; visiblement, c&rsquo;est quand m\u00eame un peu plus la loi pour nous, citoyens lambda, que pour une certaine cha\u00eene de fast-food. Un ami a arrach\u00e9 une affiche dans un panneau de publicit\u00e9 JCDecaux. Pour \u00e7a, la police ne l&rsquo;a pas loup\u00e9. Un petit tour au poste ; il s&rsquo;en sort avec un rappel \u00e0 la loi, mais la prochaine fois ce sera une belle amende.<\/p>\n<p style=\"text-align: justify\">Quelques mois plus tard, il voit une affiche MacDonald&rsquo;s qui ne contient pas le message l\u00e9gal. Cette fois-ci, il cherche \u00e0 faire les choses bien : il la prend en photo, puis se rend sagement au commissariat pour signaler l&rsquo;infraction. Sauf que sur place, la police lui r\u00e9pond que ce n&rsquo;est pas leur probl\u00e8me. Il insiste. On refuse de prendre sa plainte. J&rsquo;ai du mal \u00e0 y croire tellement \u00e7a para\u00eet fou. Donc je me rends d\u00e8s le lendemain dans le m\u00eame commissariat. Pendant les 10 minutes de marche qui m&rsquo;en s\u00e9parent, je tombe sur quatre panneaux avec ces affiches MacDonald&rsquo;s sans message l\u00e9gal. Je les photographie. Apparemment, c&rsquo;est le concept de la nouvelle campagne de la cha\u00eene : des images sans aucun texte ni logo.<\/p>\n<p style=\"text-align: justify\">Au commissariat, rebelotte : <em>\u00ab on ne s&rsquo;occupe pas de ce genre de plainte \u00bb<\/em>. Ah non, bien s\u00fbr. La publicit\u00e9 n&rsquo;est pas une agression pour celles et ceux, c&rsquo;est-\u00e0-dire tout le monde, qui la subissent au quotidien. Elle ne p\u00e9n\u00eatre pas en force et sans consentement notre imaginaire en permanence. Non, dans un commissariat, une \u00ab agression \u00bb, \u00e7a doit n&rsquo;\u00eatre que quand il y a une trace physique. J&rsquo;insiste, une polici\u00e8re m&rsquo;invite \u00e0 me tourner vers la DDPP, la Direction d\u00e9partementale de la protection des populations. On avance.<\/p>\n<p style=\"text-align: justify\">DDPP du Rh\u00f4ne, 10 minutes plus tard. \u00c0 l&rsquo;accueil, on m&rsquo;\u00e9coute et me demande de formuler ma plainte par mail. Je le fais le jour-m\u00eame. Une semaine plus tard, r\u00e9ponse de la DDPP du Rh\u00f4ne : le si\u00e8ge de MacDonald&rsquo;s France n&rsquo;est pas domicili\u00e9 dans le Rh\u00f4ne, ma plainte est transf\u00e9r\u00e9e \u00e0 la DDPP des Hauts-de-Seine. Une semaine pour transf\u00e9rer un mail, rien de bien surprenant pour l&rsquo;administration fran\u00e7aise. Je sais dans quoi je me lance : il faut rester patient.<\/p>\n<p style=\"text-align: justify\">Quatre semaines plus tard, aucune nouvelle de la DDPP des Hauts-de-Seine. Je les relance, pas de r\u00e9ponses. Finalement, encore un mois plus tard, je re\u00e7ois une r\u00e9ponse : le si\u00e8ge de MacDonald&rsquo;s est domicili\u00e9 dans les Yvelines, ma plainte est donc de nouveau transf\u00e9r\u00e9e \u00e0 une troisi\u00e8me DDPP. Un mois plus tard, pas de r\u00e9ponses ; je relance. Identique le mois suivant ; relanc\u00e9 de nouveau. Cela fait maintenant trois mois que je n&rsquo;ai pas eu de nouvelles, m\u00eame pas un accus\u00e9 de r\u00e9ception ou une fin de non-recevoir de la part de la DDPP des Yvelines.<\/p>\n<p style=\"text-align: justify\">Deux possibilit\u00e9s. Soit l&rsquo;administration fran\u00e7aise est totalement d\u00e9bord\u00e9e, dans quel cas je ne comprends pas comment le discours du \u00ab il y a trop de fonctionnaires \u00bb peut encore \u00eatre audible en France en 2018. Soit, plus probable, tout le monde, m\u00eame les autorit\u00e9s, s&rsquo;en fout des fraudes de MacDonald&rsquo;s. Vous imaginez l&rsquo;inverse ? Mon ami qui arrache une publicit\u00e9, la police qui refuse d&rsquo;enregistrer la plainte de MacDonald&rsquo;s, les DDPP qui se trompent d&rsquo;adresse, mettent des mois \u00e0 r\u00e9pondre, puis au final ne r\u00e9pondent plus du tout. C&rsquo;est inimaginable. Parce que si \u00e7a arrivait, il y en aurait des lobbyistes pour vous crier \u00e0 l&rsquo;injustice sur tous les plateaux t\u00e9l\u00e9vis\u00e9s, des \u00e9ditorialistes pour stigmatiser cette grave atteinte \u00e0 la libert\u00e9 d&rsquo;entreprendre de MacDonald&rsquo;s.<\/p>\n<p style=\"text-align: justify\">Bon, de toute fa\u00e7on, dans ce sens-l\u00e0, \u00e7a ne marche pas. Alors on me dira que peut-\u00eatre MacDonald&rsquo;s a pay\u00e9 son droit pour ne pas afficher le message l\u00e9gal, c&rsquo;est-\u00e0-dire <a href=\"https:\/\/www.eurojuris.fr\/articles\/les-mentions-sanitaires-dans-la-publicite-alimentaire-6291.htm\" target=\"_blank\" rel=\"noopener\">1,5 % de la somme investie dans sa campagne publicitaire<\/a>. Mais venant d&rsquo;<a href=\"http:\/\/www.lemonde.fr\/economie\/article\/2015\/02\/26\/mcdonald-s-a-nouveau-taxee-d-optimisation-fiscale_4583383_3234.html\" target=\"_blank\" rel=\"noopener\">une entreprise qui a r\u00e9ussi \u00e0 \u00e9viter de payer 1 milliards d&rsquo;euros d&rsquo;imp\u00f4ts en Europe<\/a>, permettez-moi d&rsquo;en douter. Et puis m\u00eame si c&rsquo;\u00e9tait bien le cas, est-il si difficile que \u00e7a pour la DDPP de m&rsquo;informer que la firme a effectivement pay\u00e9 son d\u00fb ?<\/p>\n<p style=\"text-align: justify\">Bref, moi j&rsquo;abandonne. Si des fois cette histoire ne vous a pas convaincus, n&rsquo;h\u00e9sitez pas \u00e0 envoyer un petit mail \u00e0 DDPP[@]YVELINES.GOUV.FR pour constater par vous-m\u00eame.<\/p>\n<p style=\"text-align: justify\">Sinon, sans parler d&rsquo;appeler \u00e0 la violence ou la d\u00e9gradation, aujourd&rsquo;hui je pense qu&rsquo;il est temps de r\u00e9aliser que les recours juridiques sont d\u00e9faillants. Alors avant d&rsquo;aller pointer du doigt et traiter d&rsquo;extr\u00eamistes celles et ceux qui arrachent les pub MacDonald&rsquo;s&#8230; eh bien, proposez d&rsquo;autres solutions* pour se d\u00e9fendre face \u00e0 cette cha\u00eene ! Je vous \u00e9coute. Parce que la voie l\u00e9gale, maintenant je peux le dire, \u00e7a ne marche pas.<\/p>\n<p class=\"Standard\" style=\"text-align: justify;line-height: 115%\">* Dans l&rsquo;actualit\u00e9, \u00e7a marche aussi avec les <i>\u00ab on est contre les r\u00e9formes du gouvernement mais pas d&rsquo;accord avec les formes de mobilisation \u00bb<\/i> qui ne proposent rien d&rsquo;autres qu&rsquo;attendre sagement les prochaines \u00e9lections&#8230;<\/p>\n<h3 class=\"Standard\" style=\"text-align: justify;line-height: 115%\">Sources :<\/h3>\n<p class=\"Standard\" style=\"text-align: justify;line-height: 115%\"><a href=\"https:\/\/www.legifrance.gouv.fr\/affichTexte.do?cidTexte=JORFTEXT000000787078&amp;dateTexte=&amp;categorieLien=id\" target=\"_blank\" rel=\"noopener\"><span style=\"color: windowtext;text-decoration: none\">https:\/\/www.legifrance.gouv.fr\/affichTexte.do?cidTexte=JORFTEXT000000787078&amp;dateTexte=&amp;categorieLien=id<\/span><\/a><\/p>\n<p class=\"Standard\" style=\"text-align: justify;line-height: 115%\"><a href=\"https:\/\/www.eurojuris.fr\/articles\/les-mentions-sanitaires-dans-la-publicite-alimentaire-6291.htm\" target=\"_blank\" rel=\"noopener\"><span style=\"color: windowtext;text-decoration: none\">https:\/\/www.eurojuris.fr\/articles\/les-mentions-sanitaires-dans-la-publicite-alimentaire-6291.htm<\/span><\/a><\/p>\n<p class=\"Standard\" style=\"text-align: justify;line-height: 115%\"><a href=\"http:\/\/www.lemonde.fr\/economie\/article\/2015\/02\/26\/mcdonald-s-a-nouveau-taxee-d-optimisation-fiscale_4583383_3234.html\" target=\"_blank\" rel=\"noopener\"><span style=\"color: windowtext;text-decoration: none\">http:\/\/www.lemonde.fr\/economie\/article\/2015\/02\/26\/mcdonald-s-a-nouveau-taxee-d-optimisation-fiscale_4583383_3234.html<\/span><\/a><\/p>\n<p class=\"Standard\" style=\"text-align: justify;line-height: 115%\"><a href=\"http:\/\/www.lemonde.fr\/idees\/article\/2012\/06\/26\/la-publicite-peut-avoir-des-effets-nocifs-sur-la-societe_1724489_3232.html\" target=\"_blank\" rel=\"noopener\"><span style=\"color: windowtext;text-decoration: none\">http:\/\/www.lemonde.fr\/idees\/article\/2012\/06\/26\/la-publicite-peut-avoir-des-effets-nocifs-sur-la-societe_1724489_3232.html<\/span><\/a><\/p>\n<p class=\"Standard\" style=\"text-align: justify;line-height: 115%\"><a href=\"http:\/\/inpes.santepubliquefrance.fr\/30000\/actus2015\/028-obesite-infantile.asp\" target=\"_blank\" rel=\"noopener\"><span style=\"color: windowtext;text-decoration: none\">http:\/\/inpes.santepubliquefrance.fr\/30000\/actus2015\/028-obesite-infantile.asp<\/span><\/a><\/p>\n<!-- AddThis Advanced Settings generic via filter on the_content --><!-- AddThis Share Buttons generic via filter on the_content -->","protected":false},"excerpt":{"rendered":"<p>C&rsquo;est l&rsquo;histoire de David, un petit berger, qui affronte Goliath, un g\u00e9ant surpuissant. En 2018, le mythe a bien chang\u00e9 : Goliath gagne sans surprise&#8230; &hellip; <!-- AddThis Advanced Settings generic via filter on wp_trim_excerpt --><!-- AddThis Share Buttons generic via filter on wp_trim_excerpt --><\/p>\n","protected":false},"author":1,"featured_media":13029,"comment_status":"open","ping_status":"open","sticky":false,"template":"","format":"standard","meta":{"_FSMCFIC_featured_image_caption":"","_FSMCFIC_featured_image_nocaption":"","_FSMCFIC_featured_image_hide":"","footnotes":""},"categories":[3786,4],"tags":[],"class_list":["post-13028","post","type-post","status-publish","format-standard","has-post-thumbnail","hentry","category-billet-dhumeur","category-lyon"],"yoast_head":"<!-- This site is optimized with the Yoast SEO plugin v22.8 - https:\/\/yoast.com\/wordpress\/plugins\/seo\/ -->\n<title>Comment j&#039;ai essay\u00e9 de porter plainte contre MacDonald&#039;s (et \u00e9chou\u00e9) - Lyon Bondy Blog<\/title>\n<meta name=\"robots\" content=\"index, follow, max-snippet:-1, max-image-preview:large, max-video-preview:-1\" \/>\n<link rel=\"canonical\" href=\"https:\/\/lyonbondyblog.fr\/LBB\/comment-jai-essaye-de-porter-plainte-contre-macdonalds-et-echoue\/\" \/>\n<meta property=\"og:locale\" content=\"fr_FR\" \/>\n<meta property=\"og:type\" content=\"article\" \/>\n<meta property=\"og:title\" content=\"Comment j&#039;ai essay\u00e9 de porter plainte contre MacDonald&#039;s (et \u00e9chou\u00e9) - Lyon Bondy Blog\" \/>\n<meta property=\"og:description\" content=\"C&rsquo;est l&rsquo;histoire de David, un petit berger, qui affronte Goliath, un g\u00e9ant surpuissant. En 2018, le mythe a bien chang\u00e9 : Goliath gagne sans surprise&#8230; &hellip;\" \/>\n<meta property=\"og:url\" content=\"https:\/\/lyonbondyblog.fr\/LBB\/comment-jai-essaye-de-porter-plainte-contre-macdonalds-et-echoue\/\" \/>\n<meta property=\"og:site_name\" content=\"Lyon Bondy Blog\" \/>\n<meta property=\"article:publisher\" content=\"https:\/\/www.facebook.com\/lyonbondyblog\" \/>\n<meta property=\"article:author\" content=\"https:\/\/www.facebook.com\/lyonbondyblog\" \/>\n<meta property=\"article:published_time\" content=\"2018-05-03T10:08:16+00:00\" \/>\n<meta property=\"article:modified_time\" content=\"2021-07-08T07:46:07+00:00\" \/>\n<meta property=\"og:image\" content=\"https:\/\/lyonbondyblog.fr\/LBB\/wp-content\/uploads\/2018\/05\/P1190005-768x1024.jpg\" \/>\n\t<meta property=\"og:image:width\" content=\"768\" \/>\n\t<meta property=\"og:image:height\" content=\"1024\" \/>\n\t<meta property=\"og:image:type\" content=\"image\/jpeg\" \/>\n<meta name=\"author\" content=\"La r\u00e9daction\" \/>\n<meta name=\"twitter:card\" content=\"summary_large_image\" \/>\n<meta name=\"twitter:creator\" content=\"@BondyBlogLyon\" \/>\n<meta name=\"twitter:site\" content=\"@bondybloglyon\" \/>\n<script type=\"application\/ld+json\" class=\"yoast-schema-graph\">{\"@context\":\"https:\/\/schema.org\",\"@graph\":[{\"@type\":\"Article\",\"@id\":\"https:\/\/lyonbondyblog.fr\/LBB\/comment-jai-essaye-de-porter-plainte-contre-macdonalds-et-echoue\/#article\",\"isPartOf\":{\"@id\":\"https:\/\/lyonbondyblog.fr\/LBB\/comment-jai-essaye-de-porter-plainte-contre-macdonalds-et-echoue\/\"},\"author\":{\"name\":\"La r\u00e9daction\",\"@id\":\"https:\/\/lyonbondyblog.fr\/LBB\/#\/schema\/person\/e45f8d27baac75072daa0be50c409b25\"},\"headline\":\"Comment j&rsquo;ai essay\u00e9 de porter plainte contre MacDonald&rsquo;s (et \u00e9chou\u00e9)\",\"datePublished\":\"2018-05-03T10:08:16+00:00\",\"dateModified\":\"2021-07-08T07:46:07+00:00\",\"mainEntityOfPage\":{\"@id\":\"https:\/\/lyonbondyblog.fr\/LBB\/comment-jai-essaye-de-porter-plainte-contre-macdonalds-et-echoue\/\"},\"wordCount\":1170,\"commentCount\":9,\"publisher\":{\"@id\":\"https:\/\/lyonbondyblog.fr\/LBB\/#organization\"},\"image\":{\"@id\":\"https:\/\/lyonbondyblog.fr\/LBB\/comment-jai-essaye-de-porter-plainte-contre-macdonalds-et-echoue\/#primaryimage\"},\"thumbnailUrl\":\"https:\/\/lyonbondyblog.fr\/LBB\/wp-content\/uploads\/2018\/05\/P1190005.jpg\",\"articleSection\":[\"Billet d'humeur\",\"Lyon\"],\"inLanguage\":\"fr-FR\",\"potentialAction\":[{\"@type\":\"CommentAction\",\"name\":\"Comment\",\"target\":[\"https:\/\/lyonbondyblog.fr\/LBB\/comment-jai-essaye-de-porter-plainte-contre-macdonalds-et-echoue\/#respond\"]}]},{\"@type\":\"WebPage\",\"@id\":\"https:\/\/lyonbondyblog.fr\/LBB\/comment-jai-essaye-de-porter-plainte-contre-macdonalds-et-echoue\/\",\"url\":\"https:\/\/lyonbondyblog.fr\/LBB\/comment-jai-essaye-de-porter-plainte-contre-macdonalds-et-echoue\/\",\"name\":\"Comment j'ai essay\u00e9 de porter plainte contre MacDonald's (et \u00e9chou\u00e9) - Lyon Bondy Blog\",\"isPartOf\":{\"@id\":\"https:\/\/lyonbondyblog.fr\/LBB\/#website\"},\"primaryImageOfPage\":{\"@id\":\"https:\/\/lyonbondyblog.fr\/LBB\/comment-jai-essaye-de-porter-plainte-contre-macdonalds-et-echoue\/#primaryimage\"},\"image\":{\"@id\":\"https:\/\/lyonbondyblog.fr\/LBB\/comment-jai-essaye-de-porter-plainte-contre-macdonalds-et-echoue\/#primaryimage\"},\"thumbnailUrl\":\"https:\/\/lyonbondyblog.fr\/LBB\/wp-content\/uploads\/2018\/05\/P1190005.jpg\",\"datePublished\":\"2018-05-03T10:08:16+00:00\",\"dateModified\":\"2021-07-08T07:46:07+00:00\",\"inLanguage\":\"fr-FR\",\"potentialAction\":[{\"@type\":\"ReadAction\",\"target\":[\"https:\/\/lyonbondyblog.fr\/LBB\/comment-jai-essaye-de-porter-plainte-contre-macdonalds-et-echoue\/\"]}]},{\"@type\":\"ImageObject\",\"inLanguage\":\"fr-FR\",\"@id\":\"https:\/\/lyonbondyblog.fr\/LBB\/comment-jai-essaye-de-porter-plainte-contre-macdonalds-et-echoue\/#primaryimage\",\"url\":\"https:\/\/lyonbondyblog.fr\/LBB\/wp-content\/uploads\/2018\/05\/P1190005.jpg\",\"contentUrl\":\"https:\/\/lyonbondyblog.fr\/LBB\/wp-content\/uploads\/2018\/05\/P1190005.jpg\",\"width\":\"3456\",\"height\":\"4608\"},{\"@type\":\"WebSite\",\"@id\":\"https:\/\/lyonbondyblog.fr\/LBB\/#website\",\"url\":\"https:\/\/lyonbondyblog.fr\/LBB\/\",\"name\":\"Lyon Bondy Blog\",\"description\":\"\",\"publisher\":{\"@id\":\"https:\/\/lyonbondyblog.fr\/LBB\/#organization\"},\"potentialAction\":[{\"@type\":\"SearchAction\",\"target\":{\"@type\":\"EntryPoint\",\"urlTemplate\":\"https:\/\/lyonbondyblog.fr\/LBB\/?s={search_term_string}\"},\"query-input\":\"required name=search_term_string\"}],\"inLanguage\":\"fr-FR\"},{\"@type\":\"Organization\",\"@id\":\"https:\/\/lyonbondyblog.fr\/LBB\/#organization\",\"name\":\"LYON BONDY BLOG\",\"url\":\"https:\/\/lyonbondyblog.fr\/LBB\/\",\"logo\":{\"@type\":\"ImageObject\",\"inLanguage\":\"fr-FR\",\"@id\":\"https:\/\/lyonbondyblog.fr\/LBB\/#\/schema\/logo\/image\/\",\"url\":\"http:\/\/lyonbondyblog.fr\/LBB\/wp-content\/uploads\/2014\/10\/logo-portable-144.png\",\"contentUrl\":\"http:\/\/lyonbondyblog.fr\/LBB\/wp-content\/uploads\/2014\/10\/logo-portable-144.png\",\"width\":144,\"height\":123,\"caption\":\"LYON BONDY BLOG\"},\"image\":{\"@id\":\"https:\/\/lyonbondyblog.fr\/LBB\/#\/schema\/logo\/image\/\"},\"sameAs\":[\"https:\/\/www.facebook.com\/lyonbondyblog\",\"https:\/\/x.com\/bondybloglyon\"]},{\"@type\":\"Person\",\"@id\":\"https:\/\/lyonbondyblog.fr\/LBB\/#\/schema\/person\/e45f8d27baac75072daa0be50c409b25\",\"name\":\"La r\u00e9daction\",\"description\":\"Cr\u00e9e en 2008, la r\u00e9daction du Lyon Bondy Blog s'applique \u00e0 proposer une information locale diff\u00e9rente et compl\u00e9mentaire des m\u00e9dias traditionnels.\",\"sameAs\":[\"https:\/\/www.facebook.com\/lyonbondyblog\",\"https:\/\/x.com\/BondyBlogLyon\"],\"url\":\"https:\/\/lyonbondyblog.fr\/LBB\/author\/admin\/\"}]}<\/script>\n<!-- \/ Yoast SEO plugin. -->","yoast_head_json":{"title":"Comment j'ai essay\u00e9 de porter plainte contre MacDonald's (et \u00e9chou\u00e9) - Lyon Bondy Blog","robots":{"index":"index","follow":"follow","max-snippet":"max-snippet:-1","max-image-preview":"max-image-preview:large","max-video-preview":"max-video-preview:-1"},"canonical":"https:\/\/lyonbondyblog.fr\/LBB\/comment-jai-essaye-de-porter-plainte-contre-macdonalds-et-echoue\/","og_locale":"fr_FR","og_type":"article","og_title":"Comment j'ai essay\u00e9 de porter plainte contre MacDonald's (et \u00e9chou\u00e9) - Lyon Bondy Blog","og_description":"C&rsquo;est l&rsquo;histoire de David, un petit berger, qui affronte Goliath, un g\u00e9ant surpuissant. En 2018, le mythe a bien chang\u00e9 : Goliath gagne sans surprise&#8230; &hellip;","og_url":"https:\/\/lyonbondyblog.fr\/LBB\/comment-jai-essaye-de-porter-plainte-contre-macdonalds-et-echoue\/","og_site_name":"Lyon Bondy Blog","article_publisher":"https:\/\/www.facebook.com\/lyonbondyblog","article_author":"https:\/\/www.facebook.com\/lyonbondyblog","article_published_time":"2018-05-03T10:08:16+00:00","article_modified_time":"2021-07-08T07:46:07+00:00","og_image":[{"width":"768","height":"1024","url":"https:\/\/lyonbondyblog.fr\/LBB\/wp-content\/uploads\/2018\/05\/P1190005-768x1024.jpg","type":"image\/jpeg"}],"author":"La r\u00e9daction","twitter_card":"summary_large_image","twitter_creator":"@BondyBlogLyon","twitter_site":"@bondybloglyon","schema":{"@context":"https:\/\/schema.org","@graph":[{"@type":"Article","@id":"https:\/\/lyonbondyblog.fr\/LBB\/comment-jai-essaye-de-porter-plainte-contre-macdonalds-et-echoue\/#article","isPartOf":{"@id":"https:\/\/lyonbondyblog.fr\/LBB\/comment-jai-essaye-de-porter-plainte-contre-macdonalds-et-echoue\/"},"author":{"name":"La r\u00e9daction","@id":"https:\/\/lyonbondyblog.fr\/LBB\/#\/schema\/person\/e45f8d27baac75072daa0be50c409b25"},"headline":"Comment j&rsquo;ai essay\u00e9 de porter plainte contre MacDonald&rsquo;s (et \u00e9chou\u00e9)","datePublished":"2018-05-03T10:08:16+00:00","dateModified":"2021-07-08T07:46:07+00:00","mainEntityOfPage":{"@id":"https:\/\/lyonbondyblog.fr\/LBB\/comment-jai-essaye-de-porter-plainte-contre-macdonalds-et-echoue\/"},"wordCount":1170,"commentCount":9,"publisher":{"@id":"https:\/\/lyonbondyblog.fr\/LBB\/#organization"},"image":{"@id":"https:\/\/lyonbondyblog.fr\/LBB\/comment-jai-essaye-de-porter-plainte-contre-macdonalds-et-echoue\/#primaryimage"},"thumbnailUrl":"https:\/\/lyonbondyblog.fr\/LBB\/wp-content\/uploads\/2018\/05\/P1190005.jpg","articleSection":["Billet d'humeur","Lyon"],"inLanguage":"fr-FR","potentialAction":[{"@type":"CommentAction","name":"Comment","target":["https:\/\/lyonbondyblog.fr\/LBB\/comment-jai-essaye-de-porter-plainte-contre-macdonalds-et-echoue\/#respond"]}]},{"@type":"WebPage","@id":"https:\/\/lyonbondyblog.fr\/LBB\/comment-jai-essaye-de-porter-plainte-contre-macdonalds-et-echoue\/","url":"https:\/\/lyonbondyblog.fr\/LBB\/comment-jai-essaye-de-porter-plainte-contre-macdonalds-et-echoue\/","name":"Comment j'ai essay\u00e9 de porter plainte contre MacDonald's (et \u00e9chou\u00e9) - Lyon Bondy Blog","isPartOf":{"@id":"https:\/\/lyonbondyblog.fr\/LBB\/#website"},"primaryImageOfPage":{"@id":"https:\/\/lyonbondyblog.fr\/LBB\/comment-jai-essaye-de-porter-plainte-contre-macdonalds-et-echoue\/#primaryimage"},"image":{"@id":"https:\/\/lyonbondyblog.fr\/LBB\/comment-jai-essaye-de-porter-plainte-contre-macdonalds-et-echoue\/#primaryimage"},"thumbnailUrl":"https:\/\/lyonbondyblog.fr\/LBB\/wp-content\/uploads\/2018\/05\/P1190005.jpg","datePublished":"2018-05-03T10:08:16+00:00","dateModified":"2021-07-08T07:46:07+00:00","inLanguage":"fr-FR","potentialAction":[{"@type":"ReadAction","target":["https:\/\/lyonbondyblog.fr\/LBB\/comment-jai-essaye-de-porter-plainte-contre-macdonalds-et-echoue\/"]}]},{"@type":"ImageObject","inLanguage":"fr-FR","@id":"https:\/\/lyonbondyblog.fr\/LBB\/comment-jai-essaye-de-porter-plainte-contre-macdonalds-et-echoue\/#primaryimage","url":"https:\/\/lyonbondyblog.fr\/LBB\/wp-content\/uploads\/2018\/05\/P1190005.jpg","contentUrl":"https:\/\/lyonbondyblog.fr\/LBB\/wp-content\/uploads\/2018\/05\/P1190005.jpg","width":"3456","height":"4608"},{"@type":"WebSite","@id":"https:\/\/lyonbondyblog.fr\/LBB\/#website","url":"https:\/\/lyonbondyblog.fr\/LBB\/","name":"Lyon Bondy Blog","description":"","publisher":{"@id":"https:\/\/lyonbondyblog.fr\/LBB\/#organization"},"potentialAction":[{"@type":"SearchAction","target":{"@type":"EntryPoint","urlTemplate":"https:\/\/lyonbondyblog.fr\/LBB\/?s={search_term_string}"},"query-input":"required name=search_term_string"}],"inLanguage":"fr-FR"},{"@type":"Organization","@id":"https:\/\/lyonbondyblog.fr\/LBB\/#organization","name":"LYON BONDY BLOG","url":"https:\/\/lyonbondyblog.fr\/LBB\/","logo":{"@type":"ImageObject","inLanguage":"fr-FR","@id":"https:\/\/lyonbondyblog.fr\/LBB\/#\/schema\/logo\/image\/","url":"http:\/\/lyonbondyblog.fr\/LBB\/wp-content\/uploads\/2014\/10\/logo-portable-144.png","contentUrl":"http:\/\/lyonbondyblog.fr\/LBB\/wp-content\/uploads\/2014\/10\/logo-portable-144.png","width":144,"height":123,"caption":"LYON BONDY BLOG"},"image":{"@id":"https:\/\/lyonbondyblog.fr\/LBB\/#\/schema\/logo\/image\/"},"sameAs":["https:\/\/www.facebook.com\/lyonbondyblog","https:\/\/x.com\/bondybloglyon"]},{"@type":"Person","@id":"https:\/\/lyonbondyblog.fr\/LBB\/#\/schema\/person\/e45f8d27baac75072daa0be50c409b25","name":"La r\u00e9daction","description":"Cr\u00e9e en 2008, la r\u00e9daction du Lyon Bondy Blog s'applique \u00e0 proposer une information locale diff\u00e9rente et compl\u00e9mentaire des m\u00e9dias traditionnels.","sameAs":["https:\/\/www.facebook.com\/lyonbondyblog","https:\/\/x.com\/BondyBlogLyon"],"url":"https:\/\/lyonbondyblog.fr\/LBB\/author\/admin\/"}]}},"_links":{"self":[{"href":"https:\/\/lyonbondyblog.fr\/LBB\/wp-json\/wp\/v2\/posts\/13028","targetHints":{"allow":["GET"]}}],"collection":[{"href":"https:\/\/lyonbondyblog.fr\/LBB\/wp-json\/wp\/v2\/posts"}],"about":[{"href":"https:\/\/lyonbondyblog.fr\/LBB\/wp-json\/wp\/v2\/types\/post"}],"author":[{"embeddable":true,"href":"https:\/\/lyonbondyblog.fr\/LBB\/wp-json\/wp\/v2\/users\/1"}],"replies":[{"embeddable":true,"href":"https:\/\/lyonbondyblog.fr\/LBB\/wp-json\/wp\/v2\/comments?post=13028"}],"version-history":[{"count":6,"href":"https:\/\/lyonbondyblog.fr\/LBB\/wp-json\/wp\/v2\/posts\/13028\/revisions"}],"predecessor-version":[{"id":24252,"href":"https:\/\/lyonbondyblog.fr\/LBB\/wp-json\/wp\/v2\/posts\/13028\/revisions\/24252"}],"wp:featuredmedia":[{"embeddable":true,"href":"https:\/\/lyonbondyblog.fr\/LBB\/wp-json\/wp\/v2\/media\/13029"}],"wp:attachment":[{"href":"https:\/\/lyonbondyblog.fr\/LBB\/wp-json\/wp\/v2\/media?parent=13028"}],"wp:term":[{"taxonomy":"category","embeddable":true,"href":"https:\/\/lyonbondyblog.fr\/LBB\/wp-json\/wp\/v2\/categories?post=13028"},{"taxonomy":"post_tag","embeddable":true,"href":"https:\/\/lyonbondyblog.fr\/LBB\/wp-json\/wp\/v2\/tags?post=13028"}],"curies":[{"name":"wp","href":"https:\/\/api.w.org\/{rel}","templated":true}]}}