{"id":1302,"date":"2012-06-08T16:13:36","date_gmt":"2012-06-08T14:13:36","guid":{"rendered":"http:\/\/lyonbondyblog.fr\/LBB\/?p=1302"},"modified":"2013-07-24T16:18:40","modified_gmt":"2013-07-24T14:18:40","slug":"une-course-pour-la-bonne-cause","status":"publish","type":"post","link":"https:\/\/lyonbondyblog.fr\/LBB\/une-course-pour-la-bonne-cause\/","title":{"rendered":"Une course pour la bonne cause !"},"content":{"rendered":"<p><strong>Dimanche dernier, l\u2019association culturelle des BUERS et CROIX LUIZET, (l\u2019ACBCL) organisait sa f\u00eate de fin d\u2019ann\u00e9e en plein c\u0153ur du quartier.<\/strong><\/p>\n<p><a href=\"https:\/\/lyonbondyblog.fr\/LBB\/wp-content\/uploads\/2013\/07\/ferme.jpg\"><img loading=\"lazy\" decoding=\"async\" class=\"size-full wp-image-1303 alignleft\" alt=\"ferme\" src=\"https:\/\/lyonbondyblog.fr\/LBB\/wp-content\/uploads\/2013\/07\/ferme.jpg\" width=\"240\" height=\"320\" srcset=\"https:\/\/lyonbondyblog.fr\/LBB\/wp-content\/uploads\/2013\/07\/ferme.jpg 240w, https:\/\/lyonbondyblog.fr\/LBB\/wp-content\/uploads\/2013\/07\/ferme-225x300.jpg 225w\" sizes=\"auto, (max-width: 240px) 100vw, 240px\" \/><\/a>J\u2019ai d\u00e9cid\u00e9 de participer \u00e0 cette f\u00eate de fin d&rsquo;ann\u00e9e, du moins de les aider un peu, pour la pr\u00e9paration et l\u2019organisation. Cette journ\u00e9e\u00a0 consistait \u00e0 r\u00e9unir tous les enfants du quartier ainsi que leur parents, voisins et amis autour d\u2019un\u00a0 barbecue g\u00e9ant et de jeux ludiques tels que les ch\u00e2teaux gonflables, jeux de p\u00eache, de foot etc\u2026 Un apr\u00e8s midi convivial plac\u00e9 sous le signe du partage et de l\u2019\u00e9change, mais aussi de la solidarit\u00e9\u2026<\/p>\n<p>Car effectivement, ce matin l\u00e0, un autre \u00e9v\u00e8nement tr\u00e8s attendu par les enfants \u00e9tait pr\u00e9vu : une course d\u2019enfant, organis\u00e9e par l\u2019association humanitaire \u00ab peuples de soleil \u00bb. J\u2019ai voulu en savoir plus sur cette association m\u00e9connue du grand public. Je me suis rendue au stand et j\u2019ai rencontr\u00e9 Marie, une des b\u00e9n\u00e9voles actives de l\u2019association, qui m\u2019a chaleureusement accueillie et m\u2019a expliqu\u00e9 en quoi consistait cette course et surtout quel \u00e9tait l\u2019objectif de l\u2019association \u00ab Peuples de soleil \u00bb.<\/p>\n<p><strong>La course solidaire <\/strong><\/p>\n<p>Pour la seconde ann\u00e9e cons\u00e9cutive, ici au quartier des BUERS, Marie, avec l\u2019aide de deux autres b\u00e9n\u00e9voles, Amina et Soumia, ont organis\u00e9, en milieu de matin\u00e9e, cette course dont le but est de r\u00e9colter de l\u2019argent pour les enfants du S\u00e9n\u00e9gal, majoritairement des orphelins : des fonds qui permettront de scolariser et d\u2019am\u00e9liorer leurs conditions de vie.<\/p>\n<p>Chaque enfant\u00a0 doit\u00a0 trouver avant la course plusieurs parrains, g\u00e9n\u00e9ralement les parents, les voisins, les commer\u00e7ants du quartier. Ils s\u2019engagent \u00e0 verser \u00e0 l\u2019enfant 1\u20ac par tour couru. A la fin de la course, l\u2019enfant remet \u00e0 l\u2019association l\u2019argent qu\u2019il a r\u00e9colt\u00e9. Une fa\u00e7on ludique d\u2019impliquer et de sensibiliser ces jeunes enfants \u00e0 la pauvret\u00e9 dans le monde. L\u2019ann\u00e9e derni\u00e8re, les b\u00e9n\u00e9voles avaient r\u00e9colt\u00e9 environ 900\u20ac. Les habitant du quartier ont \u00e9t\u00e9 g\u00e9n\u00e9reux et sensible \u00e0 cette cause humanitaire. Elles ont r\u00e9colt\u00e9 un peu moins cette ann\u00e9e. Il faut dire que le temps n\u2019\u00e9tait pas au rendez-vous, et que la plupart des parents sont arriv\u00e9s beaucoup plus tard que pr\u00e9vu !<\/p>\n<p><strong>L\u2019association \u00ab peuple du soleil \u00bb<\/strong><\/p>\n<p>Marie m\u2019explique que gr\u00e2ce \u00e0 cette association, deux \u00e9coles ont vu le jour depuis 2003. Une \u00e0 MALICOUNDA accueille une centaine d\u2019\u00e9l\u00e8ves, pour la majorit\u00e9 des enfants des rues les plus d\u00e9munis. L\u2019achat du terrain et la construction de l\u2019\u00e9cole \u00e9tant enti\u00e8rement r\u00e9alis\u00e9s par des b\u00e9n\u00e9voles. Et une autre \u00e0 Mbour, qui accueille 550 enfants de 3 \u00e0 19 ans et qui en 2006 a obtenu 90% de r\u00e9ussite au Certificat de Fin d\u2019\u00e9tudes Primaires.<\/p>\n<p>\u00ab Peuples de soleil \u00bb a vue le jour en 2003, cette association est rattach\u00e9e \u00e0 l\u2019association pour l\u2019entraide et l\u2019\u00e9ducation des enfants en situation difficile : l\u2019APEEESD. Une association s\u00e9n\u00e9galaise cr\u00e9e sur place en 1998 par la directrice m\u00eame de l\u2019\u00e9cole, et qui se bat chaque jour pour former des professeurs sur place, accueillir, \u00e9duquer et nourrir les enfants des rues !<\/p>\n<p>\u00ab Peuples de soleil \u00bb s\u2019occupe de r\u00e9colter des fonds dans l\u2019Hexagone et notamment sur la r\u00e9gion lyonnaise. Les dizaines de b\u00e9n\u00e9voles essaient par leurs propres moyens de trouver des fonds notamment en organisant des brocantes. Une dizaine par an environ. Mais comme m\u2019a dit Marie, ce n\u2019est pas suffisant et cela ne rapporte pas beaucoup d\u2019argent. Son objectif pour les mois \u00e0 venir, sera d\u2019organiser des \u00e9v\u00e8nements plus \u00ab lucratifs \u00bb tels que des concerts, pour essayer de r\u00e9colter plus d\u2019argent.<\/p>\n<p>L\u2019association manque de b\u00e9n\u00e9voles et accepte qu\u2019on lui pr\u00eate main forte m\u00eame si ce n\u2019est que ponctuel voir m\u00eame qu\u2019une fois dans l\u2019ann\u00e9e. \u00ab Chacun fait comme il peut. On marche beaucoup de bouche \u00e0 oreille \u00bb m\u2019a-t-elle dit. A bon entendeur !<\/p>\n<p>Elle me dit que m\u00eame le pr\u00e9sident actuel de l\u2019association, Thomas JANIER, s\u2019est install\u00e9 au S\u00e9n\u00e9gal et donne des cours \u00e0 ces enfants pour un salaire d\u00e9risoire de 30\u20ac. C\u2019est dire le courage et l\u2019engagement de ces quelques personnes qui s\u2019investissent pour une cause digne alors que le gouvernement s\u00e9n\u00e9galais n\u2019a reconnu que depuis peu cette association comme d\u2019utilit\u00e9 publique mais sans pour autant lui octroyer des subventions.<\/p>\n<p>C\u2019est gr\u00e2ce \u00e0 l\u2019association APEEESD, \u00e0 \u00ab Peuples de soleil \u00bb, et probablement d\u2019autres associations que plus de 600 enfants de rues au S\u00e9n\u00e9gal sont scolaris\u00e9s et ont \u00e0 manger. Gr\u00e2ce \u00e0 la mise en place d\u2019une cantine qui distribue 2 bols de riz par jour et par enfant, leur seul repas quotidien !<\/p>\n<p>Aussi depuis l\u2019ann\u00e9e derni\u00e8re, l\u2019association \u00e0 mis en place un syst\u00e8me de parrainage d\u2019enfant. 50\u20ac permettent de payer la scolarisation (inscription et fournitures) d\u2019un enfant pour l&rsquo;ann\u00e9e compl\u00e8te. L\u2019ann\u00e9e derni\u00e8re, 15 enfants ont \u00e9t\u00e9 parrain\u00e9s. Cette ann\u00e9e \u00ab <em>c\u2019est bien parti<\/em> \u00bb, conclut Marie, \u00ab <em>d\u00e9j\u00e0 15 parrainages sont pr\u00e9vus, c\u2019est peu mais on en esp\u00e8re beaucoup d\u2019autres\u2026<\/em>\u00bb<\/p>\n<p>Pour tous renseignements compl\u00e9mentaires : <a href=\"mailto:Peuplesdesoleil-lyon@hotmail.fr\">Peuplesdesoleil-lyon@hotmail.fr<\/a> <a title=\"http:\/\/www.facebook.com\/groups\/7684485941\" href=\"http:\/\/www.facebook.com\/groups\/7684485941\">http:\/\/www.facebook.com\/groups\/7684485941<\/a><\/p>\n<p><a title=\"http:\/\/www.peuplesdesoleil.org\/\" href=\"http:\/\/www.peuplesdesoleil.org\/\">http:\/\/www.peuplesdesoleil.org\/<\/a><\/p>\n<!-- AddThis Advanced Settings generic via filter on the_content --><!-- AddThis Share Buttons generic via filter on the_content -->","protected":false},"excerpt":{"rendered":"<p>Dimanche dernier, l\u2019association culturelle des BUERS et CROIX LUIZET, (l\u2019ACBCL) organisait sa f\u00eate de fin d\u2019ann\u00e9e en plein c\u0153ur du quartier. J\u2019ai d\u00e9cid\u00e9 de participer &hellip; <!-- AddThis Advanced Settings generic via filter on wp_trim_excerpt --><!-- AddThis Share Buttons generic via filter on wp_trim_excerpt --><\/p>\n","protected":false},"author":1,"featured_media":1304,"comment_status":"open","ping_status":"open","sticky":false,"template":"","format":"standard","meta":{"_FSMCFIC_featured_image_caption":"","_FSMCFIC_featured_image_nocaption":"","_FSMCFIC_featured_image_hide":"","footnotes":""},"categories":[4,2],"tags":[435,552,553,1952,554,555,10,112,557,556],"class_list":["post-1302","post","type-post","status-publish","format-standard","has-post-thumbnail","hentry","category-lyon","category-societe","tag-association","tag-buers","tag-croix-luizet","tag-culture","tag-ferme","tag-fete","tag-lyon-2","tag-lyon-bondy-blog","tag-peuples-de-soleil","tag-quartier"],"yoast_head":"<!-- This site is optimized with the Yoast SEO plugin v22.8 - https:\/\/yoast.com\/wordpress\/plugins\/seo\/ -->\n<title>Une course pour la bonne cause ! - Lyon Bondy Blog<\/title>\n<meta name=\"robots\" content=\"index, follow, max-snippet:-1, max-image-preview:large, max-video-preview:-1\" \/>\n<link rel=\"canonical\" href=\"https:\/\/lyonbondyblog.fr\/LBB\/une-course-pour-la-bonne-cause\/\" \/>\n<meta property=\"og:locale\" content=\"fr_FR\" \/>\n<meta property=\"og:type\" content=\"article\" \/>\n<meta property=\"og:title\" content=\"Une course pour la bonne cause ! - Lyon Bondy Blog\" \/>\n<meta property=\"og:description\" content=\"Dimanche dernier, l\u2019association culturelle des BUERS et CROIX LUIZET, (l\u2019ACBCL) organisait sa f\u00eate de fin d\u2019ann\u00e9e en plein c\u0153ur du quartier. J\u2019ai d\u00e9cid\u00e9 de participer &hellip;\" \/>\n<meta property=\"og:url\" content=\"https:\/\/lyonbondyblog.fr\/LBB\/une-course-pour-la-bonne-cause\/\" \/>\n<meta property=\"og:site_name\" content=\"Lyon Bondy Blog\" \/>\n<meta property=\"article:publisher\" content=\"https:\/\/www.facebook.com\/lyonbondyblog\" \/>\n<meta property=\"article:author\" content=\"https:\/\/www.facebook.com\/lyonbondyblog\" \/>\n<meta property=\"article:published_time\" content=\"2012-06-08T14:13:36+00:00\" \/>\n<meta property=\"article:modified_time\" content=\"2013-07-24T14:18:40+00:00\" \/>\n<meta property=\"og:image\" content=\"https:\/\/lyonbondyblog.fr\/LBB\/wp-content\/uploads\/2013\/07\/ferme-Copie.jpg\" \/>\n\t<meta property=\"og:image:width\" content=\"640\" \/>\n\t<meta property=\"og:image:height\" content=\"320\" \/>\n\t<meta property=\"og:image:type\" content=\"image\/jpeg\" \/>\n<meta name=\"author\" content=\"La r\u00e9daction\" \/>\n<meta name=\"twitter:card\" content=\"summary_large_image\" \/>\n<meta name=\"twitter:creator\" content=\"@BondyBlogLyon\" \/>\n<meta name=\"twitter:site\" content=\"@bondybloglyon\" \/>\n<script type=\"application\/ld+json\" class=\"yoast-schema-graph\">{\"@context\":\"https:\/\/schema.org\",\"@graph\":[{\"@type\":\"Article\",\"@id\":\"https:\/\/lyonbondyblog.fr\/LBB\/une-course-pour-la-bonne-cause\/#article\",\"isPartOf\":{\"@id\":\"https:\/\/lyonbondyblog.fr\/LBB\/une-course-pour-la-bonne-cause\/\"},\"author\":{\"name\":\"La r\u00e9daction\",\"@id\":\"https:\/\/lyonbondyblog.fr\/LBB\/#\/schema\/person\/e45f8d27baac75072daa0be50c409b25\"},\"headline\":\"Une course pour la bonne cause !\",\"datePublished\":\"2012-06-08T14:13:36+00:00\",\"dateModified\":\"2013-07-24T14:18:40+00:00\",\"mainEntityOfPage\":{\"@id\":\"https:\/\/lyonbondyblog.fr\/LBB\/une-course-pour-la-bonne-cause\/\"},\"wordCount\":924,\"commentCount\":0,\"publisher\":{\"@id\":\"https:\/\/lyonbondyblog.fr\/LBB\/#organization\"},\"image\":{\"@id\":\"https:\/\/lyonbondyblog.fr\/LBB\/une-course-pour-la-bonne-cause\/#primaryimage\"},\"thumbnailUrl\":\"https:\/\/lyonbondyblog.fr\/LBB\/wp-content\/uploads\/2013\/07\/ferme-Copie.jpg\",\"keywords\":[\"association\",\"buers\",\"croix luizet\",\"Culture\",\"ferme\",\"fete\",\"lyon\",\"Lyon Bondy Blog\",\"peuples de soleil\",\"quartier\"],\"articleSection\":[\"Lyon\",\"Soci\u00e9t\u00e9\"],\"inLanguage\":\"fr-FR\",\"potentialAction\":[{\"@type\":\"CommentAction\",\"name\":\"Comment\",\"target\":[\"https:\/\/lyonbondyblog.fr\/LBB\/une-course-pour-la-bonne-cause\/#respond\"]}]},{\"@type\":\"WebPage\",\"@id\":\"https:\/\/lyonbondyblog.fr\/LBB\/une-course-pour-la-bonne-cause\/\",\"url\":\"https:\/\/lyonbondyblog.fr\/LBB\/une-course-pour-la-bonne-cause\/\",\"name\":\"Une course pour la bonne cause ! - Lyon Bondy Blog\",\"isPartOf\":{\"@id\":\"https:\/\/lyonbondyblog.fr\/LBB\/#website\"},\"primaryImageOfPage\":{\"@id\":\"https:\/\/lyonbondyblog.fr\/LBB\/une-course-pour-la-bonne-cause\/#primaryimage\"},\"image\":{\"@id\":\"https:\/\/lyonbondyblog.fr\/LBB\/une-course-pour-la-bonne-cause\/#primaryimage\"},\"thumbnailUrl\":\"https:\/\/lyonbondyblog.fr\/LBB\/wp-content\/uploads\/2013\/07\/ferme-Copie.jpg\",\"datePublished\":\"2012-06-08T14:13:36+00:00\",\"dateModified\":\"2013-07-24T14:18:40+00:00\",\"inLanguage\":\"fr-FR\",\"potentialAction\":[{\"@type\":\"ReadAction\",\"target\":[\"https:\/\/lyonbondyblog.fr\/LBB\/une-course-pour-la-bonne-cause\/\"]}]},{\"@type\":\"ImageObject\",\"inLanguage\":\"fr-FR\",\"@id\":\"https:\/\/lyonbondyblog.fr\/LBB\/une-course-pour-la-bonne-cause\/#primaryimage\",\"url\":\"https:\/\/lyonbondyblog.fr\/LBB\/wp-content\/uploads\/2013\/07\/ferme-Copie.jpg\",\"contentUrl\":\"https:\/\/lyonbondyblog.fr\/LBB\/wp-content\/uploads\/2013\/07\/ferme-Copie.jpg\",\"width\":640,\"height\":320},{\"@type\":\"WebSite\",\"@id\":\"https:\/\/lyonbondyblog.fr\/LBB\/#website\",\"url\":\"https:\/\/lyonbondyblog.fr\/LBB\/\",\"name\":\"Lyon Bondy Blog\",\"description\":\"\",\"publisher\":{\"@id\":\"https:\/\/lyonbondyblog.fr\/LBB\/#organization\"},\"potentialAction\":[{\"@type\":\"SearchAction\",\"target\":{\"@type\":\"EntryPoint\",\"urlTemplate\":\"https:\/\/lyonbondyblog.fr\/LBB\/?s={search_term_string}\"},\"query-input\":\"required name=search_term_string\"}],\"inLanguage\":\"fr-FR\"},{\"@type\":\"Organization\",\"@id\":\"https:\/\/lyonbondyblog.fr\/LBB\/#organization\",\"name\":\"LYON BONDY BLOG\",\"url\":\"https:\/\/lyonbondyblog.fr\/LBB\/\",\"logo\":{\"@type\":\"ImageObject\",\"inLanguage\":\"fr-FR\",\"@id\":\"https:\/\/lyonbondyblog.fr\/LBB\/#\/schema\/logo\/image\/\",\"url\":\"http:\/\/lyonbondyblog.fr\/LBB\/wp-content\/uploads\/2014\/10\/logo-portable-144.png\",\"contentUrl\":\"http:\/\/lyonbondyblog.fr\/LBB\/wp-content\/uploads\/2014\/10\/logo-portable-144.png\",\"width\":144,\"height\":123,\"caption\":\"LYON BONDY BLOG\"},\"image\":{\"@id\":\"https:\/\/lyonbondyblog.fr\/LBB\/#\/schema\/logo\/image\/\"},\"sameAs\":[\"https:\/\/www.facebook.com\/lyonbondyblog\",\"https:\/\/x.com\/bondybloglyon\"]},{\"@type\":\"Person\",\"@id\":\"https:\/\/lyonbondyblog.fr\/LBB\/#\/schema\/person\/e45f8d27baac75072daa0be50c409b25\",\"name\":\"La r\u00e9daction\",\"description\":\"Cr\u00e9e en 2008, la r\u00e9daction du Lyon Bondy Blog s'applique \u00e0 proposer une information locale diff\u00e9rente et compl\u00e9mentaire des m\u00e9dias traditionnels.\",\"sameAs\":[\"https:\/\/www.facebook.com\/lyonbondyblog\",\"https:\/\/x.com\/BondyBlogLyon\"],\"url\":\"https:\/\/lyonbondyblog.fr\/LBB\/author\/admin\/\"}]}<\/script>\n<!-- \/ Yoast SEO plugin. -->","yoast_head_json":{"title":"Une course pour la bonne cause ! - Lyon Bondy Blog","robots":{"index":"index","follow":"follow","max-snippet":"max-snippet:-1","max-image-preview":"max-image-preview:large","max-video-preview":"max-video-preview:-1"},"canonical":"https:\/\/lyonbondyblog.fr\/LBB\/une-course-pour-la-bonne-cause\/","og_locale":"fr_FR","og_type":"article","og_title":"Une course pour la bonne cause ! - Lyon Bondy Blog","og_description":"Dimanche dernier, l\u2019association culturelle des BUERS et CROIX LUIZET, (l\u2019ACBCL) organisait sa f\u00eate de fin d\u2019ann\u00e9e en plein c\u0153ur du quartier. J\u2019ai d\u00e9cid\u00e9 de participer &hellip;","og_url":"https:\/\/lyonbondyblog.fr\/LBB\/une-course-pour-la-bonne-cause\/","og_site_name":"Lyon Bondy Blog","article_publisher":"https:\/\/www.facebook.com\/lyonbondyblog","article_author":"https:\/\/www.facebook.com\/lyonbondyblog","article_published_time":"2012-06-08T14:13:36+00:00","article_modified_time":"2013-07-24T14:18:40+00:00","og_image":[{"width":640,"height":320,"url":"https:\/\/lyonbondyblog.fr\/LBB\/wp-content\/uploads\/2013\/07\/ferme-Copie.jpg","type":"image\/jpeg"}],"author":"La r\u00e9daction","twitter_card":"summary_large_image","twitter_creator":"@BondyBlogLyon","twitter_site":"@bondybloglyon","schema":{"@context":"https:\/\/schema.org","@graph":[{"@type":"Article","@id":"https:\/\/lyonbondyblog.fr\/LBB\/une-course-pour-la-bonne-cause\/#article","isPartOf":{"@id":"https:\/\/lyonbondyblog.fr\/LBB\/une-course-pour-la-bonne-cause\/"},"author":{"name":"La r\u00e9daction","@id":"https:\/\/lyonbondyblog.fr\/LBB\/#\/schema\/person\/e45f8d27baac75072daa0be50c409b25"},"headline":"Une course pour la bonne cause !","datePublished":"2012-06-08T14:13:36+00:00","dateModified":"2013-07-24T14:18:40+00:00","mainEntityOfPage":{"@id":"https:\/\/lyonbondyblog.fr\/LBB\/une-course-pour-la-bonne-cause\/"},"wordCount":924,"commentCount":0,"publisher":{"@id":"https:\/\/lyonbondyblog.fr\/LBB\/#organization"},"image":{"@id":"https:\/\/lyonbondyblog.fr\/LBB\/une-course-pour-la-bonne-cause\/#primaryimage"},"thumbnailUrl":"https:\/\/lyonbondyblog.fr\/LBB\/wp-content\/uploads\/2013\/07\/ferme-Copie.jpg","keywords":["association","buers","croix luizet","Culture","ferme","fete","lyon","Lyon Bondy Blog","peuples de soleil","quartier"],"articleSection":["Lyon","Soci\u00e9t\u00e9"],"inLanguage":"fr-FR","potentialAction":[{"@type":"CommentAction","name":"Comment","target":["https:\/\/lyonbondyblog.fr\/LBB\/une-course-pour-la-bonne-cause\/#respond"]}]},{"@type":"WebPage","@id":"https:\/\/lyonbondyblog.fr\/LBB\/une-course-pour-la-bonne-cause\/","url":"https:\/\/lyonbondyblog.fr\/LBB\/une-course-pour-la-bonne-cause\/","name":"Une course pour la bonne cause ! - Lyon Bondy Blog","isPartOf":{"@id":"https:\/\/lyonbondyblog.fr\/LBB\/#website"},"primaryImageOfPage":{"@id":"https:\/\/lyonbondyblog.fr\/LBB\/une-course-pour-la-bonne-cause\/#primaryimage"},"image":{"@id":"https:\/\/lyonbondyblog.fr\/LBB\/une-course-pour-la-bonne-cause\/#primaryimage"},"thumbnailUrl":"https:\/\/lyonbondyblog.fr\/LBB\/wp-content\/uploads\/2013\/07\/ferme-Copie.jpg","datePublished":"2012-06-08T14:13:36+00:00","dateModified":"2013-07-24T14:18:40+00:00","inLanguage":"fr-FR","potentialAction":[{"@type":"ReadAction","target":["https:\/\/lyonbondyblog.fr\/LBB\/une-course-pour-la-bonne-cause\/"]}]},{"@type":"ImageObject","inLanguage":"fr-FR","@id":"https:\/\/lyonbondyblog.fr\/LBB\/une-course-pour-la-bonne-cause\/#primaryimage","url":"https:\/\/lyonbondyblog.fr\/LBB\/wp-content\/uploads\/2013\/07\/ferme-Copie.jpg","contentUrl":"https:\/\/lyonbondyblog.fr\/LBB\/wp-content\/uploads\/2013\/07\/ferme-Copie.jpg","width":640,"height":320},{"@type":"WebSite","@id":"https:\/\/lyonbondyblog.fr\/LBB\/#website","url":"https:\/\/lyonbondyblog.fr\/LBB\/","name":"Lyon Bondy Blog","description":"","publisher":{"@id":"https:\/\/lyonbondyblog.fr\/LBB\/#organization"},"potentialAction":[{"@type":"SearchAction","target":{"@type":"EntryPoint","urlTemplate":"https:\/\/lyonbondyblog.fr\/LBB\/?s={search_term_string}"},"query-input":"required name=search_term_string"}],"inLanguage":"fr-FR"},{"@type":"Organization","@id":"https:\/\/lyonbondyblog.fr\/LBB\/#organization","name":"LYON BONDY BLOG","url":"https:\/\/lyonbondyblog.fr\/LBB\/","logo":{"@type":"ImageObject","inLanguage":"fr-FR","@id":"https:\/\/lyonbondyblog.fr\/LBB\/#\/schema\/logo\/image\/","url":"http:\/\/lyonbondyblog.fr\/LBB\/wp-content\/uploads\/2014\/10\/logo-portable-144.png","contentUrl":"http:\/\/lyonbondyblog.fr\/LBB\/wp-content\/uploads\/2014\/10\/logo-portable-144.png","width":144,"height":123,"caption":"LYON BONDY BLOG"},"image":{"@id":"https:\/\/lyonbondyblog.fr\/LBB\/#\/schema\/logo\/image\/"},"sameAs":["https:\/\/www.facebook.com\/lyonbondyblog","https:\/\/x.com\/bondybloglyon"]},{"@type":"Person","@id":"https:\/\/lyonbondyblog.fr\/LBB\/#\/schema\/person\/e45f8d27baac75072daa0be50c409b25","name":"La r\u00e9daction","description":"Cr\u00e9e en 2008, la r\u00e9daction du Lyon Bondy Blog s'applique \u00e0 proposer une information locale diff\u00e9rente et compl\u00e9mentaire des m\u00e9dias traditionnels.","sameAs":["https:\/\/www.facebook.com\/lyonbondyblog","https:\/\/x.com\/BondyBlogLyon"],"url":"https:\/\/lyonbondyblog.fr\/LBB\/author\/admin\/"}]}},"_links":{"self":[{"href":"https:\/\/lyonbondyblog.fr\/LBB\/wp-json\/wp\/v2\/posts\/1302","targetHints":{"allow":["GET"]}}],"collection":[{"href":"https:\/\/lyonbondyblog.fr\/LBB\/wp-json\/wp\/v2\/posts"}],"about":[{"href":"https:\/\/lyonbondyblog.fr\/LBB\/wp-json\/wp\/v2\/types\/post"}],"author":[{"embeddable":true,"href":"https:\/\/lyonbondyblog.fr\/LBB\/wp-json\/wp\/v2\/users\/1"}],"replies":[{"embeddable":true,"href":"https:\/\/lyonbondyblog.fr\/LBB\/wp-json\/wp\/v2\/comments?post=1302"}],"version-history":[{"count":0,"href":"https:\/\/lyonbondyblog.fr\/LBB\/wp-json\/wp\/v2\/posts\/1302\/revisions"}],"wp:featuredmedia":[{"embeddable":true,"href":"https:\/\/lyonbondyblog.fr\/LBB\/wp-json\/wp\/v2\/media\/1304"}],"wp:attachment":[{"href":"https:\/\/lyonbondyblog.fr\/LBB\/wp-json\/wp\/v2\/media?parent=1302"}],"wp:term":[{"taxonomy":"category","embeddable":true,"href":"https:\/\/lyonbondyblog.fr\/LBB\/wp-json\/wp\/v2\/categories?post=1302"},{"taxonomy":"post_tag","embeddable":true,"href":"https:\/\/lyonbondyblog.fr\/LBB\/wp-json\/wp\/v2\/tags?post=1302"}],"curies":[{"name":"wp","href":"https:\/\/api.w.org\/{rel}","templated":true}]}}