{"id":12996,"date":"2018-04-25T16:40:53","date_gmt":"2018-04-25T14:40:53","guid":{"rendered":"http:\/\/lyonbondyblog.fr\/LBB\/?p=12996"},"modified":"2018-04-25T16:56:08","modified_gmt":"2018-04-25T14:56:08","slug":"salon-handiagora-lalliance-entre-emploi-et-handicap","status":"publish","type":"post","link":"https:\/\/lyonbondyblog.fr\/LBB\/salon-handiagora-lalliance-entre-emploi-et-handicap\/","title":{"rendered":"Salon HANDIAGORA : l\u2019alliance entre emploi et handicap"},"content":{"rendered":"<p style=\"text-align: justify;\"><em>Ce mardi 24 avril s\u2019est tenue la quatri\u00e8me \u00e9dition du salon <a href=\"http:\/\/handiagora.fr\/\">Handiagora<\/a>, un salon d\u00e9di\u00e9 \u00e0 la rencontre entre demandeurs d&#8217;emploi handicap\u00e9s et employeurs. Cet \u00e9v\u00e8nement s\u2019est d\u00e9roul\u00e9 \u00e0 l&rsquo;Espace T\u00eate d&rsquo;Or (Lyon), toute la journ\u00e9e de 9h \u00e0 17h30. L&rsquo;occasion pour les demandeurs d&#8217;emploi souffrant d&rsquo;un handicap de saisir leur chance sur le march\u00e9 du travail.<\/em><\/p>\n<p style=\"text-align: justify;\">Entre d\u00e9cembre 2016 et d\u00e9cembre 2017, la demande d\u2019emploi des personnes atteintes d\u2019un handicap a fortement augment\u00e9 atteignant un record en France. C\u2019est plus de 500&nbsp;000 demandeurs d\u2019emploi handicap\u00e9s qui ont \u00e9t\u00e9 enregistr\u00e9s sur la fin de l\u2019ann\u00e9e 2017, selon <a href=\"http:\/\/www.faire-face.fr\/wp-content\/uploads\/2018\/01\/TBN\u00b02017-4-France.pdf\">le rapport de l\u2019Agefiph<\/a>. Le salon Handiagora permet ainsi de prendre en compte cette cat\u00e9gorie de demandeurs d\u2019emploi oubli\u00e9s, en \u00ab&nbsp;s\u2019inscrivant dans un contexte de bouleversements de la l\u00e9gislation sur le travail, la formation professionnelle et l\u2019obligation d\u2019emploi des travailleurs handicap\u00e9s&nbsp;\u00bb, selon les organisateurs de cette rencontre.&nbsp;<\/p>\n<h2 style=\"text-align: justify;\">Tous pour un, l\u2019emploi pour tous<\/h2>\n<p style=\"text-align: justify;\">D\u00e8s l\u2019ouverture du salon, une masse de personnes \u00e9tait pr\u00e9sente.&nbsp;A l\u2019entr\u00e9e, des livrets \u00e9taient distribu\u00e9s pour informer les pr\u00e9sents sur le d\u00e9roulement de la journ\u00e9e. Sur la matin\u00e9e, quatre conf\u00e9rences ont \u00e9t\u00e9 pr\u00e9sent\u00e9es tandis que l\u2019apr\u00e8s-midi, \u00e0 partir de 13 heures, \u00e9taient organis\u00e9s des ateliers en pr\u00e9sence des employeurs. Ces ateliers avaient comme th\u00e9matique \u00ab&nbsp;la relation \u00e0 soi et aux autres&nbsp;et la cr\u00e9dibilit\u00e9 professionnelle&nbsp;\u00bb et se d\u00e9roulaient \u00e0 travers divers exercices simulant un entretien d\u2019embauche. En plus de ces conf\u00e9rences et de ces ateliers, plus d\u2019une trentaine de stand \u00e9taient tenus,&nbsp;par des organismes de formation, des entreprises adapt\u00e9es aux personnes atteintes de handicap, et par d\u2019autres structures.<\/p>\n<figure id=\"attachment_12997\" aria-describedby=\"caption-attachment-12997\" style=\"width: 957px\" class=\"wp-caption alignnone\"><img loading=\"lazy\" decoding=\"async\" class=\"wp-image-12997 size-full\" src=\"https:\/\/lyonbondyblog.fr\/LBB\/wp-content\/uploads\/2018\/04\/Photo-1-e1524666714372.jpg\" alt=\"\" width=\"957\" height=\"1235\" srcset=\"https:\/\/lyonbondyblog.fr\/LBB\/wp-content\/uploads\/2018\/04\/Photo-1-e1524666714372.jpg 957w, https:\/\/lyonbondyblog.fr\/LBB\/wp-content\/uploads\/2018\/04\/Photo-1-e1524666714372-232x300.jpg 232w, https:\/\/lyonbondyblog.fr\/LBB\/wp-content\/uploads\/2018\/04\/Photo-1-e1524666714372-768x991.jpg 768w, https:\/\/lyonbondyblog.fr\/LBB\/wp-content\/uploads\/2018\/04\/Photo-1-e1524666714372-793x1024.jpg 793w, https:\/\/lyonbondyblog.fr\/LBB\/wp-content\/uploads\/2018\/04\/Photo-1-e1524666714372-600x774.jpg 600w\" sizes=\"auto, (max-width: 957px) 100vw, 957px\" \/><figcaption id=\"caption-attachment-12997\" class=\"wp-caption-text\">Photo : Stand salon Handiagora (\u00a9Hind Hamdaoui \/ Lyon Bondy Blog)<\/figcaption><\/figure>\n<p style=\"text-align: justify;\">Pour Charl\u00e8ne Lacour, charg\u00e9e de l\u2019organisation du salon Handiagora, \u00ab&nbsp;<em>l\u2019id\u00e9e c\u2019est vraiment de faire une journ\u00e9e rencontre entre des organismes de formation, des prestataires, des employeurs et des demandeurs d\u2019emploi ou des jeunes qui recherchent un apprentissage. L\u2019id\u00e9e c\u2019est qu\u2019ils trouvent un emploi ou des pistes.&nbsp;<\/em>\u00bb. Elle consid\u00e8re que tous ces \u00e9l\u00e9ments sont mis en place dans le but de faciliter les d\u00e9marches des demandeurs d\u2019emploi handicap\u00e9s, ce qui appara\u00eet pour eux comme une difficult\u00e9 dans la vie de tous les jours. Elle poursuit en nous confiant que pour cette quatri\u00e8me \u00e9dition, \u00ab&nbsp;<em>on attend plus 725 personnes, en tant que visiteurs et plus de 69 exposants, donc on est plut\u00f4t content, c\u2019est une bonne session<\/em>.&nbsp;\u00bb.<\/p>\n<h2 style=\"text-align: justify;\">Diff\u00e9rents domaines pour diff\u00e9rents profils<\/h2>\n<p style=\"text-align: justify;\">A l\u2019entr\u00e9e du salon se trouvait le mur des m\u00e9tiers. Petit nouveau des rencontres Handiagora arriv\u00e9 \u00e0&nbsp; l\u2019\u00e9dition 2017, ce mur pr\u00e9sentait plus de 350 offres emplois. Mis \u00e0 disposition pour les demandeurs d\u2019emploi afin de prendre connaissance des offres des exposants pr\u00e9sents lors de cette rencontre, plusieurs domaines \u00e9taient propos\u00e9s, afin que chacun puisse y trouver son bonheur. Le but de ce mur \u00e9tant de s\u00e9lectionner les offres d\u2019emploi et d\u2019aller directement aupr\u00e8s de l\u2019exposant correspondant pour faire part d\u2019\u00e9ventuelles questions, ou simplement rencontrer l\u2019entreprise.<\/p>\n<p style=\"text-align: justify;\">Guillaume, jeune homme handicap\u00e9 pr\u00e9sent lors de cette rencontre affirme \u00ab&nbsp;<em>c\u2019est un plaisir de voir qu\u2019on s\u2019int\u00e9resse \u00e0 nous <\/em>[personnes atteintes d\u2019un handicap]<em> et qu\u2019on nous propose plusieurs offres d\u2019emplois dans plusieurs domaines. \u00c0 la base, on nous met de c\u00f4t\u00e9 \u00e0 cause de notre fauteuil roulant, et on nous dit que c\u2019est un peu compliqu\u00e9 de trouver un emploi. Mais ici \u00e7a nous motive, \u00e7a nous donne l\u2019envie de continuer \u00e0 chercher du travail et pourquoi pas \u00e0 en trouver. Il y\u2019en a pour tous les go\u00fbts&nbsp;: du&nbsp;<\/em><em>secteur administratif au secteur commercial, et il y a diff\u00e9rents postes \u00e0 pourvoir, c\u2019est vraiment cool\u00bb.<\/em><\/p>\n<figure id=\"attachment_12998\" aria-describedby=\"caption-attachment-12998\" style=\"width: 1161px\" class=\"wp-caption alignnone\"><img loading=\"lazy\" decoding=\"async\" class=\"wp-image-12998 size-full\" src=\"https:\/\/lyonbondyblog.fr\/LBB\/wp-content\/uploads\/2018\/04\/Photo-2.jpg\" alt=\"\" width=\"1161\" height=\"791\" srcset=\"https:\/\/lyonbondyblog.fr\/LBB\/wp-content\/uploads\/2018\/04\/Photo-2.jpg 1161w, https:\/\/lyonbondyblog.fr\/LBB\/wp-content\/uploads\/2018\/04\/Photo-2-300x204.jpg 300w, https:\/\/lyonbondyblog.fr\/LBB\/wp-content\/uploads\/2018\/04\/Photo-2-768x523.jpg 768w, https:\/\/lyonbondyblog.fr\/LBB\/wp-content\/uploads\/2018\/04\/Photo-2-1024x698.jpg 1024w, https:\/\/lyonbondyblog.fr\/LBB\/wp-content\/uploads\/2018\/04\/Photo-2-600x409.jpg 600w\" sizes=\"auto, (max-width: 1161px) 100vw, 1161px\" \/><figcaption id=\"caption-attachment-12998\" class=\"wp-caption-text\">Photo : Mur des m\u00e9tiers, salon Handiagora (\u00a9Hind Hamdaoui \/ Lyon Bondy Blog)<\/figcaption><\/figure>\n<h2 style=\"text-align: justify;\">Une initiative positive \u00e0 poursuivre<\/h2>\n<table width=\"633\">\n<tbody>\n<tr>\n<td width=\"226\">Moyenne d\u2019\u00e2ge demandeurs d\u2019emploi handicap\u00e9s<\/td>\n<td width=\"189\">&nbsp;<\/p>\n<p>48 % ont 50 ans et plus<\/td>\n<td width=\"217\">&nbsp;<\/p>\n<p>52 % ont moins de 50 ans<\/td>\n<\/tr>\n<tr>\n<td width=\"226\">Sexe des demandeurs d\u2019emplois handicap\u00e9s<\/td>\n<td width=\"189\">&nbsp;<\/p>\n<p>47 % de femmes<\/td>\n<td width=\"217\">&nbsp;<\/p>\n<p>53 % d\u2019hommes<\/td>\n<\/tr>\n<tr>\n<td width=\"226\">Evolution du nombre de demandeurs d\u2019emploi sur 1 ans (janvier 2017 \u00e0 janvier 2018)<\/td>\n<td width=\"189\">&nbsp;<\/p>\n<p>+ 2,4 % pour l\u2019ensemble des&nbsp; demandeurs d\u2019emploi<\/td>\n<td width=\"217\">&nbsp;<\/p>\n<p>+ 4,2 % pour les demandeurs d\u2019emploi handicap\u00e9s<\/td>\n<\/tr>\n<\/tbody>\n<\/table>\n<h5 style=\"text-align: justify;\"><em>Source&nbsp;: Donn\u00e9es de l\u2019Agefiph<\/em><\/h5>\n<p style=\"text-align: justify;\">Les rencontres Handiagora sont donc organis\u00e9es dans le seul but de donner leurs chances \u00e0 ces nombreux demandeurs d\u2019emplois atteints d\u2019un quelconque handicap. Les visiteurs se font de plus en plus nombreux au fil des ann\u00e9es lors de ces salons et permettent de faire \u00e9voluer cette soci\u00e9t\u00e9 o\u00f9 sont oubli\u00e9es les personnes handicap\u00e9es recherchant un emploi. Selon les chiffres de l\u2019Agefiph, ce n\u2019est pas moins de 8,5 % de ch\u00f4meurs pr\u00e9sentant un handicap qui ont \u00e9t\u00e9 enregistr\u00e9s sur l\u2019ann\u00e9e 2017. Ces rencontres alliant emploi et handicap sont donc sur une bonne lanc\u00e9e et permettront peut-\u00eatre une am\u00e9lioration de l\u2019accessibilit\u00e9 \u00e0 l\u2019emploi pour les personnes handicap\u00e9s.<\/p>\n<!-- AddThis Advanced Settings generic via filter on the_content --><!-- AddThis Share Buttons generic via filter on the_content -->","protected":false},"excerpt":{"rendered":"<p>Ce mardi 24 avril s\u2019est tenue la quatri\u00e8me \u00e9dition du salon Handiagora, un salon d\u00e9di\u00e9 \u00e0 la rencontre entre demandeurs d&#8217;emploi handicap\u00e9s et employeurs. Cet &hellip; <!-- AddThis Advanced Settings generic via filter on wp_trim_excerpt --><!-- AddThis Share Buttons generic via filter on wp_trim_excerpt --><\/p>\n","protected":false},"author":3799,"featured_media":12999,"comment_status":"open","ping_status":"open","sticky":false,"template":"","format":"standard","meta":{"_FSMCFIC_featured_image_caption":"","_FSMCFIC_featured_image_nocaption":"","_FSMCFIC_featured_image_hide":"","footnotes":""},"categories":[5,4,2],"tags":[],"class_list":["post-12996","post","type-post","status-publish","format-standard","has-post-thumbnail","hentry","category-ambiance","category-lyon","category-societe"],"yoast_head":"<!-- This site is optimized with the Yoast SEO plugin v22.8 - https:\/\/yoast.com\/wordpress\/plugins\/seo\/ -->\n<title>Salon HANDIAGORA : l\u2019alliance entre emploi et handicap - Lyon Bondy Blog<\/title>\n<meta name=\"robots\" content=\"index, follow, max-snippet:-1, max-image-preview:large, max-video-preview:-1\" \/>\n<link rel=\"canonical\" href=\"https:\/\/lyonbondyblog.fr\/LBB\/salon-handiagora-lalliance-entre-emploi-et-handicap\/\" \/>\n<meta property=\"og:locale\" content=\"fr_FR\" \/>\n<meta property=\"og:type\" content=\"article\" \/>\n<meta property=\"og:title\" content=\"Salon HANDIAGORA : l\u2019alliance entre emploi et handicap - Lyon Bondy Blog\" \/>\n<meta property=\"og:description\" content=\"Ce mardi 24 avril s\u2019est tenue la quatri\u00e8me \u00e9dition du salon Handiagora, un salon d\u00e9di\u00e9 \u00e0 la rencontre entre demandeurs d&#8217;emploi handicap\u00e9s et employeurs. Cet &hellip;\" \/>\n<meta property=\"og:url\" content=\"https:\/\/lyonbondyblog.fr\/LBB\/salon-handiagora-lalliance-entre-emploi-et-handicap\/\" \/>\n<meta property=\"og:site_name\" content=\"Lyon Bondy Blog\" \/>\n<meta property=\"article:publisher\" content=\"https:\/\/www.facebook.com\/lyonbondyblog\" \/>\n<meta property=\"article:published_time\" content=\"2018-04-25T14:40:53+00:00\" \/>\n<meta property=\"article:modified_time\" content=\"2018-04-25T14:56:08+00:00\" \/>\n<meta property=\"og:image\" content=\"https:\/\/lyonbondyblog.fr\/LBB\/wp-content\/uploads\/2018\/04\/Handiagora.jpg\" \/>\n\t<meta property=\"og:image:width\" content=\"509\" \/>\n\t<meta property=\"og:image:height\" content=\"720\" \/>\n\t<meta property=\"og:image:type\" content=\"image\/jpeg\" \/>\n<meta name=\"author\" content=\"Hind Hamdaoui\" \/>\n<meta name=\"twitter:card\" content=\"summary_large_image\" \/>\n<meta name=\"twitter:creator\" content=\"@bondybloglyon\" \/>\n<meta name=\"twitter:site\" content=\"@bondybloglyon\" \/>\n<script type=\"application\/ld+json\" class=\"yoast-schema-graph\">{\"@context\":\"https:\/\/schema.org\",\"@graph\":[{\"@type\":\"Article\",\"@id\":\"https:\/\/lyonbondyblog.fr\/LBB\/salon-handiagora-lalliance-entre-emploi-et-handicap\/#article\",\"isPartOf\":{\"@id\":\"https:\/\/lyonbondyblog.fr\/LBB\/salon-handiagora-lalliance-entre-emploi-et-handicap\/\"},\"author\":{\"name\":\"Hind Hamdaoui\",\"@id\":\"https:\/\/lyonbondyblog.fr\/LBB\/#\/schema\/person\/129418a59ac940d701437f233feba1de\"},\"headline\":\"Salon HANDIAGORA : l\u2019alliance entre emploi et handicap\",\"datePublished\":\"2018-04-25T14:40:53+00:00\",\"dateModified\":\"2018-04-25T14:56:08+00:00\",\"mainEntityOfPage\":{\"@id\":\"https:\/\/lyonbondyblog.fr\/LBB\/salon-handiagora-lalliance-entre-emploi-et-handicap\/\"},\"wordCount\":904,\"commentCount\":0,\"publisher\":{\"@id\":\"https:\/\/lyonbondyblog.fr\/LBB\/#organization\"},\"image\":{\"@id\":\"https:\/\/lyonbondyblog.fr\/LBB\/salon-handiagora-lalliance-entre-emploi-et-handicap\/#primaryimage\"},\"thumbnailUrl\":\"https:\/\/lyonbondyblog.fr\/LBB\/wp-content\/uploads\/2018\/04\/Handiagora.jpg\",\"articleSection\":[\"Ambiance\",\"Lyon\",\"Soci\u00e9t\u00e9\"],\"inLanguage\":\"fr-FR\",\"potentialAction\":[{\"@type\":\"CommentAction\",\"name\":\"Comment\",\"target\":[\"https:\/\/lyonbondyblog.fr\/LBB\/salon-handiagora-lalliance-entre-emploi-et-handicap\/#respond\"]}]},{\"@type\":\"WebPage\",\"@id\":\"https:\/\/lyonbondyblog.fr\/LBB\/salon-handiagora-lalliance-entre-emploi-et-handicap\/\",\"url\":\"https:\/\/lyonbondyblog.fr\/LBB\/salon-handiagora-lalliance-entre-emploi-et-handicap\/\",\"name\":\"Salon HANDIAGORA : l\u2019alliance entre emploi et handicap - Lyon Bondy Blog\",\"isPartOf\":{\"@id\":\"https:\/\/lyonbondyblog.fr\/LBB\/#website\"},\"primaryImageOfPage\":{\"@id\":\"https:\/\/lyonbondyblog.fr\/LBB\/salon-handiagora-lalliance-entre-emploi-et-handicap\/#primaryimage\"},\"image\":{\"@id\":\"https:\/\/lyonbondyblog.fr\/LBB\/salon-handiagora-lalliance-entre-emploi-et-handicap\/#primaryimage\"},\"thumbnailUrl\":\"https:\/\/lyonbondyblog.fr\/LBB\/wp-content\/uploads\/2018\/04\/Handiagora.jpg\",\"datePublished\":\"2018-04-25T14:40:53+00:00\",\"dateModified\":\"2018-04-25T14:56:08+00:00\",\"inLanguage\":\"fr-FR\",\"potentialAction\":[{\"@type\":\"ReadAction\",\"target\":[\"https:\/\/lyonbondyblog.fr\/LBB\/salon-handiagora-lalliance-entre-emploi-et-handicap\/\"]}]},{\"@type\":\"ImageObject\",\"inLanguage\":\"fr-FR\",\"@id\":\"https:\/\/lyonbondyblog.fr\/LBB\/salon-handiagora-lalliance-entre-emploi-et-handicap\/#primaryimage\",\"url\":\"https:\/\/lyonbondyblog.fr\/LBB\/wp-content\/uploads\/2018\/04\/Handiagora.jpg\",\"contentUrl\":\"https:\/\/lyonbondyblog.fr\/LBB\/wp-content\/uploads\/2018\/04\/Handiagora.jpg\",\"width\":\"509\",\"height\":\"720\"},{\"@type\":\"WebSite\",\"@id\":\"https:\/\/lyonbondyblog.fr\/LBB\/#website\",\"url\":\"https:\/\/lyonbondyblog.fr\/LBB\/\",\"name\":\"Lyon Bondy Blog\",\"description\":\"\",\"publisher\":{\"@id\":\"https:\/\/lyonbondyblog.fr\/LBB\/#organization\"},\"potentialAction\":[{\"@type\":\"SearchAction\",\"target\":{\"@type\":\"EntryPoint\",\"urlTemplate\":\"https:\/\/lyonbondyblog.fr\/LBB\/?s={search_term_string}\"},\"query-input\":\"required name=search_term_string\"}],\"inLanguage\":\"fr-FR\"},{\"@type\":\"Organization\",\"@id\":\"https:\/\/lyonbondyblog.fr\/LBB\/#organization\",\"name\":\"LYON BONDY BLOG\",\"url\":\"https:\/\/lyonbondyblog.fr\/LBB\/\",\"logo\":{\"@type\":\"ImageObject\",\"inLanguage\":\"fr-FR\",\"@id\":\"https:\/\/lyonbondyblog.fr\/LBB\/#\/schema\/logo\/image\/\",\"url\":\"http:\/\/lyonbondyblog.fr\/LBB\/wp-content\/uploads\/2014\/10\/logo-portable-144.png\",\"contentUrl\":\"http:\/\/lyonbondyblog.fr\/LBB\/wp-content\/uploads\/2014\/10\/logo-portable-144.png\",\"width\":144,\"height\":123,\"caption\":\"LYON BONDY BLOG\"},\"image\":{\"@id\":\"https:\/\/lyonbondyblog.fr\/LBB\/#\/schema\/logo\/image\/\"},\"sameAs\":[\"https:\/\/www.facebook.com\/lyonbondyblog\",\"https:\/\/x.com\/bondybloglyon\"]},{\"@type\":\"Person\",\"@id\":\"https:\/\/lyonbondyblog.fr\/LBB\/#\/schema\/person\/129418a59ac940d701437f233feba1de\",\"name\":\"Hind Hamdaoui\",\"url\":\"https:\/\/lyonbondyblog.fr\/LBB\/author\/hind_hamdaoui\/\"}]}<\/script>\n<!-- \/ Yoast SEO plugin. -->","yoast_head_json":{"title":"Salon HANDIAGORA : l\u2019alliance entre emploi et handicap - Lyon Bondy Blog","robots":{"index":"index","follow":"follow","max-snippet":"max-snippet:-1","max-image-preview":"max-image-preview:large","max-video-preview":"max-video-preview:-1"},"canonical":"https:\/\/lyonbondyblog.fr\/LBB\/salon-handiagora-lalliance-entre-emploi-et-handicap\/","og_locale":"fr_FR","og_type":"article","og_title":"Salon HANDIAGORA : l\u2019alliance entre emploi et handicap - Lyon Bondy Blog","og_description":"Ce mardi 24 avril s\u2019est tenue la quatri\u00e8me \u00e9dition du salon Handiagora, un salon d\u00e9di\u00e9 \u00e0 la rencontre entre demandeurs d&#8217;emploi handicap\u00e9s et employeurs. Cet &hellip;","og_url":"https:\/\/lyonbondyblog.fr\/LBB\/salon-handiagora-lalliance-entre-emploi-et-handicap\/","og_site_name":"Lyon Bondy Blog","article_publisher":"https:\/\/www.facebook.com\/lyonbondyblog","article_published_time":"2018-04-25T14:40:53+00:00","article_modified_time":"2018-04-25T14:56:08+00:00","og_image":[{"width":"509","height":"720","url":"https:\/\/lyonbondyblog.fr\/LBB\/wp-content\/uploads\/2018\/04\/Handiagora.jpg","type":"image\/jpeg"}],"author":"Hind Hamdaoui","twitter_card":"summary_large_image","twitter_creator":"@bondybloglyon","twitter_site":"@bondybloglyon","schema":{"@context":"https:\/\/schema.org","@graph":[{"@type":"Article","@id":"https:\/\/lyonbondyblog.fr\/LBB\/salon-handiagora-lalliance-entre-emploi-et-handicap\/#article","isPartOf":{"@id":"https:\/\/lyonbondyblog.fr\/LBB\/salon-handiagora-lalliance-entre-emploi-et-handicap\/"},"author":{"name":"Hind Hamdaoui","@id":"https:\/\/lyonbondyblog.fr\/LBB\/#\/schema\/person\/129418a59ac940d701437f233feba1de"},"headline":"Salon HANDIAGORA : l\u2019alliance entre emploi et handicap","datePublished":"2018-04-25T14:40:53+00:00","dateModified":"2018-04-25T14:56:08+00:00","mainEntityOfPage":{"@id":"https:\/\/lyonbondyblog.fr\/LBB\/salon-handiagora-lalliance-entre-emploi-et-handicap\/"},"wordCount":904,"commentCount":0,"publisher":{"@id":"https:\/\/lyonbondyblog.fr\/LBB\/#organization"},"image":{"@id":"https:\/\/lyonbondyblog.fr\/LBB\/salon-handiagora-lalliance-entre-emploi-et-handicap\/#primaryimage"},"thumbnailUrl":"https:\/\/lyonbondyblog.fr\/LBB\/wp-content\/uploads\/2018\/04\/Handiagora.jpg","articleSection":["Ambiance","Lyon","Soci\u00e9t\u00e9"],"inLanguage":"fr-FR","potentialAction":[{"@type":"CommentAction","name":"Comment","target":["https:\/\/lyonbondyblog.fr\/LBB\/salon-handiagora-lalliance-entre-emploi-et-handicap\/#respond"]}]},{"@type":"WebPage","@id":"https:\/\/lyonbondyblog.fr\/LBB\/salon-handiagora-lalliance-entre-emploi-et-handicap\/","url":"https:\/\/lyonbondyblog.fr\/LBB\/salon-handiagora-lalliance-entre-emploi-et-handicap\/","name":"Salon HANDIAGORA : l\u2019alliance entre emploi et handicap - Lyon Bondy Blog","isPartOf":{"@id":"https:\/\/lyonbondyblog.fr\/LBB\/#website"},"primaryImageOfPage":{"@id":"https:\/\/lyonbondyblog.fr\/LBB\/salon-handiagora-lalliance-entre-emploi-et-handicap\/#primaryimage"},"image":{"@id":"https:\/\/lyonbondyblog.fr\/LBB\/salon-handiagora-lalliance-entre-emploi-et-handicap\/#primaryimage"},"thumbnailUrl":"https:\/\/lyonbondyblog.fr\/LBB\/wp-content\/uploads\/2018\/04\/Handiagora.jpg","datePublished":"2018-04-25T14:40:53+00:00","dateModified":"2018-04-25T14:56:08+00:00","inLanguage":"fr-FR","potentialAction":[{"@type":"ReadAction","target":["https:\/\/lyonbondyblog.fr\/LBB\/salon-handiagora-lalliance-entre-emploi-et-handicap\/"]}]},{"@type":"ImageObject","inLanguage":"fr-FR","@id":"https:\/\/lyonbondyblog.fr\/LBB\/salon-handiagora-lalliance-entre-emploi-et-handicap\/#primaryimage","url":"https:\/\/lyonbondyblog.fr\/LBB\/wp-content\/uploads\/2018\/04\/Handiagora.jpg","contentUrl":"https:\/\/lyonbondyblog.fr\/LBB\/wp-content\/uploads\/2018\/04\/Handiagora.jpg","width":"509","height":"720"},{"@type":"WebSite","@id":"https:\/\/lyonbondyblog.fr\/LBB\/#website","url":"https:\/\/lyonbondyblog.fr\/LBB\/","name":"Lyon Bondy Blog","description":"","publisher":{"@id":"https:\/\/lyonbondyblog.fr\/LBB\/#organization"},"potentialAction":[{"@type":"SearchAction","target":{"@type":"EntryPoint","urlTemplate":"https:\/\/lyonbondyblog.fr\/LBB\/?s={search_term_string}"},"query-input":"required name=search_term_string"}],"inLanguage":"fr-FR"},{"@type":"Organization","@id":"https:\/\/lyonbondyblog.fr\/LBB\/#organization","name":"LYON BONDY BLOG","url":"https:\/\/lyonbondyblog.fr\/LBB\/","logo":{"@type":"ImageObject","inLanguage":"fr-FR","@id":"https:\/\/lyonbondyblog.fr\/LBB\/#\/schema\/logo\/image\/","url":"http:\/\/lyonbondyblog.fr\/LBB\/wp-content\/uploads\/2014\/10\/logo-portable-144.png","contentUrl":"http:\/\/lyonbondyblog.fr\/LBB\/wp-content\/uploads\/2014\/10\/logo-portable-144.png","width":144,"height":123,"caption":"LYON BONDY BLOG"},"image":{"@id":"https:\/\/lyonbondyblog.fr\/LBB\/#\/schema\/logo\/image\/"},"sameAs":["https:\/\/www.facebook.com\/lyonbondyblog","https:\/\/x.com\/bondybloglyon"]},{"@type":"Person","@id":"https:\/\/lyonbondyblog.fr\/LBB\/#\/schema\/person\/129418a59ac940d701437f233feba1de","name":"Hind Hamdaoui","url":"https:\/\/lyonbondyblog.fr\/LBB\/author\/hind_hamdaoui\/"}]}},"_links":{"self":[{"href":"https:\/\/lyonbondyblog.fr\/LBB\/wp-json\/wp\/v2\/posts\/12996","targetHints":{"allow":["GET"]}}],"collection":[{"href":"https:\/\/lyonbondyblog.fr\/LBB\/wp-json\/wp\/v2\/posts"}],"about":[{"href":"https:\/\/lyonbondyblog.fr\/LBB\/wp-json\/wp\/v2\/types\/post"}],"author":[{"embeddable":true,"href":"https:\/\/lyonbondyblog.fr\/LBB\/wp-json\/wp\/v2\/users\/3799"}],"replies":[{"embeddable":true,"href":"https:\/\/lyonbondyblog.fr\/LBB\/wp-json\/wp\/v2\/comments?post=12996"}],"version-history":[{"count":7,"href":"https:\/\/lyonbondyblog.fr\/LBB\/wp-json\/wp\/v2\/posts\/12996\/revisions"}],"predecessor-version":[{"id":13006,"href":"https:\/\/lyonbondyblog.fr\/LBB\/wp-json\/wp\/v2\/posts\/12996\/revisions\/13006"}],"wp:featuredmedia":[{"embeddable":true,"href":"https:\/\/lyonbondyblog.fr\/LBB\/wp-json\/wp\/v2\/media\/12999"}],"wp:attachment":[{"href":"https:\/\/lyonbondyblog.fr\/LBB\/wp-json\/wp\/v2\/media?parent=12996"}],"wp:term":[{"taxonomy":"category","embeddable":true,"href":"https:\/\/lyonbondyblog.fr\/LBB\/wp-json\/wp\/v2\/categories?post=12996"},{"taxonomy":"post_tag","embeddable":true,"href":"https:\/\/lyonbondyblog.fr\/LBB\/wp-json\/wp\/v2\/tags?post=12996"}],"curies":[{"name":"wp","href":"https:\/\/api.w.org\/{rel}","templated":true}]}}