{"id":12926,"date":"2018-07-31T15:15:42","date_gmt":"2018-07-31T13:15:42","guid":{"rendered":"http:\/\/lyonbondyblog.fr\/LBB\/?p=12926"},"modified":"2018-08-01T00:13:32","modified_gmt":"2018-07-31T22:13:32","slug":"recits-dun-squat-lyonnais-politique-et-social-partie-i-la-cabine","status":"publish","type":"post","link":"https:\/\/lyonbondyblog.fr\/LBB\/recits-dun-squat-lyonnais-politique-et-social-partie-i-la-cabine\/","title":{"rendered":"R\u00e9cits d&rsquo;un squat lyonnais politique et social. Partie I : la Cabine"},"content":{"rendered":"<p class=\"p1\" style=\"text-align: justify\"><span class=\"s1\"><i>La Cabine, puis la Cabane, \u00e9tait un b\u00e2timent occup\u00e9 par un squat, situ\u00e9 dans le 7\u00e8me arrondissement de Lyon. Connu pour ses soir\u00e9es, le lieu accueillait aussi des familles de r\u00e9fugi\u00e9s. Depuis le 15\u00a0 f\u00e9vrier 2018, ses habitant\u00b7e\u00b7s \u00e9taient dans l\u2019attente d\u2019une proc\u00e9dure d\u2019expulsion qui a eu lieu le 29 mai. Aux mois de mars et avril, dans l&rsquo;ambiance particuli\u00e8re d&rsquo;un petit monde qui se referme, le Lyon Bondy Blog a rencontr\u00e9 ses dernier\u00b7e\u00b7s habitant\u00b7e\u00b7s, qui ont racont\u00e9 leur squat, rythm\u00e9 par une organisation de vie commune et la crainte des interventions polici\u00e8res.\u00a0<\/i><i><\/i><\/span><\/p>\n<figure id=\"attachment_12929\" aria-describedby=\"caption-attachment-12929\" style=\"width: 3024px\" class=\"wp-caption alignnone\"><a href=\"https:\/\/lyonbondyblog.fr\/LBB\/wp-content\/uploads\/2018\/04\/IMG_2893.jpg\"><img loading=\"lazy\" decoding=\"async\" class=\"wp-image-12929 size-full\" src=\"https:\/\/lyonbondyblog.fr\/LBB\/wp-content\/uploads\/2018\/04\/IMG_2893.jpg\" alt=\"\" width=\"3024\" height=\"3105\" srcset=\"https:\/\/lyonbondyblog.fr\/LBB\/wp-content\/uploads\/2018\/04\/IMG_2893.jpg 3024w, https:\/\/lyonbondyblog.fr\/LBB\/wp-content\/uploads\/2018\/04\/IMG_2893-292x300.jpg 292w, https:\/\/lyonbondyblog.fr\/LBB\/wp-content\/uploads\/2018\/04\/IMG_2893-768x789.jpg 768w, https:\/\/lyonbondyblog.fr\/LBB\/wp-content\/uploads\/2018\/04\/IMG_2893-997x1024.jpg 997w, https:\/\/lyonbondyblog.fr\/LBB\/wp-content\/uploads\/2018\/04\/IMG_2893-600x616.jpg 600w, https:\/\/lyonbondyblog.fr\/LBB\/wp-content\/uploads\/2018\/04\/IMG_2893-32x32.jpg 32w, https:\/\/lyonbondyblog.fr\/LBB\/wp-content\/uploads\/2018\/04\/IMG_2893-50x50.jpg 50w\" sizes=\"auto, (max-width: 3024px) 100vw, 3024px\" \/><\/a><figcaption id=\"caption-attachment-12929\" class=\"wp-caption-text\"><em>La Cabine au mois de Novembre.\u00a0Cr\u00e9dits Marta Sobkow<\/em><\/figcaption><\/figure>\n<p class=\"p1\" style=\"text-align: justify\"><span class=\"s2\"><a href=\"https:\/\/www.rue89lyon.fr\/2018\/04\/05\/greve-inedite-nouvelle-manif-contre-loi-asile-immigration-de-collomb\/\"><span class=\"s1\">\u00a0<\/span><\/a>\u00a0Alors que les expulsions \u00e0 Lyon sont tr\u00e8s fr\u00e9quentes, et que la \u00ab\u00a0question migratoire\u00a0\u00bb s&rsquo;impose dans le d\u00e9bat public via <a href=\"https:\/\/www.lemonde.fr\/police-justice\/article\/2018\/04\/30\/militants-identitaires-dans-les-alpes-les-autorites-denoncent-une-operation-de-communication_5292856_1653578.html\" target=\"_blank\" rel=\"noopener\">les actions m\u00e9diatiques<\/a>\u00a0de groupuscules d&rsquo;extr\u00eame droite, il est temps de s\u2019interroger sur la place des squats dans notre ville.\u00a0<\/span><span class=\"s2\">La Cabine est une ancienne fourri\u00e8re de police. Ce grand b\u00e2timent laiss\u00e9 \u00e0 l&rsquo;abandon depuis 8 ans est devenu un squat le 19 septembre 2017.\u00a0 Sur une fa\u00e7ade recouverte de tags color\u00e9s, les habitant\u00b7e\u00b7s du quartier d\u00e9couvraient parfois des banderoles. <\/span><\/p>\n<figure id=\"attachment_12931\" aria-describedby=\"caption-attachment-12931\" style=\"width: 3046px\" class=\"wp-caption alignright\"><a href=\"https:\/\/lyonbondyblog.fr\/LBB\/wp-content\/uploads\/2018\/04\/IMG_0025.jpg\"><img loading=\"lazy\" decoding=\"async\" class=\"wp-image-12931 size-full\" src=\"https:\/\/lyonbondyblog.fr\/LBB\/wp-content\/uploads\/2018\/04\/IMG_0025.jpg\" alt=\"\" width=\"3046\" height=\"2330\" srcset=\"https:\/\/lyonbondyblog.fr\/LBB\/wp-content\/uploads\/2018\/04\/IMG_0025.jpg 3046w, https:\/\/lyonbondyblog.fr\/LBB\/wp-content\/uploads\/2018\/04\/IMG_0025-300x229.jpg 300w, https:\/\/lyonbondyblog.fr\/LBB\/wp-content\/uploads\/2018\/04\/IMG_0025-768x587.jpg 768w, https:\/\/lyonbondyblog.fr\/LBB\/wp-content\/uploads\/2018\/04\/IMG_0025-1024x783.jpg 1024w, https:\/\/lyonbondyblog.fr\/LBB\/wp-content\/uploads\/2018\/04\/IMG_0025-600x459.jpg 600w\" sizes=\"auto, (max-width: 3046px) 100vw, 3046px\" \/><\/a><figcaption id=\"caption-attachment-12931\" class=\"wp-caption-text\">\u00ab\u00a0Squattons la fin de ce vieux monde\u00a0\u00bb Cr\u00e9dits Marta Sobkow<\/figcaption><\/figure>\n<p class=\"p1\" style=\"text-align: justify\"><span class=\"s1\">Depuis la nuit du 7 janvier flotte sur son toit un drapeau noir, symbole de l&rsquo;anarchisme. Cette nuit a laiss\u00e9 des souvenirs pour les voisin\u00b7e\u00b7s qui se sont r\u00e9veill\u00e9\u00b7e\u00b7s aux sons des coups de b\u00e9liers et des aboiements de chiens policiers. Jusque l\u00e0, peut-\u00eatre n\u2019avaient-ils pas remarqu\u00e9 qu\u2019\u00e0 deux pas de chez eux, il y avait un squat. M\u00e9connus du grand public, les squats sont bri\u00e8vement \u00e9voqu\u00e9s dans la presse quand ils font l&rsquo;objet d&rsquo;intervention polici\u00e8res et d&rsquo;expulsions parfois spectaculaires.\u00a0<\/span><\/p>\n<h2 class=\"p1\" style=\"text-align: justify\"><span class=\"s1\">Trois\u00a0 interventions polici\u00e8res\u00a0 depuis 2018 : \u00ab\u00a0C&rsquo;est assez traumatisant \u00ab\u00a0<\/span><\/h2>\n<p class=\"p1\" style=\"text-align: justify\"><span class=\"s1\">La nuit du 6 au 7 janvier 2018, la Cabine organisait une soir\u00e9e festive \u00e0 laquelle des centaines de personnes ont particip\u00e9. Vers minuit,\u00a0 plusieurs dizaines de policier\u00b7e\u00b7s de diff\u00e9rentes brigades sont intervenu\u00b7e\u00b7s pour nuisances sonores. Habitante du quartier, je suis all\u00e9e demander le motif de leur intervention aux forces pr\u00e9sentes, ce \u00e0 quoi un CRS m&rsquo;a r\u00e9pondu <em>\u00ab\u00a0il ne se passe rien\u00a0\u00bb<\/em>. <\/span><span class=\"s1\">Il est difficile de retracer les raisons et le contexte de cette intervention polici\u00e8re puisqu&rsquo;\u00e0 ce jour, le commissariat n&rsquo;a pas r\u00e9pondu aux questions que nous leur avons adress\u00e9es par courrier ou t\u00e9l\u00e9phone.\u00a0<\/span><\/p>\n<p class=\"p1\" style=\"text-align: justify\"><span class=\"s1\">Louis, un squatteur de la Cabine,\u00a0 me pr\u00e9sente sa version des faits : <em>\u00ab\u00a0Ils ont tent\u00e9 de p\u00e9n\u00e9trer dans les lieux sans jamais montrer une justification l\u00e9gale et en insultant les diff\u00e9rentes personnes pr\u00e9sentes . L&rsquo;intervention de la police a dur\u00e9 plus de deux heures, sans que les forces de l&rsquo;ordre ne parviennent \u00e0 entrer dans le squat\u00a0\u00bb<\/em>. Le m\u00e9dia militant Rebellyon a publi\u00e9 deux textes \u00e0 ce propos, un<a href=\"https:\/\/rebellyon.info\/Compilation-de-temoignage-ecrit-et-video-18574\" target=\"_blank\" rel=\"noopener\"> compte-rendu<\/a> et un <a href=\"https:\/\/rebellyon.info\/Attaque-de-la-cabine-attaque-terroriste-18583\" target=\"_blank\" rel=\"noopener\">communiqu\u00e9<\/a>. Georges et Richard, habitants du lieu, expliquent la nature de ce communiqu\u00e9 : <em>\u00ab\u00a0On d\u00e9non\u00e7ait une attaque politique, d\u2019intimidation \u00e0 l\u2019\u00e9gard de notre engagement\u00a0\u00bb<\/em>.<\/span><\/p>\n<p class=\"p1\" style=\"text-align: justify\"><span class=\"s1\">Les moyens d\u00e9ploy\u00e9s \u00e9taient impressionnants, jusqu&rsquo;\u00e0 2:30 du matin , les CRS ont lanc\u00e9 plusieurs grenades lacrymog\u00e8nes les quelques personnes restantes, enfumant la rue et les voitures qui ont eue la malchance d\u2019y passer.\u00a0<\/span><\/p>\n<figure id=\"attachment_12928\" aria-describedby=\"caption-attachment-12928\" style=\"width: 4032px\" class=\"wp-caption alignleft\"><a href=\"https:\/\/lyonbondyblog.fr\/LBB\/wp-content\/uploads\/2018\/04\/IMG_3325.jpg\"><img loading=\"lazy\" decoding=\"async\" class=\"wp-image-12928 size-full\" src=\"https:\/\/lyonbondyblog.fr\/LBB\/wp-content\/uploads\/2018\/04\/IMG_3325.jpg\" alt=\"\" width=\"4032\" height=\"3024\" srcset=\"https:\/\/lyonbondyblog.fr\/LBB\/wp-content\/uploads\/2018\/04\/IMG_3325.jpg 4032w, https:\/\/lyonbondyblog.fr\/LBB\/wp-content\/uploads\/2018\/04\/IMG_3325-300x225.jpg 300w, https:\/\/lyonbondyblog.fr\/LBB\/wp-content\/uploads\/2018\/04\/IMG_3325-768x576.jpg 768w, https:\/\/lyonbondyblog.fr\/LBB\/wp-content\/uploads\/2018\/04\/IMG_3325-1024x768.jpg 1024w, https:\/\/lyonbondyblog.fr\/LBB\/wp-content\/uploads\/2018\/04\/IMG_3325-600x450.jpg 600w\" sizes=\"auto, (max-width: 4032px) 100vw, 4032px\" \/><\/a><figcaption id=\"caption-attachment-12928\" class=\"wp-caption-text\">La nuit de l&rsquo;intervention polici\u00e8re du 6-7 janvier. Cr\u00e9dits Marta Sobkow.<\/figcaption><\/figure>\n<p class=\"p1\" style=\"text-align: justify\"><span class=\"s1\">Louis continue :<em>\u00ab\u00a0Ils gazaient par les trous de la porte qu\u2019ils ont fait avec le b\u00e9lier, et par la fen\u00eatre, parce que certains ont commenc\u00e9 \u00e0 sortir par la fen\u00eatre. Il y a eu un grand mouvement de panique. M\u00eame si l\u2019habitation des familles est un peu s\u00e9par\u00e9e du reste, ils ont quand m\u00eame eu beaucoup de gaz lacrymo, alors que les policiers \u00e9taient pr\u00e9venus qu\u2019ils \u00e9taient l\u00e0. On pouvaient entendre les flics,<a href=\"https:\/\/www.huffingtonpost.fr\/2018\/01\/29\/affaire-theo-la-video-de-son-interpellation-devoilee-par-europe-1_a_23346302\/\" target=\"_blank\" rel=\"noopener\"> ils parlaient de Th\u00e9o<\/a>, et les insultes de base, genre \u00ab\u00a0on va vous niquer\u00a0\u00bb des trucs comme \u00e7a\u00a0\u00bb<\/em>.\u00a0<\/span><\/p>\n<p class=\"p1\" style=\"text-align: justify\"><span class=\"s1\">Richard ajoute : <em>\u00ab\u00a0Ils sont quand m\u00eame rest\u00e9s 1 heure et demie \u00e0 essayer de rentrer.\u00a0Apr\u00e8s, tous les gens sont all\u00e9s sur le boulevard, et j\u2019ai vu les flics en moto, ils ont commenc\u00e9 \u00e0 taper sur les gens, tout \u00e7a\u2026 Ils ont gagn\u00e9, parce qu&rsquo;apr\u00e8s \u00e7a, on a d\u00e9cid\u00e9 de ne plus faire de soir\u00e9e.\u00a0\u00bb<\/em> Cependant, selon eux, personne n&rsquo;a \u00e9t\u00e9 bless\u00e9.<\/span><\/p>\n<p class=\"p1\" style=\"text-align: justify\"><span class=\"s1\">Louis rappelle qu&rsquo;il y<span class=\"Apple-converted-space\">\u00a0<\/span>a aussi eu une perquisition d\u00e9but f\u00e9vrier\u00a0<a href=\"https:\/\/www.20minutes.fr\/societe\/2213539-20180202-lyon-president-metropole-david-kimelfeld-enfarine-enquete-cours\" target=\"_blank\" rel=\"noopener\"><span class=\"s2\">suite \u00e0 l\u2019enfarinage du pr\u00e9sident de la m\u00e9tropole de Lyon, David Kimelfeld\u00a0<\/span><\/a>. <em>\u00ab\u00a0Ils sont rest\u00e9s une heure et demie, du coup on \u00e9tait dans le salon en ligne, encadr\u00e9 par une \u00e9quipe de la bac avec flashball, matraque, etc. Ils avaient d\u00e9j\u00e0 embarqu\u00e9 une personne avant et ils ont embarqu\u00e9 deux des habitants de la cabine.\u00a0\u00c0 l\u2019\u00e9poque on \u00e9tait une trentaine \u00e0 vivre encore ici.\u00a0\u00bb<\/em><\/span><\/p>\n<p class=\"p1\" style=\"text-align: justify\"><span class=\"s1\">\u00ab Toutes les personnes \u00e0 l\u2019int\u00e9rieur \u00e9taient identifi\u00e9es, il y avait entre 80 et 100 policiers, de diff\u00e9rentes brigades du renseignement.\u00a0\u00bb <\/span><\/p>\n<p class=\"p1\" style=\"text-align: justify\"><span class=\"s1\">Dans ces conditions, pourquoi les squatteu.re.ses se mettent dans l&rsquo;ill\u00e9galit\u00e9 ?\u00a0<\/span><\/p>\n<h2 class=\"p1\" style=\"text-align: justify\"><span class=\"s1\">S&rsquo;approprier des espaces vides : entre ill\u00e9galit\u00e9 et l\u00e9gitimit\u00e9.<\/span><\/h2>\n<p class=\"p1\" style=\"text-align: justify\"><span class=\"s1\">Pour ouvrir un squat, plusieurs personnes choisissent d&rsquo;agir dans l&rsquo;ill\u00e9galit\u00e9, tout<span class=\"Apple-converted-space\">\u00a0en\u00a0<\/span>faisant valoir la l\u00e9gitimit\u00e9 de leur acte. C&rsquo;est pour eux la n\u00e9cessit\u00e9 de donner un toit \u00e0 celles et ceux qui vivent dans la rue,\u00a0affirmant la sup\u00e9riorit\u00e9 du droit au logement sur le droit \u00e0 la propri\u00e9t\u00e9.<\/span><\/p>\n<p class=\"p1\" style=\"text-align: justify\"><span class=\"s1\">Richard explique son positionnement : <em>\u00ab\u00a0On fait le choix de courir des risques pour des gens qui ne peuvent pas les courir eux -m\u00eames : quand t\u2019as les privil\u00e8ges d\u2019\u00eatre un blanc de classe moyenne, avec des papiers et qui a les moyens de se d\u00e9fendre juridiquement, tu peux prendre le risque d\u2019ouvrir un squat pour des gens qui, s&rsquo;ils le font, risquent de se faire enfermer et expulser.\u00a0\u00bb<\/em><\/span><\/p>\n<p class=\"p1\" style=\"text-align: justify\"><span class=\"s1\">Georges ajoute : <em>\u00a0\u00bb Le choix de l\u2019ill\u00e9galit\u00e9 et de jouer avec les br\u00e8ches qu&rsquo;on peut ouvrir dans le droit permet d\u2019acc\u00e9der \u00e0 des possibilit\u00e9s que la voie l\u00e9gale n\u2019ouvrira jamais. Une bande d\u2019ami\u00b7es, jeunes et pr\u00e9caires, si elle demandait \u00e0 l\u2019\u00c9tat ou aux administrations de lui mettre \u00e0 disposition un b\u00e2timent vide pour h\u00e9berger des personnes que l\u2019\u00e9tat laisse \u00e0 la rue et organiser une vie qui tente de s\u2019\u00e9manciper de son contr\u00f4le, on peut facilement imaginer que la r\u00e9ponse sera n\u00e9gative. On choisit une strat\u00e9gie d\u2019imposition \u00e0 l\u2019\u00e9tat plut\u00f4t que de proposition.\u00a0\u00bb\u00a0<\/em><\/span><\/p>\n<p class=\"p1\" style=\"text-align: justify\"><span class=\"s1\">Louis reproche les d\u00e9cisions en mati\u00e8re de politique publique faites par certain\u00b7e\u00b7s \u00e9lu\u00b7es\u00a0<\/span><span class=\"s1\">: <em>\u00ab\u00a0Quand la m\u00e9tropole fait des communiqu\u00e9s pour dire que tout le monde est log\u00e9, alors qu\u2019on a 50 personnes qui arrivent d\u00e8s qu\u2019on ouvre un squat, c\u2019est du langage de politicien.<span class=\"Apple-converted-space\">\u00a0 <\/span>Et au m\u00eame moment,<a href=\"https:\/\/www.ouest-france.fr\/auvergne-rhone-alpes\/lyon-la-telesurveillance-des-batiments-inoccupes-coutera-1-8-million-d-euros-5521387\" target=\"_blank\" rel=\"noopener\"> <span class=\"s2\">ils engagent 1,8 million d\u2019euros pour la t\u00e9l\u00e9surveillance <\/span><span class=\"s2\">des<\/span><\/a><span class=\"s2\"> b\u00e2timents vides\u00a0\u00bb<\/span>.\u00a0<\/em><\/span><\/p>\n<p class=\"p1\" style=\"text-align: justify\"><span class=\"s1\">Pour r\u00e9pondre \u00e0 ce qu&rsquo;ils estiment \u00eatre une inaction des pouvoirs publics pour faire respecter le droit au logement pour tou\u00b7te\u00b7s, des collectifs se sont organis\u00e9s. Certains ont m\u00eame r\u00e9dig\u00e9 des documents pour expliquer <a href=\"http:\/\/www.lepoing.net\/comment-ouvrir-un-squat-en-5-etapes\/\" target=\"_blank\" rel=\"noopener\"><span class=\"s2\">comment ouvrir un squat<\/span><\/a>.\u00a0 Selon ce manuel publi\u00e9 par un site proche des tendances anarchistes, une ouverture se d\u00e9roule en plusieurs \u00e9tapes. Dans un premier temps, plusieurs personnes rep\u00e8rent un endroit laiss\u00e9 \u00e0 l\u2019abandon, qui appartient \u00e0 une entreprise, \u00e0 un particulier ou \u00e0 l\u2019administration. Apr\u00e8s avoir fait un rep\u00e9rage pour \u00eatre s\u00fbr que personne n\u2019y habite, ils entrent \u00e0 l\u2019int\u00e9rieur et en font leur r\u00e9sidence principale.<\/span><\/p>\n<figure id=\"attachment_13605\" aria-describedby=\"caption-attachment-13605\" style=\"width: 555px\" class=\"wp-caption alignright\"><a href=\"https:\/\/lyonbondyblog.fr\/LBB\/wp-content\/uploads\/2018\/07\/Capture-d\u2019\u00e9cran-2018-06-23-\u00e0-14.25.58.png\"><img loading=\"lazy\" decoding=\"async\" class=\"wp-image-13605 size-full\" src=\"https:\/\/lyonbondyblog.fr\/LBB\/wp-content\/uploads\/2018\/07\/Capture-d\u2019\u00e9cran-2018-06-23-\u00e0-14.25.58.png\" alt=\"\" width=\"555\" height=\"557\" \/><\/a><figcaption id=\"caption-attachment-13605\" class=\"wp-caption-text\">Kraakteken, le symbole du mouvement squat europ\u00e9en.<\/figcaption><\/figure>\n<p class=\"p1\" style=\"text-align: justify\"><span class=\"s1\">C&rsquo;est sans doute par ce proc\u00e9d\u00e9 que s&rsquo;est ouverte La Cabine, cette ancienne fourri\u00e8re abandonn\u00e9e durant pr\u00e8s de 8 ans. Elle est situ\u00e9e sur une parcelle o\u00f9 des travaux sont pr\u00e9vus en 2020. Il reste encore un couple de personnes \u00e2g\u00e9es qui refusent pour le moment de vendre leur maison. Mais g\u00e9n\u00e9ralement les squats durent peu de temps, et leurs habitants sont souvent expuls\u00e9s rapidement.\u00a0<\/span><\/p>\n<p class=\"p1\" style=\"text-align: justify\"><span class=\"s1\">\u00a0<\/span><\/p>\n<blockquote>\n<h3 class=\"p2\" style=\"text-align: left\"><span class=\"s1\">\u00ab\u00a0On est tous engag\u00e9, mais en dehors des partis. L\u2019id\u00e9e c\u2019est de s\u2019autonomiser, comme ce qu\u2019on a pu voir \u00e0 Nuit Debout.\u00a0\u00bb <em>Louis.<\/em><\/span><\/h3>\n<\/blockquote>\n<p class=\"p1\" style=\"text-align: justify\"><span class=\"s1\">Le mouvement des squatteur\u00b7se\u00b7s regroupe des personnes dont les sensibilit\u00e9s id\u00e9ologiques composent la constellation des courants de gauche non traditionnels. Les personnes rencontr\u00e9es par le Lyon Bondy Blog affirment une logique anticapitaliste et la volont\u00e9 de donner un logement \u00e0 des personnes qui sont dans la rue.\u00a0 Se nourrir avec des fins de march\u00e9s ou des poubelles de magasins, s&rsquo;habiller dans des <i>free shops<\/i> ou des \u00ab\u00a0gratuiteries\u00a0\u00bb ne pas avoir de\u00a0loyer \u00e0 payer &#8230; les squatteurs s&rsquo;approchent d&rsquo;une utopie dans leur vie \u00e9chapp\u00e9e du contr\u00f4le financier .\u00a0<\/span><span class=\"s1\">M\u00eame les soir\u00e9es sont \u00e0 prix libre, mais les revenus, eux, servent \u00e0 financer les besoins des familles accueillies, ou des collectifs militants.\u00a0<\/span><\/p>\n<p class=\"p1\" style=\"text-align: justify\"><span class=\"s1\"><span class=\"citation\">Cr\u00e9er une micro soci\u00e9t\u00e9 qui rejette les figures traditionnelles de l&rsquo;autorit\u00e9 comme la police et les tribunaux, cela para\u00eet impossible.\u00a0<\/span>Pourtant, cette forme d&rsquo;organisation \u00e9tait d\u00e9j\u00e0 th\u00e9oris\u00e9e au XIX\u00e8me si\u00e8cle, quand Proudhon \u00e9crivait que <span class=\"citation\"><em>\u00ab\u00a0L&rsquo;anarchie, c&rsquo;est l&rsquo;ordre sans le pouvoir.\u00a0\u00bb<\/em>\u00a0C&rsquo;est pourquoi, paradoxalement, des r\u00e8gles subsistent, et certaines sont intransigeantes. <\/span><\/span><\/p>\n<p class=\"p1\" style=\"text-align: justify\"><span class=\"s1\"><span class=\"citation\">Et quelles sont ces r\u00e8gles qui n&rsquo;ont pas \u00e9t\u00e9 rejet\u00e9es ?\u00a0 : Selon Georges\u00a0<\/span><em>\u00ab\u00a0Il y a des fois des tensions entre certaines personnes, quand des gens d\u00e9passent les limites : le vol, le harc\u00e8lement voire le viol, et les comportements violents. M\u00eame si pour les vols ou les comportements violents \u00e7a arrive des fois de tenir compte des difficult\u00e9s de la personne, s&rsquo;il y a des probl\u00e8mes psychologiques par exemple.\u00a0\u00bb \u00ab\u00a0Les valeurs les plus importantes, c\u2019est la sinc\u00e9rit\u00e9, le partage et l\u2019entraide \u00bb<\/em> ajoute-t-il.<\/span><\/p>\n<blockquote>\n<p class=\"p1\" style=\"text-align: justify\"><span class=\"s1\"><em>\u00ab\u00a0Pour moi ce qui est important, c\u2019est aussi la s\u00e9curit\u00e9, le monde ext\u00e9rieur para\u00eet hostile parce qu\u2019on peut \u00eatre confront\u00e9 \u00e0 des comportement sexistes, racistes\u2026et on a une capacit\u00e9 d\u2019action beaucoup plus limit\u00e9e que dans le squat \u00bb<\/em> remarque Barth\u00e9l\u00e9my.\u00a0<\/span><\/p>\n<\/blockquote>\n<p class=\"p1\" style=\"text-align: justify\"><span class=\"s1\">Richard reprend : <em>\u00ab\u00a0J\u2019ai un avis personnel l\u00e0-dessus : effectivement on r\u00e9invente et on construit autre chose dans nos rapports mais on ne peut pas voir les squats comme une nouvelle base de notre soci\u00e9t\u00e9 . C\u2019est une marge, c\u2019est comme la \u00ab\u00a0r\u00e9cup\u00a0\u00bb, s\u2019il n\u2019y avait pas les grandes industries on ne pourrait pas faire de la r\u00e9cup\u2026 Ce que je soutiens, c\u2019est l\u2019id\u00e9e de l\u2019autonomie, comme ce qu\u2019on peut voir dans le communisme libertaire.\u00a0\u00bb <\/em><\/span><\/p>\n<blockquote>\n<p class=\"p1\" style=\"text-align: justify\"><span class=\"s1\"><em>\u00ab\u00a0On est ma\u00eetre de notre temps, et on ne d\u00e9pend pas de domination salariale. On est pas contre le travail, parce qu\u2019on a un emploi du temps tr\u00e8s charg\u00e9 : c\u2019est un travail qu\u2019on choisit\u00a0\u00bb<\/em> conclut Richard.<\/span><\/p>\n<\/blockquote>\n<figure id=\"attachment_12930\" aria-describedby=\"caption-attachment-12930\" style=\"width: 4032px\" class=\"wp-caption alignleft\"><a href=\"https:\/\/lyonbondyblog.fr\/LBB\/wp-content\/uploads\/2018\/04\/IMG_0786.jpg\"><img loading=\"lazy\" decoding=\"async\" class=\"wp-image-12930 size-full\" src=\"https:\/\/lyonbondyblog.fr\/LBB\/wp-content\/uploads\/2018\/04\/IMG_0786.jpg\" alt=\"\" width=\"4032\" height=\"3024\" srcset=\"https:\/\/lyonbondyblog.fr\/LBB\/wp-content\/uploads\/2018\/04\/IMG_0786.jpg 4032w, https:\/\/lyonbondyblog.fr\/LBB\/wp-content\/uploads\/2018\/04\/IMG_0786-300x225.jpg 300w, https:\/\/lyonbondyblog.fr\/LBB\/wp-content\/uploads\/2018\/04\/IMG_0786-768x576.jpg 768w, https:\/\/lyonbondyblog.fr\/LBB\/wp-content\/uploads\/2018\/04\/IMG_0786-1024x768.jpg 1024w, https:\/\/lyonbondyblog.fr\/LBB\/wp-content\/uploads\/2018\/04\/IMG_0786-600x450.jpg 600w\" sizes=\"auto, (max-width: 4032px) 100vw, 4032px\" \/><\/a><figcaption id=\"caption-attachment-12930\" class=\"wp-caption-text\">La salle principale, o\u00f9 avaient lieu les soir\u00e9es de la Cabine. Cr\u00e9dits Marta Sobkow<\/figcaption><\/figure>\n<h2 style=\"text-align: justify\">Des habitant\u00b7e\u00b7s aux profils h\u00e9t\u00e9roclites<\/h2>\n<p class=\"p1\" style=\"text-align: justify\"><span class=\"s1\">Les habitant\u00b7e\u00b7s de la Cabine sont salari\u00e9\u00b7e\u00b7s, \u00e9tudiant\u00b7e\u00b7s, certains cherchent un travail, et d&rsquo;autres restent volontairement sans emploi ou ne peuvent tout simplement pas \u00eatre salari\u00e9s.\u00a0\u00a0<\/span><\/p>\n<p class=\"p1\" style=\"text-align: justify\"><span class=\"s1\">Bertrand, \u00e0 l&rsquo;origine de l&rsquo;ouverture de la Cabine, raconte ce qui l&rsquo;a amen\u00e9 \u00e0 vivre en squat : <em>\u00ab\u00a0je suis arriv\u00e9 par n\u00e9cessit\u00e9 d\u00fb \u00e0 mes choix \u00e9thiques et politiques, il y a quelques ann\u00e9es je refusais la domination salariale. On a ouvert la cabine avec un collectif qui s\u2019est regroup\u00e9 autour de questions politiques dans la cause des r\u00e9fugi\u00e9\u00b7es. Ouvrir ce lieu nous a permis de nous organiser\u00a0\u00bb<\/em>. Les interventions polici\u00e8res, et le besoin d&rsquo;un\u00a0 collectif de soutien aux jeunes mineurs isol\u00e9s,\u00a0ont incit\u00e9 les habitant\u00b7es \u00e0 quitter le squat.<\/span><\/p>\n<figure id=\"attachment_13606\" aria-describedby=\"caption-attachment-13606\" style=\"width: 4032px\" class=\"wp-caption alignnone\"><a href=\"https:\/\/lyonbondyblog.fr\/LBB\/wp-content\/uploads\/2018\/07\/IMG_1029.jpg\"><img loading=\"lazy\" decoding=\"async\" class=\"wp-image-13606 size-full\" src=\"https:\/\/lyonbondyblog.fr\/LBB\/wp-content\/uploads\/2018\/07\/IMG_1029.jpg\" alt=\"\" width=\"4032\" height=\"3024\" srcset=\"https:\/\/lyonbondyblog.fr\/LBB\/wp-content\/uploads\/2018\/07\/IMG_1029.jpg 4032w, https:\/\/lyonbondyblog.fr\/LBB\/wp-content\/uploads\/2018\/07\/IMG_1029-300x225.jpg 300w, https:\/\/lyonbondyblog.fr\/LBB\/wp-content\/uploads\/2018\/07\/IMG_1029-768x576.jpg 768w, https:\/\/lyonbondyblog.fr\/LBB\/wp-content\/uploads\/2018\/07\/IMG_1029-1024x768.jpg 1024w, https:\/\/lyonbondyblog.fr\/LBB\/wp-content\/uploads\/2018\/07\/IMG_1029-600x450.jpg 600w\" sizes=\"auto, (max-width: 4032px) 100vw, 4032px\" \/><\/a><figcaption id=\"caption-attachment-13606\" class=\"wp-caption-text\">Le 11 avril, les tags avaient disparus, alors que l&rsquo;expulsion n&rsquo;avait pas encore eue lieue. Cr\u00e9dits Marta Sobkow.<\/figcaption><\/figure>\n<p style=\"text-align: justify\">\n<p style=\"text-align: justify\"><span class=\"s1\">\u00a0<a href=\"https:\/\/www.rue89lyon.fr\/2018\/05\/29\/ville-de-lyon-expulse-mineurs-etrangers-metropole-veut-reintegrer-squat\/\" target=\"_blank\" rel=\"noopener\">Fin avril, les lieux sont rebaptis\u00e9s \u00ab\u00a0La Cabane\u00a0\u00bb. Une cinquantaine de mineurs y vivaient jusqu&rsquo;\u00e0 leur expulsion par les policiers s<\/a><a href=\"https:\/\/www.rue89lyon.fr\/2018\/05\/29\/ville-de-lyon-expulse-mineurs-etrangers-metropole-veut-reintegrer-squat\/\" target=\"_blank\" rel=\"noopener\">ur ordre du Maire de Lyon. C&rsquo;\u00e9tait l<\/a><\/span>e 29 mai, jour o\u00f9 le Pr\u00e9sident de la m\u00e9tropole organisait une r\u00e9union sur leur situation. Cette seconde occupation sera le sujet d&rsquo;un prochain article sur le Lyon Bondy Blog : <em>\u00ab\u00a0R\u00e9cits d&rsquo;un squat lyonnais politique et social. Partie 2 : La Cabane.\u00a0\u00bb\u00a0<\/em><\/p>\n<p style=\"text-align: justify\">\n<!-- AddThis Advanced Settings generic via filter on the_content --><!-- AddThis Share Buttons generic via filter on the_content -->","protected":false},"excerpt":{"rendered":"<p>La Cabine, puis la Cabane, \u00e9tait un b\u00e2timent occup\u00e9 par un squat, situ\u00e9 dans le 7\u00e8me arrondissement de Lyon. Connu pour ses soir\u00e9es, le lieu &hellip; <!-- AddThis Advanced Settings generic via filter on wp_trim_excerpt --><!-- AddThis Share Buttons generic via filter on wp_trim_excerpt --><\/p>\n","protected":false},"author":791,"featured_media":13881,"comment_status":"open","ping_status":"open","sticky":false,"template":"","format":"standard","meta":{"_FSMCFIC_featured_image_caption":"","_FSMCFIC_featured_image_nocaption":"","_FSMCFIC_featured_image_hide":"","footnotes":""},"categories":[4,6,2],"tags":[],"class_list":["post-12926","post","type-post","status-publish","format-standard","has-post-thumbnail","hentry","category-lyon","category-politique","category-societe"],"yoast_head":"<!-- This site is optimized with the Yoast SEO plugin v22.8 - https:\/\/yoast.com\/wordpress\/plugins\/seo\/ -->\n<title>R\u00e9cits d&#039;un squat lyonnais politique et social. Partie I : la Cabine - Lyon Bondy Blog<\/title>\n<meta name=\"robots\" content=\"index, follow, max-snippet:-1, max-image-preview:large, max-video-preview:-1\" \/>\n<link rel=\"canonical\" href=\"https:\/\/lyonbondyblog.fr\/LBB\/recits-dun-squat-lyonnais-politique-et-social-partie-i-la-cabine\/\" \/>\n<meta property=\"og:locale\" content=\"fr_FR\" \/>\n<meta property=\"og:type\" content=\"article\" \/>\n<meta property=\"og:title\" content=\"R\u00e9cits d&#039;un squat lyonnais politique et social. Partie I : la Cabine - Lyon Bondy Blog\" \/>\n<meta property=\"og:description\" content=\"La Cabine, puis la Cabane, \u00e9tait un b\u00e2timent occup\u00e9 par un squat, situ\u00e9 dans le 7\u00e8me arrondissement de Lyon. Connu pour ses soir\u00e9es, le lieu &hellip;\" \/>\n<meta property=\"og:url\" content=\"https:\/\/lyonbondyblog.fr\/LBB\/recits-dun-squat-lyonnais-politique-et-social-partie-i-la-cabine\/\" \/>\n<meta property=\"og:site_name\" content=\"Lyon Bondy Blog\" \/>\n<meta property=\"article:publisher\" content=\"https:\/\/www.facebook.com\/lyonbondyblog\" \/>\n<meta property=\"article:published_time\" content=\"2018-07-31T13:15:42+00:00\" \/>\n<meta property=\"article:modified_time\" content=\"2018-07-31T22:13:32+00:00\" \/>\n<meta property=\"og:image\" content=\"https:\/\/lyonbondyblog.fr\/LBB\/wp-content\/uploads\/2018\/07\/IMG_0786-1024x768.jpg\" \/>\n\t<meta property=\"og:image:width\" content=\"1024\" \/>\n\t<meta property=\"og:image:height\" content=\"768\" \/>\n\t<meta property=\"og:image:type\" content=\"image\/jpeg\" \/>\n<meta name=\"author\" content=\"Marta Sobkow\" \/>\n<meta name=\"twitter:card\" content=\"summary_large_image\" \/>\n<meta name=\"twitter:creator\" content=\"@bondybloglyon\" \/>\n<meta name=\"twitter:site\" content=\"@bondybloglyon\" \/>\n<script type=\"application\/ld+json\" class=\"yoast-schema-graph\">{\"@context\":\"https:\/\/schema.org\",\"@graph\":[{\"@type\":\"Article\",\"@id\":\"https:\/\/lyonbondyblog.fr\/LBB\/recits-dun-squat-lyonnais-politique-et-social-partie-i-la-cabine\/#article\",\"isPartOf\":{\"@id\":\"https:\/\/lyonbondyblog.fr\/LBB\/recits-dun-squat-lyonnais-politique-et-social-partie-i-la-cabine\/\"},\"author\":{\"name\":\"Marta Sobkow\",\"@id\":\"https:\/\/lyonbondyblog.fr\/LBB\/#\/schema\/person\/9efc8c9c076ca7f5b507c3fcb0ec7d5f\"},\"headline\":\"R\u00e9cits d&rsquo;un squat lyonnais politique et social. Partie I : la Cabine\",\"datePublished\":\"2018-07-31T13:15:42+00:00\",\"dateModified\":\"2018-07-31T22:13:32+00:00\",\"mainEntityOfPage\":{\"@id\":\"https:\/\/lyonbondyblog.fr\/LBB\/recits-dun-squat-lyonnais-politique-et-social-partie-i-la-cabine\/\"},\"wordCount\":2137,\"commentCount\":0,\"publisher\":{\"@id\":\"https:\/\/lyonbondyblog.fr\/LBB\/#organization\"},\"image\":{\"@id\":\"https:\/\/lyonbondyblog.fr\/LBB\/recits-dun-squat-lyonnais-politique-et-social-partie-i-la-cabine\/#primaryimage\"},\"thumbnailUrl\":\"https:\/\/lyonbondyblog.fr\/LBB\/wp-content\/uploads\/2018\/07\/IMG_0786.jpg\",\"articleSection\":[\"Lyon\",\"Politique\",\"Soci\u00e9t\u00e9\"],\"inLanguage\":\"fr-FR\",\"potentialAction\":[{\"@type\":\"CommentAction\",\"name\":\"Comment\",\"target\":[\"https:\/\/lyonbondyblog.fr\/LBB\/recits-dun-squat-lyonnais-politique-et-social-partie-i-la-cabine\/#respond\"]}]},{\"@type\":\"WebPage\",\"@id\":\"https:\/\/lyonbondyblog.fr\/LBB\/recits-dun-squat-lyonnais-politique-et-social-partie-i-la-cabine\/\",\"url\":\"https:\/\/lyonbondyblog.fr\/LBB\/recits-dun-squat-lyonnais-politique-et-social-partie-i-la-cabine\/\",\"name\":\"R\u00e9cits d'un squat lyonnais politique et social. Partie I : la Cabine - Lyon Bondy Blog\",\"isPartOf\":{\"@id\":\"https:\/\/lyonbondyblog.fr\/LBB\/#website\"},\"primaryImageOfPage\":{\"@id\":\"https:\/\/lyonbondyblog.fr\/LBB\/recits-dun-squat-lyonnais-politique-et-social-partie-i-la-cabine\/#primaryimage\"},\"image\":{\"@id\":\"https:\/\/lyonbondyblog.fr\/LBB\/recits-dun-squat-lyonnais-politique-et-social-partie-i-la-cabine\/#primaryimage\"},\"thumbnailUrl\":\"https:\/\/lyonbondyblog.fr\/LBB\/wp-content\/uploads\/2018\/07\/IMG_0786.jpg\",\"datePublished\":\"2018-07-31T13:15:42+00:00\",\"dateModified\":\"2018-07-31T22:13:32+00:00\",\"inLanguage\":\"fr-FR\",\"potentialAction\":[{\"@type\":\"ReadAction\",\"target\":[\"https:\/\/lyonbondyblog.fr\/LBB\/recits-dun-squat-lyonnais-politique-et-social-partie-i-la-cabine\/\"]}]},{\"@type\":\"ImageObject\",\"inLanguage\":\"fr-FR\",\"@id\":\"https:\/\/lyonbondyblog.fr\/LBB\/recits-dun-squat-lyonnais-politique-et-social-partie-i-la-cabine\/#primaryimage\",\"url\":\"https:\/\/lyonbondyblog.fr\/LBB\/wp-content\/uploads\/2018\/07\/IMG_0786.jpg\",\"contentUrl\":\"https:\/\/lyonbondyblog.fr\/LBB\/wp-content\/uploads\/2018\/07\/IMG_0786.jpg\",\"width\":\"4032\",\"height\":\"3024\"},{\"@type\":\"WebSite\",\"@id\":\"https:\/\/lyonbondyblog.fr\/LBB\/#website\",\"url\":\"https:\/\/lyonbondyblog.fr\/LBB\/\",\"name\":\"Lyon Bondy Blog\",\"description\":\"\",\"publisher\":{\"@id\":\"https:\/\/lyonbondyblog.fr\/LBB\/#organization\"},\"potentialAction\":[{\"@type\":\"SearchAction\",\"target\":{\"@type\":\"EntryPoint\",\"urlTemplate\":\"https:\/\/lyonbondyblog.fr\/LBB\/?s={search_term_string}\"},\"query-input\":\"required name=search_term_string\"}],\"inLanguage\":\"fr-FR\"},{\"@type\":\"Organization\",\"@id\":\"https:\/\/lyonbondyblog.fr\/LBB\/#organization\",\"name\":\"LYON BONDY BLOG\",\"url\":\"https:\/\/lyonbondyblog.fr\/LBB\/\",\"logo\":{\"@type\":\"ImageObject\",\"inLanguage\":\"fr-FR\",\"@id\":\"https:\/\/lyonbondyblog.fr\/LBB\/#\/schema\/logo\/image\/\",\"url\":\"http:\/\/lyonbondyblog.fr\/LBB\/wp-content\/uploads\/2014\/10\/logo-portable-144.png\",\"contentUrl\":\"http:\/\/lyonbondyblog.fr\/LBB\/wp-content\/uploads\/2014\/10\/logo-portable-144.png\",\"width\":144,\"height\":123,\"caption\":\"LYON BONDY BLOG\"},\"image\":{\"@id\":\"https:\/\/lyonbondyblog.fr\/LBB\/#\/schema\/logo\/image\/\"},\"sameAs\":[\"https:\/\/www.facebook.com\/lyonbondyblog\",\"https:\/\/x.com\/bondybloglyon\"]},{\"@type\":\"Person\",\"@id\":\"https:\/\/lyonbondyblog.fr\/LBB\/#\/schema\/person\/9efc8c9c076ca7f5b507c3fcb0ec7d5f\",\"name\":\"Marta Sobkow\",\"url\":\"https:\/\/lyonbondyblog.fr\/LBB\/author\/marthe-sobkow\/\"}]}<\/script>\n<!-- \/ Yoast SEO plugin. -->","yoast_head_json":{"title":"R\u00e9cits d'un squat lyonnais politique et social. Partie I : la Cabine - Lyon Bondy Blog","robots":{"index":"index","follow":"follow","max-snippet":"max-snippet:-1","max-image-preview":"max-image-preview:large","max-video-preview":"max-video-preview:-1"},"canonical":"https:\/\/lyonbondyblog.fr\/LBB\/recits-dun-squat-lyonnais-politique-et-social-partie-i-la-cabine\/","og_locale":"fr_FR","og_type":"article","og_title":"R\u00e9cits d'un squat lyonnais politique et social. Partie I : la Cabine - Lyon Bondy Blog","og_description":"La Cabine, puis la Cabane, \u00e9tait un b\u00e2timent occup\u00e9 par un squat, situ\u00e9 dans le 7\u00e8me arrondissement de Lyon. Connu pour ses soir\u00e9es, le lieu &hellip;","og_url":"https:\/\/lyonbondyblog.fr\/LBB\/recits-dun-squat-lyonnais-politique-et-social-partie-i-la-cabine\/","og_site_name":"Lyon Bondy Blog","article_publisher":"https:\/\/www.facebook.com\/lyonbondyblog","article_published_time":"2018-07-31T13:15:42+00:00","article_modified_time":"2018-07-31T22:13:32+00:00","og_image":[{"width":"1024","height":"768","url":"https:\/\/lyonbondyblog.fr\/LBB\/wp-content\/uploads\/2018\/07\/IMG_0786-1024x768.jpg","type":"image\/jpeg"}],"author":"Marta Sobkow","twitter_card":"summary_large_image","twitter_creator":"@bondybloglyon","twitter_site":"@bondybloglyon","schema":{"@context":"https:\/\/schema.org","@graph":[{"@type":"Article","@id":"https:\/\/lyonbondyblog.fr\/LBB\/recits-dun-squat-lyonnais-politique-et-social-partie-i-la-cabine\/#article","isPartOf":{"@id":"https:\/\/lyonbondyblog.fr\/LBB\/recits-dun-squat-lyonnais-politique-et-social-partie-i-la-cabine\/"},"author":{"name":"Marta Sobkow","@id":"https:\/\/lyonbondyblog.fr\/LBB\/#\/schema\/person\/9efc8c9c076ca7f5b507c3fcb0ec7d5f"},"headline":"R\u00e9cits d&rsquo;un squat lyonnais politique et social. Partie I : la Cabine","datePublished":"2018-07-31T13:15:42+00:00","dateModified":"2018-07-31T22:13:32+00:00","mainEntityOfPage":{"@id":"https:\/\/lyonbondyblog.fr\/LBB\/recits-dun-squat-lyonnais-politique-et-social-partie-i-la-cabine\/"},"wordCount":2137,"commentCount":0,"publisher":{"@id":"https:\/\/lyonbondyblog.fr\/LBB\/#organization"},"image":{"@id":"https:\/\/lyonbondyblog.fr\/LBB\/recits-dun-squat-lyonnais-politique-et-social-partie-i-la-cabine\/#primaryimage"},"thumbnailUrl":"https:\/\/lyonbondyblog.fr\/LBB\/wp-content\/uploads\/2018\/07\/IMG_0786.jpg","articleSection":["Lyon","Politique","Soci\u00e9t\u00e9"],"inLanguage":"fr-FR","potentialAction":[{"@type":"CommentAction","name":"Comment","target":["https:\/\/lyonbondyblog.fr\/LBB\/recits-dun-squat-lyonnais-politique-et-social-partie-i-la-cabine\/#respond"]}]},{"@type":"WebPage","@id":"https:\/\/lyonbondyblog.fr\/LBB\/recits-dun-squat-lyonnais-politique-et-social-partie-i-la-cabine\/","url":"https:\/\/lyonbondyblog.fr\/LBB\/recits-dun-squat-lyonnais-politique-et-social-partie-i-la-cabine\/","name":"R\u00e9cits d'un squat lyonnais politique et social. Partie I : la Cabine - Lyon Bondy Blog","isPartOf":{"@id":"https:\/\/lyonbondyblog.fr\/LBB\/#website"},"primaryImageOfPage":{"@id":"https:\/\/lyonbondyblog.fr\/LBB\/recits-dun-squat-lyonnais-politique-et-social-partie-i-la-cabine\/#primaryimage"},"image":{"@id":"https:\/\/lyonbondyblog.fr\/LBB\/recits-dun-squat-lyonnais-politique-et-social-partie-i-la-cabine\/#primaryimage"},"thumbnailUrl":"https:\/\/lyonbondyblog.fr\/LBB\/wp-content\/uploads\/2018\/07\/IMG_0786.jpg","datePublished":"2018-07-31T13:15:42+00:00","dateModified":"2018-07-31T22:13:32+00:00","inLanguage":"fr-FR","potentialAction":[{"@type":"ReadAction","target":["https:\/\/lyonbondyblog.fr\/LBB\/recits-dun-squat-lyonnais-politique-et-social-partie-i-la-cabine\/"]}]},{"@type":"ImageObject","inLanguage":"fr-FR","@id":"https:\/\/lyonbondyblog.fr\/LBB\/recits-dun-squat-lyonnais-politique-et-social-partie-i-la-cabine\/#primaryimage","url":"https:\/\/lyonbondyblog.fr\/LBB\/wp-content\/uploads\/2018\/07\/IMG_0786.jpg","contentUrl":"https:\/\/lyonbondyblog.fr\/LBB\/wp-content\/uploads\/2018\/07\/IMG_0786.jpg","width":"4032","height":"3024"},{"@type":"WebSite","@id":"https:\/\/lyonbondyblog.fr\/LBB\/#website","url":"https:\/\/lyonbondyblog.fr\/LBB\/","name":"Lyon Bondy Blog","description":"","publisher":{"@id":"https:\/\/lyonbondyblog.fr\/LBB\/#organization"},"potentialAction":[{"@type":"SearchAction","target":{"@type":"EntryPoint","urlTemplate":"https:\/\/lyonbondyblog.fr\/LBB\/?s={search_term_string}"},"query-input":"required name=search_term_string"}],"inLanguage":"fr-FR"},{"@type":"Organization","@id":"https:\/\/lyonbondyblog.fr\/LBB\/#organization","name":"LYON BONDY BLOG","url":"https:\/\/lyonbondyblog.fr\/LBB\/","logo":{"@type":"ImageObject","inLanguage":"fr-FR","@id":"https:\/\/lyonbondyblog.fr\/LBB\/#\/schema\/logo\/image\/","url":"http:\/\/lyonbondyblog.fr\/LBB\/wp-content\/uploads\/2014\/10\/logo-portable-144.png","contentUrl":"http:\/\/lyonbondyblog.fr\/LBB\/wp-content\/uploads\/2014\/10\/logo-portable-144.png","width":144,"height":123,"caption":"LYON BONDY BLOG"},"image":{"@id":"https:\/\/lyonbondyblog.fr\/LBB\/#\/schema\/logo\/image\/"},"sameAs":["https:\/\/www.facebook.com\/lyonbondyblog","https:\/\/x.com\/bondybloglyon"]},{"@type":"Person","@id":"https:\/\/lyonbondyblog.fr\/LBB\/#\/schema\/person\/9efc8c9c076ca7f5b507c3fcb0ec7d5f","name":"Marta Sobkow","url":"https:\/\/lyonbondyblog.fr\/LBB\/author\/marthe-sobkow\/"}]}},"_links":{"self":[{"href":"https:\/\/lyonbondyblog.fr\/LBB\/wp-json\/wp\/v2\/posts\/12926","targetHints":{"allow":["GET"]}}],"collection":[{"href":"https:\/\/lyonbondyblog.fr\/LBB\/wp-json\/wp\/v2\/posts"}],"about":[{"href":"https:\/\/lyonbondyblog.fr\/LBB\/wp-json\/wp\/v2\/types\/post"}],"author":[{"embeddable":true,"href":"https:\/\/lyonbondyblog.fr\/LBB\/wp-json\/wp\/v2\/users\/791"}],"replies":[{"embeddable":true,"href":"https:\/\/lyonbondyblog.fr\/LBB\/wp-json\/wp\/v2\/comments?post=12926"}],"version-history":[{"count":8,"href":"https:\/\/lyonbondyblog.fr\/LBB\/wp-json\/wp\/v2\/posts\/12926\/revisions"}],"predecessor-version":[{"id":13894,"href":"https:\/\/lyonbondyblog.fr\/LBB\/wp-json\/wp\/v2\/posts\/12926\/revisions\/13894"}],"wp:featuredmedia":[{"embeddable":true,"href":"https:\/\/lyonbondyblog.fr\/LBB\/wp-json\/wp\/v2\/media\/13881"}],"wp:attachment":[{"href":"https:\/\/lyonbondyblog.fr\/LBB\/wp-json\/wp\/v2\/media?parent=12926"}],"wp:term":[{"taxonomy":"category","embeddable":true,"href":"https:\/\/lyonbondyblog.fr\/LBB\/wp-json\/wp\/v2\/categories?post=12926"},{"taxonomy":"post_tag","embeddable":true,"href":"https:\/\/lyonbondyblog.fr\/LBB\/wp-json\/wp\/v2\/tags?post=12926"}],"curies":[{"name":"wp","href":"https:\/\/api.w.org\/{rel}","templated":true}]}}