{"id":12872,"date":"2018-04-03T09:16:28","date_gmt":"2018-04-03T07:16:28","guid":{"rendered":"http:\/\/lyonbondyblog.fr\/LBB\/?p=12872"},"modified":"2018-04-03T09:18:52","modified_gmt":"2018-04-03T07:18:52","slug":"les-femmes-derriere-les-barreaux","status":"publish","type":"post","link":"https:\/\/lyonbondyblog.fr\/LBB\/les-femmes-derriere-les-barreaux\/","title":{"rendered":"Les femmes derri\u00e8re les barreaux"},"content":{"rendered":"<p><em>L\u2019Observatoire international des prisons (OIP) de Lyon a organis\u00e9 en mars 2018 une conf\u00e9rence sur la r\u00e9alit\u00e9, peu connue, des femmes incarc\u00e9r\u00e9es. C\u2019est en compagnie de la sociologue Corinne Rostaing, la psychologue Magali Ravit et l\u2019avocate au barreau de Lyon Bettina Sacepe que la question de ces discriminations sp\u00e9cifiques a \u00e9t\u00e9 lanc\u00e9e \u00e0 la Marie du 1<sup>er<\/sup> arrondissement. Le LBB \u00e9tait pr\u00e9sent. Retour sur cet expos\u00e9 pour comprendre la situation des femmes d\u00e9tenues. <\/em><\/p>\n<p>&nbsp;<\/p>\n<p><a href=\"http:\/\/www.justice.gouv.fr\/prison-et-reinsertion-10036\/les-chiffres-clefs-10041\/statistiques-mensuelles-de-la-population-detenue-et-ecrouee-31234.html\" target=\"_blank\" rel=\"noopener\">Au 1<sup>er<\/sup> f\u00e9vrier 2018<\/a>, 80 893 d\u00e9tenu\u00b7es \u00e9taient recens\u00e9\u00b7es en France. Parmi e\u00b7lles\/ux, 2 776 sont des femmes, soit 3,8 %. M\u00eame si ce nombre a l\u00e9g\u00e8rement augment\u00e9 depuis 2014, elles y restent minoritaires.<\/p>\n<p>&nbsp;<\/p>\n<figure id=\"attachment_12873\" aria-describedby=\"caption-attachment-12873\" style=\"width: 775px\" class=\"wp-caption alignnone\"><img loading=\"lazy\" decoding=\"async\" class=\"wp-image-12873 size-full\" src=\"https:\/\/lyonbondyblog.fr\/LBB\/wp-content\/uploads\/2018\/04\/GRAPHIQUE-1-.png\" alt=\"\" width=\"775\" height=\"468\" srcset=\"https:\/\/lyonbondyblog.fr\/LBB\/wp-content\/uploads\/2018\/04\/GRAPHIQUE-1-.png 775w, https:\/\/lyonbondyblog.fr\/LBB\/wp-content\/uploads\/2018\/04\/GRAPHIQUE-1--300x181.png 300w, https:\/\/lyonbondyblog.fr\/LBB\/wp-content\/uploads\/2018\/04\/GRAPHIQUE-1--768x464.png 768w, https:\/\/lyonbondyblog.fr\/LBB\/wp-content\/uploads\/2018\/04\/GRAPHIQUE-1--600x362.png 600w\" sizes=\"auto, (max-width: 775px) 100vw, 775px\" \/><figcaption id=\"caption-attachment-12873\" class=\"wp-caption-text\">\u00a9ClaraDelormeau<\/figcaption><\/figure>\n<p>&nbsp;<\/p>\n<p>Cela induit des discriminations particuli\u00e8res. <em>\u00ab&nbsp;La prison est un lieu fait par les hommes, pour les hommes&nbsp;\u00bb<\/em>, commente Corinne Rostaing. D\u2019apr\u00e8s la <a href=\"http:\/\/www.justice.gouv.fr\/prison-et-reinsertion-10036\/les-personnes-prises-en-charge-10038\/les-femmes-detenues-10023.html\" target=\"_blank\" rel=\"noopener\">loi<\/a>, les seules r\u00e8gles sp\u00e9cifiques aux femmes en prisons sont li\u00e9es \u00e0 la non-mixit\u00e9. Les d\u00e9tenues sont regroup\u00e9es dans des \u00e9tablissements ou des quartiers distincts de ceux des hommes et sont surveill\u00e9es exclusivement par du personnel f\u00e9minin. Il existe \u00e9galement des dispositions pour prendre en charge les femmes enceintes et les m\u00e8res avec de jeunes enfants&nbsp;: des quartiers nurseries ou quartiers m\u00e8re-enfants, o\u00f9 elles peuvent garder leur nouveau-n\u00e9 jusqu\u2019\u00e0 ses 18 mois.&nbsp;<\/p>\n<p>Le quotidien carc\u00e9ral de ces femmes est pourtant diff\u00e9rent de ce qu\u2019annonce la loi, en t\u00e9moignent les trois intervenantes de la conf\u00e9rence-d\u00e9bat.<\/p>\n<p>&nbsp;<\/p>\n<h2>\u00c9loignement et rupture familiale<\/h2>\n<p>En France m\u00e9tropolitaine et d\u2019outre-mer, il y a <a href=\"http:\/\/www.justice.gouv.fr\/prison-et-reinsertion-10036\/les-chiffres-clefs-10041\/\" target=\"_blank\" rel=\"noopener\">188 \u00e9tablissements p\u00e9nitentiaires<\/a>. Seulement deux prisons sont enti\u00e8rement r\u00e9serv\u00e9es aux femmes&nbsp;: le centre p\u00e9nitentiaire de Rennes et la maison d\u2019arr\u00eat de Versailles. 56 prisons pour hommes disposent de \u00ab&nbsp;quartiers femmes&nbsp;\u00bb. Cela fait un total de 2 458 places, pour 2 265 d\u00e9tenues.<\/p>\n<p>Ces chiffres peuvent laisser croire que les femmes ne sont donc pas concern\u00e9es par la surpopulation carc\u00e9rale. Ce n\u2019est pourtant pas le cas. \u00c0 cause du faible nombre de places qui leur est r\u00e9serv\u00e9, les \u00e9tablissements sont fortement \u00e9loign\u00e9s les uns des autres et donc souvent du domicile des d\u00e9tenues. Cette <a href=\"https:\/\/oip.org\/en-bref\/quelles-sont-les-conditions-de-detention-des-femmes\/\">mal-r\u00e9partition<\/a> engendre une surpopulation malgr\u00e9 les places disponibles. C\u2019est notamment le cas \u00e0 N\u00eemes (10 d\u00e9tenues pour 5 places) et \u00e0 Toulouse-Seysses (74 d\u00e9tenues pour 40 places), mais aussi \u00e0 Bordeaux, Perpignan, ou encore Strasbourg.<\/p>\n<p>Au-del\u00e0 de cette surpopulation, l\u2019\u00e9clatement spatial des prisons accessibles aux femmes sur le territoire complexifie le maintien des liens familiaux et sociaux. Six prisons en France peuvent accueillir des femmes condamn\u00e9es \u00e0 de longues peines. Cinq sont dans la moiti\u00e9 nord du pays.<\/p>\n<p>&nbsp;<\/p>\n<p><a href=\"https:\/\/lyonbondyblog.fr\/LBB\/wp-content\/uploads\/2018\/04\/Carte_quartiers_femmes_02_2016.pdf\" target=\"_blank\" rel=\"noopener\">CARTE DES \u00c9TABLISSEMENTS (\u00a9Minist\u00e8re de la justice, Justice.gouv.fr)<\/a><\/p>\n<p>&nbsp;<\/p>\n<p>Bettina Sacepe parle alors d\u2019&nbsp;<em>\u00ab&nbsp;\u00e9loignement financier&nbsp;\u00bb<\/em>. Plus la prison est \u00e9loign\u00e9e du domicile, plus il est co\u00fbteux pour la famille de venir en visite. <em>\u00ab&nbsp;Elles sortent de prison comme elles sont entr\u00e9es&nbsp;: seules&nbsp;\u00bb<\/em>, termine l\u2019avocate au barreau de Lyon. La souffrance de l\u2019isolement est une des principales pr\u00e9occupations de <a href=\"https:\/\/oip.org\/\">l\u2019Observatoire international des prisons<\/a> (OIP). Pour Magali Ravit, <em>\u00ab&nbsp;la prison devrait rester une privation de libert\u00e9&nbsp;\u00bb<\/em> et non une rupture familiale ou sociale.<\/p>\n<p>&nbsp;<\/p>\n<h2>Le corps des femmes emprisonn\u00e9, marqu\u00e9 et traumatis\u00e9<\/h2>\n<p>Lors de la conf\u00e9rence, Magali Ravit raconte une anecdote \u00e0 l\u2019apparence anodine. En d\u00e9tention, les teintures de cheveux sont interdites. Ainsi, lorsqu\u2019une d\u00e9tenue re\u00e7oit la visite de sa famille et de ses enfants, son apparence n\u2019est plus la m\u00eame<span style=\"text-decoration: line-through;\">,<\/span> car les racines repoussent, la couleur change. Cela peut choquer les proches et accentuer l\u2019\u00e9loignement. Pour la d\u00e9tenue, il s\u2019agit d\u2019une situation de honte. Selon la psychologue, la prison est un lieu o\u00f9 le plaisir est banni et devient m\u00eame subversif.<\/p>\n<p>La prison \u00e9tant un lieu fait par des hommes pour des hommes, le pouvoir de s\u00e9duction f\u00e9minin est per\u00e7u comme une arme. En les privant les femmes d\u2019une part de leur identit\u00e9 construite autour de la f\u00e9minit\u00e9 et du plaisir, on les prive finalement de leur dignit\u00e9&nbsp;: il est impossible d\u2019entretenir l\u2019image que la soci\u00e9t\u00e9 attend d\u2019une femme.<\/p>\n<p>Magali Ravit parle de <em>\u00ab&nbsp;peine traumatique&nbsp;\u00bb<\/em>. Le corps est marqu\u00e9, traumatis\u00e9, par la d\u00e9tention. \u00c0 la sortie, les d\u00e9tenues doivent retrouver une identit\u00e9 citoyenne, sexuelle et sexu\u00e9e dans une soci\u00e9t\u00e9 h\u00e9t\u00e9ro-normative&nbsp;; une identit\u00e9 qui a \u00e9t\u00e9 ignor\u00e9e pendant l\u2019incarc\u00e9ration. Pour les intervenantes, il est n\u00e9cessaire de respecter la dignit\u00e9 des femmes emprisonn\u00e9es. Cela commencerait par rendre la vie en prison moins artificielle, d\u2019en faire <em>\u00ab&nbsp;un espace de vie, pas de survie&nbsp;\u00bb<\/em>, d\u2019apr\u00e8s Bettina Sacepe. Pour elles, cela favoriserait notamment la r\u00e9insertion. Rendre la vie en prison moins artificielle pourrait passer, entre autres, par la mixit\u00e9 en milieu carc\u00e9ral. Les femmes ne pratiquent actuellement pas les m\u00eames m\u00e9tiers ni les m\u00eames activit\u00e9s que les hommes et ne fr\u00e9quentent que d\u2019autres femmes.<\/p>\n<p>&nbsp;<\/p>\n<p>Pour les d\u00e9tenues, le milieu carc\u00e9ral est rempli de paradoxes, entre maintien et suppression des st\u00e9r\u00e9otypes de genres.<\/p>\n<p>&nbsp;<\/p>\n<p>&nbsp;<\/p>\n<h4>Clara Delormeau<\/h4>\n<!-- AddThis Advanced Settings generic via filter on the_content --><!-- AddThis Share Buttons generic via filter on the_content -->","protected":false},"excerpt":{"rendered":"<p>L\u2019Observatoire international des prisons (OIP) de Lyon a organis\u00e9 en mars 2018 une conf\u00e9rence sur la r\u00e9alit\u00e9, peu connue, des femmes incarc\u00e9r\u00e9es. C\u2019est en compagnie &hellip; <!-- AddThis Advanced Settings generic via filter on wp_trim_excerpt --><!-- AddThis Share Buttons generic via filter on wp_trim_excerpt --><\/p>\n","protected":false},"author":1,"featured_media":12875,"comment_status":"open","ping_status":"open","sticky":false,"template":"","format":"standard","meta":{"_FSMCFIC_featured_image_caption":"","_FSMCFIC_featured_image_nocaption":"","_FSMCFIC_featured_image_hide":"","footnotes":""},"categories":[4,64,2],"tags":[],"class_list":["post-12872","post","type-post","status-publish","format-standard","has-post-thumbnail","hentry","category-lyon","category-prisons","category-societe"],"yoast_head":"<!-- This site is optimized with the Yoast SEO plugin v22.8 - https:\/\/yoast.com\/wordpress\/plugins\/seo\/ -->\n<title>Les femmes derri\u00e8re les barreaux - Lyon Bondy Blog<\/title>\n<meta name=\"robots\" content=\"index, follow, max-snippet:-1, max-image-preview:large, max-video-preview:-1\" \/>\n<link rel=\"canonical\" href=\"https:\/\/lyonbondyblog.fr\/LBB\/les-femmes-derriere-les-barreaux\/\" \/>\n<meta property=\"og:locale\" content=\"fr_FR\" \/>\n<meta property=\"og:type\" content=\"article\" \/>\n<meta property=\"og:title\" content=\"Les femmes derri\u00e8re les barreaux - Lyon Bondy Blog\" \/>\n<meta property=\"og:description\" content=\"L\u2019Observatoire international des prisons (OIP) de Lyon a organis\u00e9 en mars 2018 une conf\u00e9rence sur la r\u00e9alit\u00e9, peu connue, des femmes incarc\u00e9r\u00e9es. C\u2019est en compagnie &hellip;\" \/>\n<meta property=\"og:url\" content=\"https:\/\/lyonbondyblog.fr\/LBB\/les-femmes-derriere-les-barreaux\/\" \/>\n<meta property=\"og:site_name\" content=\"Lyon Bondy Blog\" \/>\n<meta property=\"article:publisher\" content=\"https:\/\/www.facebook.com\/lyonbondyblog\" \/>\n<meta property=\"article:author\" content=\"https:\/\/www.facebook.com\/lyonbondyblog\" \/>\n<meta property=\"article:published_time\" content=\"2018-04-03T07:16:28+00:00\" \/>\n<meta property=\"article:modified_time\" content=\"2018-04-03T07:18:52+00:00\" \/>\n<meta property=\"og:image\" content=\"https:\/\/lyonbondyblog.fr\/LBB\/wp-content\/uploads\/2018\/04\/prison-femme-1024x872.jpg\" \/>\n\t<meta property=\"og:image:width\" content=\"1024\" \/>\n\t<meta property=\"og:image:height\" content=\"872\" \/>\n\t<meta property=\"og:image:type\" content=\"image\/jpeg\" \/>\n<meta name=\"author\" content=\"La r\u00e9daction\" \/>\n<meta name=\"twitter:card\" content=\"summary_large_image\" \/>\n<meta name=\"twitter:creator\" content=\"@BondyBlogLyon\" \/>\n<meta name=\"twitter:site\" content=\"@bondybloglyon\" \/>\n<script type=\"application\/ld+json\" class=\"yoast-schema-graph\">{\"@context\":\"https:\/\/schema.org\",\"@graph\":[{\"@type\":\"Article\",\"@id\":\"https:\/\/lyonbondyblog.fr\/LBB\/les-femmes-derriere-les-barreaux\/#article\",\"isPartOf\":{\"@id\":\"https:\/\/lyonbondyblog.fr\/LBB\/les-femmes-derriere-les-barreaux\/\"},\"author\":{\"name\":\"La r\u00e9daction\",\"@id\":\"https:\/\/lyonbondyblog.fr\/LBB\/#\/schema\/person\/e45f8d27baac75072daa0be50c409b25\"},\"headline\":\"Les femmes derri\u00e8re les barreaux\",\"datePublished\":\"2018-04-03T07:16:28+00:00\",\"dateModified\":\"2018-04-03T07:18:52+00:00\",\"mainEntityOfPage\":{\"@id\":\"https:\/\/lyonbondyblog.fr\/LBB\/les-femmes-derriere-les-barreaux\/\"},\"wordCount\":908,\"commentCount\":1,\"publisher\":{\"@id\":\"https:\/\/lyonbondyblog.fr\/LBB\/#organization\"},\"image\":{\"@id\":\"https:\/\/lyonbondyblog.fr\/LBB\/les-femmes-derriere-les-barreaux\/#primaryimage\"},\"thumbnailUrl\":\"https:\/\/lyonbondyblog.fr\/LBB\/wp-content\/uploads\/2018\/04\/prison-femme.jpg\",\"articleSection\":[\"Lyon\",\"Prisons\",\"Soci\u00e9t\u00e9\"],\"inLanguage\":\"fr-FR\",\"potentialAction\":[{\"@type\":\"CommentAction\",\"name\":\"Comment\",\"target\":[\"https:\/\/lyonbondyblog.fr\/LBB\/les-femmes-derriere-les-barreaux\/#respond\"]}]},{\"@type\":\"WebPage\",\"@id\":\"https:\/\/lyonbondyblog.fr\/LBB\/les-femmes-derriere-les-barreaux\/\",\"url\":\"https:\/\/lyonbondyblog.fr\/LBB\/les-femmes-derriere-les-barreaux\/\",\"name\":\"Les femmes derri\u00e8re les barreaux - Lyon Bondy Blog\",\"isPartOf\":{\"@id\":\"https:\/\/lyonbondyblog.fr\/LBB\/#website\"},\"primaryImageOfPage\":{\"@id\":\"https:\/\/lyonbondyblog.fr\/LBB\/les-femmes-derriere-les-barreaux\/#primaryimage\"},\"image\":{\"@id\":\"https:\/\/lyonbondyblog.fr\/LBB\/les-femmes-derriere-les-barreaux\/#primaryimage\"},\"thumbnailUrl\":\"https:\/\/lyonbondyblog.fr\/LBB\/wp-content\/uploads\/2018\/04\/prison-femme.jpg\",\"datePublished\":\"2018-04-03T07:16:28+00:00\",\"dateModified\":\"2018-04-03T07:18:52+00:00\",\"inLanguage\":\"fr-FR\",\"potentialAction\":[{\"@type\":\"ReadAction\",\"target\":[\"https:\/\/lyonbondyblog.fr\/LBB\/les-femmes-derriere-les-barreaux\/\"]}]},{\"@type\":\"ImageObject\",\"inLanguage\":\"fr-FR\",\"@id\":\"https:\/\/lyonbondyblog.fr\/LBB\/les-femmes-derriere-les-barreaux\/#primaryimage\",\"url\":\"https:\/\/lyonbondyblog.fr\/LBB\/wp-content\/uploads\/2018\/04\/prison-femme.jpg\",\"contentUrl\":\"https:\/\/lyonbondyblog.fr\/LBB\/wp-content\/uploads\/2018\/04\/prison-femme.jpg\",\"width\":\"3371\",\"height\":\"2870\"},{\"@type\":\"WebSite\",\"@id\":\"https:\/\/lyonbondyblog.fr\/LBB\/#website\",\"url\":\"https:\/\/lyonbondyblog.fr\/LBB\/\",\"name\":\"Lyon Bondy Blog\",\"description\":\"\",\"publisher\":{\"@id\":\"https:\/\/lyonbondyblog.fr\/LBB\/#organization\"},\"potentialAction\":[{\"@type\":\"SearchAction\",\"target\":{\"@type\":\"EntryPoint\",\"urlTemplate\":\"https:\/\/lyonbondyblog.fr\/LBB\/?s={search_term_string}\"},\"query-input\":\"required name=search_term_string\"}],\"inLanguage\":\"fr-FR\"},{\"@type\":\"Organization\",\"@id\":\"https:\/\/lyonbondyblog.fr\/LBB\/#organization\",\"name\":\"LYON BONDY BLOG\",\"url\":\"https:\/\/lyonbondyblog.fr\/LBB\/\",\"logo\":{\"@type\":\"ImageObject\",\"inLanguage\":\"fr-FR\",\"@id\":\"https:\/\/lyonbondyblog.fr\/LBB\/#\/schema\/logo\/image\/\",\"url\":\"http:\/\/lyonbondyblog.fr\/LBB\/wp-content\/uploads\/2014\/10\/logo-portable-144.png\",\"contentUrl\":\"http:\/\/lyonbondyblog.fr\/LBB\/wp-content\/uploads\/2014\/10\/logo-portable-144.png\",\"width\":144,\"height\":123,\"caption\":\"LYON BONDY BLOG\"},\"image\":{\"@id\":\"https:\/\/lyonbondyblog.fr\/LBB\/#\/schema\/logo\/image\/\"},\"sameAs\":[\"https:\/\/www.facebook.com\/lyonbondyblog\",\"https:\/\/x.com\/bondybloglyon\"]},{\"@type\":\"Person\",\"@id\":\"https:\/\/lyonbondyblog.fr\/LBB\/#\/schema\/person\/e45f8d27baac75072daa0be50c409b25\",\"name\":\"La r\u00e9daction\",\"description\":\"Cr\u00e9e en 2008, la r\u00e9daction du Lyon Bondy Blog s'applique \u00e0 proposer une information locale diff\u00e9rente et compl\u00e9mentaire des m\u00e9dias traditionnels.\",\"sameAs\":[\"https:\/\/www.facebook.com\/lyonbondyblog\",\"https:\/\/x.com\/BondyBlogLyon\"],\"url\":\"https:\/\/lyonbondyblog.fr\/LBB\/author\/admin\/\"}]}<\/script>\n<!-- \/ Yoast SEO plugin. -->","yoast_head_json":{"title":"Les femmes derri\u00e8re les barreaux - Lyon Bondy Blog","robots":{"index":"index","follow":"follow","max-snippet":"max-snippet:-1","max-image-preview":"max-image-preview:large","max-video-preview":"max-video-preview:-1"},"canonical":"https:\/\/lyonbondyblog.fr\/LBB\/les-femmes-derriere-les-barreaux\/","og_locale":"fr_FR","og_type":"article","og_title":"Les femmes derri\u00e8re les barreaux - Lyon Bondy Blog","og_description":"L\u2019Observatoire international des prisons (OIP) de Lyon a organis\u00e9 en mars 2018 une conf\u00e9rence sur la r\u00e9alit\u00e9, peu connue, des femmes incarc\u00e9r\u00e9es. C\u2019est en compagnie &hellip;","og_url":"https:\/\/lyonbondyblog.fr\/LBB\/les-femmes-derriere-les-barreaux\/","og_site_name":"Lyon Bondy Blog","article_publisher":"https:\/\/www.facebook.com\/lyonbondyblog","article_author":"https:\/\/www.facebook.com\/lyonbondyblog","article_published_time":"2018-04-03T07:16:28+00:00","article_modified_time":"2018-04-03T07:18:52+00:00","og_image":[{"width":"1024","height":"872","url":"https:\/\/lyonbondyblog.fr\/LBB\/wp-content\/uploads\/2018\/04\/prison-femme-1024x872.jpg","type":"image\/jpeg"}],"author":"La r\u00e9daction","twitter_card":"summary_large_image","twitter_creator":"@BondyBlogLyon","twitter_site":"@bondybloglyon","schema":{"@context":"https:\/\/schema.org","@graph":[{"@type":"Article","@id":"https:\/\/lyonbondyblog.fr\/LBB\/les-femmes-derriere-les-barreaux\/#article","isPartOf":{"@id":"https:\/\/lyonbondyblog.fr\/LBB\/les-femmes-derriere-les-barreaux\/"},"author":{"name":"La r\u00e9daction","@id":"https:\/\/lyonbondyblog.fr\/LBB\/#\/schema\/person\/e45f8d27baac75072daa0be50c409b25"},"headline":"Les femmes derri\u00e8re les barreaux","datePublished":"2018-04-03T07:16:28+00:00","dateModified":"2018-04-03T07:18:52+00:00","mainEntityOfPage":{"@id":"https:\/\/lyonbondyblog.fr\/LBB\/les-femmes-derriere-les-barreaux\/"},"wordCount":908,"commentCount":1,"publisher":{"@id":"https:\/\/lyonbondyblog.fr\/LBB\/#organization"},"image":{"@id":"https:\/\/lyonbondyblog.fr\/LBB\/les-femmes-derriere-les-barreaux\/#primaryimage"},"thumbnailUrl":"https:\/\/lyonbondyblog.fr\/LBB\/wp-content\/uploads\/2018\/04\/prison-femme.jpg","articleSection":["Lyon","Prisons","Soci\u00e9t\u00e9"],"inLanguage":"fr-FR","potentialAction":[{"@type":"CommentAction","name":"Comment","target":["https:\/\/lyonbondyblog.fr\/LBB\/les-femmes-derriere-les-barreaux\/#respond"]}]},{"@type":"WebPage","@id":"https:\/\/lyonbondyblog.fr\/LBB\/les-femmes-derriere-les-barreaux\/","url":"https:\/\/lyonbondyblog.fr\/LBB\/les-femmes-derriere-les-barreaux\/","name":"Les femmes derri\u00e8re les barreaux - Lyon Bondy Blog","isPartOf":{"@id":"https:\/\/lyonbondyblog.fr\/LBB\/#website"},"primaryImageOfPage":{"@id":"https:\/\/lyonbondyblog.fr\/LBB\/les-femmes-derriere-les-barreaux\/#primaryimage"},"image":{"@id":"https:\/\/lyonbondyblog.fr\/LBB\/les-femmes-derriere-les-barreaux\/#primaryimage"},"thumbnailUrl":"https:\/\/lyonbondyblog.fr\/LBB\/wp-content\/uploads\/2018\/04\/prison-femme.jpg","datePublished":"2018-04-03T07:16:28+00:00","dateModified":"2018-04-03T07:18:52+00:00","inLanguage":"fr-FR","potentialAction":[{"@type":"ReadAction","target":["https:\/\/lyonbondyblog.fr\/LBB\/les-femmes-derriere-les-barreaux\/"]}]},{"@type":"ImageObject","inLanguage":"fr-FR","@id":"https:\/\/lyonbondyblog.fr\/LBB\/les-femmes-derriere-les-barreaux\/#primaryimage","url":"https:\/\/lyonbondyblog.fr\/LBB\/wp-content\/uploads\/2018\/04\/prison-femme.jpg","contentUrl":"https:\/\/lyonbondyblog.fr\/LBB\/wp-content\/uploads\/2018\/04\/prison-femme.jpg","width":"3371","height":"2870"},{"@type":"WebSite","@id":"https:\/\/lyonbondyblog.fr\/LBB\/#website","url":"https:\/\/lyonbondyblog.fr\/LBB\/","name":"Lyon Bondy Blog","description":"","publisher":{"@id":"https:\/\/lyonbondyblog.fr\/LBB\/#organization"},"potentialAction":[{"@type":"SearchAction","target":{"@type":"EntryPoint","urlTemplate":"https:\/\/lyonbondyblog.fr\/LBB\/?s={search_term_string}"},"query-input":"required name=search_term_string"}],"inLanguage":"fr-FR"},{"@type":"Organization","@id":"https:\/\/lyonbondyblog.fr\/LBB\/#organization","name":"LYON BONDY BLOG","url":"https:\/\/lyonbondyblog.fr\/LBB\/","logo":{"@type":"ImageObject","inLanguage":"fr-FR","@id":"https:\/\/lyonbondyblog.fr\/LBB\/#\/schema\/logo\/image\/","url":"http:\/\/lyonbondyblog.fr\/LBB\/wp-content\/uploads\/2014\/10\/logo-portable-144.png","contentUrl":"http:\/\/lyonbondyblog.fr\/LBB\/wp-content\/uploads\/2014\/10\/logo-portable-144.png","width":144,"height":123,"caption":"LYON BONDY BLOG"},"image":{"@id":"https:\/\/lyonbondyblog.fr\/LBB\/#\/schema\/logo\/image\/"},"sameAs":["https:\/\/www.facebook.com\/lyonbondyblog","https:\/\/x.com\/bondybloglyon"]},{"@type":"Person","@id":"https:\/\/lyonbondyblog.fr\/LBB\/#\/schema\/person\/e45f8d27baac75072daa0be50c409b25","name":"La r\u00e9daction","description":"Cr\u00e9e en 2008, la r\u00e9daction du Lyon Bondy Blog s'applique \u00e0 proposer une information locale diff\u00e9rente et compl\u00e9mentaire des m\u00e9dias traditionnels.","sameAs":["https:\/\/www.facebook.com\/lyonbondyblog","https:\/\/x.com\/BondyBlogLyon"],"url":"https:\/\/lyonbondyblog.fr\/LBB\/author\/admin\/"}]}},"_links":{"self":[{"href":"https:\/\/lyonbondyblog.fr\/LBB\/wp-json\/wp\/v2\/posts\/12872","targetHints":{"allow":["GET"]}}],"collection":[{"href":"https:\/\/lyonbondyblog.fr\/LBB\/wp-json\/wp\/v2\/posts"}],"about":[{"href":"https:\/\/lyonbondyblog.fr\/LBB\/wp-json\/wp\/v2\/types\/post"}],"author":[{"embeddable":true,"href":"https:\/\/lyonbondyblog.fr\/LBB\/wp-json\/wp\/v2\/users\/1"}],"replies":[{"embeddable":true,"href":"https:\/\/lyonbondyblog.fr\/LBB\/wp-json\/wp\/v2\/comments?post=12872"}],"version-history":[{"count":3,"href":"https:\/\/lyonbondyblog.fr\/LBB\/wp-json\/wp\/v2\/posts\/12872\/revisions"}],"predecessor-version":[{"id":12878,"href":"https:\/\/lyonbondyblog.fr\/LBB\/wp-json\/wp\/v2\/posts\/12872\/revisions\/12878"}],"wp:featuredmedia":[{"embeddable":true,"href":"https:\/\/lyonbondyblog.fr\/LBB\/wp-json\/wp\/v2\/media\/12875"}],"wp:attachment":[{"href":"https:\/\/lyonbondyblog.fr\/LBB\/wp-json\/wp\/v2\/media?parent=12872"}],"wp:term":[{"taxonomy":"category","embeddable":true,"href":"https:\/\/lyonbondyblog.fr\/LBB\/wp-json\/wp\/v2\/categories?post=12872"},{"taxonomy":"post_tag","embeddable":true,"href":"https:\/\/lyonbondyblog.fr\/LBB\/wp-json\/wp\/v2\/tags?post=12872"}],"curies":[{"name":"wp","href":"https:\/\/api.w.org\/{rel}","templated":true}]}}